{"id":26437,"date":"2026-01-27T15:48:30","date_gmt":"2026-01-27T18:48:30","guid":{"rendered":"https:\/\/diarioprincipios.com\/?p=26437"},"modified":"2026-01-27T15:50:24","modified_gmt":"2026-01-27T18:50:24","slug":"axel-kicillof-encabezo-entrega-de-escrituras-en-avellaneda","status":"publish","type":"post","link":"https:\/\/diarioprincipios.com\/index.php\/2026\/01\/27\/axel-kicillof-encabezo-entrega-de-escrituras-en-avellaneda\/","title":{"rendered":"Axel Kicillof encabez\u00f3 entrega de escrituras en Avellaneda"},"content":{"rendered":"\n<p>Adem\u00e1s, visitaron las \u201cEscuelas Abiertas en Verano\u201d en el Complejo DAR de Villa Dom\u00ednico.<\/p>\n\n\n\n<p>Esta ma\u00f1ana el intendente Jorge Ferraresi, junto a la jefa de Gabinete, Magdalena Sierra, recibi\u00f3 al gobernador de la Provincia, Axel Kicillof en Avellaneda.<\/p>\n\n\n\n<p>En primer lugar, las autoridades visitaron el Complejo DAR de Villa Dom\u00ednico donde se desarrollaban las Colonias Municipales y el programa provincial \u201cEscuelas Abiertas en Verano\u201d, destinado a chicas y chicos con propuestas recreativas, deporte y pileta.<\/p>\n\n\n\n<figure class=\"wp-block-image size-large\"><img loading=\"lazy\" decoding=\"async\" width=\"1024\" height=\"576\" src=\"https:\/\/diarioprincipios.com\/wp-content\/uploads\/2026\/01\/621816401_1438079881011409_2961948786808293740_n-1024x576.jpg\" alt=\"\" class=\"wp-image-26440\" srcset=\"https:\/\/diarioprincipios.com\/wp-content\/uploads\/2026\/01\/621816401_1438079881011409_2961948786808293740_n-1024x576.jpg 1024w, https:\/\/diarioprincipios.com\/wp-content\/uploads\/2026\/01\/621816401_1438079881011409_2961948786808293740_n-300x169.jpg 300w, https:\/\/diarioprincipios.com\/wp-content\/uploads\/2026\/01\/621816401_1438079881011409_2961948786808293740_n-768x432.jpg 768w, https:\/\/diarioprincipios.com\/wp-content\/uploads\/2026\/01\/621816401_1438079881011409_2961948786808293740_n-1536x864.jpg 1536w, https:\/\/diarioprincipios.com\/wp-content\/uploads\/2026\/01\/621816401_1438079881011409_2961948786808293740_n.jpg 1600w\" sizes=\"auto, (max-width: 1024px) 100vw, 1024px\" \/><\/figure>\n\n\n\n<p>Estuvieron acompa\u00f1ados por el ministro de Gobierno de la Provincia de Buenos Aires, Carlos Bianco; la directora General de Cultura y Educaci\u00f3n, Flavia Terigi; la diputada Provincial, Romina Barreiro; el dirigente Daniel Gollan; la secretaria de Educaci\u00f3n, Claudia Colaso; y de Deportes local, Sebastian Vidal.<\/p>\n\n\n\n<p>Luego, en el marco del programa \u201cMi Escritura, Mi Casa\u201d, Jorge Ferraresi y Axel Kicillof, junto a Magdalena Sierra y el ministro de Justicia y Derechos Humanos, Juan Mart\u00edn Mena; encabezaron la entrega de 697 escrituras en el Parque Multiprop\u00f3sito La Estaci\u00f3n.<\/p>\n\n\n\n<p>Durante el acto, Jorge Ferraresi destac\u00f3 que el acceso a la escritura es prioridad para la gesti\u00f3n. Tambi\u00e9n subray\u00f3 la importancia de un Estado eficaz y del trabajo conjunto con la Provincia. \u201cTenemos que aspirar a construir un pa\u00eds donde nuestros hijos tengan su propia casa. Tenemos que tener alguien en quien confiar, como Axel\u201d, dijo Ferraresi y sigui\u00f3: \u201cVivimos retrocesos todos los d\u00edas y hay que ponerle fin a eso\u201d.<\/p>\n\n\n\n<figure class=\"wp-block-image size-large\"><img loading=\"lazy\" decoding=\"async\" width=\"1024\" height=\"682\" src=\"https:\/\/diarioprincipios.com\/wp-content\/uploads\/2026\/01\/WhatsApp-Image-2026-01-27-at-13_16_53-1024x682.jpeg\" alt=\"\" class=\"wp-image-26441\" srcset=\"https:\/\/diarioprincipios.com\/wp-content\/uploads\/2026\/01\/WhatsApp-Image-2026-01-27-at-13_16_53-1024x682.jpeg 1024w, https:\/\/diarioprincipios.com\/wp-content\/uploads\/2026\/01\/WhatsApp-Image-2026-01-27-at-13_16_53-300x200.jpeg 300w, https:\/\/diarioprincipios.com\/wp-content\/uploads\/2026\/01\/WhatsApp-Image-2026-01-27-at-13_16_53-768x512.jpeg 768w, https:\/\/diarioprincipios.com\/wp-content\/uploads\/2026\/01\/WhatsApp-Image-2026-01-27-at-13_16_53-1536x1023.jpeg 1536w, https:\/\/diarioprincipios.com\/wp-content\/uploads\/2026\/01\/WhatsApp-Image-2026-01-27-at-13_16_53-820x545.jpeg 820w, https:\/\/diarioprincipios.com\/wp-content\/uploads\/2026\/01\/WhatsApp-Image-2026-01-27-at-13_16_53-600x400.jpeg 600w, https:\/\/diarioprincipios.com\/wp-content\/uploads\/2026\/01\/WhatsApp-Image-2026-01-27-at-13_16_53.jpeg 1600w\" sizes=\"auto, (max-width: 1024px) 100vw, 1024px\" \/><\/figure>\n\n\n\n<p>Por su parte, Kicillof se\u00f1al\u00f3 que \u201cen la Provincia y en Avellaneda hay libertad y justicia social\u201d. Sobre Ferraresi sostuvo que es \u201cun Intendente que se hace cargo\u201d.<\/p>\n\n\n\n<p>\u201cMientras el Gobierno nacional nos habla de una libertad que se restringe \u00fanicamente a quienes tienen un alto poder adquisitivo, para nosotros la libertad empieza cuando una familia tiene la tranquilidad de que su casa es definitivamente suya\u201d, dijo el Gobernador. Por otro lado, se\u00f1al\u00f3 que \u201clas vacaciones est\u00e1n dif\u00edciles en Argentina\u201d, de ah\u00ed la importancia que \u201clas escuelas de verano y las colonias sean gratuitas\u201d, para que todxs tengan la oportunidad de disfrutar.<\/p>\n\n\n\n<p>Asimismo, la Provincia hizo entrega de escrituras al Municipio. Y luego, junto al presidente del Banco Provincia, Juan Cuattromo, los funcionarios pusieron en funcionamiento un nuevo m\u00f3vil adquirido a trav\u00e9s del programa de leasing para fortalecer el \u00e1rea de zoonosis local con operativos de vacunaci\u00f3n, castraci\u00f3n y quir\u00f3fanos.<\/p>\n\n\n\n<p>En el acto estuvieron presentes la escribana General de Gobierno, Paula Sidoti; la subsecretaria de Educaci\u00f3n, Claudia Bracchi; el administrador General del Instituto de la Vivienda, Diego Men\u00e9ndez; el director de Educaci\u00f3n F\u00edsica, Leonardo Troncoso; el secretario de Seguridad Ciudadana, Alejo Chornobroff, y de Salud, Virginia Alga\u00f1araz, entre otros.<\/p>\n","protected":false},"excerpt":{"rendered":"<p>Adem\u00e1s, visitaron las \u201cEscuelas Abiertas en Verano\u201d en el Complejo DAR de Villa Dom\u00ednico. Esta ma\u00f1ana el intendente Jorge Ferraresi, junto a la jefa de Gabinete, Magdalena Sierra, recibi\u00f3 al gobernador de la Provincia, Axel Kicillof en Avellaneda. En primer lugar, las autoridades visitaron el Complejo DAR de Villa Dom\u00ednico donde se desarrollaban las Colonias&#8230;<\/p>\n","protected":false},"author":2,"featured_media":26438,"comment_status":"open","ping_status":"open","sticky":false,"template":"","format":"standard","meta":{"footnotes":""},"categories":[7,17],"tags":[],"class_list":["post-26437","post","type-post","status-publish","format-standard","has-post-thumbnail","hentry","category-provincia","category-zona-sur"],"featured_image_src":"https:\/\/diarioprincipios.com\/wp-content\/uploads\/2026\/01\/WhatsApp-Image-2026-01-27-at-13_16_58-1024x683.jpeg","blog_images":{"medium":"https:\/\/diarioprincipios.com\/wp-content\/uploads\/2026\/01\/WhatsApp-Image-2026-01-27-at-13_16_58-300x200.jpeg","large":"https:\/\/diarioprincipios.com\/wp-content\/uploads\/2026\/01\/WhatsApp-Image-2026-01-27-at-13_16_58-1024x683.jpeg"},"ams_acf":[],"yoast_head":"<!-- This site is optimized with the Yoast SEO plugin v27.3 - https:\/\/yoast.com\/product\/yoast-seo-wordpress\/ -->\n<title>Axel Kicillof encabez\u00f3 entrega de escrituras en Avellaneda - Principios<\/title>\n<meta name=\"robots\" content=\"index, follow, max-snippet:-1, max-image-preview:large, max-video-preview:-1\" \/>\n<link rel=\"canonical\" href=\"https:\/\/diarioprincipios.com\/index.php\/2026\/01\/27\/axel-kicillof-encabezo-entrega-de-escrituras-en-avellaneda\/\" \/>\n<meta property=\"og:locale\" content=\"es_ES\" \/>\n<meta property=\"og:type\" content=\"article\" \/>\n<meta property=\"og:title\" content=\"Axel Kicillof encabez\u00f3 entrega de escrituras en Avellaneda - Principios\" \/>\n<meta property=\"og:description\" content=\"Adem\u00e1s, visitaron las \u201cEscuelas Abiertas en Verano\u201d en el Complejo DAR de Villa Dom\u00ednico. Esta ma\u00f1ana el intendente Jorge Ferraresi, junto a la jefa de Gabinete, Magdalena Sierra, recibi\u00f3 al gobernador de la Provincia, Axel Kicillof en Avellaneda. En primer lugar, las autoridades visitaron el Complejo DAR de Villa Dom\u00ednico donde se desarrollaban las Colonias...\" \/>\n<meta property=\"og:url\" content=\"https:\/\/diarioprincipios.com\/index.php\/2026\/01\/27\/axel-kicillof-encabezo-entrega-de-escrituras-en-avellaneda\/\" \/>\n<meta property=\"og:site_name\" content=\"Principios\" \/>\n<meta property=\"article:published_time\" content=\"2026-01-27T18:48:30+00:00\" \/>\n<meta property=\"article:modified_time\" content=\"2026-01-27T18:50:24+00:00\" \/>\n<meta property=\"og:image\" content=\"https:\/\/diarioprincipios.com\/wp-content\/uploads\/2026\/01\/WhatsApp-Image-2026-01-27-at-13_16_58.jpeg\" \/>\n\t<meta property=\"og:image:width\" content=\"1600\" \/>\n\t<meta property=\"og:image:height\" content=\"1067\" \/>\n\t<meta property=\"og:image:type\" content=\"image\/jpeg\" \/>\n<meta name=\"author\" content=\"Hern\u00e1n L\u00f3pez\" \/>\n<meta name=\"twitter:card\" content=\"summary_large_image\" \/>\n<meta name=\"twitter:label1\" content=\"Escrito por\" \/>\n\t<meta name=\"twitter:data1\" content=\"Hern\u00e1n L\u00f3pez\" \/>\n\t<meta name=\"twitter:label2\" content=\"Tiempo de lectura\" \/>\n\t<meta name=\"twitter:data2\" content=\"3 minutos\" \/>\n<script type=\"application\/ld+json\" class=\"yoast-schema-graph\">{\"@context\":\"https:\\\/\\\/schema.org\",\"@graph\":[{\"@type\":\"Article\",\"@id\":\"https:\\\/\\\/diarioprincipios.com\\\/index.php\\\/2026\\\/01\\\/27\\\/axel-kicillof-encabezo-entrega-de-escrituras-en-avellaneda\\\/#article\",\"isPartOf\":{\"@id\":\"https:\\\/\\\/diarioprincipios.com\\\/index.php\\\/2026\\\/01\\\/27\\\/axel-kicillof-encabezo-entrega-de-escrituras-en-avellaneda\\\/\"},\"author\":{\"name\":\"Hern\u00e1n L\u00f3pez\",\"@id\":\"https:\\\/\\\/diarioprincipios.com\\\/#\\\/schema\\\/person\\\/436d5a1fd41a5e250e23ff5a6a7cb080\"},\"headline\":\"Axel Kicillof encabez\u00f3 entrega de escrituras en Avellaneda\",\"datePublished\":\"2026-01-27T18:48:30+00:00\",\"dateModified\":\"2026-01-27T18:50:24+00:00\",\"mainEntityOfPage\":{\"@id\":\"https:\\\/\\\/diarioprincipios.com\\\/index.php\\\/2026\\\/01\\\/27\\\/axel-kicillof-encabezo-entrega-de-escrituras-en-avellaneda\\\/\"},\"wordCount\":467,\"commentCount\":0,\"publisher\":{\"@id\":\"https:\\\/\\\/diarioprincipios.com\\\/#organization\"},\"image\":{\"@id\":\"https:\\\/\\\/diarioprincipios.com\\\/index.php\\\/2026\\\/01\\\/27\\\/axel-kicillof-encabezo-entrega-de-escrituras-en-avellaneda\\\/#primaryimage\"},\"thumbnailUrl\":\"https:\\\/\\\/diarioprincipios.com\\\/wp-content\\\/uploads\\\/2026\\\/01\\\/WhatsApp-Image-2026-01-27-at-13_16_58.jpeg\",\"articleSection\":[\"Provincia\",\"Zonar Sur\"],\"inLanguage\":\"es\",\"potentialAction\":[{\"@type\":\"CommentAction\",\"name\":\"Comment\",\"target\":[\"https:\\\/\\\/diarioprincipios.com\\\/index.php\\\/2026\\\/01\\\/27\\\/axel-kicillof-encabezo-entrega-de-escrituras-en-avellaneda\\\/#respond\"]}]},{\"@type\":\"WebPage\",\"@id\":\"https:\\\/\\\/diarioprincipios.com\\\/index.php\\\/2026\\\/01\\\/27\\\/axel-kicillof-encabezo-entrega-de-escrituras-en-avellaneda\\\/\",\"url\":\"https:\\\/\\\/diarioprincipios.com\\\/index.php\\\/2026\\\/01\\\/27\\\/axel-kicillof-encabezo-entrega-de-escrituras-en-avellaneda\\\/\",\"name\":\"Axel Kicillof encabez\u00f3 entrega de escrituras en Avellaneda - Principios\",\"isPartOf\":{\"@id\":\"https:\\\/\\\/diarioprincipios.com\\\/#website\"},\"primaryImageOfPage\":{\"@id\":\"https:\\\/\\\/diarioprincipios.com\\\/index.php\\\/2026\\\/01\\\/27\\\/axel-kicillof-encabezo-entrega-de-escrituras-en-avellaneda\\\/#primaryimage\"},\"image\":{\"@id\":\"https:\\\/\\\/diarioprincipios.com\\\/index.php\\\/2026\\\/01\\\/27\\\/axel-kicillof-encabezo-entrega-de-escrituras-en-avellaneda\\\/#primaryimage\"},\"thumbnailUrl\":\"https:\\\/\\\/diarioprincipios.com\\\/wp-content\\\/uploads\\\/2026\\\/01\\\/WhatsApp-Image-2026-01-27-at-13_16_58.jpeg\",\"datePublished\":\"2026-01-27T18:48:30+00:00\",\"dateModified\":\"2026-01-27T18:50:24+00:00\",\"breadcrumb\":{\"@id\":\"https:\\\/\\\/diarioprincipios.com\\\/index.php\\\/2026\\\/01\\\/27\\\/axel-kicillof-encabezo-entrega-de-escrituras-en-avellaneda\\\/#breadcrumb\"},\"inLanguage\":\"es\",\"potentialAction\":[{\"@type\":\"ReadAction\",\"target\":[\"https:\\\/\\\/diarioprincipios.com\\\/index.php\\\/2026\\\/01\\\/27\\\/axel-kicillof-encabezo-entrega-de-escrituras-en-avellaneda\\\/\"]}]},{\"@type\":\"ImageObject\",\"inLanguage\":\"es\",\"@id\":\"https:\\\/\\\/diarioprincipios.com\\\/index.php\\\/2026\\\/01\\\/27\\\/axel-kicillof-encabezo-entrega-de-escrituras-en-avellaneda\\\/#primaryimage\",\"url\":\"https:\\\/\\\/diarioprincipios.com\\\/wp-content\\\/uploads\\\/2026\\\/01\\\/WhatsApp-Image-2026-01-27-at-13_16_58.jpeg\",\"contentUrl\":\"https:\\\/\\\/diarioprincipios.com\\\/wp-content\\\/uploads\\\/2026\\\/01\\\/WhatsApp-Image-2026-01-27-at-13_16_58.jpeg\",\"width\":1600,\"height\":1067},{\"@type\":\"BreadcrumbList\",\"@id\":\"https:\\\/\\\/diarioprincipios.com\\\/index.php\\\/2026\\\/01\\\/27\\\/axel-kicillof-encabezo-entrega-de-escrituras-en-avellaneda\\\/#breadcrumb\",\"itemListElement\":[{\"@type\":\"ListItem\",\"position\":1,\"name\":\"Portada\",\"item\":\"https:\\\/\\\/diarioprincipios.com\\\/\"},{\"@type\":\"ListItem\",\"position\":2,\"name\":\"Axel Kicillof encabez\u00f3 entrega de escrituras en Avellaneda\"}]},{\"@type\":\"WebSite\",\"@id\":\"https:\\\/\\\/diarioprincipios.com\\\/#website\",\"url\":\"https:\\\/\\\/diarioprincipios.com\\\/\",\"name\":\"Principios\",\"description\":\"Principios Diario\",\"publisher\":{\"@id\":\"https:\\\/\\\/diarioprincipios.com\\\/#organization\"},\"potentialAction\":[{\"@type\":\"SearchAction\",\"target\":{\"@type\":\"EntryPoint\",\"urlTemplate\":\"https:\\\/\\\/diarioprincipios.com\\\/?s={search_term_string}\"},\"query-input\":{\"@type\":\"PropertyValueSpecification\",\"valueRequired\":true,\"valueName\":\"search_term_string\"}}],\"inLanguage\":\"es\"},{\"@type\":\"Organization\",\"@id\":\"https:\\\/\\\/diarioprincipios.com\\\/#organization\",\"name\":\"Principios\",\"url\":\"https:\\\/\\\/diarioprincipios.com\\\/\",\"logo\":{\"@type\":\"ImageObject\",\"inLanguage\":\"es\",\"@id\":\"https:\\\/\\\/diarioprincipios.com\\\/#\\\/schema\\\/logo\\\/image\\\/\",\"url\":\"https:\\\/\\\/diarioprincipios.com\\\/wp-content\\\/uploads\\\/2024\\\/04\\\/cropped-www.diarioprincipios.com_-1.png\",\"contentUrl\":\"https:\\\/\\\/diarioprincipios.com\\\/wp-content\\\/uploads\\\/2024\\\/04\\\/cropped-www.diarioprincipios.com_-1.png\",\"width\":5325,\"height\":1454,\"caption\":\"Principios\"},\"image\":{\"@id\":\"https:\\\/\\\/diarioprincipios.com\\\/#\\\/schema\\\/logo\\\/image\\\/\"}},{\"@type\":\"Person\",\"@id\":\"https:\\\/\\\/diarioprincipios.com\\\/#\\\/schema\\\/person\\\/436d5a1fd41a5e250e23ff5a6a7cb080\",\"name\":\"Hern\u00e1n L\u00f3pez\",\"image\":{\"@type\":\"ImageObject\",\"inLanguage\":\"es\",\"@id\":\"https:\\\/\\\/diarioprincipios.com\\\/wp-content\\\/litespeed\\\/avatar\\\/11ddfe5610ff3bd100522525b2571f48.jpg?ver=1777048341\",\"url\":\"https:\\\/\\\/diarioprincipios.com\\\/wp-content\\\/litespeed\\\/avatar\\\/11ddfe5610ff3bd100522525b2571f48.jpg?ver=1777048341\",\"contentUrl\":\"https:\\\/\\\/diarioprincipios.com\\\/wp-content\\\/litespeed\\\/avatar\\\/11ddfe5610ff3bd100522525b2571f48.jpg?ver=1777048341\",\"caption\":\"Hern\u00e1n L\u00f3pez\"},\"url\":\"https:\\\/\\\/diarioprincipios.com\\\/index.php\\\/author\\\/hernan\\\/\"}]}<\/script>\n<!-- \/ Yoast SEO plugin. -->","yoast_head_json":{"title":"Axel Kicillof encabez\u00f3 entrega de escrituras en Avellaneda - Principios","robots":{"index":"index","follow":"follow","max-snippet":"max-snippet:-1","max-image-preview":"max-image-preview:large","max-video-preview":"max-video-preview:-1"},"canonical":"https:\/\/diarioprincipios.com\/index.php\/2026\/01\/27\/axel-kicillof-encabezo-entrega-de-escrituras-en-avellaneda\/","og_locale":"es_ES","og_type":"article","og_title":"Axel Kicillof encabez\u00f3 entrega de escrituras en Avellaneda - Principios","og_description":"Adem\u00e1s, visitaron las \u201cEscuelas Abiertas en Verano\u201d en el Complejo DAR de Villa Dom\u00ednico. Esta ma\u00f1ana el intendente Jorge Ferraresi, junto a la jefa de Gabinete, Magdalena Sierra, recibi\u00f3 al gobernador de la Provincia, Axel Kicillof en Avellaneda. En primer lugar, las autoridades visitaron el Complejo DAR de Villa Dom\u00ednico donde se desarrollaban las Colonias...","og_url":"https:\/\/diarioprincipios.com\/index.php\/2026\/01\/27\/axel-kicillof-encabezo-entrega-de-escrituras-en-avellaneda\/","og_site_name":"Principios","article_published_time":"2026-01-27T18:48:30+00:00","article_modified_time":"2026-01-27T18:50:24+00:00","og_image":[{"width":1600,"height":1067,"url":"https:\/\/diarioprincipios.com\/wp-content\/uploads\/2026\/01\/WhatsApp-Image-2026-01-27-at-13_16_58.jpeg","type":"image\/jpeg"}],"author":"Hern\u00e1n L\u00f3pez","twitter_card":"summary_large_image","twitter_misc":{"Escrito por":"Hern\u00e1n L\u00f3pez","Tiempo de lectura":"3 minutos"},"schema":{"@context":"https:\/\/schema.org","@graph":[{"@type":"Article","@id":"https:\/\/diarioprincipios.com\/index.php\/2026\/01\/27\/axel-kicillof-encabezo-entrega-de-escrituras-en-avellaneda\/#article","isPartOf":{"@id":"https:\/\/diarioprincipios.com\/index.php\/2026\/01\/27\/axel-kicillof-encabezo-entrega-de-escrituras-en-avellaneda\/"},"author":{"name":"Hern\u00e1n L\u00f3pez","@id":"https:\/\/diarioprincipios.com\/#\/schema\/person\/436d5a1fd41a5e250e23ff5a6a7cb080"},"headline":"Axel Kicillof encabez\u00f3 entrega de escrituras en Avellaneda","datePublished":"2026-01-27T18:48:30+00:00","dateModified":"2026-01-27T18:50:24+00:00","mainEntityOfPage":{"@id":"https:\/\/diarioprincipios.com\/index.php\/2026\/01\/27\/axel-kicillof-encabezo-entrega-de-escrituras-en-avellaneda\/"},"wordCount":467,"commentCount":0,"publisher":{"@id":"https:\/\/diarioprincipios.com\/#organization"},"image":{"@id":"https:\/\/diarioprincipios.com\/index.php\/2026\/01\/27\/axel-kicillof-encabezo-entrega-de-escrituras-en-avellaneda\/#primaryimage"},"thumbnailUrl":"https:\/\/diarioprincipios.com\/wp-content\/uploads\/2026\/01\/WhatsApp-Image-2026-01-27-at-13_16_58.jpeg","articleSection":["Provincia","Zonar Sur"],"inLanguage":"es","potentialAction":[{"@type":"CommentAction","name":"Comment","target":["https:\/\/diarioprincipios.com\/index.php\/2026\/01\/27\/axel-kicillof-encabezo-entrega-de-escrituras-en-avellaneda\/#respond"]}]},{"@type":"WebPage","@id":"https:\/\/diarioprincipios.com\/index.php\/2026\/01\/27\/axel-kicillof-encabezo-entrega-de-escrituras-en-avellaneda\/","url":"https:\/\/diarioprincipios.com\/index.php\/2026\/01\/27\/axel-kicillof-encabezo-entrega-de-escrituras-en-avellaneda\/","name":"Axel Kicillof encabez\u00f3 entrega de escrituras en Avellaneda - Principios","isPartOf":{"@id":"https:\/\/diarioprincipios.com\/#website"},"primaryImageOfPage":{"@id":"https:\/\/diarioprincipios.com\/index.php\/2026\/01\/27\/axel-kicillof-encabezo-entrega-de-escrituras-en-avellaneda\/#primaryimage"},"image":{"@id":"https:\/\/diarioprincipios.com\/index.php\/2026\/01\/27\/axel-kicillof-encabezo-entrega-de-escrituras-en-avellaneda\/#primaryimage"},"thumbnailUrl":"https:\/\/diarioprincipios.com\/wp-content\/uploads\/2026\/01\/WhatsApp-Image-2026-01-27-at-13_16_58.jpeg","datePublished":"2026-01-27T18:48:30+00:00","dateModified":"2026-01-27T18:50:24+00:00","breadcrumb":{"@id":"https:\/\/diarioprincipios.com\/index.php\/2026\/01\/27\/axel-kicillof-encabezo-entrega-de-escrituras-en-avellaneda\/#breadcrumb"},"inLanguage":"es","potentialAction":[{"@type":"ReadAction","target":["https:\/\/diarioprincipios.com\/index.php\/2026\/01\/27\/axel-kicillof-encabezo-entrega-de-escrituras-en-avellaneda\/"]}]},{"@type":"ImageObject","inLanguage":"es","@id":"https:\/\/diarioprincipios.com\/index.php\/2026\/01\/27\/axel-kicillof-encabezo-entrega-de-escrituras-en-avellaneda\/#primaryimage","url":"https:\/\/diarioprincipios.com\/wp-content\/uploads\/2026\/01\/WhatsApp-Image-2026-01-27-at-13_16_58.jpeg","contentUrl":"https:\/\/diarioprincipios.com\/wp-content\/uploads\/2026\/01\/WhatsApp-Image-2026-01-27-at-13_16_58.jpeg","width":1600,"height":1067},{"@type":"BreadcrumbList","@id":"https:\/\/diarioprincipios.com\/index.php\/2026\/01\/27\/axel-kicillof-encabezo-entrega-de-escrituras-en-avellaneda\/#breadcrumb","itemListElement":[{"@type":"ListItem","position":1,"name":"Portada","item":"https:\/\/diarioprincipios.com\/"},{"@type":"ListItem","position":2,"name":"Axel Kicillof encabez\u00f3 entrega de escrituras en Avellaneda"}]},{"@type":"WebSite","@id":"https:\/\/diarioprincipios.com\/#website","url":"https:\/\/diarioprincipios.com\/","name":"Principios","description":"Principios Diario","publisher":{"@id":"https:\/\/diarioprincipios.com\/#organization"},"potentialAction":[{"@type":"SearchAction","target":{"@type":"EntryPoint","urlTemplate":"https:\/\/diarioprincipios.com\/?s={search_term_string}"},"query-input":{"@type":"PropertyValueSpecification","valueRequired":true,"valueName":"search_term_string"}}],"inLanguage":"es"},{"@type":"Organization","@id":"https:\/\/diarioprincipios.com\/#organization","name":"Principios","url":"https:\/\/diarioprincipios.com\/","logo":{"@type":"ImageObject","inLanguage":"es","@id":"https:\/\/diarioprincipios.com\/#\/schema\/logo\/image\/","url":"https:\/\/diarioprincipios.com\/wp-content\/uploads\/2024\/04\/cropped-www.diarioprincipios.com_-1.png","contentUrl":"https:\/\/diarioprincipios.com\/wp-content\/uploads\/2024\/04\/cropped-www.diarioprincipios.com_-1.png","width":5325,"height":1454,"caption":"Principios"},"image":{"@id":"https:\/\/diarioprincipios.com\/#\/schema\/logo\/image\/"}},{"@type":"Person","@id":"https:\/\/diarioprincipios.com\/#\/schema\/person\/436d5a1fd41a5e250e23ff5a6a7cb080","name":"Hern\u00e1n L\u00f3pez","image":{"@type":"ImageObject","inLanguage":"es","@id":"https:\/\/diarioprincipios.com\/wp-content\/litespeed\/avatar\/11ddfe5610ff3bd100522525b2571f48.jpg?ver=1777048341","url":"https:\/\/diarioprincipios.com\/wp-content\/litespeed\/avatar\/11ddfe5610ff3bd100522525b2571f48.jpg?ver=1777048341","contentUrl":"https:\/\/diarioprincipios.com\/wp-content\/litespeed\/avatar\/11ddfe5610ff3bd100522525b2571f48.jpg?ver=1777048341","caption":"Hern\u00e1n L\u00f3pez"},"url":"https:\/\/diarioprincipios.com\/index.php\/author\/hernan\/"}]}},"jetpack_featured_media_url":"https:\/\/diarioprincipios.com\/wp-content\/uploads\/2026\/01\/WhatsApp-Image-2026-01-27-at-13_16_58.jpeg","_links":{"self":[{"href":"https:\/\/diarioprincipios.com\/index.php\/wp-json\/wp\/v2\/posts\/26437","targetHints":{"allow":["GET"]}}],"collection":[{"href":"https:\/\/diarioprincipios.com\/index.php\/wp-json\/wp\/v2\/posts"}],"about":[{"href":"https:\/\/diarioprincipios.com\/index.php\/wp-json\/wp\/v2\/types\/post"}],"author":[{"embeddable":true,"href":"https:\/\/diarioprincipios.com\/index.php\/wp-json\/wp\/v2\/users\/2"}],"replies":[{"embeddable":true,"href":"https:\/\/diarioprincipios.com\/index.php\/wp-json\/wp\/v2\/comments?post=26437"}],"version-history":[{"count":2,"href":"https:\/\/diarioprincipios.com\/index.php\/wp-json\/wp\/v2\/posts\/26437\/revisions"}],"predecessor-version":[{"id":26443,"href":"https:\/\/diarioprincipios.com\/index.php\/wp-json\/wp\/v2\/posts\/26437\/revisions\/26443"}],"wp:featuredmedia":[{"embeddable":true,"href":"https:\/\/diarioprincipios.com\/index.php\/wp-json\/wp\/v2\/media\/26438"}],"wp:attachment":[{"href":"https:\/\/diarioprincipios.com\/index.php\/wp-json\/wp\/v2\/media?parent=26437"}],"wp:term":[{"taxonomy":"category","embeddable":true,"href":"https:\/\/diarioprincipios.com\/index.php\/wp-json\/wp\/v2\/categories?post=26437"},{"taxonomy":"post_tag","embeddable":true,"href":"https:\/\/diarioprincipios.com\/index.php\/wp-json\/wp\/v2\/tags?post=26437"}],"curies":[{"name":"wp","href":"https:\/\/api.w.org\/{rel}","templated":true}]}}