{"id":26432,"date":"2026-01-27T11:45:15","date_gmt":"2026-01-27T14:45:15","guid":{"rendered":"https:\/\/diarioprincipios.com\/?p=26432"},"modified":"2026-01-27T11:45:16","modified_gmt":"2026-01-27T14:45:16","slug":"continua-el-ciclo-de-verano-con-espectaculos-y-actividades-culturales-gratuitas","status":"publish","type":"post","link":"https:\/\/diarioprincipios.com\/index.php\/2026\/01\/27\/continua-el-ciclo-de-verano-con-espectaculos-y-actividades-culturales-gratuitas\/","title":{"rendered":"Contin\u00faa el Ciclo de Verano con espect\u00e1culos y actividades culturales gratuitas"},"content":{"rendered":"\n<p>Los vecinos y vecinas disfrutan de distintas propuestas del Ciclo de Verano 2026 que organiza la Municipalidad de Berazategui, a cargo del intendente Carlos Balor.<\/p>\n\n\n\n<p>Algunas de las actividades culturales gratuitas que se realizan en distintos puntos de la ciudad son jueves de cine, viernes de patios de tango y folclore, s\u00e1bados de festivales musicales y domingos de fiestas populares, entre otras.<\/p>\n\n\n\n<figure class=\"wp-block-image size-large\"><img loading=\"lazy\" decoding=\"async\" width=\"1024\" height=\"683\" src=\"https:\/\/diarioprincipios.com\/wp-content\/uploads\/2026\/01\/Continua-el-Ciclo-de-Verano-en-Berazategui-3-1-1024x683.jpg\" alt=\"\" class=\"wp-image-26434\" srcset=\"https:\/\/diarioprincipios.com\/wp-content\/uploads\/2026\/01\/Continua-el-Ciclo-de-Verano-en-Berazategui-3-1-1024x683.jpg 1024w, https:\/\/diarioprincipios.com\/wp-content\/uploads\/2026\/01\/Continua-el-Ciclo-de-Verano-en-Berazategui-3-1-300x200.jpg 300w, https:\/\/diarioprincipios.com\/wp-content\/uploads\/2026\/01\/Continua-el-Ciclo-de-Verano-en-Berazategui-3-1-768x512.jpg 768w, https:\/\/diarioprincipios.com\/wp-content\/uploads\/2026\/01\/Continua-el-Ciclo-de-Verano-en-Berazategui-3-1-1536x1024.jpg 1536w, https:\/\/diarioprincipios.com\/wp-content\/uploads\/2026\/01\/Continua-el-Ciclo-de-Verano-en-Berazategui-3-1-600x400.jpg 600w, https:\/\/diarioprincipios.com\/wp-content\/uploads\/2026\/01\/Continua-el-Ciclo-de-Verano-en-Berazategui-3-1.jpg 2048w\" sizes=\"auto, (max-width: 1024px) 100vw, 1024px\" \/><\/figure>\n\n\n\n<p>A continuaci\u00f3n, la agenda para los pr\u00f3ximos d\u00edas de enero:<\/p>\n\n\n\n<ul class=\"wp-block-list\">\n<li>Jueves 29: Cine en El Patio, a las 20.30: proyecci\u00f3n de \u00abBel\u00e9n\u00bb.<br>Complejo Cultural Municipal El Patio, calle 149 entre 15 y 15 A.<\/li>\n\n\n\n<li>Viernes 30: Patio de Tango y Folclore, a las 20.30. Centro Municipal de Actividades Roberto De Vicenzo, calle 148 y 18.<\/li>\n\n\n\n<li>S\u00e1bado 31: Taller \u201cAmuletos extraordinarios\u201d, a las 17.00.<br>Complejo Cultural Municipal La Casa de la Estaci\u00f3n, Av. Sabin entre 362 y 363.<\/li>\n\n\n\n<li>S\u00e1bado 31: Festival M\u00fasica del Mundo, a las 20.30. Complejo Cultural Municipal El Patio, calle 149 entre 15 y 15 A.<\/li>\n<\/ul>\n\n\n\n<figure class=\"wp-block-image size-large\"><img loading=\"lazy\" decoding=\"async\" width=\"1024\" height=\"683\" src=\"https:\/\/diarioprincipios.com\/wp-content\/uploads\/2026\/01\/Continua-el-Ciclo-de-Verano-en-Berazategui-4-1-1024x683.jpg\" alt=\"\" class=\"wp-image-26435\" srcset=\"https:\/\/diarioprincipios.com\/wp-content\/uploads\/2026\/01\/Continua-el-Ciclo-de-Verano-en-Berazategui-4-1-1024x683.jpg 1024w, https:\/\/diarioprincipios.com\/wp-content\/uploads\/2026\/01\/Continua-el-Ciclo-de-Verano-en-Berazategui-4-1-300x200.jpg 300w, https:\/\/diarioprincipios.com\/wp-content\/uploads\/2026\/01\/Continua-el-Ciclo-de-Verano-en-Berazategui-4-1-768x512.jpg 768w, https:\/\/diarioprincipios.com\/wp-content\/uploads\/2026\/01\/Continua-el-Ciclo-de-Verano-en-Berazategui-4-1-1536x1024.jpg 1536w, https:\/\/diarioprincipios.com\/wp-content\/uploads\/2026\/01\/Continua-el-Ciclo-de-Verano-en-Berazategui-4-1-600x400.jpg 600w, https:\/\/diarioprincipios.com\/wp-content\/uploads\/2026\/01\/Continua-el-Ciclo-de-Verano-en-Berazategui-4-1.jpg 1920w\" sizes=\"auto, (max-width: 1024px) 100vw, 1024px\" \/><\/figure>\n\n\n\n<p>La agenda completa est\u00e1 disponible en berazategui.gob.ar\/cultura.<\/p>\n","protected":false},"excerpt":{"rendered":"<p>Los vecinos y vecinas disfrutan de distintas propuestas del Ciclo de Verano 2026 que organiza la Municipalidad de Berazategui, a cargo del intendente Carlos Balor. Algunas de las actividades culturales gratuitas que se realizan en distintos puntos de la ciudad son jueves de cine, viernes de patios de tango y folclore, s\u00e1bados de festivales musicales&#8230;<\/p>\n","protected":false},"author":2,"featured_media":26433,"comment_status":"open","ping_status":"open","sticky":false,"template":"","format":"standard","meta":{"footnotes":""},"categories":[3],"tags":[],"class_list":["post-26432","post","type-post","status-publish","format-standard","has-post-thumbnail","hentry","category-berazategui"],"featured_image_src":"https:\/\/diarioprincipios.com\/wp-content\/uploads\/2026\/01\/Continua-el-Ciclo-de-Verano-en-Berazategui-2-1-1024x683.jpg","blog_images":{"medium":"https:\/\/diarioprincipios.com\/wp-content\/uploads\/2026\/01\/Continua-el-Ciclo-de-Verano-en-Berazategui-2-1-300x200.jpg","large":"https:\/\/diarioprincipios.com\/wp-content\/uploads\/2026\/01\/Continua-el-Ciclo-de-Verano-en-Berazategui-2-1-1024x683.jpg"},"ams_acf":[],"yoast_head":"<!-- This site is optimized with the Yoast SEO plugin v27.3 - https:\/\/yoast.com\/product\/yoast-seo-wordpress\/ -->\n<title>Contin\u00faa el Ciclo de Verano con espect\u00e1culos y actividades culturales gratuitas - Principios<\/title>\n<meta name=\"robots\" content=\"index, follow, max-snippet:-1, max-image-preview:large, max-video-preview:-1\" \/>\n<link rel=\"canonical\" href=\"https:\/\/diarioprincipios.com\/index.php\/2026\/01\/27\/continua-el-ciclo-de-verano-con-espectaculos-y-actividades-culturales-gratuitas\/\" \/>\n<meta property=\"og:locale\" content=\"es_ES\" \/>\n<meta property=\"og:type\" content=\"article\" \/>\n<meta property=\"og:title\" content=\"Contin\u00faa el Ciclo de Verano con espect\u00e1culos y actividades culturales gratuitas - Principios\" \/>\n<meta property=\"og:description\" content=\"Los vecinos y vecinas disfrutan de distintas propuestas del Ciclo de Verano 2026 que organiza la Municipalidad de Berazategui, a cargo del intendente Carlos Balor. Algunas de las actividades culturales gratuitas que se realizan en distintos puntos de la ciudad son jueves de cine, viernes de patios de tango y folclore, s\u00e1bados de festivales musicales...\" \/>\n<meta property=\"og:url\" content=\"https:\/\/diarioprincipios.com\/index.php\/2026\/01\/27\/continua-el-ciclo-de-verano-con-espectaculos-y-actividades-culturales-gratuitas\/\" \/>\n<meta property=\"og:site_name\" content=\"Principios\" \/>\n<meta property=\"article:published_time\" content=\"2026-01-27T14:45:15+00:00\" \/>\n<meta property=\"article:modified_time\" content=\"2026-01-27T14:45:16+00:00\" \/>\n<meta property=\"og:image\" content=\"https:\/\/diarioprincipios.com\/wp-content\/uploads\/2026\/01\/Continua-el-Ciclo-de-Verano-en-Berazategui-2-1.jpg\" \/>\n\t<meta property=\"og:image:width\" content=\"1920\" \/>\n\t<meta property=\"og:image:height\" content=\"1280\" \/>\n\t<meta property=\"og:image:type\" content=\"image\/jpeg\" \/>\n<meta name=\"author\" content=\"Hern\u00e1n L\u00f3pez\" \/>\n<meta name=\"twitter:card\" content=\"summary_large_image\" \/>\n<meta name=\"twitter:label1\" content=\"Escrito por\" \/>\n\t<meta name=\"twitter:data1\" content=\"Hern\u00e1n L\u00f3pez\" \/>\n\t<meta name=\"twitter:label2\" content=\"Tiempo de lectura\" \/>\n\t<meta name=\"twitter:data2\" content=\"2 minutos\" \/>\n<script type=\"application\/ld+json\" class=\"yoast-schema-graph\">{\"@context\":\"https:\\\/\\\/schema.org\",\"@graph\":[{\"@type\":\"Article\",\"@id\":\"https:\\\/\\\/diarioprincipios.com\\\/index.php\\\/2026\\\/01\\\/27\\\/continua-el-ciclo-de-verano-con-espectaculos-y-actividades-culturales-gratuitas\\\/#article\",\"isPartOf\":{\"@id\":\"https:\\\/\\\/diarioprincipios.com\\\/index.php\\\/2026\\\/01\\\/27\\\/continua-el-ciclo-de-verano-con-espectaculos-y-actividades-culturales-gratuitas\\\/\"},\"author\":{\"name\":\"Hern\u00e1n L\u00f3pez\",\"@id\":\"https:\\\/\\\/diarioprincipios.com\\\/#\\\/schema\\\/person\\\/436d5a1fd41a5e250e23ff5a6a7cb080\"},\"headline\":\"Contin\u00faa el Ciclo de Verano con espect\u00e1culos y actividades culturales gratuitas\",\"datePublished\":\"2026-01-27T14:45:15+00:00\",\"dateModified\":\"2026-01-27T14:45:16+00:00\",\"mainEntityOfPage\":{\"@id\":\"https:\\\/\\\/diarioprincipios.com\\\/index.php\\\/2026\\\/01\\\/27\\\/continua-el-ciclo-de-verano-con-espectaculos-y-actividades-culturales-gratuitas\\\/\"},\"wordCount\":174,\"commentCount\":0,\"publisher\":{\"@id\":\"https:\\\/\\\/diarioprincipios.com\\\/#organization\"},\"image\":{\"@id\":\"https:\\\/\\\/diarioprincipios.com\\\/index.php\\\/2026\\\/01\\\/27\\\/continua-el-ciclo-de-verano-con-espectaculos-y-actividades-culturales-gratuitas\\\/#primaryimage\"},\"thumbnailUrl\":\"https:\\\/\\\/diarioprincipios.com\\\/wp-content\\\/uploads\\\/2026\\\/01\\\/Continua-el-Ciclo-de-Verano-en-Berazategui-2-1.jpg\",\"articleSection\":[\"Berazategui\"],\"inLanguage\":\"es\",\"potentialAction\":[{\"@type\":\"CommentAction\",\"name\":\"Comment\",\"target\":[\"https:\\\/\\\/diarioprincipios.com\\\/index.php\\\/2026\\\/01\\\/27\\\/continua-el-ciclo-de-verano-con-espectaculos-y-actividades-culturales-gratuitas\\\/#respond\"]}]},{\"@type\":\"WebPage\",\"@id\":\"https:\\\/\\\/diarioprincipios.com\\\/index.php\\\/2026\\\/01\\\/27\\\/continua-el-ciclo-de-verano-con-espectaculos-y-actividades-culturales-gratuitas\\\/\",\"url\":\"https:\\\/\\\/diarioprincipios.com\\\/index.php\\\/2026\\\/01\\\/27\\\/continua-el-ciclo-de-verano-con-espectaculos-y-actividades-culturales-gratuitas\\\/\",\"name\":\"Contin\u00faa el Ciclo de Verano con espect\u00e1culos y actividades culturales gratuitas - Principios\",\"isPartOf\":{\"@id\":\"https:\\\/\\\/diarioprincipios.com\\\/#website\"},\"primaryImageOfPage\":{\"@id\":\"https:\\\/\\\/diarioprincipios.com\\\/index.php\\\/2026\\\/01\\\/27\\\/continua-el-ciclo-de-verano-con-espectaculos-y-actividades-culturales-gratuitas\\\/#primaryimage\"},\"image\":{\"@id\":\"https:\\\/\\\/diarioprincipios.com\\\/index.php\\\/2026\\\/01\\\/27\\\/continua-el-ciclo-de-verano-con-espectaculos-y-actividades-culturales-gratuitas\\\/#primaryimage\"},\"thumbnailUrl\":\"https:\\\/\\\/diarioprincipios.com\\\/wp-content\\\/uploads\\\/2026\\\/01\\\/Continua-el-Ciclo-de-Verano-en-Berazategui-2-1.jpg\",\"datePublished\":\"2026-01-27T14:45:15+00:00\",\"dateModified\":\"2026-01-27T14:45:16+00:00\",\"breadcrumb\":{\"@id\":\"https:\\\/\\\/diarioprincipios.com\\\/index.php\\\/2026\\\/01\\\/27\\\/continua-el-ciclo-de-verano-con-espectaculos-y-actividades-culturales-gratuitas\\\/#breadcrumb\"},\"inLanguage\":\"es\",\"potentialAction\":[{\"@type\":\"ReadAction\",\"target\":[\"https:\\\/\\\/diarioprincipios.com\\\/index.php\\\/2026\\\/01\\\/27\\\/continua-el-ciclo-de-verano-con-espectaculos-y-actividades-culturales-gratuitas\\\/\"]}]},{\"@type\":\"ImageObject\",\"inLanguage\":\"es\",\"@id\":\"https:\\\/\\\/diarioprincipios.com\\\/index.php\\\/2026\\\/01\\\/27\\\/continua-el-ciclo-de-verano-con-espectaculos-y-actividades-culturales-gratuitas\\\/#primaryimage\",\"url\":\"https:\\\/\\\/diarioprincipios.com\\\/wp-content\\\/uploads\\\/2026\\\/01\\\/Continua-el-Ciclo-de-Verano-en-Berazategui-2-1.jpg\",\"contentUrl\":\"https:\\\/\\\/diarioprincipios.com\\\/wp-content\\\/uploads\\\/2026\\\/01\\\/Continua-el-Ciclo-de-Verano-en-Berazategui-2-1.jpg\",\"width\":1920,\"height\":1280},{\"@type\":\"BreadcrumbList\",\"@id\":\"https:\\\/\\\/diarioprincipios.com\\\/index.php\\\/2026\\\/01\\\/27\\\/continua-el-ciclo-de-verano-con-espectaculos-y-actividades-culturales-gratuitas\\\/#breadcrumb\",\"itemListElement\":[{\"@type\":\"ListItem\",\"position\":1,\"name\":\"Portada\",\"item\":\"https:\\\/\\\/diarioprincipios.com\\\/\"},{\"@type\":\"ListItem\",\"position\":2,\"name\":\"Contin\u00faa el Ciclo de Verano con espect\u00e1culos y actividades culturales gratuitas\"}]},{\"@type\":\"WebSite\",\"@id\":\"https:\\\/\\\/diarioprincipios.com\\\/#website\",\"url\":\"https:\\\/\\\/diarioprincipios.com\\\/\",\"name\":\"Principios\",\"description\":\"Principios Diario\",\"publisher\":{\"@id\":\"https:\\\/\\\/diarioprincipios.com\\\/#organization\"},\"potentialAction\":[{\"@type\":\"SearchAction\",\"target\":{\"@type\":\"EntryPoint\",\"urlTemplate\":\"https:\\\/\\\/diarioprincipios.com\\\/?s={search_term_string}\"},\"query-input\":{\"@type\":\"PropertyValueSpecification\",\"valueRequired\":true,\"valueName\":\"search_term_string\"}}],\"inLanguage\":\"es\"},{\"@type\":\"Organization\",\"@id\":\"https:\\\/\\\/diarioprincipios.com\\\/#organization\",\"name\":\"Principios\",\"url\":\"https:\\\/\\\/diarioprincipios.com\\\/\",\"logo\":{\"@type\":\"ImageObject\",\"inLanguage\":\"es\",\"@id\":\"https:\\\/\\\/diarioprincipios.com\\\/#\\\/schema\\\/logo\\\/image\\\/\",\"url\":\"https:\\\/\\\/diarioprincipios.com\\\/wp-content\\\/uploads\\\/2024\\\/04\\\/cropped-www.diarioprincipios.com_-1.png\",\"contentUrl\":\"https:\\\/\\\/diarioprincipios.com\\\/wp-content\\\/uploads\\\/2024\\\/04\\\/cropped-www.diarioprincipios.com_-1.png\",\"width\":5325,\"height\":1454,\"caption\":\"Principios\"},\"image\":{\"@id\":\"https:\\\/\\\/diarioprincipios.com\\\/#\\\/schema\\\/logo\\\/image\\\/\"}},{\"@type\":\"Person\",\"@id\":\"https:\\\/\\\/diarioprincipios.com\\\/#\\\/schema\\\/person\\\/436d5a1fd41a5e250e23ff5a6a7cb080\",\"name\":\"Hern\u00e1n L\u00f3pez\",\"image\":{\"@type\":\"ImageObject\",\"inLanguage\":\"es\",\"@id\":\"https:\\\/\\\/diarioprincipios.com\\\/wp-content\\\/litespeed\\\/avatar\\\/11ddfe5610ff3bd100522525b2571f48.jpg?ver=1777048341\",\"url\":\"https:\\\/\\\/diarioprincipios.com\\\/wp-content\\\/litespeed\\\/avatar\\\/11ddfe5610ff3bd100522525b2571f48.jpg?ver=1777048341\",\"contentUrl\":\"https:\\\/\\\/diarioprincipios.com\\\/wp-content\\\/litespeed\\\/avatar\\\/11ddfe5610ff3bd100522525b2571f48.jpg?ver=1777048341\",\"caption\":\"Hern\u00e1n L\u00f3pez\"},\"url\":\"https:\\\/\\\/diarioprincipios.com\\\/index.php\\\/author\\\/hernan\\\/\"}]}<\/script>\n<!-- \/ Yoast SEO plugin. -->","yoast_head_json":{"title":"Contin\u00faa el Ciclo de Verano con espect\u00e1culos y actividades culturales gratuitas - Principios","robots":{"index":"index","follow":"follow","max-snippet":"max-snippet:-1","max-image-preview":"max-image-preview:large","max-video-preview":"max-video-preview:-1"},"canonical":"https:\/\/diarioprincipios.com\/index.php\/2026\/01\/27\/continua-el-ciclo-de-verano-con-espectaculos-y-actividades-culturales-gratuitas\/","og_locale":"es_ES","og_type":"article","og_title":"Contin\u00faa el Ciclo de Verano con espect\u00e1culos y actividades culturales gratuitas - Principios","og_description":"Los vecinos y vecinas disfrutan de distintas propuestas del Ciclo de Verano 2026 que organiza la Municipalidad de Berazategui, a cargo del intendente Carlos Balor. Algunas de las actividades culturales gratuitas que se realizan en distintos puntos de la ciudad son jueves de cine, viernes de patios de tango y folclore, s\u00e1bados de festivales musicales...","og_url":"https:\/\/diarioprincipios.com\/index.php\/2026\/01\/27\/continua-el-ciclo-de-verano-con-espectaculos-y-actividades-culturales-gratuitas\/","og_site_name":"Principios","article_published_time":"2026-01-27T14:45:15+00:00","article_modified_time":"2026-01-27T14:45:16+00:00","og_image":[{"width":1920,"height":1280,"url":"https:\/\/diarioprincipios.com\/wp-content\/uploads\/2026\/01\/Continua-el-Ciclo-de-Verano-en-Berazategui-2-1.jpg","type":"image\/jpeg"}],"author":"Hern\u00e1n L\u00f3pez","twitter_card":"summary_large_image","twitter_misc":{"Escrito por":"Hern\u00e1n L\u00f3pez","Tiempo de lectura":"2 minutos"},"schema":{"@context":"https:\/\/schema.org","@graph":[{"@type":"Article","@id":"https:\/\/diarioprincipios.com\/index.php\/2026\/01\/27\/continua-el-ciclo-de-verano-con-espectaculos-y-actividades-culturales-gratuitas\/#article","isPartOf":{"@id":"https:\/\/diarioprincipios.com\/index.php\/2026\/01\/27\/continua-el-ciclo-de-verano-con-espectaculos-y-actividades-culturales-gratuitas\/"},"author":{"name":"Hern\u00e1n L\u00f3pez","@id":"https:\/\/diarioprincipios.com\/#\/schema\/person\/436d5a1fd41a5e250e23ff5a6a7cb080"},"headline":"Contin\u00faa el Ciclo de Verano con espect\u00e1culos y actividades culturales gratuitas","datePublished":"2026-01-27T14:45:15+00:00","dateModified":"2026-01-27T14:45:16+00:00","mainEntityOfPage":{"@id":"https:\/\/diarioprincipios.com\/index.php\/2026\/01\/27\/continua-el-ciclo-de-verano-con-espectaculos-y-actividades-culturales-gratuitas\/"},"wordCount":174,"commentCount":0,"publisher":{"@id":"https:\/\/diarioprincipios.com\/#organization"},"image":{"@id":"https:\/\/diarioprincipios.com\/index.php\/2026\/01\/27\/continua-el-ciclo-de-verano-con-espectaculos-y-actividades-culturales-gratuitas\/#primaryimage"},"thumbnailUrl":"https:\/\/diarioprincipios.com\/wp-content\/uploads\/2026\/01\/Continua-el-Ciclo-de-Verano-en-Berazategui-2-1.jpg","articleSection":["Berazategui"],"inLanguage":"es","potentialAction":[{"@type":"CommentAction","name":"Comment","target":["https:\/\/diarioprincipios.com\/index.php\/2026\/01\/27\/continua-el-ciclo-de-verano-con-espectaculos-y-actividades-culturales-gratuitas\/#respond"]}]},{"@type":"WebPage","@id":"https:\/\/diarioprincipios.com\/index.php\/2026\/01\/27\/continua-el-ciclo-de-verano-con-espectaculos-y-actividades-culturales-gratuitas\/","url":"https:\/\/diarioprincipios.com\/index.php\/2026\/01\/27\/continua-el-ciclo-de-verano-con-espectaculos-y-actividades-culturales-gratuitas\/","name":"Contin\u00faa el Ciclo de Verano con espect\u00e1culos y actividades culturales gratuitas - Principios","isPartOf":{"@id":"https:\/\/diarioprincipios.com\/#website"},"primaryImageOfPage":{"@id":"https:\/\/diarioprincipios.com\/index.php\/2026\/01\/27\/continua-el-ciclo-de-verano-con-espectaculos-y-actividades-culturales-gratuitas\/#primaryimage"},"image":{"@id":"https:\/\/diarioprincipios.com\/index.php\/2026\/01\/27\/continua-el-ciclo-de-verano-con-espectaculos-y-actividades-culturales-gratuitas\/#primaryimage"},"thumbnailUrl":"https:\/\/diarioprincipios.com\/wp-content\/uploads\/2026\/01\/Continua-el-Ciclo-de-Verano-en-Berazategui-2-1.jpg","datePublished":"2026-01-27T14:45:15+00:00","dateModified":"2026-01-27T14:45:16+00:00","breadcrumb":{"@id":"https:\/\/diarioprincipios.com\/index.php\/2026\/01\/27\/continua-el-ciclo-de-verano-con-espectaculos-y-actividades-culturales-gratuitas\/#breadcrumb"},"inLanguage":"es","potentialAction":[{"@type":"ReadAction","target":["https:\/\/diarioprincipios.com\/index.php\/2026\/01\/27\/continua-el-ciclo-de-verano-con-espectaculos-y-actividades-culturales-gratuitas\/"]}]},{"@type":"ImageObject","inLanguage":"es","@id":"https:\/\/diarioprincipios.com\/index.php\/2026\/01\/27\/continua-el-ciclo-de-verano-con-espectaculos-y-actividades-culturales-gratuitas\/#primaryimage","url":"https:\/\/diarioprincipios.com\/wp-content\/uploads\/2026\/01\/Continua-el-Ciclo-de-Verano-en-Berazategui-2-1.jpg","contentUrl":"https:\/\/diarioprincipios.com\/wp-content\/uploads\/2026\/01\/Continua-el-Ciclo-de-Verano-en-Berazategui-2-1.jpg","width":1920,"height":1280},{"@type":"BreadcrumbList","@id":"https:\/\/diarioprincipios.com\/index.php\/2026\/01\/27\/continua-el-ciclo-de-verano-con-espectaculos-y-actividades-culturales-gratuitas\/#breadcrumb","itemListElement":[{"@type":"ListItem","position":1,"name":"Portada","item":"https:\/\/diarioprincipios.com\/"},{"@type":"ListItem","position":2,"name":"Contin\u00faa el Ciclo de Verano con espect\u00e1culos y actividades culturales gratuitas"}]},{"@type":"WebSite","@id":"https:\/\/diarioprincipios.com\/#website","url":"https:\/\/diarioprincipios.com\/","name":"Principios","description":"Principios Diario","publisher":{"@id":"https:\/\/diarioprincipios.com\/#organization"},"potentialAction":[{"@type":"SearchAction","target":{"@type":"EntryPoint","urlTemplate":"https:\/\/diarioprincipios.com\/?s={search_term_string}"},"query-input":{"@type":"PropertyValueSpecification","valueRequired":true,"valueName":"search_term_string"}}],"inLanguage":"es"},{"@type":"Organization","@id":"https:\/\/diarioprincipios.com\/#organization","name":"Principios","url":"https:\/\/diarioprincipios.com\/","logo":{"@type":"ImageObject","inLanguage":"es","@id":"https:\/\/diarioprincipios.com\/#\/schema\/logo\/image\/","url":"https:\/\/diarioprincipios.com\/wp-content\/uploads\/2024\/04\/cropped-www.diarioprincipios.com_-1.png","contentUrl":"https:\/\/diarioprincipios.com\/wp-content\/uploads\/2024\/04\/cropped-www.diarioprincipios.com_-1.png","width":5325,"height":1454,"caption":"Principios"},"image":{"@id":"https:\/\/diarioprincipios.com\/#\/schema\/logo\/image\/"}},{"@type":"Person","@id":"https:\/\/diarioprincipios.com\/#\/schema\/person\/436d5a1fd41a5e250e23ff5a6a7cb080","name":"Hern\u00e1n L\u00f3pez","image":{"@type":"ImageObject","inLanguage":"es","@id":"https:\/\/diarioprincipios.com\/wp-content\/litespeed\/avatar\/11ddfe5610ff3bd100522525b2571f48.jpg?ver=1777048341","url":"https:\/\/diarioprincipios.com\/wp-content\/litespeed\/avatar\/11ddfe5610ff3bd100522525b2571f48.jpg?ver=1777048341","contentUrl":"https:\/\/diarioprincipios.com\/wp-content\/litespeed\/avatar\/11ddfe5610ff3bd100522525b2571f48.jpg?ver=1777048341","caption":"Hern\u00e1n L\u00f3pez"},"url":"https:\/\/diarioprincipios.com\/index.php\/author\/hernan\/"}]}},"jetpack_featured_media_url":"https:\/\/diarioprincipios.com\/wp-content\/uploads\/2026\/01\/Continua-el-Ciclo-de-Verano-en-Berazategui-2-1.jpg","_links":{"self":[{"href":"https:\/\/diarioprincipios.com\/index.php\/wp-json\/wp\/v2\/posts\/26432","targetHints":{"allow":["GET"]}}],"collection":[{"href":"https:\/\/diarioprincipios.com\/index.php\/wp-json\/wp\/v2\/posts"}],"about":[{"href":"https:\/\/diarioprincipios.com\/index.php\/wp-json\/wp\/v2\/types\/post"}],"author":[{"embeddable":true,"href":"https:\/\/diarioprincipios.com\/index.php\/wp-json\/wp\/v2\/users\/2"}],"replies":[{"embeddable":true,"href":"https:\/\/diarioprincipios.com\/index.php\/wp-json\/wp\/v2\/comments?post=26432"}],"version-history":[{"count":1,"href":"https:\/\/diarioprincipios.com\/index.php\/wp-json\/wp\/v2\/posts\/26432\/revisions"}],"predecessor-version":[{"id":26436,"href":"https:\/\/diarioprincipios.com\/index.php\/wp-json\/wp\/v2\/posts\/26432\/revisions\/26436"}],"wp:featuredmedia":[{"embeddable":true,"href":"https:\/\/diarioprincipios.com\/index.php\/wp-json\/wp\/v2\/media\/26433"}],"wp:attachment":[{"href":"https:\/\/diarioprincipios.com\/index.php\/wp-json\/wp\/v2\/media?parent=26432"}],"wp:term":[{"taxonomy":"category","embeddable":true,"href":"https:\/\/diarioprincipios.com\/index.php\/wp-json\/wp\/v2\/categories?post=26432"},{"taxonomy":"post_tag","embeddable":true,"href":"https:\/\/diarioprincipios.com\/index.php\/wp-json\/wp\/v2\/tags?post=26432"}],"curies":[{"name":"wp","href":"https:\/\/api.w.org\/{rel}","templated":true}]}}