{"id":264,"date":"2020-03-10T14:22:18","date_gmt":"2020-03-10T14:22:18","guid":{"rendered":"http:\/\/diarioprincipios.com\/?p=264"},"modified":"2020-03-10T14:22:21","modified_gmt":"2020-03-10T14:22:21","slug":"juan-jose-mussi-visito-el-barrio-comandante-ramos","status":"publish","type":"post","link":"https:\/\/diarioprincipios.com\/index.php\/2020\/03\/10\/juan-jose-mussi-visito-el-barrio-comandante-ramos\/","title":{"rendered":"Juan Jos\u00e9 Mussi visit\u00f3 el Barrio Comandante Ramos"},"content":{"rendered":"\n<p><strong>El intendente de Berazategui, Juan Jos\u00e9 Mussi, se reuni\u00f3 con los integrantes de la Comisi\u00f3n directiva y de la subcomisi\u00f3n de Deportes de la Sociedad de Fomento Comandante Ramos, en su sede de 18 e\/ 129 A y Av. Vergara. All\u00ed, el jefe comunal convers\u00f3 sobre la situaci\u00f3n de la instituci\u00f3n y del barrio. Adem\u00e1s, entreg\u00f3 un subsidio para aportar al crecimiento de bien p\u00fablico en relaci\u00f3n al f\u00fatbol infantil.<\/strong><\/p>\n\n\n\n<p>En ese marco, el Dr. Mussi expres\u00f3: \u201cPara m\u00ed, venir a este barrio es especial, me trae muchos recuerdos porque es uno de los primeros que visit\u00e9 cuando era por primera vez candidato a Intendente\u201d.<\/p>\n\n\n\n<p>Sobre la ayuda econ\u00f3mica, Mussi subray\u00f3: \u201cEn los momentos dif\u00edciles hay que pensar en los m\u00e1s vulnerables que son los abuelos y los chicos, por eso les trajimos el subsidio para que puedan seguir haciendo cosas por el f\u00fatbol infantil\u201d.<\/p>\n\n\n\n<p>Por \u00faltimo, afirm\u00f3: \u201cValoramos mucho el trabajo que las instituciones hacen por los vecinos en los barrios. Estamos dispuestos a seguir ayudando, pero necesitamos que ustedes no aflojen y nos acompa\u00f1en. Unidos debemos continuar hacia adelante por Berazategui\u201d.&nbsp;<\/p>\n\n\n\n<p>En tanto, Nicol\u00e1s Rivero, delegado general del f\u00fatbol infantil de la Sociedad de Fomento Comandante Ramos, destac\u00f3: \u201cEl subsidio nos ayuda mucho porque estamos haciendo una tribuna nueva ya que al tener 120 ni\u00f1os y ni\u00f1as practicando, vienen muchos familiares y a veces nos queda chico el espacio\u201d.<\/p>\n\n\n\n<p>Estuvieron acompa\u00f1ando al Intendente, los secretarios de Desarrollo Social y Comunitario, Mar\u00eda Laura Lacava; de Organizaciones No Gubernamentales, Marcelo Benedetti; el subsecretario de Tr\u00e1nsito, Gustavo Gonz\u00e1lez; y los coordinadores de Alumbrado P\u00fablico, Sergio Faccenda; y de Servicios Sanitarios, Ricardo Giuglio.<\/p>\n\n\n\n<figure class=\"wp-block-image\"><img decoding=\"async\" src=\"https:\/\/ecp.yusercontent.com\/mail?url=https%3A%2F%2Fdocs.google.com%2Fuc%3Fexport%3Ddownload%26id%3D1LlE4DrwGC5XSdPioN0vKkrbP1V3SF6if%26revid%3D0ByTTxIP6k4ePVUVBYTNoYzF0RlZ1MzNkaGZKMmFDaGZ2aC9nPQ&amp;t=1583791533&amp;ymreqid=5799fcab-b43d-2794-22f7-6a0001010d00&amp;sig=Q2Rq0QxyFu.U9Zb4t1wdRA--~C\" alt=\"\"\/><\/figure>\n","protected":false},"excerpt":{"rendered":"<p>El intendente de Berazategui, Juan Jos\u00e9 Mussi, se reuni\u00f3 con los integrantes de la Comisi\u00f3n directiva y de la subcomisi\u00f3n de Deportes de la Sociedad de Fomento Comandante Ramos, en su sede de 18 e\/ 129 A y Av. Vergara. All\u00ed, el jefe comunal convers\u00f3 sobre la situaci\u00f3n de la instituci\u00f3n y del barrio. Adem\u00e1s,&#8230;<\/p>\n","protected":false},"author":2,"featured_media":265,"comment_status":"open","ping_status":"open","sticky":false,"template":"","format":"standard","meta":{"footnotes":""},"categories":[3],"tags":[],"class_list":["post-264","post","type-post","status-publish","format-standard","has-post-thumbnail","hentry","category-berazategui"],"featured_image_src":"https:\/\/diarioprincipios.com\/wp-content\/uploads\/2020\/03\/20200228_Reunion_SF_Comandante_Ramos_JD_09_4-1024x682.jpeg","blog_images":{"medium":"https:\/\/diarioprincipios.com\/wp-content\/uploads\/2020\/03\/20200228_Reunion_SF_Comandante_Ramos_JD_09_4-300x200.jpeg","large":"https:\/\/diarioprincipios.com\/wp-content\/uploads\/2020\/03\/20200228_Reunion_SF_Comandante_Ramos_JD_09_4-1024x682.jpeg"},"ams_acf":[],"yoast_head":"<!-- This site is optimized with the Yoast SEO plugin v27.3 - https:\/\/yoast.com\/product\/yoast-seo-wordpress\/ -->\n<title>Juan Jos\u00e9 Mussi visit\u00f3 el Barrio Comandante Ramos - Principios<\/title>\n<meta name=\"robots\" content=\"index, follow, max-snippet:-1, max-image-preview:large, max-video-preview:-1\" \/>\n<link rel=\"canonical\" href=\"https:\/\/diarioprincipios.com\/index.php\/2020\/03\/10\/juan-jose-mussi-visito-el-barrio-comandante-ramos\/\" \/>\n<meta property=\"og:locale\" content=\"es_ES\" \/>\n<meta property=\"og:type\" content=\"article\" \/>\n<meta property=\"og:title\" content=\"Juan Jos\u00e9 Mussi visit\u00f3 el Barrio Comandante Ramos - Principios\" \/>\n<meta property=\"og:description\" content=\"El intendente de Berazategui, Juan Jos\u00e9 Mussi, se reuni\u00f3 con los integrantes de la Comisi\u00f3n directiva y de la subcomisi\u00f3n de Deportes de la Sociedad de Fomento Comandante Ramos, en su sede de 18 e\/ 129 A y Av. Vergara. All\u00ed, el jefe comunal convers\u00f3 sobre la situaci\u00f3n de la instituci\u00f3n y del barrio. Adem\u00e1s,...\" \/>\n<meta property=\"og:url\" content=\"https:\/\/diarioprincipios.com\/index.php\/2020\/03\/10\/juan-jose-mussi-visito-el-barrio-comandante-ramos\/\" \/>\n<meta property=\"og:site_name\" content=\"Principios\" \/>\n<meta property=\"article:published_time\" content=\"2020-03-10T14:22:18+00:00\" \/>\n<meta property=\"article:modified_time\" content=\"2020-03-10T14:22:21+00:00\" \/>\n<meta property=\"og:image\" content=\"https:\/\/diarioprincipios.com\/wp-content\/uploads\/2020\/03\/20200228_Reunion_SF_Comandante_Ramos_JD_09_4.jpeg\" \/>\n\t<meta property=\"og:image:width\" content=\"1280\" \/>\n\t<meta property=\"og:image:height\" content=\"853\" \/>\n\t<meta property=\"og:image:type\" content=\"image\/jpeg\" \/>\n<meta name=\"author\" content=\"Hern\u00e1n L\u00f3pez\" \/>\n<meta name=\"twitter:card\" content=\"summary_large_image\" \/>\n<meta name=\"twitter:label1\" content=\"Escrito por\" \/>\n\t<meta name=\"twitter:data1\" content=\"Hern\u00e1n L\u00f3pez\" \/>\n\t<meta name=\"twitter:label2\" content=\"Tiempo de lectura\" \/>\n\t<meta name=\"twitter:data2\" content=\"1 minuto\" \/>\n<script type=\"application\/ld+json\" class=\"yoast-schema-graph\">{\"@context\":\"https:\\\/\\\/schema.org\",\"@graph\":[{\"@type\":\"Article\",\"@id\":\"https:\\\/\\\/diarioprincipios.com\\\/index.php\\\/2020\\\/03\\\/10\\\/juan-jose-mussi-visito-el-barrio-comandante-ramos\\\/#article\",\"isPartOf\":{\"@id\":\"https:\\\/\\\/diarioprincipios.com\\\/index.php\\\/2020\\\/03\\\/10\\\/juan-jose-mussi-visito-el-barrio-comandante-ramos\\\/\"},\"author\":{\"name\":\"Hern\u00e1n L\u00f3pez\",\"@id\":\"https:\\\/\\\/diarioprincipios.com\\\/#\\\/schema\\\/person\\\/436d5a1fd41a5e250e23ff5a6a7cb080\"},\"headline\":\"Juan Jos\u00e9 Mussi visit\u00f3 el Barrio Comandante Ramos\",\"datePublished\":\"2020-03-10T14:22:18+00:00\",\"dateModified\":\"2020-03-10T14:22:21+00:00\",\"mainEntityOfPage\":{\"@id\":\"https:\\\/\\\/diarioprincipios.com\\\/index.php\\\/2020\\\/03\\\/10\\\/juan-jose-mussi-visito-el-barrio-comandante-ramos\\\/\"},\"wordCount\":299,\"commentCount\":0,\"publisher\":{\"@id\":\"https:\\\/\\\/diarioprincipios.com\\\/#organization\"},\"image\":{\"@id\":\"https:\\\/\\\/diarioprincipios.com\\\/index.php\\\/2020\\\/03\\\/10\\\/juan-jose-mussi-visito-el-barrio-comandante-ramos\\\/#primaryimage\"},\"thumbnailUrl\":\"https:\\\/\\\/diarioprincipios.com\\\/wp-content\\\/uploads\\\/2020\\\/03\\\/20200228_Reunion_SF_Comandante_Ramos_JD_09_4.jpeg\",\"articleSection\":[\"Berazategui\"],\"inLanguage\":\"es\",\"potentialAction\":[{\"@type\":\"CommentAction\",\"name\":\"Comment\",\"target\":[\"https:\\\/\\\/diarioprincipios.com\\\/index.php\\\/2020\\\/03\\\/10\\\/juan-jose-mussi-visito-el-barrio-comandante-ramos\\\/#respond\"]}]},{\"@type\":\"WebPage\",\"@id\":\"https:\\\/\\\/diarioprincipios.com\\\/index.php\\\/2020\\\/03\\\/10\\\/juan-jose-mussi-visito-el-barrio-comandante-ramos\\\/\",\"url\":\"https:\\\/\\\/diarioprincipios.com\\\/index.php\\\/2020\\\/03\\\/10\\\/juan-jose-mussi-visito-el-barrio-comandante-ramos\\\/\",\"name\":\"Juan Jos\u00e9 Mussi visit\u00f3 el Barrio Comandante Ramos - Principios\",\"isPartOf\":{\"@id\":\"https:\\\/\\\/diarioprincipios.com\\\/#website\"},\"primaryImageOfPage\":{\"@id\":\"https:\\\/\\\/diarioprincipios.com\\\/index.php\\\/2020\\\/03\\\/10\\\/juan-jose-mussi-visito-el-barrio-comandante-ramos\\\/#primaryimage\"},\"image\":{\"@id\":\"https:\\\/\\\/diarioprincipios.com\\\/index.php\\\/2020\\\/03\\\/10\\\/juan-jose-mussi-visito-el-barrio-comandante-ramos\\\/#primaryimage\"},\"thumbnailUrl\":\"https:\\\/\\\/diarioprincipios.com\\\/wp-content\\\/uploads\\\/2020\\\/03\\\/20200228_Reunion_SF_Comandante_Ramos_JD_09_4.jpeg\",\"datePublished\":\"2020-03-10T14:22:18+00:00\",\"dateModified\":\"2020-03-10T14:22:21+00:00\",\"breadcrumb\":{\"@id\":\"https:\\\/\\\/diarioprincipios.com\\\/index.php\\\/2020\\\/03\\\/10\\\/juan-jose-mussi-visito-el-barrio-comandante-ramos\\\/#breadcrumb\"},\"inLanguage\":\"es\",\"potentialAction\":[{\"@type\":\"ReadAction\",\"target\":[\"https:\\\/\\\/diarioprincipios.com\\\/index.php\\\/2020\\\/03\\\/10\\\/juan-jose-mussi-visito-el-barrio-comandante-ramos\\\/\"]}]},{\"@type\":\"ImageObject\",\"inLanguage\":\"es\",\"@id\":\"https:\\\/\\\/diarioprincipios.com\\\/index.php\\\/2020\\\/03\\\/10\\\/juan-jose-mussi-visito-el-barrio-comandante-ramos\\\/#primaryimage\",\"url\":\"https:\\\/\\\/diarioprincipios.com\\\/wp-content\\\/uploads\\\/2020\\\/03\\\/20200228_Reunion_SF_Comandante_Ramos_JD_09_4.jpeg\",\"contentUrl\":\"https:\\\/\\\/diarioprincipios.com\\\/wp-content\\\/uploads\\\/2020\\\/03\\\/20200228_Reunion_SF_Comandante_Ramos_JD_09_4.jpeg\",\"width\":1280,\"height\":853},{\"@type\":\"BreadcrumbList\",\"@id\":\"https:\\\/\\\/diarioprincipios.com\\\/index.php\\\/2020\\\/03\\\/10\\\/juan-jose-mussi-visito-el-barrio-comandante-ramos\\\/#breadcrumb\",\"itemListElement\":[{\"@type\":\"ListItem\",\"position\":1,\"name\":\"Portada\",\"item\":\"https:\\\/\\\/diarioprincipios.com\\\/\"},{\"@type\":\"ListItem\",\"position\":2,\"name\":\"Juan Jos\u00e9 Mussi visit\u00f3 el Barrio Comandante Ramos\"}]},{\"@type\":\"WebSite\",\"@id\":\"https:\\\/\\\/diarioprincipios.com\\\/#website\",\"url\":\"https:\\\/\\\/diarioprincipios.com\\\/\",\"name\":\"Principios\",\"description\":\"Principios Diario\",\"publisher\":{\"@id\":\"https:\\\/\\\/diarioprincipios.com\\\/#organization\"},\"potentialAction\":[{\"@type\":\"SearchAction\",\"target\":{\"@type\":\"EntryPoint\",\"urlTemplate\":\"https:\\\/\\\/diarioprincipios.com\\\/?s={search_term_string}\"},\"query-input\":{\"@type\":\"PropertyValueSpecification\",\"valueRequired\":true,\"valueName\":\"search_term_string\"}}],\"inLanguage\":\"es\"},{\"@type\":\"Organization\",\"@id\":\"https:\\\/\\\/diarioprincipios.com\\\/#organization\",\"name\":\"Principios\",\"url\":\"https:\\\/\\\/diarioprincipios.com\\\/\",\"logo\":{\"@type\":\"ImageObject\",\"inLanguage\":\"es\",\"@id\":\"https:\\\/\\\/diarioprincipios.com\\\/#\\\/schema\\\/logo\\\/image\\\/\",\"url\":\"https:\\\/\\\/diarioprincipios.com\\\/wp-content\\\/uploads\\\/2024\\\/04\\\/cropped-www.diarioprincipios.com_-1.png\",\"contentUrl\":\"https:\\\/\\\/diarioprincipios.com\\\/wp-content\\\/uploads\\\/2024\\\/04\\\/cropped-www.diarioprincipios.com_-1.png\",\"width\":5325,\"height\":1454,\"caption\":\"Principios\"},\"image\":{\"@id\":\"https:\\\/\\\/diarioprincipios.com\\\/#\\\/schema\\\/logo\\\/image\\\/\"}},{\"@type\":\"Person\",\"@id\":\"https:\\\/\\\/diarioprincipios.com\\\/#\\\/schema\\\/person\\\/436d5a1fd41a5e250e23ff5a6a7cb080\",\"name\":\"Hern\u00e1n L\u00f3pez\",\"image\":{\"@type\":\"ImageObject\",\"inLanguage\":\"es\",\"@id\":\"https:\\\/\\\/diarioprincipios.com\\\/wp-content\\\/litespeed\\\/avatar\\\/11ddfe5610ff3bd100522525b2571f48.jpg?ver=1777048341\",\"url\":\"https:\\\/\\\/diarioprincipios.com\\\/wp-content\\\/litespeed\\\/avatar\\\/11ddfe5610ff3bd100522525b2571f48.jpg?ver=1777048341\",\"contentUrl\":\"https:\\\/\\\/diarioprincipios.com\\\/wp-content\\\/litespeed\\\/avatar\\\/11ddfe5610ff3bd100522525b2571f48.jpg?ver=1777048341\",\"caption\":\"Hern\u00e1n L\u00f3pez\"},\"url\":\"https:\\\/\\\/diarioprincipios.com\\\/index.php\\\/author\\\/hernan\\\/\"}]}<\/script>\n<!-- \/ Yoast SEO plugin. -->","yoast_head_json":{"title":"Juan Jos\u00e9 Mussi visit\u00f3 el Barrio Comandante Ramos - Principios","robots":{"index":"index","follow":"follow","max-snippet":"max-snippet:-1","max-image-preview":"max-image-preview:large","max-video-preview":"max-video-preview:-1"},"canonical":"https:\/\/diarioprincipios.com\/index.php\/2020\/03\/10\/juan-jose-mussi-visito-el-barrio-comandante-ramos\/","og_locale":"es_ES","og_type":"article","og_title":"Juan Jos\u00e9 Mussi visit\u00f3 el Barrio Comandante Ramos - Principios","og_description":"El intendente de Berazategui, Juan Jos\u00e9 Mussi, se reuni\u00f3 con los integrantes de la Comisi\u00f3n directiva y de la subcomisi\u00f3n de Deportes de la Sociedad de Fomento Comandante Ramos, en su sede de 18 e\/ 129 A y Av. Vergara. All\u00ed, el jefe comunal convers\u00f3 sobre la situaci\u00f3n de la instituci\u00f3n y del barrio. Adem\u00e1s,...","og_url":"https:\/\/diarioprincipios.com\/index.php\/2020\/03\/10\/juan-jose-mussi-visito-el-barrio-comandante-ramos\/","og_site_name":"Principios","article_published_time":"2020-03-10T14:22:18+00:00","article_modified_time":"2020-03-10T14:22:21+00:00","og_image":[{"width":1280,"height":853,"url":"https:\/\/diarioprincipios.com\/wp-content\/uploads\/2020\/03\/20200228_Reunion_SF_Comandante_Ramos_JD_09_4.jpeg","type":"image\/jpeg"}],"author":"Hern\u00e1n L\u00f3pez","twitter_card":"summary_large_image","twitter_misc":{"Escrito por":"Hern\u00e1n L\u00f3pez","Tiempo de lectura":"1 minuto"},"schema":{"@context":"https:\/\/schema.org","@graph":[{"@type":"Article","@id":"https:\/\/diarioprincipios.com\/index.php\/2020\/03\/10\/juan-jose-mussi-visito-el-barrio-comandante-ramos\/#article","isPartOf":{"@id":"https:\/\/diarioprincipios.com\/index.php\/2020\/03\/10\/juan-jose-mussi-visito-el-barrio-comandante-ramos\/"},"author":{"name":"Hern\u00e1n L\u00f3pez","@id":"https:\/\/diarioprincipios.com\/#\/schema\/person\/436d5a1fd41a5e250e23ff5a6a7cb080"},"headline":"Juan Jos\u00e9 Mussi visit\u00f3 el Barrio Comandante Ramos","datePublished":"2020-03-10T14:22:18+00:00","dateModified":"2020-03-10T14:22:21+00:00","mainEntityOfPage":{"@id":"https:\/\/diarioprincipios.com\/index.php\/2020\/03\/10\/juan-jose-mussi-visito-el-barrio-comandante-ramos\/"},"wordCount":299,"commentCount":0,"publisher":{"@id":"https:\/\/diarioprincipios.com\/#organization"},"image":{"@id":"https:\/\/diarioprincipios.com\/index.php\/2020\/03\/10\/juan-jose-mussi-visito-el-barrio-comandante-ramos\/#primaryimage"},"thumbnailUrl":"https:\/\/diarioprincipios.com\/wp-content\/uploads\/2020\/03\/20200228_Reunion_SF_Comandante_Ramos_JD_09_4.jpeg","articleSection":["Berazategui"],"inLanguage":"es","potentialAction":[{"@type":"CommentAction","name":"Comment","target":["https:\/\/diarioprincipios.com\/index.php\/2020\/03\/10\/juan-jose-mussi-visito-el-barrio-comandante-ramos\/#respond"]}]},{"@type":"WebPage","@id":"https:\/\/diarioprincipios.com\/index.php\/2020\/03\/10\/juan-jose-mussi-visito-el-barrio-comandante-ramos\/","url":"https:\/\/diarioprincipios.com\/index.php\/2020\/03\/10\/juan-jose-mussi-visito-el-barrio-comandante-ramos\/","name":"Juan Jos\u00e9 Mussi visit\u00f3 el Barrio Comandante Ramos - Principios","isPartOf":{"@id":"https:\/\/diarioprincipios.com\/#website"},"primaryImageOfPage":{"@id":"https:\/\/diarioprincipios.com\/index.php\/2020\/03\/10\/juan-jose-mussi-visito-el-barrio-comandante-ramos\/#primaryimage"},"image":{"@id":"https:\/\/diarioprincipios.com\/index.php\/2020\/03\/10\/juan-jose-mussi-visito-el-barrio-comandante-ramos\/#primaryimage"},"thumbnailUrl":"https:\/\/diarioprincipios.com\/wp-content\/uploads\/2020\/03\/20200228_Reunion_SF_Comandante_Ramos_JD_09_4.jpeg","datePublished":"2020-03-10T14:22:18+00:00","dateModified":"2020-03-10T14:22:21+00:00","breadcrumb":{"@id":"https:\/\/diarioprincipios.com\/index.php\/2020\/03\/10\/juan-jose-mussi-visito-el-barrio-comandante-ramos\/#breadcrumb"},"inLanguage":"es","potentialAction":[{"@type":"ReadAction","target":["https:\/\/diarioprincipios.com\/index.php\/2020\/03\/10\/juan-jose-mussi-visito-el-barrio-comandante-ramos\/"]}]},{"@type":"ImageObject","inLanguage":"es","@id":"https:\/\/diarioprincipios.com\/index.php\/2020\/03\/10\/juan-jose-mussi-visito-el-barrio-comandante-ramos\/#primaryimage","url":"https:\/\/diarioprincipios.com\/wp-content\/uploads\/2020\/03\/20200228_Reunion_SF_Comandante_Ramos_JD_09_4.jpeg","contentUrl":"https:\/\/diarioprincipios.com\/wp-content\/uploads\/2020\/03\/20200228_Reunion_SF_Comandante_Ramos_JD_09_4.jpeg","width":1280,"height":853},{"@type":"BreadcrumbList","@id":"https:\/\/diarioprincipios.com\/index.php\/2020\/03\/10\/juan-jose-mussi-visito-el-barrio-comandante-ramos\/#breadcrumb","itemListElement":[{"@type":"ListItem","position":1,"name":"Portada","item":"https:\/\/diarioprincipios.com\/"},{"@type":"ListItem","position":2,"name":"Juan Jos\u00e9 Mussi visit\u00f3 el Barrio Comandante Ramos"}]},{"@type":"WebSite","@id":"https:\/\/diarioprincipios.com\/#website","url":"https:\/\/diarioprincipios.com\/","name":"Principios","description":"Principios Diario","publisher":{"@id":"https:\/\/diarioprincipios.com\/#organization"},"potentialAction":[{"@type":"SearchAction","target":{"@type":"EntryPoint","urlTemplate":"https:\/\/diarioprincipios.com\/?s={search_term_string}"},"query-input":{"@type":"PropertyValueSpecification","valueRequired":true,"valueName":"search_term_string"}}],"inLanguage":"es"},{"@type":"Organization","@id":"https:\/\/diarioprincipios.com\/#organization","name":"Principios","url":"https:\/\/diarioprincipios.com\/","logo":{"@type":"ImageObject","inLanguage":"es","@id":"https:\/\/diarioprincipios.com\/#\/schema\/logo\/image\/","url":"https:\/\/diarioprincipios.com\/wp-content\/uploads\/2024\/04\/cropped-www.diarioprincipios.com_-1.png","contentUrl":"https:\/\/diarioprincipios.com\/wp-content\/uploads\/2024\/04\/cropped-www.diarioprincipios.com_-1.png","width":5325,"height":1454,"caption":"Principios"},"image":{"@id":"https:\/\/diarioprincipios.com\/#\/schema\/logo\/image\/"}},{"@type":"Person","@id":"https:\/\/diarioprincipios.com\/#\/schema\/person\/436d5a1fd41a5e250e23ff5a6a7cb080","name":"Hern\u00e1n L\u00f3pez","image":{"@type":"ImageObject","inLanguage":"es","@id":"https:\/\/diarioprincipios.com\/wp-content\/litespeed\/avatar\/11ddfe5610ff3bd100522525b2571f48.jpg?ver=1777048341","url":"https:\/\/diarioprincipios.com\/wp-content\/litespeed\/avatar\/11ddfe5610ff3bd100522525b2571f48.jpg?ver=1777048341","contentUrl":"https:\/\/diarioprincipios.com\/wp-content\/litespeed\/avatar\/11ddfe5610ff3bd100522525b2571f48.jpg?ver=1777048341","caption":"Hern\u00e1n L\u00f3pez"},"url":"https:\/\/diarioprincipios.com\/index.php\/author\/hernan\/"}]}},"jetpack_featured_media_url":"https:\/\/diarioprincipios.com\/wp-content\/uploads\/2020\/03\/20200228_Reunion_SF_Comandante_Ramos_JD_09_4.jpeg","_links":{"self":[{"href":"https:\/\/diarioprincipios.com\/index.php\/wp-json\/wp\/v2\/posts\/264","targetHints":{"allow":["GET"]}}],"collection":[{"href":"https:\/\/diarioprincipios.com\/index.php\/wp-json\/wp\/v2\/posts"}],"about":[{"href":"https:\/\/diarioprincipios.com\/index.php\/wp-json\/wp\/v2\/types\/post"}],"author":[{"embeddable":true,"href":"https:\/\/diarioprincipios.com\/index.php\/wp-json\/wp\/v2\/users\/2"}],"replies":[{"embeddable":true,"href":"https:\/\/diarioprincipios.com\/index.php\/wp-json\/wp\/v2\/comments?post=264"}],"version-history":[{"count":1,"href":"https:\/\/diarioprincipios.com\/index.php\/wp-json\/wp\/v2\/posts\/264\/revisions"}],"predecessor-version":[{"id":266,"href":"https:\/\/diarioprincipios.com\/index.php\/wp-json\/wp\/v2\/posts\/264\/revisions\/266"}],"wp:featuredmedia":[{"embeddable":true,"href":"https:\/\/diarioprincipios.com\/index.php\/wp-json\/wp\/v2\/media\/265"}],"wp:attachment":[{"href":"https:\/\/diarioprincipios.com\/index.php\/wp-json\/wp\/v2\/media?parent=264"}],"wp:term":[{"taxonomy":"category","embeddable":true,"href":"https:\/\/diarioprincipios.com\/index.php\/wp-json\/wp\/v2\/categories?post=264"},{"taxonomy":"post_tag","embeddable":true,"href":"https:\/\/diarioprincipios.com\/index.php\/wp-json\/wp\/v2\/tags?post=264"}],"curies":[{"name":"wp","href":"https:\/\/api.w.org\/{rel}","templated":true}]}}