{"id":26393,"date":"2026-01-20T11:23:00","date_gmt":"2026-01-20T14:23:00","guid":{"rendered":"https:\/\/diarioprincipios.com\/?p=26393"},"modified":"2026-01-20T11:23:01","modified_gmt":"2026-01-20T14:23:01","slug":"culmino-la-construccion-del-muro-perimetral-del-futuro-camping-del-stmb","status":"publish","type":"post","link":"https:\/\/diarioprincipios.com\/index.php\/2026\/01\/20\/culmino-la-construccion-del-muro-perimetral-del-futuro-camping-del-stmb\/","title":{"rendered":"Culmin\u00f3 la construcci\u00f3n del muro perimetral del futuro Camping del STMB"},"content":{"rendered":"\n<p>El Sindicato de Trabajadores Municipales de Berazategui, que conduce Gabriel Carril Campusano, inform\u00f3 que \u00abculmin\u00f3 la construcci\u00f3n del muro perimetral de nuestro futuro Camping ubicado en El Pato.<br>\u00abSe trata de una obra clave que permite delimitar y resguardar el predio, y que representa un nuevo hito en el avance de este proyecto tan esperado por nuestra organizaci\u00f3n, en la localidad de El Pato\u00bb, explic\u00f3 Campusano.<\/p>\n\n\n\n<figure class=\"wp-block-image size-large\"><img loading=\"lazy\" decoding=\"async\" width=\"1024\" height=\"1024\" src=\"https:\/\/diarioprincipios.com\/wp-content\/uploads\/2026\/01\/FB_IMG_1768851101775-1024x1024.jpg\" alt=\"\" class=\"wp-image-26394\" srcset=\"https:\/\/diarioprincipios.com\/wp-content\/uploads\/2026\/01\/FB_IMG_1768851101775-1024x1024.jpg 1024w, https:\/\/diarioprincipios.com\/wp-content\/uploads\/2026\/01\/FB_IMG_1768851101775-300x300.jpg 300w, https:\/\/diarioprincipios.com\/wp-content\/uploads\/2026\/01\/FB_IMG_1768851101775-150x150.jpg 150w, https:\/\/diarioprincipios.com\/wp-content\/uploads\/2026\/01\/FB_IMG_1768851101775-768x768.jpg 768w, https:\/\/diarioprincipios.com\/wp-content\/uploads\/2026\/01\/FB_IMG_1768851101775.jpg 1200w\" sizes=\"auto, (max-width: 1024px) 100vw, 1024px\" \/><\/figure>\n\n\n\n<p><br>A\u00f1adi\u00f3 que \u00abeste paso concreto refleja el compromiso sostenido del Sindicato de Trabajadores Municipales de Berazategui con el desarrollo de espacios pensados para el bienestar de sus afiliados y afiliadas\u00bb.<\/p>\n\n\n\n<p>Finalmente, destac\u00f3 que \u00abcontinuamos trabajando con responsabilidad y dedicaci\u00f3n para que, en el corto plazo, las familias municipales puedan contar con un lugar propio de encuentro, recreaci\u00f3n y descanso dentro de nuestro distrito\u00bb.<\/p>\n","protected":false},"excerpt":{"rendered":"<p>El Sindicato de Trabajadores Municipales de Berazategui, que conduce Gabriel Carril Campusano, inform\u00f3 que \u00abculmin\u00f3 la construcci\u00f3n del muro perimetral de nuestro futuro Camping ubicado en El Pato.\u00abSe trata de una obra clave que permite delimitar y resguardar el predio, y que representa un nuevo hito en el avance de este proyecto tan esperado por&#8230;<\/p>\n","protected":false},"author":2,"featured_media":26395,"comment_status":"open","ping_status":"open","sticky":false,"template":"","format":"standard","meta":{"footnotes":""},"categories":[3,21],"tags":[],"class_list":["post-26393","post","type-post","status-publish","format-standard","has-post-thumbnail","hentry","category-berazategui","category-gremiales"],"featured_image_src":"https:\/\/diarioprincipios.com\/wp-content\/uploads\/2026\/01\/FB_IMG_1768851097433-1024x1024.jpg","blog_images":{"medium":"https:\/\/diarioprincipios.com\/wp-content\/uploads\/2026\/01\/FB_IMG_1768851097433-300x300.jpg","large":"https:\/\/diarioprincipios.com\/wp-content\/uploads\/2026\/01\/FB_IMG_1768851097433-1024x1024.jpg"},"ams_acf":[],"yoast_head":"<!-- This site is optimized with the Yoast SEO plugin v27.3 - https:\/\/yoast.com\/product\/yoast-seo-wordpress\/ -->\n<title>Culmin\u00f3 la construcci\u00f3n del muro perimetral del futuro Camping del STMB - Principios<\/title>\n<meta name=\"robots\" content=\"index, follow, max-snippet:-1, max-image-preview:large, max-video-preview:-1\" \/>\n<link rel=\"canonical\" href=\"https:\/\/diarioprincipios.com\/index.php\/2026\/01\/20\/culmino-la-construccion-del-muro-perimetral-del-futuro-camping-del-stmb\/\" \/>\n<meta property=\"og:locale\" content=\"es_ES\" \/>\n<meta property=\"og:type\" content=\"article\" \/>\n<meta property=\"og:title\" content=\"Culmin\u00f3 la construcci\u00f3n del muro perimetral del futuro Camping del STMB - Principios\" \/>\n<meta property=\"og:description\" content=\"El Sindicato de Trabajadores Municipales de Berazategui, que conduce Gabriel Carril Campusano, inform\u00f3 que \u00abculmin\u00f3 la construcci\u00f3n del muro perimetral de nuestro futuro Camping ubicado en El Pato.\u00abSe trata de una obra clave que permite delimitar y resguardar el predio, y que representa un nuevo hito en el avance de este proyecto tan esperado por...\" \/>\n<meta property=\"og:url\" content=\"https:\/\/diarioprincipios.com\/index.php\/2026\/01\/20\/culmino-la-construccion-del-muro-perimetral-del-futuro-camping-del-stmb\/\" \/>\n<meta property=\"og:site_name\" content=\"Principios\" \/>\n<meta property=\"article:published_time\" content=\"2026-01-20T14:23:00+00:00\" \/>\n<meta property=\"article:modified_time\" content=\"2026-01-20T14:23:01+00:00\" \/>\n<meta property=\"og:image\" content=\"https:\/\/diarioprincipios.com\/wp-content\/uploads\/2026\/01\/FB_IMG_1768851097433.jpg\" \/>\n\t<meta property=\"og:image:width\" content=\"1200\" \/>\n\t<meta property=\"og:image:height\" content=\"1200\" \/>\n\t<meta property=\"og:image:type\" content=\"image\/jpeg\" \/>\n<meta name=\"author\" content=\"Hern\u00e1n L\u00f3pez\" \/>\n<meta name=\"twitter:card\" content=\"summary_large_image\" \/>\n<meta name=\"twitter:label1\" content=\"Escrito por\" \/>\n\t<meta name=\"twitter:data1\" content=\"Hern\u00e1n L\u00f3pez\" \/>\n\t<meta name=\"twitter:label2\" content=\"Tiempo de lectura\" \/>\n\t<meta name=\"twitter:data2\" content=\"1 minuto\" \/>\n<script type=\"application\/ld+json\" class=\"yoast-schema-graph\">{\"@context\":\"https:\\\/\\\/schema.org\",\"@graph\":[{\"@type\":\"Article\",\"@id\":\"https:\\\/\\\/diarioprincipios.com\\\/index.php\\\/2026\\\/01\\\/20\\\/culmino-la-construccion-del-muro-perimetral-del-futuro-camping-del-stmb\\\/#article\",\"isPartOf\":{\"@id\":\"https:\\\/\\\/diarioprincipios.com\\\/index.php\\\/2026\\\/01\\\/20\\\/culmino-la-construccion-del-muro-perimetral-del-futuro-camping-del-stmb\\\/\"},\"author\":{\"name\":\"Hern\u00e1n L\u00f3pez\",\"@id\":\"https:\\\/\\\/diarioprincipios.com\\\/#\\\/schema\\\/person\\\/436d5a1fd41a5e250e23ff5a6a7cb080\"},\"headline\":\"Culmin\u00f3 la construcci\u00f3n del muro perimetral del futuro Camping del STMB\",\"datePublished\":\"2026-01-20T14:23:00+00:00\",\"dateModified\":\"2026-01-20T14:23:01+00:00\",\"mainEntityOfPage\":{\"@id\":\"https:\\\/\\\/diarioprincipios.com\\\/index.php\\\/2026\\\/01\\\/20\\\/culmino-la-construccion-del-muro-perimetral-del-futuro-camping-del-stmb\\\/\"},\"wordCount\":146,\"commentCount\":0,\"publisher\":{\"@id\":\"https:\\\/\\\/diarioprincipios.com\\\/#organization\"},\"image\":{\"@id\":\"https:\\\/\\\/diarioprincipios.com\\\/index.php\\\/2026\\\/01\\\/20\\\/culmino-la-construccion-del-muro-perimetral-del-futuro-camping-del-stmb\\\/#primaryimage\"},\"thumbnailUrl\":\"https:\\\/\\\/diarioprincipios.com\\\/wp-content\\\/uploads\\\/2026\\\/01\\\/FB_IMG_1768851097433.jpg\",\"articleSection\":[\"Berazategui\",\"Gremiales\"],\"inLanguage\":\"es\",\"potentialAction\":[{\"@type\":\"CommentAction\",\"name\":\"Comment\",\"target\":[\"https:\\\/\\\/diarioprincipios.com\\\/index.php\\\/2026\\\/01\\\/20\\\/culmino-la-construccion-del-muro-perimetral-del-futuro-camping-del-stmb\\\/#respond\"]}]},{\"@type\":\"WebPage\",\"@id\":\"https:\\\/\\\/diarioprincipios.com\\\/index.php\\\/2026\\\/01\\\/20\\\/culmino-la-construccion-del-muro-perimetral-del-futuro-camping-del-stmb\\\/\",\"url\":\"https:\\\/\\\/diarioprincipios.com\\\/index.php\\\/2026\\\/01\\\/20\\\/culmino-la-construccion-del-muro-perimetral-del-futuro-camping-del-stmb\\\/\",\"name\":\"Culmin\u00f3 la construcci\u00f3n del muro perimetral del futuro Camping del STMB - Principios\",\"isPartOf\":{\"@id\":\"https:\\\/\\\/diarioprincipios.com\\\/#website\"},\"primaryImageOfPage\":{\"@id\":\"https:\\\/\\\/diarioprincipios.com\\\/index.php\\\/2026\\\/01\\\/20\\\/culmino-la-construccion-del-muro-perimetral-del-futuro-camping-del-stmb\\\/#primaryimage\"},\"image\":{\"@id\":\"https:\\\/\\\/diarioprincipios.com\\\/index.php\\\/2026\\\/01\\\/20\\\/culmino-la-construccion-del-muro-perimetral-del-futuro-camping-del-stmb\\\/#primaryimage\"},\"thumbnailUrl\":\"https:\\\/\\\/diarioprincipios.com\\\/wp-content\\\/uploads\\\/2026\\\/01\\\/FB_IMG_1768851097433.jpg\",\"datePublished\":\"2026-01-20T14:23:00+00:00\",\"dateModified\":\"2026-01-20T14:23:01+00:00\",\"breadcrumb\":{\"@id\":\"https:\\\/\\\/diarioprincipios.com\\\/index.php\\\/2026\\\/01\\\/20\\\/culmino-la-construccion-del-muro-perimetral-del-futuro-camping-del-stmb\\\/#breadcrumb\"},\"inLanguage\":\"es\",\"potentialAction\":[{\"@type\":\"ReadAction\",\"target\":[\"https:\\\/\\\/diarioprincipios.com\\\/index.php\\\/2026\\\/01\\\/20\\\/culmino-la-construccion-del-muro-perimetral-del-futuro-camping-del-stmb\\\/\"]}]},{\"@type\":\"ImageObject\",\"inLanguage\":\"es\",\"@id\":\"https:\\\/\\\/diarioprincipios.com\\\/index.php\\\/2026\\\/01\\\/20\\\/culmino-la-construccion-del-muro-perimetral-del-futuro-camping-del-stmb\\\/#primaryimage\",\"url\":\"https:\\\/\\\/diarioprincipios.com\\\/wp-content\\\/uploads\\\/2026\\\/01\\\/FB_IMG_1768851097433.jpg\",\"contentUrl\":\"https:\\\/\\\/diarioprincipios.com\\\/wp-content\\\/uploads\\\/2026\\\/01\\\/FB_IMG_1768851097433.jpg\",\"width\":1200,\"height\":1200},{\"@type\":\"BreadcrumbList\",\"@id\":\"https:\\\/\\\/diarioprincipios.com\\\/index.php\\\/2026\\\/01\\\/20\\\/culmino-la-construccion-del-muro-perimetral-del-futuro-camping-del-stmb\\\/#breadcrumb\",\"itemListElement\":[{\"@type\":\"ListItem\",\"position\":1,\"name\":\"Portada\",\"item\":\"https:\\\/\\\/diarioprincipios.com\\\/\"},{\"@type\":\"ListItem\",\"position\":2,\"name\":\"Culmin\u00f3 la construcci\u00f3n del muro perimetral del futuro Camping del STMB\"}]},{\"@type\":\"WebSite\",\"@id\":\"https:\\\/\\\/diarioprincipios.com\\\/#website\",\"url\":\"https:\\\/\\\/diarioprincipios.com\\\/\",\"name\":\"Principios\",\"description\":\"Principios Diario\",\"publisher\":{\"@id\":\"https:\\\/\\\/diarioprincipios.com\\\/#organization\"},\"potentialAction\":[{\"@type\":\"SearchAction\",\"target\":{\"@type\":\"EntryPoint\",\"urlTemplate\":\"https:\\\/\\\/diarioprincipios.com\\\/?s={search_term_string}\"},\"query-input\":{\"@type\":\"PropertyValueSpecification\",\"valueRequired\":true,\"valueName\":\"search_term_string\"}}],\"inLanguage\":\"es\"},{\"@type\":\"Organization\",\"@id\":\"https:\\\/\\\/diarioprincipios.com\\\/#organization\",\"name\":\"Principios\",\"url\":\"https:\\\/\\\/diarioprincipios.com\\\/\",\"logo\":{\"@type\":\"ImageObject\",\"inLanguage\":\"es\",\"@id\":\"https:\\\/\\\/diarioprincipios.com\\\/#\\\/schema\\\/logo\\\/image\\\/\",\"url\":\"https:\\\/\\\/diarioprincipios.com\\\/wp-content\\\/uploads\\\/2024\\\/04\\\/cropped-www.diarioprincipios.com_-1.png\",\"contentUrl\":\"https:\\\/\\\/diarioprincipios.com\\\/wp-content\\\/uploads\\\/2024\\\/04\\\/cropped-www.diarioprincipios.com_-1.png\",\"width\":5325,\"height\":1454,\"caption\":\"Principios\"},\"image\":{\"@id\":\"https:\\\/\\\/diarioprincipios.com\\\/#\\\/schema\\\/logo\\\/image\\\/\"}},{\"@type\":\"Person\",\"@id\":\"https:\\\/\\\/diarioprincipios.com\\\/#\\\/schema\\\/person\\\/436d5a1fd41a5e250e23ff5a6a7cb080\",\"name\":\"Hern\u00e1n L\u00f3pez\",\"image\":{\"@type\":\"ImageObject\",\"inLanguage\":\"es\",\"@id\":\"https:\\\/\\\/diarioprincipios.com\\\/wp-content\\\/litespeed\\\/avatar\\\/11ddfe5610ff3bd100522525b2571f48.jpg?ver=1777048341\",\"url\":\"https:\\\/\\\/diarioprincipios.com\\\/wp-content\\\/litespeed\\\/avatar\\\/11ddfe5610ff3bd100522525b2571f48.jpg?ver=1777048341\",\"contentUrl\":\"https:\\\/\\\/diarioprincipios.com\\\/wp-content\\\/litespeed\\\/avatar\\\/11ddfe5610ff3bd100522525b2571f48.jpg?ver=1777048341\",\"caption\":\"Hern\u00e1n L\u00f3pez\"},\"url\":\"https:\\\/\\\/diarioprincipios.com\\\/index.php\\\/author\\\/hernan\\\/\"}]}<\/script>\n<!-- \/ Yoast SEO plugin. -->","yoast_head_json":{"title":"Culmin\u00f3 la construcci\u00f3n del muro perimetral del futuro Camping del STMB - Principios","robots":{"index":"index","follow":"follow","max-snippet":"max-snippet:-1","max-image-preview":"max-image-preview:large","max-video-preview":"max-video-preview:-1"},"canonical":"https:\/\/diarioprincipios.com\/index.php\/2026\/01\/20\/culmino-la-construccion-del-muro-perimetral-del-futuro-camping-del-stmb\/","og_locale":"es_ES","og_type":"article","og_title":"Culmin\u00f3 la construcci\u00f3n del muro perimetral del futuro Camping del STMB - Principios","og_description":"El Sindicato de Trabajadores Municipales de Berazategui, que conduce Gabriel Carril Campusano, inform\u00f3 que \u00abculmin\u00f3 la construcci\u00f3n del muro perimetral de nuestro futuro Camping ubicado en El Pato.\u00abSe trata de una obra clave que permite delimitar y resguardar el predio, y que representa un nuevo hito en el avance de este proyecto tan esperado por...","og_url":"https:\/\/diarioprincipios.com\/index.php\/2026\/01\/20\/culmino-la-construccion-del-muro-perimetral-del-futuro-camping-del-stmb\/","og_site_name":"Principios","article_published_time":"2026-01-20T14:23:00+00:00","article_modified_time":"2026-01-20T14:23:01+00:00","og_image":[{"width":1200,"height":1200,"url":"https:\/\/diarioprincipios.com\/wp-content\/uploads\/2026\/01\/FB_IMG_1768851097433.jpg","type":"image\/jpeg"}],"author":"Hern\u00e1n L\u00f3pez","twitter_card":"summary_large_image","twitter_misc":{"Escrito por":"Hern\u00e1n L\u00f3pez","Tiempo de lectura":"1 minuto"},"schema":{"@context":"https:\/\/schema.org","@graph":[{"@type":"Article","@id":"https:\/\/diarioprincipios.com\/index.php\/2026\/01\/20\/culmino-la-construccion-del-muro-perimetral-del-futuro-camping-del-stmb\/#article","isPartOf":{"@id":"https:\/\/diarioprincipios.com\/index.php\/2026\/01\/20\/culmino-la-construccion-del-muro-perimetral-del-futuro-camping-del-stmb\/"},"author":{"name":"Hern\u00e1n L\u00f3pez","@id":"https:\/\/diarioprincipios.com\/#\/schema\/person\/436d5a1fd41a5e250e23ff5a6a7cb080"},"headline":"Culmin\u00f3 la construcci\u00f3n del muro perimetral del futuro Camping del STMB","datePublished":"2026-01-20T14:23:00+00:00","dateModified":"2026-01-20T14:23:01+00:00","mainEntityOfPage":{"@id":"https:\/\/diarioprincipios.com\/index.php\/2026\/01\/20\/culmino-la-construccion-del-muro-perimetral-del-futuro-camping-del-stmb\/"},"wordCount":146,"commentCount":0,"publisher":{"@id":"https:\/\/diarioprincipios.com\/#organization"},"image":{"@id":"https:\/\/diarioprincipios.com\/index.php\/2026\/01\/20\/culmino-la-construccion-del-muro-perimetral-del-futuro-camping-del-stmb\/#primaryimage"},"thumbnailUrl":"https:\/\/diarioprincipios.com\/wp-content\/uploads\/2026\/01\/FB_IMG_1768851097433.jpg","articleSection":["Berazategui","Gremiales"],"inLanguage":"es","potentialAction":[{"@type":"CommentAction","name":"Comment","target":["https:\/\/diarioprincipios.com\/index.php\/2026\/01\/20\/culmino-la-construccion-del-muro-perimetral-del-futuro-camping-del-stmb\/#respond"]}]},{"@type":"WebPage","@id":"https:\/\/diarioprincipios.com\/index.php\/2026\/01\/20\/culmino-la-construccion-del-muro-perimetral-del-futuro-camping-del-stmb\/","url":"https:\/\/diarioprincipios.com\/index.php\/2026\/01\/20\/culmino-la-construccion-del-muro-perimetral-del-futuro-camping-del-stmb\/","name":"Culmin\u00f3 la construcci\u00f3n del muro perimetral del futuro Camping del STMB - Principios","isPartOf":{"@id":"https:\/\/diarioprincipios.com\/#website"},"primaryImageOfPage":{"@id":"https:\/\/diarioprincipios.com\/index.php\/2026\/01\/20\/culmino-la-construccion-del-muro-perimetral-del-futuro-camping-del-stmb\/#primaryimage"},"image":{"@id":"https:\/\/diarioprincipios.com\/index.php\/2026\/01\/20\/culmino-la-construccion-del-muro-perimetral-del-futuro-camping-del-stmb\/#primaryimage"},"thumbnailUrl":"https:\/\/diarioprincipios.com\/wp-content\/uploads\/2026\/01\/FB_IMG_1768851097433.jpg","datePublished":"2026-01-20T14:23:00+00:00","dateModified":"2026-01-20T14:23:01+00:00","breadcrumb":{"@id":"https:\/\/diarioprincipios.com\/index.php\/2026\/01\/20\/culmino-la-construccion-del-muro-perimetral-del-futuro-camping-del-stmb\/#breadcrumb"},"inLanguage":"es","potentialAction":[{"@type":"ReadAction","target":["https:\/\/diarioprincipios.com\/index.php\/2026\/01\/20\/culmino-la-construccion-del-muro-perimetral-del-futuro-camping-del-stmb\/"]}]},{"@type":"ImageObject","inLanguage":"es","@id":"https:\/\/diarioprincipios.com\/index.php\/2026\/01\/20\/culmino-la-construccion-del-muro-perimetral-del-futuro-camping-del-stmb\/#primaryimage","url":"https:\/\/diarioprincipios.com\/wp-content\/uploads\/2026\/01\/FB_IMG_1768851097433.jpg","contentUrl":"https:\/\/diarioprincipios.com\/wp-content\/uploads\/2026\/01\/FB_IMG_1768851097433.jpg","width":1200,"height":1200},{"@type":"BreadcrumbList","@id":"https:\/\/diarioprincipios.com\/index.php\/2026\/01\/20\/culmino-la-construccion-del-muro-perimetral-del-futuro-camping-del-stmb\/#breadcrumb","itemListElement":[{"@type":"ListItem","position":1,"name":"Portada","item":"https:\/\/diarioprincipios.com\/"},{"@type":"ListItem","position":2,"name":"Culmin\u00f3 la construcci\u00f3n del muro perimetral del futuro Camping del STMB"}]},{"@type":"WebSite","@id":"https:\/\/diarioprincipios.com\/#website","url":"https:\/\/diarioprincipios.com\/","name":"Principios","description":"Principios Diario","publisher":{"@id":"https:\/\/diarioprincipios.com\/#organization"},"potentialAction":[{"@type":"SearchAction","target":{"@type":"EntryPoint","urlTemplate":"https:\/\/diarioprincipios.com\/?s={search_term_string}"},"query-input":{"@type":"PropertyValueSpecification","valueRequired":true,"valueName":"search_term_string"}}],"inLanguage":"es"},{"@type":"Organization","@id":"https:\/\/diarioprincipios.com\/#organization","name":"Principios","url":"https:\/\/diarioprincipios.com\/","logo":{"@type":"ImageObject","inLanguage":"es","@id":"https:\/\/diarioprincipios.com\/#\/schema\/logo\/image\/","url":"https:\/\/diarioprincipios.com\/wp-content\/uploads\/2024\/04\/cropped-www.diarioprincipios.com_-1.png","contentUrl":"https:\/\/diarioprincipios.com\/wp-content\/uploads\/2024\/04\/cropped-www.diarioprincipios.com_-1.png","width":5325,"height":1454,"caption":"Principios"},"image":{"@id":"https:\/\/diarioprincipios.com\/#\/schema\/logo\/image\/"}},{"@type":"Person","@id":"https:\/\/diarioprincipios.com\/#\/schema\/person\/436d5a1fd41a5e250e23ff5a6a7cb080","name":"Hern\u00e1n L\u00f3pez","image":{"@type":"ImageObject","inLanguage":"es","@id":"https:\/\/diarioprincipios.com\/wp-content\/litespeed\/avatar\/11ddfe5610ff3bd100522525b2571f48.jpg?ver=1777048341","url":"https:\/\/diarioprincipios.com\/wp-content\/litespeed\/avatar\/11ddfe5610ff3bd100522525b2571f48.jpg?ver=1777048341","contentUrl":"https:\/\/diarioprincipios.com\/wp-content\/litespeed\/avatar\/11ddfe5610ff3bd100522525b2571f48.jpg?ver=1777048341","caption":"Hern\u00e1n L\u00f3pez"},"url":"https:\/\/diarioprincipios.com\/index.php\/author\/hernan\/"}]}},"jetpack_featured_media_url":"https:\/\/diarioprincipios.com\/wp-content\/uploads\/2026\/01\/FB_IMG_1768851097433.jpg","_links":{"self":[{"href":"https:\/\/diarioprincipios.com\/index.php\/wp-json\/wp\/v2\/posts\/26393","targetHints":{"allow":["GET"]}}],"collection":[{"href":"https:\/\/diarioprincipios.com\/index.php\/wp-json\/wp\/v2\/posts"}],"about":[{"href":"https:\/\/diarioprincipios.com\/index.php\/wp-json\/wp\/v2\/types\/post"}],"author":[{"embeddable":true,"href":"https:\/\/diarioprincipios.com\/index.php\/wp-json\/wp\/v2\/users\/2"}],"replies":[{"embeddable":true,"href":"https:\/\/diarioprincipios.com\/index.php\/wp-json\/wp\/v2\/comments?post=26393"}],"version-history":[{"count":1,"href":"https:\/\/diarioprincipios.com\/index.php\/wp-json\/wp\/v2\/posts\/26393\/revisions"}],"predecessor-version":[{"id":26396,"href":"https:\/\/diarioprincipios.com\/index.php\/wp-json\/wp\/v2\/posts\/26393\/revisions\/26396"}],"wp:featuredmedia":[{"embeddable":true,"href":"https:\/\/diarioprincipios.com\/index.php\/wp-json\/wp\/v2\/media\/26395"}],"wp:attachment":[{"href":"https:\/\/diarioprincipios.com\/index.php\/wp-json\/wp\/v2\/media?parent=26393"}],"wp:term":[{"taxonomy":"category","embeddable":true,"href":"https:\/\/diarioprincipios.com\/index.php\/wp-json\/wp\/v2\/categories?post=26393"},{"taxonomy":"post_tag","embeddable":true,"href":"https:\/\/diarioprincipios.com\/index.php\/wp-json\/wp\/v2\/tags?post=26393"}],"curies":[{"name":"wp","href":"https:\/\/api.w.org\/{rel}","templated":true}]}}