{"id":26382,"date":"2026-01-16T12:09:29","date_gmt":"2026-01-16T15:09:29","guid":{"rendered":"https:\/\/diarioprincipios.com\/?p=26382"},"modified":"2026-01-16T12:09:29","modified_gmt":"2026-01-16T15:09:29","slug":"la-provincia-inicio-la-obra-del-cuarto-carril-en-la-autopista-buenos-aires-la-plata","status":"publish","type":"post","link":"https:\/\/diarioprincipios.com\/index.php\/2026\/01\/16\/la-provincia-inicio-la-obra-del-cuarto-carril-en-la-autopista-buenos-aires-la-plata\/","title":{"rendered":"La Provincia inici\u00f3 la obra del cuarto carril en la Autopista Buenos Aires\u2013La Plata"},"content":{"rendered":"\n<p>Las obras para ampliar la Autopista Buenos Aires\u2013La Plata ya est\u00e1n en marcha con la construcci\u00f3n de un nuevo cuarto carril en el tramo que une Avellaneda con Berazategui, una intervenci\u00f3n clave para mejorar la circulaci\u00f3n en uno de los corredores viales m\u00e1s transitados del \u00c1rea Metropolitana.<\/p>\n\n\n\n<p>Seg\u00fan inform\u00f3 el presidente de AUBASA, Jos\u00e9 Arteaga, los trabajos se desarrollar\u00e1n en dos etapas. El primer tramo abarca desde el kil\u00f3metro 11 hasta el kil\u00f3metro 20, con un plazo estimado de 12 meses y una inversi\u00f3n superior a los 10.831 millones de pesos. El segundo tramo ir\u00e1 del kil\u00f3metro 20 al kil\u00f3metro 30, demandar\u00e1 15 meses de ejecuci\u00f3n y contar\u00e1 con una inversi\u00f3n que supera los 15.109 millones de pesos.<\/p>\n\n\n\n<p>Adem\u00e1s de la incorporaci\u00f3n del nuevo carril, la obra contempla la repavimentaci\u00f3n y una nueva demarcaci\u00f3n de los tres carriles actuales, con el objetivo de optimizar las condiciones de seguridad vial y agilizar el tr\u00e1nsito diario de miles de usuarios que utilizan la autopista para trasladarse entre la Ciudad de Buenos Aires y el sur del conurbano bonaerense.<\/p>\n\n\n\n<p>Desde AUBASA destacaron que estas mejoras permitir\u00e1n reducir los tiempos de viaje y mejorar la fluidez del tr\u00e1nsito, especialmente en horarios pico, en una traza estrat\u00e9gica para el transporte particular, el comercio y la log\u00edstica regional.<\/p>\n\n\n\n<p>Arteaga remarc\u00f3 que en la provincia de Buenos Aires la obra p\u00fablica contin\u00faa en ejecuci\u00f3n, pese al contexto econ\u00f3mico nacional, como parte de una pol\u00edtica orientada a fortalecer la infraestructura y el desarrollo.<\/p>\n","protected":false},"excerpt":{"rendered":"<p>Las obras para ampliar la Autopista Buenos Aires\u2013La Plata ya est\u00e1n en marcha con la construcci\u00f3n de un nuevo cuarto carril en el tramo que une Avellaneda con Berazategui, una intervenci\u00f3n clave para mejorar la circulaci\u00f3n en uno de los corredores viales m\u00e1s transitados del \u00c1rea Metropolitana. Seg\u00fan inform\u00f3 el presidente de AUBASA, Jos\u00e9 Arteaga,&#8230;<\/p>\n","protected":false},"author":2,"featured_media":26383,"comment_status":"open","ping_status":"open","sticky":false,"template":"","format":"standard","meta":{"footnotes":""},"categories":[7],"tags":[],"class_list":["post-26382","post","type-post","status-publish","format-standard","has-post-thumbnail","hentry","category-provincia"],"featured_image_src":"https:\/\/diarioprincipios.com\/wp-content\/uploads\/2026\/01\/AUBASA-construira-el-cuarto-carril-en-la-zona-de-mayor-transito-de-la-AU-Bs.As-La-Plata-1024x682.jpg","blog_images":{"medium":"https:\/\/diarioprincipios.com\/wp-content\/uploads\/2026\/01\/AUBASA-construira-el-cuarto-carril-en-la-zona-de-mayor-transito-de-la-AU-Bs.As-La-Plata-300x200.jpg","large":"https:\/\/diarioprincipios.com\/wp-content\/uploads\/2026\/01\/AUBASA-construira-el-cuarto-carril-en-la-zona-de-mayor-transito-de-la-AU-Bs.As-La-Plata-1024x682.jpg"},"ams_acf":[],"yoast_head":"<!-- This site is optimized with the Yoast SEO plugin v27.3 - https:\/\/yoast.com\/product\/yoast-seo-wordpress\/ -->\n<title>La Provincia inici\u00f3 la obra del cuarto carril en la Autopista Buenos Aires\u2013La Plata - Principios<\/title>\n<meta name=\"robots\" content=\"index, follow, max-snippet:-1, max-image-preview:large, max-video-preview:-1\" \/>\n<link rel=\"canonical\" href=\"https:\/\/diarioprincipios.com\/index.php\/2026\/01\/16\/la-provincia-inicio-la-obra-del-cuarto-carril-en-la-autopista-buenos-aires-la-plata\/\" \/>\n<meta property=\"og:locale\" content=\"es_ES\" \/>\n<meta property=\"og:type\" content=\"article\" \/>\n<meta property=\"og:title\" content=\"La Provincia inici\u00f3 la obra del cuarto carril en la Autopista Buenos Aires\u2013La Plata - Principios\" \/>\n<meta property=\"og:description\" content=\"Las obras para ampliar la Autopista Buenos Aires\u2013La Plata ya est\u00e1n en marcha con la construcci\u00f3n de un nuevo cuarto carril en el tramo que une Avellaneda con Berazategui, una intervenci\u00f3n clave para mejorar la circulaci\u00f3n en uno de los corredores viales m\u00e1s transitados del \u00c1rea Metropolitana. Seg\u00fan inform\u00f3 el presidente de AUBASA, Jos\u00e9 Arteaga,...\" \/>\n<meta property=\"og:url\" content=\"https:\/\/diarioprincipios.com\/index.php\/2026\/01\/16\/la-provincia-inicio-la-obra-del-cuarto-carril-en-la-autopista-buenos-aires-la-plata\/\" \/>\n<meta property=\"og:site_name\" content=\"Principios\" \/>\n<meta property=\"article:published_time\" content=\"2026-01-16T15:09:29+00:00\" \/>\n<meta property=\"og:image\" content=\"https:\/\/diarioprincipios.com\/wp-content\/uploads\/2026\/01\/AUBASA-construira-el-cuarto-carril-en-la-zona-de-mayor-transito-de-la-AU-Bs.As-La-Plata.jpg\" \/>\n\t<meta property=\"og:image:width\" content=\"1280\" \/>\n\t<meta property=\"og:image:height\" content=\"853\" \/>\n\t<meta property=\"og:image:type\" content=\"image\/jpeg\" \/>\n<meta name=\"author\" content=\"Hern\u00e1n L\u00f3pez\" \/>\n<meta name=\"twitter:card\" content=\"summary_large_image\" \/>\n<meta name=\"twitter:label1\" content=\"Escrito por\" \/>\n\t<meta name=\"twitter:data1\" content=\"Hern\u00e1n L\u00f3pez\" \/>\n\t<meta name=\"twitter:label2\" content=\"Tiempo de lectura\" \/>\n\t<meta name=\"twitter:data2\" content=\"2 minutos\" \/>\n<script type=\"application\/ld+json\" class=\"yoast-schema-graph\">{\"@context\":\"https:\\\/\\\/schema.org\",\"@graph\":[{\"@type\":\"Article\",\"@id\":\"https:\\\/\\\/diarioprincipios.com\\\/index.php\\\/2026\\\/01\\\/16\\\/la-provincia-inicio-la-obra-del-cuarto-carril-en-la-autopista-buenos-aires-la-plata\\\/#article\",\"isPartOf\":{\"@id\":\"https:\\\/\\\/diarioprincipios.com\\\/index.php\\\/2026\\\/01\\\/16\\\/la-provincia-inicio-la-obra-del-cuarto-carril-en-la-autopista-buenos-aires-la-plata\\\/\"},\"author\":{\"name\":\"Hern\u00e1n L\u00f3pez\",\"@id\":\"https:\\\/\\\/diarioprincipios.com\\\/#\\\/schema\\\/person\\\/436d5a1fd41a5e250e23ff5a6a7cb080\"},\"headline\":\"La Provincia inici\u00f3 la obra del cuarto carril en la Autopista Buenos Aires\u2013La Plata\",\"datePublished\":\"2026-01-16T15:09:29+00:00\",\"mainEntityOfPage\":{\"@id\":\"https:\\\/\\\/diarioprincipios.com\\\/index.php\\\/2026\\\/01\\\/16\\\/la-provincia-inicio-la-obra-del-cuarto-carril-en-la-autopista-buenos-aires-la-plata\\\/\"},\"wordCount\":281,\"commentCount\":0,\"publisher\":{\"@id\":\"https:\\\/\\\/diarioprincipios.com\\\/#organization\"},\"image\":{\"@id\":\"https:\\\/\\\/diarioprincipios.com\\\/index.php\\\/2026\\\/01\\\/16\\\/la-provincia-inicio-la-obra-del-cuarto-carril-en-la-autopista-buenos-aires-la-plata\\\/#primaryimage\"},\"thumbnailUrl\":\"https:\\\/\\\/diarioprincipios.com\\\/wp-content\\\/uploads\\\/2026\\\/01\\\/AUBASA-construira-el-cuarto-carril-en-la-zona-de-mayor-transito-de-la-AU-Bs.As-La-Plata.jpg\",\"articleSection\":[\"Provincia\"],\"inLanguage\":\"es\",\"potentialAction\":[{\"@type\":\"CommentAction\",\"name\":\"Comment\",\"target\":[\"https:\\\/\\\/diarioprincipios.com\\\/index.php\\\/2026\\\/01\\\/16\\\/la-provincia-inicio-la-obra-del-cuarto-carril-en-la-autopista-buenos-aires-la-plata\\\/#respond\"]}]},{\"@type\":\"WebPage\",\"@id\":\"https:\\\/\\\/diarioprincipios.com\\\/index.php\\\/2026\\\/01\\\/16\\\/la-provincia-inicio-la-obra-del-cuarto-carril-en-la-autopista-buenos-aires-la-plata\\\/\",\"url\":\"https:\\\/\\\/diarioprincipios.com\\\/index.php\\\/2026\\\/01\\\/16\\\/la-provincia-inicio-la-obra-del-cuarto-carril-en-la-autopista-buenos-aires-la-plata\\\/\",\"name\":\"La Provincia inici\u00f3 la obra del cuarto carril en la Autopista Buenos Aires\u2013La Plata - Principios\",\"isPartOf\":{\"@id\":\"https:\\\/\\\/diarioprincipios.com\\\/#website\"},\"primaryImageOfPage\":{\"@id\":\"https:\\\/\\\/diarioprincipios.com\\\/index.php\\\/2026\\\/01\\\/16\\\/la-provincia-inicio-la-obra-del-cuarto-carril-en-la-autopista-buenos-aires-la-plata\\\/#primaryimage\"},\"image\":{\"@id\":\"https:\\\/\\\/diarioprincipios.com\\\/index.php\\\/2026\\\/01\\\/16\\\/la-provincia-inicio-la-obra-del-cuarto-carril-en-la-autopista-buenos-aires-la-plata\\\/#primaryimage\"},\"thumbnailUrl\":\"https:\\\/\\\/diarioprincipios.com\\\/wp-content\\\/uploads\\\/2026\\\/01\\\/AUBASA-construira-el-cuarto-carril-en-la-zona-de-mayor-transito-de-la-AU-Bs.As-La-Plata.jpg\",\"datePublished\":\"2026-01-16T15:09:29+00:00\",\"breadcrumb\":{\"@id\":\"https:\\\/\\\/diarioprincipios.com\\\/index.php\\\/2026\\\/01\\\/16\\\/la-provincia-inicio-la-obra-del-cuarto-carril-en-la-autopista-buenos-aires-la-plata\\\/#breadcrumb\"},\"inLanguage\":\"es\",\"potentialAction\":[{\"@type\":\"ReadAction\",\"target\":[\"https:\\\/\\\/diarioprincipios.com\\\/index.php\\\/2026\\\/01\\\/16\\\/la-provincia-inicio-la-obra-del-cuarto-carril-en-la-autopista-buenos-aires-la-plata\\\/\"]}]},{\"@type\":\"ImageObject\",\"inLanguage\":\"es\",\"@id\":\"https:\\\/\\\/diarioprincipios.com\\\/index.php\\\/2026\\\/01\\\/16\\\/la-provincia-inicio-la-obra-del-cuarto-carril-en-la-autopista-buenos-aires-la-plata\\\/#primaryimage\",\"url\":\"https:\\\/\\\/diarioprincipios.com\\\/wp-content\\\/uploads\\\/2026\\\/01\\\/AUBASA-construira-el-cuarto-carril-en-la-zona-de-mayor-transito-de-la-AU-Bs.As-La-Plata.jpg\",\"contentUrl\":\"https:\\\/\\\/diarioprincipios.com\\\/wp-content\\\/uploads\\\/2026\\\/01\\\/AUBASA-construira-el-cuarto-carril-en-la-zona-de-mayor-transito-de-la-AU-Bs.As-La-Plata.jpg\",\"width\":1280,\"height\":853},{\"@type\":\"BreadcrumbList\",\"@id\":\"https:\\\/\\\/diarioprincipios.com\\\/index.php\\\/2026\\\/01\\\/16\\\/la-provincia-inicio-la-obra-del-cuarto-carril-en-la-autopista-buenos-aires-la-plata\\\/#breadcrumb\",\"itemListElement\":[{\"@type\":\"ListItem\",\"position\":1,\"name\":\"Portada\",\"item\":\"https:\\\/\\\/diarioprincipios.com\\\/\"},{\"@type\":\"ListItem\",\"position\":2,\"name\":\"La Provincia inici\u00f3 la obra del cuarto carril en la Autopista Buenos Aires\u2013La Plata\"}]},{\"@type\":\"WebSite\",\"@id\":\"https:\\\/\\\/diarioprincipios.com\\\/#website\",\"url\":\"https:\\\/\\\/diarioprincipios.com\\\/\",\"name\":\"Principios\",\"description\":\"Principios Diario\",\"publisher\":{\"@id\":\"https:\\\/\\\/diarioprincipios.com\\\/#organization\"},\"potentialAction\":[{\"@type\":\"SearchAction\",\"target\":{\"@type\":\"EntryPoint\",\"urlTemplate\":\"https:\\\/\\\/diarioprincipios.com\\\/?s={search_term_string}\"},\"query-input\":{\"@type\":\"PropertyValueSpecification\",\"valueRequired\":true,\"valueName\":\"search_term_string\"}}],\"inLanguage\":\"es\"},{\"@type\":\"Organization\",\"@id\":\"https:\\\/\\\/diarioprincipios.com\\\/#organization\",\"name\":\"Principios\",\"url\":\"https:\\\/\\\/diarioprincipios.com\\\/\",\"logo\":{\"@type\":\"ImageObject\",\"inLanguage\":\"es\",\"@id\":\"https:\\\/\\\/diarioprincipios.com\\\/#\\\/schema\\\/logo\\\/image\\\/\",\"url\":\"https:\\\/\\\/diarioprincipios.com\\\/wp-content\\\/uploads\\\/2024\\\/04\\\/cropped-www.diarioprincipios.com_-1.png\",\"contentUrl\":\"https:\\\/\\\/diarioprincipios.com\\\/wp-content\\\/uploads\\\/2024\\\/04\\\/cropped-www.diarioprincipios.com_-1.png\",\"width\":5325,\"height\":1454,\"caption\":\"Principios\"},\"image\":{\"@id\":\"https:\\\/\\\/diarioprincipios.com\\\/#\\\/schema\\\/logo\\\/image\\\/\"}},{\"@type\":\"Person\",\"@id\":\"https:\\\/\\\/diarioprincipios.com\\\/#\\\/schema\\\/person\\\/436d5a1fd41a5e250e23ff5a6a7cb080\",\"name\":\"Hern\u00e1n L\u00f3pez\",\"image\":{\"@type\":\"ImageObject\",\"inLanguage\":\"es\",\"@id\":\"https:\\\/\\\/diarioprincipios.com\\\/wp-content\\\/litespeed\\\/avatar\\\/11ddfe5610ff3bd100522525b2571f48.jpg?ver=1777048341\",\"url\":\"https:\\\/\\\/diarioprincipios.com\\\/wp-content\\\/litespeed\\\/avatar\\\/11ddfe5610ff3bd100522525b2571f48.jpg?ver=1777048341\",\"contentUrl\":\"https:\\\/\\\/diarioprincipios.com\\\/wp-content\\\/litespeed\\\/avatar\\\/11ddfe5610ff3bd100522525b2571f48.jpg?ver=1777048341\",\"caption\":\"Hern\u00e1n L\u00f3pez\"},\"url\":\"https:\\\/\\\/diarioprincipios.com\\\/index.php\\\/author\\\/hernan\\\/\"}]}<\/script>\n<!-- \/ Yoast SEO plugin. -->","yoast_head_json":{"title":"La Provincia inici\u00f3 la obra del cuarto carril en la Autopista Buenos Aires\u2013La Plata - Principios","robots":{"index":"index","follow":"follow","max-snippet":"max-snippet:-1","max-image-preview":"max-image-preview:large","max-video-preview":"max-video-preview:-1"},"canonical":"https:\/\/diarioprincipios.com\/index.php\/2026\/01\/16\/la-provincia-inicio-la-obra-del-cuarto-carril-en-la-autopista-buenos-aires-la-plata\/","og_locale":"es_ES","og_type":"article","og_title":"La Provincia inici\u00f3 la obra del cuarto carril en la Autopista Buenos Aires\u2013La Plata - Principios","og_description":"Las obras para ampliar la Autopista Buenos Aires\u2013La Plata ya est\u00e1n en marcha con la construcci\u00f3n de un nuevo cuarto carril en el tramo que une Avellaneda con Berazategui, una intervenci\u00f3n clave para mejorar la circulaci\u00f3n en uno de los corredores viales m\u00e1s transitados del \u00c1rea Metropolitana. Seg\u00fan inform\u00f3 el presidente de AUBASA, Jos\u00e9 Arteaga,...","og_url":"https:\/\/diarioprincipios.com\/index.php\/2026\/01\/16\/la-provincia-inicio-la-obra-del-cuarto-carril-en-la-autopista-buenos-aires-la-plata\/","og_site_name":"Principios","article_published_time":"2026-01-16T15:09:29+00:00","og_image":[{"width":1280,"height":853,"url":"https:\/\/diarioprincipios.com\/wp-content\/uploads\/2026\/01\/AUBASA-construira-el-cuarto-carril-en-la-zona-de-mayor-transito-de-la-AU-Bs.As-La-Plata.jpg","type":"image\/jpeg"}],"author":"Hern\u00e1n L\u00f3pez","twitter_card":"summary_large_image","twitter_misc":{"Escrito por":"Hern\u00e1n L\u00f3pez","Tiempo de lectura":"2 minutos"},"schema":{"@context":"https:\/\/schema.org","@graph":[{"@type":"Article","@id":"https:\/\/diarioprincipios.com\/index.php\/2026\/01\/16\/la-provincia-inicio-la-obra-del-cuarto-carril-en-la-autopista-buenos-aires-la-plata\/#article","isPartOf":{"@id":"https:\/\/diarioprincipios.com\/index.php\/2026\/01\/16\/la-provincia-inicio-la-obra-del-cuarto-carril-en-la-autopista-buenos-aires-la-plata\/"},"author":{"name":"Hern\u00e1n L\u00f3pez","@id":"https:\/\/diarioprincipios.com\/#\/schema\/person\/436d5a1fd41a5e250e23ff5a6a7cb080"},"headline":"La Provincia inici\u00f3 la obra del cuarto carril en la Autopista Buenos Aires\u2013La Plata","datePublished":"2026-01-16T15:09:29+00:00","mainEntityOfPage":{"@id":"https:\/\/diarioprincipios.com\/index.php\/2026\/01\/16\/la-provincia-inicio-la-obra-del-cuarto-carril-en-la-autopista-buenos-aires-la-plata\/"},"wordCount":281,"commentCount":0,"publisher":{"@id":"https:\/\/diarioprincipios.com\/#organization"},"image":{"@id":"https:\/\/diarioprincipios.com\/index.php\/2026\/01\/16\/la-provincia-inicio-la-obra-del-cuarto-carril-en-la-autopista-buenos-aires-la-plata\/#primaryimage"},"thumbnailUrl":"https:\/\/diarioprincipios.com\/wp-content\/uploads\/2026\/01\/AUBASA-construira-el-cuarto-carril-en-la-zona-de-mayor-transito-de-la-AU-Bs.As-La-Plata.jpg","articleSection":["Provincia"],"inLanguage":"es","potentialAction":[{"@type":"CommentAction","name":"Comment","target":["https:\/\/diarioprincipios.com\/index.php\/2026\/01\/16\/la-provincia-inicio-la-obra-del-cuarto-carril-en-la-autopista-buenos-aires-la-plata\/#respond"]}]},{"@type":"WebPage","@id":"https:\/\/diarioprincipios.com\/index.php\/2026\/01\/16\/la-provincia-inicio-la-obra-del-cuarto-carril-en-la-autopista-buenos-aires-la-plata\/","url":"https:\/\/diarioprincipios.com\/index.php\/2026\/01\/16\/la-provincia-inicio-la-obra-del-cuarto-carril-en-la-autopista-buenos-aires-la-plata\/","name":"La Provincia inici\u00f3 la obra del cuarto carril en la Autopista Buenos Aires\u2013La Plata - Principios","isPartOf":{"@id":"https:\/\/diarioprincipios.com\/#website"},"primaryImageOfPage":{"@id":"https:\/\/diarioprincipios.com\/index.php\/2026\/01\/16\/la-provincia-inicio-la-obra-del-cuarto-carril-en-la-autopista-buenos-aires-la-plata\/#primaryimage"},"image":{"@id":"https:\/\/diarioprincipios.com\/index.php\/2026\/01\/16\/la-provincia-inicio-la-obra-del-cuarto-carril-en-la-autopista-buenos-aires-la-plata\/#primaryimage"},"thumbnailUrl":"https:\/\/diarioprincipios.com\/wp-content\/uploads\/2026\/01\/AUBASA-construira-el-cuarto-carril-en-la-zona-de-mayor-transito-de-la-AU-Bs.As-La-Plata.jpg","datePublished":"2026-01-16T15:09:29+00:00","breadcrumb":{"@id":"https:\/\/diarioprincipios.com\/index.php\/2026\/01\/16\/la-provincia-inicio-la-obra-del-cuarto-carril-en-la-autopista-buenos-aires-la-plata\/#breadcrumb"},"inLanguage":"es","potentialAction":[{"@type":"ReadAction","target":["https:\/\/diarioprincipios.com\/index.php\/2026\/01\/16\/la-provincia-inicio-la-obra-del-cuarto-carril-en-la-autopista-buenos-aires-la-plata\/"]}]},{"@type":"ImageObject","inLanguage":"es","@id":"https:\/\/diarioprincipios.com\/index.php\/2026\/01\/16\/la-provincia-inicio-la-obra-del-cuarto-carril-en-la-autopista-buenos-aires-la-plata\/#primaryimage","url":"https:\/\/diarioprincipios.com\/wp-content\/uploads\/2026\/01\/AUBASA-construira-el-cuarto-carril-en-la-zona-de-mayor-transito-de-la-AU-Bs.As-La-Plata.jpg","contentUrl":"https:\/\/diarioprincipios.com\/wp-content\/uploads\/2026\/01\/AUBASA-construira-el-cuarto-carril-en-la-zona-de-mayor-transito-de-la-AU-Bs.As-La-Plata.jpg","width":1280,"height":853},{"@type":"BreadcrumbList","@id":"https:\/\/diarioprincipios.com\/index.php\/2026\/01\/16\/la-provincia-inicio-la-obra-del-cuarto-carril-en-la-autopista-buenos-aires-la-plata\/#breadcrumb","itemListElement":[{"@type":"ListItem","position":1,"name":"Portada","item":"https:\/\/diarioprincipios.com\/"},{"@type":"ListItem","position":2,"name":"La Provincia inici\u00f3 la obra del cuarto carril en la Autopista Buenos Aires\u2013La Plata"}]},{"@type":"WebSite","@id":"https:\/\/diarioprincipios.com\/#website","url":"https:\/\/diarioprincipios.com\/","name":"Principios","description":"Principios Diario","publisher":{"@id":"https:\/\/diarioprincipios.com\/#organization"},"potentialAction":[{"@type":"SearchAction","target":{"@type":"EntryPoint","urlTemplate":"https:\/\/diarioprincipios.com\/?s={search_term_string}"},"query-input":{"@type":"PropertyValueSpecification","valueRequired":true,"valueName":"search_term_string"}}],"inLanguage":"es"},{"@type":"Organization","@id":"https:\/\/diarioprincipios.com\/#organization","name":"Principios","url":"https:\/\/diarioprincipios.com\/","logo":{"@type":"ImageObject","inLanguage":"es","@id":"https:\/\/diarioprincipios.com\/#\/schema\/logo\/image\/","url":"https:\/\/diarioprincipios.com\/wp-content\/uploads\/2024\/04\/cropped-www.diarioprincipios.com_-1.png","contentUrl":"https:\/\/diarioprincipios.com\/wp-content\/uploads\/2024\/04\/cropped-www.diarioprincipios.com_-1.png","width":5325,"height":1454,"caption":"Principios"},"image":{"@id":"https:\/\/diarioprincipios.com\/#\/schema\/logo\/image\/"}},{"@type":"Person","@id":"https:\/\/diarioprincipios.com\/#\/schema\/person\/436d5a1fd41a5e250e23ff5a6a7cb080","name":"Hern\u00e1n L\u00f3pez","image":{"@type":"ImageObject","inLanguage":"es","@id":"https:\/\/diarioprincipios.com\/wp-content\/litespeed\/avatar\/11ddfe5610ff3bd100522525b2571f48.jpg?ver=1777048341","url":"https:\/\/diarioprincipios.com\/wp-content\/litespeed\/avatar\/11ddfe5610ff3bd100522525b2571f48.jpg?ver=1777048341","contentUrl":"https:\/\/diarioprincipios.com\/wp-content\/litespeed\/avatar\/11ddfe5610ff3bd100522525b2571f48.jpg?ver=1777048341","caption":"Hern\u00e1n L\u00f3pez"},"url":"https:\/\/diarioprincipios.com\/index.php\/author\/hernan\/"}]}},"jetpack_featured_media_url":"https:\/\/diarioprincipios.com\/wp-content\/uploads\/2026\/01\/AUBASA-construira-el-cuarto-carril-en-la-zona-de-mayor-transito-de-la-AU-Bs.As-La-Plata.jpg","_links":{"self":[{"href":"https:\/\/diarioprincipios.com\/index.php\/wp-json\/wp\/v2\/posts\/26382","targetHints":{"allow":["GET"]}}],"collection":[{"href":"https:\/\/diarioprincipios.com\/index.php\/wp-json\/wp\/v2\/posts"}],"about":[{"href":"https:\/\/diarioprincipios.com\/index.php\/wp-json\/wp\/v2\/types\/post"}],"author":[{"embeddable":true,"href":"https:\/\/diarioprincipios.com\/index.php\/wp-json\/wp\/v2\/users\/2"}],"replies":[{"embeddable":true,"href":"https:\/\/diarioprincipios.com\/index.php\/wp-json\/wp\/v2\/comments?post=26382"}],"version-history":[{"count":1,"href":"https:\/\/diarioprincipios.com\/index.php\/wp-json\/wp\/v2\/posts\/26382\/revisions"}],"predecessor-version":[{"id":26384,"href":"https:\/\/diarioprincipios.com\/index.php\/wp-json\/wp\/v2\/posts\/26382\/revisions\/26384"}],"wp:featuredmedia":[{"embeddable":true,"href":"https:\/\/diarioprincipios.com\/index.php\/wp-json\/wp\/v2\/media\/26383"}],"wp:attachment":[{"href":"https:\/\/diarioprincipios.com\/index.php\/wp-json\/wp\/v2\/media?parent=26382"}],"wp:term":[{"taxonomy":"category","embeddable":true,"href":"https:\/\/diarioprincipios.com\/index.php\/wp-json\/wp\/v2\/categories?post=26382"},{"taxonomy":"post_tag","embeddable":true,"href":"https:\/\/diarioprincipios.com\/index.php\/wp-json\/wp\/v2\/tags?post=26382"}],"curies":[{"name":"wp","href":"https:\/\/api.w.org\/{rel}","templated":true}]}}