{"id":26374,"date":"2026-01-15T12:12:51","date_gmt":"2026-01-15T15:12:51","guid":{"rendered":"https:\/\/diarioprincipios.com\/?p=26374"},"modified":"2026-01-15T12:12:52","modified_gmt":"2026-01-15T15:12:52","slug":"comienza-el-ciclo-de-verano-2026","status":"publish","type":"post","link":"https:\/\/diarioprincipios.com\/index.php\/2026\/01\/15\/comienza-el-ciclo-de-verano-2026\/","title":{"rendered":"Comienza el Ciclo de Verano 2026"},"content":{"rendered":"\n<p>La Municipalidad de Berazategui, por impulso del intendente Carlos Balor, da inicio al Ciclo de Verano 2026. Durante los meses de enero y febrero, habr\u00e1 propuestas culturales, l\u00fadicas y recreativas gratuitas en distintos puntos de la ciudad.<\/p>\n\n\n\n<p>El Ciclo de Verano 2026 incluye jueves de cine, viernes de patios de tango y folclore, s\u00e1bados de festivales musicales y domingos de fiestas populares, entre otras actividades.<\/p>\n\n\n\n<figure class=\"wp-block-image size-large\"><img loading=\"lazy\" decoding=\"async\" width=\"1024\" height=\"652\" src=\"https:\/\/diarioprincipios.com\/wp-content\/uploads\/2026\/01\/Screenshot_20260115_120011_Yahoo-Mail-1024x652.jpg\" alt=\"\" class=\"wp-image-26375\" srcset=\"https:\/\/diarioprincipios.com\/wp-content\/uploads\/2026\/01\/Screenshot_20260115_120011_Yahoo-Mail-1024x652.jpg 1024w, https:\/\/diarioprincipios.com\/wp-content\/uploads\/2026\/01\/Screenshot_20260115_120011_Yahoo-Mail-300x191.jpg 300w, https:\/\/diarioprincipios.com\/wp-content\/uploads\/2026\/01\/Screenshot_20260115_120011_Yahoo-Mail-768x489.jpg 768w, https:\/\/diarioprincipios.com\/wp-content\/uploads\/2026\/01\/Screenshot_20260115_120011_Yahoo-Mail-150x95.jpg 150w, https:\/\/diarioprincipios.com\/wp-content\/uploads\/2026\/01\/Screenshot_20260115_120011_Yahoo-Mail.jpg 1080w\" sizes=\"auto, (max-width: 1024px) 100vw, 1024px\" \/><\/figure>\n\n\n\n<p>\u201cDesde hace muchos a\u00f1os, el Municipio de Berazategui organiza este particular ciclo impulsado por el Dr. Juan Jos\u00e9 Mussi y que, actualmente, el intendente Carlos Balor ha decidido continuar y fortalecer. El objetivo de esta iniciativa es que, durante el verano, todos los vecinos y vecinas puedan tener la posibilidad de disfrutar en su ciudad de una propuesta cultural amplia y participativa, de manera totalmente libre y gratuita\u201d, destac\u00f3 el secretario de Cultura y Educaci\u00f3n municipal, Federico L\u00f3pez.<\/p>\n\n\n\n<figure class=\"wp-block-image size-large\"><img loading=\"lazy\" decoding=\"async\" width=\"1024\" height=\"675\" src=\"https:\/\/diarioprincipios.com\/wp-content\/uploads\/2026\/01\/Screenshot_20260115_120004_Yahoo-Mail-1024x675.jpg\" alt=\"\" class=\"wp-image-26376\" srcset=\"https:\/\/diarioprincipios.com\/wp-content\/uploads\/2026\/01\/Screenshot_20260115_120004_Yahoo-Mail-1024x675.jpg 1024w, https:\/\/diarioprincipios.com\/wp-content\/uploads\/2026\/01\/Screenshot_20260115_120004_Yahoo-Mail-300x198.jpg 300w, https:\/\/diarioprincipios.com\/wp-content\/uploads\/2026\/01\/Screenshot_20260115_120004_Yahoo-Mail-768x506.jpg 768w, https:\/\/diarioprincipios.com\/wp-content\/uploads\/2026\/01\/Screenshot_20260115_120004_Yahoo-Mail.jpg 1068w\" sizes=\"auto, (max-width: 1024px) 100vw, 1024px\" \/><\/figure>\n\n\n\n<p>A continuaci\u00f3n, el cronograma de actividades del jueves 15 al domingo 18 de enero:<\/p>\n\n\n\n<ul class=\"wp-block-list\">\n<li>Jueves 15: Cine en El Patio, a las 20.30: proyecci\u00f3n de \u00abLa mujer de la fila\u00bb, protagonizada por Natalia Oreiro.<br>Complejo Cultural Municipal El Patio, calle 149 entre 15 y 15 A.<\/li>\n\n\n\n<li>Viernes 16: Patio de Tango y Folclore, a las 20.30: Gustavo Ser\u00e1 y la Orquesta Municipal de Tango.<br>Centro Municipal de Actividades Roberto De Vicenzo, calle 148 y 18.<\/li>\n\n\n\n<li>S\u00e1bado 17: Taller de carpinter\u00eda \u201cToco madera\u201d, a las 17.00.<br>Complejo Cultural Municipal La Casa de la Estaci\u00f3n, Av. Sabin entre 362 y 363.<\/li>\n\n\n\n<li>S\u00e1bado 17: Social de Salsa y Bachata, a las 20.30: se presenta \u00abLatin Lovers\u00bb y musicaliza \u201cDJ Marito Vross\u201d.<br>Centro Municipal de Actividades Roberto De Vicenzo, calle 148 y 18.<\/li>\n\n\n\n<li>Domingo 18: Taller \u201cM\u00e1quinas in\u00fatiles\u201d, a las 17.00.<br>Complejo Cultural Municipal La Casa de la Estaci\u00f3n, Av. Sabin entre 362 y 363.<\/li>\n\n\n\n<li>Domingo 18: Festival y Cultura Colectiva, a las 18.00: Act\u00faan: \u00abBraian, el Cantor de los Fogones\u201d y \u00abLos Cienagueros\u00bb. Tambi\u00e9n estar\u00e1 el Centro Cultural M\u00f3vil con propuestas y actividades para toda la familia.<br>Costa de Hudson, acceso por Avenida Diego A. Maradona (63).<\/li>\n\n\n\n<li>Domingo 18: Aniversario Caf\u00e9 Literario, a las 19.00: ciclo de poes\u00eda a cargo del Grupo Literario Almafuerte.<br>Complejo Cultural Municipal El Patio, calle 149 entre 15 y 15 A.<\/li>\n<\/ul>\n\n\n\n<p>La agenda completa del mes est\u00e1 disponible en berazategui.gob.ar\/cultura.<\/p>\n","protected":false},"excerpt":{"rendered":"<p>La Municipalidad de Berazategui, por impulso del intendente Carlos Balor, da inicio al Ciclo de Verano 2026. Durante los meses de enero y febrero, habr\u00e1 propuestas culturales, l\u00fadicas y recreativas gratuitas en distintos puntos de la ciudad. El Ciclo de Verano 2026 incluye jueves de cine, viernes de patios de tango y folclore, s\u00e1bados de&#8230;<\/p>\n","protected":false},"author":2,"featured_media":26377,"comment_status":"open","ping_status":"open","sticky":false,"template":"","format":"standard","meta":{"footnotes":""},"categories":[3,19],"tags":[],"class_list":["post-26374","post","type-post","status-publish","format-standard","has-post-thumbnail","hentry","category-berazategui","category-cultura-educacion"],"featured_image_src":"https:\/\/diarioprincipios.com\/wp-content\/uploads\/2026\/01\/Screenshot_20260115_120001_Yahoo-Mail-1024x661.jpg","blog_images":{"medium":"https:\/\/diarioprincipios.com\/wp-content\/uploads\/2026\/01\/Screenshot_20260115_120001_Yahoo-Mail-300x194.jpg","large":"https:\/\/diarioprincipios.com\/wp-content\/uploads\/2026\/01\/Screenshot_20260115_120001_Yahoo-Mail-1024x661.jpg"},"ams_acf":[],"yoast_head":"<!-- This site is optimized with the Yoast SEO plugin v27.3 - https:\/\/yoast.com\/product\/yoast-seo-wordpress\/ -->\n<title>Comienza el Ciclo de Verano 2026 - Principios<\/title>\n<meta name=\"robots\" content=\"index, follow, max-snippet:-1, max-image-preview:large, max-video-preview:-1\" \/>\n<link rel=\"canonical\" href=\"https:\/\/diarioprincipios.com\/index.php\/2026\/01\/15\/comienza-el-ciclo-de-verano-2026\/\" \/>\n<meta property=\"og:locale\" content=\"es_ES\" \/>\n<meta property=\"og:type\" content=\"article\" \/>\n<meta property=\"og:title\" content=\"Comienza el Ciclo de Verano 2026 - Principios\" \/>\n<meta property=\"og:description\" content=\"La Municipalidad de Berazategui, por impulso del intendente Carlos Balor, da inicio al Ciclo de Verano 2026. Durante los meses de enero y febrero, habr\u00e1 propuestas culturales, l\u00fadicas y recreativas gratuitas en distintos puntos de la ciudad. El Ciclo de Verano 2026 incluye jueves de cine, viernes de patios de tango y folclore, s\u00e1bados de...\" \/>\n<meta property=\"og:url\" content=\"https:\/\/diarioprincipios.com\/index.php\/2026\/01\/15\/comienza-el-ciclo-de-verano-2026\/\" \/>\n<meta property=\"og:site_name\" content=\"Principios\" \/>\n<meta property=\"article:published_time\" content=\"2026-01-15T15:12:51+00:00\" \/>\n<meta property=\"article:modified_time\" content=\"2026-01-15T15:12:52+00:00\" \/>\n<meta property=\"og:image\" content=\"https:\/\/diarioprincipios.com\/wp-content\/uploads\/2026\/01\/Screenshot_20260115_120001_Yahoo-Mail.jpg\" \/>\n\t<meta property=\"og:image:width\" content=\"1080\" \/>\n\t<meta property=\"og:image:height\" content=\"697\" \/>\n\t<meta property=\"og:image:type\" content=\"image\/jpeg\" \/>\n<meta name=\"author\" content=\"Hern\u00e1n L\u00f3pez\" \/>\n<meta name=\"twitter:card\" content=\"summary_large_image\" \/>\n<meta name=\"twitter:label1\" content=\"Escrito por\" \/>\n\t<meta name=\"twitter:data1\" content=\"Hern\u00e1n L\u00f3pez\" \/>\n\t<meta name=\"twitter:label2\" content=\"Tiempo de lectura\" \/>\n\t<meta name=\"twitter:data2\" content=\"3 minutos\" \/>\n<script type=\"application\/ld+json\" class=\"yoast-schema-graph\">{\"@context\":\"https:\\\/\\\/schema.org\",\"@graph\":[{\"@type\":\"Article\",\"@id\":\"https:\\\/\\\/diarioprincipios.com\\\/index.php\\\/2026\\\/01\\\/15\\\/comienza-el-ciclo-de-verano-2026\\\/#article\",\"isPartOf\":{\"@id\":\"https:\\\/\\\/diarioprincipios.com\\\/index.php\\\/2026\\\/01\\\/15\\\/comienza-el-ciclo-de-verano-2026\\\/\"},\"author\":{\"name\":\"Hern\u00e1n L\u00f3pez\",\"@id\":\"https:\\\/\\\/diarioprincipios.com\\\/#\\\/schema\\\/person\\\/436d5a1fd41a5e250e23ff5a6a7cb080\"},\"headline\":\"Comienza el Ciclo de Verano 2026\",\"datePublished\":\"2026-01-15T15:12:51+00:00\",\"dateModified\":\"2026-01-15T15:12:52+00:00\",\"mainEntityOfPage\":{\"@id\":\"https:\\\/\\\/diarioprincipios.com\\\/index.php\\\/2026\\\/01\\\/15\\\/comienza-el-ciclo-de-verano-2026\\\/\"},\"wordCount\":368,\"commentCount\":0,\"publisher\":{\"@id\":\"https:\\\/\\\/diarioprincipios.com\\\/#organization\"},\"image\":{\"@id\":\"https:\\\/\\\/diarioprincipios.com\\\/index.php\\\/2026\\\/01\\\/15\\\/comienza-el-ciclo-de-verano-2026\\\/#primaryimage\"},\"thumbnailUrl\":\"https:\\\/\\\/diarioprincipios.com\\\/wp-content\\\/uploads\\\/2026\\\/01\\\/Screenshot_20260115_120001_Yahoo-Mail.jpg\",\"articleSection\":[\"Berazategui\",\"Cultura y Educaci\u00f3n\"],\"inLanguage\":\"es\",\"potentialAction\":[{\"@type\":\"CommentAction\",\"name\":\"Comment\",\"target\":[\"https:\\\/\\\/diarioprincipios.com\\\/index.php\\\/2026\\\/01\\\/15\\\/comienza-el-ciclo-de-verano-2026\\\/#respond\"]}]},{\"@type\":\"WebPage\",\"@id\":\"https:\\\/\\\/diarioprincipios.com\\\/index.php\\\/2026\\\/01\\\/15\\\/comienza-el-ciclo-de-verano-2026\\\/\",\"url\":\"https:\\\/\\\/diarioprincipios.com\\\/index.php\\\/2026\\\/01\\\/15\\\/comienza-el-ciclo-de-verano-2026\\\/\",\"name\":\"Comienza el Ciclo de Verano 2026 - Principios\",\"isPartOf\":{\"@id\":\"https:\\\/\\\/diarioprincipios.com\\\/#website\"},\"primaryImageOfPage\":{\"@id\":\"https:\\\/\\\/diarioprincipios.com\\\/index.php\\\/2026\\\/01\\\/15\\\/comienza-el-ciclo-de-verano-2026\\\/#primaryimage\"},\"image\":{\"@id\":\"https:\\\/\\\/diarioprincipios.com\\\/index.php\\\/2026\\\/01\\\/15\\\/comienza-el-ciclo-de-verano-2026\\\/#primaryimage\"},\"thumbnailUrl\":\"https:\\\/\\\/diarioprincipios.com\\\/wp-content\\\/uploads\\\/2026\\\/01\\\/Screenshot_20260115_120001_Yahoo-Mail.jpg\",\"datePublished\":\"2026-01-15T15:12:51+00:00\",\"dateModified\":\"2026-01-15T15:12:52+00:00\",\"breadcrumb\":{\"@id\":\"https:\\\/\\\/diarioprincipios.com\\\/index.php\\\/2026\\\/01\\\/15\\\/comienza-el-ciclo-de-verano-2026\\\/#breadcrumb\"},\"inLanguage\":\"es\",\"potentialAction\":[{\"@type\":\"ReadAction\",\"target\":[\"https:\\\/\\\/diarioprincipios.com\\\/index.php\\\/2026\\\/01\\\/15\\\/comienza-el-ciclo-de-verano-2026\\\/\"]}]},{\"@type\":\"ImageObject\",\"inLanguage\":\"es\",\"@id\":\"https:\\\/\\\/diarioprincipios.com\\\/index.php\\\/2026\\\/01\\\/15\\\/comienza-el-ciclo-de-verano-2026\\\/#primaryimage\",\"url\":\"https:\\\/\\\/diarioprincipios.com\\\/wp-content\\\/uploads\\\/2026\\\/01\\\/Screenshot_20260115_120001_Yahoo-Mail.jpg\",\"contentUrl\":\"https:\\\/\\\/diarioprincipios.com\\\/wp-content\\\/uploads\\\/2026\\\/01\\\/Screenshot_20260115_120001_Yahoo-Mail.jpg\",\"width\":1080,\"height\":697},{\"@type\":\"BreadcrumbList\",\"@id\":\"https:\\\/\\\/diarioprincipios.com\\\/index.php\\\/2026\\\/01\\\/15\\\/comienza-el-ciclo-de-verano-2026\\\/#breadcrumb\",\"itemListElement\":[{\"@type\":\"ListItem\",\"position\":1,\"name\":\"Portada\",\"item\":\"https:\\\/\\\/diarioprincipios.com\\\/\"},{\"@type\":\"ListItem\",\"position\":2,\"name\":\"Comienza el Ciclo de Verano 2026\"}]},{\"@type\":\"WebSite\",\"@id\":\"https:\\\/\\\/diarioprincipios.com\\\/#website\",\"url\":\"https:\\\/\\\/diarioprincipios.com\\\/\",\"name\":\"Principios\",\"description\":\"Principios Diario\",\"publisher\":{\"@id\":\"https:\\\/\\\/diarioprincipios.com\\\/#organization\"},\"potentialAction\":[{\"@type\":\"SearchAction\",\"target\":{\"@type\":\"EntryPoint\",\"urlTemplate\":\"https:\\\/\\\/diarioprincipios.com\\\/?s={search_term_string}\"},\"query-input\":{\"@type\":\"PropertyValueSpecification\",\"valueRequired\":true,\"valueName\":\"search_term_string\"}}],\"inLanguage\":\"es\"},{\"@type\":\"Organization\",\"@id\":\"https:\\\/\\\/diarioprincipios.com\\\/#organization\",\"name\":\"Principios\",\"url\":\"https:\\\/\\\/diarioprincipios.com\\\/\",\"logo\":{\"@type\":\"ImageObject\",\"inLanguage\":\"es\",\"@id\":\"https:\\\/\\\/diarioprincipios.com\\\/#\\\/schema\\\/logo\\\/image\\\/\",\"url\":\"https:\\\/\\\/diarioprincipios.com\\\/wp-content\\\/uploads\\\/2024\\\/04\\\/cropped-www.diarioprincipios.com_-1.png\",\"contentUrl\":\"https:\\\/\\\/diarioprincipios.com\\\/wp-content\\\/uploads\\\/2024\\\/04\\\/cropped-www.diarioprincipios.com_-1.png\",\"width\":5325,\"height\":1454,\"caption\":\"Principios\"},\"image\":{\"@id\":\"https:\\\/\\\/diarioprincipios.com\\\/#\\\/schema\\\/logo\\\/image\\\/\"}},{\"@type\":\"Person\",\"@id\":\"https:\\\/\\\/diarioprincipios.com\\\/#\\\/schema\\\/person\\\/436d5a1fd41a5e250e23ff5a6a7cb080\",\"name\":\"Hern\u00e1n L\u00f3pez\",\"image\":{\"@type\":\"ImageObject\",\"inLanguage\":\"es\",\"@id\":\"https:\\\/\\\/diarioprincipios.com\\\/wp-content\\\/litespeed\\\/avatar\\\/11ddfe5610ff3bd100522525b2571f48.jpg?ver=1777048341\",\"url\":\"https:\\\/\\\/diarioprincipios.com\\\/wp-content\\\/litespeed\\\/avatar\\\/11ddfe5610ff3bd100522525b2571f48.jpg?ver=1777048341\",\"contentUrl\":\"https:\\\/\\\/diarioprincipios.com\\\/wp-content\\\/litespeed\\\/avatar\\\/11ddfe5610ff3bd100522525b2571f48.jpg?ver=1777048341\",\"caption\":\"Hern\u00e1n L\u00f3pez\"},\"url\":\"https:\\\/\\\/diarioprincipios.com\\\/index.php\\\/author\\\/hernan\\\/\"}]}<\/script>\n<!-- \/ Yoast SEO plugin. -->","yoast_head_json":{"title":"Comienza el Ciclo de Verano 2026 - Principios","robots":{"index":"index","follow":"follow","max-snippet":"max-snippet:-1","max-image-preview":"max-image-preview:large","max-video-preview":"max-video-preview:-1"},"canonical":"https:\/\/diarioprincipios.com\/index.php\/2026\/01\/15\/comienza-el-ciclo-de-verano-2026\/","og_locale":"es_ES","og_type":"article","og_title":"Comienza el Ciclo de Verano 2026 - Principios","og_description":"La Municipalidad de Berazategui, por impulso del intendente Carlos Balor, da inicio al Ciclo de Verano 2026. Durante los meses de enero y febrero, habr\u00e1 propuestas culturales, l\u00fadicas y recreativas gratuitas en distintos puntos de la ciudad. El Ciclo de Verano 2026 incluye jueves de cine, viernes de patios de tango y folclore, s\u00e1bados de...","og_url":"https:\/\/diarioprincipios.com\/index.php\/2026\/01\/15\/comienza-el-ciclo-de-verano-2026\/","og_site_name":"Principios","article_published_time":"2026-01-15T15:12:51+00:00","article_modified_time":"2026-01-15T15:12:52+00:00","og_image":[{"width":1080,"height":697,"url":"https:\/\/diarioprincipios.com\/wp-content\/uploads\/2026\/01\/Screenshot_20260115_120001_Yahoo-Mail.jpg","type":"image\/jpeg"}],"author":"Hern\u00e1n L\u00f3pez","twitter_card":"summary_large_image","twitter_misc":{"Escrito por":"Hern\u00e1n L\u00f3pez","Tiempo de lectura":"3 minutos"},"schema":{"@context":"https:\/\/schema.org","@graph":[{"@type":"Article","@id":"https:\/\/diarioprincipios.com\/index.php\/2026\/01\/15\/comienza-el-ciclo-de-verano-2026\/#article","isPartOf":{"@id":"https:\/\/diarioprincipios.com\/index.php\/2026\/01\/15\/comienza-el-ciclo-de-verano-2026\/"},"author":{"name":"Hern\u00e1n L\u00f3pez","@id":"https:\/\/diarioprincipios.com\/#\/schema\/person\/436d5a1fd41a5e250e23ff5a6a7cb080"},"headline":"Comienza el Ciclo de Verano 2026","datePublished":"2026-01-15T15:12:51+00:00","dateModified":"2026-01-15T15:12:52+00:00","mainEntityOfPage":{"@id":"https:\/\/diarioprincipios.com\/index.php\/2026\/01\/15\/comienza-el-ciclo-de-verano-2026\/"},"wordCount":368,"commentCount":0,"publisher":{"@id":"https:\/\/diarioprincipios.com\/#organization"},"image":{"@id":"https:\/\/diarioprincipios.com\/index.php\/2026\/01\/15\/comienza-el-ciclo-de-verano-2026\/#primaryimage"},"thumbnailUrl":"https:\/\/diarioprincipios.com\/wp-content\/uploads\/2026\/01\/Screenshot_20260115_120001_Yahoo-Mail.jpg","articleSection":["Berazategui","Cultura y Educaci\u00f3n"],"inLanguage":"es","potentialAction":[{"@type":"CommentAction","name":"Comment","target":["https:\/\/diarioprincipios.com\/index.php\/2026\/01\/15\/comienza-el-ciclo-de-verano-2026\/#respond"]}]},{"@type":"WebPage","@id":"https:\/\/diarioprincipios.com\/index.php\/2026\/01\/15\/comienza-el-ciclo-de-verano-2026\/","url":"https:\/\/diarioprincipios.com\/index.php\/2026\/01\/15\/comienza-el-ciclo-de-verano-2026\/","name":"Comienza el Ciclo de Verano 2026 - Principios","isPartOf":{"@id":"https:\/\/diarioprincipios.com\/#website"},"primaryImageOfPage":{"@id":"https:\/\/diarioprincipios.com\/index.php\/2026\/01\/15\/comienza-el-ciclo-de-verano-2026\/#primaryimage"},"image":{"@id":"https:\/\/diarioprincipios.com\/index.php\/2026\/01\/15\/comienza-el-ciclo-de-verano-2026\/#primaryimage"},"thumbnailUrl":"https:\/\/diarioprincipios.com\/wp-content\/uploads\/2026\/01\/Screenshot_20260115_120001_Yahoo-Mail.jpg","datePublished":"2026-01-15T15:12:51+00:00","dateModified":"2026-01-15T15:12:52+00:00","breadcrumb":{"@id":"https:\/\/diarioprincipios.com\/index.php\/2026\/01\/15\/comienza-el-ciclo-de-verano-2026\/#breadcrumb"},"inLanguage":"es","potentialAction":[{"@type":"ReadAction","target":["https:\/\/diarioprincipios.com\/index.php\/2026\/01\/15\/comienza-el-ciclo-de-verano-2026\/"]}]},{"@type":"ImageObject","inLanguage":"es","@id":"https:\/\/diarioprincipios.com\/index.php\/2026\/01\/15\/comienza-el-ciclo-de-verano-2026\/#primaryimage","url":"https:\/\/diarioprincipios.com\/wp-content\/uploads\/2026\/01\/Screenshot_20260115_120001_Yahoo-Mail.jpg","contentUrl":"https:\/\/diarioprincipios.com\/wp-content\/uploads\/2026\/01\/Screenshot_20260115_120001_Yahoo-Mail.jpg","width":1080,"height":697},{"@type":"BreadcrumbList","@id":"https:\/\/diarioprincipios.com\/index.php\/2026\/01\/15\/comienza-el-ciclo-de-verano-2026\/#breadcrumb","itemListElement":[{"@type":"ListItem","position":1,"name":"Portada","item":"https:\/\/diarioprincipios.com\/"},{"@type":"ListItem","position":2,"name":"Comienza el Ciclo de Verano 2026"}]},{"@type":"WebSite","@id":"https:\/\/diarioprincipios.com\/#website","url":"https:\/\/diarioprincipios.com\/","name":"Principios","description":"Principios Diario","publisher":{"@id":"https:\/\/diarioprincipios.com\/#organization"},"potentialAction":[{"@type":"SearchAction","target":{"@type":"EntryPoint","urlTemplate":"https:\/\/diarioprincipios.com\/?s={search_term_string}"},"query-input":{"@type":"PropertyValueSpecification","valueRequired":true,"valueName":"search_term_string"}}],"inLanguage":"es"},{"@type":"Organization","@id":"https:\/\/diarioprincipios.com\/#organization","name":"Principios","url":"https:\/\/diarioprincipios.com\/","logo":{"@type":"ImageObject","inLanguage":"es","@id":"https:\/\/diarioprincipios.com\/#\/schema\/logo\/image\/","url":"https:\/\/diarioprincipios.com\/wp-content\/uploads\/2024\/04\/cropped-www.diarioprincipios.com_-1.png","contentUrl":"https:\/\/diarioprincipios.com\/wp-content\/uploads\/2024\/04\/cropped-www.diarioprincipios.com_-1.png","width":5325,"height":1454,"caption":"Principios"},"image":{"@id":"https:\/\/diarioprincipios.com\/#\/schema\/logo\/image\/"}},{"@type":"Person","@id":"https:\/\/diarioprincipios.com\/#\/schema\/person\/436d5a1fd41a5e250e23ff5a6a7cb080","name":"Hern\u00e1n L\u00f3pez","image":{"@type":"ImageObject","inLanguage":"es","@id":"https:\/\/diarioprincipios.com\/wp-content\/litespeed\/avatar\/11ddfe5610ff3bd100522525b2571f48.jpg?ver=1777048341","url":"https:\/\/diarioprincipios.com\/wp-content\/litespeed\/avatar\/11ddfe5610ff3bd100522525b2571f48.jpg?ver=1777048341","contentUrl":"https:\/\/diarioprincipios.com\/wp-content\/litespeed\/avatar\/11ddfe5610ff3bd100522525b2571f48.jpg?ver=1777048341","caption":"Hern\u00e1n L\u00f3pez"},"url":"https:\/\/diarioprincipios.com\/index.php\/author\/hernan\/"}]}},"jetpack_featured_media_url":"https:\/\/diarioprincipios.com\/wp-content\/uploads\/2026\/01\/Screenshot_20260115_120001_Yahoo-Mail.jpg","_links":{"self":[{"href":"https:\/\/diarioprincipios.com\/index.php\/wp-json\/wp\/v2\/posts\/26374","targetHints":{"allow":["GET"]}}],"collection":[{"href":"https:\/\/diarioprincipios.com\/index.php\/wp-json\/wp\/v2\/posts"}],"about":[{"href":"https:\/\/diarioprincipios.com\/index.php\/wp-json\/wp\/v2\/types\/post"}],"author":[{"embeddable":true,"href":"https:\/\/diarioprincipios.com\/index.php\/wp-json\/wp\/v2\/users\/2"}],"replies":[{"embeddable":true,"href":"https:\/\/diarioprincipios.com\/index.php\/wp-json\/wp\/v2\/comments?post=26374"}],"version-history":[{"count":1,"href":"https:\/\/diarioprincipios.com\/index.php\/wp-json\/wp\/v2\/posts\/26374\/revisions"}],"predecessor-version":[{"id":26378,"href":"https:\/\/diarioprincipios.com\/index.php\/wp-json\/wp\/v2\/posts\/26374\/revisions\/26378"}],"wp:featuredmedia":[{"embeddable":true,"href":"https:\/\/diarioprincipios.com\/index.php\/wp-json\/wp\/v2\/media\/26377"}],"wp:attachment":[{"href":"https:\/\/diarioprincipios.com\/index.php\/wp-json\/wp\/v2\/media?parent=26374"}],"wp:term":[{"taxonomy":"category","embeddable":true,"href":"https:\/\/diarioprincipios.com\/index.php\/wp-json\/wp\/v2\/categories?post=26374"},{"taxonomy":"post_tag","embeddable":true,"href":"https:\/\/diarioprincipios.com\/index.php\/wp-json\/wp\/v2\/tags?post=26374"}],"curies":[{"name":"wp","href":"https:\/\/api.w.org\/{rel}","templated":true}]}}