{"id":26358,"date":"2026-01-14T14:42:45","date_gmt":"2026-01-14T17:42:45","guid":{"rendered":"https:\/\/diarioprincipios.com\/?p=26358"},"modified":"2026-01-14T14:42:46","modified_gmt":"2026-01-14T17:42:46","slug":"campana-de-vacunacion-contra-el-dengue-para-personas-de-15-a-59-anos","status":"publish","type":"post","link":"https:\/\/diarioprincipios.com\/index.php\/2026\/01\/14\/campana-de-vacunacion-contra-el-dengue-para-personas-de-15-a-59-anos\/","title":{"rendered":"Campa\u00f1a de Vacunaci\u00f3n contra el Dengue para personas de 15 a 59 a\u00f1os"},"content":{"rendered":"\n<p><strong>En Berazategui comenz\u00f3 la Campa\u00f1a de Vacunaci\u00f3n contra el Dengue, orientada a todas aquellas personas de 15 a 59 a\u00f1os que hayan padecido o no la enfermedad. Este servicio llegar\u00e1 a los vecinos y vecinas, de manera p\u00fablica, gratuita y sin el requerimiento de una orden m\u00e9dica, gracias al trabajo conjunto entre el Gobierno bonaerense de Axel Kicillof y la gesti\u00f3n municipal encabezada por el intendente Carlos Balor.<\/strong><\/p>\n\n\n\n<p>El dengue es una enfermedad infecciosa, transmitida principalmente por la picadura del mosquito Aedes Aegypti, que adquiere el virus al alimentarse de personas con la enfermedad y lo transmite al picar a otras. El contagio no ocurre de persona a persona.<\/p>\n\n\n\n<p>En ese sentido, la vacuna act\u00faa en forma preventiva. Sin embargo, est\u00e1 contraindicada durante el embarazo y la lactancia, en personas inmunocomprometidas o en tratamiento con quimioterapia o corticoides en altas dosis. En tanto, quienes ya tuvieron dengue deber\u00e1n esperar seis meses para vacunarse. Asimismo, si ya se aplicaron la primera dosis del esquema deber\u00e1n esperar tres meses para aplicarse la segunda y as\u00ed completarlo.<\/p>\n\n\n\n<figure class=\"wp-block-image size-large\"><img loading=\"lazy\" decoding=\"async\" width=\"1024\" height=\"683\" src=\"https:\/\/diarioprincipios.com\/wp-content\/uploads\/2026\/01\/Campana-de-Vacunacion-contra-el-Dengue-para-personas-de-15-a-59-anos-5-1024x683.jpg\" alt=\"\" class=\"wp-image-26359\" srcset=\"https:\/\/diarioprincipios.com\/wp-content\/uploads\/2026\/01\/Campana-de-Vacunacion-contra-el-Dengue-para-personas-de-15-a-59-anos-5-1024x683.jpg 1024w, https:\/\/diarioprincipios.com\/wp-content\/uploads\/2026\/01\/Campana-de-Vacunacion-contra-el-Dengue-para-personas-de-15-a-59-anos-5-300x200.jpg 300w, https:\/\/diarioprincipios.com\/wp-content\/uploads\/2026\/01\/Campana-de-Vacunacion-contra-el-Dengue-para-personas-de-15-a-59-anos-5-768x512.jpg 768w, https:\/\/diarioprincipios.com\/wp-content\/uploads\/2026\/01\/Campana-de-Vacunacion-contra-el-Dengue-para-personas-de-15-a-59-anos-5-1536x1024.jpg 1536w, https:\/\/diarioprincipios.com\/wp-content\/uploads\/2026\/01\/Campana-de-Vacunacion-contra-el-Dengue-para-personas-de-15-a-59-anos-5-600x400.jpg 600w, https:\/\/diarioprincipios.com\/wp-content\/uploads\/2026\/01\/Campana-de-Vacunacion-contra-el-Dengue-para-personas-de-15-a-59-anos-5.jpg 1920w\" sizes=\"auto, (max-width: 1024px) 100vw, 1024px\" \/><\/figure>\n\n\n\n<p>Para recibir la vacuna, los vecinos y vecinas que cumplan con los requisitos mencionados podr\u00e1n acercarse a los siguientes espacios, con su DNI y sin inscripci\u00f3n previa, de lunes a viernes de 8.00 a 16.00. En caso de tener que aplicarse la segunda dosis, tambi\u00e9n llevar la documentaci\u00f3n que certifique que ya recibi\u00f3 la primera.<\/p>\n\n\n\n<p>-CAPS N\u00b0 1 Dr. Javier S\u00e1batto: Av. 14 e\/ 131 y 132, Berazategui Oeste.<br>-CAPS N\u00b0 11: Calle 517 y 611, Ruta 36 (ex Ruta 2) km 38,5, El Pato.<br>-Vacunatorio Mujeres de Malvinas (Calle 52 B e\/ 134 y 135 A, Hudson).<\/p>\n\n\n\n<p>Para conocer m\u00e1s, se puede ingresar en&nbsp;<a rel=\"noreferrer noopener\" target=\"_blank\" href=\"http:\/\/berazategui.gob.ar\/salud\">Berazategui.gob.ar\/salud<\/a><\/p>\n","protected":false},"excerpt":{"rendered":"<p>En Berazategui comenz\u00f3 la Campa\u00f1a de Vacunaci\u00f3n contra el Dengue, orientada a todas aquellas personas de 15 a 59 a\u00f1os que hayan padecido o no la enfermedad. Este servicio llegar\u00e1 a los vecinos y vecinas, de manera p\u00fablica, gratuita y sin el requerimiento de una orden m\u00e9dica, gracias al trabajo conjunto entre el Gobierno bonaerense&#8230;<\/p>\n","protected":false},"author":2,"featured_media":26360,"comment_status":"open","ping_status":"open","sticky":false,"template":"","format":"standard","meta":{"footnotes":""},"categories":[3,20],"tags":[],"class_list":["post-26358","post","type-post","status-publish","format-standard","has-post-thumbnail","hentry","category-berazategui","category-salud-ambiente"],"featured_image_src":"https:\/\/diarioprincipios.com\/wp-content\/uploads\/2026\/01\/Campana-de-Vacunacion-contra-el-Dengue-para-personas-de-15-a-59-anos-2-1024x683.jpg","blog_images":{"medium":"https:\/\/diarioprincipios.com\/wp-content\/uploads\/2026\/01\/Campana-de-Vacunacion-contra-el-Dengue-para-personas-de-15-a-59-anos-2-300x200.jpg","large":"https:\/\/diarioprincipios.com\/wp-content\/uploads\/2026\/01\/Campana-de-Vacunacion-contra-el-Dengue-para-personas-de-15-a-59-anos-2-1024x683.jpg"},"ams_acf":[],"yoast_head":"<!-- This site is optimized with the Yoast SEO plugin v27.3 - https:\/\/yoast.com\/product\/yoast-seo-wordpress\/ -->\n<title>Campa\u00f1a de Vacunaci\u00f3n contra el Dengue para personas de 15 a 59 a\u00f1os - Principios<\/title>\n<meta name=\"robots\" content=\"index, follow, max-snippet:-1, max-image-preview:large, max-video-preview:-1\" \/>\n<link rel=\"canonical\" href=\"https:\/\/diarioprincipios.com\/index.php\/2026\/01\/14\/campana-de-vacunacion-contra-el-dengue-para-personas-de-15-a-59-anos\/\" \/>\n<meta property=\"og:locale\" content=\"es_ES\" \/>\n<meta property=\"og:type\" content=\"article\" \/>\n<meta property=\"og:title\" content=\"Campa\u00f1a de Vacunaci\u00f3n contra el Dengue para personas de 15 a 59 a\u00f1os - Principios\" \/>\n<meta property=\"og:description\" content=\"En Berazategui comenz\u00f3 la Campa\u00f1a de Vacunaci\u00f3n contra el Dengue, orientada a todas aquellas personas de 15 a 59 a\u00f1os que hayan padecido o no la enfermedad. Este servicio llegar\u00e1 a los vecinos y vecinas, de manera p\u00fablica, gratuita y sin el requerimiento de una orden m\u00e9dica, gracias al trabajo conjunto entre el Gobierno bonaerense...\" \/>\n<meta property=\"og:url\" content=\"https:\/\/diarioprincipios.com\/index.php\/2026\/01\/14\/campana-de-vacunacion-contra-el-dengue-para-personas-de-15-a-59-anos\/\" \/>\n<meta property=\"og:site_name\" content=\"Principios\" \/>\n<meta property=\"article:published_time\" content=\"2026-01-14T17:42:45+00:00\" \/>\n<meta property=\"article:modified_time\" content=\"2026-01-14T17:42:46+00:00\" \/>\n<meta property=\"og:image\" content=\"https:\/\/diarioprincipios.com\/wp-content\/uploads\/2026\/01\/Campana-de-Vacunacion-contra-el-Dengue-para-personas-de-15-a-59-anos-2.jpg\" \/>\n\t<meta property=\"og:image:width\" content=\"1920\" \/>\n\t<meta property=\"og:image:height\" content=\"1280\" \/>\n\t<meta property=\"og:image:type\" content=\"image\/jpeg\" \/>\n<meta name=\"author\" content=\"Hern\u00e1n L\u00f3pez\" \/>\n<meta name=\"twitter:card\" content=\"summary_large_image\" \/>\n<meta name=\"twitter:label1\" content=\"Escrito por\" \/>\n\t<meta name=\"twitter:data1\" content=\"Hern\u00e1n L\u00f3pez\" \/>\n\t<meta name=\"twitter:label2\" content=\"Tiempo de lectura\" \/>\n\t<meta name=\"twitter:data2\" content=\"2 minutos\" \/>\n<script type=\"application\/ld+json\" class=\"yoast-schema-graph\">{\"@context\":\"https:\\\/\\\/schema.org\",\"@graph\":[{\"@type\":\"Article\",\"@id\":\"https:\\\/\\\/diarioprincipios.com\\\/index.php\\\/2026\\\/01\\\/14\\\/campana-de-vacunacion-contra-el-dengue-para-personas-de-15-a-59-anos\\\/#article\",\"isPartOf\":{\"@id\":\"https:\\\/\\\/diarioprincipios.com\\\/index.php\\\/2026\\\/01\\\/14\\\/campana-de-vacunacion-contra-el-dengue-para-personas-de-15-a-59-anos\\\/\"},\"author\":{\"name\":\"Hern\u00e1n L\u00f3pez\",\"@id\":\"https:\\\/\\\/diarioprincipios.com\\\/#\\\/schema\\\/person\\\/436d5a1fd41a5e250e23ff5a6a7cb080\"},\"headline\":\"Campa\u00f1a de Vacunaci\u00f3n contra el Dengue para personas de 15 a 59 a\u00f1os\",\"datePublished\":\"2026-01-14T17:42:45+00:00\",\"dateModified\":\"2026-01-14T17:42:46+00:00\",\"mainEntityOfPage\":{\"@id\":\"https:\\\/\\\/diarioprincipios.com\\\/index.php\\\/2026\\\/01\\\/14\\\/campana-de-vacunacion-contra-el-dengue-para-personas-de-15-a-59-anos\\\/\"},\"wordCount\":296,\"commentCount\":0,\"publisher\":{\"@id\":\"https:\\\/\\\/diarioprincipios.com\\\/#organization\"},\"image\":{\"@id\":\"https:\\\/\\\/diarioprincipios.com\\\/index.php\\\/2026\\\/01\\\/14\\\/campana-de-vacunacion-contra-el-dengue-para-personas-de-15-a-59-anos\\\/#primaryimage\"},\"thumbnailUrl\":\"https:\\\/\\\/diarioprincipios.com\\\/wp-content\\\/uploads\\\/2026\\\/01\\\/Campana-de-Vacunacion-contra-el-Dengue-para-personas-de-15-a-59-anos-2.jpg\",\"articleSection\":[\"Berazategui\",\"Salud y Ambiente\"],\"inLanguage\":\"es\",\"potentialAction\":[{\"@type\":\"CommentAction\",\"name\":\"Comment\",\"target\":[\"https:\\\/\\\/diarioprincipios.com\\\/index.php\\\/2026\\\/01\\\/14\\\/campana-de-vacunacion-contra-el-dengue-para-personas-de-15-a-59-anos\\\/#respond\"]}]},{\"@type\":\"WebPage\",\"@id\":\"https:\\\/\\\/diarioprincipios.com\\\/index.php\\\/2026\\\/01\\\/14\\\/campana-de-vacunacion-contra-el-dengue-para-personas-de-15-a-59-anos\\\/\",\"url\":\"https:\\\/\\\/diarioprincipios.com\\\/index.php\\\/2026\\\/01\\\/14\\\/campana-de-vacunacion-contra-el-dengue-para-personas-de-15-a-59-anos\\\/\",\"name\":\"Campa\u00f1a de Vacunaci\u00f3n contra el Dengue para personas de 15 a 59 a\u00f1os - Principios\",\"isPartOf\":{\"@id\":\"https:\\\/\\\/diarioprincipios.com\\\/#website\"},\"primaryImageOfPage\":{\"@id\":\"https:\\\/\\\/diarioprincipios.com\\\/index.php\\\/2026\\\/01\\\/14\\\/campana-de-vacunacion-contra-el-dengue-para-personas-de-15-a-59-anos\\\/#primaryimage\"},\"image\":{\"@id\":\"https:\\\/\\\/diarioprincipios.com\\\/index.php\\\/2026\\\/01\\\/14\\\/campana-de-vacunacion-contra-el-dengue-para-personas-de-15-a-59-anos\\\/#primaryimage\"},\"thumbnailUrl\":\"https:\\\/\\\/diarioprincipios.com\\\/wp-content\\\/uploads\\\/2026\\\/01\\\/Campana-de-Vacunacion-contra-el-Dengue-para-personas-de-15-a-59-anos-2.jpg\",\"datePublished\":\"2026-01-14T17:42:45+00:00\",\"dateModified\":\"2026-01-14T17:42:46+00:00\",\"breadcrumb\":{\"@id\":\"https:\\\/\\\/diarioprincipios.com\\\/index.php\\\/2026\\\/01\\\/14\\\/campana-de-vacunacion-contra-el-dengue-para-personas-de-15-a-59-anos\\\/#breadcrumb\"},\"inLanguage\":\"es\",\"potentialAction\":[{\"@type\":\"ReadAction\",\"target\":[\"https:\\\/\\\/diarioprincipios.com\\\/index.php\\\/2026\\\/01\\\/14\\\/campana-de-vacunacion-contra-el-dengue-para-personas-de-15-a-59-anos\\\/\"]}]},{\"@type\":\"ImageObject\",\"inLanguage\":\"es\",\"@id\":\"https:\\\/\\\/diarioprincipios.com\\\/index.php\\\/2026\\\/01\\\/14\\\/campana-de-vacunacion-contra-el-dengue-para-personas-de-15-a-59-anos\\\/#primaryimage\",\"url\":\"https:\\\/\\\/diarioprincipios.com\\\/wp-content\\\/uploads\\\/2026\\\/01\\\/Campana-de-Vacunacion-contra-el-Dengue-para-personas-de-15-a-59-anos-2.jpg\",\"contentUrl\":\"https:\\\/\\\/diarioprincipios.com\\\/wp-content\\\/uploads\\\/2026\\\/01\\\/Campana-de-Vacunacion-contra-el-Dengue-para-personas-de-15-a-59-anos-2.jpg\",\"width\":1920,\"height\":1280},{\"@type\":\"BreadcrumbList\",\"@id\":\"https:\\\/\\\/diarioprincipios.com\\\/index.php\\\/2026\\\/01\\\/14\\\/campana-de-vacunacion-contra-el-dengue-para-personas-de-15-a-59-anos\\\/#breadcrumb\",\"itemListElement\":[{\"@type\":\"ListItem\",\"position\":1,\"name\":\"Portada\",\"item\":\"https:\\\/\\\/diarioprincipios.com\\\/\"},{\"@type\":\"ListItem\",\"position\":2,\"name\":\"Campa\u00f1a de Vacunaci\u00f3n contra el Dengue para personas de 15 a 59 a\u00f1os\"}]},{\"@type\":\"WebSite\",\"@id\":\"https:\\\/\\\/diarioprincipios.com\\\/#website\",\"url\":\"https:\\\/\\\/diarioprincipios.com\\\/\",\"name\":\"Principios\",\"description\":\"Principios Diario\",\"publisher\":{\"@id\":\"https:\\\/\\\/diarioprincipios.com\\\/#organization\"},\"potentialAction\":[{\"@type\":\"SearchAction\",\"target\":{\"@type\":\"EntryPoint\",\"urlTemplate\":\"https:\\\/\\\/diarioprincipios.com\\\/?s={search_term_string}\"},\"query-input\":{\"@type\":\"PropertyValueSpecification\",\"valueRequired\":true,\"valueName\":\"search_term_string\"}}],\"inLanguage\":\"es\"},{\"@type\":\"Organization\",\"@id\":\"https:\\\/\\\/diarioprincipios.com\\\/#organization\",\"name\":\"Principios\",\"url\":\"https:\\\/\\\/diarioprincipios.com\\\/\",\"logo\":{\"@type\":\"ImageObject\",\"inLanguage\":\"es\",\"@id\":\"https:\\\/\\\/diarioprincipios.com\\\/#\\\/schema\\\/logo\\\/image\\\/\",\"url\":\"https:\\\/\\\/diarioprincipios.com\\\/wp-content\\\/uploads\\\/2024\\\/04\\\/cropped-www.diarioprincipios.com_-1.png\",\"contentUrl\":\"https:\\\/\\\/diarioprincipios.com\\\/wp-content\\\/uploads\\\/2024\\\/04\\\/cropped-www.diarioprincipios.com_-1.png\",\"width\":5325,\"height\":1454,\"caption\":\"Principios\"},\"image\":{\"@id\":\"https:\\\/\\\/diarioprincipios.com\\\/#\\\/schema\\\/logo\\\/image\\\/\"}},{\"@type\":\"Person\",\"@id\":\"https:\\\/\\\/diarioprincipios.com\\\/#\\\/schema\\\/person\\\/436d5a1fd41a5e250e23ff5a6a7cb080\",\"name\":\"Hern\u00e1n L\u00f3pez\",\"image\":{\"@type\":\"ImageObject\",\"inLanguage\":\"es\",\"@id\":\"https:\\\/\\\/diarioprincipios.com\\\/wp-content\\\/litespeed\\\/avatar\\\/11ddfe5610ff3bd100522525b2571f48.jpg?ver=1777048341\",\"url\":\"https:\\\/\\\/diarioprincipios.com\\\/wp-content\\\/litespeed\\\/avatar\\\/11ddfe5610ff3bd100522525b2571f48.jpg?ver=1777048341\",\"contentUrl\":\"https:\\\/\\\/diarioprincipios.com\\\/wp-content\\\/litespeed\\\/avatar\\\/11ddfe5610ff3bd100522525b2571f48.jpg?ver=1777048341\",\"caption\":\"Hern\u00e1n L\u00f3pez\"},\"url\":\"https:\\\/\\\/diarioprincipios.com\\\/index.php\\\/author\\\/hernan\\\/\"}]}<\/script>\n<!-- \/ Yoast SEO plugin. -->","yoast_head_json":{"title":"Campa\u00f1a de Vacunaci\u00f3n contra el Dengue para personas de 15 a 59 a\u00f1os - Principios","robots":{"index":"index","follow":"follow","max-snippet":"max-snippet:-1","max-image-preview":"max-image-preview:large","max-video-preview":"max-video-preview:-1"},"canonical":"https:\/\/diarioprincipios.com\/index.php\/2026\/01\/14\/campana-de-vacunacion-contra-el-dengue-para-personas-de-15-a-59-anos\/","og_locale":"es_ES","og_type":"article","og_title":"Campa\u00f1a de Vacunaci\u00f3n contra el Dengue para personas de 15 a 59 a\u00f1os - Principios","og_description":"En Berazategui comenz\u00f3 la Campa\u00f1a de Vacunaci\u00f3n contra el Dengue, orientada a todas aquellas personas de 15 a 59 a\u00f1os que hayan padecido o no la enfermedad. Este servicio llegar\u00e1 a los vecinos y vecinas, de manera p\u00fablica, gratuita y sin el requerimiento de una orden m\u00e9dica, gracias al trabajo conjunto entre el Gobierno bonaerense...","og_url":"https:\/\/diarioprincipios.com\/index.php\/2026\/01\/14\/campana-de-vacunacion-contra-el-dengue-para-personas-de-15-a-59-anos\/","og_site_name":"Principios","article_published_time":"2026-01-14T17:42:45+00:00","article_modified_time":"2026-01-14T17:42:46+00:00","og_image":[{"width":1920,"height":1280,"url":"https:\/\/diarioprincipios.com\/wp-content\/uploads\/2026\/01\/Campana-de-Vacunacion-contra-el-Dengue-para-personas-de-15-a-59-anos-2.jpg","type":"image\/jpeg"}],"author":"Hern\u00e1n L\u00f3pez","twitter_card":"summary_large_image","twitter_misc":{"Escrito por":"Hern\u00e1n L\u00f3pez","Tiempo de lectura":"2 minutos"},"schema":{"@context":"https:\/\/schema.org","@graph":[{"@type":"Article","@id":"https:\/\/diarioprincipios.com\/index.php\/2026\/01\/14\/campana-de-vacunacion-contra-el-dengue-para-personas-de-15-a-59-anos\/#article","isPartOf":{"@id":"https:\/\/diarioprincipios.com\/index.php\/2026\/01\/14\/campana-de-vacunacion-contra-el-dengue-para-personas-de-15-a-59-anos\/"},"author":{"name":"Hern\u00e1n L\u00f3pez","@id":"https:\/\/diarioprincipios.com\/#\/schema\/person\/436d5a1fd41a5e250e23ff5a6a7cb080"},"headline":"Campa\u00f1a de Vacunaci\u00f3n contra el Dengue para personas de 15 a 59 a\u00f1os","datePublished":"2026-01-14T17:42:45+00:00","dateModified":"2026-01-14T17:42:46+00:00","mainEntityOfPage":{"@id":"https:\/\/diarioprincipios.com\/index.php\/2026\/01\/14\/campana-de-vacunacion-contra-el-dengue-para-personas-de-15-a-59-anos\/"},"wordCount":296,"commentCount":0,"publisher":{"@id":"https:\/\/diarioprincipios.com\/#organization"},"image":{"@id":"https:\/\/diarioprincipios.com\/index.php\/2026\/01\/14\/campana-de-vacunacion-contra-el-dengue-para-personas-de-15-a-59-anos\/#primaryimage"},"thumbnailUrl":"https:\/\/diarioprincipios.com\/wp-content\/uploads\/2026\/01\/Campana-de-Vacunacion-contra-el-Dengue-para-personas-de-15-a-59-anos-2.jpg","articleSection":["Berazategui","Salud y Ambiente"],"inLanguage":"es","potentialAction":[{"@type":"CommentAction","name":"Comment","target":["https:\/\/diarioprincipios.com\/index.php\/2026\/01\/14\/campana-de-vacunacion-contra-el-dengue-para-personas-de-15-a-59-anos\/#respond"]}]},{"@type":"WebPage","@id":"https:\/\/diarioprincipios.com\/index.php\/2026\/01\/14\/campana-de-vacunacion-contra-el-dengue-para-personas-de-15-a-59-anos\/","url":"https:\/\/diarioprincipios.com\/index.php\/2026\/01\/14\/campana-de-vacunacion-contra-el-dengue-para-personas-de-15-a-59-anos\/","name":"Campa\u00f1a de Vacunaci\u00f3n contra el Dengue para personas de 15 a 59 a\u00f1os - Principios","isPartOf":{"@id":"https:\/\/diarioprincipios.com\/#website"},"primaryImageOfPage":{"@id":"https:\/\/diarioprincipios.com\/index.php\/2026\/01\/14\/campana-de-vacunacion-contra-el-dengue-para-personas-de-15-a-59-anos\/#primaryimage"},"image":{"@id":"https:\/\/diarioprincipios.com\/index.php\/2026\/01\/14\/campana-de-vacunacion-contra-el-dengue-para-personas-de-15-a-59-anos\/#primaryimage"},"thumbnailUrl":"https:\/\/diarioprincipios.com\/wp-content\/uploads\/2026\/01\/Campana-de-Vacunacion-contra-el-Dengue-para-personas-de-15-a-59-anos-2.jpg","datePublished":"2026-01-14T17:42:45+00:00","dateModified":"2026-01-14T17:42:46+00:00","breadcrumb":{"@id":"https:\/\/diarioprincipios.com\/index.php\/2026\/01\/14\/campana-de-vacunacion-contra-el-dengue-para-personas-de-15-a-59-anos\/#breadcrumb"},"inLanguage":"es","potentialAction":[{"@type":"ReadAction","target":["https:\/\/diarioprincipios.com\/index.php\/2026\/01\/14\/campana-de-vacunacion-contra-el-dengue-para-personas-de-15-a-59-anos\/"]}]},{"@type":"ImageObject","inLanguage":"es","@id":"https:\/\/diarioprincipios.com\/index.php\/2026\/01\/14\/campana-de-vacunacion-contra-el-dengue-para-personas-de-15-a-59-anos\/#primaryimage","url":"https:\/\/diarioprincipios.com\/wp-content\/uploads\/2026\/01\/Campana-de-Vacunacion-contra-el-Dengue-para-personas-de-15-a-59-anos-2.jpg","contentUrl":"https:\/\/diarioprincipios.com\/wp-content\/uploads\/2026\/01\/Campana-de-Vacunacion-contra-el-Dengue-para-personas-de-15-a-59-anos-2.jpg","width":1920,"height":1280},{"@type":"BreadcrumbList","@id":"https:\/\/diarioprincipios.com\/index.php\/2026\/01\/14\/campana-de-vacunacion-contra-el-dengue-para-personas-de-15-a-59-anos\/#breadcrumb","itemListElement":[{"@type":"ListItem","position":1,"name":"Portada","item":"https:\/\/diarioprincipios.com\/"},{"@type":"ListItem","position":2,"name":"Campa\u00f1a de Vacunaci\u00f3n contra el Dengue para personas de 15 a 59 a\u00f1os"}]},{"@type":"WebSite","@id":"https:\/\/diarioprincipios.com\/#website","url":"https:\/\/diarioprincipios.com\/","name":"Principios","description":"Principios Diario","publisher":{"@id":"https:\/\/diarioprincipios.com\/#organization"},"potentialAction":[{"@type":"SearchAction","target":{"@type":"EntryPoint","urlTemplate":"https:\/\/diarioprincipios.com\/?s={search_term_string}"},"query-input":{"@type":"PropertyValueSpecification","valueRequired":true,"valueName":"search_term_string"}}],"inLanguage":"es"},{"@type":"Organization","@id":"https:\/\/diarioprincipios.com\/#organization","name":"Principios","url":"https:\/\/diarioprincipios.com\/","logo":{"@type":"ImageObject","inLanguage":"es","@id":"https:\/\/diarioprincipios.com\/#\/schema\/logo\/image\/","url":"https:\/\/diarioprincipios.com\/wp-content\/uploads\/2024\/04\/cropped-www.diarioprincipios.com_-1.png","contentUrl":"https:\/\/diarioprincipios.com\/wp-content\/uploads\/2024\/04\/cropped-www.diarioprincipios.com_-1.png","width":5325,"height":1454,"caption":"Principios"},"image":{"@id":"https:\/\/diarioprincipios.com\/#\/schema\/logo\/image\/"}},{"@type":"Person","@id":"https:\/\/diarioprincipios.com\/#\/schema\/person\/436d5a1fd41a5e250e23ff5a6a7cb080","name":"Hern\u00e1n L\u00f3pez","image":{"@type":"ImageObject","inLanguage":"es","@id":"https:\/\/diarioprincipios.com\/wp-content\/litespeed\/avatar\/11ddfe5610ff3bd100522525b2571f48.jpg?ver=1777048341","url":"https:\/\/diarioprincipios.com\/wp-content\/litespeed\/avatar\/11ddfe5610ff3bd100522525b2571f48.jpg?ver=1777048341","contentUrl":"https:\/\/diarioprincipios.com\/wp-content\/litespeed\/avatar\/11ddfe5610ff3bd100522525b2571f48.jpg?ver=1777048341","caption":"Hern\u00e1n L\u00f3pez"},"url":"https:\/\/diarioprincipios.com\/index.php\/author\/hernan\/"}]}},"jetpack_featured_media_url":"https:\/\/diarioprincipios.com\/wp-content\/uploads\/2026\/01\/Campana-de-Vacunacion-contra-el-Dengue-para-personas-de-15-a-59-anos-2.jpg","_links":{"self":[{"href":"https:\/\/diarioprincipios.com\/index.php\/wp-json\/wp\/v2\/posts\/26358","targetHints":{"allow":["GET"]}}],"collection":[{"href":"https:\/\/diarioprincipios.com\/index.php\/wp-json\/wp\/v2\/posts"}],"about":[{"href":"https:\/\/diarioprincipios.com\/index.php\/wp-json\/wp\/v2\/types\/post"}],"author":[{"embeddable":true,"href":"https:\/\/diarioprincipios.com\/index.php\/wp-json\/wp\/v2\/users\/2"}],"replies":[{"embeddable":true,"href":"https:\/\/diarioprincipios.com\/index.php\/wp-json\/wp\/v2\/comments?post=26358"}],"version-history":[{"count":1,"href":"https:\/\/diarioprincipios.com\/index.php\/wp-json\/wp\/v2\/posts\/26358\/revisions"}],"predecessor-version":[{"id":26361,"href":"https:\/\/diarioprincipios.com\/index.php\/wp-json\/wp\/v2\/posts\/26358\/revisions\/26361"}],"wp:featuredmedia":[{"embeddable":true,"href":"https:\/\/diarioprincipios.com\/index.php\/wp-json\/wp\/v2\/media\/26360"}],"wp:attachment":[{"href":"https:\/\/diarioprincipios.com\/index.php\/wp-json\/wp\/v2\/media?parent=26358"}],"wp:term":[{"taxonomy":"category","embeddable":true,"href":"https:\/\/diarioprincipios.com\/index.php\/wp-json\/wp\/v2\/categories?post=26358"},{"taxonomy":"post_tag","embeddable":true,"href":"https:\/\/diarioprincipios.com\/index.php\/wp-json\/wp\/v2\/tags?post=26358"}],"curies":[{"name":"wp","href":"https:\/\/api.w.org\/{rel}","templated":true}]}}