{"id":2627,"date":"2020-06-08T20:21:10","date_gmt":"2020-06-08T23:21:10","guid":{"rendered":"http:\/\/diarioprincipios.com\/?p=2627"},"modified":"2020-06-08T20:22:15","modified_gmt":"2020-06-08T23:22:15","slug":"convocan-a-participar-de-concurso-online-pandemia-y-cambio-climatico","status":"publish","type":"post","link":"https:\/\/diarioprincipios.com\/index.php\/2020\/06\/08\/convocan-a-participar-de-concurso-online-pandemia-y-cambio-climatico\/","title":{"rendered":"Convocan a participar de Concurso Online \u00abPandemia y Cambio Clim\u00e1tico\u00bb"},"content":{"rendered":"\n<p><strong>En el marco de la actual situaci\u00f3n de propagaci\u00f3n del COVID-19, que implica el aislamiento social, preventivo y obligatorio a nivel nacional, provincial y local, la Municipalidad de Berazategui -a trav\u00e9s de la Direcci\u00f3n de Ambiente y Desarrollo Sustentable- ha ideado esta propuesta online, con el fin de incentivar el desarrollo de proyectos innovadores en el campo de la \u201cCultura Sustentable\u201d y el \u201cCambio Clim\u00e1tico\u201d.<\/strong><\/p>\n\n\n\n<p>El concurso \u201cPandemia y cambio clim\u00e1tico\u201d invita a vecinos y vecinas innovadores, visionarios e inventores, organizados en equipos y movilizados por el deseo de incentivar en Berazategui una mayor conciencia ambiental y construir un mundo sustentable. Los equipos pueden tener hasta 4 integrantes y solo pueden presentar 1 proyecto. Los mismos, que ya pueden entregarse, se recibir\u00e1n hasta el 31 de agosto. Las bases y condiciones del concurso se encuentran en&nbsp;<a rel=\"noreferrer noopener\" target=\"_blank\" href=\"http:\/\/berazategui.gob.ar\/concursosustentable\">berazategui.gob.ar\/concursosustentable<\/a>.<\/p>\n\n\n\n<figure class=\"wp-block-image size-large\"><img loading=\"lazy\" decoding=\"async\" width=\"901\" height=\"901\" src=\"https:\/\/diarioprincipios.com\/wp-content\/uploads\/2020\/06\/CONCURSO-ONLINE-PANDEMIA-Y-CAMBIO-CLIM\u00c1TICO-1.jpeg\" alt=\"\" class=\"wp-image-2630\" srcset=\"https:\/\/diarioprincipios.com\/wp-content\/uploads\/2020\/06\/CONCURSO-ONLINE-PANDEMIA-Y-CAMBIO-CLIM\u00c1TICO-1.jpeg 901w, https:\/\/diarioprincipios.com\/wp-content\/uploads\/2020\/06\/CONCURSO-ONLINE-PANDEMIA-Y-CAMBIO-CLIM\u00c1TICO-1-300x300.jpeg 300w, https:\/\/diarioprincipios.com\/wp-content\/uploads\/2020\/06\/CONCURSO-ONLINE-PANDEMIA-Y-CAMBIO-CLIM\u00c1TICO-1-150x150.jpeg 150w, https:\/\/diarioprincipios.com\/wp-content\/uploads\/2020\/06\/CONCURSO-ONLINE-PANDEMIA-Y-CAMBIO-CLIM\u00c1TICO-1-768x768.jpeg 768w\" sizes=\"auto, (max-width: 901px) 100vw, 901px\" \/><\/figure>\n\n\n\n<p>Luego se realizar\u00e1 un proceso de selecci\u00f3n y premiaci\u00f3n de las propuestas. Se entregar\u00e1n incentivos econ\u00f3micos para la realizaci\u00f3n de los proyectos ganadores y se premiar\u00e1n las buenas pr\u00e1cticas en desarrollo sostenible, gesti\u00f3n sustentable y protecci\u00f3n ambiental, y aquellos proyectos que propongan la discusi\u00f3n sobre la relaci\u00f3n del \u201cCambio Clim\u00e1tico\u201d con el surgimiento y propagaci\u00f3n del COVID-19. Las buenas pr\u00e1cticas son aquellas soluciones o contribuciones exitosas al mejoramiento de la calidad de vida de las personas, con un impacto tangible y sostenible en todos los \u00e1mbitos de la sociedad: social, cultural, econ\u00f3mico, sanitario y ambiental.<\/p>\n\n\n\n<p>El COVID-19 trae la oportunidad de tomar conciencia del mundo en el que se vive y c\u00f3mo se lo habita, en medio de una crisis ambiental a nivel global que implica a su vez una crisis sanitaria, econ\u00f3mica y social. Las crisis son momentos de inflexi\u00f3n, de oportunidades para quien logra verlas y aprovecharlas, y el COVID-19 est\u00e1 visibilizando el mejor modo de cuidarse y cuidar a los dem\u00e1s.<\/p>\n\n\n\n<p>Con esta iniciativa municipal se busca promover la toma de conciencia sobre las problem\u00e1ticas actuales de pandemia y cambio clim\u00e1tico, a la vez que motivar a la comunidad a idear y presentar propuestas en forma colaborativa que, referidas al desarrollo sostenible y a la disminuci\u00f3n de los efectos de las problem\u00e1ticas mencionadas, puedan significar una mejora en las condiciones de vida de Berazategui.<\/p>\n\n\n\n<p>Que el restablecimiento de las actividades econ\u00f3micas y sociales, luego de atravesar el actual contexto de pandemia, sea sustentable y justo, depende de la comunidad, de que \u00e9sta se permita dise\u00f1ar el mundo en el que anhela habitar y el modo en el cual desea hacerlo.<\/p>\n\n\n\n<p>Para mayor informaci\u00f3n, se invita a los interesados a enviar un correo electr\u00f3nico a&nbsp;<a rel=\"noreferrer noopener\" target=\"_blank\" href=\"mailto:ssambiente@berazategui.gov.ar\">ssambiente@berazategui.gov.ar<\/a>.<\/p>\n","protected":false},"excerpt":{"rendered":"<p>En el marco de la actual situaci\u00f3n de propagaci\u00f3n del COVID-19, que implica el aislamiento social, preventivo y obligatorio a nivel nacional, provincial y local, la Municipalidad de Berazategui -a trav\u00e9s de la Direcci\u00f3n de Ambiente y Desarrollo Sustentable- ha ideado esta propuesta online, con el fin de incentivar el desarrollo de proyectos innovadores en&#8230;<\/p>\n","protected":false},"author":2,"featured_media":2628,"comment_status":"open","ping_status":"open","sticky":false,"template":"","format":"standard","meta":{"footnotes":""},"categories":[3],"tags":[],"class_list":["post-2627","post","type-post","status-publish","format-standard","has-post-thumbnail","hentry","category-berazategui"],"featured_image_src":"https:\/\/diarioprincipios.com\/wp-content\/uploads\/2020\/06\/CONCURSO-ONLINE-PANDEMIA-Y-CAMBIO-CLIM\u00c1TICO.jpeg","blog_images":{"medium":"https:\/\/diarioprincipios.com\/wp-content\/uploads\/2020\/06\/CONCURSO-ONLINE-PANDEMIA-Y-CAMBIO-CLIM\u00c1TICO-300x300.jpeg","large":"https:\/\/diarioprincipios.com\/wp-content\/uploads\/2020\/06\/CONCURSO-ONLINE-PANDEMIA-Y-CAMBIO-CLIM\u00c1TICO.jpeg"},"ams_acf":[],"yoast_head":"<!-- This site is optimized with the Yoast SEO plugin v27.3 - https:\/\/yoast.com\/product\/yoast-seo-wordpress\/ -->\n<title>Convocan a participar de Concurso Online &quot;Pandemia y Cambio Clim\u00e1tico&quot; - Principios<\/title>\n<meta name=\"robots\" content=\"index, follow, max-snippet:-1, max-image-preview:large, max-video-preview:-1\" \/>\n<link rel=\"canonical\" href=\"https:\/\/diarioprincipios.com\/index.php\/2020\/06\/08\/convocan-a-participar-de-concurso-online-pandemia-y-cambio-climatico\/\" \/>\n<meta property=\"og:locale\" content=\"es_ES\" \/>\n<meta property=\"og:type\" content=\"article\" \/>\n<meta property=\"og:title\" content=\"Convocan a participar de Concurso Online &quot;Pandemia y Cambio Clim\u00e1tico&quot; - Principios\" \/>\n<meta property=\"og:description\" content=\"En el marco de la actual situaci\u00f3n de propagaci\u00f3n del COVID-19, que implica el aislamiento social, preventivo y obligatorio a nivel nacional, provincial y local, la Municipalidad de Berazategui -a trav\u00e9s de la Direcci\u00f3n de Ambiente y Desarrollo Sustentable- ha ideado esta propuesta online, con el fin de incentivar el desarrollo de proyectos innovadores en...\" \/>\n<meta property=\"og:url\" content=\"https:\/\/diarioprincipios.com\/index.php\/2020\/06\/08\/convocan-a-participar-de-concurso-online-pandemia-y-cambio-climatico\/\" \/>\n<meta property=\"og:site_name\" content=\"Principios\" \/>\n<meta property=\"article:published_time\" content=\"2020-06-08T23:21:10+00:00\" \/>\n<meta property=\"article:modified_time\" content=\"2020-06-08T23:22:15+00:00\" \/>\n<meta property=\"og:image\" content=\"https:\/\/diarioprincipios.com\/wp-content\/uploads\/2020\/06\/CONCURSO-ONLINE-PANDEMIA-Y-CAMBIO-CLIM\u00c1TICO.jpeg\" \/>\n\t<meta property=\"og:image:width\" content=\"901\" \/>\n\t<meta property=\"og:image:height\" content=\"901\" \/>\n\t<meta property=\"og:image:type\" content=\"image\/jpeg\" \/>\n<meta name=\"author\" content=\"Hern\u00e1n L\u00f3pez\" \/>\n<meta name=\"twitter:card\" content=\"summary_large_image\" \/>\n<meta name=\"twitter:label1\" content=\"Escrito por\" \/>\n\t<meta name=\"twitter:data1\" content=\"Hern\u00e1n L\u00f3pez\" \/>\n\t<meta name=\"twitter:label2\" content=\"Tiempo de lectura\" \/>\n\t<meta name=\"twitter:data2\" content=\"2 minutos\" \/>\n<script type=\"application\/ld+json\" class=\"yoast-schema-graph\">{\"@context\":\"https:\\\/\\\/schema.org\",\"@graph\":[{\"@type\":\"Article\",\"@id\":\"https:\\\/\\\/diarioprincipios.com\\\/index.php\\\/2020\\\/06\\\/08\\\/convocan-a-participar-de-concurso-online-pandemia-y-cambio-climatico\\\/#article\",\"isPartOf\":{\"@id\":\"https:\\\/\\\/diarioprincipios.com\\\/index.php\\\/2020\\\/06\\\/08\\\/convocan-a-participar-de-concurso-online-pandemia-y-cambio-climatico\\\/\"},\"author\":{\"name\":\"Hern\u00e1n L\u00f3pez\",\"@id\":\"https:\\\/\\\/diarioprincipios.com\\\/#\\\/schema\\\/person\\\/436d5a1fd41a5e250e23ff5a6a7cb080\"},\"headline\":\"Convocan a participar de Concurso Online \u00abPandemia y Cambio Clim\u00e1tico\u00bb\",\"datePublished\":\"2020-06-08T23:21:10+00:00\",\"dateModified\":\"2020-06-08T23:22:15+00:00\",\"mainEntityOfPage\":{\"@id\":\"https:\\\/\\\/diarioprincipios.com\\\/index.php\\\/2020\\\/06\\\/08\\\/convocan-a-participar-de-concurso-online-pandemia-y-cambio-climatico\\\/\"},\"wordCount\":475,\"commentCount\":0,\"publisher\":{\"@id\":\"https:\\\/\\\/diarioprincipios.com\\\/#organization\"},\"image\":{\"@id\":\"https:\\\/\\\/diarioprincipios.com\\\/index.php\\\/2020\\\/06\\\/08\\\/convocan-a-participar-de-concurso-online-pandemia-y-cambio-climatico\\\/#primaryimage\"},\"thumbnailUrl\":\"https:\\\/\\\/diarioprincipios.com\\\/wp-content\\\/uploads\\\/2020\\\/06\\\/CONCURSO-ONLINE-PANDEMIA-Y-CAMBIO-CLIM\u00c1TICO.jpeg\",\"articleSection\":[\"Berazategui\"],\"inLanguage\":\"es\",\"potentialAction\":[{\"@type\":\"CommentAction\",\"name\":\"Comment\",\"target\":[\"https:\\\/\\\/diarioprincipios.com\\\/index.php\\\/2020\\\/06\\\/08\\\/convocan-a-participar-de-concurso-online-pandemia-y-cambio-climatico\\\/#respond\"]}]},{\"@type\":\"WebPage\",\"@id\":\"https:\\\/\\\/diarioprincipios.com\\\/index.php\\\/2020\\\/06\\\/08\\\/convocan-a-participar-de-concurso-online-pandemia-y-cambio-climatico\\\/\",\"url\":\"https:\\\/\\\/diarioprincipios.com\\\/index.php\\\/2020\\\/06\\\/08\\\/convocan-a-participar-de-concurso-online-pandemia-y-cambio-climatico\\\/\",\"name\":\"Convocan a participar de Concurso Online \\\"Pandemia y Cambio Clim\u00e1tico\\\" - Principios\",\"isPartOf\":{\"@id\":\"https:\\\/\\\/diarioprincipios.com\\\/#website\"},\"primaryImageOfPage\":{\"@id\":\"https:\\\/\\\/diarioprincipios.com\\\/index.php\\\/2020\\\/06\\\/08\\\/convocan-a-participar-de-concurso-online-pandemia-y-cambio-climatico\\\/#primaryimage\"},\"image\":{\"@id\":\"https:\\\/\\\/diarioprincipios.com\\\/index.php\\\/2020\\\/06\\\/08\\\/convocan-a-participar-de-concurso-online-pandemia-y-cambio-climatico\\\/#primaryimage\"},\"thumbnailUrl\":\"https:\\\/\\\/diarioprincipios.com\\\/wp-content\\\/uploads\\\/2020\\\/06\\\/CONCURSO-ONLINE-PANDEMIA-Y-CAMBIO-CLIM\u00c1TICO.jpeg\",\"datePublished\":\"2020-06-08T23:21:10+00:00\",\"dateModified\":\"2020-06-08T23:22:15+00:00\",\"breadcrumb\":{\"@id\":\"https:\\\/\\\/diarioprincipios.com\\\/index.php\\\/2020\\\/06\\\/08\\\/convocan-a-participar-de-concurso-online-pandemia-y-cambio-climatico\\\/#breadcrumb\"},\"inLanguage\":\"es\",\"potentialAction\":[{\"@type\":\"ReadAction\",\"target\":[\"https:\\\/\\\/diarioprincipios.com\\\/index.php\\\/2020\\\/06\\\/08\\\/convocan-a-participar-de-concurso-online-pandemia-y-cambio-climatico\\\/\"]}]},{\"@type\":\"ImageObject\",\"inLanguage\":\"es\",\"@id\":\"https:\\\/\\\/diarioprincipios.com\\\/index.php\\\/2020\\\/06\\\/08\\\/convocan-a-participar-de-concurso-online-pandemia-y-cambio-climatico\\\/#primaryimage\",\"url\":\"https:\\\/\\\/diarioprincipios.com\\\/wp-content\\\/uploads\\\/2020\\\/06\\\/CONCURSO-ONLINE-PANDEMIA-Y-CAMBIO-CLIM\u00c1TICO.jpeg\",\"contentUrl\":\"https:\\\/\\\/diarioprincipios.com\\\/wp-content\\\/uploads\\\/2020\\\/06\\\/CONCURSO-ONLINE-PANDEMIA-Y-CAMBIO-CLIM\u00c1TICO.jpeg\",\"width\":901,\"height\":901},{\"@type\":\"BreadcrumbList\",\"@id\":\"https:\\\/\\\/diarioprincipios.com\\\/index.php\\\/2020\\\/06\\\/08\\\/convocan-a-participar-de-concurso-online-pandemia-y-cambio-climatico\\\/#breadcrumb\",\"itemListElement\":[{\"@type\":\"ListItem\",\"position\":1,\"name\":\"Portada\",\"item\":\"https:\\\/\\\/diarioprincipios.com\\\/\"},{\"@type\":\"ListItem\",\"position\":2,\"name\":\"Convocan a participar de Concurso Online \u00abPandemia y Cambio Clim\u00e1tico\u00bb\"}]},{\"@type\":\"WebSite\",\"@id\":\"https:\\\/\\\/diarioprincipios.com\\\/#website\",\"url\":\"https:\\\/\\\/diarioprincipios.com\\\/\",\"name\":\"Principios\",\"description\":\"Principios Diario\",\"publisher\":{\"@id\":\"https:\\\/\\\/diarioprincipios.com\\\/#organization\"},\"potentialAction\":[{\"@type\":\"SearchAction\",\"target\":{\"@type\":\"EntryPoint\",\"urlTemplate\":\"https:\\\/\\\/diarioprincipios.com\\\/?s={search_term_string}\"},\"query-input\":{\"@type\":\"PropertyValueSpecification\",\"valueRequired\":true,\"valueName\":\"search_term_string\"}}],\"inLanguage\":\"es\"},{\"@type\":\"Organization\",\"@id\":\"https:\\\/\\\/diarioprincipios.com\\\/#organization\",\"name\":\"Principios\",\"url\":\"https:\\\/\\\/diarioprincipios.com\\\/\",\"logo\":{\"@type\":\"ImageObject\",\"inLanguage\":\"es\",\"@id\":\"https:\\\/\\\/diarioprincipios.com\\\/#\\\/schema\\\/logo\\\/image\\\/\",\"url\":\"https:\\\/\\\/diarioprincipios.com\\\/wp-content\\\/uploads\\\/2024\\\/04\\\/cropped-www.diarioprincipios.com_-1.png\",\"contentUrl\":\"https:\\\/\\\/diarioprincipios.com\\\/wp-content\\\/uploads\\\/2024\\\/04\\\/cropped-www.diarioprincipios.com_-1.png\",\"width\":5325,\"height\":1454,\"caption\":\"Principios\"},\"image\":{\"@id\":\"https:\\\/\\\/diarioprincipios.com\\\/#\\\/schema\\\/logo\\\/image\\\/\"}},{\"@type\":\"Person\",\"@id\":\"https:\\\/\\\/diarioprincipios.com\\\/#\\\/schema\\\/person\\\/436d5a1fd41a5e250e23ff5a6a7cb080\",\"name\":\"Hern\u00e1n L\u00f3pez\",\"image\":{\"@type\":\"ImageObject\",\"inLanguage\":\"es\",\"@id\":\"https:\\\/\\\/diarioprincipios.com\\\/wp-content\\\/litespeed\\\/avatar\\\/11ddfe5610ff3bd100522525b2571f48.jpg?ver=1777653193\",\"url\":\"https:\\\/\\\/diarioprincipios.com\\\/wp-content\\\/litespeed\\\/avatar\\\/11ddfe5610ff3bd100522525b2571f48.jpg?ver=1777653193\",\"contentUrl\":\"https:\\\/\\\/diarioprincipios.com\\\/wp-content\\\/litespeed\\\/avatar\\\/11ddfe5610ff3bd100522525b2571f48.jpg?ver=1777653193\",\"caption\":\"Hern\u00e1n L\u00f3pez\"},\"url\":\"https:\\\/\\\/diarioprincipios.com\\\/index.php\\\/author\\\/hernan\\\/\"}]}<\/script>\n<!-- \/ Yoast SEO plugin. -->","yoast_head_json":{"title":"Convocan a participar de Concurso Online \"Pandemia y Cambio Clim\u00e1tico\" - Principios","robots":{"index":"index","follow":"follow","max-snippet":"max-snippet:-1","max-image-preview":"max-image-preview:large","max-video-preview":"max-video-preview:-1"},"canonical":"https:\/\/diarioprincipios.com\/index.php\/2020\/06\/08\/convocan-a-participar-de-concurso-online-pandemia-y-cambio-climatico\/","og_locale":"es_ES","og_type":"article","og_title":"Convocan a participar de Concurso Online \"Pandemia y Cambio Clim\u00e1tico\" - Principios","og_description":"En el marco de la actual situaci\u00f3n de propagaci\u00f3n del COVID-19, que implica el aislamiento social, preventivo y obligatorio a nivel nacional, provincial y local, la Municipalidad de Berazategui -a trav\u00e9s de la Direcci\u00f3n de Ambiente y Desarrollo Sustentable- ha ideado esta propuesta online, con el fin de incentivar el desarrollo de proyectos innovadores en...","og_url":"https:\/\/diarioprincipios.com\/index.php\/2020\/06\/08\/convocan-a-participar-de-concurso-online-pandemia-y-cambio-climatico\/","og_site_name":"Principios","article_published_time":"2020-06-08T23:21:10+00:00","article_modified_time":"2020-06-08T23:22:15+00:00","og_image":[{"width":901,"height":901,"url":"https:\/\/diarioprincipios.com\/wp-content\/uploads\/2020\/06\/CONCURSO-ONLINE-PANDEMIA-Y-CAMBIO-CLIM\u00c1TICO.jpeg","type":"image\/jpeg"}],"author":"Hern\u00e1n L\u00f3pez","twitter_card":"summary_large_image","twitter_misc":{"Escrito por":"Hern\u00e1n L\u00f3pez","Tiempo de lectura":"2 minutos"},"schema":{"@context":"https:\/\/schema.org","@graph":[{"@type":"Article","@id":"https:\/\/diarioprincipios.com\/index.php\/2020\/06\/08\/convocan-a-participar-de-concurso-online-pandemia-y-cambio-climatico\/#article","isPartOf":{"@id":"https:\/\/diarioprincipios.com\/index.php\/2020\/06\/08\/convocan-a-participar-de-concurso-online-pandemia-y-cambio-climatico\/"},"author":{"name":"Hern\u00e1n L\u00f3pez","@id":"https:\/\/diarioprincipios.com\/#\/schema\/person\/436d5a1fd41a5e250e23ff5a6a7cb080"},"headline":"Convocan a participar de Concurso Online \u00abPandemia y Cambio Clim\u00e1tico\u00bb","datePublished":"2020-06-08T23:21:10+00:00","dateModified":"2020-06-08T23:22:15+00:00","mainEntityOfPage":{"@id":"https:\/\/diarioprincipios.com\/index.php\/2020\/06\/08\/convocan-a-participar-de-concurso-online-pandemia-y-cambio-climatico\/"},"wordCount":475,"commentCount":0,"publisher":{"@id":"https:\/\/diarioprincipios.com\/#organization"},"image":{"@id":"https:\/\/diarioprincipios.com\/index.php\/2020\/06\/08\/convocan-a-participar-de-concurso-online-pandemia-y-cambio-climatico\/#primaryimage"},"thumbnailUrl":"https:\/\/diarioprincipios.com\/wp-content\/uploads\/2020\/06\/CONCURSO-ONLINE-PANDEMIA-Y-CAMBIO-CLIM\u00c1TICO.jpeg","articleSection":["Berazategui"],"inLanguage":"es","potentialAction":[{"@type":"CommentAction","name":"Comment","target":["https:\/\/diarioprincipios.com\/index.php\/2020\/06\/08\/convocan-a-participar-de-concurso-online-pandemia-y-cambio-climatico\/#respond"]}]},{"@type":"WebPage","@id":"https:\/\/diarioprincipios.com\/index.php\/2020\/06\/08\/convocan-a-participar-de-concurso-online-pandemia-y-cambio-climatico\/","url":"https:\/\/diarioprincipios.com\/index.php\/2020\/06\/08\/convocan-a-participar-de-concurso-online-pandemia-y-cambio-climatico\/","name":"Convocan a participar de Concurso Online \"Pandemia y Cambio Clim\u00e1tico\" - Principios","isPartOf":{"@id":"https:\/\/diarioprincipios.com\/#website"},"primaryImageOfPage":{"@id":"https:\/\/diarioprincipios.com\/index.php\/2020\/06\/08\/convocan-a-participar-de-concurso-online-pandemia-y-cambio-climatico\/#primaryimage"},"image":{"@id":"https:\/\/diarioprincipios.com\/index.php\/2020\/06\/08\/convocan-a-participar-de-concurso-online-pandemia-y-cambio-climatico\/#primaryimage"},"thumbnailUrl":"https:\/\/diarioprincipios.com\/wp-content\/uploads\/2020\/06\/CONCURSO-ONLINE-PANDEMIA-Y-CAMBIO-CLIM\u00c1TICO.jpeg","datePublished":"2020-06-08T23:21:10+00:00","dateModified":"2020-06-08T23:22:15+00:00","breadcrumb":{"@id":"https:\/\/diarioprincipios.com\/index.php\/2020\/06\/08\/convocan-a-participar-de-concurso-online-pandemia-y-cambio-climatico\/#breadcrumb"},"inLanguage":"es","potentialAction":[{"@type":"ReadAction","target":["https:\/\/diarioprincipios.com\/index.php\/2020\/06\/08\/convocan-a-participar-de-concurso-online-pandemia-y-cambio-climatico\/"]}]},{"@type":"ImageObject","inLanguage":"es","@id":"https:\/\/diarioprincipios.com\/index.php\/2020\/06\/08\/convocan-a-participar-de-concurso-online-pandemia-y-cambio-climatico\/#primaryimage","url":"https:\/\/diarioprincipios.com\/wp-content\/uploads\/2020\/06\/CONCURSO-ONLINE-PANDEMIA-Y-CAMBIO-CLIM\u00c1TICO.jpeg","contentUrl":"https:\/\/diarioprincipios.com\/wp-content\/uploads\/2020\/06\/CONCURSO-ONLINE-PANDEMIA-Y-CAMBIO-CLIM\u00c1TICO.jpeg","width":901,"height":901},{"@type":"BreadcrumbList","@id":"https:\/\/diarioprincipios.com\/index.php\/2020\/06\/08\/convocan-a-participar-de-concurso-online-pandemia-y-cambio-climatico\/#breadcrumb","itemListElement":[{"@type":"ListItem","position":1,"name":"Portada","item":"https:\/\/diarioprincipios.com\/"},{"@type":"ListItem","position":2,"name":"Convocan a participar de Concurso Online \u00abPandemia y Cambio Clim\u00e1tico\u00bb"}]},{"@type":"WebSite","@id":"https:\/\/diarioprincipios.com\/#website","url":"https:\/\/diarioprincipios.com\/","name":"Principios","description":"Principios Diario","publisher":{"@id":"https:\/\/diarioprincipios.com\/#organization"},"potentialAction":[{"@type":"SearchAction","target":{"@type":"EntryPoint","urlTemplate":"https:\/\/diarioprincipios.com\/?s={search_term_string}"},"query-input":{"@type":"PropertyValueSpecification","valueRequired":true,"valueName":"search_term_string"}}],"inLanguage":"es"},{"@type":"Organization","@id":"https:\/\/diarioprincipios.com\/#organization","name":"Principios","url":"https:\/\/diarioprincipios.com\/","logo":{"@type":"ImageObject","inLanguage":"es","@id":"https:\/\/diarioprincipios.com\/#\/schema\/logo\/image\/","url":"https:\/\/diarioprincipios.com\/wp-content\/uploads\/2024\/04\/cropped-www.diarioprincipios.com_-1.png","contentUrl":"https:\/\/diarioprincipios.com\/wp-content\/uploads\/2024\/04\/cropped-www.diarioprincipios.com_-1.png","width":5325,"height":1454,"caption":"Principios"},"image":{"@id":"https:\/\/diarioprincipios.com\/#\/schema\/logo\/image\/"}},{"@type":"Person","@id":"https:\/\/diarioprincipios.com\/#\/schema\/person\/436d5a1fd41a5e250e23ff5a6a7cb080","name":"Hern\u00e1n L\u00f3pez","image":{"@type":"ImageObject","inLanguage":"es","@id":"https:\/\/diarioprincipios.com\/wp-content\/litespeed\/avatar\/11ddfe5610ff3bd100522525b2571f48.jpg?ver=1777653193","url":"https:\/\/diarioprincipios.com\/wp-content\/litespeed\/avatar\/11ddfe5610ff3bd100522525b2571f48.jpg?ver=1777653193","contentUrl":"https:\/\/diarioprincipios.com\/wp-content\/litespeed\/avatar\/11ddfe5610ff3bd100522525b2571f48.jpg?ver=1777653193","caption":"Hern\u00e1n L\u00f3pez"},"url":"https:\/\/diarioprincipios.com\/index.php\/author\/hernan\/"}]}},"jetpack_featured_media_url":"https:\/\/diarioprincipios.com\/wp-content\/uploads\/2020\/06\/CONCURSO-ONLINE-PANDEMIA-Y-CAMBIO-CLIM\u00c1TICO.jpeg","_links":{"self":[{"href":"https:\/\/diarioprincipios.com\/index.php\/wp-json\/wp\/v2\/posts\/2627","targetHints":{"allow":["GET"]}}],"collection":[{"href":"https:\/\/diarioprincipios.com\/index.php\/wp-json\/wp\/v2\/posts"}],"about":[{"href":"https:\/\/diarioprincipios.com\/index.php\/wp-json\/wp\/v2\/types\/post"}],"author":[{"embeddable":true,"href":"https:\/\/diarioprincipios.com\/index.php\/wp-json\/wp\/v2\/users\/2"}],"replies":[{"embeddable":true,"href":"https:\/\/diarioprincipios.com\/index.php\/wp-json\/wp\/v2\/comments?post=2627"}],"version-history":[{"count":3,"href":"https:\/\/diarioprincipios.com\/index.php\/wp-json\/wp\/v2\/posts\/2627\/revisions"}],"predecessor-version":[{"id":2632,"href":"https:\/\/diarioprincipios.com\/index.php\/wp-json\/wp\/v2\/posts\/2627\/revisions\/2632"}],"wp:featuredmedia":[{"embeddable":true,"href":"https:\/\/diarioprincipios.com\/index.php\/wp-json\/wp\/v2\/media\/2628"}],"wp:attachment":[{"href":"https:\/\/diarioprincipios.com\/index.php\/wp-json\/wp\/v2\/media?parent=2627"}],"wp:term":[{"taxonomy":"category","embeddable":true,"href":"https:\/\/diarioprincipios.com\/index.php\/wp-json\/wp\/v2\/categories?post=2627"},{"taxonomy":"post_tag","embeddable":true,"href":"https:\/\/diarioprincipios.com\/index.php\/wp-json\/wp\/v2\/tags?post=2627"}],"curies":[{"name":"wp","href":"https:\/\/api.w.org\/{rel}","templated":true}]}}