{"id":2624,"date":"2020-06-08T19:16:57","date_gmt":"2020-06-08T22:16:57","guid":{"rendered":"http:\/\/diarioprincipios.com\/?p=2624"},"modified":"2020-06-08T19:17:02","modified_gmt":"2020-06-08T22:17:02","slug":"estudian-posibles-casos-de-coronavirus-en-dos-puestos-del-mercado-frutihorticola","status":"publish","type":"post","link":"https:\/\/diarioprincipios.com\/index.php\/2020\/06\/08\/estudian-posibles-casos-de-coronavirus-en-dos-puestos-del-mercado-frutihorticola\/","title":{"rendered":"Estudian posibles casos de coronavirus en dos puestos del Mercado Frutihort\u00edcola"},"content":{"rendered":"\n<p>Las autoridades sanitarias implementaron los protocolos establecidos a fin de estudiar posibles casos de coronavirus en dos puestos del Mercado Frutihort\u00edcola de Berazategui, donde se desempe\u00f1an empleados con domicilio en distintos municipios de la zona.<\/p>\n\n\n\n<p>La sospecha de la presencia de Covid 19, puso en alerta tambi\u00e9n al personal del \u00e1rea de Bromatologia que peri\u00f3dicamente realiza controles en el lugar.<\/p>\n","protected":false},"excerpt":{"rendered":"<p>Las autoridades sanitarias implementaron los protocolos establecidos a fin de estudiar posibles casos de coronavirus en dos puestos del Mercado Frutihort\u00edcola de Berazategui, donde se desempe\u00f1an empleados con domicilio en distintos municipios de la zona. La sospecha de la presencia de Covid 19, puso en alerta tambi\u00e9n al personal del \u00e1rea de Bromatologia que peri\u00f3dicamente&#8230;<\/p>\n","protected":false},"author":2,"featured_media":2625,"comment_status":"open","ping_status":"open","sticky":false,"template":"","format":"standard","meta":{"footnotes":""},"categories":[3],"tags":[],"class_list":["post-2624","post","type-post","status-publish","format-standard","has-post-thumbnail","hentry","category-berazategui"],"featured_image_src":"https:\/\/diarioprincipios.com\/wp-content\/uploads\/2020\/06\/unnamed-6.jpg","blog_images":{"medium":"https:\/\/diarioprincipios.com\/wp-content\/uploads\/2020\/06\/unnamed-6-300x199.jpg","large":"https:\/\/diarioprincipios.com\/wp-content\/uploads\/2020\/06\/unnamed-6.jpg"},"ams_acf":[],"yoast_head":"<!-- This site is optimized with the Yoast SEO plugin v27.3 - https:\/\/yoast.com\/product\/yoast-seo-wordpress\/ -->\n<title>Estudian posibles casos de coronavirus en dos puestos del Mercado Frutihort\u00edcola - Principios<\/title>\n<meta name=\"robots\" content=\"index, follow, max-snippet:-1, max-image-preview:large, max-video-preview:-1\" \/>\n<link rel=\"canonical\" href=\"https:\/\/diarioprincipios.com\/index.php\/2020\/06\/08\/estudian-posibles-casos-de-coronavirus-en-dos-puestos-del-mercado-frutihorticola\/\" \/>\n<meta property=\"og:locale\" content=\"es_ES\" \/>\n<meta property=\"og:type\" content=\"article\" \/>\n<meta property=\"og:title\" content=\"Estudian posibles casos de coronavirus en dos puestos del Mercado Frutihort\u00edcola - Principios\" \/>\n<meta property=\"og:description\" content=\"Las autoridades sanitarias implementaron los protocolos establecidos a fin de estudiar posibles casos de coronavirus en dos puestos del Mercado Frutihort\u00edcola de Berazategui, donde se desempe\u00f1an empleados con domicilio en distintos municipios de la zona. La sospecha de la presencia de Covid 19, puso en alerta tambi\u00e9n al personal del \u00e1rea de Bromatologia que peri\u00f3dicamente...\" \/>\n<meta property=\"og:url\" content=\"https:\/\/diarioprincipios.com\/index.php\/2020\/06\/08\/estudian-posibles-casos-de-coronavirus-en-dos-puestos-del-mercado-frutihorticola\/\" \/>\n<meta property=\"og:site_name\" content=\"Principios\" \/>\n<meta property=\"article:published_time\" content=\"2020-06-08T22:16:57+00:00\" \/>\n<meta property=\"article:modified_time\" content=\"2020-06-08T22:17:02+00:00\" \/>\n<meta property=\"og:image\" content=\"https:\/\/diarioprincipios.com\/wp-content\/uploads\/2020\/06\/unnamed-6.jpg\" \/>\n\t<meta property=\"og:image:width\" content=\"512\" \/>\n\t<meta property=\"og:image:height\" content=\"339\" \/>\n\t<meta property=\"og:image:type\" content=\"image\/jpeg\" \/>\n<meta name=\"author\" content=\"Hern\u00e1n L\u00f3pez\" \/>\n<meta name=\"twitter:card\" content=\"summary_large_image\" \/>\n<meta name=\"twitter:label1\" content=\"Escrito por\" \/>\n\t<meta name=\"twitter:data1\" content=\"Hern\u00e1n L\u00f3pez\" \/>\n<script type=\"application\/ld+json\" class=\"yoast-schema-graph\">{\"@context\":\"https:\\\/\\\/schema.org\",\"@graph\":[{\"@type\":\"Article\",\"@id\":\"https:\\\/\\\/diarioprincipios.com\\\/index.php\\\/2020\\\/06\\\/08\\\/estudian-posibles-casos-de-coronavirus-en-dos-puestos-del-mercado-frutihorticola\\\/#article\",\"isPartOf\":{\"@id\":\"https:\\\/\\\/diarioprincipios.com\\\/index.php\\\/2020\\\/06\\\/08\\\/estudian-posibles-casos-de-coronavirus-en-dos-puestos-del-mercado-frutihorticola\\\/\"},\"author\":{\"name\":\"Hern\u00e1n L\u00f3pez\",\"@id\":\"https:\\\/\\\/diarioprincipios.com\\\/#\\\/schema\\\/person\\\/436d5a1fd41a5e250e23ff5a6a7cb080\"},\"headline\":\"Estudian posibles casos de coronavirus en dos puestos del Mercado Frutihort\u00edcola\",\"datePublished\":\"2020-06-08T22:16:57+00:00\",\"dateModified\":\"2020-06-08T22:17:02+00:00\",\"mainEntityOfPage\":{\"@id\":\"https:\\\/\\\/diarioprincipios.com\\\/index.php\\\/2020\\\/06\\\/08\\\/estudian-posibles-casos-de-coronavirus-en-dos-puestos-del-mercado-frutihorticola\\\/\"},\"wordCount\":75,\"commentCount\":0,\"publisher\":{\"@id\":\"https:\\\/\\\/diarioprincipios.com\\\/#organization\"},\"image\":{\"@id\":\"https:\\\/\\\/diarioprincipios.com\\\/index.php\\\/2020\\\/06\\\/08\\\/estudian-posibles-casos-de-coronavirus-en-dos-puestos-del-mercado-frutihorticola\\\/#primaryimage\"},\"thumbnailUrl\":\"https:\\\/\\\/diarioprincipios.com\\\/wp-content\\\/uploads\\\/2020\\\/06\\\/unnamed-6.jpg\",\"articleSection\":[\"Berazategui\"],\"inLanguage\":\"es\",\"potentialAction\":[{\"@type\":\"CommentAction\",\"name\":\"Comment\",\"target\":[\"https:\\\/\\\/diarioprincipios.com\\\/index.php\\\/2020\\\/06\\\/08\\\/estudian-posibles-casos-de-coronavirus-en-dos-puestos-del-mercado-frutihorticola\\\/#respond\"]}]},{\"@type\":\"WebPage\",\"@id\":\"https:\\\/\\\/diarioprincipios.com\\\/index.php\\\/2020\\\/06\\\/08\\\/estudian-posibles-casos-de-coronavirus-en-dos-puestos-del-mercado-frutihorticola\\\/\",\"url\":\"https:\\\/\\\/diarioprincipios.com\\\/index.php\\\/2020\\\/06\\\/08\\\/estudian-posibles-casos-de-coronavirus-en-dos-puestos-del-mercado-frutihorticola\\\/\",\"name\":\"Estudian posibles casos de coronavirus en dos puestos del Mercado Frutihort\u00edcola - Principios\",\"isPartOf\":{\"@id\":\"https:\\\/\\\/diarioprincipios.com\\\/#website\"},\"primaryImageOfPage\":{\"@id\":\"https:\\\/\\\/diarioprincipios.com\\\/index.php\\\/2020\\\/06\\\/08\\\/estudian-posibles-casos-de-coronavirus-en-dos-puestos-del-mercado-frutihorticola\\\/#primaryimage\"},\"image\":{\"@id\":\"https:\\\/\\\/diarioprincipios.com\\\/index.php\\\/2020\\\/06\\\/08\\\/estudian-posibles-casos-de-coronavirus-en-dos-puestos-del-mercado-frutihorticola\\\/#primaryimage\"},\"thumbnailUrl\":\"https:\\\/\\\/diarioprincipios.com\\\/wp-content\\\/uploads\\\/2020\\\/06\\\/unnamed-6.jpg\",\"datePublished\":\"2020-06-08T22:16:57+00:00\",\"dateModified\":\"2020-06-08T22:17:02+00:00\",\"breadcrumb\":{\"@id\":\"https:\\\/\\\/diarioprincipios.com\\\/index.php\\\/2020\\\/06\\\/08\\\/estudian-posibles-casos-de-coronavirus-en-dos-puestos-del-mercado-frutihorticola\\\/#breadcrumb\"},\"inLanguage\":\"es\",\"potentialAction\":[{\"@type\":\"ReadAction\",\"target\":[\"https:\\\/\\\/diarioprincipios.com\\\/index.php\\\/2020\\\/06\\\/08\\\/estudian-posibles-casos-de-coronavirus-en-dos-puestos-del-mercado-frutihorticola\\\/\"]}]},{\"@type\":\"ImageObject\",\"inLanguage\":\"es\",\"@id\":\"https:\\\/\\\/diarioprincipios.com\\\/index.php\\\/2020\\\/06\\\/08\\\/estudian-posibles-casos-de-coronavirus-en-dos-puestos-del-mercado-frutihorticola\\\/#primaryimage\",\"url\":\"https:\\\/\\\/diarioprincipios.com\\\/wp-content\\\/uploads\\\/2020\\\/06\\\/unnamed-6.jpg\",\"contentUrl\":\"https:\\\/\\\/diarioprincipios.com\\\/wp-content\\\/uploads\\\/2020\\\/06\\\/unnamed-6.jpg\",\"width\":512,\"height\":339},{\"@type\":\"BreadcrumbList\",\"@id\":\"https:\\\/\\\/diarioprincipios.com\\\/index.php\\\/2020\\\/06\\\/08\\\/estudian-posibles-casos-de-coronavirus-en-dos-puestos-del-mercado-frutihorticola\\\/#breadcrumb\",\"itemListElement\":[{\"@type\":\"ListItem\",\"position\":1,\"name\":\"Portada\",\"item\":\"https:\\\/\\\/diarioprincipios.com\\\/\"},{\"@type\":\"ListItem\",\"position\":2,\"name\":\"Estudian posibles casos de coronavirus en dos puestos del Mercado Frutihort\u00edcola\"}]},{\"@type\":\"WebSite\",\"@id\":\"https:\\\/\\\/diarioprincipios.com\\\/#website\",\"url\":\"https:\\\/\\\/diarioprincipios.com\\\/\",\"name\":\"Principios\",\"description\":\"Principios Diario\",\"publisher\":{\"@id\":\"https:\\\/\\\/diarioprincipios.com\\\/#organization\"},\"potentialAction\":[{\"@type\":\"SearchAction\",\"target\":{\"@type\":\"EntryPoint\",\"urlTemplate\":\"https:\\\/\\\/diarioprincipios.com\\\/?s={search_term_string}\"},\"query-input\":{\"@type\":\"PropertyValueSpecification\",\"valueRequired\":true,\"valueName\":\"search_term_string\"}}],\"inLanguage\":\"es\"},{\"@type\":\"Organization\",\"@id\":\"https:\\\/\\\/diarioprincipios.com\\\/#organization\",\"name\":\"Principios\",\"url\":\"https:\\\/\\\/diarioprincipios.com\\\/\",\"logo\":{\"@type\":\"ImageObject\",\"inLanguage\":\"es\",\"@id\":\"https:\\\/\\\/diarioprincipios.com\\\/#\\\/schema\\\/logo\\\/image\\\/\",\"url\":\"https:\\\/\\\/diarioprincipios.com\\\/wp-content\\\/uploads\\\/2024\\\/04\\\/cropped-www.diarioprincipios.com_-1.png\",\"contentUrl\":\"https:\\\/\\\/diarioprincipios.com\\\/wp-content\\\/uploads\\\/2024\\\/04\\\/cropped-www.diarioprincipios.com_-1.png\",\"width\":5325,\"height\":1454,\"caption\":\"Principios\"},\"image\":{\"@id\":\"https:\\\/\\\/diarioprincipios.com\\\/#\\\/schema\\\/logo\\\/image\\\/\"}},{\"@type\":\"Person\",\"@id\":\"https:\\\/\\\/diarioprincipios.com\\\/#\\\/schema\\\/person\\\/436d5a1fd41a5e250e23ff5a6a7cb080\",\"name\":\"Hern\u00e1n L\u00f3pez\",\"image\":{\"@type\":\"ImageObject\",\"inLanguage\":\"es\",\"@id\":\"https:\\\/\\\/diarioprincipios.com\\\/wp-content\\\/litespeed\\\/avatar\\\/11ddfe5610ff3bd100522525b2571f48.jpg?ver=1777048341\",\"url\":\"https:\\\/\\\/diarioprincipios.com\\\/wp-content\\\/litespeed\\\/avatar\\\/11ddfe5610ff3bd100522525b2571f48.jpg?ver=1777048341\",\"contentUrl\":\"https:\\\/\\\/diarioprincipios.com\\\/wp-content\\\/litespeed\\\/avatar\\\/11ddfe5610ff3bd100522525b2571f48.jpg?ver=1777048341\",\"caption\":\"Hern\u00e1n L\u00f3pez\"},\"url\":\"https:\\\/\\\/diarioprincipios.com\\\/index.php\\\/author\\\/hernan\\\/\"}]}<\/script>\n<!-- \/ Yoast SEO plugin. -->","yoast_head_json":{"title":"Estudian posibles casos de coronavirus en dos puestos del Mercado Frutihort\u00edcola - Principios","robots":{"index":"index","follow":"follow","max-snippet":"max-snippet:-1","max-image-preview":"max-image-preview:large","max-video-preview":"max-video-preview:-1"},"canonical":"https:\/\/diarioprincipios.com\/index.php\/2020\/06\/08\/estudian-posibles-casos-de-coronavirus-en-dos-puestos-del-mercado-frutihorticola\/","og_locale":"es_ES","og_type":"article","og_title":"Estudian posibles casos de coronavirus en dos puestos del Mercado Frutihort\u00edcola - Principios","og_description":"Las autoridades sanitarias implementaron los protocolos establecidos a fin de estudiar posibles casos de coronavirus en dos puestos del Mercado Frutihort\u00edcola de Berazategui, donde se desempe\u00f1an empleados con domicilio en distintos municipios de la zona. La sospecha de la presencia de Covid 19, puso en alerta tambi\u00e9n al personal del \u00e1rea de Bromatologia que peri\u00f3dicamente...","og_url":"https:\/\/diarioprincipios.com\/index.php\/2020\/06\/08\/estudian-posibles-casos-de-coronavirus-en-dos-puestos-del-mercado-frutihorticola\/","og_site_name":"Principios","article_published_time":"2020-06-08T22:16:57+00:00","article_modified_time":"2020-06-08T22:17:02+00:00","og_image":[{"width":512,"height":339,"url":"https:\/\/diarioprincipios.com\/wp-content\/uploads\/2020\/06\/unnamed-6.jpg","type":"image\/jpeg"}],"author":"Hern\u00e1n L\u00f3pez","twitter_card":"summary_large_image","twitter_misc":{"Escrito por":"Hern\u00e1n L\u00f3pez"},"schema":{"@context":"https:\/\/schema.org","@graph":[{"@type":"Article","@id":"https:\/\/diarioprincipios.com\/index.php\/2020\/06\/08\/estudian-posibles-casos-de-coronavirus-en-dos-puestos-del-mercado-frutihorticola\/#article","isPartOf":{"@id":"https:\/\/diarioprincipios.com\/index.php\/2020\/06\/08\/estudian-posibles-casos-de-coronavirus-en-dos-puestos-del-mercado-frutihorticola\/"},"author":{"name":"Hern\u00e1n L\u00f3pez","@id":"https:\/\/diarioprincipios.com\/#\/schema\/person\/436d5a1fd41a5e250e23ff5a6a7cb080"},"headline":"Estudian posibles casos de coronavirus en dos puestos del Mercado Frutihort\u00edcola","datePublished":"2020-06-08T22:16:57+00:00","dateModified":"2020-06-08T22:17:02+00:00","mainEntityOfPage":{"@id":"https:\/\/diarioprincipios.com\/index.php\/2020\/06\/08\/estudian-posibles-casos-de-coronavirus-en-dos-puestos-del-mercado-frutihorticola\/"},"wordCount":75,"commentCount":0,"publisher":{"@id":"https:\/\/diarioprincipios.com\/#organization"},"image":{"@id":"https:\/\/diarioprincipios.com\/index.php\/2020\/06\/08\/estudian-posibles-casos-de-coronavirus-en-dos-puestos-del-mercado-frutihorticola\/#primaryimage"},"thumbnailUrl":"https:\/\/diarioprincipios.com\/wp-content\/uploads\/2020\/06\/unnamed-6.jpg","articleSection":["Berazategui"],"inLanguage":"es","potentialAction":[{"@type":"CommentAction","name":"Comment","target":["https:\/\/diarioprincipios.com\/index.php\/2020\/06\/08\/estudian-posibles-casos-de-coronavirus-en-dos-puestos-del-mercado-frutihorticola\/#respond"]}]},{"@type":"WebPage","@id":"https:\/\/diarioprincipios.com\/index.php\/2020\/06\/08\/estudian-posibles-casos-de-coronavirus-en-dos-puestos-del-mercado-frutihorticola\/","url":"https:\/\/diarioprincipios.com\/index.php\/2020\/06\/08\/estudian-posibles-casos-de-coronavirus-en-dos-puestos-del-mercado-frutihorticola\/","name":"Estudian posibles casos de coronavirus en dos puestos del Mercado Frutihort\u00edcola - Principios","isPartOf":{"@id":"https:\/\/diarioprincipios.com\/#website"},"primaryImageOfPage":{"@id":"https:\/\/diarioprincipios.com\/index.php\/2020\/06\/08\/estudian-posibles-casos-de-coronavirus-en-dos-puestos-del-mercado-frutihorticola\/#primaryimage"},"image":{"@id":"https:\/\/diarioprincipios.com\/index.php\/2020\/06\/08\/estudian-posibles-casos-de-coronavirus-en-dos-puestos-del-mercado-frutihorticola\/#primaryimage"},"thumbnailUrl":"https:\/\/diarioprincipios.com\/wp-content\/uploads\/2020\/06\/unnamed-6.jpg","datePublished":"2020-06-08T22:16:57+00:00","dateModified":"2020-06-08T22:17:02+00:00","breadcrumb":{"@id":"https:\/\/diarioprincipios.com\/index.php\/2020\/06\/08\/estudian-posibles-casos-de-coronavirus-en-dos-puestos-del-mercado-frutihorticola\/#breadcrumb"},"inLanguage":"es","potentialAction":[{"@type":"ReadAction","target":["https:\/\/diarioprincipios.com\/index.php\/2020\/06\/08\/estudian-posibles-casos-de-coronavirus-en-dos-puestos-del-mercado-frutihorticola\/"]}]},{"@type":"ImageObject","inLanguage":"es","@id":"https:\/\/diarioprincipios.com\/index.php\/2020\/06\/08\/estudian-posibles-casos-de-coronavirus-en-dos-puestos-del-mercado-frutihorticola\/#primaryimage","url":"https:\/\/diarioprincipios.com\/wp-content\/uploads\/2020\/06\/unnamed-6.jpg","contentUrl":"https:\/\/diarioprincipios.com\/wp-content\/uploads\/2020\/06\/unnamed-6.jpg","width":512,"height":339},{"@type":"BreadcrumbList","@id":"https:\/\/diarioprincipios.com\/index.php\/2020\/06\/08\/estudian-posibles-casos-de-coronavirus-en-dos-puestos-del-mercado-frutihorticola\/#breadcrumb","itemListElement":[{"@type":"ListItem","position":1,"name":"Portada","item":"https:\/\/diarioprincipios.com\/"},{"@type":"ListItem","position":2,"name":"Estudian posibles casos de coronavirus en dos puestos del Mercado Frutihort\u00edcola"}]},{"@type":"WebSite","@id":"https:\/\/diarioprincipios.com\/#website","url":"https:\/\/diarioprincipios.com\/","name":"Principios","description":"Principios Diario","publisher":{"@id":"https:\/\/diarioprincipios.com\/#organization"},"potentialAction":[{"@type":"SearchAction","target":{"@type":"EntryPoint","urlTemplate":"https:\/\/diarioprincipios.com\/?s={search_term_string}"},"query-input":{"@type":"PropertyValueSpecification","valueRequired":true,"valueName":"search_term_string"}}],"inLanguage":"es"},{"@type":"Organization","@id":"https:\/\/diarioprincipios.com\/#organization","name":"Principios","url":"https:\/\/diarioprincipios.com\/","logo":{"@type":"ImageObject","inLanguage":"es","@id":"https:\/\/diarioprincipios.com\/#\/schema\/logo\/image\/","url":"https:\/\/diarioprincipios.com\/wp-content\/uploads\/2024\/04\/cropped-www.diarioprincipios.com_-1.png","contentUrl":"https:\/\/diarioprincipios.com\/wp-content\/uploads\/2024\/04\/cropped-www.diarioprincipios.com_-1.png","width":5325,"height":1454,"caption":"Principios"},"image":{"@id":"https:\/\/diarioprincipios.com\/#\/schema\/logo\/image\/"}},{"@type":"Person","@id":"https:\/\/diarioprincipios.com\/#\/schema\/person\/436d5a1fd41a5e250e23ff5a6a7cb080","name":"Hern\u00e1n L\u00f3pez","image":{"@type":"ImageObject","inLanguage":"es","@id":"https:\/\/diarioprincipios.com\/wp-content\/litespeed\/avatar\/11ddfe5610ff3bd100522525b2571f48.jpg?ver=1777048341","url":"https:\/\/diarioprincipios.com\/wp-content\/litespeed\/avatar\/11ddfe5610ff3bd100522525b2571f48.jpg?ver=1777048341","contentUrl":"https:\/\/diarioprincipios.com\/wp-content\/litespeed\/avatar\/11ddfe5610ff3bd100522525b2571f48.jpg?ver=1777048341","caption":"Hern\u00e1n L\u00f3pez"},"url":"https:\/\/diarioprincipios.com\/index.php\/author\/hernan\/"}]}},"jetpack_featured_media_url":"https:\/\/diarioprincipios.com\/wp-content\/uploads\/2020\/06\/unnamed-6.jpg","_links":{"self":[{"href":"https:\/\/diarioprincipios.com\/index.php\/wp-json\/wp\/v2\/posts\/2624","targetHints":{"allow":["GET"]}}],"collection":[{"href":"https:\/\/diarioprincipios.com\/index.php\/wp-json\/wp\/v2\/posts"}],"about":[{"href":"https:\/\/diarioprincipios.com\/index.php\/wp-json\/wp\/v2\/types\/post"}],"author":[{"embeddable":true,"href":"https:\/\/diarioprincipios.com\/index.php\/wp-json\/wp\/v2\/users\/2"}],"replies":[{"embeddable":true,"href":"https:\/\/diarioprincipios.com\/index.php\/wp-json\/wp\/v2\/comments?post=2624"}],"version-history":[{"count":1,"href":"https:\/\/diarioprincipios.com\/index.php\/wp-json\/wp\/v2\/posts\/2624\/revisions"}],"predecessor-version":[{"id":2626,"href":"https:\/\/diarioprincipios.com\/index.php\/wp-json\/wp\/v2\/posts\/2624\/revisions\/2626"}],"wp:featuredmedia":[{"embeddable":true,"href":"https:\/\/diarioprincipios.com\/index.php\/wp-json\/wp\/v2\/media\/2625"}],"wp:attachment":[{"href":"https:\/\/diarioprincipios.com\/index.php\/wp-json\/wp\/v2\/media?parent=2624"}],"wp:term":[{"taxonomy":"category","embeddable":true,"href":"https:\/\/diarioprincipios.com\/index.php\/wp-json\/wp\/v2\/categories?post=2624"},{"taxonomy":"post_tag","embeddable":true,"href":"https:\/\/diarioprincipios.com\/index.php\/wp-json\/wp\/v2\/tags?post=2624"}],"curies":[{"name":"wp","href":"https:\/\/api.w.org\/{rel}","templated":true}]}}