{"id":2618,"date":"2020-06-08T17:59:41","date_gmt":"2020-06-08T20:59:41","guid":{"rendered":"http:\/\/diarioprincipios.com\/?p=2618"},"modified":"2020-06-08T17:59:45","modified_gmt":"2020-06-08T20:59:45","slug":"el-municipio-agradecio-acciones-solidarias-de-vecinos-y-organizaciones","status":"publish","type":"post","link":"https:\/\/diarioprincipios.com\/index.php\/2020\/06\/08\/el-municipio-agradecio-acciones-solidarias-de-vecinos-y-organizaciones\/","title":{"rendered":"El Municipio agradeci\u00f3 acciones solidarias de vecinos y organizaciones"},"content":{"rendered":"\n<p><strong>La Municipalidad de Berazategui y su intendente, Juan Jos\u00e9 Mussi, agradecen las acciones solidarias de ciudadanos y empresas que, en el marco de la actual emergencia sanitaria por la propagaci\u00f3n del COVID-19, siguen brindando desinteresadamente su colaboraci\u00f3n para la comunidad, a trav\u00e9s de donaciones de diversos recursos.<\/strong><\/p>\n\n\n\n<p>En esta oportunidad, los agradecimientos dados a conocer por la Comuna incluyen a los siguientes vecinos, instituciones de bien p\u00fablico, empresas, productores, comerciantes y emprendedores:<\/p>\n\n\n\n<p>&#8211; BANCO DE GALICIA y BUENOS AIRES S.A.U.: donaron alcohol l\u00edquido y en gel, guantes descartables, m\u00e1scaras y barbijos.<\/p>\n\n\n\n<p>&#8211; LUISA RODR\u00cdGUEZ CABRERA, hist\u00f3rica costurera del Municipio, ya jubilada, colabora en la confecci\u00f3n de tapabocas.<\/p>\n\n\n\n<p>&#8211; SOCIEDAD DE FOMENTO \u00abEL OMB\u00da\u00bb: don\u00f3 tapabocas.<\/p>\n\n\n\n<p>&#8211; CARLOS ESTEBAN CACACE, de ARGENPACK CORRUGADOS S.A.: don\u00f3 90 biombos.<\/p>\n\n\n\n<p>&#8211; MAXIDESCUENTO: don\u00f3 lavandina. Anteriormente ya hab\u00eda realizado donaciones.<\/p>\n\n\n\n<p>&#8211; MOSTAZA INDUMENTARIA: don\u00f3 telas para la Campa\u00f1a Solidaria \u201cAbrigando Sue\u00f1os\u201d.<\/p>\n\n\n\n<p>&#8211; MAS-TIN S.A.: don\u00f3 telas para la Campa\u00f1a Solidaria \u201cAbrigando Sue\u00f1os\u201d. Anteriormente hab\u00eda donado alimentos para los sectores m\u00e1s vulnerables.<\/p>\n\n\n\n<p>&#8211; FUNDACI\u00d3N JUANJO: don\u00f3 telas para la Campa\u00f1a Solidaria \u201cAbrigando Sue\u00f1os\u201d.<\/p>\n\n\n\n<p>&#8211; CENTRO DE DISE\u00d1O ITALIANO (CDI): don\u00f3 telas para la Campa\u00f1a Solidaria \u201cAbrigando Sue\u00f1os\u201d. Anteriormente hab\u00eda donado telas, edredones y barbijos.<\/p>\n\n\n\n<p>&#8211; VOLUNTARIADO VOLBER (VOLUNTARIADO BERAZATEGUI): se encargaron de limpiar placas de radiograf\u00edas que posteriormente ser\u00e1n utilizadas para la confecci\u00f3n de m\u00e1scaras de protecci\u00f3n facial.<\/p>\n\n\n\n<p>&#8211; PAMPA TRADE: don\u00f3 25 kg de leche en polvo para los sectores m\u00e1s vulnerables.<\/p>\n\n\n\n<p>&#8211; AZ\u00daCAR FUGAZ: don\u00f3 az\u00facar para los sectores m\u00e1s vulnerables. Anteriormente ya hab\u00eda realizado donaciones.<\/p>\n\n\n\n<p>&#8211; FILIAL BERAZATEGUI DEL CLUB BOCA JUNIORS: don\u00f3 $20 mil a la Cooperadora del Centro S\u00e1batto para que los utilice en lo que crea necesario. Tambi\u00e9n, ya hab\u00eda realizado donaciones.<\/p>\n\n\n\n<p>Anteriormente, el Municipio recibi\u00f3 variadas donaciones de vecinos y organizaciones, por lo que consider\u00f3 necesario demostrar su gratitud a todos ellos nuevamente:<\/p>\n\n\n\n<p>MADERVENT\/ PRODALSA\/ MERCADO VECINO\/ MAT\u00cdAS PAREDES\/ COMERCIANTES AUTOCONVOCADOS DE BARRIO MAR\u00cdTIMO\/ DR. MARCELO MALALA\/ AUTOCLUB BERAZATEGUI\/ GRACIELA DE LOS SANTOS\/ LOCAL DE ROPA INFANTIL EL N\u00daMERO UNO, del SR. FREDY RISCOSSA \/ S&amp;S ROPA INFANTIL, de GERARDO BASILIO \/ INMOBILIARIA GRUPO PAMPA \/ SALVADOR ARAUJO \/ JOS\u00c9 VACCARO NOTTE \/ JOS\u00c9 LUIS TRIVI\u00d1O \/ MAS-TIN \/ EL MAKZAL \/ MOLINARI Y MOLTECH \/ENVASES DEL PARQUE S.A. \/ CENTRO DE DISE\u00d1O ITALIANO (CDI)\/ RITA RODRIGO\/ DISTRIBUIDORA FERNI \/ CARLOS BENZAQUEN \/ JOS\u00c9 LUIS M\u00c1RMOL \/ V\u00cdCTOR VARONE \/ GABRIEL IEZZI \/ GUSTAVO MANCUSO \/ JAVIER ROSALES \/ RICARDO L\u00d3PEZ \/ CRISTIAN TOLEDO \/ FILIAL BERAZATEGUI DEL CLUB BOCA JUNIORS \/ FILIAL BERAZATEGUI DEL CLUB RIVER PLATE \/ OSCAR GATTI \/ JUSTO LAMAS \/ JULIO SALIN \/ ROTARY CLUB EZPELETA \/ C\u00c1MARA DE COMERCIO BERAZATEGUI OESTE \/ CLAUDIO MARIUTTI \/ ESCUELA T\u00c9CNICA 4 \/ LUCAS MEMMO \/ DEL CERRO CONSTRUCCIONES \/ ASOCIACI\u00d3N \u00abARGENTINA USA BARBIJOS\u00bb \/ ROTARY CLUB \/ MARIANA FERRAZ \/ SOCIEDAD DE FOMENTO PL\u00c1TANOS \/ SINDICATO DE TRABAJADORES MUNICIPALES DE BERAZATEGUI \/ ESCOMESSINA S.A. \/ GRUAPA-JASO S.R.L. \/ TOMATES \u00abPRETO\u00bb \/ MANDALA EVENTOS \/ CRISTALER\u00cdAS RIGOLLEAU \/ LA COMARCA EXTERIOR \/ LEO GUEDES \/ CARDELLINO EVENTOS, de JUAN OROPEZA \/ LE PARK ENTRETENIMIENTOS \/ LA ADB \/ AZ\u00daCAR FUGAZ \/ PRODUCTORES DE LA COOPERATIVA 12 DE AGOSTO \/ DAR\u00cdO \u201cPIPA\u201d BENEDETTO \/ METALCROM \/ COARDEL \/ DECOR CLEAN \/ RGG MANTENIMIENTO \/ CLUB DE LEONES DE BERAZATEGUI \/ PANADER\u00cdA DOLCE DOLCE, del SR. ALBANESE \/ OSCAR ALMIR\u00d3N \/ NORMA DE LOS SANTOS Y MAT\u00cdAS AGUIRRE \/ CENTRO COMERCIAL, INDUSTRIAL Y PROFESIONAL \u201cJUAN MAR\u00cdA GUTI\u00c9RREZ\u201d\/ PABLO CIABOCCO Y RODOLFO FERN\u00c1NDEZ FLORIANI\/ CLUB LOS LE\u00d1EROS \/ MIGUEL SEGURA (GERENTE DE DUPONT) \/ LEANDRO DAGAND \/ CARLOS CACACE \/ ROTARY CLUB DE RANELAGH \/ HUEVOS FABIOLA \/ FIDEOS QU\u00c9 RICO \/ SUPERMERCADO \u201cEL C\u00c9SAR\u201d \/ COLEGIO DE MAGISTRADOS Y FUNCIONARIOS DE QUILMES \/ VER\u00d3NICA D\u00cdAZ \/ SUPERMERCADOS D\u00cdA \/ JUEZ ALEJANDRO MORA \/ SUPERMERCADO STANISCIA \/ FAMILIA FERN\u00c1NDEZ ARAG\u00d3N -DE BERAZATEGUI- \/ CENTRO DE MARTILLEROS Y CORREDORES P\u00daBLICOS DE BERAZATEGUI\/ LA SELENA S.A.\/ REGINALD LEE S.A.\/ HUGO BERRETA \/ ARIEL NARV\u00c1EZ (CARNICER\u00cdA EL BUEN GUSTO) \/ UNI\u00d3N INDUSTRIAL DE BERAZATEGUI \/ AGOMAT \/ EMPRENDEDORES Y EMPRENDEDORAS DEL PROGRAMA EMPRENDER \/ CL\u00cdNICA PRIVADA RANELAGH \/ GUEDIKIAN IMPRESORES \/ L Y H TEXTIL\/ CARNICER\u00cdA LA MERCED \/ COMERCIO VIEJO OCASO \/ EMPRENDIMIENTO DULCE ISABELLA \/ COMERCIO \u201cEL MAGO\u201d\/ AEROCLUB R\u00cdO DE LA PLATA DE BERAZATEGUI \/ MAXIDESCUENTO Y DISTRIBUIDORA SOURIGUES \/ CASA DE RETIRO DEL COLEGIO SAN PABLO AP\u00d3STOL (EL PATO) \/ SEDE DANTAS DE LA ESCUELA DE POLIC\u00cdA \u201cJUAN VUCETICH\u201d \/ FUNDACI\u00d3N CREER ES CREAR \/ SE\u00d1ALARTE \/ AGRUPACI\u00d3N H\u00c9ROES DE MALVINAS \/ HLB PHARMA \/ FAMILIA O\u00b4KEEFE.<\/p>\n","protected":false},"excerpt":{"rendered":"<p>La Municipalidad de Berazategui y su intendente, Juan Jos\u00e9 Mussi, agradecen las acciones solidarias de ciudadanos y empresas que, en el marco de la actual emergencia sanitaria por la propagaci\u00f3n del COVID-19, siguen brindando desinteresadamente su colaboraci\u00f3n para la comunidad, a trav\u00e9s de donaciones de diversos recursos. En esta oportunidad, los agradecimientos dados a conocer&#8230;<\/p>\n","protected":false},"author":2,"featured_media":2619,"comment_status":"open","ping_status":"open","sticky":false,"template":"","format":"standard","meta":{"footnotes":""},"categories":[3],"tags":[],"class_list":["post-2618","post","type-post","status-publish","format-standard","has-post-thumbnail","hentry","category-berazategui"],"featured_image_src":"https:\/\/diarioprincipios.com\/wp-content\/uploads\/2020\/06\/EL-MUNICIPIO-AGRADECE-LA-SOLIDARIDAD-DE-VECINOS-Y-ORGANIZACIONES-1024x684.jpg","blog_images":{"medium":"https:\/\/diarioprincipios.com\/wp-content\/uploads\/2020\/06\/EL-MUNICIPIO-AGRADECE-LA-SOLIDARIDAD-DE-VECINOS-Y-ORGANIZACIONES-300x200.jpg","large":"https:\/\/diarioprincipios.com\/wp-content\/uploads\/2020\/06\/EL-MUNICIPIO-AGRADECE-LA-SOLIDARIDAD-DE-VECINOS-Y-ORGANIZACIONES-1024x684.jpg"},"ams_acf":[],"yoast_head":"<!-- This site is optimized with the Yoast SEO plugin v27.3 - https:\/\/yoast.com\/product\/yoast-seo-wordpress\/ -->\n<title>El Municipio agradeci\u00f3 acciones solidarias de vecinos y organizaciones - Principios<\/title>\n<meta name=\"robots\" content=\"index, follow, max-snippet:-1, max-image-preview:large, max-video-preview:-1\" \/>\n<link rel=\"canonical\" href=\"https:\/\/diarioprincipios.com\/index.php\/2020\/06\/08\/el-municipio-agradecio-acciones-solidarias-de-vecinos-y-organizaciones\/\" \/>\n<meta property=\"og:locale\" content=\"es_ES\" \/>\n<meta property=\"og:type\" content=\"article\" \/>\n<meta property=\"og:title\" content=\"El Municipio agradeci\u00f3 acciones solidarias de vecinos y organizaciones - Principios\" \/>\n<meta property=\"og:description\" content=\"La Municipalidad de Berazategui y su intendente, Juan Jos\u00e9 Mussi, agradecen las acciones solidarias de ciudadanos y empresas que, en el marco de la actual emergencia sanitaria por la propagaci\u00f3n del COVID-19, siguen brindando desinteresadamente su colaboraci\u00f3n para la comunidad, a trav\u00e9s de donaciones de diversos recursos. En esta oportunidad, los agradecimientos dados a conocer...\" \/>\n<meta property=\"og:url\" content=\"https:\/\/diarioprincipios.com\/index.php\/2020\/06\/08\/el-municipio-agradecio-acciones-solidarias-de-vecinos-y-organizaciones\/\" \/>\n<meta property=\"og:site_name\" content=\"Principios\" \/>\n<meta property=\"article:published_time\" content=\"2020-06-08T20:59:41+00:00\" \/>\n<meta property=\"article:modified_time\" content=\"2020-06-08T20:59:45+00:00\" \/>\n<meta property=\"og:image\" content=\"https:\/\/diarioprincipios.com\/wp-content\/uploads\/2020\/06\/EL-MUNICIPIO-AGRADECE-LA-SOLIDARIDAD-DE-VECINOS-Y-ORGANIZACIONES.jpg\" \/>\n\t<meta property=\"og:image:width\" content=\"1920\" \/>\n\t<meta property=\"og:image:height\" content=\"1282\" \/>\n\t<meta property=\"og:image:type\" content=\"image\/jpeg\" \/>\n<meta name=\"author\" content=\"Hern\u00e1n L\u00f3pez\" \/>\n<meta name=\"twitter:card\" content=\"summary_large_image\" \/>\n<meta name=\"twitter:label1\" content=\"Escrito por\" \/>\n\t<meta name=\"twitter:data1\" content=\"Hern\u00e1n L\u00f3pez\" \/>\n\t<meta name=\"twitter:label2\" content=\"Tiempo de lectura\" \/>\n\t<meta name=\"twitter:data2\" content=\"4 minutos\" \/>\n<script type=\"application\/ld+json\" class=\"yoast-schema-graph\">{\"@context\":\"https:\\\/\\\/schema.org\",\"@graph\":[{\"@type\":\"Article\",\"@id\":\"https:\\\/\\\/diarioprincipios.com\\\/index.php\\\/2020\\\/06\\\/08\\\/el-municipio-agradecio-acciones-solidarias-de-vecinos-y-organizaciones\\\/#article\",\"isPartOf\":{\"@id\":\"https:\\\/\\\/diarioprincipios.com\\\/index.php\\\/2020\\\/06\\\/08\\\/el-municipio-agradecio-acciones-solidarias-de-vecinos-y-organizaciones\\\/\"},\"author\":{\"name\":\"Hern\u00e1n L\u00f3pez\",\"@id\":\"https:\\\/\\\/diarioprincipios.com\\\/#\\\/schema\\\/person\\\/436d5a1fd41a5e250e23ff5a6a7cb080\"},\"headline\":\"El Municipio agradeci\u00f3 acciones solidarias de vecinos y organizaciones\",\"datePublished\":\"2020-06-08T20:59:41+00:00\",\"dateModified\":\"2020-06-08T20:59:45+00:00\",\"mainEntityOfPage\":{\"@id\":\"https:\\\/\\\/diarioprincipios.com\\\/index.php\\\/2020\\\/06\\\/08\\\/el-municipio-agradecio-acciones-solidarias-de-vecinos-y-organizaciones\\\/\"},\"wordCount\":755,\"commentCount\":0,\"publisher\":{\"@id\":\"https:\\\/\\\/diarioprincipios.com\\\/#organization\"},\"image\":{\"@id\":\"https:\\\/\\\/diarioprincipios.com\\\/index.php\\\/2020\\\/06\\\/08\\\/el-municipio-agradecio-acciones-solidarias-de-vecinos-y-organizaciones\\\/#primaryimage\"},\"thumbnailUrl\":\"https:\\\/\\\/diarioprincipios.com\\\/wp-content\\\/uploads\\\/2020\\\/06\\\/EL-MUNICIPIO-AGRADECE-LA-SOLIDARIDAD-DE-VECINOS-Y-ORGANIZACIONES.jpg\",\"articleSection\":[\"Berazategui\"],\"inLanguage\":\"es\",\"potentialAction\":[{\"@type\":\"CommentAction\",\"name\":\"Comment\",\"target\":[\"https:\\\/\\\/diarioprincipios.com\\\/index.php\\\/2020\\\/06\\\/08\\\/el-municipio-agradecio-acciones-solidarias-de-vecinos-y-organizaciones\\\/#respond\"]}]},{\"@type\":\"WebPage\",\"@id\":\"https:\\\/\\\/diarioprincipios.com\\\/index.php\\\/2020\\\/06\\\/08\\\/el-municipio-agradecio-acciones-solidarias-de-vecinos-y-organizaciones\\\/\",\"url\":\"https:\\\/\\\/diarioprincipios.com\\\/index.php\\\/2020\\\/06\\\/08\\\/el-municipio-agradecio-acciones-solidarias-de-vecinos-y-organizaciones\\\/\",\"name\":\"El Municipio agradeci\u00f3 acciones solidarias de vecinos y organizaciones - Principios\",\"isPartOf\":{\"@id\":\"https:\\\/\\\/diarioprincipios.com\\\/#website\"},\"primaryImageOfPage\":{\"@id\":\"https:\\\/\\\/diarioprincipios.com\\\/index.php\\\/2020\\\/06\\\/08\\\/el-municipio-agradecio-acciones-solidarias-de-vecinos-y-organizaciones\\\/#primaryimage\"},\"image\":{\"@id\":\"https:\\\/\\\/diarioprincipios.com\\\/index.php\\\/2020\\\/06\\\/08\\\/el-municipio-agradecio-acciones-solidarias-de-vecinos-y-organizaciones\\\/#primaryimage\"},\"thumbnailUrl\":\"https:\\\/\\\/diarioprincipios.com\\\/wp-content\\\/uploads\\\/2020\\\/06\\\/EL-MUNICIPIO-AGRADECE-LA-SOLIDARIDAD-DE-VECINOS-Y-ORGANIZACIONES.jpg\",\"datePublished\":\"2020-06-08T20:59:41+00:00\",\"dateModified\":\"2020-06-08T20:59:45+00:00\",\"breadcrumb\":{\"@id\":\"https:\\\/\\\/diarioprincipios.com\\\/index.php\\\/2020\\\/06\\\/08\\\/el-municipio-agradecio-acciones-solidarias-de-vecinos-y-organizaciones\\\/#breadcrumb\"},\"inLanguage\":\"es\",\"potentialAction\":[{\"@type\":\"ReadAction\",\"target\":[\"https:\\\/\\\/diarioprincipios.com\\\/index.php\\\/2020\\\/06\\\/08\\\/el-municipio-agradecio-acciones-solidarias-de-vecinos-y-organizaciones\\\/\"]}]},{\"@type\":\"ImageObject\",\"inLanguage\":\"es\",\"@id\":\"https:\\\/\\\/diarioprincipios.com\\\/index.php\\\/2020\\\/06\\\/08\\\/el-municipio-agradecio-acciones-solidarias-de-vecinos-y-organizaciones\\\/#primaryimage\",\"url\":\"https:\\\/\\\/diarioprincipios.com\\\/wp-content\\\/uploads\\\/2020\\\/06\\\/EL-MUNICIPIO-AGRADECE-LA-SOLIDARIDAD-DE-VECINOS-Y-ORGANIZACIONES.jpg\",\"contentUrl\":\"https:\\\/\\\/diarioprincipios.com\\\/wp-content\\\/uploads\\\/2020\\\/06\\\/EL-MUNICIPIO-AGRADECE-LA-SOLIDARIDAD-DE-VECINOS-Y-ORGANIZACIONES.jpg\",\"width\":1920,\"height\":1282},{\"@type\":\"BreadcrumbList\",\"@id\":\"https:\\\/\\\/diarioprincipios.com\\\/index.php\\\/2020\\\/06\\\/08\\\/el-municipio-agradecio-acciones-solidarias-de-vecinos-y-organizaciones\\\/#breadcrumb\",\"itemListElement\":[{\"@type\":\"ListItem\",\"position\":1,\"name\":\"Portada\",\"item\":\"https:\\\/\\\/diarioprincipios.com\\\/\"},{\"@type\":\"ListItem\",\"position\":2,\"name\":\"El Municipio agradeci\u00f3 acciones solidarias de vecinos y organizaciones\"}]},{\"@type\":\"WebSite\",\"@id\":\"https:\\\/\\\/diarioprincipios.com\\\/#website\",\"url\":\"https:\\\/\\\/diarioprincipios.com\\\/\",\"name\":\"Principios\",\"description\":\"Principios Diario\",\"publisher\":{\"@id\":\"https:\\\/\\\/diarioprincipios.com\\\/#organization\"},\"potentialAction\":[{\"@type\":\"SearchAction\",\"target\":{\"@type\":\"EntryPoint\",\"urlTemplate\":\"https:\\\/\\\/diarioprincipios.com\\\/?s={search_term_string}\"},\"query-input\":{\"@type\":\"PropertyValueSpecification\",\"valueRequired\":true,\"valueName\":\"search_term_string\"}}],\"inLanguage\":\"es\"},{\"@type\":\"Organization\",\"@id\":\"https:\\\/\\\/diarioprincipios.com\\\/#organization\",\"name\":\"Principios\",\"url\":\"https:\\\/\\\/diarioprincipios.com\\\/\",\"logo\":{\"@type\":\"ImageObject\",\"inLanguage\":\"es\",\"@id\":\"https:\\\/\\\/diarioprincipios.com\\\/#\\\/schema\\\/logo\\\/image\\\/\",\"url\":\"https:\\\/\\\/diarioprincipios.com\\\/wp-content\\\/uploads\\\/2024\\\/04\\\/cropped-www.diarioprincipios.com_-1.png\",\"contentUrl\":\"https:\\\/\\\/diarioprincipios.com\\\/wp-content\\\/uploads\\\/2024\\\/04\\\/cropped-www.diarioprincipios.com_-1.png\",\"width\":5325,\"height\":1454,\"caption\":\"Principios\"},\"image\":{\"@id\":\"https:\\\/\\\/diarioprincipios.com\\\/#\\\/schema\\\/logo\\\/image\\\/\"}},{\"@type\":\"Person\",\"@id\":\"https:\\\/\\\/diarioprincipios.com\\\/#\\\/schema\\\/person\\\/436d5a1fd41a5e250e23ff5a6a7cb080\",\"name\":\"Hern\u00e1n L\u00f3pez\",\"image\":{\"@type\":\"ImageObject\",\"inLanguage\":\"es\",\"@id\":\"https:\\\/\\\/diarioprincipios.com\\\/wp-content\\\/litespeed\\\/avatar\\\/11ddfe5610ff3bd100522525b2571f48.jpg?ver=1777653193\",\"url\":\"https:\\\/\\\/diarioprincipios.com\\\/wp-content\\\/litespeed\\\/avatar\\\/11ddfe5610ff3bd100522525b2571f48.jpg?ver=1777653193\",\"contentUrl\":\"https:\\\/\\\/diarioprincipios.com\\\/wp-content\\\/litespeed\\\/avatar\\\/11ddfe5610ff3bd100522525b2571f48.jpg?ver=1777653193\",\"caption\":\"Hern\u00e1n L\u00f3pez\"},\"url\":\"https:\\\/\\\/diarioprincipios.com\\\/index.php\\\/author\\\/hernan\\\/\"}]}<\/script>\n<!-- \/ Yoast SEO plugin. -->","yoast_head_json":{"title":"El Municipio agradeci\u00f3 acciones solidarias de vecinos y organizaciones - Principios","robots":{"index":"index","follow":"follow","max-snippet":"max-snippet:-1","max-image-preview":"max-image-preview:large","max-video-preview":"max-video-preview:-1"},"canonical":"https:\/\/diarioprincipios.com\/index.php\/2020\/06\/08\/el-municipio-agradecio-acciones-solidarias-de-vecinos-y-organizaciones\/","og_locale":"es_ES","og_type":"article","og_title":"El Municipio agradeci\u00f3 acciones solidarias de vecinos y organizaciones - Principios","og_description":"La Municipalidad de Berazategui y su intendente, Juan Jos\u00e9 Mussi, agradecen las acciones solidarias de ciudadanos y empresas que, en el marco de la actual emergencia sanitaria por la propagaci\u00f3n del COVID-19, siguen brindando desinteresadamente su colaboraci\u00f3n para la comunidad, a trav\u00e9s de donaciones de diversos recursos. En esta oportunidad, los agradecimientos dados a conocer...","og_url":"https:\/\/diarioprincipios.com\/index.php\/2020\/06\/08\/el-municipio-agradecio-acciones-solidarias-de-vecinos-y-organizaciones\/","og_site_name":"Principios","article_published_time":"2020-06-08T20:59:41+00:00","article_modified_time":"2020-06-08T20:59:45+00:00","og_image":[{"width":1920,"height":1282,"url":"https:\/\/diarioprincipios.com\/wp-content\/uploads\/2020\/06\/EL-MUNICIPIO-AGRADECE-LA-SOLIDARIDAD-DE-VECINOS-Y-ORGANIZACIONES.jpg","type":"image\/jpeg"}],"author":"Hern\u00e1n L\u00f3pez","twitter_card":"summary_large_image","twitter_misc":{"Escrito por":"Hern\u00e1n L\u00f3pez","Tiempo de lectura":"4 minutos"},"schema":{"@context":"https:\/\/schema.org","@graph":[{"@type":"Article","@id":"https:\/\/diarioprincipios.com\/index.php\/2020\/06\/08\/el-municipio-agradecio-acciones-solidarias-de-vecinos-y-organizaciones\/#article","isPartOf":{"@id":"https:\/\/diarioprincipios.com\/index.php\/2020\/06\/08\/el-municipio-agradecio-acciones-solidarias-de-vecinos-y-organizaciones\/"},"author":{"name":"Hern\u00e1n L\u00f3pez","@id":"https:\/\/diarioprincipios.com\/#\/schema\/person\/436d5a1fd41a5e250e23ff5a6a7cb080"},"headline":"El Municipio agradeci\u00f3 acciones solidarias de vecinos y organizaciones","datePublished":"2020-06-08T20:59:41+00:00","dateModified":"2020-06-08T20:59:45+00:00","mainEntityOfPage":{"@id":"https:\/\/diarioprincipios.com\/index.php\/2020\/06\/08\/el-municipio-agradecio-acciones-solidarias-de-vecinos-y-organizaciones\/"},"wordCount":755,"commentCount":0,"publisher":{"@id":"https:\/\/diarioprincipios.com\/#organization"},"image":{"@id":"https:\/\/diarioprincipios.com\/index.php\/2020\/06\/08\/el-municipio-agradecio-acciones-solidarias-de-vecinos-y-organizaciones\/#primaryimage"},"thumbnailUrl":"https:\/\/diarioprincipios.com\/wp-content\/uploads\/2020\/06\/EL-MUNICIPIO-AGRADECE-LA-SOLIDARIDAD-DE-VECINOS-Y-ORGANIZACIONES.jpg","articleSection":["Berazategui"],"inLanguage":"es","potentialAction":[{"@type":"CommentAction","name":"Comment","target":["https:\/\/diarioprincipios.com\/index.php\/2020\/06\/08\/el-municipio-agradecio-acciones-solidarias-de-vecinos-y-organizaciones\/#respond"]}]},{"@type":"WebPage","@id":"https:\/\/diarioprincipios.com\/index.php\/2020\/06\/08\/el-municipio-agradecio-acciones-solidarias-de-vecinos-y-organizaciones\/","url":"https:\/\/diarioprincipios.com\/index.php\/2020\/06\/08\/el-municipio-agradecio-acciones-solidarias-de-vecinos-y-organizaciones\/","name":"El Municipio agradeci\u00f3 acciones solidarias de vecinos y organizaciones - Principios","isPartOf":{"@id":"https:\/\/diarioprincipios.com\/#website"},"primaryImageOfPage":{"@id":"https:\/\/diarioprincipios.com\/index.php\/2020\/06\/08\/el-municipio-agradecio-acciones-solidarias-de-vecinos-y-organizaciones\/#primaryimage"},"image":{"@id":"https:\/\/diarioprincipios.com\/index.php\/2020\/06\/08\/el-municipio-agradecio-acciones-solidarias-de-vecinos-y-organizaciones\/#primaryimage"},"thumbnailUrl":"https:\/\/diarioprincipios.com\/wp-content\/uploads\/2020\/06\/EL-MUNICIPIO-AGRADECE-LA-SOLIDARIDAD-DE-VECINOS-Y-ORGANIZACIONES.jpg","datePublished":"2020-06-08T20:59:41+00:00","dateModified":"2020-06-08T20:59:45+00:00","breadcrumb":{"@id":"https:\/\/diarioprincipios.com\/index.php\/2020\/06\/08\/el-municipio-agradecio-acciones-solidarias-de-vecinos-y-organizaciones\/#breadcrumb"},"inLanguage":"es","potentialAction":[{"@type":"ReadAction","target":["https:\/\/diarioprincipios.com\/index.php\/2020\/06\/08\/el-municipio-agradecio-acciones-solidarias-de-vecinos-y-organizaciones\/"]}]},{"@type":"ImageObject","inLanguage":"es","@id":"https:\/\/diarioprincipios.com\/index.php\/2020\/06\/08\/el-municipio-agradecio-acciones-solidarias-de-vecinos-y-organizaciones\/#primaryimage","url":"https:\/\/diarioprincipios.com\/wp-content\/uploads\/2020\/06\/EL-MUNICIPIO-AGRADECE-LA-SOLIDARIDAD-DE-VECINOS-Y-ORGANIZACIONES.jpg","contentUrl":"https:\/\/diarioprincipios.com\/wp-content\/uploads\/2020\/06\/EL-MUNICIPIO-AGRADECE-LA-SOLIDARIDAD-DE-VECINOS-Y-ORGANIZACIONES.jpg","width":1920,"height":1282},{"@type":"BreadcrumbList","@id":"https:\/\/diarioprincipios.com\/index.php\/2020\/06\/08\/el-municipio-agradecio-acciones-solidarias-de-vecinos-y-organizaciones\/#breadcrumb","itemListElement":[{"@type":"ListItem","position":1,"name":"Portada","item":"https:\/\/diarioprincipios.com\/"},{"@type":"ListItem","position":2,"name":"El Municipio agradeci\u00f3 acciones solidarias de vecinos y organizaciones"}]},{"@type":"WebSite","@id":"https:\/\/diarioprincipios.com\/#website","url":"https:\/\/diarioprincipios.com\/","name":"Principios","description":"Principios Diario","publisher":{"@id":"https:\/\/diarioprincipios.com\/#organization"},"potentialAction":[{"@type":"SearchAction","target":{"@type":"EntryPoint","urlTemplate":"https:\/\/diarioprincipios.com\/?s={search_term_string}"},"query-input":{"@type":"PropertyValueSpecification","valueRequired":true,"valueName":"search_term_string"}}],"inLanguage":"es"},{"@type":"Organization","@id":"https:\/\/diarioprincipios.com\/#organization","name":"Principios","url":"https:\/\/diarioprincipios.com\/","logo":{"@type":"ImageObject","inLanguage":"es","@id":"https:\/\/diarioprincipios.com\/#\/schema\/logo\/image\/","url":"https:\/\/diarioprincipios.com\/wp-content\/uploads\/2024\/04\/cropped-www.diarioprincipios.com_-1.png","contentUrl":"https:\/\/diarioprincipios.com\/wp-content\/uploads\/2024\/04\/cropped-www.diarioprincipios.com_-1.png","width":5325,"height":1454,"caption":"Principios"},"image":{"@id":"https:\/\/diarioprincipios.com\/#\/schema\/logo\/image\/"}},{"@type":"Person","@id":"https:\/\/diarioprincipios.com\/#\/schema\/person\/436d5a1fd41a5e250e23ff5a6a7cb080","name":"Hern\u00e1n L\u00f3pez","image":{"@type":"ImageObject","inLanguage":"es","@id":"https:\/\/diarioprincipios.com\/wp-content\/litespeed\/avatar\/11ddfe5610ff3bd100522525b2571f48.jpg?ver=1777653193","url":"https:\/\/diarioprincipios.com\/wp-content\/litespeed\/avatar\/11ddfe5610ff3bd100522525b2571f48.jpg?ver=1777653193","contentUrl":"https:\/\/diarioprincipios.com\/wp-content\/litespeed\/avatar\/11ddfe5610ff3bd100522525b2571f48.jpg?ver=1777653193","caption":"Hern\u00e1n L\u00f3pez"},"url":"https:\/\/diarioprincipios.com\/index.php\/author\/hernan\/"}]}},"jetpack_featured_media_url":"https:\/\/diarioprincipios.com\/wp-content\/uploads\/2020\/06\/EL-MUNICIPIO-AGRADECE-LA-SOLIDARIDAD-DE-VECINOS-Y-ORGANIZACIONES.jpg","_links":{"self":[{"href":"https:\/\/diarioprincipios.com\/index.php\/wp-json\/wp\/v2\/posts\/2618","targetHints":{"allow":["GET"]}}],"collection":[{"href":"https:\/\/diarioprincipios.com\/index.php\/wp-json\/wp\/v2\/posts"}],"about":[{"href":"https:\/\/diarioprincipios.com\/index.php\/wp-json\/wp\/v2\/types\/post"}],"author":[{"embeddable":true,"href":"https:\/\/diarioprincipios.com\/index.php\/wp-json\/wp\/v2\/users\/2"}],"replies":[{"embeddable":true,"href":"https:\/\/diarioprincipios.com\/index.php\/wp-json\/wp\/v2\/comments?post=2618"}],"version-history":[{"count":1,"href":"https:\/\/diarioprincipios.com\/index.php\/wp-json\/wp\/v2\/posts\/2618\/revisions"}],"predecessor-version":[{"id":2620,"href":"https:\/\/diarioprincipios.com\/index.php\/wp-json\/wp\/v2\/posts\/2618\/revisions\/2620"}],"wp:featuredmedia":[{"embeddable":true,"href":"https:\/\/diarioprincipios.com\/index.php\/wp-json\/wp\/v2\/media\/2619"}],"wp:attachment":[{"href":"https:\/\/diarioprincipios.com\/index.php\/wp-json\/wp\/v2\/media?parent=2618"}],"wp:term":[{"taxonomy":"category","embeddable":true,"href":"https:\/\/diarioprincipios.com\/index.php\/wp-json\/wp\/v2\/categories?post=2618"},{"taxonomy":"post_tag","embeddable":true,"href":"https:\/\/diarioprincipios.com\/index.php\/wp-json\/wp\/v2\/tags?post=2618"}],"curies":[{"name":"wp","href":"https:\/\/api.w.org\/{rel}","templated":true}]}}