{"id":26067,"date":"2025-12-11T19:31:58","date_gmt":"2025-12-11T22:31:58","guid":{"rendered":"https:\/\/diarioprincipios.com\/?p=26067"},"modified":"2025-12-11T19:31:59","modified_gmt":"2025-12-11T22:31:59","slug":"exitosas-jornadas-del-festival-nacional-cine-bajo-la-luna","status":"publish","type":"post","link":"https:\/\/diarioprincipios.com\/index.php\/2025\/12\/11\/exitosas-jornadas-del-festival-nacional-cine-bajo-la-luna\/","title":{"rendered":"Exitosas jornadas del Festival Nacional \u201cCine Bajo la Luna\u201d"},"content":{"rendered":"\n<p>El s\u00e1bado 6 y el domingo 7 de diciembre, Ranelagh fue sede de la sexta edici\u00f3n del Festival Nacional de Cortometrajes \u201cCine Bajo la Luna\u201d. All\u00ed se proyectaron 20 filmes de distintos g\u00e9neros, realizados por productores audiovisuales locales y de todo el pa\u00eds. Adem\u00e1s, hubo otras actividades para disfrutar en familia.<\/p>\n\n\n\n<p>Como todos los a\u00f1os, \u201cCine Bajo la Luna\u201d fue organizado por la Secretar\u00eda de Cultura y Educaci\u00f3n de la Municipalidad de Berazategui -cuyo titular es Federico L\u00f3pez-, con la colaboraci\u00f3n del director y actor local Ernesto Rowe, adem\u00e1s del padrinazgo del actor Luis Mach\u00edn. Este a\u00f1o participaron 140 cortos de todo el pa\u00eds, de los cuales fueron seleccionados 20 para su proyecci\u00f3n.<\/p>\n\n\n\n<figure class=\"wp-block-image size-large\"><img loading=\"lazy\" decoding=\"async\" width=\"1024\" height=\"686\" src=\"https:\/\/diarioprincipios.com\/wp-content\/uploads\/2025\/12\/Exitosas-jornadas-del-Festival-Nacional-Cine-Bajo-la-Luna-5-1024x686.jpg\" alt=\"\" class=\"wp-image-26068\" srcset=\"https:\/\/diarioprincipios.com\/wp-content\/uploads\/2025\/12\/Exitosas-jornadas-del-Festival-Nacional-Cine-Bajo-la-Luna-5-1024x686.jpg 1024w, https:\/\/diarioprincipios.com\/wp-content\/uploads\/2025\/12\/Exitosas-jornadas-del-Festival-Nacional-Cine-Bajo-la-Luna-5-300x200.jpg 300w, https:\/\/diarioprincipios.com\/wp-content\/uploads\/2025\/12\/Exitosas-jornadas-del-Festival-Nacional-Cine-Bajo-la-Luna-5-768x515.jpg 768w, https:\/\/diarioprincipios.com\/wp-content\/uploads\/2025\/12\/Exitosas-jornadas-del-Festival-Nacional-Cine-Bajo-la-Luna-5-1536x1030.jpg 1536w, https:\/\/diarioprincipios.com\/wp-content\/uploads\/2025\/12\/Exitosas-jornadas-del-Festival-Nacional-Cine-Bajo-la-Luna-5.jpg 1920w\" sizes=\"auto, (max-width: 1024px) 100vw, 1024px\" \/><\/figure>\n\n\n\n<p>Los asistentes al festival pudieron votar su cortometraje favorito. Adem\u00e1s, se premi\u00f3 al mejor cortometraje berazateguense y general; y tambi\u00e9n se realizaron menciones especiales.<\/p>\n\n\n\n<p>\u201cEstamos muy contentos de poder continuar con estas pol\u00edticas p\u00fablicas culturales que lleva adelante el Municipio de Berazategui, desde hace m\u00e1s de 30 a\u00f1os. Juan Jos\u00e9 Mussi fue el impulsor de todo esto; \u00e9l entend\u00eda a la cultura como una herramienta de transformaci\u00f3n social. Por eso lo recordamos y le agradecemos su gesti\u00f3n\u201d, destac\u00f3 L\u00f3pez.<\/p>\n\n\n\n<p>Asimismo, el Secretario afirm\u00f3: \u201cEl intendente Carlos Balor contin\u00faa esa l\u00ednea, la misma impronta de trabajo que Mussi. As\u00ed que seguimos con mucha actividad cultural en Berazategui, como este festival que le permite visibilizar sus trabajos a productores audiovisuales \u201d.<\/p>\n\n\n\n<p>Adem\u00e1s de las proyecciones, el p\u00fablico disfrut\u00f3 de la Feria Regal\u00e1 Cultura, m\u00fasica en vivo, food trucks y actividades en el Complejo Cultural Municipal La Casa de la Estaci\u00f3n.<\/p>\n","protected":false},"excerpt":{"rendered":"<p>El s\u00e1bado 6 y el domingo 7 de diciembre, Ranelagh fue sede de la sexta edici\u00f3n del Festival Nacional de Cortometrajes \u201cCine Bajo la Luna\u201d. All\u00ed se proyectaron 20 filmes de distintos g\u00e9neros, realizados por productores audiovisuales locales y de todo el pa\u00eds. Adem\u00e1s, hubo otras actividades para disfrutar en familia. Como todos los a\u00f1os,&#8230;<\/p>\n","protected":false},"author":2,"featured_media":26069,"comment_status":"open","ping_status":"open","sticky":false,"template":"","format":"standard","meta":{"footnotes":""},"categories":[3,19],"tags":[],"class_list":["post-26067","post","type-post","status-publish","format-standard","has-post-thumbnail","hentry","category-berazategui","category-cultura-educacion"],"featured_image_src":"https:\/\/diarioprincipios.com\/wp-content\/uploads\/2025\/12\/Exitosas-jornadas-del-Festival-Nacional-Cine-Bajo-la-Luna-1-1024x683.jpg","blog_images":{"medium":"https:\/\/diarioprincipios.com\/wp-content\/uploads\/2025\/12\/Exitosas-jornadas-del-Festival-Nacional-Cine-Bajo-la-Luna-1-300x200.jpg","large":"https:\/\/diarioprincipios.com\/wp-content\/uploads\/2025\/12\/Exitosas-jornadas-del-Festival-Nacional-Cine-Bajo-la-Luna-1-1024x683.jpg"},"ams_acf":[],"yoast_head":"<!-- This site is optimized with the Yoast SEO plugin v27.3 - https:\/\/yoast.com\/product\/yoast-seo-wordpress\/ -->\n<title>Exitosas jornadas del Festival Nacional \u201cCine Bajo la Luna\u201d - Principios<\/title>\n<meta name=\"robots\" content=\"index, follow, max-snippet:-1, max-image-preview:large, max-video-preview:-1\" \/>\n<link rel=\"canonical\" href=\"https:\/\/diarioprincipios.com\/index.php\/2025\/12\/11\/exitosas-jornadas-del-festival-nacional-cine-bajo-la-luna\/\" \/>\n<meta property=\"og:locale\" content=\"es_ES\" \/>\n<meta property=\"og:type\" content=\"article\" \/>\n<meta property=\"og:title\" content=\"Exitosas jornadas del Festival Nacional \u201cCine Bajo la Luna\u201d - Principios\" \/>\n<meta property=\"og:description\" content=\"El s\u00e1bado 6 y el domingo 7 de diciembre, Ranelagh fue sede de la sexta edici\u00f3n del Festival Nacional de Cortometrajes \u201cCine Bajo la Luna\u201d. All\u00ed se proyectaron 20 filmes de distintos g\u00e9neros, realizados por productores audiovisuales locales y de todo el pa\u00eds. Adem\u00e1s, hubo otras actividades para disfrutar en familia. Como todos los a\u00f1os,...\" \/>\n<meta property=\"og:url\" content=\"https:\/\/diarioprincipios.com\/index.php\/2025\/12\/11\/exitosas-jornadas-del-festival-nacional-cine-bajo-la-luna\/\" \/>\n<meta property=\"og:site_name\" content=\"Principios\" \/>\n<meta property=\"article:published_time\" content=\"2025-12-11T22:31:58+00:00\" \/>\n<meta property=\"article:modified_time\" content=\"2025-12-11T22:31:59+00:00\" \/>\n<meta property=\"og:image\" content=\"https:\/\/diarioprincipios.com\/wp-content\/uploads\/2025\/12\/Exitosas-jornadas-del-Festival-Nacional-Cine-Bajo-la-Luna-1.jpg\" \/>\n\t<meta property=\"og:image:width\" content=\"1920\" \/>\n\t<meta property=\"og:image:height\" content=\"1280\" \/>\n\t<meta property=\"og:image:type\" content=\"image\/jpeg\" \/>\n<meta name=\"author\" content=\"Hern\u00e1n L\u00f3pez\" \/>\n<meta name=\"twitter:card\" content=\"summary_large_image\" \/>\n<meta name=\"twitter:label1\" content=\"Escrito por\" \/>\n\t<meta name=\"twitter:data1\" content=\"Hern\u00e1n L\u00f3pez\" \/>\n\t<meta name=\"twitter:label2\" content=\"Tiempo de lectura\" \/>\n\t<meta name=\"twitter:data2\" content=\"2 minutos\" \/>\n<script type=\"application\/ld+json\" class=\"yoast-schema-graph\">{\"@context\":\"https:\\\/\\\/schema.org\",\"@graph\":[{\"@type\":\"Article\",\"@id\":\"https:\\\/\\\/diarioprincipios.com\\\/index.php\\\/2025\\\/12\\\/11\\\/exitosas-jornadas-del-festival-nacional-cine-bajo-la-luna\\\/#article\",\"isPartOf\":{\"@id\":\"https:\\\/\\\/diarioprincipios.com\\\/index.php\\\/2025\\\/12\\\/11\\\/exitosas-jornadas-del-festival-nacional-cine-bajo-la-luna\\\/\"},\"author\":{\"name\":\"Hern\u00e1n L\u00f3pez\",\"@id\":\"https:\\\/\\\/diarioprincipios.com\\\/#\\\/schema\\\/person\\\/436d5a1fd41a5e250e23ff5a6a7cb080\"},\"headline\":\"Exitosas jornadas del Festival Nacional \u201cCine Bajo la Luna\u201d\",\"datePublished\":\"2025-12-11T22:31:58+00:00\",\"dateModified\":\"2025-12-11T22:31:59+00:00\",\"mainEntityOfPage\":{\"@id\":\"https:\\\/\\\/diarioprincipios.com\\\/index.php\\\/2025\\\/12\\\/11\\\/exitosas-jornadas-del-festival-nacional-cine-bajo-la-luna\\\/\"},\"wordCount\":294,\"commentCount\":0,\"publisher\":{\"@id\":\"https:\\\/\\\/diarioprincipios.com\\\/#organization\"},\"image\":{\"@id\":\"https:\\\/\\\/diarioprincipios.com\\\/index.php\\\/2025\\\/12\\\/11\\\/exitosas-jornadas-del-festival-nacional-cine-bajo-la-luna\\\/#primaryimage\"},\"thumbnailUrl\":\"https:\\\/\\\/diarioprincipios.com\\\/wp-content\\\/uploads\\\/2025\\\/12\\\/Exitosas-jornadas-del-Festival-Nacional-Cine-Bajo-la-Luna-1.jpg\",\"articleSection\":[\"Berazategui\",\"Cultura y Educaci\u00f3n\"],\"inLanguage\":\"es\",\"potentialAction\":[{\"@type\":\"CommentAction\",\"name\":\"Comment\",\"target\":[\"https:\\\/\\\/diarioprincipios.com\\\/index.php\\\/2025\\\/12\\\/11\\\/exitosas-jornadas-del-festival-nacional-cine-bajo-la-luna\\\/#respond\"]}]},{\"@type\":\"WebPage\",\"@id\":\"https:\\\/\\\/diarioprincipios.com\\\/index.php\\\/2025\\\/12\\\/11\\\/exitosas-jornadas-del-festival-nacional-cine-bajo-la-luna\\\/\",\"url\":\"https:\\\/\\\/diarioprincipios.com\\\/index.php\\\/2025\\\/12\\\/11\\\/exitosas-jornadas-del-festival-nacional-cine-bajo-la-luna\\\/\",\"name\":\"Exitosas jornadas del Festival Nacional \u201cCine Bajo la Luna\u201d - Principios\",\"isPartOf\":{\"@id\":\"https:\\\/\\\/diarioprincipios.com\\\/#website\"},\"primaryImageOfPage\":{\"@id\":\"https:\\\/\\\/diarioprincipios.com\\\/index.php\\\/2025\\\/12\\\/11\\\/exitosas-jornadas-del-festival-nacional-cine-bajo-la-luna\\\/#primaryimage\"},\"image\":{\"@id\":\"https:\\\/\\\/diarioprincipios.com\\\/index.php\\\/2025\\\/12\\\/11\\\/exitosas-jornadas-del-festival-nacional-cine-bajo-la-luna\\\/#primaryimage\"},\"thumbnailUrl\":\"https:\\\/\\\/diarioprincipios.com\\\/wp-content\\\/uploads\\\/2025\\\/12\\\/Exitosas-jornadas-del-Festival-Nacional-Cine-Bajo-la-Luna-1.jpg\",\"datePublished\":\"2025-12-11T22:31:58+00:00\",\"dateModified\":\"2025-12-11T22:31:59+00:00\",\"breadcrumb\":{\"@id\":\"https:\\\/\\\/diarioprincipios.com\\\/index.php\\\/2025\\\/12\\\/11\\\/exitosas-jornadas-del-festival-nacional-cine-bajo-la-luna\\\/#breadcrumb\"},\"inLanguage\":\"es\",\"potentialAction\":[{\"@type\":\"ReadAction\",\"target\":[\"https:\\\/\\\/diarioprincipios.com\\\/index.php\\\/2025\\\/12\\\/11\\\/exitosas-jornadas-del-festival-nacional-cine-bajo-la-luna\\\/\"]}]},{\"@type\":\"ImageObject\",\"inLanguage\":\"es\",\"@id\":\"https:\\\/\\\/diarioprincipios.com\\\/index.php\\\/2025\\\/12\\\/11\\\/exitosas-jornadas-del-festival-nacional-cine-bajo-la-luna\\\/#primaryimage\",\"url\":\"https:\\\/\\\/diarioprincipios.com\\\/wp-content\\\/uploads\\\/2025\\\/12\\\/Exitosas-jornadas-del-Festival-Nacional-Cine-Bajo-la-Luna-1.jpg\",\"contentUrl\":\"https:\\\/\\\/diarioprincipios.com\\\/wp-content\\\/uploads\\\/2025\\\/12\\\/Exitosas-jornadas-del-Festival-Nacional-Cine-Bajo-la-Luna-1.jpg\",\"width\":1920,\"height\":1280},{\"@type\":\"BreadcrumbList\",\"@id\":\"https:\\\/\\\/diarioprincipios.com\\\/index.php\\\/2025\\\/12\\\/11\\\/exitosas-jornadas-del-festival-nacional-cine-bajo-la-luna\\\/#breadcrumb\",\"itemListElement\":[{\"@type\":\"ListItem\",\"position\":1,\"name\":\"Portada\",\"item\":\"https:\\\/\\\/diarioprincipios.com\\\/\"},{\"@type\":\"ListItem\",\"position\":2,\"name\":\"Exitosas jornadas del Festival Nacional \u201cCine Bajo la Luna\u201d\"}]},{\"@type\":\"WebSite\",\"@id\":\"https:\\\/\\\/diarioprincipios.com\\\/#website\",\"url\":\"https:\\\/\\\/diarioprincipios.com\\\/\",\"name\":\"Principios\",\"description\":\"Principios Diario\",\"publisher\":{\"@id\":\"https:\\\/\\\/diarioprincipios.com\\\/#organization\"},\"potentialAction\":[{\"@type\":\"SearchAction\",\"target\":{\"@type\":\"EntryPoint\",\"urlTemplate\":\"https:\\\/\\\/diarioprincipios.com\\\/?s={search_term_string}\"},\"query-input\":{\"@type\":\"PropertyValueSpecification\",\"valueRequired\":true,\"valueName\":\"search_term_string\"}}],\"inLanguage\":\"es\"},{\"@type\":\"Organization\",\"@id\":\"https:\\\/\\\/diarioprincipios.com\\\/#organization\",\"name\":\"Principios\",\"url\":\"https:\\\/\\\/diarioprincipios.com\\\/\",\"logo\":{\"@type\":\"ImageObject\",\"inLanguage\":\"es\",\"@id\":\"https:\\\/\\\/diarioprincipios.com\\\/#\\\/schema\\\/logo\\\/image\\\/\",\"url\":\"https:\\\/\\\/diarioprincipios.com\\\/wp-content\\\/uploads\\\/2024\\\/04\\\/cropped-www.diarioprincipios.com_-1.png\",\"contentUrl\":\"https:\\\/\\\/diarioprincipios.com\\\/wp-content\\\/uploads\\\/2024\\\/04\\\/cropped-www.diarioprincipios.com_-1.png\",\"width\":5325,\"height\":1454,\"caption\":\"Principios\"},\"image\":{\"@id\":\"https:\\\/\\\/diarioprincipios.com\\\/#\\\/schema\\\/logo\\\/image\\\/\"}},{\"@type\":\"Person\",\"@id\":\"https:\\\/\\\/diarioprincipios.com\\\/#\\\/schema\\\/person\\\/436d5a1fd41a5e250e23ff5a6a7cb080\",\"name\":\"Hern\u00e1n L\u00f3pez\",\"image\":{\"@type\":\"ImageObject\",\"inLanguage\":\"es\",\"@id\":\"https:\\\/\\\/diarioprincipios.com\\\/wp-content\\\/litespeed\\\/avatar\\\/11ddfe5610ff3bd100522525b2571f48.jpg?ver=1777653193\",\"url\":\"https:\\\/\\\/diarioprincipios.com\\\/wp-content\\\/litespeed\\\/avatar\\\/11ddfe5610ff3bd100522525b2571f48.jpg?ver=1777653193\",\"contentUrl\":\"https:\\\/\\\/diarioprincipios.com\\\/wp-content\\\/litespeed\\\/avatar\\\/11ddfe5610ff3bd100522525b2571f48.jpg?ver=1777653193\",\"caption\":\"Hern\u00e1n L\u00f3pez\"},\"url\":\"https:\\\/\\\/diarioprincipios.com\\\/index.php\\\/author\\\/hernan\\\/\"}]}<\/script>\n<!-- \/ Yoast SEO plugin. -->","yoast_head_json":{"title":"Exitosas jornadas del Festival Nacional \u201cCine Bajo la Luna\u201d - Principios","robots":{"index":"index","follow":"follow","max-snippet":"max-snippet:-1","max-image-preview":"max-image-preview:large","max-video-preview":"max-video-preview:-1"},"canonical":"https:\/\/diarioprincipios.com\/index.php\/2025\/12\/11\/exitosas-jornadas-del-festival-nacional-cine-bajo-la-luna\/","og_locale":"es_ES","og_type":"article","og_title":"Exitosas jornadas del Festival Nacional \u201cCine Bajo la Luna\u201d - Principios","og_description":"El s\u00e1bado 6 y el domingo 7 de diciembre, Ranelagh fue sede de la sexta edici\u00f3n del Festival Nacional de Cortometrajes \u201cCine Bajo la Luna\u201d. All\u00ed se proyectaron 20 filmes de distintos g\u00e9neros, realizados por productores audiovisuales locales y de todo el pa\u00eds. Adem\u00e1s, hubo otras actividades para disfrutar en familia. Como todos los a\u00f1os,...","og_url":"https:\/\/diarioprincipios.com\/index.php\/2025\/12\/11\/exitosas-jornadas-del-festival-nacional-cine-bajo-la-luna\/","og_site_name":"Principios","article_published_time":"2025-12-11T22:31:58+00:00","article_modified_time":"2025-12-11T22:31:59+00:00","og_image":[{"width":1920,"height":1280,"url":"https:\/\/diarioprincipios.com\/wp-content\/uploads\/2025\/12\/Exitosas-jornadas-del-Festival-Nacional-Cine-Bajo-la-Luna-1.jpg","type":"image\/jpeg"}],"author":"Hern\u00e1n L\u00f3pez","twitter_card":"summary_large_image","twitter_misc":{"Escrito por":"Hern\u00e1n L\u00f3pez","Tiempo de lectura":"2 minutos"},"schema":{"@context":"https:\/\/schema.org","@graph":[{"@type":"Article","@id":"https:\/\/diarioprincipios.com\/index.php\/2025\/12\/11\/exitosas-jornadas-del-festival-nacional-cine-bajo-la-luna\/#article","isPartOf":{"@id":"https:\/\/diarioprincipios.com\/index.php\/2025\/12\/11\/exitosas-jornadas-del-festival-nacional-cine-bajo-la-luna\/"},"author":{"name":"Hern\u00e1n L\u00f3pez","@id":"https:\/\/diarioprincipios.com\/#\/schema\/person\/436d5a1fd41a5e250e23ff5a6a7cb080"},"headline":"Exitosas jornadas del Festival Nacional \u201cCine Bajo la Luna\u201d","datePublished":"2025-12-11T22:31:58+00:00","dateModified":"2025-12-11T22:31:59+00:00","mainEntityOfPage":{"@id":"https:\/\/diarioprincipios.com\/index.php\/2025\/12\/11\/exitosas-jornadas-del-festival-nacional-cine-bajo-la-luna\/"},"wordCount":294,"commentCount":0,"publisher":{"@id":"https:\/\/diarioprincipios.com\/#organization"},"image":{"@id":"https:\/\/diarioprincipios.com\/index.php\/2025\/12\/11\/exitosas-jornadas-del-festival-nacional-cine-bajo-la-luna\/#primaryimage"},"thumbnailUrl":"https:\/\/diarioprincipios.com\/wp-content\/uploads\/2025\/12\/Exitosas-jornadas-del-Festival-Nacional-Cine-Bajo-la-Luna-1.jpg","articleSection":["Berazategui","Cultura y Educaci\u00f3n"],"inLanguage":"es","potentialAction":[{"@type":"CommentAction","name":"Comment","target":["https:\/\/diarioprincipios.com\/index.php\/2025\/12\/11\/exitosas-jornadas-del-festival-nacional-cine-bajo-la-luna\/#respond"]}]},{"@type":"WebPage","@id":"https:\/\/diarioprincipios.com\/index.php\/2025\/12\/11\/exitosas-jornadas-del-festival-nacional-cine-bajo-la-luna\/","url":"https:\/\/diarioprincipios.com\/index.php\/2025\/12\/11\/exitosas-jornadas-del-festival-nacional-cine-bajo-la-luna\/","name":"Exitosas jornadas del Festival Nacional \u201cCine Bajo la Luna\u201d - Principios","isPartOf":{"@id":"https:\/\/diarioprincipios.com\/#website"},"primaryImageOfPage":{"@id":"https:\/\/diarioprincipios.com\/index.php\/2025\/12\/11\/exitosas-jornadas-del-festival-nacional-cine-bajo-la-luna\/#primaryimage"},"image":{"@id":"https:\/\/diarioprincipios.com\/index.php\/2025\/12\/11\/exitosas-jornadas-del-festival-nacional-cine-bajo-la-luna\/#primaryimage"},"thumbnailUrl":"https:\/\/diarioprincipios.com\/wp-content\/uploads\/2025\/12\/Exitosas-jornadas-del-Festival-Nacional-Cine-Bajo-la-Luna-1.jpg","datePublished":"2025-12-11T22:31:58+00:00","dateModified":"2025-12-11T22:31:59+00:00","breadcrumb":{"@id":"https:\/\/diarioprincipios.com\/index.php\/2025\/12\/11\/exitosas-jornadas-del-festival-nacional-cine-bajo-la-luna\/#breadcrumb"},"inLanguage":"es","potentialAction":[{"@type":"ReadAction","target":["https:\/\/diarioprincipios.com\/index.php\/2025\/12\/11\/exitosas-jornadas-del-festival-nacional-cine-bajo-la-luna\/"]}]},{"@type":"ImageObject","inLanguage":"es","@id":"https:\/\/diarioprincipios.com\/index.php\/2025\/12\/11\/exitosas-jornadas-del-festival-nacional-cine-bajo-la-luna\/#primaryimage","url":"https:\/\/diarioprincipios.com\/wp-content\/uploads\/2025\/12\/Exitosas-jornadas-del-Festival-Nacional-Cine-Bajo-la-Luna-1.jpg","contentUrl":"https:\/\/diarioprincipios.com\/wp-content\/uploads\/2025\/12\/Exitosas-jornadas-del-Festival-Nacional-Cine-Bajo-la-Luna-1.jpg","width":1920,"height":1280},{"@type":"BreadcrumbList","@id":"https:\/\/diarioprincipios.com\/index.php\/2025\/12\/11\/exitosas-jornadas-del-festival-nacional-cine-bajo-la-luna\/#breadcrumb","itemListElement":[{"@type":"ListItem","position":1,"name":"Portada","item":"https:\/\/diarioprincipios.com\/"},{"@type":"ListItem","position":2,"name":"Exitosas jornadas del Festival Nacional \u201cCine Bajo la Luna\u201d"}]},{"@type":"WebSite","@id":"https:\/\/diarioprincipios.com\/#website","url":"https:\/\/diarioprincipios.com\/","name":"Principios","description":"Principios Diario","publisher":{"@id":"https:\/\/diarioprincipios.com\/#organization"},"potentialAction":[{"@type":"SearchAction","target":{"@type":"EntryPoint","urlTemplate":"https:\/\/diarioprincipios.com\/?s={search_term_string}"},"query-input":{"@type":"PropertyValueSpecification","valueRequired":true,"valueName":"search_term_string"}}],"inLanguage":"es"},{"@type":"Organization","@id":"https:\/\/diarioprincipios.com\/#organization","name":"Principios","url":"https:\/\/diarioprincipios.com\/","logo":{"@type":"ImageObject","inLanguage":"es","@id":"https:\/\/diarioprincipios.com\/#\/schema\/logo\/image\/","url":"https:\/\/diarioprincipios.com\/wp-content\/uploads\/2024\/04\/cropped-www.diarioprincipios.com_-1.png","contentUrl":"https:\/\/diarioprincipios.com\/wp-content\/uploads\/2024\/04\/cropped-www.diarioprincipios.com_-1.png","width":5325,"height":1454,"caption":"Principios"},"image":{"@id":"https:\/\/diarioprincipios.com\/#\/schema\/logo\/image\/"}},{"@type":"Person","@id":"https:\/\/diarioprincipios.com\/#\/schema\/person\/436d5a1fd41a5e250e23ff5a6a7cb080","name":"Hern\u00e1n L\u00f3pez","image":{"@type":"ImageObject","inLanguage":"es","@id":"https:\/\/diarioprincipios.com\/wp-content\/litespeed\/avatar\/11ddfe5610ff3bd100522525b2571f48.jpg?ver=1777653193","url":"https:\/\/diarioprincipios.com\/wp-content\/litespeed\/avatar\/11ddfe5610ff3bd100522525b2571f48.jpg?ver=1777653193","contentUrl":"https:\/\/diarioprincipios.com\/wp-content\/litespeed\/avatar\/11ddfe5610ff3bd100522525b2571f48.jpg?ver=1777653193","caption":"Hern\u00e1n L\u00f3pez"},"url":"https:\/\/diarioprincipios.com\/index.php\/author\/hernan\/"}]}},"jetpack_featured_media_url":"https:\/\/diarioprincipios.com\/wp-content\/uploads\/2025\/12\/Exitosas-jornadas-del-Festival-Nacional-Cine-Bajo-la-Luna-1.jpg","_links":{"self":[{"href":"https:\/\/diarioprincipios.com\/index.php\/wp-json\/wp\/v2\/posts\/26067","targetHints":{"allow":["GET"]}}],"collection":[{"href":"https:\/\/diarioprincipios.com\/index.php\/wp-json\/wp\/v2\/posts"}],"about":[{"href":"https:\/\/diarioprincipios.com\/index.php\/wp-json\/wp\/v2\/types\/post"}],"author":[{"embeddable":true,"href":"https:\/\/diarioprincipios.com\/index.php\/wp-json\/wp\/v2\/users\/2"}],"replies":[{"embeddable":true,"href":"https:\/\/diarioprincipios.com\/index.php\/wp-json\/wp\/v2\/comments?post=26067"}],"version-history":[{"count":1,"href":"https:\/\/diarioprincipios.com\/index.php\/wp-json\/wp\/v2\/posts\/26067\/revisions"}],"predecessor-version":[{"id":26070,"href":"https:\/\/diarioprincipios.com\/index.php\/wp-json\/wp\/v2\/posts\/26067\/revisions\/26070"}],"wp:featuredmedia":[{"embeddable":true,"href":"https:\/\/diarioprincipios.com\/index.php\/wp-json\/wp\/v2\/media\/26069"}],"wp:attachment":[{"href":"https:\/\/diarioprincipios.com\/index.php\/wp-json\/wp\/v2\/media?parent=26067"}],"wp:term":[{"taxonomy":"category","embeddable":true,"href":"https:\/\/diarioprincipios.com\/index.php\/wp-json\/wp\/v2\/categories?post=26067"},{"taxonomy":"post_tag","embeddable":true,"href":"https:\/\/diarioprincipios.com\/index.php\/wp-json\/wp\/v2\/tags?post=26067"}],"curies":[{"name":"wp","href":"https:\/\/api.w.org\/{rel}","templated":true}]}}