{"id":26062,"date":"2025-12-10T22:39:47","date_gmt":"2025-12-11T01:39:47","guid":{"rendered":"https:\/\/diarioprincipios.com\/?p=26062"},"modified":"2025-12-10T22:39:48","modified_gmt":"2025-12-11T01:39:48","slug":"centro-civico-municipal-el-pato-el-intendente-carlos-balor-recorrio-las-obras","status":"publish","type":"post","link":"https:\/\/diarioprincipios.com\/index.php\/2025\/12\/10\/centro-civico-municipal-el-pato-el-intendente-carlos-balor-recorrio-las-obras\/","title":{"rendered":"Centro C\u00edvico Municipal El Pato: el intendente Carlos Balor recorri\u00f3 las obras"},"content":{"rendered":"\n<p>El intendente de Berazategui, Carlos Balor, encabez\u00f3 una recorrida por las obras del futuro Centro C\u00edvico Municipal El Pato, en la calle 611 y Colectora Autov\u00eda 2. El Municipio retom\u00f3 y financi\u00f3 estos trabajos que beneficiar\u00e1n a los vecinos y vecinas de la zona. El avance actual es del 30% y se estima que estar\u00e1 finalizado a mediados de 2026.<\/p>\n\n\n\n<figure class=\"wp-block-image size-large\"><img loading=\"lazy\" decoding=\"async\" width=\"1024\" height=\"683\" src=\"https:\/\/diarioprincipios.com\/wp-content\/uploads\/2025\/12\/Centro-Civico-Municipal-El-Pato-el-intendente-Carlos-Balor-recorrio-las-obras-5-1024x683.jpg\" alt=\"\" class=\"wp-image-26063\" srcset=\"https:\/\/diarioprincipios.com\/wp-content\/uploads\/2025\/12\/Centro-Civico-Municipal-El-Pato-el-intendente-Carlos-Balor-recorrio-las-obras-5-1024x683.jpg 1024w, https:\/\/diarioprincipios.com\/wp-content\/uploads\/2025\/12\/Centro-Civico-Municipal-El-Pato-el-intendente-Carlos-Balor-recorrio-las-obras-5-300x200.jpg 300w, https:\/\/diarioprincipios.com\/wp-content\/uploads\/2025\/12\/Centro-Civico-Municipal-El-Pato-el-intendente-Carlos-Balor-recorrio-las-obras-5-768x512.jpg 768w, https:\/\/diarioprincipios.com\/wp-content\/uploads\/2025\/12\/Centro-Civico-Municipal-El-Pato-el-intendente-Carlos-Balor-recorrio-las-obras-5-1536x1024.jpg 1536w, https:\/\/diarioprincipios.com\/wp-content\/uploads\/2025\/12\/Centro-Civico-Municipal-El-Pato-el-intendente-Carlos-Balor-recorrio-las-obras-5-600x400.jpg 600w, https:\/\/diarioprincipios.com\/wp-content\/uploads\/2025\/12\/Centro-Civico-Municipal-El-Pato-el-intendente-Carlos-Balor-recorrio-las-obras-5.jpg 1920w\" sizes=\"auto, (max-width: 1024px) 100vw, 1024px\" \/><\/figure>\n\n\n\n<p>En su visita, Carlos Balor expres\u00f3: \u201cEstamos en el futuro Centro C\u00edvico de El Pato, un compromiso que hab\u00eda asumido el Dr. Juan Jos\u00e9 Mussi y una obra que hoy estamos recorriendo. Estamos cumpliendo con su gesti\u00f3n\u201d.<\/p>\n\n\n\n<p>En 2022 comenz\u00f3 la obra de construcci\u00f3n del Centro C\u00edvico Municipal El Pato con recursos del anterior Gobierno Nacional. Sin embargo, la actual administraci\u00f3n decidi\u00f3 paralizar y desfinanciar por completo el proyecto. En diciembre de 2024 dispuso la rescisi\u00f3n del convenio, cedi\u00e9ndole la obra al Municipio de Berazategui, que finalmente retom\u00f3 los trabajos con presupuesto municipal. Los trabajos comprenden un edificio de dos plantas y un espacio p\u00fablico exterior. All\u00ed, los vecinos y vecinas de la zona podr\u00e1n acceder a un Registro Provincial de las Personas, la Delegaci\u00f3n Municipal, un Centro de Monitoreo (COM), una Oficina de Control Inmobiliario y una Dependencia para tramitar las licencias de conducir, adem\u00e1s de espacios de uso com\u00fan.<\/p>\n\n\n\n<figure class=\"wp-block-image size-large\"><img loading=\"lazy\" decoding=\"async\" width=\"1024\" height=\"683\" src=\"https:\/\/diarioprincipios.com\/wp-content\/uploads\/2025\/12\/Centro-Civico-Municipal-El-Pato-el-intendente-Carlos-Balor-recorrio-las-obras-1-1024x683.jpg\" alt=\"\" class=\"wp-image-26064\" srcset=\"https:\/\/diarioprincipios.com\/wp-content\/uploads\/2025\/12\/Centro-Civico-Municipal-El-Pato-el-intendente-Carlos-Balor-recorrio-las-obras-1-1024x683.jpg 1024w, https:\/\/diarioprincipios.com\/wp-content\/uploads\/2025\/12\/Centro-Civico-Municipal-El-Pato-el-intendente-Carlos-Balor-recorrio-las-obras-1-300x200.jpg 300w, https:\/\/diarioprincipios.com\/wp-content\/uploads\/2025\/12\/Centro-Civico-Municipal-El-Pato-el-intendente-Carlos-Balor-recorrio-las-obras-1-768x512.jpg 768w, https:\/\/diarioprincipios.com\/wp-content\/uploads\/2025\/12\/Centro-Civico-Municipal-El-Pato-el-intendente-Carlos-Balor-recorrio-las-obras-1-1536x1024.jpg 1536w, https:\/\/diarioprincipios.com\/wp-content\/uploads\/2025\/12\/Centro-Civico-Municipal-El-Pato-el-intendente-Carlos-Balor-recorrio-las-obras-1-600x400.jpg 600w, https:\/\/diarioprincipios.com\/wp-content\/uploads\/2025\/12\/Centro-Civico-Municipal-El-Pato-el-intendente-Carlos-Balor-recorrio-las-obras-1.jpg 1920w\" sizes=\"auto, (max-width: 1024px) 100vw, 1024px\" \/><\/figure>\n\n\n\n<p>Diego Bl\u00e1zquez, arquitecto de la Secretar\u00eda de Cultura y Educaci\u00f3n municipal, indic\u00f3: \u201cLa obra del Centro C\u00edvico Municipal El Pato, que ya avanz\u00f3 en un 30%, centralizar\u00e1 todos los servicios para los vecinos de la zona. Actualmente se est\u00e1 trabajando en el encofrado de vigas, columnas y losas de la segunda planta, as\u00ed como en la mamposter\u00eda, tabiquer\u00eda interior e instalaciones\u201d.<\/p>\n\n\n\n<p>M\u00e1s informaci\u00f3n sobre las obras que avanzan en el distrito, ingresando en Berazategui.gob.ar\/obrasygestion.<\/p>\n","protected":false},"excerpt":{"rendered":"<p>El intendente de Berazategui, Carlos Balor, encabez\u00f3 una recorrida por las obras del futuro Centro C\u00edvico Municipal El Pato, en la calle 611 y Colectora Autov\u00eda 2. El Municipio retom\u00f3 y financi\u00f3 estos trabajos que beneficiar\u00e1n a los vecinos y vecinas de la zona. El avance actual es del 30% y se estima que estar\u00e1&#8230;<\/p>\n","protected":false},"author":2,"featured_media":26065,"comment_status":"open","ping_status":"open","sticky":false,"template":"","format":"standard","meta":{"footnotes":""},"categories":[3],"tags":[],"class_list":["post-26062","post","type-post","status-publish","format-standard","has-post-thumbnail","hentry","category-berazategui"],"featured_image_src":"https:\/\/diarioprincipios.com\/wp-content\/uploads\/2025\/12\/Centro-Civico-Municipal-El-Pato-el-intendente-Carlos-Balor-recorrio-las-obras-3-1024x683.jpg","blog_images":{"medium":"https:\/\/diarioprincipios.com\/wp-content\/uploads\/2025\/12\/Centro-Civico-Municipal-El-Pato-el-intendente-Carlos-Balor-recorrio-las-obras-3-300x200.jpg","large":"https:\/\/diarioprincipios.com\/wp-content\/uploads\/2025\/12\/Centro-Civico-Municipal-El-Pato-el-intendente-Carlos-Balor-recorrio-las-obras-3-1024x683.jpg"},"ams_acf":[],"yoast_head":"<!-- This site is optimized with the Yoast SEO plugin v27.3 - https:\/\/yoast.com\/product\/yoast-seo-wordpress\/ -->\n<title>Centro C\u00edvico Municipal El Pato: el intendente Carlos Balor recorri\u00f3 las obras - Principios<\/title>\n<meta name=\"robots\" content=\"index, follow, max-snippet:-1, max-image-preview:large, max-video-preview:-1\" \/>\n<link rel=\"canonical\" href=\"https:\/\/diarioprincipios.com\/index.php\/2025\/12\/10\/centro-civico-municipal-el-pato-el-intendente-carlos-balor-recorrio-las-obras\/\" \/>\n<meta property=\"og:locale\" content=\"es_ES\" \/>\n<meta property=\"og:type\" content=\"article\" \/>\n<meta property=\"og:title\" content=\"Centro C\u00edvico Municipal El Pato: el intendente Carlos Balor recorri\u00f3 las obras - Principios\" \/>\n<meta property=\"og:description\" content=\"El intendente de Berazategui, Carlos Balor, encabez\u00f3 una recorrida por las obras del futuro Centro C\u00edvico Municipal El Pato, en la calle 611 y Colectora Autov\u00eda 2. El Municipio retom\u00f3 y financi\u00f3 estos trabajos que beneficiar\u00e1n a los vecinos y vecinas de la zona. El avance actual es del 30% y se estima que estar\u00e1...\" \/>\n<meta property=\"og:url\" content=\"https:\/\/diarioprincipios.com\/index.php\/2025\/12\/10\/centro-civico-municipal-el-pato-el-intendente-carlos-balor-recorrio-las-obras\/\" \/>\n<meta property=\"og:site_name\" content=\"Principios\" \/>\n<meta property=\"article:published_time\" content=\"2025-12-11T01:39:47+00:00\" \/>\n<meta property=\"article:modified_time\" content=\"2025-12-11T01:39:48+00:00\" \/>\n<meta property=\"og:image\" content=\"https:\/\/diarioprincipios.com\/wp-content\/uploads\/2025\/12\/Centro-Civico-Municipal-El-Pato-el-intendente-Carlos-Balor-recorrio-las-obras-3.jpg\" \/>\n\t<meta property=\"og:image:width\" content=\"1920\" \/>\n\t<meta property=\"og:image:height\" content=\"1280\" \/>\n\t<meta property=\"og:image:type\" content=\"image\/jpeg\" \/>\n<meta name=\"author\" content=\"Hern\u00e1n L\u00f3pez\" \/>\n<meta name=\"twitter:card\" content=\"summary_large_image\" \/>\n<meta name=\"twitter:label1\" content=\"Escrito por\" \/>\n\t<meta name=\"twitter:data1\" content=\"Hern\u00e1n L\u00f3pez\" \/>\n\t<meta name=\"twitter:label2\" content=\"Tiempo de lectura\" \/>\n\t<meta name=\"twitter:data2\" content=\"2 minutos\" \/>\n<script type=\"application\/ld+json\" class=\"yoast-schema-graph\">{\"@context\":\"https:\\\/\\\/schema.org\",\"@graph\":[{\"@type\":\"Article\",\"@id\":\"https:\\\/\\\/diarioprincipios.com\\\/index.php\\\/2025\\\/12\\\/10\\\/centro-civico-municipal-el-pato-el-intendente-carlos-balor-recorrio-las-obras\\\/#article\",\"isPartOf\":{\"@id\":\"https:\\\/\\\/diarioprincipios.com\\\/index.php\\\/2025\\\/12\\\/10\\\/centro-civico-municipal-el-pato-el-intendente-carlos-balor-recorrio-las-obras\\\/\"},\"author\":{\"name\":\"Hern\u00e1n L\u00f3pez\",\"@id\":\"https:\\\/\\\/diarioprincipios.com\\\/#\\\/schema\\\/person\\\/436d5a1fd41a5e250e23ff5a6a7cb080\"},\"headline\":\"Centro C\u00edvico Municipal El Pato: el intendente Carlos Balor recorri\u00f3 las obras\",\"datePublished\":\"2025-12-11T01:39:47+00:00\",\"dateModified\":\"2025-12-11T01:39:48+00:00\",\"mainEntityOfPage\":{\"@id\":\"https:\\\/\\\/diarioprincipios.com\\\/index.php\\\/2025\\\/12\\\/10\\\/centro-civico-municipal-el-pato-el-intendente-carlos-balor-recorrio-las-obras\\\/\"},\"wordCount\":318,\"commentCount\":0,\"publisher\":{\"@id\":\"https:\\\/\\\/diarioprincipios.com\\\/#organization\"},\"image\":{\"@id\":\"https:\\\/\\\/diarioprincipios.com\\\/index.php\\\/2025\\\/12\\\/10\\\/centro-civico-municipal-el-pato-el-intendente-carlos-balor-recorrio-las-obras\\\/#primaryimage\"},\"thumbnailUrl\":\"https:\\\/\\\/diarioprincipios.com\\\/wp-content\\\/uploads\\\/2025\\\/12\\\/Centro-Civico-Municipal-El-Pato-el-intendente-Carlos-Balor-recorrio-las-obras-3.jpg\",\"articleSection\":[\"Berazategui\"],\"inLanguage\":\"es\",\"potentialAction\":[{\"@type\":\"CommentAction\",\"name\":\"Comment\",\"target\":[\"https:\\\/\\\/diarioprincipios.com\\\/index.php\\\/2025\\\/12\\\/10\\\/centro-civico-municipal-el-pato-el-intendente-carlos-balor-recorrio-las-obras\\\/#respond\"]}]},{\"@type\":\"WebPage\",\"@id\":\"https:\\\/\\\/diarioprincipios.com\\\/index.php\\\/2025\\\/12\\\/10\\\/centro-civico-municipal-el-pato-el-intendente-carlos-balor-recorrio-las-obras\\\/\",\"url\":\"https:\\\/\\\/diarioprincipios.com\\\/index.php\\\/2025\\\/12\\\/10\\\/centro-civico-municipal-el-pato-el-intendente-carlos-balor-recorrio-las-obras\\\/\",\"name\":\"Centro C\u00edvico Municipal El Pato: el intendente Carlos Balor recorri\u00f3 las obras - Principios\",\"isPartOf\":{\"@id\":\"https:\\\/\\\/diarioprincipios.com\\\/#website\"},\"primaryImageOfPage\":{\"@id\":\"https:\\\/\\\/diarioprincipios.com\\\/index.php\\\/2025\\\/12\\\/10\\\/centro-civico-municipal-el-pato-el-intendente-carlos-balor-recorrio-las-obras\\\/#primaryimage\"},\"image\":{\"@id\":\"https:\\\/\\\/diarioprincipios.com\\\/index.php\\\/2025\\\/12\\\/10\\\/centro-civico-municipal-el-pato-el-intendente-carlos-balor-recorrio-las-obras\\\/#primaryimage\"},\"thumbnailUrl\":\"https:\\\/\\\/diarioprincipios.com\\\/wp-content\\\/uploads\\\/2025\\\/12\\\/Centro-Civico-Municipal-El-Pato-el-intendente-Carlos-Balor-recorrio-las-obras-3.jpg\",\"datePublished\":\"2025-12-11T01:39:47+00:00\",\"dateModified\":\"2025-12-11T01:39:48+00:00\",\"breadcrumb\":{\"@id\":\"https:\\\/\\\/diarioprincipios.com\\\/index.php\\\/2025\\\/12\\\/10\\\/centro-civico-municipal-el-pato-el-intendente-carlos-balor-recorrio-las-obras\\\/#breadcrumb\"},\"inLanguage\":\"es\",\"potentialAction\":[{\"@type\":\"ReadAction\",\"target\":[\"https:\\\/\\\/diarioprincipios.com\\\/index.php\\\/2025\\\/12\\\/10\\\/centro-civico-municipal-el-pato-el-intendente-carlos-balor-recorrio-las-obras\\\/\"]}]},{\"@type\":\"ImageObject\",\"inLanguage\":\"es\",\"@id\":\"https:\\\/\\\/diarioprincipios.com\\\/index.php\\\/2025\\\/12\\\/10\\\/centro-civico-municipal-el-pato-el-intendente-carlos-balor-recorrio-las-obras\\\/#primaryimage\",\"url\":\"https:\\\/\\\/diarioprincipios.com\\\/wp-content\\\/uploads\\\/2025\\\/12\\\/Centro-Civico-Municipal-El-Pato-el-intendente-Carlos-Balor-recorrio-las-obras-3.jpg\",\"contentUrl\":\"https:\\\/\\\/diarioprincipios.com\\\/wp-content\\\/uploads\\\/2025\\\/12\\\/Centro-Civico-Municipal-El-Pato-el-intendente-Carlos-Balor-recorrio-las-obras-3.jpg\",\"width\":1920,\"height\":1280},{\"@type\":\"BreadcrumbList\",\"@id\":\"https:\\\/\\\/diarioprincipios.com\\\/index.php\\\/2025\\\/12\\\/10\\\/centro-civico-municipal-el-pato-el-intendente-carlos-balor-recorrio-las-obras\\\/#breadcrumb\",\"itemListElement\":[{\"@type\":\"ListItem\",\"position\":1,\"name\":\"Portada\",\"item\":\"https:\\\/\\\/diarioprincipios.com\\\/\"},{\"@type\":\"ListItem\",\"position\":2,\"name\":\"Centro C\u00edvico Municipal El Pato: el intendente Carlos Balor recorri\u00f3 las obras\"}]},{\"@type\":\"WebSite\",\"@id\":\"https:\\\/\\\/diarioprincipios.com\\\/#website\",\"url\":\"https:\\\/\\\/diarioprincipios.com\\\/\",\"name\":\"Principios\",\"description\":\"Principios Diario\",\"publisher\":{\"@id\":\"https:\\\/\\\/diarioprincipios.com\\\/#organization\"},\"potentialAction\":[{\"@type\":\"SearchAction\",\"target\":{\"@type\":\"EntryPoint\",\"urlTemplate\":\"https:\\\/\\\/diarioprincipios.com\\\/?s={search_term_string}\"},\"query-input\":{\"@type\":\"PropertyValueSpecification\",\"valueRequired\":true,\"valueName\":\"search_term_string\"}}],\"inLanguage\":\"es\"},{\"@type\":\"Organization\",\"@id\":\"https:\\\/\\\/diarioprincipios.com\\\/#organization\",\"name\":\"Principios\",\"url\":\"https:\\\/\\\/diarioprincipios.com\\\/\",\"logo\":{\"@type\":\"ImageObject\",\"inLanguage\":\"es\",\"@id\":\"https:\\\/\\\/diarioprincipios.com\\\/#\\\/schema\\\/logo\\\/image\\\/\",\"url\":\"https:\\\/\\\/diarioprincipios.com\\\/wp-content\\\/uploads\\\/2024\\\/04\\\/cropped-www.diarioprincipios.com_-1.png\",\"contentUrl\":\"https:\\\/\\\/diarioprincipios.com\\\/wp-content\\\/uploads\\\/2024\\\/04\\\/cropped-www.diarioprincipios.com_-1.png\",\"width\":5325,\"height\":1454,\"caption\":\"Principios\"},\"image\":{\"@id\":\"https:\\\/\\\/diarioprincipios.com\\\/#\\\/schema\\\/logo\\\/image\\\/\"}},{\"@type\":\"Person\",\"@id\":\"https:\\\/\\\/diarioprincipios.com\\\/#\\\/schema\\\/person\\\/436d5a1fd41a5e250e23ff5a6a7cb080\",\"name\":\"Hern\u00e1n L\u00f3pez\",\"image\":{\"@type\":\"ImageObject\",\"inLanguage\":\"es\",\"@id\":\"https:\\\/\\\/diarioprincipios.com\\\/wp-content\\\/litespeed\\\/avatar\\\/11ddfe5610ff3bd100522525b2571f48.jpg?ver=1777653193\",\"url\":\"https:\\\/\\\/diarioprincipios.com\\\/wp-content\\\/litespeed\\\/avatar\\\/11ddfe5610ff3bd100522525b2571f48.jpg?ver=1777653193\",\"contentUrl\":\"https:\\\/\\\/diarioprincipios.com\\\/wp-content\\\/litespeed\\\/avatar\\\/11ddfe5610ff3bd100522525b2571f48.jpg?ver=1777653193\",\"caption\":\"Hern\u00e1n L\u00f3pez\"},\"url\":\"https:\\\/\\\/diarioprincipios.com\\\/index.php\\\/author\\\/hernan\\\/\"}]}<\/script>\n<!-- \/ Yoast SEO plugin. -->","yoast_head_json":{"title":"Centro C\u00edvico Municipal El Pato: el intendente Carlos Balor recorri\u00f3 las obras - Principios","robots":{"index":"index","follow":"follow","max-snippet":"max-snippet:-1","max-image-preview":"max-image-preview:large","max-video-preview":"max-video-preview:-1"},"canonical":"https:\/\/diarioprincipios.com\/index.php\/2025\/12\/10\/centro-civico-municipal-el-pato-el-intendente-carlos-balor-recorrio-las-obras\/","og_locale":"es_ES","og_type":"article","og_title":"Centro C\u00edvico Municipal El Pato: el intendente Carlos Balor recorri\u00f3 las obras - Principios","og_description":"El intendente de Berazategui, Carlos Balor, encabez\u00f3 una recorrida por las obras del futuro Centro C\u00edvico Municipal El Pato, en la calle 611 y Colectora Autov\u00eda 2. El Municipio retom\u00f3 y financi\u00f3 estos trabajos que beneficiar\u00e1n a los vecinos y vecinas de la zona. El avance actual es del 30% y se estima que estar\u00e1...","og_url":"https:\/\/diarioprincipios.com\/index.php\/2025\/12\/10\/centro-civico-municipal-el-pato-el-intendente-carlos-balor-recorrio-las-obras\/","og_site_name":"Principios","article_published_time":"2025-12-11T01:39:47+00:00","article_modified_time":"2025-12-11T01:39:48+00:00","og_image":[{"width":1920,"height":1280,"url":"https:\/\/diarioprincipios.com\/wp-content\/uploads\/2025\/12\/Centro-Civico-Municipal-El-Pato-el-intendente-Carlos-Balor-recorrio-las-obras-3.jpg","type":"image\/jpeg"}],"author":"Hern\u00e1n L\u00f3pez","twitter_card":"summary_large_image","twitter_misc":{"Escrito por":"Hern\u00e1n L\u00f3pez","Tiempo de lectura":"2 minutos"},"schema":{"@context":"https:\/\/schema.org","@graph":[{"@type":"Article","@id":"https:\/\/diarioprincipios.com\/index.php\/2025\/12\/10\/centro-civico-municipal-el-pato-el-intendente-carlos-balor-recorrio-las-obras\/#article","isPartOf":{"@id":"https:\/\/diarioprincipios.com\/index.php\/2025\/12\/10\/centro-civico-municipal-el-pato-el-intendente-carlos-balor-recorrio-las-obras\/"},"author":{"name":"Hern\u00e1n L\u00f3pez","@id":"https:\/\/diarioprincipios.com\/#\/schema\/person\/436d5a1fd41a5e250e23ff5a6a7cb080"},"headline":"Centro C\u00edvico Municipal El Pato: el intendente Carlos Balor recorri\u00f3 las obras","datePublished":"2025-12-11T01:39:47+00:00","dateModified":"2025-12-11T01:39:48+00:00","mainEntityOfPage":{"@id":"https:\/\/diarioprincipios.com\/index.php\/2025\/12\/10\/centro-civico-municipal-el-pato-el-intendente-carlos-balor-recorrio-las-obras\/"},"wordCount":318,"commentCount":0,"publisher":{"@id":"https:\/\/diarioprincipios.com\/#organization"},"image":{"@id":"https:\/\/diarioprincipios.com\/index.php\/2025\/12\/10\/centro-civico-municipal-el-pato-el-intendente-carlos-balor-recorrio-las-obras\/#primaryimage"},"thumbnailUrl":"https:\/\/diarioprincipios.com\/wp-content\/uploads\/2025\/12\/Centro-Civico-Municipal-El-Pato-el-intendente-Carlos-Balor-recorrio-las-obras-3.jpg","articleSection":["Berazategui"],"inLanguage":"es","potentialAction":[{"@type":"CommentAction","name":"Comment","target":["https:\/\/diarioprincipios.com\/index.php\/2025\/12\/10\/centro-civico-municipal-el-pato-el-intendente-carlos-balor-recorrio-las-obras\/#respond"]}]},{"@type":"WebPage","@id":"https:\/\/diarioprincipios.com\/index.php\/2025\/12\/10\/centro-civico-municipal-el-pato-el-intendente-carlos-balor-recorrio-las-obras\/","url":"https:\/\/diarioprincipios.com\/index.php\/2025\/12\/10\/centro-civico-municipal-el-pato-el-intendente-carlos-balor-recorrio-las-obras\/","name":"Centro C\u00edvico Municipal El Pato: el intendente Carlos Balor recorri\u00f3 las obras - Principios","isPartOf":{"@id":"https:\/\/diarioprincipios.com\/#website"},"primaryImageOfPage":{"@id":"https:\/\/diarioprincipios.com\/index.php\/2025\/12\/10\/centro-civico-municipal-el-pato-el-intendente-carlos-balor-recorrio-las-obras\/#primaryimage"},"image":{"@id":"https:\/\/diarioprincipios.com\/index.php\/2025\/12\/10\/centro-civico-municipal-el-pato-el-intendente-carlos-balor-recorrio-las-obras\/#primaryimage"},"thumbnailUrl":"https:\/\/diarioprincipios.com\/wp-content\/uploads\/2025\/12\/Centro-Civico-Municipal-El-Pato-el-intendente-Carlos-Balor-recorrio-las-obras-3.jpg","datePublished":"2025-12-11T01:39:47+00:00","dateModified":"2025-12-11T01:39:48+00:00","breadcrumb":{"@id":"https:\/\/diarioprincipios.com\/index.php\/2025\/12\/10\/centro-civico-municipal-el-pato-el-intendente-carlos-balor-recorrio-las-obras\/#breadcrumb"},"inLanguage":"es","potentialAction":[{"@type":"ReadAction","target":["https:\/\/diarioprincipios.com\/index.php\/2025\/12\/10\/centro-civico-municipal-el-pato-el-intendente-carlos-balor-recorrio-las-obras\/"]}]},{"@type":"ImageObject","inLanguage":"es","@id":"https:\/\/diarioprincipios.com\/index.php\/2025\/12\/10\/centro-civico-municipal-el-pato-el-intendente-carlos-balor-recorrio-las-obras\/#primaryimage","url":"https:\/\/diarioprincipios.com\/wp-content\/uploads\/2025\/12\/Centro-Civico-Municipal-El-Pato-el-intendente-Carlos-Balor-recorrio-las-obras-3.jpg","contentUrl":"https:\/\/diarioprincipios.com\/wp-content\/uploads\/2025\/12\/Centro-Civico-Municipal-El-Pato-el-intendente-Carlos-Balor-recorrio-las-obras-3.jpg","width":1920,"height":1280},{"@type":"BreadcrumbList","@id":"https:\/\/diarioprincipios.com\/index.php\/2025\/12\/10\/centro-civico-municipal-el-pato-el-intendente-carlos-balor-recorrio-las-obras\/#breadcrumb","itemListElement":[{"@type":"ListItem","position":1,"name":"Portada","item":"https:\/\/diarioprincipios.com\/"},{"@type":"ListItem","position":2,"name":"Centro C\u00edvico Municipal El Pato: el intendente Carlos Balor recorri\u00f3 las obras"}]},{"@type":"WebSite","@id":"https:\/\/diarioprincipios.com\/#website","url":"https:\/\/diarioprincipios.com\/","name":"Principios","description":"Principios Diario","publisher":{"@id":"https:\/\/diarioprincipios.com\/#organization"},"potentialAction":[{"@type":"SearchAction","target":{"@type":"EntryPoint","urlTemplate":"https:\/\/diarioprincipios.com\/?s={search_term_string}"},"query-input":{"@type":"PropertyValueSpecification","valueRequired":true,"valueName":"search_term_string"}}],"inLanguage":"es"},{"@type":"Organization","@id":"https:\/\/diarioprincipios.com\/#organization","name":"Principios","url":"https:\/\/diarioprincipios.com\/","logo":{"@type":"ImageObject","inLanguage":"es","@id":"https:\/\/diarioprincipios.com\/#\/schema\/logo\/image\/","url":"https:\/\/diarioprincipios.com\/wp-content\/uploads\/2024\/04\/cropped-www.diarioprincipios.com_-1.png","contentUrl":"https:\/\/diarioprincipios.com\/wp-content\/uploads\/2024\/04\/cropped-www.diarioprincipios.com_-1.png","width":5325,"height":1454,"caption":"Principios"},"image":{"@id":"https:\/\/diarioprincipios.com\/#\/schema\/logo\/image\/"}},{"@type":"Person","@id":"https:\/\/diarioprincipios.com\/#\/schema\/person\/436d5a1fd41a5e250e23ff5a6a7cb080","name":"Hern\u00e1n L\u00f3pez","image":{"@type":"ImageObject","inLanguage":"es","@id":"https:\/\/diarioprincipios.com\/wp-content\/litespeed\/avatar\/11ddfe5610ff3bd100522525b2571f48.jpg?ver=1777653193","url":"https:\/\/diarioprincipios.com\/wp-content\/litespeed\/avatar\/11ddfe5610ff3bd100522525b2571f48.jpg?ver=1777653193","contentUrl":"https:\/\/diarioprincipios.com\/wp-content\/litespeed\/avatar\/11ddfe5610ff3bd100522525b2571f48.jpg?ver=1777653193","caption":"Hern\u00e1n L\u00f3pez"},"url":"https:\/\/diarioprincipios.com\/index.php\/author\/hernan\/"}]}},"jetpack_featured_media_url":"https:\/\/diarioprincipios.com\/wp-content\/uploads\/2025\/12\/Centro-Civico-Municipal-El-Pato-el-intendente-Carlos-Balor-recorrio-las-obras-3.jpg","_links":{"self":[{"href":"https:\/\/diarioprincipios.com\/index.php\/wp-json\/wp\/v2\/posts\/26062","targetHints":{"allow":["GET"]}}],"collection":[{"href":"https:\/\/diarioprincipios.com\/index.php\/wp-json\/wp\/v2\/posts"}],"about":[{"href":"https:\/\/diarioprincipios.com\/index.php\/wp-json\/wp\/v2\/types\/post"}],"author":[{"embeddable":true,"href":"https:\/\/diarioprincipios.com\/index.php\/wp-json\/wp\/v2\/users\/2"}],"replies":[{"embeddable":true,"href":"https:\/\/diarioprincipios.com\/index.php\/wp-json\/wp\/v2\/comments?post=26062"}],"version-history":[{"count":1,"href":"https:\/\/diarioprincipios.com\/index.php\/wp-json\/wp\/v2\/posts\/26062\/revisions"}],"predecessor-version":[{"id":26066,"href":"https:\/\/diarioprincipios.com\/index.php\/wp-json\/wp\/v2\/posts\/26062\/revisions\/26066"}],"wp:featuredmedia":[{"embeddable":true,"href":"https:\/\/diarioprincipios.com\/index.php\/wp-json\/wp\/v2\/media\/26065"}],"wp:attachment":[{"href":"https:\/\/diarioprincipios.com\/index.php\/wp-json\/wp\/v2\/media?parent=26062"}],"wp:term":[{"taxonomy":"category","embeddable":true,"href":"https:\/\/diarioprincipios.com\/index.php\/wp-json\/wp\/v2\/categories?post=26062"},{"taxonomy":"post_tag","embeddable":true,"href":"https:\/\/diarioprincipios.com\/index.php\/wp-json\/wp\/v2\/tags?post=26062"}],"curies":[{"name":"wp","href":"https:\/\/api.w.org\/{rel}","templated":true}]}}