{"id":2603,"date":"2020-06-08T13:14:12","date_gmt":"2020-06-08T16:14:12","guid":{"rendered":"http:\/\/diarioprincipios.com\/?p=2603"},"modified":"2020-06-08T13:14:17","modified_gmt":"2020-06-08T16:14:17","slug":"el-banco-mundial-preve-una-caida-de-52-de-la-economia-global","status":"publish","type":"post","link":"https:\/\/diarioprincipios.com\/index.php\/2020\/06\/08\/el-banco-mundial-preve-una-caida-de-52-de-la-economia-global\/","title":{"rendered":"El Banco Mundial prev\u00e9 una ca\u00edda de 5,2% de la econom\u00eda global"},"content":{"rendered":"\n<p>La econom\u00eda mundial se contraer\u00e1 este a\u00f1o 5,2% como consecuencia del golpe provocado por la pandemia de coronavirus y experimentar\u00e1 la mayor ca\u00edda desde el fin de la Segunda Guerra Mundial en 1945, anunci\u00f3 hoy el Banco Mundial (BM).<\/p>\n\n\n\n<p>\u00abSon perspectivas profundamente aleccionadoras, con una crisis que probablemente dejar\u00e1 cicatrices duraderas y plantear\u00e1 gigantes desaf\u00edos globales\u00bb, dijo Ceyla Pazarbasioglu, vicepresidenta de Crecimiento Equitativo del BM, en una conferencia telef\u00f3nica, al presentar el informe semestral de Perspectivas Econ\u00f3micas Globales.<\/p>\n\n\n\n<p>Seg\u00fan el an\u00e1lisis, todas las regiones del mundo caer\u00e1n en abruptas recesiones, excepto Asia, que crecer\u00eda un 0,5 %, aupada por la recuperaci\u00f3n en la segunda mitad del a\u00f1o de China, con una tasa de crecimiento estimada del 1%.<\/p>\n\n\n\n<p>Los ingresos per c\u00e1pita se prev\u00e9 que desciendan un 3,6% a nivel global, lo que supondr\u00e1 que entre 70 y 100 millones de personas puedan quedar por debajo del umbral de la extrema pobreza (con ingresos menores a US$ 1,90 al d\u00eda).<\/p>\n\n\n\n<p>Am\u00e9rica Latina ser\u00e1 la regi\u00f3n con el desplome m\u00e1s pronunciado, del 7,2% en 2020, el mayor en m\u00e1s de dos d\u00e9cadas, con una contracci\u00f3n de Brasil de alrededor del 8%, del 7,5% en M\u00e9xico y de 7,3% en la Argentina.<\/p>\n\n\n\n<p>Estados Unidos, por su parte, se contraer\u00e1 6,1% este a\u00f1o y la zona euro bajar\u00e1 9,1 %, seg\u00fan el reporte del BM, reproducido por la agencia Efe.<\/p>\n","protected":false},"excerpt":{"rendered":"<p>La econom\u00eda mundial se contraer\u00e1 este a\u00f1o 5,2% como consecuencia del golpe provocado por la pandemia de coronavirus y experimentar\u00e1 la mayor ca\u00edda desde el fin de la Segunda Guerra Mundial en 1945, anunci\u00f3 hoy el Banco Mundial (BM). \u00abSon perspectivas profundamente aleccionadoras, con una crisis que probablemente dejar\u00e1 cicatrices duraderas y plantear\u00e1 gigantes desaf\u00edos&#8230;<\/p>\n","protected":false},"author":2,"featured_media":2604,"comment_status":"open","ping_status":"open","sticky":false,"template":"","format":"standard","meta":{"footnotes":""},"categories":[1],"tags":[],"class_list":["post-2603","post","type-post","status-publish","format-standard","has-post-thumbnail","hentry","category-uncategorized"],"featured_image_src":"https:\/\/diarioprincipios.com\/wp-content\/uploads\/2020\/06\/unnamed-5.jpg","blog_images":{"medium":"https:\/\/diarioprincipios.com\/wp-content\/uploads\/2020\/06\/unnamed-5-300x169.jpg","large":"https:\/\/diarioprincipios.com\/wp-content\/uploads\/2020\/06\/unnamed-5.jpg"},"ams_acf":[],"yoast_head":"<!-- This site is optimized with the Yoast SEO plugin v27.3 - https:\/\/yoast.com\/product\/yoast-seo-wordpress\/ -->\n<title>El Banco Mundial prev\u00e9 una ca\u00edda de 5,2% de la econom\u00eda global - Principios<\/title>\n<meta name=\"robots\" content=\"index, follow, max-snippet:-1, max-image-preview:large, max-video-preview:-1\" \/>\n<link rel=\"canonical\" href=\"https:\/\/diarioprincipios.com\/index.php\/2020\/06\/08\/el-banco-mundial-preve-una-caida-de-52-de-la-economia-global\/\" \/>\n<meta property=\"og:locale\" content=\"es_ES\" \/>\n<meta property=\"og:type\" content=\"article\" \/>\n<meta property=\"og:title\" content=\"El Banco Mundial prev\u00e9 una ca\u00edda de 5,2% de la econom\u00eda global - Principios\" \/>\n<meta property=\"og:description\" content=\"La econom\u00eda mundial se contraer\u00e1 este a\u00f1o 5,2% como consecuencia del golpe provocado por la pandemia de coronavirus y experimentar\u00e1 la mayor ca\u00edda desde el fin de la Segunda Guerra Mundial en 1945, anunci\u00f3 hoy el Banco Mundial (BM). \u00abSon perspectivas profundamente aleccionadoras, con una crisis que probablemente dejar\u00e1 cicatrices duraderas y plantear\u00e1 gigantes desaf\u00edos...\" \/>\n<meta property=\"og:url\" content=\"https:\/\/diarioprincipios.com\/index.php\/2020\/06\/08\/el-banco-mundial-preve-una-caida-de-52-de-la-economia-global\/\" \/>\n<meta property=\"og:site_name\" content=\"Principios\" \/>\n<meta property=\"article:published_time\" content=\"2020-06-08T16:14:12+00:00\" \/>\n<meta property=\"article:modified_time\" content=\"2020-06-08T16:14:17+00:00\" \/>\n<meta property=\"og:image\" content=\"https:\/\/diarioprincipios.com\/wp-content\/uploads\/2020\/06\/unnamed-5.jpg\" \/>\n\t<meta property=\"og:image:width\" content=\"512\" \/>\n\t<meta property=\"og:image:height\" content=\"288\" \/>\n\t<meta property=\"og:image:type\" content=\"image\/jpeg\" \/>\n<meta name=\"author\" content=\"Hern\u00e1n L\u00f3pez\" \/>\n<meta name=\"twitter:card\" content=\"summary_large_image\" \/>\n<meta name=\"twitter:label1\" content=\"Escrito por\" \/>\n\t<meta name=\"twitter:data1\" content=\"Hern\u00e1n L\u00f3pez\" \/>\n\t<meta name=\"twitter:label2\" content=\"Tiempo de lectura\" \/>\n\t<meta name=\"twitter:data2\" content=\"1 minuto\" \/>\n<script type=\"application\/ld+json\" class=\"yoast-schema-graph\">{\"@context\":\"https:\\\/\\\/schema.org\",\"@graph\":[{\"@type\":\"Article\",\"@id\":\"https:\\\/\\\/diarioprincipios.com\\\/index.php\\\/2020\\\/06\\\/08\\\/el-banco-mundial-preve-una-caida-de-52-de-la-economia-global\\\/#article\",\"isPartOf\":{\"@id\":\"https:\\\/\\\/diarioprincipios.com\\\/index.php\\\/2020\\\/06\\\/08\\\/el-banco-mundial-preve-una-caida-de-52-de-la-economia-global\\\/\"},\"author\":{\"name\":\"Hern\u00e1n L\u00f3pez\",\"@id\":\"https:\\\/\\\/diarioprincipios.com\\\/#\\\/schema\\\/person\\\/436d5a1fd41a5e250e23ff5a6a7cb080\"},\"headline\":\"El Banco Mundial prev\u00e9 una ca\u00edda de 5,2% de la econom\u00eda global\",\"datePublished\":\"2020-06-08T16:14:12+00:00\",\"dateModified\":\"2020-06-08T16:14:17+00:00\",\"mainEntityOfPage\":{\"@id\":\"https:\\\/\\\/diarioprincipios.com\\\/index.php\\\/2020\\\/06\\\/08\\\/el-banco-mundial-preve-una-caida-de-52-de-la-economia-global\\\/\"},\"wordCount\":245,\"commentCount\":0,\"publisher\":{\"@id\":\"https:\\\/\\\/diarioprincipios.com\\\/#organization\"},\"image\":{\"@id\":\"https:\\\/\\\/diarioprincipios.com\\\/index.php\\\/2020\\\/06\\\/08\\\/el-banco-mundial-preve-una-caida-de-52-de-la-economia-global\\\/#primaryimage\"},\"thumbnailUrl\":\"https:\\\/\\\/diarioprincipios.com\\\/wp-content\\\/uploads\\\/2020\\\/06\\\/unnamed-5.jpg\",\"articleSection\":[\"Uncategorized\"],\"inLanguage\":\"es\",\"potentialAction\":[{\"@type\":\"CommentAction\",\"name\":\"Comment\",\"target\":[\"https:\\\/\\\/diarioprincipios.com\\\/index.php\\\/2020\\\/06\\\/08\\\/el-banco-mundial-preve-una-caida-de-52-de-la-economia-global\\\/#respond\"]}]},{\"@type\":\"WebPage\",\"@id\":\"https:\\\/\\\/diarioprincipios.com\\\/index.php\\\/2020\\\/06\\\/08\\\/el-banco-mundial-preve-una-caida-de-52-de-la-economia-global\\\/\",\"url\":\"https:\\\/\\\/diarioprincipios.com\\\/index.php\\\/2020\\\/06\\\/08\\\/el-banco-mundial-preve-una-caida-de-52-de-la-economia-global\\\/\",\"name\":\"El Banco Mundial prev\u00e9 una ca\u00edda de 5,2% de la econom\u00eda global - Principios\",\"isPartOf\":{\"@id\":\"https:\\\/\\\/diarioprincipios.com\\\/#website\"},\"primaryImageOfPage\":{\"@id\":\"https:\\\/\\\/diarioprincipios.com\\\/index.php\\\/2020\\\/06\\\/08\\\/el-banco-mundial-preve-una-caida-de-52-de-la-economia-global\\\/#primaryimage\"},\"image\":{\"@id\":\"https:\\\/\\\/diarioprincipios.com\\\/index.php\\\/2020\\\/06\\\/08\\\/el-banco-mundial-preve-una-caida-de-52-de-la-economia-global\\\/#primaryimage\"},\"thumbnailUrl\":\"https:\\\/\\\/diarioprincipios.com\\\/wp-content\\\/uploads\\\/2020\\\/06\\\/unnamed-5.jpg\",\"datePublished\":\"2020-06-08T16:14:12+00:00\",\"dateModified\":\"2020-06-08T16:14:17+00:00\",\"breadcrumb\":{\"@id\":\"https:\\\/\\\/diarioprincipios.com\\\/index.php\\\/2020\\\/06\\\/08\\\/el-banco-mundial-preve-una-caida-de-52-de-la-economia-global\\\/#breadcrumb\"},\"inLanguage\":\"es\",\"potentialAction\":[{\"@type\":\"ReadAction\",\"target\":[\"https:\\\/\\\/diarioprincipios.com\\\/index.php\\\/2020\\\/06\\\/08\\\/el-banco-mundial-preve-una-caida-de-52-de-la-economia-global\\\/\"]}]},{\"@type\":\"ImageObject\",\"inLanguage\":\"es\",\"@id\":\"https:\\\/\\\/diarioprincipios.com\\\/index.php\\\/2020\\\/06\\\/08\\\/el-banco-mundial-preve-una-caida-de-52-de-la-economia-global\\\/#primaryimage\",\"url\":\"https:\\\/\\\/diarioprincipios.com\\\/wp-content\\\/uploads\\\/2020\\\/06\\\/unnamed-5.jpg\",\"contentUrl\":\"https:\\\/\\\/diarioprincipios.com\\\/wp-content\\\/uploads\\\/2020\\\/06\\\/unnamed-5.jpg\",\"width\":512,\"height\":288},{\"@type\":\"BreadcrumbList\",\"@id\":\"https:\\\/\\\/diarioprincipios.com\\\/index.php\\\/2020\\\/06\\\/08\\\/el-banco-mundial-preve-una-caida-de-52-de-la-economia-global\\\/#breadcrumb\",\"itemListElement\":[{\"@type\":\"ListItem\",\"position\":1,\"name\":\"Portada\",\"item\":\"https:\\\/\\\/diarioprincipios.com\\\/\"},{\"@type\":\"ListItem\",\"position\":2,\"name\":\"El Banco Mundial prev\u00e9 una ca\u00edda de 5,2% de la econom\u00eda global\"}]},{\"@type\":\"WebSite\",\"@id\":\"https:\\\/\\\/diarioprincipios.com\\\/#website\",\"url\":\"https:\\\/\\\/diarioprincipios.com\\\/\",\"name\":\"Principios\",\"description\":\"Principios Diario\",\"publisher\":{\"@id\":\"https:\\\/\\\/diarioprincipios.com\\\/#organization\"},\"potentialAction\":[{\"@type\":\"SearchAction\",\"target\":{\"@type\":\"EntryPoint\",\"urlTemplate\":\"https:\\\/\\\/diarioprincipios.com\\\/?s={search_term_string}\"},\"query-input\":{\"@type\":\"PropertyValueSpecification\",\"valueRequired\":true,\"valueName\":\"search_term_string\"}}],\"inLanguage\":\"es\"},{\"@type\":\"Organization\",\"@id\":\"https:\\\/\\\/diarioprincipios.com\\\/#organization\",\"name\":\"Principios\",\"url\":\"https:\\\/\\\/diarioprincipios.com\\\/\",\"logo\":{\"@type\":\"ImageObject\",\"inLanguage\":\"es\",\"@id\":\"https:\\\/\\\/diarioprincipios.com\\\/#\\\/schema\\\/logo\\\/image\\\/\",\"url\":\"https:\\\/\\\/diarioprincipios.com\\\/wp-content\\\/uploads\\\/2024\\\/04\\\/cropped-www.diarioprincipios.com_-1.png\",\"contentUrl\":\"https:\\\/\\\/diarioprincipios.com\\\/wp-content\\\/uploads\\\/2024\\\/04\\\/cropped-www.diarioprincipios.com_-1.png\",\"width\":5325,\"height\":1454,\"caption\":\"Principios\"},\"image\":{\"@id\":\"https:\\\/\\\/diarioprincipios.com\\\/#\\\/schema\\\/logo\\\/image\\\/\"}},{\"@type\":\"Person\",\"@id\":\"https:\\\/\\\/diarioprincipios.com\\\/#\\\/schema\\\/person\\\/436d5a1fd41a5e250e23ff5a6a7cb080\",\"name\":\"Hern\u00e1n L\u00f3pez\",\"image\":{\"@type\":\"ImageObject\",\"inLanguage\":\"es\",\"@id\":\"https:\\\/\\\/diarioprincipios.com\\\/wp-content\\\/litespeed\\\/avatar\\\/11ddfe5610ff3bd100522525b2571f48.jpg?ver=1777653193\",\"url\":\"https:\\\/\\\/diarioprincipios.com\\\/wp-content\\\/litespeed\\\/avatar\\\/11ddfe5610ff3bd100522525b2571f48.jpg?ver=1777653193\",\"contentUrl\":\"https:\\\/\\\/diarioprincipios.com\\\/wp-content\\\/litespeed\\\/avatar\\\/11ddfe5610ff3bd100522525b2571f48.jpg?ver=1777653193\",\"caption\":\"Hern\u00e1n L\u00f3pez\"},\"url\":\"https:\\\/\\\/diarioprincipios.com\\\/index.php\\\/author\\\/hernan\\\/\"}]}<\/script>\n<!-- \/ Yoast SEO plugin. -->","yoast_head_json":{"title":"El Banco Mundial prev\u00e9 una ca\u00edda de 5,2% de la econom\u00eda global - Principios","robots":{"index":"index","follow":"follow","max-snippet":"max-snippet:-1","max-image-preview":"max-image-preview:large","max-video-preview":"max-video-preview:-1"},"canonical":"https:\/\/diarioprincipios.com\/index.php\/2020\/06\/08\/el-banco-mundial-preve-una-caida-de-52-de-la-economia-global\/","og_locale":"es_ES","og_type":"article","og_title":"El Banco Mundial prev\u00e9 una ca\u00edda de 5,2% de la econom\u00eda global - Principios","og_description":"La econom\u00eda mundial se contraer\u00e1 este a\u00f1o 5,2% como consecuencia del golpe provocado por la pandemia de coronavirus y experimentar\u00e1 la mayor ca\u00edda desde el fin de la Segunda Guerra Mundial en 1945, anunci\u00f3 hoy el Banco Mundial (BM). \u00abSon perspectivas profundamente aleccionadoras, con una crisis que probablemente dejar\u00e1 cicatrices duraderas y plantear\u00e1 gigantes desaf\u00edos...","og_url":"https:\/\/diarioprincipios.com\/index.php\/2020\/06\/08\/el-banco-mundial-preve-una-caida-de-52-de-la-economia-global\/","og_site_name":"Principios","article_published_time":"2020-06-08T16:14:12+00:00","article_modified_time":"2020-06-08T16:14:17+00:00","og_image":[{"width":512,"height":288,"url":"https:\/\/diarioprincipios.com\/wp-content\/uploads\/2020\/06\/unnamed-5.jpg","type":"image\/jpeg"}],"author":"Hern\u00e1n L\u00f3pez","twitter_card":"summary_large_image","twitter_misc":{"Escrito por":"Hern\u00e1n L\u00f3pez","Tiempo de lectura":"1 minuto"},"schema":{"@context":"https:\/\/schema.org","@graph":[{"@type":"Article","@id":"https:\/\/diarioprincipios.com\/index.php\/2020\/06\/08\/el-banco-mundial-preve-una-caida-de-52-de-la-economia-global\/#article","isPartOf":{"@id":"https:\/\/diarioprincipios.com\/index.php\/2020\/06\/08\/el-banco-mundial-preve-una-caida-de-52-de-la-economia-global\/"},"author":{"name":"Hern\u00e1n L\u00f3pez","@id":"https:\/\/diarioprincipios.com\/#\/schema\/person\/436d5a1fd41a5e250e23ff5a6a7cb080"},"headline":"El Banco Mundial prev\u00e9 una ca\u00edda de 5,2% de la econom\u00eda global","datePublished":"2020-06-08T16:14:12+00:00","dateModified":"2020-06-08T16:14:17+00:00","mainEntityOfPage":{"@id":"https:\/\/diarioprincipios.com\/index.php\/2020\/06\/08\/el-banco-mundial-preve-una-caida-de-52-de-la-economia-global\/"},"wordCount":245,"commentCount":0,"publisher":{"@id":"https:\/\/diarioprincipios.com\/#organization"},"image":{"@id":"https:\/\/diarioprincipios.com\/index.php\/2020\/06\/08\/el-banco-mundial-preve-una-caida-de-52-de-la-economia-global\/#primaryimage"},"thumbnailUrl":"https:\/\/diarioprincipios.com\/wp-content\/uploads\/2020\/06\/unnamed-5.jpg","articleSection":["Uncategorized"],"inLanguage":"es","potentialAction":[{"@type":"CommentAction","name":"Comment","target":["https:\/\/diarioprincipios.com\/index.php\/2020\/06\/08\/el-banco-mundial-preve-una-caida-de-52-de-la-economia-global\/#respond"]}]},{"@type":"WebPage","@id":"https:\/\/diarioprincipios.com\/index.php\/2020\/06\/08\/el-banco-mundial-preve-una-caida-de-52-de-la-economia-global\/","url":"https:\/\/diarioprincipios.com\/index.php\/2020\/06\/08\/el-banco-mundial-preve-una-caida-de-52-de-la-economia-global\/","name":"El Banco Mundial prev\u00e9 una ca\u00edda de 5,2% de la econom\u00eda global - Principios","isPartOf":{"@id":"https:\/\/diarioprincipios.com\/#website"},"primaryImageOfPage":{"@id":"https:\/\/diarioprincipios.com\/index.php\/2020\/06\/08\/el-banco-mundial-preve-una-caida-de-52-de-la-economia-global\/#primaryimage"},"image":{"@id":"https:\/\/diarioprincipios.com\/index.php\/2020\/06\/08\/el-banco-mundial-preve-una-caida-de-52-de-la-economia-global\/#primaryimage"},"thumbnailUrl":"https:\/\/diarioprincipios.com\/wp-content\/uploads\/2020\/06\/unnamed-5.jpg","datePublished":"2020-06-08T16:14:12+00:00","dateModified":"2020-06-08T16:14:17+00:00","breadcrumb":{"@id":"https:\/\/diarioprincipios.com\/index.php\/2020\/06\/08\/el-banco-mundial-preve-una-caida-de-52-de-la-economia-global\/#breadcrumb"},"inLanguage":"es","potentialAction":[{"@type":"ReadAction","target":["https:\/\/diarioprincipios.com\/index.php\/2020\/06\/08\/el-banco-mundial-preve-una-caida-de-52-de-la-economia-global\/"]}]},{"@type":"ImageObject","inLanguage":"es","@id":"https:\/\/diarioprincipios.com\/index.php\/2020\/06\/08\/el-banco-mundial-preve-una-caida-de-52-de-la-economia-global\/#primaryimage","url":"https:\/\/diarioprincipios.com\/wp-content\/uploads\/2020\/06\/unnamed-5.jpg","contentUrl":"https:\/\/diarioprincipios.com\/wp-content\/uploads\/2020\/06\/unnamed-5.jpg","width":512,"height":288},{"@type":"BreadcrumbList","@id":"https:\/\/diarioprincipios.com\/index.php\/2020\/06\/08\/el-banco-mundial-preve-una-caida-de-52-de-la-economia-global\/#breadcrumb","itemListElement":[{"@type":"ListItem","position":1,"name":"Portada","item":"https:\/\/diarioprincipios.com\/"},{"@type":"ListItem","position":2,"name":"El Banco Mundial prev\u00e9 una ca\u00edda de 5,2% de la econom\u00eda global"}]},{"@type":"WebSite","@id":"https:\/\/diarioprincipios.com\/#website","url":"https:\/\/diarioprincipios.com\/","name":"Principios","description":"Principios Diario","publisher":{"@id":"https:\/\/diarioprincipios.com\/#organization"},"potentialAction":[{"@type":"SearchAction","target":{"@type":"EntryPoint","urlTemplate":"https:\/\/diarioprincipios.com\/?s={search_term_string}"},"query-input":{"@type":"PropertyValueSpecification","valueRequired":true,"valueName":"search_term_string"}}],"inLanguage":"es"},{"@type":"Organization","@id":"https:\/\/diarioprincipios.com\/#organization","name":"Principios","url":"https:\/\/diarioprincipios.com\/","logo":{"@type":"ImageObject","inLanguage":"es","@id":"https:\/\/diarioprincipios.com\/#\/schema\/logo\/image\/","url":"https:\/\/diarioprincipios.com\/wp-content\/uploads\/2024\/04\/cropped-www.diarioprincipios.com_-1.png","contentUrl":"https:\/\/diarioprincipios.com\/wp-content\/uploads\/2024\/04\/cropped-www.diarioprincipios.com_-1.png","width":5325,"height":1454,"caption":"Principios"},"image":{"@id":"https:\/\/diarioprincipios.com\/#\/schema\/logo\/image\/"}},{"@type":"Person","@id":"https:\/\/diarioprincipios.com\/#\/schema\/person\/436d5a1fd41a5e250e23ff5a6a7cb080","name":"Hern\u00e1n L\u00f3pez","image":{"@type":"ImageObject","inLanguage":"es","@id":"https:\/\/diarioprincipios.com\/wp-content\/litespeed\/avatar\/11ddfe5610ff3bd100522525b2571f48.jpg?ver=1777653193","url":"https:\/\/diarioprincipios.com\/wp-content\/litespeed\/avatar\/11ddfe5610ff3bd100522525b2571f48.jpg?ver=1777653193","contentUrl":"https:\/\/diarioprincipios.com\/wp-content\/litespeed\/avatar\/11ddfe5610ff3bd100522525b2571f48.jpg?ver=1777653193","caption":"Hern\u00e1n L\u00f3pez"},"url":"https:\/\/diarioprincipios.com\/index.php\/author\/hernan\/"}]}},"jetpack_featured_media_url":"https:\/\/diarioprincipios.com\/wp-content\/uploads\/2020\/06\/unnamed-5.jpg","_links":{"self":[{"href":"https:\/\/diarioprincipios.com\/index.php\/wp-json\/wp\/v2\/posts\/2603","targetHints":{"allow":["GET"]}}],"collection":[{"href":"https:\/\/diarioprincipios.com\/index.php\/wp-json\/wp\/v2\/posts"}],"about":[{"href":"https:\/\/diarioprincipios.com\/index.php\/wp-json\/wp\/v2\/types\/post"}],"author":[{"embeddable":true,"href":"https:\/\/diarioprincipios.com\/index.php\/wp-json\/wp\/v2\/users\/2"}],"replies":[{"embeddable":true,"href":"https:\/\/diarioprincipios.com\/index.php\/wp-json\/wp\/v2\/comments?post=2603"}],"version-history":[{"count":1,"href":"https:\/\/diarioprincipios.com\/index.php\/wp-json\/wp\/v2\/posts\/2603\/revisions"}],"predecessor-version":[{"id":2605,"href":"https:\/\/diarioprincipios.com\/index.php\/wp-json\/wp\/v2\/posts\/2603\/revisions\/2605"}],"wp:featuredmedia":[{"embeddable":true,"href":"https:\/\/diarioprincipios.com\/index.php\/wp-json\/wp\/v2\/media\/2604"}],"wp:attachment":[{"href":"https:\/\/diarioprincipios.com\/index.php\/wp-json\/wp\/v2\/media?parent=2603"}],"wp:term":[{"taxonomy":"category","embeddable":true,"href":"https:\/\/diarioprincipios.com\/index.php\/wp-json\/wp\/v2\/categories?post=2603"},{"taxonomy":"post_tag","embeddable":true,"href":"https:\/\/diarioprincipios.com\/index.php\/wp-json\/wp\/v2\/tags?post=2603"}],"curies":[{"name":"wp","href":"https:\/\/api.w.org\/{rel}","templated":true}]}}