{"id":25691,"date":"2025-10-22T17:28:39","date_gmt":"2025-10-22T20:28:39","guid":{"rendered":"https:\/\/diarioprincipios.com\/?p=25691"},"modified":"2025-10-22T17:28:39","modified_gmt":"2025-10-22T20:28:39","slug":"jornada-de-pintura-en-el-jardin-de-infantes-n-927","status":"publish","type":"post","link":"https:\/\/diarioprincipios.com\/index.php\/2025\/10\/22\/jornada-de-pintura-en-el-jardin-de-infantes-n-927\/","title":{"rendered":"Jornada de pintura en el Jard\u00edn de Infantes N\u00b0 927"},"content":{"rendered":"\n<p>Se llev\u00f3 a cabo una jornada de pintura en el Jard\u00edn de Infantes N\u00b0 927, mediante la organizaci\u00f3n del Consejo Escolar de Berazategui que convoc\u00f3 a la comunidad educativa a embellecer el establecimiento.<br>De esta manera, vecinos y vecinas, docentes y consejeros escolares se sumaron a la actividad.<\/p>\n\n\n\n<p>Adem\u00e1s, acompa\u00f1aron los secretarios municipales de Cultura y Educaci\u00f3n, Federico L\u00f3pez; Desarrollo Social, Recreaci\u00f3n, Turismo y Deportes, Mar\u00eda Laura Lacava; Servicios P\u00fablicos, Sergio Faccenda; y la titular de la Agencia de Tierras y H\u00e1bitat, Cecilia Rold\u00e1n; adem\u00e1s del presidente del Consejo Escolar, Fernando Cardozo.<\/p>\n\n\n\n<figure class=\"wp-block-image size-large\"><img loading=\"lazy\" decoding=\"async\" width=\"1024\" height=\"683\" src=\"https:\/\/diarioprincipios.com\/wp-content\/uploads\/2025\/10\/Jornada-de-pintura-en-el-Jardin-de-Infantes-N\u00b0-927-4-1024x683.jpg\" alt=\"\" class=\"wp-image-25692\" srcset=\"https:\/\/diarioprincipios.com\/wp-content\/uploads\/2025\/10\/Jornada-de-pintura-en-el-Jardin-de-Infantes-N\u00b0-927-4-1024x683.jpg 1024w, https:\/\/diarioprincipios.com\/wp-content\/uploads\/2025\/10\/Jornada-de-pintura-en-el-Jardin-de-Infantes-N\u00b0-927-4-300x200.jpg 300w, https:\/\/diarioprincipios.com\/wp-content\/uploads\/2025\/10\/Jornada-de-pintura-en-el-Jardin-de-Infantes-N\u00b0-927-4-768x512.jpg 768w, https:\/\/diarioprincipios.com\/wp-content\/uploads\/2025\/10\/Jornada-de-pintura-en-el-Jardin-de-Infantes-N\u00b0-927-4-1536x1024.jpg 1536w, https:\/\/diarioprincipios.com\/wp-content\/uploads\/2025\/10\/Jornada-de-pintura-en-el-Jardin-de-Infantes-N\u00b0-927-4-600x400.jpg 600w, https:\/\/diarioprincipios.com\/wp-content\/uploads\/2025\/10\/Jornada-de-pintura-en-el-Jardin-de-Infantes-N\u00b0-927-4.jpg 1920w\" sizes=\"auto, (max-width: 1024px) 100vw, 1024px\" \/><\/figure>\n\n\n\n<p>La directora del Jard\u00edn, Carolina Ferreira, se\u00f1al\u00f3: \u201cQuiero agradecer a todos los que vinieron a colaborar con nosotras. Tambi\u00e9n quiero darle las gracias al Dr. Mussi, porque siempre nos acompa\u00f1a\u201d.<\/p>\n\n\n\n<p>Estas jornadas comenzaron a realizarse hace muchos a\u00f1os en Berazategui, por iniciativa del intendente municipal, Juan Jos\u00e9 Mussi.<\/p>\n","protected":false},"excerpt":{"rendered":"<p>Se llev\u00f3 a cabo una jornada de pintura en el Jard\u00edn de Infantes N\u00b0 927, mediante la organizaci\u00f3n del Consejo Escolar de Berazategui que convoc\u00f3 a la comunidad educativa a embellecer el establecimiento.De esta manera, vecinos y vecinas, docentes y consejeros escolares se sumaron a la actividad. Adem\u00e1s, acompa\u00f1aron los secretarios municipales de Cultura y&#8230;<\/p>\n","protected":false},"author":2,"featured_media":25693,"comment_status":"open","ping_status":"open","sticky":false,"template":"","format":"standard","meta":{"footnotes":""},"categories":[3,19],"tags":[],"class_list":["post-25691","post","type-post","status-publish","format-standard","has-post-thumbnail","hentry","category-berazategui","category-cultura-educacion"],"featured_image_src":"https:\/\/diarioprincipios.com\/wp-content\/uploads\/2025\/10\/Jornada-de-pintura-en-el-Jardin-de-Infantes-N\u00b0-927-1-1024x683.jpg","blog_images":{"medium":"https:\/\/diarioprincipios.com\/wp-content\/uploads\/2025\/10\/Jornada-de-pintura-en-el-Jardin-de-Infantes-N\u00b0-927-1-300x200.jpg","large":"https:\/\/diarioprincipios.com\/wp-content\/uploads\/2025\/10\/Jornada-de-pintura-en-el-Jardin-de-Infantes-N\u00b0-927-1-1024x683.jpg"},"ams_acf":[],"yoast_head":"<!-- This site is optimized with the Yoast SEO plugin v27.3 - https:\/\/yoast.com\/product\/yoast-seo-wordpress\/ -->\n<title>Jornada de pintura en el Jard\u00edn de Infantes N\u00b0 927 - Principios<\/title>\n<meta name=\"robots\" content=\"index, follow, max-snippet:-1, max-image-preview:large, max-video-preview:-1\" \/>\n<link rel=\"canonical\" href=\"https:\/\/diarioprincipios.com\/index.php\/2025\/10\/22\/jornada-de-pintura-en-el-jardin-de-infantes-n-927\/\" \/>\n<meta property=\"og:locale\" content=\"es_ES\" \/>\n<meta property=\"og:type\" content=\"article\" \/>\n<meta property=\"og:title\" content=\"Jornada de pintura en el Jard\u00edn de Infantes N\u00b0 927 - Principios\" \/>\n<meta property=\"og:description\" content=\"Se llev\u00f3 a cabo una jornada de pintura en el Jard\u00edn de Infantes N\u00b0 927, mediante la organizaci\u00f3n del Consejo Escolar de Berazategui que convoc\u00f3 a la comunidad educativa a embellecer el establecimiento.De esta manera, vecinos y vecinas, docentes y consejeros escolares se sumaron a la actividad. Adem\u00e1s, acompa\u00f1aron los secretarios municipales de Cultura y...\" \/>\n<meta property=\"og:url\" content=\"https:\/\/diarioprincipios.com\/index.php\/2025\/10\/22\/jornada-de-pintura-en-el-jardin-de-infantes-n-927\/\" \/>\n<meta property=\"og:site_name\" content=\"Principios\" \/>\n<meta property=\"article:published_time\" content=\"2025-10-22T20:28:39+00:00\" \/>\n<meta property=\"og:image\" content=\"https:\/\/diarioprincipios.com\/wp-content\/uploads\/2025\/10\/Jornada-de-pintura-en-el-Jardin-de-Infantes-N\u00b0-927-1.jpg\" \/>\n\t<meta property=\"og:image:width\" content=\"1920\" \/>\n\t<meta property=\"og:image:height\" content=\"1280\" \/>\n\t<meta property=\"og:image:type\" content=\"image\/jpeg\" \/>\n<meta name=\"author\" content=\"Hern\u00e1n L\u00f3pez\" \/>\n<meta name=\"twitter:card\" content=\"summary_large_image\" \/>\n<meta name=\"twitter:label1\" content=\"Escrito por\" \/>\n\t<meta name=\"twitter:data1\" content=\"Hern\u00e1n L\u00f3pez\" \/>\n\t<meta name=\"twitter:label2\" content=\"Tiempo de lectura\" \/>\n\t<meta name=\"twitter:data2\" content=\"2 minutos\" \/>\n<script type=\"application\/ld+json\" class=\"yoast-schema-graph\">{\"@context\":\"https:\\\/\\\/schema.org\",\"@graph\":[{\"@type\":\"Article\",\"@id\":\"https:\\\/\\\/diarioprincipios.com\\\/index.php\\\/2025\\\/10\\\/22\\\/jornada-de-pintura-en-el-jardin-de-infantes-n-927\\\/#article\",\"isPartOf\":{\"@id\":\"https:\\\/\\\/diarioprincipios.com\\\/index.php\\\/2025\\\/10\\\/22\\\/jornada-de-pintura-en-el-jardin-de-infantes-n-927\\\/\"},\"author\":{\"name\":\"Hern\u00e1n L\u00f3pez\",\"@id\":\"https:\\\/\\\/diarioprincipios.com\\\/#\\\/schema\\\/person\\\/436d5a1fd41a5e250e23ff5a6a7cb080\"},\"headline\":\"Jornada de pintura en el Jard\u00edn de Infantes N\u00b0 927\",\"datePublished\":\"2025-10-22T20:28:39+00:00\",\"mainEntityOfPage\":{\"@id\":\"https:\\\/\\\/diarioprincipios.com\\\/index.php\\\/2025\\\/10\\\/22\\\/jornada-de-pintura-en-el-jardin-de-infantes-n-927\\\/\"},\"wordCount\":166,\"commentCount\":0,\"publisher\":{\"@id\":\"https:\\\/\\\/diarioprincipios.com\\\/#organization\"},\"image\":{\"@id\":\"https:\\\/\\\/diarioprincipios.com\\\/index.php\\\/2025\\\/10\\\/22\\\/jornada-de-pintura-en-el-jardin-de-infantes-n-927\\\/#primaryimage\"},\"thumbnailUrl\":\"https:\\\/\\\/diarioprincipios.com\\\/wp-content\\\/uploads\\\/2025\\\/10\\\/Jornada-de-pintura-en-el-Jardin-de-Infantes-N\u00b0-927-1.jpg\",\"articleSection\":[\"Berazategui\",\"Cultura y Educaci\u00f3n\"],\"inLanguage\":\"es\",\"potentialAction\":[{\"@type\":\"CommentAction\",\"name\":\"Comment\",\"target\":[\"https:\\\/\\\/diarioprincipios.com\\\/index.php\\\/2025\\\/10\\\/22\\\/jornada-de-pintura-en-el-jardin-de-infantes-n-927\\\/#respond\"]}]},{\"@type\":\"WebPage\",\"@id\":\"https:\\\/\\\/diarioprincipios.com\\\/index.php\\\/2025\\\/10\\\/22\\\/jornada-de-pintura-en-el-jardin-de-infantes-n-927\\\/\",\"url\":\"https:\\\/\\\/diarioprincipios.com\\\/index.php\\\/2025\\\/10\\\/22\\\/jornada-de-pintura-en-el-jardin-de-infantes-n-927\\\/\",\"name\":\"Jornada de pintura en el Jard\u00edn de Infantes N\u00b0 927 - Principios\",\"isPartOf\":{\"@id\":\"https:\\\/\\\/diarioprincipios.com\\\/#website\"},\"primaryImageOfPage\":{\"@id\":\"https:\\\/\\\/diarioprincipios.com\\\/index.php\\\/2025\\\/10\\\/22\\\/jornada-de-pintura-en-el-jardin-de-infantes-n-927\\\/#primaryimage\"},\"image\":{\"@id\":\"https:\\\/\\\/diarioprincipios.com\\\/index.php\\\/2025\\\/10\\\/22\\\/jornada-de-pintura-en-el-jardin-de-infantes-n-927\\\/#primaryimage\"},\"thumbnailUrl\":\"https:\\\/\\\/diarioprincipios.com\\\/wp-content\\\/uploads\\\/2025\\\/10\\\/Jornada-de-pintura-en-el-Jardin-de-Infantes-N\u00b0-927-1.jpg\",\"datePublished\":\"2025-10-22T20:28:39+00:00\",\"breadcrumb\":{\"@id\":\"https:\\\/\\\/diarioprincipios.com\\\/index.php\\\/2025\\\/10\\\/22\\\/jornada-de-pintura-en-el-jardin-de-infantes-n-927\\\/#breadcrumb\"},\"inLanguage\":\"es\",\"potentialAction\":[{\"@type\":\"ReadAction\",\"target\":[\"https:\\\/\\\/diarioprincipios.com\\\/index.php\\\/2025\\\/10\\\/22\\\/jornada-de-pintura-en-el-jardin-de-infantes-n-927\\\/\"]}]},{\"@type\":\"ImageObject\",\"inLanguage\":\"es\",\"@id\":\"https:\\\/\\\/diarioprincipios.com\\\/index.php\\\/2025\\\/10\\\/22\\\/jornada-de-pintura-en-el-jardin-de-infantes-n-927\\\/#primaryimage\",\"url\":\"https:\\\/\\\/diarioprincipios.com\\\/wp-content\\\/uploads\\\/2025\\\/10\\\/Jornada-de-pintura-en-el-Jardin-de-Infantes-N\u00b0-927-1.jpg\",\"contentUrl\":\"https:\\\/\\\/diarioprincipios.com\\\/wp-content\\\/uploads\\\/2025\\\/10\\\/Jornada-de-pintura-en-el-Jardin-de-Infantes-N\u00b0-927-1.jpg\",\"width\":1920,\"height\":1280},{\"@type\":\"BreadcrumbList\",\"@id\":\"https:\\\/\\\/diarioprincipios.com\\\/index.php\\\/2025\\\/10\\\/22\\\/jornada-de-pintura-en-el-jardin-de-infantes-n-927\\\/#breadcrumb\",\"itemListElement\":[{\"@type\":\"ListItem\",\"position\":1,\"name\":\"Portada\",\"item\":\"https:\\\/\\\/diarioprincipios.com\\\/\"},{\"@type\":\"ListItem\",\"position\":2,\"name\":\"Jornada de pintura en el Jard\u00edn de Infantes N\u00b0 927\"}]},{\"@type\":\"WebSite\",\"@id\":\"https:\\\/\\\/diarioprincipios.com\\\/#website\",\"url\":\"https:\\\/\\\/diarioprincipios.com\\\/\",\"name\":\"Principios\",\"description\":\"Principios Diario\",\"publisher\":{\"@id\":\"https:\\\/\\\/diarioprincipios.com\\\/#organization\"},\"potentialAction\":[{\"@type\":\"SearchAction\",\"target\":{\"@type\":\"EntryPoint\",\"urlTemplate\":\"https:\\\/\\\/diarioprincipios.com\\\/?s={search_term_string}\"},\"query-input\":{\"@type\":\"PropertyValueSpecification\",\"valueRequired\":true,\"valueName\":\"search_term_string\"}}],\"inLanguage\":\"es\"},{\"@type\":\"Organization\",\"@id\":\"https:\\\/\\\/diarioprincipios.com\\\/#organization\",\"name\":\"Principios\",\"url\":\"https:\\\/\\\/diarioprincipios.com\\\/\",\"logo\":{\"@type\":\"ImageObject\",\"inLanguage\":\"es\",\"@id\":\"https:\\\/\\\/diarioprincipios.com\\\/#\\\/schema\\\/logo\\\/image\\\/\",\"url\":\"https:\\\/\\\/diarioprincipios.com\\\/wp-content\\\/uploads\\\/2024\\\/04\\\/cropped-www.diarioprincipios.com_-1.png\",\"contentUrl\":\"https:\\\/\\\/diarioprincipios.com\\\/wp-content\\\/uploads\\\/2024\\\/04\\\/cropped-www.diarioprincipios.com_-1.png\",\"width\":5325,\"height\":1454,\"caption\":\"Principios\"},\"image\":{\"@id\":\"https:\\\/\\\/diarioprincipios.com\\\/#\\\/schema\\\/logo\\\/image\\\/\"}},{\"@type\":\"Person\",\"@id\":\"https:\\\/\\\/diarioprincipios.com\\\/#\\\/schema\\\/person\\\/436d5a1fd41a5e250e23ff5a6a7cb080\",\"name\":\"Hern\u00e1n L\u00f3pez\",\"image\":{\"@type\":\"ImageObject\",\"inLanguage\":\"es\",\"@id\":\"https:\\\/\\\/diarioprincipios.com\\\/wp-content\\\/litespeed\\\/avatar\\\/11ddfe5610ff3bd100522525b2571f48.jpg?ver=1777048341\",\"url\":\"https:\\\/\\\/diarioprincipios.com\\\/wp-content\\\/litespeed\\\/avatar\\\/11ddfe5610ff3bd100522525b2571f48.jpg?ver=1777048341\",\"contentUrl\":\"https:\\\/\\\/diarioprincipios.com\\\/wp-content\\\/litespeed\\\/avatar\\\/11ddfe5610ff3bd100522525b2571f48.jpg?ver=1777048341\",\"caption\":\"Hern\u00e1n L\u00f3pez\"},\"url\":\"https:\\\/\\\/diarioprincipios.com\\\/index.php\\\/author\\\/hernan\\\/\"}]}<\/script>\n<!-- \/ Yoast SEO plugin. -->","yoast_head_json":{"title":"Jornada de pintura en el Jard\u00edn de Infantes N\u00b0 927 - Principios","robots":{"index":"index","follow":"follow","max-snippet":"max-snippet:-1","max-image-preview":"max-image-preview:large","max-video-preview":"max-video-preview:-1"},"canonical":"https:\/\/diarioprincipios.com\/index.php\/2025\/10\/22\/jornada-de-pintura-en-el-jardin-de-infantes-n-927\/","og_locale":"es_ES","og_type":"article","og_title":"Jornada de pintura en el Jard\u00edn de Infantes N\u00b0 927 - Principios","og_description":"Se llev\u00f3 a cabo una jornada de pintura en el Jard\u00edn de Infantes N\u00b0 927, mediante la organizaci\u00f3n del Consejo Escolar de Berazategui que convoc\u00f3 a la comunidad educativa a embellecer el establecimiento.De esta manera, vecinos y vecinas, docentes y consejeros escolares se sumaron a la actividad. Adem\u00e1s, acompa\u00f1aron los secretarios municipales de Cultura y...","og_url":"https:\/\/diarioprincipios.com\/index.php\/2025\/10\/22\/jornada-de-pintura-en-el-jardin-de-infantes-n-927\/","og_site_name":"Principios","article_published_time":"2025-10-22T20:28:39+00:00","og_image":[{"width":1920,"height":1280,"url":"https:\/\/diarioprincipios.com\/wp-content\/uploads\/2025\/10\/Jornada-de-pintura-en-el-Jardin-de-Infantes-N\u00b0-927-1.jpg","type":"image\/jpeg"}],"author":"Hern\u00e1n L\u00f3pez","twitter_card":"summary_large_image","twitter_misc":{"Escrito por":"Hern\u00e1n L\u00f3pez","Tiempo de lectura":"2 minutos"},"schema":{"@context":"https:\/\/schema.org","@graph":[{"@type":"Article","@id":"https:\/\/diarioprincipios.com\/index.php\/2025\/10\/22\/jornada-de-pintura-en-el-jardin-de-infantes-n-927\/#article","isPartOf":{"@id":"https:\/\/diarioprincipios.com\/index.php\/2025\/10\/22\/jornada-de-pintura-en-el-jardin-de-infantes-n-927\/"},"author":{"name":"Hern\u00e1n L\u00f3pez","@id":"https:\/\/diarioprincipios.com\/#\/schema\/person\/436d5a1fd41a5e250e23ff5a6a7cb080"},"headline":"Jornada de pintura en el Jard\u00edn de Infantes N\u00b0 927","datePublished":"2025-10-22T20:28:39+00:00","mainEntityOfPage":{"@id":"https:\/\/diarioprincipios.com\/index.php\/2025\/10\/22\/jornada-de-pintura-en-el-jardin-de-infantes-n-927\/"},"wordCount":166,"commentCount":0,"publisher":{"@id":"https:\/\/diarioprincipios.com\/#organization"},"image":{"@id":"https:\/\/diarioprincipios.com\/index.php\/2025\/10\/22\/jornada-de-pintura-en-el-jardin-de-infantes-n-927\/#primaryimage"},"thumbnailUrl":"https:\/\/diarioprincipios.com\/wp-content\/uploads\/2025\/10\/Jornada-de-pintura-en-el-Jardin-de-Infantes-N\u00b0-927-1.jpg","articleSection":["Berazategui","Cultura y Educaci\u00f3n"],"inLanguage":"es","potentialAction":[{"@type":"CommentAction","name":"Comment","target":["https:\/\/diarioprincipios.com\/index.php\/2025\/10\/22\/jornada-de-pintura-en-el-jardin-de-infantes-n-927\/#respond"]}]},{"@type":"WebPage","@id":"https:\/\/diarioprincipios.com\/index.php\/2025\/10\/22\/jornada-de-pintura-en-el-jardin-de-infantes-n-927\/","url":"https:\/\/diarioprincipios.com\/index.php\/2025\/10\/22\/jornada-de-pintura-en-el-jardin-de-infantes-n-927\/","name":"Jornada de pintura en el Jard\u00edn de Infantes N\u00b0 927 - Principios","isPartOf":{"@id":"https:\/\/diarioprincipios.com\/#website"},"primaryImageOfPage":{"@id":"https:\/\/diarioprincipios.com\/index.php\/2025\/10\/22\/jornada-de-pintura-en-el-jardin-de-infantes-n-927\/#primaryimage"},"image":{"@id":"https:\/\/diarioprincipios.com\/index.php\/2025\/10\/22\/jornada-de-pintura-en-el-jardin-de-infantes-n-927\/#primaryimage"},"thumbnailUrl":"https:\/\/diarioprincipios.com\/wp-content\/uploads\/2025\/10\/Jornada-de-pintura-en-el-Jardin-de-Infantes-N\u00b0-927-1.jpg","datePublished":"2025-10-22T20:28:39+00:00","breadcrumb":{"@id":"https:\/\/diarioprincipios.com\/index.php\/2025\/10\/22\/jornada-de-pintura-en-el-jardin-de-infantes-n-927\/#breadcrumb"},"inLanguage":"es","potentialAction":[{"@type":"ReadAction","target":["https:\/\/diarioprincipios.com\/index.php\/2025\/10\/22\/jornada-de-pintura-en-el-jardin-de-infantes-n-927\/"]}]},{"@type":"ImageObject","inLanguage":"es","@id":"https:\/\/diarioprincipios.com\/index.php\/2025\/10\/22\/jornada-de-pintura-en-el-jardin-de-infantes-n-927\/#primaryimage","url":"https:\/\/diarioprincipios.com\/wp-content\/uploads\/2025\/10\/Jornada-de-pintura-en-el-Jardin-de-Infantes-N\u00b0-927-1.jpg","contentUrl":"https:\/\/diarioprincipios.com\/wp-content\/uploads\/2025\/10\/Jornada-de-pintura-en-el-Jardin-de-Infantes-N\u00b0-927-1.jpg","width":1920,"height":1280},{"@type":"BreadcrumbList","@id":"https:\/\/diarioprincipios.com\/index.php\/2025\/10\/22\/jornada-de-pintura-en-el-jardin-de-infantes-n-927\/#breadcrumb","itemListElement":[{"@type":"ListItem","position":1,"name":"Portada","item":"https:\/\/diarioprincipios.com\/"},{"@type":"ListItem","position":2,"name":"Jornada de pintura en el Jard\u00edn de Infantes N\u00b0 927"}]},{"@type":"WebSite","@id":"https:\/\/diarioprincipios.com\/#website","url":"https:\/\/diarioprincipios.com\/","name":"Principios","description":"Principios Diario","publisher":{"@id":"https:\/\/diarioprincipios.com\/#organization"},"potentialAction":[{"@type":"SearchAction","target":{"@type":"EntryPoint","urlTemplate":"https:\/\/diarioprincipios.com\/?s={search_term_string}"},"query-input":{"@type":"PropertyValueSpecification","valueRequired":true,"valueName":"search_term_string"}}],"inLanguage":"es"},{"@type":"Organization","@id":"https:\/\/diarioprincipios.com\/#organization","name":"Principios","url":"https:\/\/diarioprincipios.com\/","logo":{"@type":"ImageObject","inLanguage":"es","@id":"https:\/\/diarioprincipios.com\/#\/schema\/logo\/image\/","url":"https:\/\/diarioprincipios.com\/wp-content\/uploads\/2024\/04\/cropped-www.diarioprincipios.com_-1.png","contentUrl":"https:\/\/diarioprincipios.com\/wp-content\/uploads\/2024\/04\/cropped-www.diarioprincipios.com_-1.png","width":5325,"height":1454,"caption":"Principios"},"image":{"@id":"https:\/\/diarioprincipios.com\/#\/schema\/logo\/image\/"}},{"@type":"Person","@id":"https:\/\/diarioprincipios.com\/#\/schema\/person\/436d5a1fd41a5e250e23ff5a6a7cb080","name":"Hern\u00e1n L\u00f3pez","image":{"@type":"ImageObject","inLanguage":"es","@id":"https:\/\/diarioprincipios.com\/wp-content\/litespeed\/avatar\/11ddfe5610ff3bd100522525b2571f48.jpg?ver=1777048341","url":"https:\/\/diarioprincipios.com\/wp-content\/litespeed\/avatar\/11ddfe5610ff3bd100522525b2571f48.jpg?ver=1777048341","contentUrl":"https:\/\/diarioprincipios.com\/wp-content\/litespeed\/avatar\/11ddfe5610ff3bd100522525b2571f48.jpg?ver=1777048341","caption":"Hern\u00e1n L\u00f3pez"},"url":"https:\/\/diarioprincipios.com\/index.php\/author\/hernan\/"}]}},"jetpack_featured_media_url":"https:\/\/diarioprincipios.com\/wp-content\/uploads\/2025\/10\/Jornada-de-pintura-en-el-Jardin-de-Infantes-N\u00b0-927-1.jpg","_links":{"self":[{"href":"https:\/\/diarioprincipios.com\/index.php\/wp-json\/wp\/v2\/posts\/25691","targetHints":{"allow":["GET"]}}],"collection":[{"href":"https:\/\/diarioprincipios.com\/index.php\/wp-json\/wp\/v2\/posts"}],"about":[{"href":"https:\/\/diarioprincipios.com\/index.php\/wp-json\/wp\/v2\/types\/post"}],"author":[{"embeddable":true,"href":"https:\/\/diarioprincipios.com\/index.php\/wp-json\/wp\/v2\/users\/2"}],"replies":[{"embeddable":true,"href":"https:\/\/diarioprincipios.com\/index.php\/wp-json\/wp\/v2\/comments?post=25691"}],"version-history":[{"count":1,"href":"https:\/\/diarioprincipios.com\/index.php\/wp-json\/wp\/v2\/posts\/25691\/revisions"}],"predecessor-version":[{"id":25694,"href":"https:\/\/diarioprincipios.com\/index.php\/wp-json\/wp\/v2\/posts\/25691\/revisions\/25694"}],"wp:featuredmedia":[{"embeddable":true,"href":"https:\/\/diarioprincipios.com\/index.php\/wp-json\/wp\/v2\/media\/25693"}],"wp:attachment":[{"href":"https:\/\/diarioprincipios.com\/index.php\/wp-json\/wp\/v2\/media?parent=25691"}],"wp:term":[{"taxonomy":"category","embeddable":true,"href":"https:\/\/diarioprincipios.com\/index.php\/wp-json\/wp\/v2\/categories?post=25691"},{"taxonomy":"post_tag","embeddable":true,"href":"https:\/\/diarioprincipios.com\/index.php\/wp-json\/wp\/v2\/tags?post=25691"}],"curies":[{"name":"wp","href":"https:\/\/api.w.org\/{rel}","templated":true}]}}