{"id":25683,"date":"2025-10-22T08:55:31","date_gmt":"2025-10-22T11:55:31","guid":{"rendered":"https:\/\/diarioprincipios.com\/?p=25683"},"modified":"2025-10-22T08:55:32","modified_gmt":"2025-10-22T11:55:32","slug":"refuerzan-la-red-de-agua-potable-para-el-barrio-santa-rosa","status":"publish","type":"post","link":"https:\/\/diarioprincipios.com\/index.php\/2025\/10\/22\/refuerzan-la-red-de-agua-potable-para-el-barrio-santa-rosa\/","title":{"rendered":"Refuerzan la Red de agua potable para el barrio Santa Rosa"},"content":{"rendered":"\n<p>La Municipalidad de Berazategui avanza con una obra de refuerzo de la Red de agua potable del barrio Santa Rosa (150 y 38 A), vinculando el nuevo pozo de Av. Ranelagh y 37 (acueducto principal) con la ca\u00f1er\u00eda principal (ubicada en la calle 39). Ya se encuentran concretados unos 450 de los 700 metros de esta importante intervenci\u00f3n, que beneficiar\u00e1 a unos 1.500 vecinos y vecinas. Los trabajos son gestionados por el intendente Juan Jos\u00e9 Mussi y financiados por el Municipio.<\/p>\n\n\n\n<p>All\u00ed, el secretario de Servicios P\u00fablicos de la Municipalidad, Sergio Faccenda, destac\u00f3: \u201cLlevamos adelante una Red troncal de agua para reforzar la red del barrio, donde hab\u00edamos detectado falencias, especialmente en \u00e9pocas de altas temperaturas -que es cuando hay m\u00e1s demanda de agua-. Se completar\u00e1n 700 metros de ca\u00f1er\u00eda troncal para poder unir los puntos de captaci\u00f3n de agua y vincularlos con la red existente del barrio. Esto traer\u00e1 tranquilidad a los vecinos y vecinas, con una mejora en el servicio municipal de agua\u201d.<\/p>\n\n\n\n<figure class=\"wp-block-image size-large\"><img loading=\"lazy\" decoding=\"async\" width=\"1024\" height=\"731\" src=\"https:\/\/diarioprincipios.com\/wp-content\/uploads\/2025\/10\/Refuerzan-la-Red-de-agua-potable-para-el-barrio-Santa-Rosa-2-1024x731.jpg\" alt=\"\" class=\"wp-image-25684\" srcset=\"https:\/\/diarioprincipios.com\/wp-content\/uploads\/2025\/10\/Refuerzan-la-Red-de-agua-potable-para-el-barrio-Santa-Rosa-2-1024x731.jpg 1024w, https:\/\/diarioprincipios.com\/wp-content\/uploads\/2025\/10\/Refuerzan-la-Red-de-agua-potable-para-el-barrio-Santa-Rosa-2-300x214.jpg 300w, https:\/\/diarioprincipios.com\/wp-content\/uploads\/2025\/10\/Refuerzan-la-Red-de-agua-potable-para-el-barrio-Santa-Rosa-2-768x548.jpg 768w, https:\/\/diarioprincipios.com\/wp-content\/uploads\/2025\/10\/Refuerzan-la-Red-de-agua-potable-para-el-barrio-Santa-Rosa-2-1536x1096.jpg 1536w, https:\/\/diarioprincipios.com\/wp-content\/uploads\/2025\/10\/Refuerzan-la-Red-de-agua-potable-para-el-barrio-Santa-Rosa-2.jpg 1600w\" sizes=\"auto, (max-width: 1024px) 100vw, 1024px\" \/><\/figure>\n\n\n\n<p>Y asegur\u00f3: \u201cEn Berazategui hay un Estado presente, que mejora la infraestructura y la calidad de vida de los vecinos. Actualmente llevamos ejecutados 450 de los 700 metros proyectados. Mientras el Estado nacional se aleja de los barrios, en Berazategui las obras de infraestructura contin\u00faan gracias a la gesti\u00f3n e impulso del Dr. Juan Jos\u00e9 Mussi\u201d.<\/p>\n\n\n\n<p>Para m\u00e1s informaci\u00f3n acerca de las obras que se desarrollan en el distrito, se puede ingresar en Berazategui.gob.ar\/obrasygestion.<\/p>\n","protected":false},"excerpt":{"rendered":"<p>La Municipalidad de Berazategui avanza con una obra de refuerzo de la Red de agua potable del barrio Santa Rosa (150 y 38 A), vinculando el nuevo pozo de Av. Ranelagh y 37 (acueducto principal) con la ca\u00f1er\u00eda principal (ubicada en la calle 39). Ya se encuentran concretados unos 450 de los 700 metros de&#8230;<\/p>\n","protected":false},"author":2,"featured_media":25685,"comment_status":"open","ping_status":"open","sticky":false,"template":"","format":"standard","meta":{"footnotes":""},"categories":[3],"tags":[],"class_list":["post-25683","post","type-post","status-publish","format-standard","has-post-thumbnail","hentry","category-berazategui"],"featured_image_src":"https:\/\/diarioprincipios.com\/wp-content\/uploads\/2025\/10\/Refuerzan-la-Red-de-agua-potable-para-el-barrio-Santa-Rosa-1024x731.jpg","blog_images":{"medium":"https:\/\/diarioprincipios.com\/wp-content\/uploads\/2025\/10\/Refuerzan-la-Red-de-agua-potable-para-el-barrio-Santa-Rosa-300x214.jpg","large":"https:\/\/diarioprincipios.com\/wp-content\/uploads\/2025\/10\/Refuerzan-la-Red-de-agua-potable-para-el-barrio-Santa-Rosa-1024x731.jpg"},"ams_acf":[],"yoast_head":"<!-- This site is optimized with the Yoast SEO plugin v27.3 - https:\/\/yoast.com\/product\/yoast-seo-wordpress\/ -->\n<title>Refuerzan la Red de agua potable para el barrio Santa Rosa - Principios<\/title>\n<meta name=\"robots\" content=\"index, follow, max-snippet:-1, max-image-preview:large, max-video-preview:-1\" \/>\n<link rel=\"canonical\" href=\"https:\/\/diarioprincipios.com\/index.php\/2025\/10\/22\/refuerzan-la-red-de-agua-potable-para-el-barrio-santa-rosa\/\" \/>\n<meta property=\"og:locale\" content=\"es_ES\" \/>\n<meta property=\"og:type\" content=\"article\" \/>\n<meta property=\"og:title\" content=\"Refuerzan la Red de agua potable para el barrio Santa Rosa - Principios\" \/>\n<meta property=\"og:description\" content=\"La Municipalidad de Berazategui avanza con una obra de refuerzo de la Red de agua potable del barrio Santa Rosa (150 y 38 A), vinculando el nuevo pozo de Av. Ranelagh y 37 (acueducto principal) con la ca\u00f1er\u00eda principal (ubicada en la calle 39). Ya se encuentran concretados unos 450 de los 700 metros de...\" \/>\n<meta property=\"og:url\" content=\"https:\/\/diarioprincipios.com\/index.php\/2025\/10\/22\/refuerzan-la-red-de-agua-potable-para-el-barrio-santa-rosa\/\" \/>\n<meta property=\"og:site_name\" content=\"Principios\" \/>\n<meta property=\"article:published_time\" content=\"2025-10-22T11:55:31+00:00\" \/>\n<meta property=\"article:modified_time\" content=\"2025-10-22T11:55:32+00:00\" \/>\n<meta property=\"og:image\" content=\"https:\/\/diarioprincipios.com\/wp-content\/uploads\/2025\/10\/Refuerzan-la-Red-de-agua-potable-para-el-barrio-Santa-Rosa.jpg\" \/>\n\t<meta property=\"og:image:width\" content=\"1600\" \/>\n\t<meta property=\"og:image:height\" content=\"1142\" \/>\n\t<meta property=\"og:image:type\" content=\"image\/jpeg\" \/>\n<meta name=\"author\" content=\"Hern\u00e1n L\u00f3pez\" \/>\n<meta name=\"twitter:card\" content=\"summary_large_image\" \/>\n<meta name=\"twitter:label1\" content=\"Escrito por\" \/>\n\t<meta name=\"twitter:data1\" content=\"Hern\u00e1n L\u00f3pez\" \/>\n\t<meta name=\"twitter:label2\" content=\"Tiempo de lectura\" \/>\n\t<meta name=\"twitter:data2\" content=\"2 minutos\" \/>\n<script type=\"application\/ld+json\" class=\"yoast-schema-graph\">{\"@context\":\"https:\\\/\\\/schema.org\",\"@graph\":[{\"@type\":\"Article\",\"@id\":\"https:\\\/\\\/diarioprincipios.com\\\/index.php\\\/2025\\\/10\\\/22\\\/refuerzan-la-red-de-agua-potable-para-el-barrio-santa-rosa\\\/#article\",\"isPartOf\":{\"@id\":\"https:\\\/\\\/diarioprincipios.com\\\/index.php\\\/2025\\\/10\\\/22\\\/refuerzan-la-red-de-agua-potable-para-el-barrio-santa-rosa\\\/\"},\"author\":{\"name\":\"Hern\u00e1n L\u00f3pez\",\"@id\":\"https:\\\/\\\/diarioprincipios.com\\\/#\\\/schema\\\/person\\\/436d5a1fd41a5e250e23ff5a6a7cb080\"},\"headline\":\"Refuerzan la Red de agua potable para el barrio Santa Rosa\",\"datePublished\":\"2025-10-22T11:55:31+00:00\",\"dateModified\":\"2025-10-22T11:55:32+00:00\",\"mainEntityOfPage\":{\"@id\":\"https:\\\/\\\/diarioprincipios.com\\\/index.php\\\/2025\\\/10\\\/22\\\/refuerzan-la-red-de-agua-potable-para-el-barrio-santa-rosa\\\/\"},\"wordCount\":257,\"commentCount\":0,\"publisher\":{\"@id\":\"https:\\\/\\\/diarioprincipios.com\\\/#organization\"},\"image\":{\"@id\":\"https:\\\/\\\/diarioprincipios.com\\\/index.php\\\/2025\\\/10\\\/22\\\/refuerzan-la-red-de-agua-potable-para-el-barrio-santa-rosa\\\/#primaryimage\"},\"thumbnailUrl\":\"https:\\\/\\\/diarioprincipios.com\\\/wp-content\\\/uploads\\\/2025\\\/10\\\/Refuerzan-la-Red-de-agua-potable-para-el-barrio-Santa-Rosa.jpg\",\"articleSection\":[\"Berazategui\"],\"inLanguage\":\"es\",\"potentialAction\":[{\"@type\":\"CommentAction\",\"name\":\"Comment\",\"target\":[\"https:\\\/\\\/diarioprincipios.com\\\/index.php\\\/2025\\\/10\\\/22\\\/refuerzan-la-red-de-agua-potable-para-el-barrio-santa-rosa\\\/#respond\"]}]},{\"@type\":\"WebPage\",\"@id\":\"https:\\\/\\\/diarioprincipios.com\\\/index.php\\\/2025\\\/10\\\/22\\\/refuerzan-la-red-de-agua-potable-para-el-barrio-santa-rosa\\\/\",\"url\":\"https:\\\/\\\/diarioprincipios.com\\\/index.php\\\/2025\\\/10\\\/22\\\/refuerzan-la-red-de-agua-potable-para-el-barrio-santa-rosa\\\/\",\"name\":\"Refuerzan la Red de agua potable para el barrio Santa Rosa - Principios\",\"isPartOf\":{\"@id\":\"https:\\\/\\\/diarioprincipios.com\\\/#website\"},\"primaryImageOfPage\":{\"@id\":\"https:\\\/\\\/diarioprincipios.com\\\/index.php\\\/2025\\\/10\\\/22\\\/refuerzan-la-red-de-agua-potable-para-el-barrio-santa-rosa\\\/#primaryimage\"},\"image\":{\"@id\":\"https:\\\/\\\/diarioprincipios.com\\\/index.php\\\/2025\\\/10\\\/22\\\/refuerzan-la-red-de-agua-potable-para-el-barrio-santa-rosa\\\/#primaryimage\"},\"thumbnailUrl\":\"https:\\\/\\\/diarioprincipios.com\\\/wp-content\\\/uploads\\\/2025\\\/10\\\/Refuerzan-la-Red-de-agua-potable-para-el-barrio-Santa-Rosa.jpg\",\"datePublished\":\"2025-10-22T11:55:31+00:00\",\"dateModified\":\"2025-10-22T11:55:32+00:00\",\"breadcrumb\":{\"@id\":\"https:\\\/\\\/diarioprincipios.com\\\/index.php\\\/2025\\\/10\\\/22\\\/refuerzan-la-red-de-agua-potable-para-el-barrio-santa-rosa\\\/#breadcrumb\"},\"inLanguage\":\"es\",\"potentialAction\":[{\"@type\":\"ReadAction\",\"target\":[\"https:\\\/\\\/diarioprincipios.com\\\/index.php\\\/2025\\\/10\\\/22\\\/refuerzan-la-red-de-agua-potable-para-el-barrio-santa-rosa\\\/\"]}]},{\"@type\":\"ImageObject\",\"inLanguage\":\"es\",\"@id\":\"https:\\\/\\\/diarioprincipios.com\\\/index.php\\\/2025\\\/10\\\/22\\\/refuerzan-la-red-de-agua-potable-para-el-barrio-santa-rosa\\\/#primaryimage\",\"url\":\"https:\\\/\\\/diarioprincipios.com\\\/wp-content\\\/uploads\\\/2025\\\/10\\\/Refuerzan-la-Red-de-agua-potable-para-el-barrio-Santa-Rosa.jpg\",\"contentUrl\":\"https:\\\/\\\/diarioprincipios.com\\\/wp-content\\\/uploads\\\/2025\\\/10\\\/Refuerzan-la-Red-de-agua-potable-para-el-barrio-Santa-Rosa.jpg\",\"width\":1600,\"height\":1142},{\"@type\":\"BreadcrumbList\",\"@id\":\"https:\\\/\\\/diarioprincipios.com\\\/index.php\\\/2025\\\/10\\\/22\\\/refuerzan-la-red-de-agua-potable-para-el-barrio-santa-rosa\\\/#breadcrumb\",\"itemListElement\":[{\"@type\":\"ListItem\",\"position\":1,\"name\":\"Portada\",\"item\":\"https:\\\/\\\/diarioprincipios.com\\\/\"},{\"@type\":\"ListItem\",\"position\":2,\"name\":\"Refuerzan la Red de agua potable para el barrio Santa Rosa\"}]},{\"@type\":\"WebSite\",\"@id\":\"https:\\\/\\\/diarioprincipios.com\\\/#website\",\"url\":\"https:\\\/\\\/diarioprincipios.com\\\/\",\"name\":\"Principios\",\"description\":\"Principios Diario\",\"publisher\":{\"@id\":\"https:\\\/\\\/diarioprincipios.com\\\/#organization\"},\"potentialAction\":[{\"@type\":\"SearchAction\",\"target\":{\"@type\":\"EntryPoint\",\"urlTemplate\":\"https:\\\/\\\/diarioprincipios.com\\\/?s={search_term_string}\"},\"query-input\":{\"@type\":\"PropertyValueSpecification\",\"valueRequired\":true,\"valueName\":\"search_term_string\"}}],\"inLanguage\":\"es\"},{\"@type\":\"Organization\",\"@id\":\"https:\\\/\\\/diarioprincipios.com\\\/#organization\",\"name\":\"Principios\",\"url\":\"https:\\\/\\\/diarioprincipios.com\\\/\",\"logo\":{\"@type\":\"ImageObject\",\"inLanguage\":\"es\",\"@id\":\"https:\\\/\\\/diarioprincipios.com\\\/#\\\/schema\\\/logo\\\/image\\\/\",\"url\":\"https:\\\/\\\/diarioprincipios.com\\\/wp-content\\\/uploads\\\/2024\\\/04\\\/cropped-www.diarioprincipios.com_-1.png\",\"contentUrl\":\"https:\\\/\\\/diarioprincipios.com\\\/wp-content\\\/uploads\\\/2024\\\/04\\\/cropped-www.diarioprincipios.com_-1.png\",\"width\":5325,\"height\":1454,\"caption\":\"Principios\"},\"image\":{\"@id\":\"https:\\\/\\\/diarioprincipios.com\\\/#\\\/schema\\\/logo\\\/image\\\/\"}},{\"@type\":\"Person\",\"@id\":\"https:\\\/\\\/diarioprincipios.com\\\/#\\\/schema\\\/person\\\/436d5a1fd41a5e250e23ff5a6a7cb080\",\"name\":\"Hern\u00e1n L\u00f3pez\",\"image\":{\"@type\":\"ImageObject\",\"inLanguage\":\"es\",\"@id\":\"https:\\\/\\\/diarioprincipios.com\\\/wp-content\\\/litespeed\\\/avatar\\\/11ddfe5610ff3bd100522525b2571f48.jpg?ver=1777048341\",\"url\":\"https:\\\/\\\/diarioprincipios.com\\\/wp-content\\\/litespeed\\\/avatar\\\/11ddfe5610ff3bd100522525b2571f48.jpg?ver=1777048341\",\"contentUrl\":\"https:\\\/\\\/diarioprincipios.com\\\/wp-content\\\/litespeed\\\/avatar\\\/11ddfe5610ff3bd100522525b2571f48.jpg?ver=1777048341\",\"caption\":\"Hern\u00e1n L\u00f3pez\"},\"url\":\"https:\\\/\\\/diarioprincipios.com\\\/index.php\\\/author\\\/hernan\\\/\"}]}<\/script>\n<!-- \/ Yoast SEO plugin. -->","yoast_head_json":{"title":"Refuerzan la Red de agua potable para el barrio Santa Rosa - Principios","robots":{"index":"index","follow":"follow","max-snippet":"max-snippet:-1","max-image-preview":"max-image-preview:large","max-video-preview":"max-video-preview:-1"},"canonical":"https:\/\/diarioprincipios.com\/index.php\/2025\/10\/22\/refuerzan-la-red-de-agua-potable-para-el-barrio-santa-rosa\/","og_locale":"es_ES","og_type":"article","og_title":"Refuerzan la Red de agua potable para el barrio Santa Rosa - Principios","og_description":"La Municipalidad de Berazategui avanza con una obra de refuerzo de la Red de agua potable del barrio Santa Rosa (150 y 38 A), vinculando el nuevo pozo de Av. Ranelagh y 37 (acueducto principal) con la ca\u00f1er\u00eda principal (ubicada en la calle 39). Ya se encuentran concretados unos 450 de los 700 metros de...","og_url":"https:\/\/diarioprincipios.com\/index.php\/2025\/10\/22\/refuerzan-la-red-de-agua-potable-para-el-barrio-santa-rosa\/","og_site_name":"Principios","article_published_time":"2025-10-22T11:55:31+00:00","article_modified_time":"2025-10-22T11:55:32+00:00","og_image":[{"width":1600,"height":1142,"url":"https:\/\/diarioprincipios.com\/wp-content\/uploads\/2025\/10\/Refuerzan-la-Red-de-agua-potable-para-el-barrio-Santa-Rosa.jpg","type":"image\/jpeg"}],"author":"Hern\u00e1n L\u00f3pez","twitter_card":"summary_large_image","twitter_misc":{"Escrito por":"Hern\u00e1n L\u00f3pez","Tiempo de lectura":"2 minutos"},"schema":{"@context":"https:\/\/schema.org","@graph":[{"@type":"Article","@id":"https:\/\/diarioprincipios.com\/index.php\/2025\/10\/22\/refuerzan-la-red-de-agua-potable-para-el-barrio-santa-rosa\/#article","isPartOf":{"@id":"https:\/\/diarioprincipios.com\/index.php\/2025\/10\/22\/refuerzan-la-red-de-agua-potable-para-el-barrio-santa-rosa\/"},"author":{"name":"Hern\u00e1n L\u00f3pez","@id":"https:\/\/diarioprincipios.com\/#\/schema\/person\/436d5a1fd41a5e250e23ff5a6a7cb080"},"headline":"Refuerzan la Red de agua potable para el barrio Santa Rosa","datePublished":"2025-10-22T11:55:31+00:00","dateModified":"2025-10-22T11:55:32+00:00","mainEntityOfPage":{"@id":"https:\/\/diarioprincipios.com\/index.php\/2025\/10\/22\/refuerzan-la-red-de-agua-potable-para-el-barrio-santa-rosa\/"},"wordCount":257,"commentCount":0,"publisher":{"@id":"https:\/\/diarioprincipios.com\/#organization"},"image":{"@id":"https:\/\/diarioprincipios.com\/index.php\/2025\/10\/22\/refuerzan-la-red-de-agua-potable-para-el-barrio-santa-rosa\/#primaryimage"},"thumbnailUrl":"https:\/\/diarioprincipios.com\/wp-content\/uploads\/2025\/10\/Refuerzan-la-Red-de-agua-potable-para-el-barrio-Santa-Rosa.jpg","articleSection":["Berazategui"],"inLanguage":"es","potentialAction":[{"@type":"CommentAction","name":"Comment","target":["https:\/\/diarioprincipios.com\/index.php\/2025\/10\/22\/refuerzan-la-red-de-agua-potable-para-el-barrio-santa-rosa\/#respond"]}]},{"@type":"WebPage","@id":"https:\/\/diarioprincipios.com\/index.php\/2025\/10\/22\/refuerzan-la-red-de-agua-potable-para-el-barrio-santa-rosa\/","url":"https:\/\/diarioprincipios.com\/index.php\/2025\/10\/22\/refuerzan-la-red-de-agua-potable-para-el-barrio-santa-rosa\/","name":"Refuerzan la Red de agua potable para el barrio Santa Rosa - Principios","isPartOf":{"@id":"https:\/\/diarioprincipios.com\/#website"},"primaryImageOfPage":{"@id":"https:\/\/diarioprincipios.com\/index.php\/2025\/10\/22\/refuerzan-la-red-de-agua-potable-para-el-barrio-santa-rosa\/#primaryimage"},"image":{"@id":"https:\/\/diarioprincipios.com\/index.php\/2025\/10\/22\/refuerzan-la-red-de-agua-potable-para-el-barrio-santa-rosa\/#primaryimage"},"thumbnailUrl":"https:\/\/diarioprincipios.com\/wp-content\/uploads\/2025\/10\/Refuerzan-la-Red-de-agua-potable-para-el-barrio-Santa-Rosa.jpg","datePublished":"2025-10-22T11:55:31+00:00","dateModified":"2025-10-22T11:55:32+00:00","breadcrumb":{"@id":"https:\/\/diarioprincipios.com\/index.php\/2025\/10\/22\/refuerzan-la-red-de-agua-potable-para-el-barrio-santa-rosa\/#breadcrumb"},"inLanguage":"es","potentialAction":[{"@type":"ReadAction","target":["https:\/\/diarioprincipios.com\/index.php\/2025\/10\/22\/refuerzan-la-red-de-agua-potable-para-el-barrio-santa-rosa\/"]}]},{"@type":"ImageObject","inLanguage":"es","@id":"https:\/\/diarioprincipios.com\/index.php\/2025\/10\/22\/refuerzan-la-red-de-agua-potable-para-el-barrio-santa-rosa\/#primaryimage","url":"https:\/\/diarioprincipios.com\/wp-content\/uploads\/2025\/10\/Refuerzan-la-Red-de-agua-potable-para-el-barrio-Santa-Rosa.jpg","contentUrl":"https:\/\/diarioprincipios.com\/wp-content\/uploads\/2025\/10\/Refuerzan-la-Red-de-agua-potable-para-el-barrio-Santa-Rosa.jpg","width":1600,"height":1142},{"@type":"BreadcrumbList","@id":"https:\/\/diarioprincipios.com\/index.php\/2025\/10\/22\/refuerzan-la-red-de-agua-potable-para-el-barrio-santa-rosa\/#breadcrumb","itemListElement":[{"@type":"ListItem","position":1,"name":"Portada","item":"https:\/\/diarioprincipios.com\/"},{"@type":"ListItem","position":2,"name":"Refuerzan la Red de agua potable para el barrio Santa Rosa"}]},{"@type":"WebSite","@id":"https:\/\/diarioprincipios.com\/#website","url":"https:\/\/diarioprincipios.com\/","name":"Principios","description":"Principios Diario","publisher":{"@id":"https:\/\/diarioprincipios.com\/#organization"},"potentialAction":[{"@type":"SearchAction","target":{"@type":"EntryPoint","urlTemplate":"https:\/\/diarioprincipios.com\/?s={search_term_string}"},"query-input":{"@type":"PropertyValueSpecification","valueRequired":true,"valueName":"search_term_string"}}],"inLanguage":"es"},{"@type":"Organization","@id":"https:\/\/diarioprincipios.com\/#organization","name":"Principios","url":"https:\/\/diarioprincipios.com\/","logo":{"@type":"ImageObject","inLanguage":"es","@id":"https:\/\/diarioprincipios.com\/#\/schema\/logo\/image\/","url":"https:\/\/diarioprincipios.com\/wp-content\/uploads\/2024\/04\/cropped-www.diarioprincipios.com_-1.png","contentUrl":"https:\/\/diarioprincipios.com\/wp-content\/uploads\/2024\/04\/cropped-www.diarioprincipios.com_-1.png","width":5325,"height":1454,"caption":"Principios"},"image":{"@id":"https:\/\/diarioprincipios.com\/#\/schema\/logo\/image\/"}},{"@type":"Person","@id":"https:\/\/diarioprincipios.com\/#\/schema\/person\/436d5a1fd41a5e250e23ff5a6a7cb080","name":"Hern\u00e1n L\u00f3pez","image":{"@type":"ImageObject","inLanguage":"es","@id":"https:\/\/diarioprincipios.com\/wp-content\/litespeed\/avatar\/11ddfe5610ff3bd100522525b2571f48.jpg?ver=1777048341","url":"https:\/\/diarioprincipios.com\/wp-content\/litespeed\/avatar\/11ddfe5610ff3bd100522525b2571f48.jpg?ver=1777048341","contentUrl":"https:\/\/diarioprincipios.com\/wp-content\/litespeed\/avatar\/11ddfe5610ff3bd100522525b2571f48.jpg?ver=1777048341","caption":"Hern\u00e1n L\u00f3pez"},"url":"https:\/\/diarioprincipios.com\/index.php\/author\/hernan\/"}]}},"jetpack_featured_media_url":"https:\/\/diarioprincipios.com\/wp-content\/uploads\/2025\/10\/Refuerzan-la-Red-de-agua-potable-para-el-barrio-Santa-Rosa.jpg","_links":{"self":[{"href":"https:\/\/diarioprincipios.com\/index.php\/wp-json\/wp\/v2\/posts\/25683","targetHints":{"allow":["GET"]}}],"collection":[{"href":"https:\/\/diarioprincipios.com\/index.php\/wp-json\/wp\/v2\/posts"}],"about":[{"href":"https:\/\/diarioprincipios.com\/index.php\/wp-json\/wp\/v2\/types\/post"}],"author":[{"embeddable":true,"href":"https:\/\/diarioprincipios.com\/index.php\/wp-json\/wp\/v2\/users\/2"}],"replies":[{"embeddable":true,"href":"https:\/\/diarioprincipios.com\/index.php\/wp-json\/wp\/v2\/comments?post=25683"}],"version-history":[{"count":1,"href":"https:\/\/diarioprincipios.com\/index.php\/wp-json\/wp\/v2\/posts\/25683\/revisions"}],"predecessor-version":[{"id":25686,"href":"https:\/\/diarioprincipios.com\/index.php\/wp-json\/wp\/v2\/posts\/25683\/revisions\/25686"}],"wp:featuredmedia":[{"embeddable":true,"href":"https:\/\/diarioprincipios.com\/index.php\/wp-json\/wp\/v2\/media\/25685"}],"wp:attachment":[{"href":"https:\/\/diarioprincipios.com\/index.php\/wp-json\/wp\/v2\/media?parent=25683"}],"wp:term":[{"taxonomy":"category","embeddable":true,"href":"https:\/\/diarioprincipios.com\/index.php\/wp-json\/wp\/v2\/categories?post=25683"},{"taxonomy":"post_tag","embeddable":true,"href":"https:\/\/diarioprincipios.com\/index.php\/wp-json\/wp\/v2\/tags?post=25683"}],"curies":[{"name":"wp","href":"https:\/\/api.w.org\/{rel}","templated":true}]}}