{"id":25677,"date":"2025-10-22T08:44:18","date_gmt":"2025-10-22T11:44:18","guid":{"rendered":"https:\/\/diarioprincipios.com\/?p=25677"},"modified":"2025-10-22T08:44:19","modified_gmt":"2025-10-22T11:44:19","slug":"mas-instituciones-de-berazategui-fueron-eximidas-de-pagar-sus-tasas-municipales","status":"publish","type":"post","link":"https:\/\/diarioprincipios.com\/index.php\/2025\/10\/22\/mas-instituciones-de-berazategui-fueron-eximidas-de-pagar-sus-tasas-municipales\/","title":{"rendered":"M\u00e1s instituciones de Berazategui fueron eximidas de pagar sus tasas municipales"},"content":{"rendered":"\n<p>En un acto encabezado por el intendente Juan Jos\u00e9 Mussi, treinta instituciones de bien p\u00fablico sin fines de lucro recibieron los decretos que las exime del pago de tasas municipales correspondiente al a\u00f1o en curso. En lo que va de 2025, la Municipalidad de Berazategui ya otorg\u00f3 este beneficio a m\u00e1s de 50 entidades de todo el distrito, lo que representa un ahorro para los vecinos y vecinas que administran y participan de cada uno de estos espacios.<\/p>\n\n\n\n<figure class=\"wp-block-image size-large\"><img loading=\"lazy\" decoding=\"async\" width=\"1024\" height=\"682\" src=\"https:\/\/diarioprincipios.com\/wp-content\/uploads\/2025\/10\/Mas-instituciones-de-Berazategui-fueron-eximidas-de-pagar-sus-tasas-municipales-1024x682.jpg\" alt=\"\" class=\"wp-image-25678\" srcset=\"https:\/\/diarioprincipios.com\/wp-content\/uploads\/2025\/10\/Mas-instituciones-de-Berazategui-fueron-eximidas-de-pagar-sus-tasas-municipales-1024x682.jpg 1024w, https:\/\/diarioprincipios.com\/wp-content\/uploads\/2025\/10\/Mas-instituciones-de-Berazategui-fueron-eximidas-de-pagar-sus-tasas-municipales-300x200.jpg 300w, https:\/\/diarioprincipios.com\/wp-content\/uploads\/2025\/10\/Mas-instituciones-de-Berazategui-fueron-eximidas-de-pagar-sus-tasas-municipales-768x512.jpg 768w, https:\/\/diarioprincipios.com\/wp-content\/uploads\/2025\/10\/Mas-instituciones-de-Berazategui-fueron-eximidas-de-pagar-sus-tasas-municipales-1536x1023.jpg 1536w, https:\/\/diarioprincipios.com\/wp-content\/uploads\/2025\/10\/Mas-instituciones-de-Berazategui-fueron-eximidas-de-pagar-sus-tasas-municipales-820x545.jpg 820w, https:\/\/diarioprincipios.com\/wp-content\/uploads\/2025\/10\/Mas-instituciones-de-Berazategui-fueron-eximidas-de-pagar-sus-tasas-municipales-600x400.jpg 600w, https:\/\/diarioprincipios.com\/wp-content\/uploads\/2025\/10\/Mas-instituciones-de-Berazategui-fueron-eximidas-de-pagar-sus-tasas-municipales.jpg 1600w\" sizes=\"auto, (max-width: 1024px) 100vw, 1024px\" \/><\/figure>\n\n\n\n<p>Durante la ceremonia, Mussi expres\u00f3: \u201c\u00c9sta es una forma de agradecerles y, de alguna manera, compensar todo el esfuerzo que hacen las instituciones de Berazategui en favor de nuestra comunidad. Ya son casi 70 millones de pesos que el Municipio dejar\u00e1 de percibir este a\u00f1o y lo tomamos como un subsidio indirecto a las instituciones intermedias, para que puedan seguir haciendo todo lo que hacen por los y las berazateguenses\u201d.<\/p>\n\n\n\n<p>Por su parte, el secretario de Econom\u00eda local, Santiago Castagno, indic\u00f3: \u201c\u00c9sta es una pol\u00edtica que desde hace 37 a\u00f1os impulsa Juan Jos\u00e9 Mussi y que no se limita a las entidades, sino que se extiende a los jubilados, pensionados, excombatientes y personas carentes de recursos. En esta ocasi\u00f3n, es una forma de retribuirle a nuestras Asociaciones Civiles toda esa labor por el pr\u00f3jimo que realizan desinteresadamente, todos los d\u00edas, sin recibir nada a cambio m\u00e1s que la satisfacci\u00f3n de ser solidarios. Para nosotros, desde el Municipio, es un orgullo poder ayudarlos\u201d.<\/p>\n\n\n\n<figure class=\"wp-block-image size-large\"><img loading=\"lazy\" decoding=\"async\" width=\"1024\" height=\"682\" src=\"https:\/\/diarioprincipios.com\/wp-content\/uploads\/2025\/10\/Mas-instituciones-de-Berazategui-fueron-eximidas-de-pagar-sus-tasas-municipales-3-1024x682.jpg\" alt=\"\" class=\"wp-image-25679\" srcset=\"https:\/\/diarioprincipios.com\/wp-content\/uploads\/2025\/10\/Mas-instituciones-de-Berazategui-fueron-eximidas-de-pagar-sus-tasas-municipales-3-1024x682.jpg 1024w, https:\/\/diarioprincipios.com\/wp-content\/uploads\/2025\/10\/Mas-instituciones-de-Berazategui-fueron-eximidas-de-pagar-sus-tasas-municipales-3-300x200.jpg 300w, https:\/\/diarioprincipios.com\/wp-content\/uploads\/2025\/10\/Mas-instituciones-de-Berazategui-fueron-eximidas-de-pagar-sus-tasas-municipales-3-768x512.jpg 768w, https:\/\/diarioprincipios.com\/wp-content\/uploads\/2025\/10\/Mas-instituciones-de-Berazategui-fueron-eximidas-de-pagar-sus-tasas-municipales-3-1536x1023.jpg 1536w, https:\/\/diarioprincipios.com\/wp-content\/uploads\/2025\/10\/Mas-instituciones-de-Berazategui-fueron-eximidas-de-pagar-sus-tasas-municipales-3-820x545.jpg 820w, https:\/\/diarioprincipios.com\/wp-content\/uploads\/2025\/10\/Mas-instituciones-de-Berazategui-fueron-eximidas-de-pagar-sus-tasas-municipales-3-600x400.jpg 600w, https:\/\/diarioprincipios.com\/wp-content\/uploads\/2025\/10\/Mas-instituciones-de-Berazategui-fueron-eximidas-de-pagar-sus-tasas-municipales-3.jpg 1600w\" sizes=\"auto, (max-width: 1024px) 100vw, 1024px\" \/><\/figure>\n\n\n\n<p>En esta oportunidad, el beneficio alcanz\u00f3 a las siguientes instituciones:<\/p>\n\n\n\n<p>Instituciones religiosas: el Obispado de Quilmes, la Iglesia de Jesucristo de los Santos de los \u00daltimos D\u00edas, la Congregaci\u00f3n de Jes\u00fas, la Iglesia Nueva Apost\u00f3lica Sud Am\u00e9rica, la Asociaci\u00f3n de los Testigos de Jehov\u00e1, la Iglesia Evang\u00e9lica Metodista Pentecostal, la Iglesia Universal del Reino de Dios y la Misi\u00f3n Cristiana Pentecostal Villa Espa\u00f1a.<br>Centros de Jubilados: Mesa Coordinadora, Los Manzanos, J\u00f3venes de Anta\u00f1o, Celeste y Blanco, Juan Mar\u00eda Guti\u00e9rrez, El Fort\u00edn de San Pedro, Atardecer y Villa Giambruno.<\/p>\n\n\n\n<ul class=\"wp-block-list\">\n<li>Asociaciones Civiles: Culto a Dios, Asociaci\u00f3n Civil Oikumene, Bomberos Voluntarios de Berazategui, Asociaci\u00f3n Bomberos Voluntarios (Cuartel) y la Asociaci\u00f3n Colomb\u00f3fila Berazategui.<\/li>\n\n\n\n<li>Sociedades de Fomento: Barrio Argentina y Asociaci\u00f3n Vecinal 17 de Agosto, de Los Manzanos.<br>Tambi\u00e9n recibieron la eximici\u00f3n: la Biblioteca Popular Jos\u00e9 Ingenieros, el Club Social y Deportivo Libertad, la Asociaci\u00f3n Mutual Israelita Argentina (AMIA) y la Fundaci\u00f3n Lugar del Sol.<\/li>\n<\/ul>\n","protected":false},"excerpt":{"rendered":"<p>En un acto encabezado por el intendente Juan Jos\u00e9 Mussi, treinta instituciones de bien p\u00fablico sin fines de lucro recibieron los decretos que las exime del pago de tasas municipales correspondiente al a\u00f1o en curso. En lo que va de 2025, la Municipalidad de Berazategui ya otorg\u00f3 este beneficio a m\u00e1s de 50 entidades de&#8230;<\/p>\n","protected":false},"author":2,"featured_media":25680,"comment_status":"open","ping_status":"open","sticky":false,"template":"","format":"standard","meta":{"footnotes":""},"categories":[3],"tags":[],"class_list":["post-25677","post","type-post","status-publish","format-standard","has-post-thumbnail","hentry","category-berazategui"],"featured_image_src":"https:\/\/diarioprincipios.com\/wp-content\/uploads\/2025\/10\/Mas-instituciones-de-Berazategui-fueron-eximidas-de-pagar-sus-tasas-municipales-4-1024x682.jpg","blog_images":{"medium":"https:\/\/diarioprincipios.com\/wp-content\/uploads\/2025\/10\/Mas-instituciones-de-Berazategui-fueron-eximidas-de-pagar-sus-tasas-municipales-4-300x200.jpg","large":"https:\/\/diarioprincipios.com\/wp-content\/uploads\/2025\/10\/Mas-instituciones-de-Berazategui-fueron-eximidas-de-pagar-sus-tasas-municipales-4-1024x682.jpg"},"ams_acf":[],"yoast_head":"<!-- This site is optimized with the Yoast SEO plugin v27.3 - https:\/\/yoast.com\/product\/yoast-seo-wordpress\/ -->\n<title>M\u00e1s instituciones de Berazategui fueron eximidas de pagar sus tasas municipales - Principios<\/title>\n<meta name=\"robots\" content=\"index, follow, max-snippet:-1, max-image-preview:large, max-video-preview:-1\" \/>\n<link rel=\"canonical\" href=\"https:\/\/diarioprincipios.com\/index.php\/2025\/10\/22\/mas-instituciones-de-berazategui-fueron-eximidas-de-pagar-sus-tasas-municipales\/\" \/>\n<meta property=\"og:locale\" content=\"es_ES\" \/>\n<meta property=\"og:type\" content=\"article\" \/>\n<meta property=\"og:title\" content=\"M\u00e1s instituciones de Berazategui fueron eximidas de pagar sus tasas municipales - Principios\" \/>\n<meta property=\"og:description\" content=\"En un acto encabezado por el intendente Juan Jos\u00e9 Mussi, treinta instituciones de bien p\u00fablico sin fines de lucro recibieron los decretos que las exime del pago de tasas municipales correspondiente al a\u00f1o en curso. En lo que va de 2025, la Municipalidad de Berazategui ya otorg\u00f3 este beneficio a m\u00e1s de 50 entidades de...\" \/>\n<meta property=\"og:url\" content=\"https:\/\/diarioprincipios.com\/index.php\/2025\/10\/22\/mas-instituciones-de-berazategui-fueron-eximidas-de-pagar-sus-tasas-municipales\/\" \/>\n<meta property=\"og:site_name\" content=\"Principios\" \/>\n<meta property=\"article:published_time\" content=\"2025-10-22T11:44:18+00:00\" \/>\n<meta property=\"article:modified_time\" content=\"2025-10-22T11:44:19+00:00\" \/>\n<meta property=\"og:image\" content=\"https:\/\/diarioprincipios.com\/wp-content\/uploads\/2025\/10\/Mas-instituciones-de-Berazategui-fueron-eximidas-de-pagar-sus-tasas-municipales-4.jpg\" \/>\n\t<meta property=\"og:image:width\" content=\"1600\" \/>\n\t<meta property=\"og:image:height\" content=\"1066\" \/>\n\t<meta property=\"og:image:type\" content=\"image\/jpeg\" \/>\n<meta name=\"author\" content=\"Hern\u00e1n L\u00f3pez\" \/>\n<meta name=\"twitter:card\" content=\"summary_large_image\" \/>\n<meta name=\"twitter:label1\" content=\"Escrito por\" \/>\n\t<meta name=\"twitter:data1\" content=\"Hern\u00e1n L\u00f3pez\" \/>\n\t<meta name=\"twitter:label2\" content=\"Tiempo de lectura\" \/>\n\t<meta name=\"twitter:data2\" content=\"3 minutos\" \/>\n<script type=\"application\/ld+json\" class=\"yoast-schema-graph\">{\"@context\":\"https:\\\/\\\/schema.org\",\"@graph\":[{\"@type\":\"Article\",\"@id\":\"https:\\\/\\\/diarioprincipios.com\\\/index.php\\\/2025\\\/10\\\/22\\\/mas-instituciones-de-berazategui-fueron-eximidas-de-pagar-sus-tasas-municipales\\\/#article\",\"isPartOf\":{\"@id\":\"https:\\\/\\\/diarioprincipios.com\\\/index.php\\\/2025\\\/10\\\/22\\\/mas-instituciones-de-berazategui-fueron-eximidas-de-pagar-sus-tasas-municipales\\\/\"},\"author\":{\"name\":\"Hern\u00e1n L\u00f3pez\",\"@id\":\"https:\\\/\\\/diarioprincipios.com\\\/#\\\/schema\\\/person\\\/436d5a1fd41a5e250e23ff5a6a7cb080\"},\"headline\":\"M\u00e1s instituciones de Berazategui fueron eximidas de pagar sus tasas municipales\",\"datePublished\":\"2025-10-22T11:44:18+00:00\",\"dateModified\":\"2025-10-22T11:44:19+00:00\",\"mainEntityOfPage\":{\"@id\":\"https:\\\/\\\/diarioprincipios.com\\\/index.php\\\/2025\\\/10\\\/22\\\/mas-instituciones-de-berazategui-fueron-eximidas-de-pagar-sus-tasas-municipales\\\/\"},\"wordCount\":432,\"commentCount\":0,\"publisher\":{\"@id\":\"https:\\\/\\\/diarioprincipios.com\\\/#organization\"},\"image\":{\"@id\":\"https:\\\/\\\/diarioprincipios.com\\\/index.php\\\/2025\\\/10\\\/22\\\/mas-instituciones-de-berazategui-fueron-eximidas-de-pagar-sus-tasas-municipales\\\/#primaryimage\"},\"thumbnailUrl\":\"https:\\\/\\\/diarioprincipios.com\\\/wp-content\\\/uploads\\\/2025\\\/10\\\/Mas-instituciones-de-Berazategui-fueron-eximidas-de-pagar-sus-tasas-municipales-4.jpg\",\"articleSection\":[\"Berazategui\"],\"inLanguage\":\"es\",\"potentialAction\":[{\"@type\":\"CommentAction\",\"name\":\"Comment\",\"target\":[\"https:\\\/\\\/diarioprincipios.com\\\/index.php\\\/2025\\\/10\\\/22\\\/mas-instituciones-de-berazategui-fueron-eximidas-de-pagar-sus-tasas-municipales\\\/#respond\"]}]},{\"@type\":\"WebPage\",\"@id\":\"https:\\\/\\\/diarioprincipios.com\\\/index.php\\\/2025\\\/10\\\/22\\\/mas-instituciones-de-berazategui-fueron-eximidas-de-pagar-sus-tasas-municipales\\\/\",\"url\":\"https:\\\/\\\/diarioprincipios.com\\\/index.php\\\/2025\\\/10\\\/22\\\/mas-instituciones-de-berazategui-fueron-eximidas-de-pagar-sus-tasas-municipales\\\/\",\"name\":\"M\u00e1s instituciones de Berazategui fueron eximidas de pagar sus tasas municipales - Principios\",\"isPartOf\":{\"@id\":\"https:\\\/\\\/diarioprincipios.com\\\/#website\"},\"primaryImageOfPage\":{\"@id\":\"https:\\\/\\\/diarioprincipios.com\\\/index.php\\\/2025\\\/10\\\/22\\\/mas-instituciones-de-berazategui-fueron-eximidas-de-pagar-sus-tasas-municipales\\\/#primaryimage\"},\"image\":{\"@id\":\"https:\\\/\\\/diarioprincipios.com\\\/index.php\\\/2025\\\/10\\\/22\\\/mas-instituciones-de-berazategui-fueron-eximidas-de-pagar-sus-tasas-municipales\\\/#primaryimage\"},\"thumbnailUrl\":\"https:\\\/\\\/diarioprincipios.com\\\/wp-content\\\/uploads\\\/2025\\\/10\\\/Mas-instituciones-de-Berazategui-fueron-eximidas-de-pagar-sus-tasas-municipales-4.jpg\",\"datePublished\":\"2025-10-22T11:44:18+00:00\",\"dateModified\":\"2025-10-22T11:44:19+00:00\",\"breadcrumb\":{\"@id\":\"https:\\\/\\\/diarioprincipios.com\\\/index.php\\\/2025\\\/10\\\/22\\\/mas-instituciones-de-berazategui-fueron-eximidas-de-pagar-sus-tasas-municipales\\\/#breadcrumb\"},\"inLanguage\":\"es\",\"potentialAction\":[{\"@type\":\"ReadAction\",\"target\":[\"https:\\\/\\\/diarioprincipios.com\\\/index.php\\\/2025\\\/10\\\/22\\\/mas-instituciones-de-berazategui-fueron-eximidas-de-pagar-sus-tasas-municipales\\\/\"]}]},{\"@type\":\"ImageObject\",\"inLanguage\":\"es\",\"@id\":\"https:\\\/\\\/diarioprincipios.com\\\/index.php\\\/2025\\\/10\\\/22\\\/mas-instituciones-de-berazategui-fueron-eximidas-de-pagar-sus-tasas-municipales\\\/#primaryimage\",\"url\":\"https:\\\/\\\/diarioprincipios.com\\\/wp-content\\\/uploads\\\/2025\\\/10\\\/Mas-instituciones-de-Berazategui-fueron-eximidas-de-pagar-sus-tasas-municipales-4.jpg\",\"contentUrl\":\"https:\\\/\\\/diarioprincipios.com\\\/wp-content\\\/uploads\\\/2025\\\/10\\\/Mas-instituciones-de-Berazategui-fueron-eximidas-de-pagar-sus-tasas-municipales-4.jpg\",\"width\":1600,\"height\":1066},{\"@type\":\"BreadcrumbList\",\"@id\":\"https:\\\/\\\/diarioprincipios.com\\\/index.php\\\/2025\\\/10\\\/22\\\/mas-instituciones-de-berazategui-fueron-eximidas-de-pagar-sus-tasas-municipales\\\/#breadcrumb\",\"itemListElement\":[{\"@type\":\"ListItem\",\"position\":1,\"name\":\"Portada\",\"item\":\"https:\\\/\\\/diarioprincipios.com\\\/\"},{\"@type\":\"ListItem\",\"position\":2,\"name\":\"M\u00e1s instituciones de Berazategui fueron eximidas de pagar sus tasas municipales\"}]},{\"@type\":\"WebSite\",\"@id\":\"https:\\\/\\\/diarioprincipios.com\\\/#website\",\"url\":\"https:\\\/\\\/diarioprincipios.com\\\/\",\"name\":\"Principios\",\"description\":\"Principios Diario\",\"publisher\":{\"@id\":\"https:\\\/\\\/diarioprincipios.com\\\/#organization\"},\"potentialAction\":[{\"@type\":\"SearchAction\",\"target\":{\"@type\":\"EntryPoint\",\"urlTemplate\":\"https:\\\/\\\/diarioprincipios.com\\\/?s={search_term_string}\"},\"query-input\":{\"@type\":\"PropertyValueSpecification\",\"valueRequired\":true,\"valueName\":\"search_term_string\"}}],\"inLanguage\":\"es\"},{\"@type\":\"Organization\",\"@id\":\"https:\\\/\\\/diarioprincipios.com\\\/#organization\",\"name\":\"Principios\",\"url\":\"https:\\\/\\\/diarioprincipios.com\\\/\",\"logo\":{\"@type\":\"ImageObject\",\"inLanguage\":\"es\",\"@id\":\"https:\\\/\\\/diarioprincipios.com\\\/#\\\/schema\\\/logo\\\/image\\\/\",\"url\":\"https:\\\/\\\/diarioprincipios.com\\\/wp-content\\\/uploads\\\/2024\\\/04\\\/cropped-www.diarioprincipios.com_-1.png\",\"contentUrl\":\"https:\\\/\\\/diarioprincipios.com\\\/wp-content\\\/uploads\\\/2024\\\/04\\\/cropped-www.diarioprincipios.com_-1.png\",\"width\":5325,\"height\":1454,\"caption\":\"Principios\"},\"image\":{\"@id\":\"https:\\\/\\\/diarioprincipios.com\\\/#\\\/schema\\\/logo\\\/image\\\/\"}},{\"@type\":\"Person\",\"@id\":\"https:\\\/\\\/diarioprincipios.com\\\/#\\\/schema\\\/person\\\/436d5a1fd41a5e250e23ff5a6a7cb080\",\"name\":\"Hern\u00e1n L\u00f3pez\",\"image\":{\"@type\":\"ImageObject\",\"inLanguage\":\"es\",\"@id\":\"https:\\\/\\\/diarioprincipios.com\\\/wp-content\\\/litespeed\\\/avatar\\\/11ddfe5610ff3bd100522525b2571f48.jpg?ver=1777048341\",\"url\":\"https:\\\/\\\/diarioprincipios.com\\\/wp-content\\\/litespeed\\\/avatar\\\/11ddfe5610ff3bd100522525b2571f48.jpg?ver=1777048341\",\"contentUrl\":\"https:\\\/\\\/diarioprincipios.com\\\/wp-content\\\/litespeed\\\/avatar\\\/11ddfe5610ff3bd100522525b2571f48.jpg?ver=1777048341\",\"caption\":\"Hern\u00e1n L\u00f3pez\"},\"url\":\"https:\\\/\\\/diarioprincipios.com\\\/index.php\\\/author\\\/hernan\\\/\"}]}<\/script>\n<!-- \/ Yoast SEO plugin. -->","yoast_head_json":{"title":"M\u00e1s instituciones de Berazategui fueron eximidas de pagar sus tasas municipales - Principios","robots":{"index":"index","follow":"follow","max-snippet":"max-snippet:-1","max-image-preview":"max-image-preview:large","max-video-preview":"max-video-preview:-1"},"canonical":"https:\/\/diarioprincipios.com\/index.php\/2025\/10\/22\/mas-instituciones-de-berazategui-fueron-eximidas-de-pagar-sus-tasas-municipales\/","og_locale":"es_ES","og_type":"article","og_title":"M\u00e1s instituciones de Berazategui fueron eximidas de pagar sus tasas municipales - Principios","og_description":"En un acto encabezado por el intendente Juan Jos\u00e9 Mussi, treinta instituciones de bien p\u00fablico sin fines de lucro recibieron los decretos que las exime del pago de tasas municipales correspondiente al a\u00f1o en curso. En lo que va de 2025, la Municipalidad de Berazategui ya otorg\u00f3 este beneficio a m\u00e1s de 50 entidades de...","og_url":"https:\/\/diarioprincipios.com\/index.php\/2025\/10\/22\/mas-instituciones-de-berazategui-fueron-eximidas-de-pagar-sus-tasas-municipales\/","og_site_name":"Principios","article_published_time":"2025-10-22T11:44:18+00:00","article_modified_time":"2025-10-22T11:44:19+00:00","og_image":[{"width":1600,"height":1066,"url":"https:\/\/diarioprincipios.com\/wp-content\/uploads\/2025\/10\/Mas-instituciones-de-Berazategui-fueron-eximidas-de-pagar-sus-tasas-municipales-4.jpg","type":"image\/jpeg"}],"author":"Hern\u00e1n L\u00f3pez","twitter_card":"summary_large_image","twitter_misc":{"Escrito por":"Hern\u00e1n L\u00f3pez","Tiempo de lectura":"3 minutos"},"schema":{"@context":"https:\/\/schema.org","@graph":[{"@type":"Article","@id":"https:\/\/diarioprincipios.com\/index.php\/2025\/10\/22\/mas-instituciones-de-berazategui-fueron-eximidas-de-pagar-sus-tasas-municipales\/#article","isPartOf":{"@id":"https:\/\/diarioprincipios.com\/index.php\/2025\/10\/22\/mas-instituciones-de-berazategui-fueron-eximidas-de-pagar-sus-tasas-municipales\/"},"author":{"name":"Hern\u00e1n L\u00f3pez","@id":"https:\/\/diarioprincipios.com\/#\/schema\/person\/436d5a1fd41a5e250e23ff5a6a7cb080"},"headline":"M\u00e1s instituciones de Berazategui fueron eximidas de pagar sus tasas municipales","datePublished":"2025-10-22T11:44:18+00:00","dateModified":"2025-10-22T11:44:19+00:00","mainEntityOfPage":{"@id":"https:\/\/diarioprincipios.com\/index.php\/2025\/10\/22\/mas-instituciones-de-berazategui-fueron-eximidas-de-pagar-sus-tasas-municipales\/"},"wordCount":432,"commentCount":0,"publisher":{"@id":"https:\/\/diarioprincipios.com\/#organization"},"image":{"@id":"https:\/\/diarioprincipios.com\/index.php\/2025\/10\/22\/mas-instituciones-de-berazategui-fueron-eximidas-de-pagar-sus-tasas-municipales\/#primaryimage"},"thumbnailUrl":"https:\/\/diarioprincipios.com\/wp-content\/uploads\/2025\/10\/Mas-instituciones-de-Berazategui-fueron-eximidas-de-pagar-sus-tasas-municipales-4.jpg","articleSection":["Berazategui"],"inLanguage":"es","potentialAction":[{"@type":"CommentAction","name":"Comment","target":["https:\/\/diarioprincipios.com\/index.php\/2025\/10\/22\/mas-instituciones-de-berazategui-fueron-eximidas-de-pagar-sus-tasas-municipales\/#respond"]}]},{"@type":"WebPage","@id":"https:\/\/diarioprincipios.com\/index.php\/2025\/10\/22\/mas-instituciones-de-berazategui-fueron-eximidas-de-pagar-sus-tasas-municipales\/","url":"https:\/\/diarioprincipios.com\/index.php\/2025\/10\/22\/mas-instituciones-de-berazategui-fueron-eximidas-de-pagar-sus-tasas-municipales\/","name":"M\u00e1s instituciones de Berazategui fueron eximidas de pagar sus tasas municipales - Principios","isPartOf":{"@id":"https:\/\/diarioprincipios.com\/#website"},"primaryImageOfPage":{"@id":"https:\/\/diarioprincipios.com\/index.php\/2025\/10\/22\/mas-instituciones-de-berazategui-fueron-eximidas-de-pagar-sus-tasas-municipales\/#primaryimage"},"image":{"@id":"https:\/\/diarioprincipios.com\/index.php\/2025\/10\/22\/mas-instituciones-de-berazategui-fueron-eximidas-de-pagar-sus-tasas-municipales\/#primaryimage"},"thumbnailUrl":"https:\/\/diarioprincipios.com\/wp-content\/uploads\/2025\/10\/Mas-instituciones-de-Berazategui-fueron-eximidas-de-pagar-sus-tasas-municipales-4.jpg","datePublished":"2025-10-22T11:44:18+00:00","dateModified":"2025-10-22T11:44:19+00:00","breadcrumb":{"@id":"https:\/\/diarioprincipios.com\/index.php\/2025\/10\/22\/mas-instituciones-de-berazategui-fueron-eximidas-de-pagar-sus-tasas-municipales\/#breadcrumb"},"inLanguage":"es","potentialAction":[{"@type":"ReadAction","target":["https:\/\/diarioprincipios.com\/index.php\/2025\/10\/22\/mas-instituciones-de-berazategui-fueron-eximidas-de-pagar-sus-tasas-municipales\/"]}]},{"@type":"ImageObject","inLanguage":"es","@id":"https:\/\/diarioprincipios.com\/index.php\/2025\/10\/22\/mas-instituciones-de-berazategui-fueron-eximidas-de-pagar-sus-tasas-municipales\/#primaryimage","url":"https:\/\/diarioprincipios.com\/wp-content\/uploads\/2025\/10\/Mas-instituciones-de-Berazategui-fueron-eximidas-de-pagar-sus-tasas-municipales-4.jpg","contentUrl":"https:\/\/diarioprincipios.com\/wp-content\/uploads\/2025\/10\/Mas-instituciones-de-Berazategui-fueron-eximidas-de-pagar-sus-tasas-municipales-4.jpg","width":1600,"height":1066},{"@type":"BreadcrumbList","@id":"https:\/\/diarioprincipios.com\/index.php\/2025\/10\/22\/mas-instituciones-de-berazategui-fueron-eximidas-de-pagar-sus-tasas-municipales\/#breadcrumb","itemListElement":[{"@type":"ListItem","position":1,"name":"Portada","item":"https:\/\/diarioprincipios.com\/"},{"@type":"ListItem","position":2,"name":"M\u00e1s instituciones de Berazategui fueron eximidas de pagar sus tasas municipales"}]},{"@type":"WebSite","@id":"https:\/\/diarioprincipios.com\/#website","url":"https:\/\/diarioprincipios.com\/","name":"Principios","description":"Principios Diario","publisher":{"@id":"https:\/\/diarioprincipios.com\/#organization"},"potentialAction":[{"@type":"SearchAction","target":{"@type":"EntryPoint","urlTemplate":"https:\/\/diarioprincipios.com\/?s={search_term_string}"},"query-input":{"@type":"PropertyValueSpecification","valueRequired":true,"valueName":"search_term_string"}}],"inLanguage":"es"},{"@type":"Organization","@id":"https:\/\/diarioprincipios.com\/#organization","name":"Principios","url":"https:\/\/diarioprincipios.com\/","logo":{"@type":"ImageObject","inLanguage":"es","@id":"https:\/\/diarioprincipios.com\/#\/schema\/logo\/image\/","url":"https:\/\/diarioprincipios.com\/wp-content\/uploads\/2024\/04\/cropped-www.diarioprincipios.com_-1.png","contentUrl":"https:\/\/diarioprincipios.com\/wp-content\/uploads\/2024\/04\/cropped-www.diarioprincipios.com_-1.png","width":5325,"height":1454,"caption":"Principios"},"image":{"@id":"https:\/\/diarioprincipios.com\/#\/schema\/logo\/image\/"}},{"@type":"Person","@id":"https:\/\/diarioprincipios.com\/#\/schema\/person\/436d5a1fd41a5e250e23ff5a6a7cb080","name":"Hern\u00e1n L\u00f3pez","image":{"@type":"ImageObject","inLanguage":"es","@id":"https:\/\/diarioprincipios.com\/wp-content\/litespeed\/avatar\/11ddfe5610ff3bd100522525b2571f48.jpg?ver=1777048341","url":"https:\/\/diarioprincipios.com\/wp-content\/litespeed\/avatar\/11ddfe5610ff3bd100522525b2571f48.jpg?ver=1777048341","contentUrl":"https:\/\/diarioprincipios.com\/wp-content\/litespeed\/avatar\/11ddfe5610ff3bd100522525b2571f48.jpg?ver=1777048341","caption":"Hern\u00e1n L\u00f3pez"},"url":"https:\/\/diarioprincipios.com\/index.php\/author\/hernan\/"}]}},"jetpack_featured_media_url":"https:\/\/diarioprincipios.com\/wp-content\/uploads\/2025\/10\/Mas-instituciones-de-Berazategui-fueron-eximidas-de-pagar-sus-tasas-municipales-4.jpg","_links":{"self":[{"href":"https:\/\/diarioprincipios.com\/index.php\/wp-json\/wp\/v2\/posts\/25677","targetHints":{"allow":["GET"]}}],"collection":[{"href":"https:\/\/diarioprincipios.com\/index.php\/wp-json\/wp\/v2\/posts"}],"about":[{"href":"https:\/\/diarioprincipios.com\/index.php\/wp-json\/wp\/v2\/types\/post"}],"author":[{"embeddable":true,"href":"https:\/\/diarioprincipios.com\/index.php\/wp-json\/wp\/v2\/users\/2"}],"replies":[{"embeddable":true,"href":"https:\/\/diarioprincipios.com\/index.php\/wp-json\/wp\/v2\/comments?post=25677"}],"version-history":[{"count":1,"href":"https:\/\/diarioprincipios.com\/index.php\/wp-json\/wp\/v2\/posts\/25677\/revisions"}],"predecessor-version":[{"id":25681,"href":"https:\/\/diarioprincipios.com\/index.php\/wp-json\/wp\/v2\/posts\/25677\/revisions\/25681"}],"wp:featuredmedia":[{"embeddable":true,"href":"https:\/\/diarioprincipios.com\/index.php\/wp-json\/wp\/v2\/media\/25680"}],"wp:attachment":[{"href":"https:\/\/diarioprincipios.com\/index.php\/wp-json\/wp\/v2\/media?parent=25677"}],"wp:term":[{"taxonomy":"category","embeddable":true,"href":"https:\/\/diarioprincipios.com\/index.php\/wp-json\/wp\/v2\/categories?post=25677"},{"taxonomy":"post_tag","embeddable":true,"href":"https:\/\/diarioprincipios.com\/index.php\/wp-json\/wp\/v2\/tags?post=25677"}],"curies":[{"name":"wp","href":"https:\/\/api.w.org\/{rel}","templated":true}]}}