{"id":25666,"date":"2025-10-21T10:05:19","date_gmt":"2025-10-21T13:05:19","guid":{"rendered":"https:\/\/diarioprincipios.com\/?p=25666"},"modified":"2025-10-21T10:05:19","modified_gmt":"2025-10-21T13:05:19","slug":"se-eligieron-las-nuevas-autoridades-de-la-universidad-nacional-de-quilmes","status":"publish","type":"post","link":"https:\/\/diarioprincipios.com\/index.php\/2025\/10\/21\/se-eligieron-las-nuevas-autoridades-de-la-universidad-nacional-de-quilmes\/","title":{"rendered":"Se eligieron las nuevas autoridades de la Universidad Nacional de Quilmes"},"content":{"rendered":"\n<p>El lunes 20 de octubre de 2025 la Asamblea Universitaria de la Universidad Nacional de Quilmes (UNQ) se reuni\u00f3 en sesi\u00f3n extraordinaria para elegir Rector\/a y Vicerrector\/a para el per\u00edodo 2025\/2029.<\/p>\n\n\n\n<p>En el Sal\u00f3n Auditorio \u00abNicol\u00e1s Casullo\u00bb, la Dra. Mar\u00eda Alejandra Zinni y el Mg. Daniel Fihman fueron designados como Rectora y Vicerrector, respectivamente, con 72 votos a favor de la f\u00f3rmula y 1 abstenci\u00f3n de los asamble\u00edstas.<\/p>\n\n\n\n<p>La Rectora y el Vicerrector electos asumir\u00e1n sus cargos el 10 de diciembre de 2025.<\/p>\n\n\n\n<p>En su discurso ante la Asamblea Universitaria, Zinni declar\u00f3: \u201cLa Universidad Nacional de Quilmes es un faro de conocimiento, de buena gente, de ampliaci\u00f3n de derechos, un faro en el territorio. Y si bien, como se dijo a lo largo de toda la asamblea, nos esperan tiempos dif\u00edciles, tenemos una hoja de ruta que se construy\u00f3 colectivamente: nuestra plataforma. No est\u00e1 cerrada y va a seguir en construcci\u00f3n porque vamos a gestionar con las puertas abiertas para pensar la Universidad del futuro\u00bb. Y concluy\u00f3 diciendo: \u00abLos invito y las invito a que se sumen a este desaf\u00edo de manera colectiva, a pensar la universidad que tenemos que construir y la que tenemos que dejar para las generaciones futuras\u00bb.<\/p>\n\n\n\n<p>Por su parte, Fihman se\u00f1al\u00f3: \u201cA partir del 10 de diciembre Alejandra y yo asumiremos nuevas tareas. Pero a partir de hoy, asumimos una responsabilidad colectiva: la de cuidar, fortalecer y proyectar este bien com\u00fan que es la Universidad Nacional de Quilmes.\u201d. Y agreg\u00f3: \u201cVivimos un contexto cr\u00edtico. El sistema universitario p\u00fablico atraviesa un proceso de desfinanciamiento y de ataques que buscan deslegitimar su funci\u00f3n social. Se deterioran los salarios de docentes y nodocentes, se restringen los fondos para infraestructura y mantenimiento de equipos e instalaciones, se desfinancian becas y programas de investigaci\u00f3n y extensi\u00f3n y se pretende reducir el alcance del derecho a la educaci\u00f3n superior. Frente a eso, nuestra respuesta ser\u00e1 la unidad, la firmeza y el trabajo colectivo\u201d.<\/p>\n\n\n\n<p>Sobre Zinni y Fihman<\/p>\n\n\n\n<p>Mar\u00eda Alejandra Zinni es Doctora en Ciencias B\u00e1sicas y Aplicadas de la UNQ, instituci\u00f3n en la que tambi\u00e9n obtuvo su t\u00edtulo de grado. Cuenta con m\u00e1s de 15 a\u00f1os de experiencia en gesti\u00f3n en Ciencia y Tecnolog\u00eda.<\/p>\n\n\n\n<p>Dirige el Programa de Investigaci\u00f3n denominado \u00abEstrategias de Ingenier\u00eda en Automatizaci\u00f3n, Computaci\u00f3n y Procesos Industriales aplicadas a la resoluci\u00f3n de problemas tecnol\u00f3gicos\u00bb, donde su l\u00ednea de investigaci\u00f3n es el dise\u00f1o y desarrollo de compuestos con actividad farmacol\u00f3gica utilizando estrategias computacionales. Adem\u00e1s, fue vocal de la Agencia de I+D+i hasta marzo de 2024 y Directora del Departamento de Ciencia y Tecnolog\u00eda de la UNQ.<\/p>\n\n\n\n<p>Actualmente, se desempe\u00f1a como Vicerrectora de la UNQ y Directora del Laboratorio de Farmacolog\u00eda computacional de la UNQ.<\/p>\n\n\n\n<p>Daniel Fihman es Mag\u00edster en Ciencias Sociales y Humanidades con orientaci\u00f3n en Pol\u00edtica y Gesti\u00f3n P\u00fablica por la UNQ, instituci\u00f3n en la que tambi\u00e9n obtuvo su t\u00edtulo de grado. Cuenta con m\u00e1s de veinte a\u00f1os de experiencia docente.<\/p>\n\n\n\n<p>Es investigador especializado en gesti\u00f3n de las personas y administraci\u00f3n p\u00fablica, y ha dirigido diversos proyectos de investigaci\u00f3n en estas \u00e1reas. En el sector p\u00fablico fue Secretario y Subsecretario en diversas carteras nacionales como la Jefatura de Gabinete de Ministros, el Ministerio de Justicia y DDHH, Ministerio del Interior y el Ministerio de Seguridad. Fue Secretario Econ\u00f3mico-Financiero del Consejo Interuniversitario Nacional (CIN), Secretario de Extensi\u00f3n Universitaria y Secretario Acad\u00e9mico de la UNQ.<\/p>\n\n\n\n<p>Actualmente, se desempe\u00f1a como Secretario General de la UNQ.<\/p>\n","protected":false},"excerpt":{"rendered":"<p>El lunes 20 de octubre de 2025 la Asamblea Universitaria de la Universidad Nacional de Quilmes (UNQ) se reuni\u00f3 en sesi\u00f3n extraordinaria para elegir Rector\/a y Vicerrector\/a para el per\u00edodo 2025\/2029. En el Sal\u00f3n Auditorio \u00abNicol\u00e1s Casullo\u00bb, la Dra. Mar\u00eda Alejandra Zinni y el Mg. Daniel Fihman fueron designados como Rectora y Vicerrector, respectivamente, con&#8230;<\/p>\n","protected":false},"author":2,"featured_media":25667,"comment_status":"open","ping_status":"open","sticky":false,"template":"","format":"standard","meta":{"footnotes":""},"categories":[19,17],"tags":[],"class_list":["post-25666","post","type-post","status-publish","format-standard","has-post-thumbnail","hentry","category-cultura-educacion","category-zona-sur"],"featured_image_src":"https:\/\/diarioprincipios.com\/wp-content\/uploads\/2025\/10\/RECTORES-04-901x1024.jpg","blog_images":{"medium":"https:\/\/diarioprincipios.com\/wp-content\/uploads\/2025\/10\/RECTORES-04-264x300.jpg","large":"https:\/\/diarioprincipios.com\/wp-content\/uploads\/2025\/10\/RECTORES-04-901x1024.jpg"},"ams_acf":[],"yoast_head":"<!-- This site is optimized with the Yoast SEO plugin v27.3 - https:\/\/yoast.com\/product\/yoast-seo-wordpress\/ -->\n<title>Se eligieron las nuevas autoridades de la Universidad Nacional de Quilmes - Principios<\/title>\n<meta name=\"robots\" content=\"index, follow, max-snippet:-1, max-image-preview:large, max-video-preview:-1\" \/>\n<link rel=\"canonical\" href=\"https:\/\/diarioprincipios.com\/index.php\/2025\/10\/21\/se-eligieron-las-nuevas-autoridades-de-la-universidad-nacional-de-quilmes\/\" \/>\n<meta property=\"og:locale\" content=\"es_ES\" \/>\n<meta property=\"og:type\" content=\"article\" \/>\n<meta property=\"og:title\" content=\"Se eligieron las nuevas autoridades de la Universidad Nacional de Quilmes - Principios\" \/>\n<meta property=\"og:description\" content=\"El lunes 20 de octubre de 2025 la Asamblea Universitaria de la Universidad Nacional de Quilmes (UNQ) se reuni\u00f3 en sesi\u00f3n extraordinaria para elegir Rector\/a y Vicerrector\/a para el per\u00edodo 2025\/2029. En el Sal\u00f3n Auditorio \u00abNicol\u00e1s Casullo\u00bb, la Dra. Mar\u00eda Alejandra Zinni y el Mg. Daniel Fihman fueron designados como Rectora y Vicerrector, respectivamente, con...\" \/>\n<meta property=\"og:url\" content=\"https:\/\/diarioprincipios.com\/index.php\/2025\/10\/21\/se-eligieron-las-nuevas-autoridades-de-la-universidad-nacional-de-quilmes\/\" \/>\n<meta property=\"og:site_name\" content=\"Principios\" \/>\n<meta property=\"article:published_time\" content=\"2025-10-21T13:05:19+00:00\" \/>\n<meta property=\"og:image\" content=\"https:\/\/diarioprincipios.com\/wp-content\/uploads\/2025\/10\/RECTORES-04.jpg\" \/>\n\t<meta property=\"og:image:width\" content=\"1044\" \/>\n\t<meta property=\"og:image:height\" content=\"1186\" \/>\n\t<meta property=\"og:image:type\" content=\"image\/jpeg\" \/>\n<meta name=\"author\" content=\"Hern\u00e1n L\u00f3pez\" \/>\n<meta name=\"twitter:card\" content=\"summary_large_image\" \/>\n<meta name=\"twitter:label1\" content=\"Escrito por\" \/>\n\t<meta name=\"twitter:data1\" content=\"Hern\u00e1n L\u00f3pez\" \/>\n\t<meta name=\"twitter:label2\" content=\"Tiempo de lectura\" \/>\n\t<meta name=\"twitter:data2\" content=\"3 minutos\" \/>\n<script type=\"application\/ld+json\" class=\"yoast-schema-graph\">{\"@context\":\"https:\\\/\\\/schema.org\",\"@graph\":[{\"@type\":\"Article\",\"@id\":\"https:\\\/\\\/diarioprincipios.com\\\/index.php\\\/2025\\\/10\\\/21\\\/se-eligieron-las-nuevas-autoridades-de-la-universidad-nacional-de-quilmes\\\/#article\",\"isPartOf\":{\"@id\":\"https:\\\/\\\/diarioprincipios.com\\\/index.php\\\/2025\\\/10\\\/21\\\/se-eligieron-las-nuevas-autoridades-de-la-universidad-nacional-de-quilmes\\\/\"},\"author\":{\"name\":\"Hern\u00e1n L\u00f3pez\",\"@id\":\"https:\\\/\\\/diarioprincipios.com\\\/#\\\/schema\\\/person\\\/436d5a1fd41a5e250e23ff5a6a7cb080\"},\"headline\":\"Se eligieron las nuevas autoridades de la Universidad Nacional de Quilmes\",\"datePublished\":\"2025-10-21T13:05:19+00:00\",\"mainEntityOfPage\":{\"@id\":\"https:\\\/\\\/diarioprincipios.com\\\/index.php\\\/2025\\\/10\\\/21\\\/se-eligieron-las-nuevas-autoridades-de-la-universidad-nacional-de-quilmes\\\/\"},\"wordCount\":631,\"commentCount\":0,\"publisher\":{\"@id\":\"https:\\\/\\\/diarioprincipios.com\\\/#organization\"},\"image\":{\"@id\":\"https:\\\/\\\/diarioprincipios.com\\\/index.php\\\/2025\\\/10\\\/21\\\/se-eligieron-las-nuevas-autoridades-de-la-universidad-nacional-de-quilmes\\\/#primaryimage\"},\"thumbnailUrl\":\"https:\\\/\\\/diarioprincipios.com\\\/wp-content\\\/uploads\\\/2025\\\/10\\\/RECTORES-04.jpg\",\"articleSection\":[\"Cultura y Educaci\u00f3n\",\"Zonar Sur\"],\"inLanguage\":\"es\",\"potentialAction\":[{\"@type\":\"CommentAction\",\"name\":\"Comment\",\"target\":[\"https:\\\/\\\/diarioprincipios.com\\\/index.php\\\/2025\\\/10\\\/21\\\/se-eligieron-las-nuevas-autoridades-de-la-universidad-nacional-de-quilmes\\\/#respond\"]}]},{\"@type\":\"WebPage\",\"@id\":\"https:\\\/\\\/diarioprincipios.com\\\/index.php\\\/2025\\\/10\\\/21\\\/se-eligieron-las-nuevas-autoridades-de-la-universidad-nacional-de-quilmes\\\/\",\"url\":\"https:\\\/\\\/diarioprincipios.com\\\/index.php\\\/2025\\\/10\\\/21\\\/se-eligieron-las-nuevas-autoridades-de-la-universidad-nacional-de-quilmes\\\/\",\"name\":\"Se eligieron las nuevas autoridades de la Universidad Nacional de Quilmes - Principios\",\"isPartOf\":{\"@id\":\"https:\\\/\\\/diarioprincipios.com\\\/#website\"},\"primaryImageOfPage\":{\"@id\":\"https:\\\/\\\/diarioprincipios.com\\\/index.php\\\/2025\\\/10\\\/21\\\/se-eligieron-las-nuevas-autoridades-de-la-universidad-nacional-de-quilmes\\\/#primaryimage\"},\"image\":{\"@id\":\"https:\\\/\\\/diarioprincipios.com\\\/index.php\\\/2025\\\/10\\\/21\\\/se-eligieron-las-nuevas-autoridades-de-la-universidad-nacional-de-quilmes\\\/#primaryimage\"},\"thumbnailUrl\":\"https:\\\/\\\/diarioprincipios.com\\\/wp-content\\\/uploads\\\/2025\\\/10\\\/RECTORES-04.jpg\",\"datePublished\":\"2025-10-21T13:05:19+00:00\",\"breadcrumb\":{\"@id\":\"https:\\\/\\\/diarioprincipios.com\\\/index.php\\\/2025\\\/10\\\/21\\\/se-eligieron-las-nuevas-autoridades-de-la-universidad-nacional-de-quilmes\\\/#breadcrumb\"},\"inLanguage\":\"es\",\"potentialAction\":[{\"@type\":\"ReadAction\",\"target\":[\"https:\\\/\\\/diarioprincipios.com\\\/index.php\\\/2025\\\/10\\\/21\\\/se-eligieron-las-nuevas-autoridades-de-la-universidad-nacional-de-quilmes\\\/\"]}]},{\"@type\":\"ImageObject\",\"inLanguage\":\"es\",\"@id\":\"https:\\\/\\\/diarioprincipios.com\\\/index.php\\\/2025\\\/10\\\/21\\\/se-eligieron-las-nuevas-autoridades-de-la-universidad-nacional-de-quilmes\\\/#primaryimage\",\"url\":\"https:\\\/\\\/diarioprincipios.com\\\/wp-content\\\/uploads\\\/2025\\\/10\\\/RECTORES-04.jpg\",\"contentUrl\":\"https:\\\/\\\/diarioprincipios.com\\\/wp-content\\\/uploads\\\/2025\\\/10\\\/RECTORES-04.jpg\",\"width\":1044,\"height\":1186,\"caption\":\"Flyer UNQ x 4_CURVAS (1)\"},{\"@type\":\"BreadcrumbList\",\"@id\":\"https:\\\/\\\/diarioprincipios.com\\\/index.php\\\/2025\\\/10\\\/21\\\/se-eligieron-las-nuevas-autoridades-de-la-universidad-nacional-de-quilmes\\\/#breadcrumb\",\"itemListElement\":[{\"@type\":\"ListItem\",\"position\":1,\"name\":\"Portada\",\"item\":\"https:\\\/\\\/diarioprincipios.com\\\/\"},{\"@type\":\"ListItem\",\"position\":2,\"name\":\"Se eligieron las nuevas autoridades de la Universidad Nacional de Quilmes\"}]},{\"@type\":\"WebSite\",\"@id\":\"https:\\\/\\\/diarioprincipios.com\\\/#website\",\"url\":\"https:\\\/\\\/diarioprincipios.com\\\/\",\"name\":\"Principios\",\"description\":\"Principios Diario\",\"publisher\":{\"@id\":\"https:\\\/\\\/diarioprincipios.com\\\/#organization\"},\"potentialAction\":[{\"@type\":\"SearchAction\",\"target\":{\"@type\":\"EntryPoint\",\"urlTemplate\":\"https:\\\/\\\/diarioprincipios.com\\\/?s={search_term_string}\"},\"query-input\":{\"@type\":\"PropertyValueSpecification\",\"valueRequired\":true,\"valueName\":\"search_term_string\"}}],\"inLanguage\":\"es\"},{\"@type\":\"Organization\",\"@id\":\"https:\\\/\\\/diarioprincipios.com\\\/#organization\",\"name\":\"Principios\",\"url\":\"https:\\\/\\\/diarioprincipios.com\\\/\",\"logo\":{\"@type\":\"ImageObject\",\"inLanguage\":\"es\",\"@id\":\"https:\\\/\\\/diarioprincipios.com\\\/#\\\/schema\\\/logo\\\/image\\\/\",\"url\":\"https:\\\/\\\/diarioprincipios.com\\\/wp-content\\\/uploads\\\/2024\\\/04\\\/cropped-www.diarioprincipios.com_-1.png\",\"contentUrl\":\"https:\\\/\\\/diarioprincipios.com\\\/wp-content\\\/uploads\\\/2024\\\/04\\\/cropped-www.diarioprincipios.com_-1.png\",\"width\":5325,\"height\":1454,\"caption\":\"Principios\"},\"image\":{\"@id\":\"https:\\\/\\\/diarioprincipios.com\\\/#\\\/schema\\\/logo\\\/image\\\/\"}},{\"@type\":\"Person\",\"@id\":\"https:\\\/\\\/diarioprincipios.com\\\/#\\\/schema\\\/person\\\/436d5a1fd41a5e250e23ff5a6a7cb080\",\"name\":\"Hern\u00e1n L\u00f3pez\",\"image\":{\"@type\":\"ImageObject\",\"inLanguage\":\"es\",\"@id\":\"https:\\\/\\\/diarioprincipios.com\\\/wp-content\\\/litespeed\\\/avatar\\\/11ddfe5610ff3bd100522525b2571f48.jpg?ver=1777048341\",\"url\":\"https:\\\/\\\/diarioprincipios.com\\\/wp-content\\\/litespeed\\\/avatar\\\/11ddfe5610ff3bd100522525b2571f48.jpg?ver=1777048341\",\"contentUrl\":\"https:\\\/\\\/diarioprincipios.com\\\/wp-content\\\/litespeed\\\/avatar\\\/11ddfe5610ff3bd100522525b2571f48.jpg?ver=1777048341\",\"caption\":\"Hern\u00e1n L\u00f3pez\"},\"url\":\"https:\\\/\\\/diarioprincipios.com\\\/index.php\\\/author\\\/hernan\\\/\"}]}<\/script>\n<!-- \/ Yoast SEO plugin. -->","yoast_head_json":{"title":"Se eligieron las nuevas autoridades de la Universidad Nacional de Quilmes - Principios","robots":{"index":"index","follow":"follow","max-snippet":"max-snippet:-1","max-image-preview":"max-image-preview:large","max-video-preview":"max-video-preview:-1"},"canonical":"https:\/\/diarioprincipios.com\/index.php\/2025\/10\/21\/se-eligieron-las-nuevas-autoridades-de-la-universidad-nacional-de-quilmes\/","og_locale":"es_ES","og_type":"article","og_title":"Se eligieron las nuevas autoridades de la Universidad Nacional de Quilmes - Principios","og_description":"El lunes 20 de octubre de 2025 la Asamblea Universitaria de la Universidad Nacional de Quilmes (UNQ) se reuni\u00f3 en sesi\u00f3n extraordinaria para elegir Rector\/a y Vicerrector\/a para el per\u00edodo 2025\/2029. En el Sal\u00f3n Auditorio \u00abNicol\u00e1s Casullo\u00bb, la Dra. Mar\u00eda Alejandra Zinni y el Mg. Daniel Fihman fueron designados como Rectora y Vicerrector, respectivamente, con...","og_url":"https:\/\/diarioprincipios.com\/index.php\/2025\/10\/21\/se-eligieron-las-nuevas-autoridades-de-la-universidad-nacional-de-quilmes\/","og_site_name":"Principios","article_published_time":"2025-10-21T13:05:19+00:00","og_image":[{"width":1044,"height":1186,"url":"https:\/\/diarioprincipios.com\/wp-content\/uploads\/2025\/10\/RECTORES-04.jpg","type":"image\/jpeg"}],"author":"Hern\u00e1n L\u00f3pez","twitter_card":"summary_large_image","twitter_misc":{"Escrito por":"Hern\u00e1n L\u00f3pez","Tiempo de lectura":"3 minutos"},"schema":{"@context":"https:\/\/schema.org","@graph":[{"@type":"Article","@id":"https:\/\/diarioprincipios.com\/index.php\/2025\/10\/21\/se-eligieron-las-nuevas-autoridades-de-la-universidad-nacional-de-quilmes\/#article","isPartOf":{"@id":"https:\/\/diarioprincipios.com\/index.php\/2025\/10\/21\/se-eligieron-las-nuevas-autoridades-de-la-universidad-nacional-de-quilmes\/"},"author":{"name":"Hern\u00e1n L\u00f3pez","@id":"https:\/\/diarioprincipios.com\/#\/schema\/person\/436d5a1fd41a5e250e23ff5a6a7cb080"},"headline":"Se eligieron las nuevas autoridades de la Universidad Nacional de Quilmes","datePublished":"2025-10-21T13:05:19+00:00","mainEntityOfPage":{"@id":"https:\/\/diarioprincipios.com\/index.php\/2025\/10\/21\/se-eligieron-las-nuevas-autoridades-de-la-universidad-nacional-de-quilmes\/"},"wordCount":631,"commentCount":0,"publisher":{"@id":"https:\/\/diarioprincipios.com\/#organization"},"image":{"@id":"https:\/\/diarioprincipios.com\/index.php\/2025\/10\/21\/se-eligieron-las-nuevas-autoridades-de-la-universidad-nacional-de-quilmes\/#primaryimage"},"thumbnailUrl":"https:\/\/diarioprincipios.com\/wp-content\/uploads\/2025\/10\/RECTORES-04.jpg","articleSection":["Cultura y Educaci\u00f3n","Zonar Sur"],"inLanguage":"es","potentialAction":[{"@type":"CommentAction","name":"Comment","target":["https:\/\/diarioprincipios.com\/index.php\/2025\/10\/21\/se-eligieron-las-nuevas-autoridades-de-la-universidad-nacional-de-quilmes\/#respond"]}]},{"@type":"WebPage","@id":"https:\/\/diarioprincipios.com\/index.php\/2025\/10\/21\/se-eligieron-las-nuevas-autoridades-de-la-universidad-nacional-de-quilmes\/","url":"https:\/\/diarioprincipios.com\/index.php\/2025\/10\/21\/se-eligieron-las-nuevas-autoridades-de-la-universidad-nacional-de-quilmes\/","name":"Se eligieron las nuevas autoridades de la Universidad Nacional de Quilmes - Principios","isPartOf":{"@id":"https:\/\/diarioprincipios.com\/#website"},"primaryImageOfPage":{"@id":"https:\/\/diarioprincipios.com\/index.php\/2025\/10\/21\/se-eligieron-las-nuevas-autoridades-de-la-universidad-nacional-de-quilmes\/#primaryimage"},"image":{"@id":"https:\/\/diarioprincipios.com\/index.php\/2025\/10\/21\/se-eligieron-las-nuevas-autoridades-de-la-universidad-nacional-de-quilmes\/#primaryimage"},"thumbnailUrl":"https:\/\/diarioprincipios.com\/wp-content\/uploads\/2025\/10\/RECTORES-04.jpg","datePublished":"2025-10-21T13:05:19+00:00","breadcrumb":{"@id":"https:\/\/diarioprincipios.com\/index.php\/2025\/10\/21\/se-eligieron-las-nuevas-autoridades-de-la-universidad-nacional-de-quilmes\/#breadcrumb"},"inLanguage":"es","potentialAction":[{"@type":"ReadAction","target":["https:\/\/diarioprincipios.com\/index.php\/2025\/10\/21\/se-eligieron-las-nuevas-autoridades-de-la-universidad-nacional-de-quilmes\/"]}]},{"@type":"ImageObject","inLanguage":"es","@id":"https:\/\/diarioprincipios.com\/index.php\/2025\/10\/21\/se-eligieron-las-nuevas-autoridades-de-la-universidad-nacional-de-quilmes\/#primaryimage","url":"https:\/\/diarioprincipios.com\/wp-content\/uploads\/2025\/10\/RECTORES-04.jpg","contentUrl":"https:\/\/diarioprincipios.com\/wp-content\/uploads\/2025\/10\/RECTORES-04.jpg","width":1044,"height":1186,"caption":"Flyer UNQ x 4_CURVAS (1)"},{"@type":"BreadcrumbList","@id":"https:\/\/diarioprincipios.com\/index.php\/2025\/10\/21\/se-eligieron-las-nuevas-autoridades-de-la-universidad-nacional-de-quilmes\/#breadcrumb","itemListElement":[{"@type":"ListItem","position":1,"name":"Portada","item":"https:\/\/diarioprincipios.com\/"},{"@type":"ListItem","position":2,"name":"Se eligieron las nuevas autoridades de la Universidad Nacional de Quilmes"}]},{"@type":"WebSite","@id":"https:\/\/diarioprincipios.com\/#website","url":"https:\/\/diarioprincipios.com\/","name":"Principios","description":"Principios Diario","publisher":{"@id":"https:\/\/diarioprincipios.com\/#organization"},"potentialAction":[{"@type":"SearchAction","target":{"@type":"EntryPoint","urlTemplate":"https:\/\/diarioprincipios.com\/?s={search_term_string}"},"query-input":{"@type":"PropertyValueSpecification","valueRequired":true,"valueName":"search_term_string"}}],"inLanguage":"es"},{"@type":"Organization","@id":"https:\/\/diarioprincipios.com\/#organization","name":"Principios","url":"https:\/\/diarioprincipios.com\/","logo":{"@type":"ImageObject","inLanguage":"es","@id":"https:\/\/diarioprincipios.com\/#\/schema\/logo\/image\/","url":"https:\/\/diarioprincipios.com\/wp-content\/uploads\/2024\/04\/cropped-www.diarioprincipios.com_-1.png","contentUrl":"https:\/\/diarioprincipios.com\/wp-content\/uploads\/2024\/04\/cropped-www.diarioprincipios.com_-1.png","width":5325,"height":1454,"caption":"Principios"},"image":{"@id":"https:\/\/diarioprincipios.com\/#\/schema\/logo\/image\/"}},{"@type":"Person","@id":"https:\/\/diarioprincipios.com\/#\/schema\/person\/436d5a1fd41a5e250e23ff5a6a7cb080","name":"Hern\u00e1n L\u00f3pez","image":{"@type":"ImageObject","inLanguage":"es","@id":"https:\/\/diarioprincipios.com\/wp-content\/litespeed\/avatar\/11ddfe5610ff3bd100522525b2571f48.jpg?ver=1777048341","url":"https:\/\/diarioprincipios.com\/wp-content\/litespeed\/avatar\/11ddfe5610ff3bd100522525b2571f48.jpg?ver=1777048341","contentUrl":"https:\/\/diarioprincipios.com\/wp-content\/litespeed\/avatar\/11ddfe5610ff3bd100522525b2571f48.jpg?ver=1777048341","caption":"Hern\u00e1n L\u00f3pez"},"url":"https:\/\/diarioprincipios.com\/index.php\/author\/hernan\/"}]}},"jetpack_featured_media_url":"https:\/\/diarioprincipios.com\/wp-content\/uploads\/2025\/10\/RECTORES-04.jpg","_links":{"self":[{"href":"https:\/\/diarioprincipios.com\/index.php\/wp-json\/wp\/v2\/posts\/25666","targetHints":{"allow":["GET"]}}],"collection":[{"href":"https:\/\/diarioprincipios.com\/index.php\/wp-json\/wp\/v2\/posts"}],"about":[{"href":"https:\/\/diarioprincipios.com\/index.php\/wp-json\/wp\/v2\/types\/post"}],"author":[{"embeddable":true,"href":"https:\/\/diarioprincipios.com\/index.php\/wp-json\/wp\/v2\/users\/2"}],"replies":[{"embeddable":true,"href":"https:\/\/diarioprincipios.com\/index.php\/wp-json\/wp\/v2\/comments?post=25666"}],"version-history":[{"count":1,"href":"https:\/\/diarioprincipios.com\/index.php\/wp-json\/wp\/v2\/posts\/25666\/revisions"}],"predecessor-version":[{"id":25668,"href":"https:\/\/diarioprincipios.com\/index.php\/wp-json\/wp\/v2\/posts\/25666\/revisions\/25668"}],"wp:featuredmedia":[{"embeddable":true,"href":"https:\/\/diarioprincipios.com\/index.php\/wp-json\/wp\/v2\/media\/25667"}],"wp:attachment":[{"href":"https:\/\/diarioprincipios.com\/index.php\/wp-json\/wp\/v2\/media?parent=25666"}],"wp:term":[{"taxonomy":"category","embeddable":true,"href":"https:\/\/diarioprincipios.com\/index.php\/wp-json\/wp\/v2\/categories?post=25666"},{"taxonomy":"post_tag","embeddable":true,"href":"https:\/\/diarioprincipios.com\/index.php\/wp-json\/wp\/v2\/tags?post=25666"}],"curies":[{"name":"wp","href":"https:\/\/api.w.org\/{rel}","templated":true}]}}