{"id":25653,"date":"2025-10-20T14:09:49","date_gmt":"2025-10-20T17:09:49","guid":{"rendered":"https:\/\/diarioprincipios.com\/?p=25653"},"modified":"2025-10-20T14:09:50","modified_gmt":"2025-10-20T17:09:50","slug":"el-gobierno-provincial-quemo-casi-1-500-kilos-de-droga","status":"publish","type":"post","link":"https:\/\/diarioprincipios.com\/index.php\/2025\/10\/20\/el-gobierno-provincial-quemo-casi-1-500-kilos-de-droga\/","title":{"rendered":"El Gobierno provincial quem\u00f3 casi 1.500 kilos de droga\u00a0"},"content":{"rendered":"\n<p><strong>A trav\u00e9s de un acto encabezado por el ministro de Seguridad de la provincia de Buenos Aires, Javier Alonso; junto a los intendentes de Berazategui, Juan Jos\u00e9 Mussi; y de Florencio Varela, Andr\u00e9s Watson, se realiz\u00f3 la quema de una importante cantidad de estupefacientes secuestrados por la polic\u00eda, en el marco de diferentes operativos en territorio bonaerense.\u00a0<\/strong><\/p>\n\n\n\n<figure class=\"wp-block-image size-large\"><img loading=\"lazy\" decoding=\"async\" width=\"1024\" height=\"683\" src=\"https:\/\/diarioprincipios.com\/wp-content\/uploads\/2025\/10\/Berazategui-El-Gobierno-provincial-quemo-casi-1_500-kilos-de-droga-4-1024x683.jpg\" alt=\"\" class=\"wp-image-25654\" srcset=\"https:\/\/diarioprincipios.com\/wp-content\/uploads\/2025\/10\/Berazategui-El-Gobierno-provincial-quemo-casi-1_500-kilos-de-droga-4-1024x683.jpg 1024w, https:\/\/diarioprincipios.com\/wp-content\/uploads\/2025\/10\/Berazategui-El-Gobierno-provincial-quemo-casi-1_500-kilos-de-droga-4-300x200.jpg 300w, https:\/\/diarioprincipios.com\/wp-content\/uploads\/2025\/10\/Berazategui-El-Gobierno-provincial-quemo-casi-1_500-kilos-de-droga-4-768x512.jpg 768w, https:\/\/diarioprincipios.com\/wp-content\/uploads\/2025\/10\/Berazategui-El-Gobierno-provincial-quemo-casi-1_500-kilos-de-droga-4-1536x1024.jpg 1536w, https:\/\/diarioprincipios.com\/wp-content\/uploads\/2025\/10\/Berazategui-El-Gobierno-provincial-quemo-casi-1_500-kilos-de-droga-4-600x400.jpg 600w, https:\/\/diarioprincipios.com\/wp-content\/uploads\/2025\/10\/Berazategui-El-Gobierno-provincial-quemo-casi-1_500-kilos-de-droga-4.jpg 1920w\" sizes=\"auto, (max-width: 1024px) 100vw, 1024px\" \/><\/figure>\n\n\n\n<p><br>Durante el procedimiento, fueron incinerados 120 kilogramos de coca\u00edna y m\u00e1s de 1.300 kilogramos de marihuana en el horno crematorio del Cementerio Parque Municipal de Berazategui, sede elegida debido a sus favorables condiciones edilicias.\u00a0\u201cNos encontramos llevando adelante un oficio del Poder Judicial, en el que se nos solicita quemar esta significativa cantidad de estupefacientes que logramos incautar en el marco de dos causas principales: la de un gran cargamento de droga que de Escobar lleg\u00f3 hasta La Plata; y la de una banda que operaba en el Bajo Flores y que suministra droga a toda esta regi\u00f3n. Esto lo pudimos detectar gracias al gran trabajo de identificaci\u00f3n realizado por la Polic\u00eda de Berazategui\u201d, explic\u00f3 Javier Alonso durante el operativo.\u00a0<\/p>\n\n\n\n<figure class=\"wp-block-image size-large\"><img loading=\"lazy\" decoding=\"async\" width=\"1024\" height=\"683\" src=\"https:\/\/diarioprincipios.com\/wp-content\/uploads\/2025\/10\/Berazategui-El-Gobierno-provincial-quemo-casi-1_500-kilos-de-droga-5-1024x683.jpg\" alt=\"\" class=\"wp-image-25655\" srcset=\"https:\/\/diarioprincipios.com\/wp-content\/uploads\/2025\/10\/Berazategui-El-Gobierno-provincial-quemo-casi-1_500-kilos-de-droga-5-1024x683.jpg 1024w, https:\/\/diarioprincipios.com\/wp-content\/uploads\/2025\/10\/Berazategui-El-Gobierno-provincial-quemo-casi-1_500-kilos-de-droga-5-300x200.jpg 300w, https:\/\/diarioprincipios.com\/wp-content\/uploads\/2025\/10\/Berazategui-El-Gobierno-provincial-quemo-casi-1_500-kilos-de-droga-5-768x512.jpg 768w, https:\/\/diarioprincipios.com\/wp-content\/uploads\/2025\/10\/Berazategui-El-Gobierno-provincial-quemo-casi-1_500-kilos-de-droga-5-1536x1024.jpg 1536w, https:\/\/diarioprincipios.com\/wp-content\/uploads\/2025\/10\/Berazategui-El-Gobierno-provincial-quemo-casi-1_500-kilos-de-droga-5-600x400.jpg 600w, https:\/\/diarioprincipios.com\/wp-content\/uploads\/2025\/10\/Berazategui-El-Gobierno-provincial-quemo-casi-1_500-kilos-de-droga-5.jpg 1920w\" sizes=\"auto, (max-width: 1024px) 100vw, 1024px\" \/><\/figure>\n\n\n\n<p><br>En este sentido, el Ministro de Seguridad bonaerense destac\u00f3 el permanente acompa\u00f1amiento de los intendentes Juan Jos\u00e9 Mussi y Andr\u00e9s Watson. \u201cEllos, que hoy est\u00e1n aqu\u00ed presentes, nos apoyan much\u00edsimo en esta lucha contra la inseguridad que encabeza el gobernador Axel Kicillof. Tal es as\u00ed que la provincia de Buenos Aires registra, actualmente, la menor tasa de homicidios de toda su historia. Sin dudas, estamos llevando adelante una tarea muy importante, gracias al esfuerzo y el trabajo conjunto de la Polic\u00eda de la Provincia y de todos los intendentes, con sus c\u00e1maras y sus patrullas municipales\u201d.\u00a0<\/p>\n\n\n\n<figure class=\"wp-block-image size-full\"><img loading=\"lazy\" decoding=\"async\" width=\"978\" height=\"652\" src=\"https:\/\/diarioprincipios.com\/wp-content\/uploads\/2025\/10\/Berazategui-El-Gobierno-provincial-quemo-casi-1_500-kilos-de-droga-3.jpg\" alt=\"\" class=\"wp-image-25656\" srcset=\"https:\/\/diarioprincipios.com\/wp-content\/uploads\/2025\/10\/Berazategui-El-Gobierno-provincial-quemo-casi-1_500-kilos-de-droga-3.jpg 978w, https:\/\/diarioprincipios.com\/wp-content\/uploads\/2025\/10\/Berazategui-El-Gobierno-provincial-quemo-casi-1_500-kilos-de-droga-3-300x200.jpg 300w, https:\/\/diarioprincipios.com\/wp-content\/uploads\/2025\/10\/Berazategui-El-Gobierno-provincial-quemo-casi-1_500-kilos-de-droga-3-768x512.jpg 768w, https:\/\/diarioprincipios.com\/wp-content\/uploads\/2025\/10\/Berazategui-El-Gobierno-provincial-quemo-casi-1_500-kilos-de-droga-3-600x400.jpg 600w\" sizes=\"auto, (max-width: 978px) 100vw, 978px\" \/><\/figure>\n\n\n\n<p><br>Finalmente, Alonso indic\u00f3: \u201cY todo esto lo hemos logrado sin un solo gendarme en el Conurbano. Pero necesitamos que el Gobierno nacional le devuelva a la Provincia los 750.000 millones de pesos por a\u00f1o que nos ha quitado; y que tambi\u00e9n invierta en las Fuerzas Federales, estableciendo una clara estrategia contra el narcotr\u00e1fico. Porque la droga es un veneno que mata a nuestros pibes y llena de violencia a nuestros barrios. Por eso, toda la droga que podamos incautar en nuestros operativos y destruirla, como estamos haciendo en este momento, nos sirve para llevar paz para todos los y las bonaerenses\u201d.\u00a0<br>Tambi\u00e9n estuvieron presentes el subsecretario de Fiscalizaci\u00f3n y Control Policial del Ministerio de Seguridad de la Provincia, Andr\u00e9s Escudero; el jefe departamental de Berazategui, Comisario Mayor Javier Garro; y el secretario de Control Urbano local, Marcelo Sieczka, junto a otros integrantes del Gabinete municipal de Berazategui y de Florencio Varela.\u00a0<\/p>\n","protected":false},"excerpt":{"rendered":"<p>A trav\u00e9s de un acto encabezado por el ministro de Seguridad de la provincia de Buenos Aires, Javier Alonso; junto a los intendentes de Berazategui, Juan Jos\u00e9 Mussi; y de Florencio Varela, Andr\u00e9s Watson, se realiz\u00f3 la quema de una importante cantidad de estupefacientes secuestrados por la polic\u00eda, en el marco de diferentes operativos en&#8230;<\/p>\n","protected":false},"author":2,"featured_media":25657,"comment_status":"open","ping_status":"open","sticky":false,"template":"","format":"standard","meta":{"footnotes":""},"categories":[3,7],"tags":[],"class_list":["post-25653","post","type-post","status-publish","format-standard","has-post-thumbnail","hentry","category-berazategui","category-provincia"],"featured_image_src":"https:\/\/diarioprincipios.com\/wp-content\/uploads\/2025\/10\/Berazategui-El-Gobierno-provincial-quemo-casi-1_500-kilos-de-droga-1-1024x683.jpg","blog_images":{"medium":"https:\/\/diarioprincipios.com\/wp-content\/uploads\/2025\/10\/Berazategui-El-Gobierno-provincial-quemo-casi-1_500-kilos-de-droga-1-300x200.jpg","large":"https:\/\/diarioprincipios.com\/wp-content\/uploads\/2025\/10\/Berazategui-El-Gobierno-provincial-quemo-casi-1_500-kilos-de-droga-1-1024x683.jpg"},"ams_acf":[],"yoast_head":"<!-- This site is optimized with the Yoast SEO plugin v27.3 - https:\/\/yoast.com\/product\/yoast-seo-wordpress\/ -->\n<title>El Gobierno provincial quem\u00f3 casi 1.500 kilos de droga\u00a0 - Principios<\/title>\n<meta name=\"robots\" content=\"index, follow, max-snippet:-1, max-image-preview:large, max-video-preview:-1\" \/>\n<link rel=\"canonical\" href=\"https:\/\/diarioprincipios.com\/index.php\/2025\/10\/20\/el-gobierno-provincial-quemo-casi-1-500-kilos-de-droga\/\" \/>\n<meta property=\"og:locale\" content=\"es_ES\" \/>\n<meta property=\"og:type\" content=\"article\" \/>\n<meta property=\"og:title\" content=\"El Gobierno provincial quem\u00f3 casi 1.500 kilos de droga\u00a0 - Principios\" \/>\n<meta property=\"og:description\" content=\"A trav\u00e9s de un acto encabezado por el ministro de Seguridad de la provincia de Buenos Aires, Javier Alonso; junto a los intendentes de Berazategui, Juan Jos\u00e9 Mussi; y de Florencio Varela, Andr\u00e9s Watson, se realiz\u00f3 la quema de una importante cantidad de estupefacientes secuestrados por la polic\u00eda, en el marco de diferentes operativos en...\" \/>\n<meta property=\"og:url\" content=\"https:\/\/diarioprincipios.com\/index.php\/2025\/10\/20\/el-gobierno-provincial-quemo-casi-1-500-kilos-de-droga\/\" \/>\n<meta property=\"og:site_name\" content=\"Principios\" \/>\n<meta property=\"article:published_time\" content=\"2025-10-20T17:09:49+00:00\" \/>\n<meta property=\"article:modified_time\" content=\"2025-10-20T17:09:50+00:00\" \/>\n<meta property=\"og:image\" content=\"https:\/\/diarioprincipios.com\/wp-content\/uploads\/2025\/10\/Berazategui-El-Gobierno-provincial-quemo-casi-1_500-kilos-de-droga-1.jpg\" \/>\n\t<meta property=\"og:image:width\" content=\"1920\" \/>\n\t<meta property=\"og:image:height\" content=\"1280\" \/>\n\t<meta property=\"og:image:type\" content=\"image\/jpeg\" \/>\n<meta name=\"author\" content=\"Hern\u00e1n L\u00f3pez\" \/>\n<meta name=\"twitter:card\" content=\"summary_large_image\" \/>\n<meta name=\"twitter:label1\" content=\"Escrito por\" \/>\n\t<meta name=\"twitter:data1\" content=\"Hern\u00e1n L\u00f3pez\" \/>\n\t<meta name=\"twitter:label2\" content=\"Tiempo de lectura\" \/>\n\t<meta name=\"twitter:data2\" content=\"3 minutos\" \/>\n<script type=\"application\/ld+json\" class=\"yoast-schema-graph\">{\"@context\":\"https:\\\/\\\/schema.org\",\"@graph\":[{\"@type\":\"Article\",\"@id\":\"https:\\\/\\\/diarioprincipios.com\\\/index.php\\\/2025\\\/10\\\/20\\\/el-gobierno-provincial-quemo-casi-1-500-kilos-de-droga\\\/#article\",\"isPartOf\":{\"@id\":\"https:\\\/\\\/diarioprincipios.com\\\/index.php\\\/2025\\\/10\\\/20\\\/el-gobierno-provincial-quemo-casi-1-500-kilos-de-droga\\\/\"},\"author\":{\"name\":\"Hern\u00e1n L\u00f3pez\",\"@id\":\"https:\\\/\\\/diarioprincipios.com\\\/#\\\/schema\\\/person\\\/436d5a1fd41a5e250e23ff5a6a7cb080\"},\"headline\":\"El Gobierno provincial quem\u00f3 casi 1.500 kilos de droga\u00a0\",\"datePublished\":\"2025-10-20T17:09:49+00:00\",\"dateModified\":\"2025-10-20T17:09:50+00:00\",\"mainEntityOfPage\":{\"@id\":\"https:\\\/\\\/diarioprincipios.com\\\/index.php\\\/2025\\\/10\\\/20\\\/el-gobierno-provincial-quemo-casi-1-500-kilos-de-droga\\\/\"},\"wordCount\":449,\"commentCount\":0,\"publisher\":{\"@id\":\"https:\\\/\\\/diarioprincipios.com\\\/#organization\"},\"image\":{\"@id\":\"https:\\\/\\\/diarioprincipios.com\\\/index.php\\\/2025\\\/10\\\/20\\\/el-gobierno-provincial-quemo-casi-1-500-kilos-de-droga\\\/#primaryimage\"},\"thumbnailUrl\":\"https:\\\/\\\/diarioprincipios.com\\\/wp-content\\\/uploads\\\/2025\\\/10\\\/Berazategui-El-Gobierno-provincial-quemo-casi-1_500-kilos-de-droga-1.jpg\",\"articleSection\":[\"Berazategui\",\"Provincia\"],\"inLanguage\":\"es\",\"potentialAction\":[{\"@type\":\"CommentAction\",\"name\":\"Comment\",\"target\":[\"https:\\\/\\\/diarioprincipios.com\\\/index.php\\\/2025\\\/10\\\/20\\\/el-gobierno-provincial-quemo-casi-1-500-kilos-de-droga\\\/#respond\"]}]},{\"@type\":\"WebPage\",\"@id\":\"https:\\\/\\\/diarioprincipios.com\\\/index.php\\\/2025\\\/10\\\/20\\\/el-gobierno-provincial-quemo-casi-1-500-kilos-de-droga\\\/\",\"url\":\"https:\\\/\\\/diarioprincipios.com\\\/index.php\\\/2025\\\/10\\\/20\\\/el-gobierno-provincial-quemo-casi-1-500-kilos-de-droga\\\/\",\"name\":\"El Gobierno provincial quem\u00f3 casi 1.500 kilos de droga\u00a0 - Principios\",\"isPartOf\":{\"@id\":\"https:\\\/\\\/diarioprincipios.com\\\/#website\"},\"primaryImageOfPage\":{\"@id\":\"https:\\\/\\\/diarioprincipios.com\\\/index.php\\\/2025\\\/10\\\/20\\\/el-gobierno-provincial-quemo-casi-1-500-kilos-de-droga\\\/#primaryimage\"},\"image\":{\"@id\":\"https:\\\/\\\/diarioprincipios.com\\\/index.php\\\/2025\\\/10\\\/20\\\/el-gobierno-provincial-quemo-casi-1-500-kilos-de-droga\\\/#primaryimage\"},\"thumbnailUrl\":\"https:\\\/\\\/diarioprincipios.com\\\/wp-content\\\/uploads\\\/2025\\\/10\\\/Berazategui-El-Gobierno-provincial-quemo-casi-1_500-kilos-de-droga-1.jpg\",\"datePublished\":\"2025-10-20T17:09:49+00:00\",\"dateModified\":\"2025-10-20T17:09:50+00:00\",\"breadcrumb\":{\"@id\":\"https:\\\/\\\/diarioprincipios.com\\\/index.php\\\/2025\\\/10\\\/20\\\/el-gobierno-provincial-quemo-casi-1-500-kilos-de-droga\\\/#breadcrumb\"},\"inLanguage\":\"es\",\"potentialAction\":[{\"@type\":\"ReadAction\",\"target\":[\"https:\\\/\\\/diarioprincipios.com\\\/index.php\\\/2025\\\/10\\\/20\\\/el-gobierno-provincial-quemo-casi-1-500-kilos-de-droga\\\/\"]}]},{\"@type\":\"ImageObject\",\"inLanguage\":\"es\",\"@id\":\"https:\\\/\\\/diarioprincipios.com\\\/index.php\\\/2025\\\/10\\\/20\\\/el-gobierno-provincial-quemo-casi-1-500-kilos-de-droga\\\/#primaryimage\",\"url\":\"https:\\\/\\\/diarioprincipios.com\\\/wp-content\\\/uploads\\\/2025\\\/10\\\/Berazategui-El-Gobierno-provincial-quemo-casi-1_500-kilos-de-droga-1.jpg\",\"contentUrl\":\"https:\\\/\\\/diarioprincipios.com\\\/wp-content\\\/uploads\\\/2025\\\/10\\\/Berazategui-El-Gobierno-provincial-quemo-casi-1_500-kilos-de-droga-1.jpg\",\"width\":1920,\"height\":1280},{\"@type\":\"BreadcrumbList\",\"@id\":\"https:\\\/\\\/diarioprincipios.com\\\/index.php\\\/2025\\\/10\\\/20\\\/el-gobierno-provincial-quemo-casi-1-500-kilos-de-droga\\\/#breadcrumb\",\"itemListElement\":[{\"@type\":\"ListItem\",\"position\":1,\"name\":\"Portada\",\"item\":\"https:\\\/\\\/diarioprincipios.com\\\/\"},{\"@type\":\"ListItem\",\"position\":2,\"name\":\"El Gobierno provincial quem\u00f3 casi 1.500 kilos de droga\u00a0\"}]},{\"@type\":\"WebSite\",\"@id\":\"https:\\\/\\\/diarioprincipios.com\\\/#website\",\"url\":\"https:\\\/\\\/diarioprincipios.com\\\/\",\"name\":\"Principios\",\"description\":\"Principios Diario\",\"publisher\":{\"@id\":\"https:\\\/\\\/diarioprincipios.com\\\/#organization\"},\"potentialAction\":[{\"@type\":\"SearchAction\",\"target\":{\"@type\":\"EntryPoint\",\"urlTemplate\":\"https:\\\/\\\/diarioprincipios.com\\\/?s={search_term_string}\"},\"query-input\":{\"@type\":\"PropertyValueSpecification\",\"valueRequired\":true,\"valueName\":\"search_term_string\"}}],\"inLanguage\":\"es\"},{\"@type\":\"Organization\",\"@id\":\"https:\\\/\\\/diarioprincipios.com\\\/#organization\",\"name\":\"Principios\",\"url\":\"https:\\\/\\\/diarioprincipios.com\\\/\",\"logo\":{\"@type\":\"ImageObject\",\"inLanguage\":\"es\",\"@id\":\"https:\\\/\\\/diarioprincipios.com\\\/#\\\/schema\\\/logo\\\/image\\\/\",\"url\":\"https:\\\/\\\/diarioprincipios.com\\\/wp-content\\\/uploads\\\/2024\\\/04\\\/cropped-www.diarioprincipios.com_-1.png\",\"contentUrl\":\"https:\\\/\\\/diarioprincipios.com\\\/wp-content\\\/uploads\\\/2024\\\/04\\\/cropped-www.diarioprincipios.com_-1.png\",\"width\":5325,\"height\":1454,\"caption\":\"Principios\"},\"image\":{\"@id\":\"https:\\\/\\\/diarioprincipios.com\\\/#\\\/schema\\\/logo\\\/image\\\/\"}},{\"@type\":\"Person\",\"@id\":\"https:\\\/\\\/diarioprincipios.com\\\/#\\\/schema\\\/person\\\/436d5a1fd41a5e250e23ff5a6a7cb080\",\"name\":\"Hern\u00e1n L\u00f3pez\",\"image\":{\"@type\":\"ImageObject\",\"inLanguage\":\"es\",\"@id\":\"https:\\\/\\\/diarioprincipios.com\\\/wp-content\\\/litespeed\\\/avatar\\\/11ddfe5610ff3bd100522525b2571f48.jpg?ver=1777048341\",\"url\":\"https:\\\/\\\/diarioprincipios.com\\\/wp-content\\\/litespeed\\\/avatar\\\/11ddfe5610ff3bd100522525b2571f48.jpg?ver=1777048341\",\"contentUrl\":\"https:\\\/\\\/diarioprincipios.com\\\/wp-content\\\/litespeed\\\/avatar\\\/11ddfe5610ff3bd100522525b2571f48.jpg?ver=1777048341\",\"caption\":\"Hern\u00e1n L\u00f3pez\"},\"url\":\"https:\\\/\\\/diarioprincipios.com\\\/index.php\\\/author\\\/hernan\\\/\"}]}<\/script>\n<!-- \/ Yoast SEO plugin. -->","yoast_head_json":{"title":"El Gobierno provincial quem\u00f3 casi 1.500 kilos de droga\u00a0 - Principios","robots":{"index":"index","follow":"follow","max-snippet":"max-snippet:-1","max-image-preview":"max-image-preview:large","max-video-preview":"max-video-preview:-1"},"canonical":"https:\/\/diarioprincipios.com\/index.php\/2025\/10\/20\/el-gobierno-provincial-quemo-casi-1-500-kilos-de-droga\/","og_locale":"es_ES","og_type":"article","og_title":"El Gobierno provincial quem\u00f3 casi 1.500 kilos de droga\u00a0 - Principios","og_description":"A trav\u00e9s de un acto encabezado por el ministro de Seguridad de la provincia de Buenos Aires, Javier Alonso; junto a los intendentes de Berazategui, Juan Jos\u00e9 Mussi; y de Florencio Varela, Andr\u00e9s Watson, se realiz\u00f3 la quema de una importante cantidad de estupefacientes secuestrados por la polic\u00eda, en el marco de diferentes operativos en...","og_url":"https:\/\/diarioprincipios.com\/index.php\/2025\/10\/20\/el-gobierno-provincial-quemo-casi-1-500-kilos-de-droga\/","og_site_name":"Principios","article_published_time":"2025-10-20T17:09:49+00:00","article_modified_time":"2025-10-20T17:09:50+00:00","og_image":[{"width":1920,"height":1280,"url":"https:\/\/diarioprincipios.com\/wp-content\/uploads\/2025\/10\/Berazategui-El-Gobierno-provincial-quemo-casi-1_500-kilos-de-droga-1.jpg","type":"image\/jpeg"}],"author":"Hern\u00e1n L\u00f3pez","twitter_card":"summary_large_image","twitter_misc":{"Escrito por":"Hern\u00e1n L\u00f3pez","Tiempo de lectura":"3 minutos"},"schema":{"@context":"https:\/\/schema.org","@graph":[{"@type":"Article","@id":"https:\/\/diarioprincipios.com\/index.php\/2025\/10\/20\/el-gobierno-provincial-quemo-casi-1-500-kilos-de-droga\/#article","isPartOf":{"@id":"https:\/\/diarioprincipios.com\/index.php\/2025\/10\/20\/el-gobierno-provincial-quemo-casi-1-500-kilos-de-droga\/"},"author":{"name":"Hern\u00e1n L\u00f3pez","@id":"https:\/\/diarioprincipios.com\/#\/schema\/person\/436d5a1fd41a5e250e23ff5a6a7cb080"},"headline":"El Gobierno provincial quem\u00f3 casi 1.500 kilos de droga\u00a0","datePublished":"2025-10-20T17:09:49+00:00","dateModified":"2025-10-20T17:09:50+00:00","mainEntityOfPage":{"@id":"https:\/\/diarioprincipios.com\/index.php\/2025\/10\/20\/el-gobierno-provincial-quemo-casi-1-500-kilos-de-droga\/"},"wordCount":449,"commentCount":0,"publisher":{"@id":"https:\/\/diarioprincipios.com\/#organization"},"image":{"@id":"https:\/\/diarioprincipios.com\/index.php\/2025\/10\/20\/el-gobierno-provincial-quemo-casi-1-500-kilos-de-droga\/#primaryimage"},"thumbnailUrl":"https:\/\/diarioprincipios.com\/wp-content\/uploads\/2025\/10\/Berazategui-El-Gobierno-provincial-quemo-casi-1_500-kilos-de-droga-1.jpg","articleSection":["Berazategui","Provincia"],"inLanguage":"es","potentialAction":[{"@type":"CommentAction","name":"Comment","target":["https:\/\/diarioprincipios.com\/index.php\/2025\/10\/20\/el-gobierno-provincial-quemo-casi-1-500-kilos-de-droga\/#respond"]}]},{"@type":"WebPage","@id":"https:\/\/diarioprincipios.com\/index.php\/2025\/10\/20\/el-gobierno-provincial-quemo-casi-1-500-kilos-de-droga\/","url":"https:\/\/diarioprincipios.com\/index.php\/2025\/10\/20\/el-gobierno-provincial-quemo-casi-1-500-kilos-de-droga\/","name":"El Gobierno provincial quem\u00f3 casi 1.500 kilos de droga\u00a0 - Principios","isPartOf":{"@id":"https:\/\/diarioprincipios.com\/#website"},"primaryImageOfPage":{"@id":"https:\/\/diarioprincipios.com\/index.php\/2025\/10\/20\/el-gobierno-provincial-quemo-casi-1-500-kilos-de-droga\/#primaryimage"},"image":{"@id":"https:\/\/diarioprincipios.com\/index.php\/2025\/10\/20\/el-gobierno-provincial-quemo-casi-1-500-kilos-de-droga\/#primaryimage"},"thumbnailUrl":"https:\/\/diarioprincipios.com\/wp-content\/uploads\/2025\/10\/Berazategui-El-Gobierno-provincial-quemo-casi-1_500-kilos-de-droga-1.jpg","datePublished":"2025-10-20T17:09:49+00:00","dateModified":"2025-10-20T17:09:50+00:00","breadcrumb":{"@id":"https:\/\/diarioprincipios.com\/index.php\/2025\/10\/20\/el-gobierno-provincial-quemo-casi-1-500-kilos-de-droga\/#breadcrumb"},"inLanguage":"es","potentialAction":[{"@type":"ReadAction","target":["https:\/\/diarioprincipios.com\/index.php\/2025\/10\/20\/el-gobierno-provincial-quemo-casi-1-500-kilos-de-droga\/"]}]},{"@type":"ImageObject","inLanguage":"es","@id":"https:\/\/diarioprincipios.com\/index.php\/2025\/10\/20\/el-gobierno-provincial-quemo-casi-1-500-kilos-de-droga\/#primaryimage","url":"https:\/\/diarioprincipios.com\/wp-content\/uploads\/2025\/10\/Berazategui-El-Gobierno-provincial-quemo-casi-1_500-kilos-de-droga-1.jpg","contentUrl":"https:\/\/diarioprincipios.com\/wp-content\/uploads\/2025\/10\/Berazategui-El-Gobierno-provincial-quemo-casi-1_500-kilos-de-droga-1.jpg","width":1920,"height":1280},{"@type":"BreadcrumbList","@id":"https:\/\/diarioprincipios.com\/index.php\/2025\/10\/20\/el-gobierno-provincial-quemo-casi-1-500-kilos-de-droga\/#breadcrumb","itemListElement":[{"@type":"ListItem","position":1,"name":"Portada","item":"https:\/\/diarioprincipios.com\/"},{"@type":"ListItem","position":2,"name":"El Gobierno provincial quem\u00f3 casi 1.500 kilos de droga\u00a0"}]},{"@type":"WebSite","@id":"https:\/\/diarioprincipios.com\/#website","url":"https:\/\/diarioprincipios.com\/","name":"Principios","description":"Principios Diario","publisher":{"@id":"https:\/\/diarioprincipios.com\/#organization"},"potentialAction":[{"@type":"SearchAction","target":{"@type":"EntryPoint","urlTemplate":"https:\/\/diarioprincipios.com\/?s={search_term_string}"},"query-input":{"@type":"PropertyValueSpecification","valueRequired":true,"valueName":"search_term_string"}}],"inLanguage":"es"},{"@type":"Organization","@id":"https:\/\/diarioprincipios.com\/#organization","name":"Principios","url":"https:\/\/diarioprincipios.com\/","logo":{"@type":"ImageObject","inLanguage":"es","@id":"https:\/\/diarioprincipios.com\/#\/schema\/logo\/image\/","url":"https:\/\/diarioprincipios.com\/wp-content\/uploads\/2024\/04\/cropped-www.diarioprincipios.com_-1.png","contentUrl":"https:\/\/diarioprincipios.com\/wp-content\/uploads\/2024\/04\/cropped-www.diarioprincipios.com_-1.png","width":5325,"height":1454,"caption":"Principios"},"image":{"@id":"https:\/\/diarioprincipios.com\/#\/schema\/logo\/image\/"}},{"@type":"Person","@id":"https:\/\/diarioprincipios.com\/#\/schema\/person\/436d5a1fd41a5e250e23ff5a6a7cb080","name":"Hern\u00e1n L\u00f3pez","image":{"@type":"ImageObject","inLanguage":"es","@id":"https:\/\/diarioprincipios.com\/wp-content\/litespeed\/avatar\/11ddfe5610ff3bd100522525b2571f48.jpg?ver=1777048341","url":"https:\/\/diarioprincipios.com\/wp-content\/litespeed\/avatar\/11ddfe5610ff3bd100522525b2571f48.jpg?ver=1777048341","contentUrl":"https:\/\/diarioprincipios.com\/wp-content\/litespeed\/avatar\/11ddfe5610ff3bd100522525b2571f48.jpg?ver=1777048341","caption":"Hern\u00e1n L\u00f3pez"},"url":"https:\/\/diarioprincipios.com\/index.php\/author\/hernan\/"}]}},"jetpack_featured_media_url":"https:\/\/diarioprincipios.com\/wp-content\/uploads\/2025\/10\/Berazategui-El-Gobierno-provincial-quemo-casi-1_500-kilos-de-droga-1.jpg","_links":{"self":[{"href":"https:\/\/diarioprincipios.com\/index.php\/wp-json\/wp\/v2\/posts\/25653","targetHints":{"allow":["GET"]}}],"collection":[{"href":"https:\/\/diarioprincipios.com\/index.php\/wp-json\/wp\/v2\/posts"}],"about":[{"href":"https:\/\/diarioprincipios.com\/index.php\/wp-json\/wp\/v2\/types\/post"}],"author":[{"embeddable":true,"href":"https:\/\/diarioprincipios.com\/index.php\/wp-json\/wp\/v2\/users\/2"}],"replies":[{"embeddable":true,"href":"https:\/\/diarioprincipios.com\/index.php\/wp-json\/wp\/v2\/comments?post=25653"}],"version-history":[{"count":1,"href":"https:\/\/diarioprincipios.com\/index.php\/wp-json\/wp\/v2\/posts\/25653\/revisions"}],"predecessor-version":[{"id":25658,"href":"https:\/\/diarioprincipios.com\/index.php\/wp-json\/wp\/v2\/posts\/25653\/revisions\/25658"}],"wp:featuredmedia":[{"embeddable":true,"href":"https:\/\/diarioprincipios.com\/index.php\/wp-json\/wp\/v2\/media\/25657"}],"wp:attachment":[{"href":"https:\/\/diarioprincipios.com\/index.php\/wp-json\/wp\/v2\/media?parent=25653"}],"wp:term":[{"taxonomy":"category","embeddable":true,"href":"https:\/\/diarioprincipios.com\/index.php\/wp-json\/wp\/v2\/categories?post=25653"},{"taxonomy":"post_tag","embeddable":true,"href":"https:\/\/diarioprincipios.com\/index.php\/wp-json\/wp\/v2\/tags?post=25653"}],"curies":[{"name":"wp","href":"https:\/\/api.w.org\/{rel}","templated":true}]}}