{"id":25642,"date":"2025-10-17T15:44:15","date_gmt":"2025-10-17T18:44:15","guid":{"rendered":"https:\/\/diarioprincipios.com\/?p=25642"},"modified":"2025-10-17T15:44:15","modified_gmt":"2025-10-17T18:44:15","slug":"el-coro-municipal-de-ninos-y-ninas-celebra-su-40-aniversario","status":"publish","type":"post","link":"https:\/\/diarioprincipios.com\/index.php\/2025\/10\/17\/el-coro-municipal-de-ninos-y-ninas-celebra-su-40-aniversario\/","title":{"rendered":"El Coro Municipal de Ni\u00f1os y Ni\u00f1as celebra su 40\u00b0 aniversario"},"content":{"rendered":"\n<p><strong>El Coro de Ni\u00f1os y Ni\u00f1as de la Municipalidad de Berazategui celebrar\u00e1 sus 40 a\u00f1os con un gran concierto que se realizar\u00e1 este s\u00e1bado 18 de octubre, a las 18.00, en el Centro Municipal de Actividades Roberto De Vicenzo (Calle 148 y 18). La entrada es libre y gratuita.<\/strong><br>El director y fundador del Coro municipal de Ni\u00f1os y Ni\u00f1as, Edgardo Palotta, destac\u00f3: \u201cCelebramos 40 a\u00f1os ininterrumpidos contribuyendo a una ni\u00f1ez sensible y creativa en Berazategui. Lo vamos a festejar con un concierto, como es habitual, pero con el agregado de que cantar\u00e1n coristas de todas las \u00e9pocas. La primera parte contar\u00e1 con el coro actual, acompa\u00f1ado por el grupo Los Escalofriantes; luego se sumar\u00e1n los ex coristas\u201d.<\/p>\n\n\n\n<figure class=\"wp-block-image size-large\"><img loading=\"lazy\" decoding=\"async\" width=\"819\" height=\"1024\" src=\"https:\/\/diarioprincipios.com\/wp-content\/uploads\/2025\/10\/El-Coro-municipal-de-Ninos-y-Ninas-celebra-su-40\u00b0-aniversario-1-819x1024.jpg\" alt=\"\" class=\"wp-image-25643\" srcset=\"https:\/\/diarioprincipios.com\/wp-content\/uploads\/2025\/10\/El-Coro-municipal-de-Ninos-y-Ninas-celebra-su-40\u00b0-aniversario-1-819x1024.jpg 819w, https:\/\/diarioprincipios.com\/wp-content\/uploads\/2025\/10\/El-Coro-municipal-de-Ninos-y-Ninas-celebra-su-40\u00b0-aniversario-1-240x300.jpg 240w, https:\/\/diarioprincipios.com\/wp-content\/uploads\/2025\/10\/El-Coro-municipal-de-Ninos-y-Ninas-celebra-su-40\u00b0-aniversario-1-768x960.jpg 768w, https:\/\/diarioprincipios.com\/wp-content\/uploads\/2025\/10\/El-Coro-municipal-de-Ninos-y-Ninas-celebra-su-40\u00b0-aniversario-1.jpg 1080w\" sizes=\"auto, (max-width: 819px) 100vw, 819px\" \/><\/figure>\n\n\n\n<p><br>Y agreg\u00f3: \u201cSer\u00e1 un maravilloso concierto. El repertorio contempla canciones hist\u00f3ricas y habituales del coro. En 1985 comenz\u00f3 el Coro de Ni\u00f1os y un taller de flauta dulce. Esto se expandi\u00f3 y actualmente tenemos una Escuela de M\u00fasica, Orquestas, Coros, festivales y dem\u00e1s. Cada vez somos m\u00e1s y con m\u00e1s actividades. Ser\u00e1 un espect\u00e1culo musical creativo y emotivo\u201d.<br>Para conocer m\u00e1s sobre \u00e9ste y muchos otros eventos organizados por la Secretar\u00eda de Cultura y Educaci\u00f3n municipal, impulsados en el marco de la gesti\u00f3n del intendente Juan Jos\u00e9 Mussi, se puede ingresar en\u00a0<a href=\"http:\/\/berazategui.gob.ar\/cultura\" target=\"_blank\" rel=\"noreferrer noopener\">Berazategui.gob.ar\/cultura<\/a>.<\/p>\n","protected":false},"excerpt":{"rendered":"<p>El Coro de Ni\u00f1os y Ni\u00f1as de la Municipalidad de Berazategui celebrar\u00e1 sus 40 a\u00f1os con un gran concierto que se realizar\u00e1 este s\u00e1bado 18 de octubre, a las 18.00, en el Centro Municipal de Actividades Roberto De Vicenzo (Calle 148 y 18). La entrada es libre y gratuita.El director y fundador del Coro municipal&#8230;<\/p>\n","protected":false},"author":2,"featured_media":25644,"comment_status":"open","ping_status":"open","sticky":false,"template":"","format":"standard","meta":{"footnotes":""},"categories":[3,19],"tags":[],"class_list":["post-25642","post","type-post","status-publish","format-standard","has-post-thumbnail","hentry","category-berazategui","category-cultura-educacion"],"featured_image_src":"https:\/\/diarioprincipios.com\/wp-content\/uploads\/2025\/10\/El-Coro-municipal-de-Ninos-y-Ninas-celebra-su-40\u00b0-aniversario-2-1024x683.jpg","blog_images":{"medium":"https:\/\/diarioprincipios.com\/wp-content\/uploads\/2025\/10\/El-Coro-municipal-de-Ninos-y-Ninas-celebra-su-40\u00b0-aniversario-2-300x200.jpg","large":"https:\/\/diarioprincipios.com\/wp-content\/uploads\/2025\/10\/El-Coro-municipal-de-Ninos-y-Ninas-celebra-su-40\u00b0-aniversario-2-1024x683.jpg"},"ams_acf":[],"yoast_head":"<!-- This site is optimized with the Yoast SEO plugin v27.3 - https:\/\/yoast.com\/product\/yoast-seo-wordpress\/ -->\n<title>El Coro Municipal de Ni\u00f1os y Ni\u00f1as celebra su 40\u00b0 aniversario - Principios<\/title>\n<meta name=\"robots\" content=\"index, follow, max-snippet:-1, max-image-preview:large, max-video-preview:-1\" \/>\n<link rel=\"canonical\" href=\"https:\/\/diarioprincipios.com\/index.php\/2025\/10\/17\/el-coro-municipal-de-ninos-y-ninas-celebra-su-40-aniversario\/\" \/>\n<meta property=\"og:locale\" content=\"es_ES\" \/>\n<meta property=\"og:type\" content=\"article\" \/>\n<meta property=\"og:title\" content=\"El Coro Municipal de Ni\u00f1os y Ni\u00f1as celebra su 40\u00b0 aniversario - Principios\" \/>\n<meta property=\"og:description\" content=\"El Coro de Ni\u00f1os y Ni\u00f1as de la Municipalidad de Berazategui celebrar\u00e1 sus 40 a\u00f1os con un gran concierto que se realizar\u00e1 este s\u00e1bado 18 de octubre, a las 18.00, en el Centro Municipal de Actividades Roberto De Vicenzo (Calle 148 y 18). La entrada es libre y gratuita.El director y fundador del Coro municipal...\" \/>\n<meta property=\"og:url\" content=\"https:\/\/diarioprincipios.com\/index.php\/2025\/10\/17\/el-coro-municipal-de-ninos-y-ninas-celebra-su-40-aniversario\/\" \/>\n<meta property=\"og:site_name\" content=\"Principios\" \/>\n<meta property=\"article:published_time\" content=\"2025-10-17T18:44:15+00:00\" \/>\n<meta property=\"og:image\" content=\"https:\/\/diarioprincipios.com\/wp-content\/uploads\/2025\/10\/El-Coro-municipal-de-Ninos-y-Ninas-celebra-su-40\u00b0-aniversario-2.jpg\" \/>\n\t<meta property=\"og:image:width\" content=\"1920\" \/>\n\t<meta property=\"og:image:height\" content=\"1280\" \/>\n\t<meta property=\"og:image:type\" content=\"image\/jpeg\" \/>\n<meta name=\"author\" content=\"Hern\u00e1n L\u00f3pez\" \/>\n<meta name=\"twitter:card\" content=\"summary_large_image\" \/>\n<meta name=\"twitter:label1\" content=\"Escrito por\" \/>\n\t<meta name=\"twitter:data1\" content=\"Hern\u00e1n L\u00f3pez\" \/>\n\t<meta name=\"twitter:label2\" content=\"Tiempo de lectura\" \/>\n\t<meta name=\"twitter:data2\" content=\"2 minutos\" \/>\n<script type=\"application\/ld+json\" class=\"yoast-schema-graph\">{\"@context\":\"https:\\\/\\\/schema.org\",\"@graph\":[{\"@type\":\"Article\",\"@id\":\"https:\\\/\\\/diarioprincipios.com\\\/index.php\\\/2025\\\/10\\\/17\\\/el-coro-municipal-de-ninos-y-ninas-celebra-su-40-aniversario\\\/#article\",\"isPartOf\":{\"@id\":\"https:\\\/\\\/diarioprincipios.com\\\/index.php\\\/2025\\\/10\\\/17\\\/el-coro-municipal-de-ninos-y-ninas-celebra-su-40-aniversario\\\/\"},\"author\":{\"name\":\"Hern\u00e1n L\u00f3pez\",\"@id\":\"https:\\\/\\\/diarioprincipios.com\\\/#\\\/schema\\\/person\\\/436d5a1fd41a5e250e23ff5a6a7cb080\"},\"headline\":\"El Coro Municipal de Ni\u00f1os y Ni\u00f1as celebra su 40\u00b0 aniversario\",\"datePublished\":\"2025-10-17T18:44:15+00:00\",\"mainEntityOfPage\":{\"@id\":\"https:\\\/\\\/diarioprincipios.com\\\/index.php\\\/2025\\\/10\\\/17\\\/el-coro-municipal-de-ninos-y-ninas-celebra-su-40-aniversario\\\/\"},\"wordCount\":241,\"commentCount\":0,\"publisher\":{\"@id\":\"https:\\\/\\\/diarioprincipios.com\\\/#organization\"},\"image\":{\"@id\":\"https:\\\/\\\/diarioprincipios.com\\\/index.php\\\/2025\\\/10\\\/17\\\/el-coro-municipal-de-ninos-y-ninas-celebra-su-40-aniversario\\\/#primaryimage\"},\"thumbnailUrl\":\"https:\\\/\\\/diarioprincipios.com\\\/wp-content\\\/uploads\\\/2025\\\/10\\\/El-Coro-municipal-de-Ninos-y-Ninas-celebra-su-40\u00b0-aniversario-2.jpg\",\"articleSection\":[\"Berazategui\",\"Cultura y Educaci\u00f3n\"],\"inLanguage\":\"es\",\"potentialAction\":[{\"@type\":\"CommentAction\",\"name\":\"Comment\",\"target\":[\"https:\\\/\\\/diarioprincipios.com\\\/index.php\\\/2025\\\/10\\\/17\\\/el-coro-municipal-de-ninos-y-ninas-celebra-su-40-aniversario\\\/#respond\"]}]},{\"@type\":\"WebPage\",\"@id\":\"https:\\\/\\\/diarioprincipios.com\\\/index.php\\\/2025\\\/10\\\/17\\\/el-coro-municipal-de-ninos-y-ninas-celebra-su-40-aniversario\\\/\",\"url\":\"https:\\\/\\\/diarioprincipios.com\\\/index.php\\\/2025\\\/10\\\/17\\\/el-coro-municipal-de-ninos-y-ninas-celebra-su-40-aniversario\\\/\",\"name\":\"El Coro Municipal de Ni\u00f1os y Ni\u00f1as celebra su 40\u00b0 aniversario - Principios\",\"isPartOf\":{\"@id\":\"https:\\\/\\\/diarioprincipios.com\\\/#website\"},\"primaryImageOfPage\":{\"@id\":\"https:\\\/\\\/diarioprincipios.com\\\/index.php\\\/2025\\\/10\\\/17\\\/el-coro-municipal-de-ninos-y-ninas-celebra-su-40-aniversario\\\/#primaryimage\"},\"image\":{\"@id\":\"https:\\\/\\\/diarioprincipios.com\\\/index.php\\\/2025\\\/10\\\/17\\\/el-coro-municipal-de-ninos-y-ninas-celebra-su-40-aniversario\\\/#primaryimage\"},\"thumbnailUrl\":\"https:\\\/\\\/diarioprincipios.com\\\/wp-content\\\/uploads\\\/2025\\\/10\\\/El-Coro-municipal-de-Ninos-y-Ninas-celebra-su-40\u00b0-aniversario-2.jpg\",\"datePublished\":\"2025-10-17T18:44:15+00:00\",\"breadcrumb\":{\"@id\":\"https:\\\/\\\/diarioprincipios.com\\\/index.php\\\/2025\\\/10\\\/17\\\/el-coro-municipal-de-ninos-y-ninas-celebra-su-40-aniversario\\\/#breadcrumb\"},\"inLanguage\":\"es\",\"potentialAction\":[{\"@type\":\"ReadAction\",\"target\":[\"https:\\\/\\\/diarioprincipios.com\\\/index.php\\\/2025\\\/10\\\/17\\\/el-coro-municipal-de-ninos-y-ninas-celebra-su-40-aniversario\\\/\"]}]},{\"@type\":\"ImageObject\",\"inLanguage\":\"es\",\"@id\":\"https:\\\/\\\/diarioprincipios.com\\\/index.php\\\/2025\\\/10\\\/17\\\/el-coro-municipal-de-ninos-y-ninas-celebra-su-40-aniversario\\\/#primaryimage\",\"url\":\"https:\\\/\\\/diarioprincipios.com\\\/wp-content\\\/uploads\\\/2025\\\/10\\\/El-Coro-municipal-de-Ninos-y-Ninas-celebra-su-40\u00b0-aniversario-2.jpg\",\"contentUrl\":\"https:\\\/\\\/diarioprincipios.com\\\/wp-content\\\/uploads\\\/2025\\\/10\\\/El-Coro-municipal-de-Ninos-y-Ninas-celebra-su-40\u00b0-aniversario-2.jpg\",\"width\":1920,\"height\":1280},{\"@type\":\"BreadcrumbList\",\"@id\":\"https:\\\/\\\/diarioprincipios.com\\\/index.php\\\/2025\\\/10\\\/17\\\/el-coro-municipal-de-ninos-y-ninas-celebra-su-40-aniversario\\\/#breadcrumb\",\"itemListElement\":[{\"@type\":\"ListItem\",\"position\":1,\"name\":\"Portada\",\"item\":\"https:\\\/\\\/diarioprincipios.com\\\/\"},{\"@type\":\"ListItem\",\"position\":2,\"name\":\"El Coro Municipal de Ni\u00f1os y Ni\u00f1as celebra su 40\u00b0 aniversario\"}]},{\"@type\":\"WebSite\",\"@id\":\"https:\\\/\\\/diarioprincipios.com\\\/#website\",\"url\":\"https:\\\/\\\/diarioprincipios.com\\\/\",\"name\":\"Principios\",\"description\":\"Principios Diario\",\"publisher\":{\"@id\":\"https:\\\/\\\/diarioprincipios.com\\\/#organization\"},\"potentialAction\":[{\"@type\":\"SearchAction\",\"target\":{\"@type\":\"EntryPoint\",\"urlTemplate\":\"https:\\\/\\\/diarioprincipios.com\\\/?s={search_term_string}\"},\"query-input\":{\"@type\":\"PropertyValueSpecification\",\"valueRequired\":true,\"valueName\":\"search_term_string\"}}],\"inLanguage\":\"es\"},{\"@type\":\"Organization\",\"@id\":\"https:\\\/\\\/diarioprincipios.com\\\/#organization\",\"name\":\"Principios\",\"url\":\"https:\\\/\\\/diarioprincipios.com\\\/\",\"logo\":{\"@type\":\"ImageObject\",\"inLanguage\":\"es\",\"@id\":\"https:\\\/\\\/diarioprincipios.com\\\/#\\\/schema\\\/logo\\\/image\\\/\",\"url\":\"https:\\\/\\\/diarioprincipios.com\\\/wp-content\\\/uploads\\\/2024\\\/04\\\/cropped-www.diarioprincipios.com_-1.png\",\"contentUrl\":\"https:\\\/\\\/diarioprincipios.com\\\/wp-content\\\/uploads\\\/2024\\\/04\\\/cropped-www.diarioprincipios.com_-1.png\",\"width\":5325,\"height\":1454,\"caption\":\"Principios\"},\"image\":{\"@id\":\"https:\\\/\\\/diarioprincipios.com\\\/#\\\/schema\\\/logo\\\/image\\\/\"}},{\"@type\":\"Person\",\"@id\":\"https:\\\/\\\/diarioprincipios.com\\\/#\\\/schema\\\/person\\\/436d5a1fd41a5e250e23ff5a6a7cb080\",\"name\":\"Hern\u00e1n L\u00f3pez\",\"image\":{\"@type\":\"ImageObject\",\"inLanguage\":\"es\",\"@id\":\"https:\\\/\\\/diarioprincipios.com\\\/wp-content\\\/litespeed\\\/avatar\\\/11ddfe5610ff3bd100522525b2571f48.jpg?ver=1777048341\",\"url\":\"https:\\\/\\\/diarioprincipios.com\\\/wp-content\\\/litespeed\\\/avatar\\\/11ddfe5610ff3bd100522525b2571f48.jpg?ver=1777048341\",\"contentUrl\":\"https:\\\/\\\/diarioprincipios.com\\\/wp-content\\\/litespeed\\\/avatar\\\/11ddfe5610ff3bd100522525b2571f48.jpg?ver=1777048341\",\"caption\":\"Hern\u00e1n L\u00f3pez\"},\"url\":\"https:\\\/\\\/diarioprincipios.com\\\/index.php\\\/author\\\/hernan\\\/\"}]}<\/script>\n<!-- \/ Yoast SEO plugin. -->","yoast_head_json":{"title":"El Coro Municipal de Ni\u00f1os y Ni\u00f1as celebra su 40\u00b0 aniversario - Principios","robots":{"index":"index","follow":"follow","max-snippet":"max-snippet:-1","max-image-preview":"max-image-preview:large","max-video-preview":"max-video-preview:-1"},"canonical":"https:\/\/diarioprincipios.com\/index.php\/2025\/10\/17\/el-coro-municipal-de-ninos-y-ninas-celebra-su-40-aniversario\/","og_locale":"es_ES","og_type":"article","og_title":"El Coro Municipal de Ni\u00f1os y Ni\u00f1as celebra su 40\u00b0 aniversario - Principios","og_description":"El Coro de Ni\u00f1os y Ni\u00f1as de la Municipalidad de Berazategui celebrar\u00e1 sus 40 a\u00f1os con un gran concierto que se realizar\u00e1 este s\u00e1bado 18 de octubre, a las 18.00, en el Centro Municipal de Actividades Roberto De Vicenzo (Calle 148 y 18). La entrada es libre y gratuita.El director y fundador del Coro municipal...","og_url":"https:\/\/diarioprincipios.com\/index.php\/2025\/10\/17\/el-coro-municipal-de-ninos-y-ninas-celebra-su-40-aniversario\/","og_site_name":"Principios","article_published_time":"2025-10-17T18:44:15+00:00","og_image":[{"width":1920,"height":1280,"url":"https:\/\/diarioprincipios.com\/wp-content\/uploads\/2025\/10\/El-Coro-municipal-de-Ninos-y-Ninas-celebra-su-40\u00b0-aniversario-2.jpg","type":"image\/jpeg"}],"author":"Hern\u00e1n L\u00f3pez","twitter_card":"summary_large_image","twitter_misc":{"Escrito por":"Hern\u00e1n L\u00f3pez","Tiempo de lectura":"2 minutos"},"schema":{"@context":"https:\/\/schema.org","@graph":[{"@type":"Article","@id":"https:\/\/diarioprincipios.com\/index.php\/2025\/10\/17\/el-coro-municipal-de-ninos-y-ninas-celebra-su-40-aniversario\/#article","isPartOf":{"@id":"https:\/\/diarioprincipios.com\/index.php\/2025\/10\/17\/el-coro-municipal-de-ninos-y-ninas-celebra-su-40-aniversario\/"},"author":{"name":"Hern\u00e1n L\u00f3pez","@id":"https:\/\/diarioprincipios.com\/#\/schema\/person\/436d5a1fd41a5e250e23ff5a6a7cb080"},"headline":"El Coro Municipal de Ni\u00f1os y Ni\u00f1as celebra su 40\u00b0 aniversario","datePublished":"2025-10-17T18:44:15+00:00","mainEntityOfPage":{"@id":"https:\/\/diarioprincipios.com\/index.php\/2025\/10\/17\/el-coro-municipal-de-ninos-y-ninas-celebra-su-40-aniversario\/"},"wordCount":241,"commentCount":0,"publisher":{"@id":"https:\/\/diarioprincipios.com\/#organization"},"image":{"@id":"https:\/\/diarioprincipios.com\/index.php\/2025\/10\/17\/el-coro-municipal-de-ninos-y-ninas-celebra-su-40-aniversario\/#primaryimage"},"thumbnailUrl":"https:\/\/diarioprincipios.com\/wp-content\/uploads\/2025\/10\/El-Coro-municipal-de-Ninos-y-Ninas-celebra-su-40\u00b0-aniversario-2.jpg","articleSection":["Berazategui","Cultura y Educaci\u00f3n"],"inLanguage":"es","potentialAction":[{"@type":"CommentAction","name":"Comment","target":["https:\/\/diarioprincipios.com\/index.php\/2025\/10\/17\/el-coro-municipal-de-ninos-y-ninas-celebra-su-40-aniversario\/#respond"]}]},{"@type":"WebPage","@id":"https:\/\/diarioprincipios.com\/index.php\/2025\/10\/17\/el-coro-municipal-de-ninos-y-ninas-celebra-su-40-aniversario\/","url":"https:\/\/diarioprincipios.com\/index.php\/2025\/10\/17\/el-coro-municipal-de-ninos-y-ninas-celebra-su-40-aniversario\/","name":"El Coro Municipal de Ni\u00f1os y Ni\u00f1as celebra su 40\u00b0 aniversario - Principios","isPartOf":{"@id":"https:\/\/diarioprincipios.com\/#website"},"primaryImageOfPage":{"@id":"https:\/\/diarioprincipios.com\/index.php\/2025\/10\/17\/el-coro-municipal-de-ninos-y-ninas-celebra-su-40-aniversario\/#primaryimage"},"image":{"@id":"https:\/\/diarioprincipios.com\/index.php\/2025\/10\/17\/el-coro-municipal-de-ninos-y-ninas-celebra-su-40-aniversario\/#primaryimage"},"thumbnailUrl":"https:\/\/diarioprincipios.com\/wp-content\/uploads\/2025\/10\/El-Coro-municipal-de-Ninos-y-Ninas-celebra-su-40\u00b0-aniversario-2.jpg","datePublished":"2025-10-17T18:44:15+00:00","breadcrumb":{"@id":"https:\/\/diarioprincipios.com\/index.php\/2025\/10\/17\/el-coro-municipal-de-ninos-y-ninas-celebra-su-40-aniversario\/#breadcrumb"},"inLanguage":"es","potentialAction":[{"@type":"ReadAction","target":["https:\/\/diarioprincipios.com\/index.php\/2025\/10\/17\/el-coro-municipal-de-ninos-y-ninas-celebra-su-40-aniversario\/"]}]},{"@type":"ImageObject","inLanguage":"es","@id":"https:\/\/diarioprincipios.com\/index.php\/2025\/10\/17\/el-coro-municipal-de-ninos-y-ninas-celebra-su-40-aniversario\/#primaryimage","url":"https:\/\/diarioprincipios.com\/wp-content\/uploads\/2025\/10\/El-Coro-municipal-de-Ninos-y-Ninas-celebra-su-40\u00b0-aniversario-2.jpg","contentUrl":"https:\/\/diarioprincipios.com\/wp-content\/uploads\/2025\/10\/El-Coro-municipal-de-Ninos-y-Ninas-celebra-su-40\u00b0-aniversario-2.jpg","width":1920,"height":1280},{"@type":"BreadcrumbList","@id":"https:\/\/diarioprincipios.com\/index.php\/2025\/10\/17\/el-coro-municipal-de-ninos-y-ninas-celebra-su-40-aniversario\/#breadcrumb","itemListElement":[{"@type":"ListItem","position":1,"name":"Portada","item":"https:\/\/diarioprincipios.com\/"},{"@type":"ListItem","position":2,"name":"El Coro Municipal de Ni\u00f1os y Ni\u00f1as celebra su 40\u00b0 aniversario"}]},{"@type":"WebSite","@id":"https:\/\/diarioprincipios.com\/#website","url":"https:\/\/diarioprincipios.com\/","name":"Principios","description":"Principios Diario","publisher":{"@id":"https:\/\/diarioprincipios.com\/#organization"},"potentialAction":[{"@type":"SearchAction","target":{"@type":"EntryPoint","urlTemplate":"https:\/\/diarioprincipios.com\/?s={search_term_string}"},"query-input":{"@type":"PropertyValueSpecification","valueRequired":true,"valueName":"search_term_string"}}],"inLanguage":"es"},{"@type":"Organization","@id":"https:\/\/diarioprincipios.com\/#organization","name":"Principios","url":"https:\/\/diarioprincipios.com\/","logo":{"@type":"ImageObject","inLanguage":"es","@id":"https:\/\/diarioprincipios.com\/#\/schema\/logo\/image\/","url":"https:\/\/diarioprincipios.com\/wp-content\/uploads\/2024\/04\/cropped-www.diarioprincipios.com_-1.png","contentUrl":"https:\/\/diarioprincipios.com\/wp-content\/uploads\/2024\/04\/cropped-www.diarioprincipios.com_-1.png","width":5325,"height":1454,"caption":"Principios"},"image":{"@id":"https:\/\/diarioprincipios.com\/#\/schema\/logo\/image\/"}},{"@type":"Person","@id":"https:\/\/diarioprincipios.com\/#\/schema\/person\/436d5a1fd41a5e250e23ff5a6a7cb080","name":"Hern\u00e1n L\u00f3pez","image":{"@type":"ImageObject","inLanguage":"es","@id":"https:\/\/diarioprincipios.com\/wp-content\/litespeed\/avatar\/11ddfe5610ff3bd100522525b2571f48.jpg?ver=1777048341","url":"https:\/\/diarioprincipios.com\/wp-content\/litespeed\/avatar\/11ddfe5610ff3bd100522525b2571f48.jpg?ver=1777048341","contentUrl":"https:\/\/diarioprincipios.com\/wp-content\/litespeed\/avatar\/11ddfe5610ff3bd100522525b2571f48.jpg?ver=1777048341","caption":"Hern\u00e1n L\u00f3pez"},"url":"https:\/\/diarioprincipios.com\/index.php\/author\/hernan\/"}]}},"jetpack_featured_media_url":"https:\/\/diarioprincipios.com\/wp-content\/uploads\/2025\/10\/El-Coro-municipal-de-Ninos-y-Ninas-celebra-su-40\u00b0-aniversario-2.jpg","_links":{"self":[{"href":"https:\/\/diarioprincipios.com\/index.php\/wp-json\/wp\/v2\/posts\/25642","targetHints":{"allow":["GET"]}}],"collection":[{"href":"https:\/\/diarioprincipios.com\/index.php\/wp-json\/wp\/v2\/posts"}],"about":[{"href":"https:\/\/diarioprincipios.com\/index.php\/wp-json\/wp\/v2\/types\/post"}],"author":[{"embeddable":true,"href":"https:\/\/diarioprincipios.com\/index.php\/wp-json\/wp\/v2\/users\/2"}],"replies":[{"embeddable":true,"href":"https:\/\/diarioprincipios.com\/index.php\/wp-json\/wp\/v2\/comments?post=25642"}],"version-history":[{"count":1,"href":"https:\/\/diarioprincipios.com\/index.php\/wp-json\/wp\/v2\/posts\/25642\/revisions"}],"predecessor-version":[{"id":25645,"href":"https:\/\/diarioprincipios.com\/index.php\/wp-json\/wp\/v2\/posts\/25642\/revisions\/25645"}],"wp:featuredmedia":[{"embeddable":true,"href":"https:\/\/diarioprincipios.com\/index.php\/wp-json\/wp\/v2\/media\/25644"}],"wp:attachment":[{"href":"https:\/\/diarioprincipios.com\/index.php\/wp-json\/wp\/v2\/media?parent=25642"}],"wp:term":[{"taxonomy":"category","embeddable":true,"href":"https:\/\/diarioprincipios.com\/index.php\/wp-json\/wp\/v2\/categories?post=25642"},{"taxonomy":"post_tag","embeddable":true,"href":"https:\/\/diarioprincipios.com\/index.php\/wp-json\/wp\/v2\/tags?post=25642"}],"curies":[{"name":"wp","href":"https:\/\/api.w.org\/{rel}","templated":true}]}}