{"id":2564,"date":"2020-06-05T15:48:55","date_gmt":"2020-06-05T18:48:55","guid":{"rendered":"http:\/\/diarioprincipios.com\/?p=2564"},"modified":"2020-06-05T15:48:56","modified_gmt":"2020-06-05T18:48:56","slug":"quilmes-es-un-ejemplo-de-como-deben-sesionar-los-concejos-deliberantes-en-tiempo-de-pandemia","status":"publish","type":"post","link":"https:\/\/diarioprincipios.com\/index.php\/2020\/06\/05\/quilmes-es-un-ejemplo-de-como-deben-sesionar-los-concejos-deliberantes-en-tiempo-de-pandemia\/","title":{"rendered":"Quilmes es un ejemplo de como deben sesionar los Concejos Deliberantes en tiempo de Pandemia"},"content":{"rendered":"\n<p>El Presidente del Honorable Concejo Deliberante de Quilmes, Fabio B\u00e1ez, convoc\u00f3 a Sesi\u00f3n Extraordinaria para el d\u00eda lunes 8 de junio a las 10 horas, a realizarse bajo la modalidad virtual.<br>Dicha sesi\u00f3n se llevar\u00e1 a cabo solamente con la presencia del Presidente del Cuerpo, Secretarios, Presidentes de bloques y el m\u00ednimo de personal necesario en el recinto. La participaci\u00f3n del resto de los concejales ser\u00e1 a trav\u00e9s de la plataforma Zoom.<br>Esta modalidad se adopt\u00f3 en el marco del Decreto de Necesidad y Urgencia N\u00b0 260\/2020 y 297\/2020 del Poder Ejecutivo Nacional, el Decreto N\u00b0 132\/2020 del Gobierno Provincial, Decretos Municipales N\u00b0 470\/2020, 644\/2020 y 755\/2020, y las recomendaciones del Ministerio de Salud.<br>La sesi\u00f3n se transmitir\u00e1 en vivo desde las siguientes plataformas:<br>Youtube: suscribirse al canal HCD Quilmes<br>Facebook: Honorable Concejo Deliberante de Quilmes<\/p>\n","protected":false},"excerpt":{"rendered":"<p>El Presidente del Honorable Concejo Deliberante de Quilmes, Fabio B\u00e1ez, convoc\u00f3 a Sesi\u00f3n Extraordinaria para el d\u00eda lunes 8 de junio a las 10 horas, a realizarse bajo la modalidad virtual.Dicha sesi\u00f3n se llevar\u00e1 a cabo solamente con la presencia del Presidente del Cuerpo, Secretarios, Presidentes de bloques y el m\u00ednimo de personal necesario en&#8230;<\/p>\n","protected":false},"author":2,"featured_media":1998,"comment_status":"open","ping_status":"open","sticky":false,"template":"","format":"standard","meta":{"footnotes":""},"categories":[4],"tags":[],"class_list":["post-2564","post","type-post","status-publish","format-standard","has-post-thumbnail","hentry","category-quilmes"],"featured_image_src":"https:\/\/diarioprincipios.com\/wp-content\/uploads\/2020\/05\/IMG-20200522-WA0001-1024x588.jpg","blog_images":{"medium":"https:\/\/diarioprincipios.com\/wp-content\/uploads\/2020\/05\/IMG-20200522-WA0001-300x172.jpg","large":"https:\/\/diarioprincipios.com\/wp-content\/uploads\/2020\/05\/IMG-20200522-WA0001-1024x588.jpg"},"ams_acf":[],"yoast_head":"<!-- This site is optimized with the Yoast SEO plugin v27.3 - https:\/\/yoast.com\/product\/yoast-seo-wordpress\/ -->\n<title>Quilmes es un ejemplo de como deben sesionar los Concejos Deliberantes en tiempo de Pandemia - Principios<\/title>\n<meta name=\"robots\" content=\"index, follow, max-snippet:-1, max-image-preview:large, max-video-preview:-1\" \/>\n<link rel=\"canonical\" href=\"https:\/\/diarioprincipios.com\/index.php\/2020\/06\/05\/quilmes-es-un-ejemplo-de-como-deben-sesionar-los-concejos-deliberantes-en-tiempo-de-pandemia\/\" \/>\n<meta property=\"og:locale\" content=\"es_ES\" \/>\n<meta property=\"og:type\" content=\"article\" \/>\n<meta property=\"og:title\" content=\"Quilmes es un ejemplo de como deben sesionar los Concejos Deliberantes en tiempo de Pandemia - Principios\" \/>\n<meta property=\"og:description\" content=\"El Presidente del Honorable Concejo Deliberante de Quilmes, Fabio B\u00e1ez, convoc\u00f3 a Sesi\u00f3n Extraordinaria para el d\u00eda lunes 8 de junio a las 10 horas, a realizarse bajo la modalidad virtual.Dicha sesi\u00f3n se llevar\u00e1 a cabo solamente con la presencia del Presidente del Cuerpo, Secretarios, Presidentes de bloques y el m\u00ednimo de personal necesario en...\" \/>\n<meta property=\"og:url\" content=\"https:\/\/diarioprincipios.com\/index.php\/2020\/06\/05\/quilmes-es-un-ejemplo-de-como-deben-sesionar-los-concejos-deliberantes-en-tiempo-de-pandemia\/\" \/>\n<meta property=\"og:site_name\" content=\"Principios\" \/>\n<meta property=\"article:published_time\" content=\"2020-06-05T18:48:55+00:00\" \/>\n<meta property=\"article:modified_time\" content=\"2020-06-05T18:48:56+00:00\" \/>\n<meta property=\"og:image\" content=\"https:\/\/diarioprincipios.com\/wp-content\/uploads\/2020\/05\/IMG-20200522-WA0001.jpg\" \/>\n\t<meta property=\"og:image:width\" content=\"1280\" \/>\n\t<meta property=\"og:image:height\" content=\"735\" \/>\n\t<meta property=\"og:image:type\" content=\"image\/jpeg\" \/>\n<meta name=\"author\" content=\"Hern\u00e1n L\u00f3pez\" \/>\n<meta name=\"twitter:card\" content=\"summary_large_image\" \/>\n<meta name=\"twitter:label1\" content=\"Escrito por\" \/>\n\t<meta name=\"twitter:data1\" content=\"Hern\u00e1n L\u00f3pez\" \/>\n\t<meta name=\"twitter:label2\" content=\"Tiempo de lectura\" \/>\n\t<meta name=\"twitter:data2\" content=\"1 minuto\" \/>\n<script type=\"application\/ld+json\" class=\"yoast-schema-graph\">{\"@context\":\"https:\\\/\\\/schema.org\",\"@graph\":[{\"@type\":\"Article\",\"@id\":\"https:\\\/\\\/diarioprincipios.com\\\/index.php\\\/2020\\\/06\\\/05\\\/quilmes-es-un-ejemplo-de-como-deben-sesionar-los-concejos-deliberantes-en-tiempo-de-pandemia\\\/#article\",\"isPartOf\":{\"@id\":\"https:\\\/\\\/diarioprincipios.com\\\/index.php\\\/2020\\\/06\\\/05\\\/quilmes-es-un-ejemplo-de-como-deben-sesionar-los-concejos-deliberantes-en-tiempo-de-pandemia\\\/\"},\"author\":{\"name\":\"Hern\u00e1n L\u00f3pez\",\"@id\":\"https:\\\/\\\/diarioprincipios.com\\\/#\\\/schema\\\/person\\\/436d5a1fd41a5e250e23ff5a6a7cb080\"},\"headline\":\"Quilmes es un ejemplo de como deben sesionar los Concejos Deliberantes en tiempo de Pandemia\",\"datePublished\":\"2020-06-05T18:48:55+00:00\",\"dateModified\":\"2020-06-05T18:48:56+00:00\",\"mainEntityOfPage\":{\"@id\":\"https:\\\/\\\/diarioprincipios.com\\\/index.php\\\/2020\\\/06\\\/05\\\/quilmes-es-un-ejemplo-de-como-deben-sesionar-los-concejos-deliberantes-en-tiempo-de-pandemia\\\/\"},\"wordCount\":150,\"commentCount\":0,\"publisher\":{\"@id\":\"https:\\\/\\\/diarioprincipios.com\\\/#organization\"},\"image\":{\"@id\":\"https:\\\/\\\/diarioprincipios.com\\\/index.php\\\/2020\\\/06\\\/05\\\/quilmes-es-un-ejemplo-de-como-deben-sesionar-los-concejos-deliberantes-en-tiempo-de-pandemia\\\/#primaryimage\"},\"thumbnailUrl\":\"https:\\\/\\\/diarioprincipios.com\\\/wp-content\\\/uploads\\\/2020\\\/05\\\/IMG-20200522-WA0001.jpg\",\"articleSection\":[\"Quilmes\"],\"inLanguage\":\"es\",\"potentialAction\":[{\"@type\":\"CommentAction\",\"name\":\"Comment\",\"target\":[\"https:\\\/\\\/diarioprincipios.com\\\/index.php\\\/2020\\\/06\\\/05\\\/quilmes-es-un-ejemplo-de-como-deben-sesionar-los-concejos-deliberantes-en-tiempo-de-pandemia\\\/#respond\"]}]},{\"@type\":\"WebPage\",\"@id\":\"https:\\\/\\\/diarioprincipios.com\\\/index.php\\\/2020\\\/06\\\/05\\\/quilmes-es-un-ejemplo-de-como-deben-sesionar-los-concejos-deliberantes-en-tiempo-de-pandemia\\\/\",\"url\":\"https:\\\/\\\/diarioprincipios.com\\\/index.php\\\/2020\\\/06\\\/05\\\/quilmes-es-un-ejemplo-de-como-deben-sesionar-los-concejos-deliberantes-en-tiempo-de-pandemia\\\/\",\"name\":\"Quilmes es un ejemplo de como deben sesionar los Concejos Deliberantes en tiempo de Pandemia - Principios\",\"isPartOf\":{\"@id\":\"https:\\\/\\\/diarioprincipios.com\\\/#website\"},\"primaryImageOfPage\":{\"@id\":\"https:\\\/\\\/diarioprincipios.com\\\/index.php\\\/2020\\\/06\\\/05\\\/quilmes-es-un-ejemplo-de-como-deben-sesionar-los-concejos-deliberantes-en-tiempo-de-pandemia\\\/#primaryimage\"},\"image\":{\"@id\":\"https:\\\/\\\/diarioprincipios.com\\\/index.php\\\/2020\\\/06\\\/05\\\/quilmes-es-un-ejemplo-de-como-deben-sesionar-los-concejos-deliberantes-en-tiempo-de-pandemia\\\/#primaryimage\"},\"thumbnailUrl\":\"https:\\\/\\\/diarioprincipios.com\\\/wp-content\\\/uploads\\\/2020\\\/05\\\/IMG-20200522-WA0001.jpg\",\"datePublished\":\"2020-06-05T18:48:55+00:00\",\"dateModified\":\"2020-06-05T18:48:56+00:00\",\"breadcrumb\":{\"@id\":\"https:\\\/\\\/diarioprincipios.com\\\/index.php\\\/2020\\\/06\\\/05\\\/quilmes-es-un-ejemplo-de-como-deben-sesionar-los-concejos-deliberantes-en-tiempo-de-pandemia\\\/#breadcrumb\"},\"inLanguage\":\"es\",\"potentialAction\":[{\"@type\":\"ReadAction\",\"target\":[\"https:\\\/\\\/diarioprincipios.com\\\/index.php\\\/2020\\\/06\\\/05\\\/quilmes-es-un-ejemplo-de-como-deben-sesionar-los-concejos-deliberantes-en-tiempo-de-pandemia\\\/\"]}]},{\"@type\":\"ImageObject\",\"inLanguage\":\"es\",\"@id\":\"https:\\\/\\\/diarioprincipios.com\\\/index.php\\\/2020\\\/06\\\/05\\\/quilmes-es-un-ejemplo-de-como-deben-sesionar-los-concejos-deliberantes-en-tiempo-de-pandemia\\\/#primaryimage\",\"url\":\"https:\\\/\\\/diarioprincipios.com\\\/wp-content\\\/uploads\\\/2020\\\/05\\\/IMG-20200522-WA0001.jpg\",\"contentUrl\":\"https:\\\/\\\/diarioprincipios.com\\\/wp-content\\\/uploads\\\/2020\\\/05\\\/IMG-20200522-WA0001.jpg\",\"width\":1280,\"height\":735},{\"@type\":\"BreadcrumbList\",\"@id\":\"https:\\\/\\\/diarioprincipios.com\\\/index.php\\\/2020\\\/06\\\/05\\\/quilmes-es-un-ejemplo-de-como-deben-sesionar-los-concejos-deliberantes-en-tiempo-de-pandemia\\\/#breadcrumb\",\"itemListElement\":[{\"@type\":\"ListItem\",\"position\":1,\"name\":\"Portada\",\"item\":\"https:\\\/\\\/diarioprincipios.com\\\/\"},{\"@type\":\"ListItem\",\"position\":2,\"name\":\"Quilmes es un ejemplo de como deben sesionar los Concejos Deliberantes en tiempo de Pandemia\"}]},{\"@type\":\"WebSite\",\"@id\":\"https:\\\/\\\/diarioprincipios.com\\\/#website\",\"url\":\"https:\\\/\\\/diarioprincipios.com\\\/\",\"name\":\"Principios\",\"description\":\"Principios Diario\",\"publisher\":{\"@id\":\"https:\\\/\\\/diarioprincipios.com\\\/#organization\"},\"potentialAction\":[{\"@type\":\"SearchAction\",\"target\":{\"@type\":\"EntryPoint\",\"urlTemplate\":\"https:\\\/\\\/diarioprincipios.com\\\/?s={search_term_string}\"},\"query-input\":{\"@type\":\"PropertyValueSpecification\",\"valueRequired\":true,\"valueName\":\"search_term_string\"}}],\"inLanguage\":\"es\"},{\"@type\":\"Organization\",\"@id\":\"https:\\\/\\\/diarioprincipios.com\\\/#organization\",\"name\":\"Principios\",\"url\":\"https:\\\/\\\/diarioprincipios.com\\\/\",\"logo\":{\"@type\":\"ImageObject\",\"inLanguage\":\"es\",\"@id\":\"https:\\\/\\\/diarioprincipios.com\\\/#\\\/schema\\\/logo\\\/image\\\/\",\"url\":\"https:\\\/\\\/diarioprincipios.com\\\/wp-content\\\/uploads\\\/2024\\\/04\\\/cropped-www.diarioprincipios.com_-1.png\",\"contentUrl\":\"https:\\\/\\\/diarioprincipios.com\\\/wp-content\\\/uploads\\\/2024\\\/04\\\/cropped-www.diarioprincipios.com_-1.png\",\"width\":5325,\"height\":1454,\"caption\":\"Principios\"},\"image\":{\"@id\":\"https:\\\/\\\/diarioprincipios.com\\\/#\\\/schema\\\/logo\\\/image\\\/\"}},{\"@type\":\"Person\",\"@id\":\"https:\\\/\\\/diarioprincipios.com\\\/#\\\/schema\\\/person\\\/436d5a1fd41a5e250e23ff5a6a7cb080\",\"name\":\"Hern\u00e1n L\u00f3pez\",\"image\":{\"@type\":\"ImageObject\",\"inLanguage\":\"es\",\"@id\":\"https:\\\/\\\/diarioprincipios.com\\\/wp-content\\\/litespeed\\\/avatar\\\/11ddfe5610ff3bd100522525b2571f48.jpg?ver=1777653193\",\"url\":\"https:\\\/\\\/diarioprincipios.com\\\/wp-content\\\/litespeed\\\/avatar\\\/11ddfe5610ff3bd100522525b2571f48.jpg?ver=1777653193\",\"contentUrl\":\"https:\\\/\\\/diarioprincipios.com\\\/wp-content\\\/litespeed\\\/avatar\\\/11ddfe5610ff3bd100522525b2571f48.jpg?ver=1777653193\",\"caption\":\"Hern\u00e1n L\u00f3pez\"},\"url\":\"https:\\\/\\\/diarioprincipios.com\\\/index.php\\\/author\\\/hernan\\\/\"}]}<\/script>\n<!-- \/ Yoast SEO plugin. -->","yoast_head_json":{"title":"Quilmes es un ejemplo de como deben sesionar los Concejos Deliberantes en tiempo de Pandemia - Principios","robots":{"index":"index","follow":"follow","max-snippet":"max-snippet:-1","max-image-preview":"max-image-preview:large","max-video-preview":"max-video-preview:-1"},"canonical":"https:\/\/diarioprincipios.com\/index.php\/2020\/06\/05\/quilmes-es-un-ejemplo-de-como-deben-sesionar-los-concejos-deliberantes-en-tiempo-de-pandemia\/","og_locale":"es_ES","og_type":"article","og_title":"Quilmes es un ejemplo de como deben sesionar los Concejos Deliberantes en tiempo de Pandemia - Principios","og_description":"El Presidente del Honorable Concejo Deliberante de Quilmes, Fabio B\u00e1ez, convoc\u00f3 a Sesi\u00f3n Extraordinaria para el d\u00eda lunes 8 de junio a las 10 horas, a realizarse bajo la modalidad virtual.Dicha sesi\u00f3n se llevar\u00e1 a cabo solamente con la presencia del Presidente del Cuerpo, Secretarios, Presidentes de bloques y el m\u00ednimo de personal necesario en...","og_url":"https:\/\/diarioprincipios.com\/index.php\/2020\/06\/05\/quilmes-es-un-ejemplo-de-como-deben-sesionar-los-concejos-deliberantes-en-tiempo-de-pandemia\/","og_site_name":"Principios","article_published_time":"2020-06-05T18:48:55+00:00","article_modified_time":"2020-06-05T18:48:56+00:00","og_image":[{"width":1280,"height":735,"url":"https:\/\/diarioprincipios.com\/wp-content\/uploads\/2020\/05\/IMG-20200522-WA0001.jpg","type":"image\/jpeg"}],"author":"Hern\u00e1n L\u00f3pez","twitter_card":"summary_large_image","twitter_misc":{"Escrito por":"Hern\u00e1n L\u00f3pez","Tiempo de lectura":"1 minuto"},"schema":{"@context":"https:\/\/schema.org","@graph":[{"@type":"Article","@id":"https:\/\/diarioprincipios.com\/index.php\/2020\/06\/05\/quilmes-es-un-ejemplo-de-como-deben-sesionar-los-concejos-deliberantes-en-tiempo-de-pandemia\/#article","isPartOf":{"@id":"https:\/\/diarioprincipios.com\/index.php\/2020\/06\/05\/quilmes-es-un-ejemplo-de-como-deben-sesionar-los-concejos-deliberantes-en-tiempo-de-pandemia\/"},"author":{"name":"Hern\u00e1n L\u00f3pez","@id":"https:\/\/diarioprincipios.com\/#\/schema\/person\/436d5a1fd41a5e250e23ff5a6a7cb080"},"headline":"Quilmes es un ejemplo de como deben sesionar los Concejos Deliberantes en tiempo de Pandemia","datePublished":"2020-06-05T18:48:55+00:00","dateModified":"2020-06-05T18:48:56+00:00","mainEntityOfPage":{"@id":"https:\/\/diarioprincipios.com\/index.php\/2020\/06\/05\/quilmes-es-un-ejemplo-de-como-deben-sesionar-los-concejos-deliberantes-en-tiempo-de-pandemia\/"},"wordCount":150,"commentCount":0,"publisher":{"@id":"https:\/\/diarioprincipios.com\/#organization"},"image":{"@id":"https:\/\/diarioprincipios.com\/index.php\/2020\/06\/05\/quilmes-es-un-ejemplo-de-como-deben-sesionar-los-concejos-deliberantes-en-tiempo-de-pandemia\/#primaryimage"},"thumbnailUrl":"https:\/\/diarioprincipios.com\/wp-content\/uploads\/2020\/05\/IMG-20200522-WA0001.jpg","articleSection":["Quilmes"],"inLanguage":"es","potentialAction":[{"@type":"CommentAction","name":"Comment","target":["https:\/\/diarioprincipios.com\/index.php\/2020\/06\/05\/quilmes-es-un-ejemplo-de-como-deben-sesionar-los-concejos-deliberantes-en-tiempo-de-pandemia\/#respond"]}]},{"@type":"WebPage","@id":"https:\/\/diarioprincipios.com\/index.php\/2020\/06\/05\/quilmes-es-un-ejemplo-de-como-deben-sesionar-los-concejos-deliberantes-en-tiempo-de-pandemia\/","url":"https:\/\/diarioprincipios.com\/index.php\/2020\/06\/05\/quilmes-es-un-ejemplo-de-como-deben-sesionar-los-concejos-deliberantes-en-tiempo-de-pandemia\/","name":"Quilmes es un ejemplo de como deben sesionar los Concejos Deliberantes en tiempo de Pandemia - Principios","isPartOf":{"@id":"https:\/\/diarioprincipios.com\/#website"},"primaryImageOfPage":{"@id":"https:\/\/diarioprincipios.com\/index.php\/2020\/06\/05\/quilmes-es-un-ejemplo-de-como-deben-sesionar-los-concejos-deliberantes-en-tiempo-de-pandemia\/#primaryimage"},"image":{"@id":"https:\/\/diarioprincipios.com\/index.php\/2020\/06\/05\/quilmes-es-un-ejemplo-de-como-deben-sesionar-los-concejos-deliberantes-en-tiempo-de-pandemia\/#primaryimage"},"thumbnailUrl":"https:\/\/diarioprincipios.com\/wp-content\/uploads\/2020\/05\/IMG-20200522-WA0001.jpg","datePublished":"2020-06-05T18:48:55+00:00","dateModified":"2020-06-05T18:48:56+00:00","breadcrumb":{"@id":"https:\/\/diarioprincipios.com\/index.php\/2020\/06\/05\/quilmes-es-un-ejemplo-de-como-deben-sesionar-los-concejos-deliberantes-en-tiempo-de-pandemia\/#breadcrumb"},"inLanguage":"es","potentialAction":[{"@type":"ReadAction","target":["https:\/\/diarioprincipios.com\/index.php\/2020\/06\/05\/quilmes-es-un-ejemplo-de-como-deben-sesionar-los-concejos-deliberantes-en-tiempo-de-pandemia\/"]}]},{"@type":"ImageObject","inLanguage":"es","@id":"https:\/\/diarioprincipios.com\/index.php\/2020\/06\/05\/quilmes-es-un-ejemplo-de-como-deben-sesionar-los-concejos-deliberantes-en-tiempo-de-pandemia\/#primaryimage","url":"https:\/\/diarioprincipios.com\/wp-content\/uploads\/2020\/05\/IMG-20200522-WA0001.jpg","contentUrl":"https:\/\/diarioprincipios.com\/wp-content\/uploads\/2020\/05\/IMG-20200522-WA0001.jpg","width":1280,"height":735},{"@type":"BreadcrumbList","@id":"https:\/\/diarioprincipios.com\/index.php\/2020\/06\/05\/quilmes-es-un-ejemplo-de-como-deben-sesionar-los-concejos-deliberantes-en-tiempo-de-pandemia\/#breadcrumb","itemListElement":[{"@type":"ListItem","position":1,"name":"Portada","item":"https:\/\/diarioprincipios.com\/"},{"@type":"ListItem","position":2,"name":"Quilmes es un ejemplo de como deben sesionar los Concejos Deliberantes en tiempo de Pandemia"}]},{"@type":"WebSite","@id":"https:\/\/diarioprincipios.com\/#website","url":"https:\/\/diarioprincipios.com\/","name":"Principios","description":"Principios Diario","publisher":{"@id":"https:\/\/diarioprincipios.com\/#organization"},"potentialAction":[{"@type":"SearchAction","target":{"@type":"EntryPoint","urlTemplate":"https:\/\/diarioprincipios.com\/?s={search_term_string}"},"query-input":{"@type":"PropertyValueSpecification","valueRequired":true,"valueName":"search_term_string"}}],"inLanguage":"es"},{"@type":"Organization","@id":"https:\/\/diarioprincipios.com\/#organization","name":"Principios","url":"https:\/\/diarioprincipios.com\/","logo":{"@type":"ImageObject","inLanguage":"es","@id":"https:\/\/diarioprincipios.com\/#\/schema\/logo\/image\/","url":"https:\/\/diarioprincipios.com\/wp-content\/uploads\/2024\/04\/cropped-www.diarioprincipios.com_-1.png","contentUrl":"https:\/\/diarioprincipios.com\/wp-content\/uploads\/2024\/04\/cropped-www.diarioprincipios.com_-1.png","width":5325,"height":1454,"caption":"Principios"},"image":{"@id":"https:\/\/diarioprincipios.com\/#\/schema\/logo\/image\/"}},{"@type":"Person","@id":"https:\/\/diarioprincipios.com\/#\/schema\/person\/436d5a1fd41a5e250e23ff5a6a7cb080","name":"Hern\u00e1n L\u00f3pez","image":{"@type":"ImageObject","inLanguage":"es","@id":"https:\/\/diarioprincipios.com\/wp-content\/litespeed\/avatar\/11ddfe5610ff3bd100522525b2571f48.jpg?ver=1777653193","url":"https:\/\/diarioprincipios.com\/wp-content\/litespeed\/avatar\/11ddfe5610ff3bd100522525b2571f48.jpg?ver=1777653193","contentUrl":"https:\/\/diarioprincipios.com\/wp-content\/litespeed\/avatar\/11ddfe5610ff3bd100522525b2571f48.jpg?ver=1777653193","caption":"Hern\u00e1n L\u00f3pez"},"url":"https:\/\/diarioprincipios.com\/index.php\/author\/hernan\/"}]}},"jetpack_featured_media_url":"https:\/\/diarioprincipios.com\/wp-content\/uploads\/2020\/05\/IMG-20200522-WA0001.jpg","_links":{"self":[{"href":"https:\/\/diarioprincipios.com\/index.php\/wp-json\/wp\/v2\/posts\/2564","targetHints":{"allow":["GET"]}}],"collection":[{"href":"https:\/\/diarioprincipios.com\/index.php\/wp-json\/wp\/v2\/posts"}],"about":[{"href":"https:\/\/diarioprincipios.com\/index.php\/wp-json\/wp\/v2\/types\/post"}],"author":[{"embeddable":true,"href":"https:\/\/diarioprincipios.com\/index.php\/wp-json\/wp\/v2\/users\/2"}],"replies":[{"embeddable":true,"href":"https:\/\/diarioprincipios.com\/index.php\/wp-json\/wp\/v2\/comments?post=2564"}],"version-history":[{"count":1,"href":"https:\/\/diarioprincipios.com\/index.php\/wp-json\/wp\/v2\/posts\/2564\/revisions"}],"predecessor-version":[{"id":2565,"href":"https:\/\/diarioprincipios.com\/index.php\/wp-json\/wp\/v2\/posts\/2564\/revisions\/2565"}],"wp:featuredmedia":[{"embeddable":true,"href":"https:\/\/diarioprincipios.com\/index.php\/wp-json\/wp\/v2\/media\/1998"}],"wp:attachment":[{"href":"https:\/\/diarioprincipios.com\/index.php\/wp-json\/wp\/v2\/media?parent=2564"}],"wp:term":[{"taxonomy":"category","embeddable":true,"href":"https:\/\/diarioprincipios.com\/index.php\/wp-json\/wp\/v2\/categories?post=2564"},{"taxonomy":"post_tag","embeddable":true,"href":"https:\/\/diarioprincipios.com\/index.php\/wp-json\/wp\/v2\/tags?post=2564"}],"curies":[{"name":"wp","href":"https:\/\/api.w.org\/{rel}","templated":true}]}}