{"id":25637,"date":"2025-10-17T14:48:32","date_gmt":"2025-10-17T17:48:32","guid":{"rendered":"https:\/\/diarioprincipios.com\/?p=25637"},"modified":"2025-10-17T14:48:33","modified_gmt":"2025-10-17T17:48:33","slug":"el-3er-gran-premio-argentino-rios-hizo-historia-en-berazategui","status":"publish","type":"post","link":"https:\/\/diarioprincipios.com\/index.php\/2025\/10\/17\/el-3er-gran-premio-argentino-rios-hizo-historia-en-berazategui\/","title":{"rendered":"El 3er Gran Premio Argentino R\u00edos hizo historia en Berazategui"},"content":{"rendered":"\n<p><strong>El domingo 12 de octubre se realiz\u00f3 una nueva edici\u00f3n del Gran Premio Argentino R\u00edos, una hist\u00f3rica carrera de ciclismo en circuito callejero, organizada por la Pe\u00f1a Ciclista del Vidrio, en colaboraci\u00f3n con la Municipalidad de Berazategui y con el impulso del intendente Juan Jos\u00e9 Mussi. Se desarroll\u00f3 sobre Av. Mitre entre Av. Varela y la Plazoleta de los Autonomistas (calle 7) y cont\u00f3 con una amplia participaci\u00f3n de ciclistas. Tambi\u00e9n hubo muchos vecinos y vecinas que se acercaron a disfrutar de la competencia.<\/strong><br>\u201cHoy, en este evento tan importante en Berazategui, quer\u00eda saludarlos, agradecerle a quienes tomaron la iniciativa de organizar este tercer Gran Premio, reivindicando aquello que hac\u00eda nuestro gran y querido Argentino R\u00edos. S\u00e9 que fue un \u00e9xito, tuvieron una gran concurrencia. Nuestro pueblo, Berazategui, se merece estas cosas: que vecinos, junto con el Municipio, lo hayan organizado. Estoy orgulloso de Berazategui, de que podamos hacer todas estas cosas. Los acompa\u00f1o y felicito. Agradezco a todos los que participaron; poder haberlo hecho juntos nos llena de alegr\u00eda\u201d, manifest\u00f3 Mussi en un mensaje enviado a los presentes.<\/p>\n\n\n\n<figure class=\"wp-block-image size-large\"><img loading=\"lazy\" decoding=\"async\" width=\"1024\" height=\"683\" src=\"https:\/\/diarioprincipios.com\/wp-content\/uploads\/2025\/10\/El-3er-Gran-Premio-Argentino-Rios-hizo-historia-en-Berazategui-5-1024x683.jpg\" alt=\"\" class=\"wp-image-25638\" srcset=\"https:\/\/diarioprincipios.com\/wp-content\/uploads\/2025\/10\/El-3er-Gran-Premio-Argentino-Rios-hizo-historia-en-Berazategui-5-1024x683.jpg 1024w, https:\/\/diarioprincipios.com\/wp-content\/uploads\/2025\/10\/El-3er-Gran-Premio-Argentino-Rios-hizo-historia-en-Berazategui-5-300x200.jpg 300w, https:\/\/diarioprincipios.com\/wp-content\/uploads\/2025\/10\/El-3er-Gran-Premio-Argentino-Rios-hizo-historia-en-Berazategui-5-768x512.jpg 768w, https:\/\/diarioprincipios.com\/wp-content\/uploads\/2025\/10\/El-3er-Gran-Premio-Argentino-Rios-hizo-historia-en-Berazategui-5-1536x1024.jpg 1536w, https:\/\/diarioprincipios.com\/wp-content\/uploads\/2025\/10\/El-3er-Gran-Premio-Argentino-Rios-hizo-historia-en-Berazategui-5-600x400.jpg 600w, https:\/\/diarioprincipios.com\/wp-content\/uploads\/2025\/10\/El-3er-Gran-Premio-Argentino-Rios-hizo-historia-en-Berazategui-5.jpg 1920w\" sizes=\"auto, (max-width: 1024px) 100vw, 1024px\" \/><\/figure>\n\n\n\n<p><br>Asimismo, Roberto Invernizzi, ciclista aficionado e integrante organizador, coment\u00f3: \u201cEsto es resultado del esfuerzo de mucha gente. Logramos que sea un \u00e9xito gracias al staff, los bomberos, la Estaci\u00f3n de Servicio Trivi y el Municipio de Berazategui. Fue una fiesta y estamos muy contentos. Tuvimos todas las categor\u00edas federadas y una no federada donde participaron nuestros vecinos: los que transitamos las calles de Berazategui con nuestra bicicleta. Agradecemos el esfuerzo de nuestros sponsors y a la comunidad local. Despu\u00e9s de 14 a\u00f1os, nuevamente tuvimos un Gran Premio en las calles de nuestra ciudad. La Municipalidad y la gente de Berazategui apoyan el deporte\u201d.<\/p>\n\n\n\n<figure class=\"wp-block-image size-large\"><img loading=\"lazy\" decoding=\"async\" width=\"1024\" height=\"683\" src=\"https:\/\/diarioprincipios.com\/wp-content\/uploads\/2025\/10\/El-3er-Gran-Premio-Argentino-Rios-hizo-historia-en-Berazategui-3-1024x683.jpg\" alt=\"\" class=\"wp-image-25639\" srcset=\"https:\/\/diarioprincipios.com\/wp-content\/uploads\/2025\/10\/El-3er-Gran-Premio-Argentino-Rios-hizo-historia-en-Berazategui-3-1024x683.jpg 1024w, https:\/\/diarioprincipios.com\/wp-content\/uploads\/2025\/10\/El-3er-Gran-Premio-Argentino-Rios-hizo-historia-en-Berazategui-3-300x200.jpg 300w, https:\/\/diarioprincipios.com\/wp-content\/uploads\/2025\/10\/El-3er-Gran-Premio-Argentino-Rios-hizo-historia-en-Berazategui-3-768x512.jpg 768w, https:\/\/diarioprincipios.com\/wp-content\/uploads\/2025\/10\/El-3er-Gran-Premio-Argentino-Rios-hizo-historia-en-Berazategui-3-1536x1024.jpg 1536w, https:\/\/diarioprincipios.com\/wp-content\/uploads\/2025\/10\/El-3er-Gran-Premio-Argentino-Rios-hizo-historia-en-Berazategui-3-600x400.jpg 600w, https:\/\/diarioprincipios.com\/wp-content\/uploads\/2025\/10\/El-3er-Gran-Premio-Argentino-Rios-hizo-historia-en-Berazategui-3.jpg 1920w\" sizes=\"auto, (max-width: 1024px) 100vw, 1024px\" \/><\/figure>\n\n\n\n<p><br>Por su parte, Sergio Fredes, ganador en la categor\u00eda Elite del 3er Gran Premio Argentino R\u00edos, expres\u00f3: \u201cFue una competencia muy linda. Volv\u00ed despu\u00e9s de varios a\u00f1os, de la mejor manera. Es muy bueno que en Berazategui se hagan estos eventos, para el p\u00fablico especialmente. Que vean que hay un deporte que es el ciclismo, que si bien no es tan popular, es muy familiero. A los deportistas nos hacen falta este tipo de carreras, salir de los circuitos permanentes. Agradezco al Municipio, a la Comisi\u00f3n -que se anim\u00f3 nuevamente a organizarlo- y a todos los que apoyaron y aportaron para que sea posible\u201d.<br>Este Gran Premio homenaje\u00f3 a Argentino R\u00edos, quien fund\u00f3 la Pe\u00f1a Ciclista del Vidrio de Berazategui el 2 de agosto de 1972. La carrera tuvo el mismo circuito que \u00e9l utilizaba y se concret\u00f3 donde se hizo la \u00faltima competencia hace 11 a\u00f1os. Esta carrera federada cont\u00f3 con los mejores exponentes del ciclismo, los campeones argentinos, los panamericanos, la Selecci\u00f3n Argentina, la Selecci\u00f3n Bonaerense y el equipo del Sindicato Argentino de la Televisi\u00f3n, entre muchos otros. Asimismo, estuvieron presentes integrantes del Gabinete municipal.<\/p>\n","protected":false},"excerpt":{"rendered":"<p>El domingo 12 de octubre se realiz\u00f3 una nueva edici\u00f3n del Gran Premio Argentino R\u00edos, una hist\u00f3rica carrera de ciclismo en circuito callejero, organizada por la Pe\u00f1a Ciclista del Vidrio, en colaboraci\u00f3n con la Municipalidad de Berazategui y con el impulso del intendente Juan Jos\u00e9 Mussi. Se desarroll\u00f3 sobre Av. Mitre entre Av. Varela y&#8230;<\/p>\n","protected":false},"author":2,"featured_media":25640,"comment_status":"open","ping_status":"open","sticky":false,"template":"","format":"standard","meta":{"footnotes":""},"categories":[3,6],"tags":[],"class_list":["post-25637","post","type-post","status-publish","format-standard","has-post-thumbnail","hentry","category-berazategui","category-deportes"],"featured_image_src":"https:\/\/diarioprincipios.com\/wp-content\/uploads\/2025\/10\/El-3er-Gran-Premio-Argentino-Rios-hizo-historia-en-Berazategui-4-1024x683.jpg","blog_images":{"medium":"https:\/\/diarioprincipios.com\/wp-content\/uploads\/2025\/10\/El-3er-Gran-Premio-Argentino-Rios-hizo-historia-en-Berazategui-4-300x200.jpg","large":"https:\/\/diarioprincipios.com\/wp-content\/uploads\/2025\/10\/El-3er-Gran-Premio-Argentino-Rios-hizo-historia-en-Berazategui-4-1024x683.jpg"},"ams_acf":[],"yoast_head":"<!-- This site is optimized with the Yoast SEO plugin v27.3 - https:\/\/yoast.com\/product\/yoast-seo-wordpress\/ -->\n<title>El 3er Gran Premio Argentino R\u00edos hizo historia en Berazategui - Principios<\/title>\n<meta name=\"robots\" content=\"index, follow, max-snippet:-1, max-image-preview:large, max-video-preview:-1\" \/>\n<link rel=\"canonical\" href=\"https:\/\/diarioprincipios.com\/index.php\/2025\/10\/17\/el-3er-gran-premio-argentino-rios-hizo-historia-en-berazategui\/\" \/>\n<meta property=\"og:locale\" content=\"es_ES\" \/>\n<meta property=\"og:type\" content=\"article\" \/>\n<meta property=\"og:title\" content=\"El 3er Gran Premio Argentino R\u00edos hizo historia en Berazategui - Principios\" \/>\n<meta property=\"og:description\" content=\"El domingo 12 de octubre se realiz\u00f3 una nueva edici\u00f3n del Gran Premio Argentino R\u00edos, una hist\u00f3rica carrera de ciclismo en circuito callejero, organizada por la Pe\u00f1a Ciclista del Vidrio, en colaboraci\u00f3n con la Municipalidad de Berazategui y con el impulso del intendente Juan Jos\u00e9 Mussi. Se desarroll\u00f3 sobre Av. Mitre entre Av. Varela y...\" \/>\n<meta property=\"og:url\" content=\"https:\/\/diarioprincipios.com\/index.php\/2025\/10\/17\/el-3er-gran-premio-argentino-rios-hizo-historia-en-berazategui\/\" \/>\n<meta property=\"og:site_name\" content=\"Principios\" \/>\n<meta property=\"article:published_time\" content=\"2025-10-17T17:48:32+00:00\" \/>\n<meta property=\"article:modified_time\" content=\"2025-10-17T17:48:33+00:00\" \/>\n<meta property=\"og:image\" content=\"https:\/\/diarioprincipios.com\/wp-content\/uploads\/2025\/10\/El-3er-Gran-Premio-Argentino-Rios-hizo-historia-en-Berazategui-4.jpg\" \/>\n\t<meta property=\"og:image:width\" content=\"1920\" \/>\n\t<meta property=\"og:image:height\" content=\"1280\" \/>\n\t<meta property=\"og:image:type\" content=\"image\/jpeg\" \/>\n<meta name=\"author\" content=\"Hern\u00e1n L\u00f3pez\" \/>\n<meta name=\"twitter:card\" content=\"summary_large_image\" \/>\n<meta name=\"twitter:label1\" content=\"Escrito por\" \/>\n\t<meta name=\"twitter:data1\" content=\"Hern\u00e1n L\u00f3pez\" \/>\n\t<meta name=\"twitter:label2\" content=\"Tiempo de lectura\" \/>\n\t<meta name=\"twitter:data2\" content=\"3 minutos\" \/>\n<script type=\"application\/ld+json\" class=\"yoast-schema-graph\">{\"@context\":\"https:\\\/\\\/schema.org\",\"@graph\":[{\"@type\":\"Article\",\"@id\":\"https:\\\/\\\/diarioprincipios.com\\\/index.php\\\/2025\\\/10\\\/17\\\/el-3er-gran-premio-argentino-rios-hizo-historia-en-berazategui\\\/#article\",\"isPartOf\":{\"@id\":\"https:\\\/\\\/diarioprincipios.com\\\/index.php\\\/2025\\\/10\\\/17\\\/el-3er-gran-premio-argentino-rios-hizo-historia-en-berazategui\\\/\"},\"author\":{\"name\":\"Hern\u00e1n L\u00f3pez\",\"@id\":\"https:\\\/\\\/diarioprincipios.com\\\/#\\\/schema\\\/person\\\/436d5a1fd41a5e250e23ff5a6a7cb080\"},\"headline\":\"El 3er Gran Premio Argentino R\u00edos hizo historia en Berazategui\",\"datePublished\":\"2025-10-17T17:48:32+00:00\",\"dateModified\":\"2025-10-17T17:48:33+00:00\",\"mainEntityOfPage\":{\"@id\":\"https:\\\/\\\/diarioprincipios.com\\\/index.php\\\/2025\\\/10\\\/17\\\/el-3er-gran-premio-argentino-rios-hizo-historia-en-berazategui\\\/\"},\"wordCount\":502,\"commentCount\":0,\"publisher\":{\"@id\":\"https:\\\/\\\/diarioprincipios.com\\\/#organization\"},\"image\":{\"@id\":\"https:\\\/\\\/diarioprincipios.com\\\/index.php\\\/2025\\\/10\\\/17\\\/el-3er-gran-premio-argentino-rios-hizo-historia-en-berazategui\\\/#primaryimage\"},\"thumbnailUrl\":\"https:\\\/\\\/diarioprincipios.com\\\/wp-content\\\/uploads\\\/2025\\\/10\\\/El-3er-Gran-Premio-Argentino-Rios-hizo-historia-en-Berazategui-4.jpg\",\"articleSection\":[\"Berazategui\",\"Deportes\"],\"inLanguage\":\"es\",\"potentialAction\":[{\"@type\":\"CommentAction\",\"name\":\"Comment\",\"target\":[\"https:\\\/\\\/diarioprincipios.com\\\/index.php\\\/2025\\\/10\\\/17\\\/el-3er-gran-premio-argentino-rios-hizo-historia-en-berazategui\\\/#respond\"]}]},{\"@type\":\"WebPage\",\"@id\":\"https:\\\/\\\/diarioprincipios.com\\\/index.php\\\/2025\\\/10\\\/17\\\/el-3er-gran-premio-argentino-rios-hizo-historia-en-berazategui\\\/\",\"url\":\"https:\\\/\\\/diarioprincipios.com\\\/index.php\\\/2025\\\/10\\\/17\\\/el-3er-gran-premio-argentino-rios-hizo-historia-en-berazategui\\\/\",\"name\":\"El 3er Gran Premio Argentino R\u00edos hizo historia en Berazategui - Principios\",\"isPartOf\":{\"@id\":\"https:\\\/\\\/diarioprincipios.com\\\/#website\"},\"primaryImageOfPage\":{\"@id\":\"https:\\\/\\\/diarioprincipios.com\\\/index.php\\\/2025\\\/10\\\/17\\\/el-3er-gran-premio-argentino-rios-hizo-historia-en-berazategui\\\/#primaryimage\"},\"image\":{\"@id\":\"https:\\\/\\\/diarioprincipios.com\\\/index.php\\\/2025\\\/10\\\/17\\\/el-3er-gran-premio-argentino-rios-hizo-historia-en-berazategui\\\/#primaryimage\"},\"thumbnailUrl\":\"https:\\\/\\\/diarioprincipios.com\\\/wp-content\\\/uploads\\\/2025\\\/10\\\/El-3er-Gran-Premio-Argentino-Rios-hizo-historia-en-Berazategui-4.jpg\",\"datePublished\":\"2025-10-17T17:48:32+00:00\",\"dateModified\":\"2025-10-17T17:48:33+00:00\",\"breadcrumb\":{\"@id\":\"https:\\\/\\\/diarioprincipios.com\\\/index.php\\\/2025\\\/10\\\/17\\\/el-3er-gran-premio-argentino-rios-hizo-historia-en-berazategui\\\/#breadcrumb\"},\"inLanguage\":\"es\",\"potentialAction\":[{\"@type\":\"ReadAction\",\"target\":[\"https:\\\/\\\/diarioprincipios.com\\\/index.php\\\/2025\\\/10\\\/17\\\/el-3er-gran-premio-argentino-rios-hizo-historia-en-berazategui\\\/\"]}]},{\"@type\":\"ImageObject\",\"inLanguage\":\"es\",\"@id\":\"https:\\\/\\\/diarioprincipios.com\\\/index.php\\\/2025\\\/10\\\/17\\\/el-3er-gran-premio-argentino-rios-hizo-historia-en-berazategui\\\/#primaryimage\",\"url\":\"https:\\\/\\\/diarioprincipios.com\\\/wp-content\\\/uploads\\\/2025\\\/10\\\/El-3er-Gran-Premio-Argentino-Rios-hizo-historia-en-Berazategui-4.jpg\",\"contentUrl\":\"https:\\\/\\\/diarioprincipios.com\\\/wp-content\\\/uploads\\\/2025\\\/10\\\/El-3er-Gran-Premio-Argentino-Rios-hizo-historia-en-Berazategui-4.jpg\",\"width\":1920,\"height\":1280},{\"@type\":\"BreadcrumbList\",\"@id\":\"https:\\\/\\\/diarioprincipios.com\\\/index.php\\\/2025\\\/10\\\/17\\\/el-3er-gran-premio-argentino-rios-hizo-historia-en-berazategui\\\/#breadcrumb\",\"itemListElement\":[{\"@type\":\"ListItem\",\"position\":1,\"name\":\"Portada\",\"item\":\"https:\\\/\\\/diarioprincipios.com\\\/\"},{\"@type\":\"ListItem\",\"position\":2,\"name\":\"El 3er Gran Premio Argentino R\u00edos hizo historia en Berazategui\"}]},{\"@type\":\"WebSite\",\"@id\":\"https:\\\/\\\/diarioprincipios.com\\\/#website\",\"url\":\"https:\\\/\\\/diarioprincipios.com\\\/\",\"name\":\"Principios\",\"description\":\"Principios Diario\",\"publisher\":{\"@id\":\"https:\\\/\\\/diarioprincipios.com\\\/#organization\"},\"potentialAction\":[{\"@type\":\"SearchAction\",\"target\":{\"@type\":\"EntryPoint\",\"urlTemplate\":\"https:\\\/\\\/diarioprincipios.com\\\/?s={search_term_string}\"},\"query-input\":{\"@type\":\"PropertyValueSpecification\",\"valueRequired\":true,\"valueName\":\"search_term_string\"}}],\"inLanguage\":\"es\"},{\"@type\":\"Organization\",\"@id\":\"https:\\\/\\\/diarioprincipios.com\\\/#organization\",\"name\":\"Principios\",\"url\":\"https:\\\/\\\/diarioprincipios.com\\\/\",\"logo\":{\"@type\":\"ImageObject\",\"inLanguage\":\"es\",\"@id\":\"https:\\\/\\\/diarioprincipios.com\\\/#\\\/schema\\\/logo\\\/image\\\/\",\"url\":\"https:\\\/\\\/diarioprincipios.com\\\/wp-content\\\/uploads\\\/2024\\\/04\\\/cropped-www.diarioprincipios.com_-1.png\",\"contentUrl\":\"https:\\\/\\\/diarioprincipios.com\\\/wp-content\\\/uploads\\\/2024\\\/04\\\/cropped-www.diarioprincipios.com_-1.png\",\"width\":5325,\"height\":1454,\"caption\":\"Principios\"},\"image\":{\"@id\":\"https:\\\/\\\/diarioprincipios.com\\\/#\\\/schema\\\/logo\\\/image\\\/\"}},{\"@type\":\"Person\",\"@id\":\"https:\\\/\\\/diarioprincipios.com\\\/#\\\/schema\\\/person\\\/436d5a1fd41a5e250e23ff5a6a7cb080\",\"name\":\"Hern\u00e1n L\u00f3pez\",\"image\":{\"@type\":\"ImageObject\",\"inLanguage\":\"es\",\"@id\":\"https:\\\/\\\/diarioprincipios.com\\\/wp-content\\\/litespeed\\\/avatar\\\/11ddfe5610ff3bd100522525b2571f48.jpg?ver=1777048341\",\"url\":\"https:\\\/\\\/diarioprincipios.com\\\/wp-content\\\/litespeed\\\/avatar\\\/11ddfe5610ff3bd100522525b2571f48.jpg?ver=1777048341\",\"contentUrl\":\"https:\\\/\\\/diarioprincipios.com\\\/wp-content\\\/litespeed\\\/avatar\\\/11ddfe5610ff3bd100522525b2571f48.jpg?ver=1777048341\",\"caption\":\"Hern\u00e1n L\u00f3pez\"},\"url\":\"https:\\\/\\\/diarioprincipios.com\\\/index.php\\\/author\\\/hernan\\\/\"}]}<\/script>\n<!-- \/ Yoast SEO plugin. -->","yoast_head_json":{"title":"El 3er Gran Premio Argentino R\u00edos hizo historia en Berazategui - Principios","robots":{"index":"index","follow":"follow","max-snippet":"max-snippet:-1","max-image-preview":"max-image-preview:large","max-video-preview":"max-video-preview:-1"},"canonical":"https:\/\/diarioprincipios.com\/index.php\/2025\/10\/17\/el-3er-gran-premio-argentino-rios-hizo-historia-en-berazategui\/","og_locale":"es_ES","og_type":"article","og_title":"El 3er Gran Premio Argentino R\u00edos hizo historia en Berazategui - Principios","og_description":"El domingo 12 de octubre se realiz\u00f3 una nueva edici\u00f3n del Gran Premio Argentino R\u00edos, una hist\u00f3rica carrera de ciclismo en circuito callejero, organizada por la Pe\u00f1a Ciclista del Vidrio, en colaboraci\u00f3n con la Municipalidad de Berazategui y con el impulso del intendente Juan Jos\u00e9 Mussi. Se desarroll\u00f3 sobre Av. Mitre entre Av. Varela y...","og_url":"https:\/\/diarioprincipios.com\/index.php\/2025\/10\/17\/el-3er-gran-premio-argentino-rios-hizo-historia-en-berazategui\/","og_site_name":"Principios","article_published_time":"2025-10-17T17:48:32+00:00","article_modified_time":"2025-10-17T17:48:33+00:00","og_image":[{"width":1920,"height":1280,"url":"https:\/\/diarioprincipios.com\/wp-content\/uploads\/2025\/10\/El-3er-Gran-Premio-Argentino-Rios-hizo-historia-en-Berazategui-4.jpg","type":"image\/jpeg"}],"author":"Hern\u00e1n L\u00f3pez","twitter_card":"summary_large_image","twitter_misc":{"Escrito por":"Hern\u00e1n L\u00f3pez","Tiempo de lectura":"3 minutos"},"schema":{"@context":"https:\/\/schema.org","@graph":[{"@type":"Article","@id":"https:\/\/diarioprincipios.com\/index.php\/2025\/10\/17\/el-3er-gran-premio-argentino-rios-hizo-historia-en-berazategui\/#article","isPartOf":{"@id":"https:\/\/diarioprincipios.com\/index.php\/2025\/10\/17\/el-3er-gran-premio-argentino-rios-hizo-historia-en-berazategui\/"},"author":{"name":"Hern\u00e1n L\u00f3pez","@id":"https:\/\/diarioprincipios.com\/#\/schema\/person\/436d5a1fd41a5e250e23ff5a6a7cb080"},"headline":"El 3er Gran Premio Argentino R\u00edos hizo historia en Berazategui","datePublished":"2025-10-17T17:48:32+00:00","dateModified":"2025-10-17T17:48:33+00:00","mainEntityOfPage":{"@id":"https:\/\/diarioprincipios.com\/index.php\/2025\/10\/17\/el-3er-gran-premio-argentino-rios-hizo-historia-en-berazategui\/"},"wordCount":502,"commentCount":0,"publisher":{"@id":"https:\/\/diarioprincipios.com\/#organization"},"image":{"@id":"https:\/\/diarioprincipios.com\/index.php\/2025\/10\/17\/el-3er-gran-premio-argentino-rios-hizo-historia-en-berazategui\/#primaryimage"},"thumbnailUrl":"https:\/\/diarioprincipios.com\/wp-content\/uploads\/2025\/10\/El-3er-Gran-Premio-Argentino-Rios-hizo-historia-en-Berazategui-4.jpg","articleSection":["Berazategui","Deportes"],"inLanguage":"es","potentialAction":[{"@type":"CommentAction","name":"Comment","target":["https:\/\/diarioprincipios.com\/index.php\/2025\/10\/17\/el-3er-gran-premio-argentino-rios-hizo-historia-en-berazategui\/#respond"]}]},{"@type":"WebPage","@id":"https:\/\/diarioprincipios.com\/index.php\/2025\/10\/17\/el-3er-gran-premio-argentino-rios-hizo-historia-en-berazategui\/","url":"https:\/\/diarioprincipios.com\/index.php\/2025\/10\/17\/el-3er-gran-premio-argentino-rios-hizo-historia-en-berazategui\/","name":"El 3er Gran Premio Argentino R\u00edos hizo historia en Berazategui - Principios","isPartOf":{"@id":"https:\/\/diarioprincipios.com\/#website"},"primaryImageOfPage":{"@id":"https:\/\/diarioprincipios.com\/index.php\/2025\/10\/17\/el-3er-gran-premio-argentino-rios-hizo-historia-en-berazategui\/#primaryimage"},"image":{"@id":"https:\/\/diarioprincipios.com\/index.php\/2025\/10\/17\/el-3er-gran-premio-argentino-rios-hizo-historia-en-berazategui\/#primaryimage"},"thumbnailUrl":"https:\/\/diarioprincipios.com\/wp-content\/uploads\/2025\/10\/El-3er-Gran-Premio-Argentino-Rios-hizo-historia-en-Berazategui-4.jpg","datePublished":"2025-10-17T17:48:32+00:00","dateModified":"2025-10-17T17:48:33+00:00","breadcrumb":{"@id":"https:\/\/diarioprincipios.com\/index.php\/2025\/10\/17\/el-3er-gran-premio-argentino-rios-hizo-historia-en-berazategui\/#breadcrumb"},"inLanguage":"es","potentialAction":[{"@type":"ReadAction","target":["https:\/\/diarioprincipios.com\/index.php\/2025\/10\/17\/el-3er-gran-premio-argentino-rios-hizo-historia-en-berazategui\/"]}]},{"@type":"ImageObject","inLanguage":"es","@id":"https:\/\/diarioprincipios.com\/index.php\/2025\/10\/17\/el-3er-gran-premio-argentino-rios-hizo-historia-en-berazategui\/#primaryimage","url":"https:\/\/diarioprincipios.com\/wp-content\/uploads\/2025\/10\/El-3er-Gran-Premio-Argentino-Rios-hizo-historia-en-Berazategui-4.jpg","contentUrl":"https:\/\/diarioprincipios.com\/wp-content\/uploads\/2025\/10\/El-3er-Gran-Premio-Argentino-Rios-hizo-historia-en-Berazategui-4.jpg","width":1920,"height":1280},{"@type":"BreadcrumbList","@id":"https:\/\/diarioprincipios.com\/index.php\/2025\/10\/17\/el-3er-gran-premio-argentino-rios-hizo-historia-en-berazategui\/#breadcrumb","itemListElement":[{"@type":"ListItem","position":1,"name":"Portada","item":"https:\/\/diarioprincipios.com\/"},{"@type":"ListItem","position":2,"name":"El 3er Gran Premio Argentino R\u00edos hizo historia en Berazategui"}]},{"@type":"WebSite","@id":"https:\/\/diarioprincipios.com\/#website","url":"https:\/\/diarioprincipios.com\/","name":"Principios","description":"Principios Diario","publisher":{"@id":"https:\/\/diarioprincipios.com\/#organization"},"potentialAction":[{"@type":"SearchAction","target":{"@type":"EntryPoint","urlTemplate":"https:\/\/diarioprincipios.com\/?s={search_term_string}"},"query-input":{"@type":"PropertyValueSpecification","valueRequired":true,"valueName":"search_term_string"}}],"inLanguage":"es"},{"@type":"Organization","@id":"https:\/\/diarioprincipios.com\/#organization","name":"Principios","url":"https:\/\/diarioprincipios.com\/","logo":{"@type":"ImageObject","inLanguage":"es","@id":"https:\/\/diarioprincipios.com\/#\/schema\/logo\/image\/","url":"https:\/\/diarioprincipios.com\/wp-content\/uploads\/2024\/04\/cropped-www.diarioprincipios.com_-1.png","contentUrl":"https:\/\/diarioprincipios.com\/wp-content\/uploads\/2024\/04\/cropped-www.diarioprincipios.com_-1.png","width":5325,"height":1454,"caption":"Principios"},"image":{"@id":"https:\/\/diarioprincipios.com\/#\/schema\/logo\/image\/"}},{"@type":"Person","@id":"https:\/\/diarioprincipios.com\/#\/schema\/person\/436d5a1fd41a5e250e23ff5a6a7cb080","name":"Hern\u00e1n L\u00f3pez","image":{"@type":"ImageObject","inLanguage":"es","@id":"https:\/\/diarioprincipios.com\/wp-content\/litespeed\/avatar\/11ddfe5610ff3bd100522525b2571f48.jpg?ver=1777048341","url":"https:\/\/diarioprincipios.com\/wp-content\/litespeed\/avatar\/11ddfe5610ff3bd100522525b2571f48.jpg?ver=1777048341","contentUrl":"https:\/\/diarioprincipios.com\/wp-content\/litespeed\/avatar\/11ddfe5610ff3bd100522525b2571f48.jpg?ver=1777048341","caption":"Hern\u00e1n L\u00f3pez"},"url":"https:\/\/diarioprincipios.com\/index.php\/author\/hernan\/"}]}},"jetpack_featured_media_url":"https:\/\/diarioprincipios.com\/wp-content\/uploads\/2025\/10\/El-3er-Gran-Premio-Argentino-Rios-hizo-historia-en-Berazategui-4.jpg","_links":{"self":[{"href":"https:\/\/diarioprincipios.com\/index.php\/wp-json\/wp\/v2\/posts\/25637","targetHints":{"allow":["GET"]}}],"collection":[{"href":"https:\/\/diarioprincipios.com\/index.php\/wp-json\/wp\/v2\/posts"}],"about":[{"href":"https:\/\/diarioprincipios.com\/index.php\/wp-json\/wp\/v2\/types\/post"}],"author":[{"embeddable":true,"href":"https:\/\/diarioprincipios.com\/index.php\/wp-json\/wp\/v2\/users\/2"}],"replies":[{"embeddable":true,"href":"https:\/\/diarioprincipios.com\/index.php\/wp-json\/wp\/v2\/comments?post=25637"}],"version-history":[{"count":1,"href":"https:\/\/diarioprincipios.com\/index.php\/wp-json\/wp\/v2\/posts\/25637\/revisions"}],"predecessor-version":[{"id":25641,"href":"https:\/\/diarioprincipios.com\/index.php\/wp-json\/wp\/v2\/posts\/25637\/revisions\/25641"}],"wp:featuredmedia":[{"embeddable":true,"href":"https:\/\/diarioprincipios.com\/index.php\/wp-json\/wp\/v2\/media\/25640"}],"wp:attachment":[{"href":"https:\/\/diarioprincipios.com\/index.php\/wp-json\/wp\/v2\/media?parent=25637"}],"wp:term":[{"taxonomy":"category","embeddable":true,"href":"https:\/\/diarioprincipios.com\/index.php\/wp-json\/wp\/v2\/categories?post=25637"},{"taxonomy":"post_tag","embeddable":true,"href":"https:\/\/diarioprincipios.com\/index.php\/wp-json\/wp\/v2\/tags?post=25637"}],"curies":[{"name":"wp","href":"https:\/\/api.w.org\/{rel}","templated":true}]}}