{"id":25625,"date":"2025-10-15T09:16:34","date_gmt":"2025-10-15T12:16:34","guid":{"rendered":"https:\/\/diarioprincipios.com\/?p=25625"},"modified":"2025-10-15T09:18:56","modified_gmt":"2025-10-15T12:18:56","slug":"la-feria-del-libro-de-berazategui-brillo-una-vez-mas-la-visitaron-40-mil-personas","status":"publish","type":"post","link":"https:\/\/diarioprincipios.com\/index.php\/2025\/10\/15\/la-feria-del-libro-de-berazategui-brillo-una-vez-mas-la-visitaron-40-mil-personas\/","title":{"rendered":"La Feria del Libro de Berazategui brill\u00f3 una vez m\u00e1s: la visitaron 40 mil personas"},"content":{"rendered":"\n<p>M\u00e1s de 40 mil personas disfrutaron gratuitamente de LibrArte, la Feria del Libro de Berazategui que -en esta 18\u00b0 edici\u00f3n- despleg\u00f3 un mont\u00f3n de actividades y propuestas para toda la familia. El intendente municipal, Juan Jos\u00e9 Mussi, recorri\u00f3 la muestra y destac\u00f3 el valor de la cultura para el desarrollo de la sociedad.<\/p>\n\n\n\n<p>\u201cLibrArte tiene una gran importancia porque permite que los vecinos y vecinas, en lugar de pagar una entrada, compren un libro. El libro es irremplazable, por eso queremos que est\u00e9 a la altura de las posibilidades de todos. Si hay algo a lo que no vamos a renunciar -por ninguna situaci\u00f3n econ\u00f3mica- es a hacer la Feria del Libro de Berazategui\u201d, recalc\u00f3 Mussi.<\/p>\n\n\n\n<p>En tanto, el secretario de Cultura y Educaci\u00f3n, Federico L\u00f3pez, se\u00f1al\u00f3: \u201cEsta Feria ha crecido much\u00edsimo. Empez\u00f3 con un solo auditorio y 20 stands; y esta edici\u00f3n cuenta con cuatro espacios de charlas y presentaciones de libros, y con m\u00e1s de 50 stands\u201d. Adem\u00e1s, agreg\u00f3: \u201cLibrArte es posible porque contamos con un intendente municipal, como Juan Jos\u00e9 Mussi, que entiende que este tipo de eventos tienen que pasar en la ciudad. En Berazategui tenemos un proyecto cultural popular que abraza y construye identidad\u201d.<\/p>\n\n\n\n<figure class=\"wp-block-image size-large\"><img loading=\"lazy\" decoding=\"async\" width=\"1024\" height=\"682\" src=\"https:\/\/diarioprincipios.com\/wp-content\/uploads\/2025\/10\/La-Feria-del-Libro-de-Berazategui-brillo-una-vez-mas-la-visitaron-40-mil-personas-3-1024x682.jpg\" alt=\"\" class=\"wp-image-25628\" srcset=\"https:\/\/diarioprincipios.com\/wp-content\/uploads\/2025\/10\/La-Feria-del-Libro-de-Berazategui-brillo-una-vez-mas-la-visitaron-40-mil-personas-3-1024x682.jpg 1024w, https:\/\/diarioprincipios.com\/wp-content\/uploads\/2025\/10\/La-Feria-del-Libro-de-Berazategui-brillo-una-vez-mas-la-visitaron-40-mil-personas-3-300x200.jpg 300w, https:\/\/diarioprincipios.com\/wp-content\/uploads\/2025\/10\/La-Feria-del-Libro-de-Berazategui-brillo-una-vez-mas-la-visitaron-40-mil-personas-3-768x512.jpg 768w, https:\/\/diarioprincipios.com\/wp-content\/uploads\/2025\/10\/La-Feria-del-Libro-de-Berazategui-brillo-una-vez-mas-la-visitaron-40-mil-personas-3-1536x1023.jpg 1536w, https:\/\/diarioprincipios.com\/wp-content\/uploads\/2025\/10\/La-Feria-del-Libro-de-Berazategui-brillo-una-vez-mas-la-visitaron-40-mil-personas-3-820x545.jpg 820w, https:\/\/diarioprincipios.com\/wp-content\/uploads\/2025\/10\/La-Feria-del-Libro-de-Berazategui-brillo-una-vez-mas-la-visitaron-40-mil-personas-3-600x400.jpg 600w, https:\/\/diarioprincipios.com\/wp-content\/uploads\/2025\/10\/La-Feria-del-Libro-de-Berazategui-brillo-una-vez-mas-la-visitaron-40-mil-personas-3.jpg 1600w\" sizes=\"auto, (max-width: 1024px) 100vw, 1024px\" \/><\/figure>\n\n\n\n<p>En LibrArte 2025 estuvo Alejandro Dolina y su cl\u00e1sico programa radial \u00abLa Venganza ser\u00e1 Terrible\u00bb, que colm\u00f3 el Complejo Cultural Municipal La Calle. \u201cHemos estado en casi todas las ediciones y siempre es una alegr\u00eda estar aqu\u00ed, la pasamos bien. No podemos perder de vista el objetivo de que la gente viva mejor y me parece que Berazategui es un municipio ejemplo de eso\u201d, expres\u00f3 Dolina.<\/p>\n\n\n\n<p>A su vez, el periodista Ignacio \u201cNacho\u201d Gir\u00f3n brind\u00f3 la charla \u00ab\u00bfEnsobrados? El v\u00ednculo entre pol\u00edtica, periodismo y opini\u00f3n p\u00fablica en \u00e9pocas de turbulencias\u201d. Sobre su visita, se\u00f1al\u00f3: \u201cEstoy feliz de estar en Berazategui, en esta Feria tan linda que es gratuita y permite que las familias se conecten con la cultura\u201d.<\/p>\n\n\n\n<p>Tambi\u00e9n participaron de esta 18\u00b0 edici\u00f3n: Liliana Cinetto, Adela Basch, Fernando de Vedia, Magela Demarco, Silvia Schujer, Dar\u00edo Sztajnszrajber, Poly Bernatene, Canela, Isol, Roberto Caballero, Mauro Libertella, Tute, Dora Barrancos, Kekena Corval\u00e1n, Juan Sol\u00e1, Hern\u00e1n Ronsino, Cinwololo, Fernando Pieroni y Cynthia Edul, entre otros.<\/p>\n\n\n\n<figure class=\"wp-block-image size-large\"><img loading=\"lazy\" decoding=\"async\" width=\"1024\" height=\"682\" src=\"https:\/\/diarioprincipios.com\/wp-content\/uploads\/2025\/10\/La-Feria-del-Libro-de-Berazategui-brillo-una-vez-mas-la-visitaron-40-mil-personas-1-1024x682.jpg\" alt=\"\" class=\"wp-image-25630\" srcset=\"https:\/\/diarioprincipios.com\/wp-content\/uploads\/2025\/10\/La-Feria-del-Libro-de-Berazategui-brillo-una-vez-mas-la-visitaron-40-mil-personas-1-1024x682.jpg 1024w, https:\/\/diarioprincipios.com\/wp-content\/uploads\/2025\/10\/La-Feria-del-Libro-de-Berazategui-brillo-una-vez-mas-la-visitaron-40-mil-personas-1-300x200.jpg 300w, https:\/\/diarioprincipios.com\/wp-content\/uploads\/2025\/10\/La-Feria-del-Libro-de-Berazategui-brillo-una-vez-mas-la-visitaron-40-mil-personas-1-768x512.jpg 768w, https:\/\/diarioprincipios.com\/wp-content\/uploads\/2025\/10\/La-Feria-del-Libro-de-Berazategui-brillo-una-vez-mas-la-visitaron-40-mil-personas-1-1536x1023.jpg 1536w, https:\/\/diarioprincipios.com\/wp-content\/uploads\/2025\/10\/La-Feria-del-Libro-de-Berazategui-brillo-una-vez-mas-la-visitaron-40-mil-personas-1-820x545.jpg 820w, https:\/\/diarioprincipios.com\/wp-content\/uploads\/2025\/10\/La-Feria-del-Libro-de-Berazategui-brillo-una-vez-mas-la-visitaron-40-mil-personas-1-600x400.jpg 600w, https:\/\/diarioprincipios.com\/wp-content\/uploads\/2025\/10\/La-Feria-del-Libro-de-Berazategui-brillo-una-vez-mas-la-visitaron-40-mil-personas-1.jpg 1600w\" sizes=\"auto, (max-width: 1024px) 100vw, 1024px\" \/><\/figure>\n\n\n\n<p>LibrArte es una de las cinco ferias m\u00e1s importantes del pa\u00eds, organizada por la Secretar\u00eda de Cultura y Educaci\u00f3n del Municipio de Berazategui. Cada a\u00f1o propone actividades y presentaciones diarias para docentes, estudiantes, artistas y p\u00fablico en general, como mesas redondas, conferencias, presentaciones de libros, espect\u00e1culos, conciertos y teatro, talleres, encuentros de narraci\u00f3n, adem\u00e1s de la visita de reconocidos escritores y personalidades del ambiente editorial.<\/p>\n\n\n\n<p>Una de las vecinas que visit\u00f3 la Feria, Graciela Mart\u00ednez, destac\u00f3: \u201cMe encanta LibrArte; vengo todos los a\u00f1os. Es muy interesante esta propuesta gratuita y todas las que se hacen en Berazategui. Estamos muy agradecidos\u201d.<\/p>\n","protected":false},"excerpt":{"rendered":"<p>M\u00e1s de 40 mil personas disfrutaron gratuitamente de LibrArte, la Feria del Libro de Berazategui que -en esta 18\u00b0 edici\u00f3n- despleg\u00f3 un mont\u00f3n de actividades y propuestas para toda la familia. El intendente municipal, Juan Jos\u00e9 Mussi, recorri\u00f3 la muestra y destac\u00f3 el valor de la cultura para el desarrollo de la sociedad. \u201cLibrArte tiene&#8230;<\/p>\n","protected":false},"author":2,"featured_media":25626,"comment_status":"open","ping_status":"open","sticky":false,"template":"","format":"standard","meta":{"footnotes":""},"categories":[3,19],"tags":[],"class_list":["post-25625","post","type-post","status-publish","format-standard","has-post-thumbnail","hentry","category-berazategui","category-cultura-educacion"],"featured_image_src":"https:\/\/diarioprincipios.com\/wp-content\/uploads\/2025\/10\/La-Feria-del-Libro-de-Berazategui-brillo-una-vez-mas-la-visitaron-40-mil-personas-4-1024x682.jpg","blog_images":{"medium":"https:\/\/diarioprincipios.com\/wp-content\/uploads\/2025\/10\/La-Feria-del-Libro-de-Berazategui-brillo-una-vez-mas-la-visitaron-40-mil-personas-4-300x200.jpg","large":"https:\/\/diarioprincipios.com\/wp-content\/uploads\/2025\/10\/La-Feria-del-Libro-de-Berazategui-brillo-una-vez-mas-la-visitaron-40-mil-personas-4-1024x682.jpg"},"ams_acf":[],"yoast_head":"<!-- This site is optimized with the Yoast SEO plugin v27.3 - https:\/\/yoast.com\/product\/yoast-seo-wordpress\/ -->\n<title>La Feria del Libro de Berazategui brill\u00f3 una vez m\u00e1s: la visitaron 40 mil personas - Principios<\/title>\n<meta name=\"robots\" content=\"index, follow, max-snippet:-1, max-image-preview:large, max-video-preview:-1\" \/>\n<link rel=\"canonical\" href=\"https:\/\/diarioprincipios.com\/index.php\/2025\/10\/15\/la-feria-del-libro-de-berazategui-brillo-una-vez-mas-la-visitaron-40-mil-personas\/\" \/>\n<meta property=\"og:locale\" content=\"es_ES\" \/>\n<meta property=\"og:type\" content=\"article\" \/>\n<meta property=\"og:title\" content=\"La Feria del Libro de Berazategui brill\u00f3 una vez m\u00e1s: la visitaron 40 mil personas - Principios\" \/>\n<meta property=\"og:description\" content=\"M\u00e1s de 40 mil personas disfrutaron gratuitamente de LibrArte, la Feria del Libro de Berazategui que -en esta 18\u00b0 edici\u00f3n- despleg\u00f3 un mont\u00f3n de actividades y propuestas para toda la familia. El intendente municipal, Juan Jos\u00e9 Mussi, recorri\u00f3 la muestra y destac\u00f3 el valor de la cultura para el desarrollo de la sociedad. \u201cLibrArte tiene...\" \/>\n<meta property=\"og:url\" content=\"https:\/\/diarioprincipios.com\/index.php\/2025\/10\/15\/la-feria-del-libro-de-berazategui-brillo-una-vez-mas-la-visitaron-40-mil-personas\/\" \/>\n<meta property=\"og:site_name\" content=\"Principios\" \/>\n<meta property=\"article:published_time\" content=\"2025-10-15T12:16:34+00:00\" \/>\n<meta property=\"article:modified_time\" content=\"2025-10-15T12:18:56+00:00\" \/>\n<meta property=\"og:image\" content=\"https:\/\/diarioprincipios.com\/wp-content\/uploads\/2025\/10\/La-Feria-del-Libro-de-Berazategui-brillo-una-vez-mas-la-visitaron-40-mil-personas-4.jpg\" \/>\n\t<meta property=\"og:image:width\" content=\"1600\" \/>\n\t<meta property=\"og:image:height\" content=\"1066\" \/>\n\t<meta property=\"og:image:type\" content=\"image\/jpeg\" \/>\n<meta name=\"author\" content=\"Hern\u00e1n L\u00f3pez\" \/>\n<meta name=\"twitter:card\" content=\"summary_large_image\" \/>\n<meta name=\"twitter:label1\" content=\"Escrito por\" \/>\n\t<meta name=\"twitter:data1\" content=\"Hern\u00e1n L\u00f3pez\" \/>\n\t<meta name=\"twitter:label2\" content=\"Tiempo de lectura\" \/>\n\t<meta name=\"twitter:data2\" content=\"3 minutos\" \/>\n<script type=\"application\/ld+json\" class=\"yoast-schema-graph\">{\"@context\":\"https:\\\/\\\/schema.org\",\"@graph\":[{\"@type\":\"Article\",\"@id\":\"https:\\\/\\\/diarioprincipios.com\\\/index.php\\\/2025\\\/10\\\/15\\\/la-feria-del-libro-de-berazategui-brillo-una-vez-mas-la-visitaron-40-mil-personas\\\/#article\",\"isPartOf\":{\"@id\":\"https:\\\/\\\/diarioprincipios.com\\\/index.php\\\/2025\\\/10\\\/15\\\/la-feria-del-libro-de-berazategui-brillo-una-vez-mas-la-visitaron-40-mil-personas\\\/\"},\"author\":{\"name\":\"Hern\u00e1n L\u00f3pez\",\"@id\":\"https:\\\/\\\/diarioprincipios.com\\\/#\\\/schema\\\/person\\\/436d5a1fd41a5e250e23ff5a6a7cb080\"},\"headline\":\"La Feria del Libro de Berazategui brill\u00f3 una vez m\u00e1s: la visitaron 40 mil personas\",\"datePublished\":\"2025-10-15T12:16:34+00:00\",\"dateModified\":\"2025-10-15T12:18:56+00:00\",\"mainEntityOfPage\":{\"@id\":\"https:\\\/\\\/diarioprincipios.com\\\/index.php\\\/2025\\\/10\\\/15\\\/la-feria-del-libro-de-berazategui-brillo-una-vez-mas-la-visitaron-40-mil-personas\\\/\"},\"wordCount\":506,\"commentCount\":0,\"publisher\":{\"@id\":\"https:\\\/\\\/diarioprincipios.com\\\/#organization\"},\"image\":{\"@id\":\"https:\\\/\\\/diarioprincipios.com\\\/index.php\\\/2025\\\/10\\\/15\\\/la-feria-del-libro-de-berazategui-brillo-una-vez-mas-la-visitaron-40-mil-personas\\\/#primaryimage\"},\"thumbnailUrl\":\"https:\\\/\\\/diarioprincipios.com\\\/wp-content\\\/uploads\\\/2025\\\/10\\\/La-Feria-del-Libro-de-Berazategui-brillo-una-vez-mas-la-visitaron-40-mil-personas-4.jpg\",\"articleSection\":[\"Berazategui\",\"Cultura y Educaci\u00f3n\"],\"inLanguage\":\"es\",\"potentialAction\":[{\"@type\":\"CommentAction\",\"name\":\"Comment\",\"target\":[\"https:\\\/\\\/diarioprincipios.com\\\/index.php\\\/2025\\\/10\\\/15\\\/la-feria-del-libro-de-berazategui-brillo-una-vez-mas-la-visitaron-40-mil-personas\\\/#respond\"]}]},{\"@type\":\"WebPage\",\"@id\":\"https:\\\/\\\/diarioprincipios.com\\\/index.php\\\/2025\\\/10\\\/15\\\/la-feria-del-libro-de-berazategui-brillo-una-vez-mas-la-visitaron-40-mil-personas\\\/\",\"url\":\"https:\\\/\\\/diarioprincipios.com\\\/index.php\\\/2025\\\/10\\\/15\\\/la-feria-del-libro-de-berazategui-brillo-una-vez-mas-la-visitaron-40-mil-personas\\\/\",\"name\":\"La Feria del Libro de Berazategui brill\u00f3 una vez m\u00e1s: la visitaron 40 mil personas - Principios\",\"isPartOf\":{\"@id\":\"https:\\\/\\\/diarioprincipios.com\\\/#website\"},\"primaryImageOfPage\":{\"@id\":\"https:\\\/\\\/diarioprincipios.com\\\/index.php\\\/2025\\\/10\\\/15\\\/la-feria-del-libro-de-berazategui-brillo-una-vez-mas-la-visitaron-40-mil-personas\\\/#primaryimage\"},\"image\":{\"@id\":\"https:\\\/\\\/diarioprincipios.com\\\/index.php\\\/2025\\\/10\\\/15\\\/la-feria-del-libro-de-berazategui-brillo-una-vez-mas-la-visitaron-40-mil-personas\\\/#primaryimage\"},\"thumbnailUrl\":\"https:\\\/\\\/diarioprincipios.com\\\/wp-content\\\/uploads\\\/2025\\\/10\\\/La-Feria-del-Libro-de-Berazategui-brillo-una-vez-mas-la-visitaron-40-mil-personas-4.jpg\",\"datePublished\":\"2025-10-15T12:16:34+00:00\",\"dateModified\":\"2025-10-15T12:18:56+00:00\",\"breadcrumb\":{\"@id\":\"https:\\\/\\\/diarioprincipios.com\\\/index.php\\\/2025\\\/10\\\/15\\\/la-feria-del-libro-de-berazategui-brillo-una-vez-mas-la-visitaron-40-mil-personas\\\/#breadcrumb\"},\"inLanguage\":\"es\",\"potentialAction\":[{\"@type\":\"ReadAction\",\"target\":[\"https:\\\/\\\/diarioprincipios.com\\\/index.php\\\/2025\\\/10\\\/15\\\/la-feria-del-libro-de-berazategui-brillo-una-vez-mas-la-visitaron-40-mil-personas\\\/\"]}]},{\"@type\":\"ImageObject\",\"inLanguage\":\"es\",\"@id\":\"https:\\\/\\\/diarioprincipios.com\\\/index.php\\\/2025\\\/10\\\/15\\\/la-feria-del-libro-de-berazategui-brillo-una-vez-mas-la-visitaron-40-mil-personas\\\/#primaryimage\",\"url\":\"https:\\\/\\\/diarioprincipios.com\\\/wp-content\\\/uploads\\\/2025\\\/10\\\/La-Feria-del-Libro-de-Berazategui-brillo-una-vez-mas-la-visitaron-40-mil-personas-4.jpg\",\"contentUrl\":\"https:\\\/\\\/diarioprincipios.com\\\/wp-content\\\/uploads\\\/2025\\\/10\\\/La-Feria-del-Libro-de-Berazategui-brillo-una-vez-mas-la-visitaron-40-mil-personas-4.jpg\",\"width\":1600,\"height\":1066},{\"@type\":\"BreadcrumbList\",\"@id\":\"https:\\\/\\\/diarioprincipios.com\\\/index.php\\\/2025\\\/10\\\/15\\\/la-feria-del-libro-de-berazategui-brillo-una-vez-mas-la-visitaron-40-mil-personas\\\/#breadcrumb\",\"itemListElement\":[{\"@type\":\"ListItem\",\"position\":1,\"name\":\"Portada\",\"item\":\"https:\\\/\\\/diarioprincipios.com\\\/\"},{\"@type\":\"ListItem\",\"position\":2,\"name\":\"La Feria del Libro de Berazategui brill\u00f3 una vez m\u00e1s: la visitaron 40 mil personas\"}]},{\"@type\":\"WebSite\",\"@id\":\"https:\\\/\\\/diarioprincipios.com\\\/#website\",\"url\":\"https:\\\/\\\/diarioprincipios.com\\\/\",\"name\":\"Principios\",\"description\":\"Principios Diario\",\"publisher\":{\"@id\":\"https:\\\/\\\/diarioprincipios.com\\\/#organization\"},\"potentialAction\":[{\"@type\":\"SearchAction\",\"target\":{\"@type\":\"EntryPoint\",\"urlTemplate\":\"https:\\\/\\\/diarioprincipios.com\\\/?s={search_term_string}\"},\"query-input\":{\"@type\":\"PropertyValueSpecification\",\"valueRequired\":true,\"valueName\":\"search_term_string\"}}],\"inLanguage\":\"es\"},{\"@type\":\"Organization\",\"@id\":\"https:\\\/\\\/diarioprincipios.com\\\/#organization\",\"name\":\"Principios\",\"url\":\"https:\\\/\\\/diarioprincipios.com\\\/\",\"logo\":{\"@type\":\"ImageObject\",\"inLanguage\":\"es\",\"@id\":\"https:\\\/\\\/diarioprincipios.com\\\/#\\\/schema\\\/logo\\\/image\\\/\",\"url\":\"https:\\\/\\\/diarioprincipios.com\\\/wp-content\\\/uploads\\\/2024\\\/04\\\/cropped-www.diarioprincipios.com_-1.png\",\"contentUrl\":\"https:\\\/\\\/diarioprincipios.com\\\/wp-content\\\/uploads\\\/2024\\\/04\\\/cropped-www.diarioprincipios.com_-1.png\",\"width\":5325,\"height\":1454,\"caption\":\"Principios\"},\"image\":{\"@id\":\"https:\\\/\\\/diarioprincipios.com\\\/#\\\/schema\\\/logo\\\/image\\\/\"}},{\"@type\":\"Person\",\"@id\":\"https:\\\/\\\/diarioprincipios.com\\\/#\\\/schema\\\/person\\\/436d5a1fd41a5e250e23ff5a6a7cb080\",\"name\":\"Hern\u00e1n L\u00f3pez\",\"image\":{\"@type\":\"ImageObject\",\"inLanguage\":\"es\",\"@id\":\"https:\\\/\\\/diarioprincipios.com\\\/wp-content\\\/litespeed\\\/avatar\\\/11ddfe5610ff3bd100522525b2571f48.jpg?ver=1777048341\",\"url\":\"https:\\\/\\\/diarioprincipios.com\\\/wp-content\\\/litespeed\\\/avatar\\\/11ddfe5610ff3bd100522525b2571f48.jpg?ver=1777048341\",\"contentUrl\":\"https:\\\/\\\/diarioprincipios.com\\\/wp-content\\\/litespeed\\\/avatar\\\/11ddfe5610ff3bd100522525b2571f48.jpg?ver=1777048341\",\"caption\":\"Hern\u00e1n L\u00f3pez\"},\"url\":\"https:\\\/\\\/diarioprincipios.com\\\/index.php\\\/author\\\/hernan\\\/\"}]}<\/script>\n<!-- \/ Yoast SEO plugin. -->","yoast_head_json":{"title":"La Feria del Libro de Berazategui brill\u00f3 una vez m\u00e1s: la visitaron 40 mil personas - Principios","robots":{"index":"index","follow":"follow","max-snippet":"max-snippet:-1","max-image-preview":"max-image-preview:large","max-video-preview":"max-video-preview:-1"},"canonical":"https:\/\/diarioprincipios.com\/index.php\/2025\/10\/15\/la-feria-del-libro-de-berazategui-brillo-una-vez-mas-la-visitaron-40-mil-personas\/","og_locale":"es_ES","og_type":"article","og_title":"La Feria del Libro de Berazategui brill\u00f3 una vez m\u00e1s: la visitaron 40 mil personas - Principios","og_description":"M\u00e1s de 40 mil personas disfrutaron gratuitamente de LibrArte, la Feria del Libro de Berazategui que -en esta 18\u00b0 edici\u00f3n- despleg\u00f3 un mont\u00f3n de actividades y propuestas para toda la familia. El intendente municipal, Juan Jos\u00e9 Mussi, recorri\u00f3 la muestra y destac\u00f3 el valor de la cultura para el desarrollo de la sociedad. \u201cLibrArte tiene...","og_url":"https:\/\/diarioprincipios.com\/index.php\/2025\/10\/15\/la-feria-del-libro-de-berazategui-brillo-una-vez-mas-la-visitaron-40-mil-personas\/","og_site_name":"Principios","article_published_time":"2025-10-15T12:16:34+00:00","article_modified_time":"2025-10-15T12:18:56+00:00","og_image":[{"width":1600,"height":1066,"url":"https:\/\/diarioprincipios.com\/wp-content\/uploads\/2025\/10\/La-Feria-del-Libro-de-Berazategui-brillo-una-vez-mas-la-visitaron-40-mil-personas-4.jpg","type":"image\/jpeg"}],"author":"Hern\u00e1n L\u00f3pez","twitter_card":"summary_large_image","twitter_misc":{"Escrito por":"Hern\u00e1n L\u00f3pez","Tiempo de lectura":"3 minutos"},"schema":{"@context":"https:\/\/schema.org","@graph":[{"@type":"Article","@id":"https:\/\/diarioprincipios.com\/index.php\/2025\/10\/15\/la-feria-del-libro-de-berazategui-brillo-una-vez-mas-la-visitaron-40-mil-personas\/#article","isPartOf":{"@id":"https:\/\/diarioprincipios.com\/index.php\/2025\/10\/15\/la-feria-del-libro-de-berazategui-brillo-una-vez-mas-la-visitaron-40-mil-personas\/"},"author":{"name":"Hern\u00e1n L\u00f3pez","@id":"https:\/\/diarioprincipios.com\/#\/schema\/person\/436d5a1fd41a5e250e23ff5a6a7cb080"},"headline":"La Feria del Libro de Berazategui brill\u00f3 una vez m\u00e1s: la visitaron 40 mil personas","datePublished":"2025-10-15T12:16:34+00:00","dateModified":"2025-10-15T12:18:56+00:00","mainEntityOfPage":{"@id":"https:\/\/diarioprincipios.com\/index.php\/2025\/10\/15\/la-feria-del-libro-de-berazategui-brillo-una-vez-mas-la-visitaron-40-mil-personas\/"},"wordCount":506,"commentCount":0,"publisher":{"@id":"https:\/\/diarioprincipios.com\/#organization"},"image":{"@id":"https:\/\/diarioprincipios.com\/index.php\/2025\/10\/15\/la-feria-del-libro-de-berazategui-brillo-una-vez-mas-la-visitaron-40-mil-personas\/#primaryimage"},"thumbnailUrl":"https:\/\/diarioprincipios.com\/wp-content\/uploads\/2025\/10\/La-Feria-del-Libro-de-Berazategui-brillo-una-vez-mas-la-visitaron-40-mil-personas-4.jpg","articleSection":["Berazategui","Cultura y Educaci\u00f3n"],"inLanguage":"es","potentialAction":[{"@type":"CommentAction","name":"Comment","target":["https:\/\/diarioprincipios.com\/index.php\/2025\/10\/15\/la-feria-del-libro-de-berazategui-brillo-una-vez-mas-la-visitaron-40-mil-personas\/#respond"]}]},{"@type":"WebPage","@id":"https:\/\/diarioprincipios.com\/index.php\/2025\/10\/15\/la-feria-del-libro-de-berazategui-brillo-una-vez-mas-la-visitaron-40-mil-personas\/","url":"https:\/\/diarioprincipios.com\/index.php\/2025\/10\/15\/la-feria-del-libro-de-berazategui-brillo-una-vez-mas-la-visitaron-40-mil-personas\/","name":"La Feria del Libro de Berazategui brill\u00f3 una vez m\u00e1s: la visitaron 40 mil personas - Principios","isPartOf":{"@id":"https:\/\/diarioprincipios.com\/#website"},"primaryImageOfPage":{"@id":"https:\/\/diarioprincipios.com\/index.php\/2025\/10\/15\/la-feria-del-libro-de-berazategui-brillo-una-vez-mas-la-visitaron-40-mil-personas\/#primaryimage"},"image":{"@id":"https:\/\/diarioprincipios.com\/index.php\/2025\/10\/15\/la-feria-del-libro-de-berazategui-brillo-una-vez-mas-la-visitaron-40-mil-personas\/#primaryimage"},"thumbnailUrl":"https:\/\/diarioprincipios.com\/wp-content\/uploads\/2025\/10\/La-Feria-del-Libro-de-Berazategui-brillo-una-vez-mas-la-visitaron-40-mil-personas-4.jpg","datePublished":"2025-10-15T12:16:34+00:00","dateModified":"2025-10-15T12:18:56+00:00","breadcrumb":{"@id":"https:\/\/diarioprincipios.com\/index.php\/2025\/10\/15\/la-feria-del-libro-de-berazategui-brillo-una-vez-mas-la-visitaron-40-mil-personas\/#breadcrumb"},"inLanguage":"es","potentialAction":[{"@type":"ReadAction","target":["https:\/\/diarioprincipios.com\/index.php\/2025\/10\/15\/la-feria-del-libro-de-berazategui-brillo-una-vez-mas-la-visitaron-40-mil-personas\/"]}]},{"@type":"ImageObject","inLanguage":"es","@id":"https:\/\/diarioprincipios.com\/index.php\/2025\/10\/15\/la-feria-del-libro-de-berazategui-brillo-una-vez-mas-la-visitaron-40-mil-personas\/#primaryimage","url":"https:\/\/diarioprincipios.com\/wp-content\/uploads\/2025\/10\/La-Feria-del-Libro-de-Berazategui-brillo-una-vez-mas-la-visitaron-40-mil-personas-4.jpg","contentUrl":"https:\/\/diarioprincipios.com\/wp-content\/uploads\/2025\/10\/La-Feria-del-Libro-de-Berazategui-brillo-una-vez-mas-la-visitaron-40-mil-personas-4.jpg","width":1600,"height":1066},{"@type":"BreadcrumbList","@id":"https:\/\/diarioprincipios.com\/index.php\/2025\/10\/15\/la-feria-del-libro-de-berazategui-brillo-una-vez-mas-la-visitaron-40-mil-personas\/#breadcrumb","itemListElement":[{"@type":"ListItem","position":1,"name":"Portada","item":"https:\/\/diarioprincipios.com\/"},{"@type":"ListItem","position":2,"name":"La Feria del Libro de Berazategui brill\u00f3 una vez m\u00e1s: la visitaron 40 mil personas"}]},{"@type":"WebSite","@id":"https:\/\/diarioprincipios.com\/#website","url":"https:\/\/diarioprincipios.com\/","name":"Principios","description":"Principios Diario","publisher":{"@id":"https:\/\/diarioprincipios.com\/#organization"},"potentialAction":[{"@type":"SearchAction","target":{"@type":"EntryPoint","urlTemplate":"https:\/\/diarioprincipios.com\/?s={search_term_string}"},"query-input":{"@type":"PropertyValueSpecification","valueRequired":true,"valueName":"search_term_string"}}],"inLanguage":"es"},{"@type":"Organization","@id":"https:\/\/diarioprincipios.com\/#organization","name":"Principios","url":"https:\/\/diarioprincipios.com\/","logo":{"@type":"ImageObject","inLanguage":"es","@id":"https:\/\/diarioprincipios.com\/#\/schema\/logo\/image\/","url":"https:\/\/diarioprincipios.com\/wp-content\/uploads\/2024\/04\/cropped-www.diarioprincipios.com_-1.png","contentUrl":"https:\/\/diarioprincipios.com\/wp-content\/uploads\/2024\/04\/cropped-www.diarioprincipios.com_-1.png","width":5325,"height":1454,"caption":"Principios"},"image":{"@id":"https:\/\/diarioprincipios.com\/#\/schema\/logo\/image\/"}},{"@type":"Person","@id":"https:\/\/diarioprincipios.com\/#\/schema\/person\/436d5a1fd41a5e250e23ff5a6a7cb080","name":"Hern\u00e1n L\u00f3pez","image":{"@type":"ImageObject","inLanguage":"es","@id":"https:\/\/diarioprincipios.com\/wp-content\/litespeed\/avatar\/11ddfe5610ff3bd100522525b2571f48.jpg?ver=1777048341","url":"https:\/\/diarioprincipios.com\/wp-content\/litespeed\/avatar\/11ddfe5610ff3bd100522525b2571f48.jpg?ver=1777048341","contentUrl":"https:\/\/diarioprincipios.com\/wp-content\/litespeed\/avatar\/11ddfe5610ff3bd100522525b2571f48.jpg?ver=1777048341","caption":"Hern\u00e1n L\u00f3pez"},"url":"https:\/\/diarioprincipios.com\/index.php\/author\/hernan\/"}]}},"jetpack_featured_media_url":"https:\/\/diarioprincipios.com\/wp-content\/uploads\/2025\/10\/La-Feria-del-Libro-de-Berazategui-brillo-una-vez-mas-la-visitaron-40-mil-personas-4.jpg","_links":{"self":[{"href":"https:\/\/diarioprincipios.com\/index.php\/wp-json\/wp\/v2\/posts\/25625","targetHints":{"allow":["GET"]}}],"collection":[{"href":"https:\/\/diarioprincipios.com\/index.php\/wp-json\/wp\/v2\/posts"}],"about":[{"href":"https:\/\/diarioprincipios.com\/index.php\/wp-json\/wp\/v2\/types\/post"}],"author":[{"embeddable":true,"href":"https:\/\/diarioprincipios.com\/index.php\/wp-json\/wp\/v2\/users\/2"}],"replies":[{"embeddable":true,"href":"https:\/\/diarioprincipios.com\/index.php\/wp-json\/wp\/v2\/comments?post=25625"}],"version-history":[{"count":2,"href":"https:\/\/diarioprincipios.com\/index.php\/wp-json\/wp\/v2\/posts\/25625\/revisions"}],"predecessor-version":[{"id":25631,"href":"https:\/\/diarioprincipios.com\/index.php\/wp-json\/wp\/v2\/posts\/25625\/revisions\/25631"}],"wp:featuredmedia":[{"embeddable":true,"href":"https:\/\/diarioprincipios.com\/index.php\/wp-json\/wp\/v2\/media\/25626"}],"wp:attachment":[{"href":"https:\/\/diarioprincipios.com\/index.php\/wp-json\/wp\/v2\/media?parent=25625"}],"wp:term":[{"taxonomy":"category","embeddable":true,"href":"https:\/\/diarioprincipios.com\/index.php\/wp-json\/wp\/v2\/categories?post=25625"},{"taxonomy":"post_tag","embeddable":true,"href":"https:\/\/diarioprincipios.com\/index.php\/wp-json\/wp\/v2\/tags?post=25625"}],"curies":[{"name":"wp","href":"https:\/\/api.w.org\/{rel}","templated":true}]}}