{"id":25616,"date":"2025-10-14T11:24:18","date_gmt":"2025-10-14T14:24:18","guid":{"rendered":"https:\/\/diarioprincipios.com\/?p=25616"},"modified":"2025-10-14T11:24:19","modified_gmt":"2025-10-14T14:24:19","slug":"gran-jornada-integral-de-salud-en-el-barrio-buenaventura","status":"publish","type":"post","link":"https:\/\/diarioprincipios.com\/index.php\/2025\/10\/14\/gran-jornada-integral-de-salud-en-el-barrio-buenaventura\/","title":{"rendered":"Gran Jornada Integral de Salud en el Barrio Buenaventura"},"content":{"rendered":"\n<p>La Municipalidad de Berazategui llev\u00f3 a cabo una importante Jornada Integral de Salud en la Sociedad de Fomento Buenaventura (Calle 24 y Av. Vergara), que cont\u00f3 con una gran concurrencia de vecinos y vecinas de la zona.<\/p>\n\n\n\n<p>De esta manera, por impulso del intendente Juan Jos\u00e9 Mussi y organizaci\u00f3n de la Secretar\u00eda de Salud P\u00fablica e Higiene, se brindaron los siguientes servicios gratuitos:<\/p>\n\n\n\n<p>-Detecci\u00f3n de pacientes con factores de riesgo y toma de tensi\u00f3n arterial, peso, talla e \u00edndice de masa corporal.<br>-Test r\u00e1pido de VIH\/S\u00edfilis.<br>-Atenci\u00f3n cl\u00ednica y pedi\u00e1trica.<br>-Red de Salud Mental.<br>-Consejer\u00eda de alimentaci\u00f3n saludable, salud sexual y reproductiva.<br>-Consejer\u00eda de Salud bucal.<br>-Vacunaci\u00f3n de Calendario Nacional obligatorio y Campa\u00f1as (Doble adultos, antigripal, Covid-19 y contra el Neumococo).<br>-Firma de libretas AUH.<br>-Capacitaci\u00f3n en RCP y uso de DEA.<\/p>\n\n\n\n<p>\u201cIntentamos que estas jornadas circulen por todo Berazategui y, en esta oportunidad, estuvimos en el barrio Buenaventura. Estamos muy contentos porque hubo una concurrencia masiva y pudimos brindar much\u00edsimas prestaciones, como asistencia m\u00e9dica, obstetricia, acciones de prevenci\u00f3n y promoci\u00f3n de la salud, entrega de leche y medicamentos, adem\u00e1s del servicio de la red odontol\u00f3gica municipal, donde los vecinos y vecinas pudieron hacer sus consultas y recibir su certificado de salud bucal\u201d, indic\u00f3 la Dra. Adriana Nogueira, directora de Atenci\u00f3n Primaria de la Secretar\u00eda de Salud P\u00fablica e Higiene municipal.<\/p>\n\n\n\n<figure class=\"wp-block-image size-large\"><img loading=\"lazy\" decoding=\"async\" width=\"1024\" height=\"682\" src=\"https:\/\/diarioprincipios.com\/wp-content\/uploads\/2025\/10\/Gran-Jornada-Integral-de-Salud-en-el-Barrio-Buenaventura-3-1024x682.jpg\" alt=\"\" class=\"wp-image-25617\" srcset=\"https:\/\/diarioprincipios.com\/wp-content\/uploads\/2025\/10\/Gran-Jornada-Integral-de-Salud-en-el-Barrio-Buenaventura-3-1024x682.jpg 1024w, https:\/\/diarioprincipios.com\/wp-content\/uploads\/2025\/10\/Gran-Jornada-Integral-de-Salud-en-el-Barrio-Buenaventura-3-300x200.jpg 300w, https:\/\/diarioprincipios.com\/wp-content\/uploads\/2025\/10\/Gran-Jornada-Integral-de-Salud-en-el-Barrio-Buenaventura-3-768x512.jpg 768w, https:\/\/diarioprincipios.com\/wp-content\/uploads\/2025\/10\/Gran-Jornada-Integral-de-Salud-en-el-Barrio-Buenaventura-3-1536x1023.jpg 1536w, https:\/\/diarioprincipios.com\/wp-content\/uploads\/2025\/10\/Gran-Jornada-Integral-de-Salud-en-el-Barrio-Buenaventura-3-820x545.jpg 820w, https:\/\/diarioprincipios.com\/wp-content\/uploads\/2025\/10\/Gran-Jornada-Integral-de-Salud-en-el-Barrio-Buenaventura-3-600x400.jpg 600w, https:\/\/diarioprincipios.com\/wp-content\/uploads\/2025\/10\/Gran-Jornada-Integral-de-Salud-en-el-Barrio-Buenaventura-3.jpg 1600w\" sizes=\"auto, (max-width: 1024px) 100vw, 1024px\" \/><\/figure>\n\n\n\n<p>Este operativo, impulsado por el intendente Juan Jos\u00e9 Mussi, tiene como objetivo acercar la salud a todos los y las berazateguenses en forma abierta y gratuita. All\u00ed particip\u00f3 el \u00e1rea de Medicina Preventiva para inmunizaciones; asistieron promotores del Gobierno provincial, estudiantes de la carrera de Medicina de la Universidad Nacional Arturo Jauretche (UNAJ) y diferentes Dependencias municipales, como el \u00e1rea de Alfabetizaci\u00f3n de la Secretar\u00eda de Cultura y Educaci\u00f3n, que brind\u00f3 informaci\u00f3n a los vecinos y vecinas junto a agentes del CUCAIBA.<\/p>\n\n\n\n<p>En ese marco, Elba Nicol\u00e1s, m\u00e9dica infect\u00f3loga y docente de la carrera de Medicina de la UNAJ, coment\u00f3: \u201cGracias a la invitaci\u00f3n de la Secretar\u00eda de Salud P\u00fablica e Higiene Municipal, estamos participando con estudiantes de la UNAJ. Es fant\u00e1stico el espacio que nos brinda y c\u00f3mo se logra integrar la educaci\u00f3n p\u00fablica y la salud p\u00fablica en este \u00e1mbito. Agradecemos al Municipio por darnos la oportunidad de participar para que los chicos tengan un lugar donde realizar sus pr\u00e1cticas\u201d.<\/p>\n\n\n\n<p>Por su parte, Aldana Arancibia, vecina del barrio, expres\u00f3: \u201cVine a traer a mis chicos a la Jornada de Salud. La atenci\u00f3n fue muy buena y agradezco al Municipio por darnos esta oportunidad para beneficio de todos los vecinos de Buenaventura. Traje a mi ni\u00f1o a recibir la vacuna; aprovechamos otros servicios de prevenci\u00f3n y nos entregaron leche. Es muy bueno que la Municipalidad est\u00e9 siempre atenta a las necesidades de la comunidad, estoy muy agradecida\u201d.<\/p>\n\n\n\n<p>Para conocer cu\u00e1ndo y d\u00f3nde se desarrollar\u00e1n las pr\u00f3ximas Jornadas Integrales de Salud, se puede ingresar en Berazategui.gob.ar\/salud.<\/p>\n","protected":false},"excerpt":{"rendered":"<p>La Municipalidad de Berazategui llev\u00f3 a cabo una importante Jornada Integral de Salud en la Sociedad de Fomento Buenaventura (Calle 24 y Av. Vergara), que cont\u00f3 con una gran concurrencia de vecinos y vecinas de la zona. De esta manera, por impulso del intendente Juan Jos\u00e9 Mussi y organizaci\u00f3n de la Secretar\u00eda de Salud P\u00fablica&#8230;<\/p>\n","protected":false},"author":2,"featured_media":25618,"comment_status":"open","ping_status":"open","sticky":false,"template":"","format":"standard","meta":{"footnotes":""},"categories":[3,20],"tags":[],"class_list":["post-25616","post","type-post","status-publish","format-standard","has-post-thumbnail","hentry","category-berazategui","category-salud-ambiente"],"featured_image_src":"https:\/\/diarioprincipios.com\/wp-content\/uploads\/2025\/10\/Gran-Jornada-Integral-de-Salud-en-el-Barrio-Buenaventura-1024x682.jpg","blog_images":{"medium":"https:\/\/diarioprincipios.com\/wp-content\/uploads\/2025\/10\/Gran-Jornada-Integral-de-Salud-en-el-Barrio-Buenaventura-300x200.jpg","large":"https:\/\/diarioprincipios.com\/wp-content\/uploads\/2025\/10\/Gran-Jornada-Integral-de-Salud-en-el-Barrio-Buenaventura-1024x682.jpg"},"ams_acf":[],"yoast_head":"<!-- This site is optimized with the Yoast SEO plugin v27.3 - https:\/\/yoast.com\/product\/yoast-seo-wordpress\/ -->\n<title>Gran Jornada Integral de Salud en el Barrio Buenaventura - Principios<\/title>\n<meta name=\"robots\" content=\"index, follow, max-snippet:-1, max-image-preview:large, max-video-preview:-1\" \/>\n<link rel=\"canonical\" href=\"https:\/\/diarioprincipios.com\/index.php\/2025\/10\/14\/gran-jornada-integral-de-salud-en-el-barrio-buenaventura\/\" \/>\n<meta property=\"og:locale\" content=\"es_ES\" \/>\n<meta property=\"og:type\" content=\"article\" \/>\n<meta property=\"og:title\" content=\"Gran Jornada Integral de Salud en el Barrio Buenaventura - Principios\" \/>\n<meta property=\"og:description\" content=\"La Municipalidad de Berazategui llev\u00f3 a cabo una importante Jornada Integral de Salud en la Sociedad de Fomento Buenaventura (Calle 24 y Av. Vergara), que cont\u00f3 con una gran concurrencia de vecinos y vecinas de la zona. De esta manera, por impulso del intendente Juan Jos\u00e9 Mussi y organizaci\u00f3n de la Secretar\u00eda de Salud P\u00fablica...\" \/>\n<meta property=\"og:url\" content=\"https:\/\/diarioprincipios.com\/index.php\/2025\/10\/14\/gran-jornada-integral-de-salud-en-el-barrio-buenaventura\/\" \/>\n<meta property=\"og:site_name\" content=\"Principios\" \/>\n<meta property=\"article:published_time\" content=\"2025-10-14T14:24:18+00:00\" \/>\n<meta property=\"article:modified_time\" content=\"2025-10-14T14:24:19+00:00\" \/>\n<meta property=\"og:image\" content=\"https:\/\/diarioprincipios.com\/wp-content\/uploads\/2025\/10\/Gran-Jornada-Integral-de-Salud-en-el-Barrio-Buenaventura.jpg\" \/>\n\t<meta property=\"og:image:width\" content=\"1600\" \/>\n\t<meta property=\"og:image:height\" content=\"1066\" \/>\n\t<meta property=\"og:image:type\" content=\"image\/jpeg\" \/>\n<meta name=\"author\" content=\"Hern\u00e1n L\u00f3pez\" \/>\n<meta name=\"twitter:card\" content=\"summary_large_image\" \/>\n<meta name=\"twitter:label1\" content=\"Escrito por\" \/>\n\t<meta name=\"twitter:data1\" content=\"Hern\u00e1n L\u00f3pez\" \/>\n\t<meta name=\"twitter:label2\" content=\"Tiempo de lectura\" \/>\n\t<meta name=\"twitter:data2\" content=\"3 minutos\" \/>\n<script type=\"application\/ld+json\" class=\"yoast-schema-graph\">{\"@context\":\"https:\\\/\\\/schema.org\",\"@graph\":[{\"@type\":\"Article\",\"@id\":\"https:\\\/\\\/diarioprincipios.com\\\/index.php\\\/2025\\\/10\\\/14\\\/gran-jornada-integral-de-salud-en-el-barrio-buenaventura\\\/#article\",\"isPartOf\":{\"@id\":\"https:\\\/\\\/diarioprincipios.com\\\/index.php\\\/2025\\\/10\\\/14\\\/gran-jornada-integral-de-salud-en-el-barrio-buenaventura\\\/\"},\"author\":{\"name\":\"Hern\u00e1n L\u00f3pez\",\"@id\":\"https:\\\/\\\/diarioprincipios.com\\\/#\\\/schema\\\/person\\\/436d5a1fd41a5e250e23ff5a6a7cb080\"},\"headline\":\"Gran Jornada Integral de Salud en el Barrio Buenaventura\",\"datePublished\":\"2025-10-14T14:24:18+00:00\",\"dateModified\":\"2025-10-14T14:24:19+00:00\",\"mainEntityOfPage\":{\"@id\":\"https:\\\/\\\/diarioprincipios.com\\\/index.php\\\/2025\\\/10\\\/14\\\/gran-jornada-integral-de-salud-en-el-barrio-buenaventura\\\/\"},\"wordCount\":537,\"commentCount\":0,\"publisher\":{\"@id\":\"https:\\\/\\\/diarioprincipios.com\\\/#organization\"},\"image\":{\"@id\":\"https:\\\/\\\/diarioprincipios.com\\\/index.php\\\/2025\\\/10\\\/14\\\/gran-jornada-integral-de-salud-en-el-barrio-buenaventura\\\/#primaryimage\"},\"thumbnailUrl\":\"https:\\\/\\\/diarioprincipios.com\\\/wp-content\\\/uploads\\\/2025\\\/10\\\/Gran-Jornada-Integral-de-Salud-en-el-Barrio-Buenaventura.jpg\",\"articleSection\":[\"Berazategui\",\"Salud y Ambiente\"],\"inLanguage\":\"es\",\"potentialAction\":[{\"@type\":\"CommentAction\",\"name\":\"Comment\",\"target\":[\"https:\\\/\\\/diarioprincipios.com\\\/index.php\\\/2025\\\/10\\\/14\\\/gran-jornada-integral-de-salud-en-el-barrio-buenaventura\\\/#respond\"]}]},{\"@type\":\"WebPage\",\"@id\":\"https:\\\/\\\/diarioprincipios.com\\\/index.php\\\/2025\\\/10\\\/14\\\/gran-jornada-integral-de-salud-en-el-barrio-buenaventura\\\/\",\"url\":\"https:\\\/\\\/diarioprincipios.com\\\/index.php\\\/2025\\\/10\\\/14\\\/gran-jornada-integral-de-salud-en-el-barrio-buenaventura\\\/\",\"name\":\"Gran Jornada Integral de Salud en el Barrio Buenaventura - Principios\",\"isPartOf\":{\"@id\":\"https:\\\/\\\/diarioprincipios.com\\\/#website\"},\"primaryImageOfPage\":{\"@id\":\"https:\\\/\\\/diarioprincipios.com\\\/index.php\\\/2025\\\/10\\\/14\\\/gran-jornada-integral-de-salud-en-el-barrio-buenaventura\\\/#primaryimage\"},\"image\":{\"@id\":\"https:\\\/\\\/diarioprincipios.com\\\/index.php\\\/2025\\\/10\\\/14\\\/gran-jornada-integral-de-salud-en-el-barrio-buenaventura\\\/#primaryimage\"},\"thumbnailUrl\":\"https:\\\/\\\/diarioprincipios.com\\\/wp-content\\\/uploads\\\/2025\\\/10\\\/Gran-Jornada-Integral-de-Salud-en-el-Barrio-Buenaventura.jpg\",\"datePublished\":\"2025-10-14T14:24:18+00:00\",\"dateModified\":\"2025-10-14T14:24:19+00:00\",\"breadcrumb\":{\"@id\":\"https:\\\/\\\/diarioprincipios.com\\\/index.php\\\/2025\\\/10\\\/14\\\/gran-jornada-integral-de-salud-en-el-barrio-buenaventura\\\/#breadcrumb\"},\"inLanguage\":\"es\",\"potentialAction\":[{\"@type\":\"ReadAction\",\"target\":[\"https:\\\/\\\/diarioprincipios.com\\\/index.php\\\/2025\\\/10\\\/14\\\/gran-jornada-integral-de-salud-en-el-barrio-buenaventura\\\/\"]}]},{\"@type\":\"ImageObject\",\"inLanguage\":\"es\",\"@id\":\"https:\\\/\\\/diarioprincipios.com\\\/index.php\\\/2025\\\/10\\\/14\\\/gran-jornada-integral-de-salud-en-el-barrio-buenaventura\\\/#primaryimage\",\"url\":\"https:\\\/\\\/diarioprincipios.com\\\/wp-content\\\/uploads\\\/2025\\\/10\\\/Gran-Jornada-Integral-de-Salud-en-el-Barrio-Buenaventura.jpg\",\"contentUrl\":\"https:\\\/\\\/diarioprincipios.com\\\/wp-content\\\/uploads\\\/2025\\\/10\\\/Gran-Jornada-Integral-de-Salud-en-el-Barrio-Buenaventura.jpg\",\"width\":1600,\"height\":1066},{\"@type\":\"BreadcrumbList\",\"@id\":\"https:\\\/\\\/diarioprincipios.com\\\/index.php\\\/2025\\\/10\\\/14\\\/gran-jornada-integral-de-salud-en-el-barrio-buenaventura\\\/#breadcrumb\",\"itemListElement\":[{\"@type\":\"ListItem\",\"position\":1,\"name\":\"Portada\",\"item\":\"https:\\\/\\\/diarioprincipios.com\\\/\"},{\"@type\":\"ListItem\",\"position\":2,\"name\":\"Gran Jornada Integral de Salud en el Barrio Buenaventura\"}]},{\"@type\":\"WebSite\",\"@id\":\"https:\\\/\\\/diarioprincipios.com\\\/#website\",\"url\":\"https:\\\/\\\/diarioprincipios.com\\\/\",\"name\":\"Principios\",\"description\":\"Principios Diario\",\"publisher\":{\"@id\":\"https:\\\/\\\/diarioprincipios.com\\\/#organization\"},\"potentialAction\":[{\"@type\":\"SearchAction\",\"target\":{\"@type\":\"EntryPoint\",\"urlTemplate\":\"https:\\\/\\\/diarioprincipios.com\\\/?s={search_term_string}\"},\"query-input\":{\"@type\":\"PropertyValueSpecification\",\"valueRequired\":true,\"valueName\":\"search_term_string\"}}],\"inLanguage\":\"es\"},{\"@type\":\"Organization\",\"@id\":\"https:\\\/\\\/diarioprincipios.com\\\/#organization\",\"name\":\"Principios\",\"url\":\"https:\\\/\\\/diarioprincipios.com\\\/\",\"logo\":{\"@type\":\"ImageObject\",\"inLanguage\":\"es\",\"@id\":\"https:\\\/\\\/diarioprincipios.com\\\/#\\\/schema\\\/logo\\\/image\\\/\",\"url\":\"https:\\\/\\\/diarioprincipios.com\\\/wp-content\\\/uploads\\\/2024\\\/04\\\/cropped-www.diarioprincipios.com_-1.png\",\"contentUrl\":\"https:\\\/\\\/diarioprincipios.com\\\/wp-content\\\/uploads\\\/2024\\\/04\\\/cropped-www.diarioprincipios.com_-1.png\",\"width\":5325,\"height\":1454,\"caption\":\"Principios\"},\"image\":{\"@id\":\"https:\\\/\\\/diarioprincipios.com\\\/#\\\/schema\\\/logo\\\/image\\\/\"}},{\"@type\":\"Person\",\"@id\":\"https:\\\/\\\/diarioprincipios.com\\\/#\\\/schema\\\/person\\\/436d5a1fd41a5e250e23ff5a6a7cb080\",\"name\":\"Hern\u00e1n L\u00f3pez\",\"image\":{\"@type\":\"ImageObject\",\"inLanguage\":\"es\",\"@id\":\"https:\\\/\\\/diarioprincipios.com\\\/wp-content\\\/litespeed\\\/avatar\\\/11ddfe5610ff3bd100522525b2571f48.jpg?ver=1777048341\",\"url\":\"https:\\\/\\\/diarioprincipios.com\\\/wp-content\\\/litespeed\\\/avatar\\\/11ddfe5610ff3bd100522525b2571f48.jpg?ver=1777048341\",\"contentUrl\":\"https:\\\/\\\/diarioprincipios.com\\\/wp-content\\\/litespeed\\\/avatar\\\/11ddfe5610ff3bd100522525b2571f48.jpg?ver=1777048341\",\"caption\":\"Hern\u00e1n L\u00f3pez\"},\"url\":\"https:\\\/\\\/diarioprincipios.com\\\/index.php\\\/author\\\/hernan\\\/\"}]}<\/script>\n<!-- \/ Yoast SEO plugin. -->","yoast_head_json":{"title":"Gran Jornada Integral de Salud en el Barrio Buenaventura - Principios","robots":{"index":"index","follow":"follow","max-snippet":"max-snippet:-1","max-image-preview":"max-image-preview:large","max-video-preview":"max-video-preview:-1"},"canonical":"https:\/\/diarioprincipios.com\/index.php\/2025\/10\/14\/gran-jornada-integral-de-salud-en-el-barrio-buenaventura\/","og_locale":"es_ES","og_type":"article","og_title":"Gran Jornada Integral de Salud en el Barrio Buenaventura - Principios","og_description":"La Municipalidad de Berazategui llev\u00f3 a cabo una importante Jornada Integral de Salud en la Sociedad de Fomento Buenaventura (Calle 24 y Av. Vergara), que cont\u00f3 con una gran concurrencia de vecinos y vecinas de la zona. De esta manera, por impulso del intendente Juan Jos\u00e9 Mussi y organizaci\u00f3n de la Secretar\u00eda de Salud P\u00fablica...","og_url":"https:\/\/diarioprincipios.com\/index.php\/2025\/10\/14\/gran-jornada-integral-de-salud-en-el-barrio-buenaventura\/","og_site_name":"Principios","article_published_time":"2025-10-14T14:24:18+00:00","article_modified_time":"2025-10-14T14:24:19+00:00","og_image":[{"width":1600,"height":1066,"url":"https:\/\/diarioprincipios.com\/wp-content\/uploads\/2025\/10\/Gran-Jornada-Integral-de-Salud-en-el-Barrio-Buenaventura.jpg","type":"image\/jpeg"}],"author":"Hern\u00e1n L\u00f3pez","twitter_card":"summary_large_image","twitter_misc":{"Escrito por":"Hern\u00e1n L\u00f3pez","Tiempo de lectura":"3 minutos"},"schema":{"@context":"https:\/\/schema.org","@graph":[{"@type":"Article","@id":"https:\/\/diarioprincipios.com\/index.php\/2025\/10\/14\/gran-jornada-integral-de-salud-en-el-barrio-buenaventura\/#article","isPartOf":{"@id":"https:\/\/diarioprincipios.com\/index.php\/2025\/10\/14\/gran-jornada-integral-de-salud-en-el-barrio-buenaventura\/"},"author":{"name":"Hern\u00e1n L\u00f3pez","@id":"https:\/\/diarioprincipios.com\/#\/schema\/person\/436d5a1fd41a5e250e23ff5a6a7cb080"},"headline":"Gran Jornada Integral de Salud en el Barrio Buenaventura","datePublished":"2025-10-14T14:24:18+00:00","dateModified":"2025-10-14T14:24:19+00:00","mainEntityOfPage":{"@id":"https:\/\/diarioprincipios.com\/index.php\/2025\/10\/14\/gran-jornada-integral-de-salud-en-el-barrio-buenaventura\/"},"wordCount":537,"commentCount":0,"publisher":{"@id":"https:\/\/diarioprincipios.com\/#organization"},"image":{"@id":"https:\/\/diarioprincipios.com\/index.php\/2025\/10\/14\/gran-jornada-integral-de-salud-en-el-barrio-buenaventura\/#primaryimage"},"thumbnailUrl":"https:\/\/diarioprincipios.com\/wp-content\/uploads\/2025\/10\/Gran-Jornada-Integral-de-Salud-en-el-Barrio-Buenaventura.jpg","articleSection":["Berazategui","Salud y Ambiente"],"inLanguage":"es","potentialAction":[{"@type":"CommentAction","name":"Comment","target":["https:\/\/diarioprincipios.com\/index.php\/2025\/10\/14\/gran-jornada-integral-de-salud-en-el-barrio-buenaventura\/#respond"]}]},{"@type":"WebPage","@id":"https:\/\/diarioprincipios.com\/index.php\/2025\/10\/14\/gran-jornada-integral-de-salud-en-el-barrio-buenaventura\/","url":"https:\/\/diarioprincipios.com\/index.php\/2025\/10\/14\/gran-jornada-integral-de-salud-en-el-barrio-buenaventura\/","name":"Gran Jornada Integral de Salud en el Barrio Buenaventura - Principios","isPartOf":{"@id":"https:\/\/diarioprincipios.com\/#website"},"primaryImageOfPage":{"@id":"https:\/\/diarioprincipios.com\/index.php\/2025\/10\/14\/gran-jornada-integral-de-salud-en-el-barrio-buenaventura\/#primaryimage"},"image":{"@id":"https:\/\/diarioprincipios.com\/index.php\/2025\/10\/14\/gran-jornada-integral-de-salud-en-el-barrio-buenaventura\/#primaryimage"},"thumbnailUrl":"https:\/\/diarioprincipios.com\/wp-content\/uploads\/2025\/10\/Gran-Jornada-Integral-de-Salud-en-el-Barrio-Buenaventura.jpg","datePublished":"2025-10-14T14:24:18+00:00","dateModified":"2025-10-14T14:24:19+00:00","breadcrumb":{"@id":"https:\/\/diarioprincipios.com\/index.php\/2025\/10\/14\/gran-jornada-integral-de-salud-en-el-barrio-buenaventura\/#breadcrumb"},"inLanguage":"es","potentialAction":[{"@type":"ReadAction","target":["https:\/\/diarioprincipios.com\/index.php\/2025\/10\/14\/gran-jornada-integral-de-salud-en-el-barrio-buenaventura\/"]}]},{"@type":"ImageObject","inLanguage":"es","@id":"https:\/\/diarioprincipios.com\/index.php\/2025\/10\/14\/gran-jornada-integral-de-salud-en-el-barrio-buenaventura\/#primaryimage","url":"https:\/\/diarioprincipios.com\/wp-content\/uploads\/2025\/10\/Gran-Jornada-Integral-de-Salud-en-el-Barrio-Buenaventura.jpg","contentUrl":"https:\/\/diarioprincipios.com\/wp-content\/uploads\/2025\/10\/Gran-Jornada-Integral-de-Salud-en-el-Barrio-Buenaventura.jpg","width":1600,"height":1066},{"@type":"BreadcrumbList","@id":"https:\/\/diarioprincipios.com\/index.php\/2025\/10\/14\/gran-jornada-integral-de-salud-en-el-barrio-buenaventura\/#breadcrumb","itemListElement":[{"@type":"ListItem","position":1,"name":"Portada","item":"https:\/\/diarioprincipios.com\/"},{"@type":"ListItem","position":2,"name":"Gran Jornada Integral de Salud en el Barrio Buenaventura"}]},{"@type":"WebSite","@id":"https:\/\/diarioprincipios.com\/#website","url":"https:\/\/diarioprincipios.com\/","name":"Principios","description":"Principios Diario","publisher":{"@id":"https:\/\/diarioprincipios.com\/#organization"},"potentialAction":[{"@type":"SearchAction","target":{"@type":"EntryPoint","urlTemplate":"https:\/\/diarioprincipios.com\/?s={search_term_string}"},"query-input":{"@type":"PropertyValueSpecification","valueRequired":true,"valueName":"search_term_string"}}],"inLanguage":"es"},{"@type":"Organization","@id":"https:\/\/diarioprincipios.com\/#organization","name":"Principios","url":"https:\/\/diarioprincipios.com\/","logo":{"@type":"ImageObject","inLanguage":"es","@id":"https:\/\/diarioprincipios.com\/#\/schema\/logo\/image\/","url":"https:\/\/diarioprincipios.com\/wp-content\/uploads\/2024\/04\/cropped-www.diarioprincipios.com_-1.png","contentUrl":"https:\/\/diarioprincipios.com\/wp-content\/uploads\/2024\/04\/cropped-www.diarioprincipios.com_-1.png","width":5325,"height":1454,"caption":"Principios"},"image":{"@id":"https:\/\/diarioprincipios.com\/#\/schema\/logo\/image\/"}},{"@type":"Person","@id":"https:\/\/diarioprincipios.com\/#\/schema\/person\/436d5a1fd41a5e250e23ff5a6a7cb080","name":"Hern\u00e1n L\u00f3pez","image":{"@type":"ImageObject","inLanguage":"es","@id":"https:\/\/diarioprincipios.com\/wp-content\/litespeed\/avatar\/11ddfe5610ff3bd100522525b2571f48.jpg?ver=1777048341","url":"https:\/\/diarioprincipios.com\/wp-content\/litespeed\/avatar\/11ddfe5610ff3bd100522525b2571f48.jpg?ver=1777048341","contentUrl":"https:\/\/diarioprincipios.com\/wp-content\/litespeed\/avatar\/11ddfe5610ff3bd100522525b2571f48.jpg?ver=1777048341","caption":"Hern\u00e1n L\u00f3pez"},"url":"https:\/\/diarioprincipios.com\/index.php\/author\/hernan\/"}]}},"jetpack_featured_media_url":"https:\/\/diarioprincipios.com\/wp-content\/uploads\/2025\/10\/Gran-Jornada-Integral-de-Salud-en-el-Barrio-Buenaventura.jpg","_links":{"self":[{"href":"https:\/\/diarioprincipios.com\/index.php\/wp-json\/wp\/v2\/posts\/25616","targetHints":{"allow":["GET"]}}],"collection":[{"href":"https:\/\/diarioprincipios.com\/index.php\/wp-json\/wp\/v2\/posts"}],"about":[{"href":"https:\/\/diarioprincipios.com\/index.php\/wp-json\/wp\/v2\/types\/post"}],"author":[{"embeddable":true,"href":"https:\/\/diarioprincipios.com\/index.php\/wp-json\/wp\/v2\/users\/2"}],"replies":[{"embeddable":true,"href":"https:\/\/diarioprincipios.com\/index.php\/wp-json\/wp\/v2\/comments?post=25616"}],"version-history":[{"count":1,"href":"https:\/\/diarioprincipios.com\/index.php\/wp-json\/wp\/v2\/posts\/25616\/revisions"}],"predecessor-version":[{"id":25619,"href":"https:\/\/diarioprincipios.com\/index.php\/wp-json\/wp\/v2\/posts\/25616\/revisions\/25619"}],"wp:featuredmedia":[{"embeddable":true,"href":"https:\/\/diarioprincipios.com\/index.php\/wp-json\/wp\/v2\/media\/25618"}],"wp:attachment":[{"href":"https:\/\/diarioprincipios.com\/index.php\/wp-json\/wp\/v2\/media?parent=25616"}],"wp:term":[{"taxonomy":"category","embeddable":true,"href":"https:\/\/diarioprincipios.com\/index.php\/wp-json\/wp\/v2\/categories?post=25616"},{"taxonomy":"post_tag","embeddable":true,"href":"https:\/\/diarioprincipios.com\/index.php\/wp-json\/wp\/v2\/tags?post=25616"}],"curies":[{"name":"wp","href":"https:\/\/api.w.org\/{rel}","templated":true}]}}