{"id":25603,"date":"2025-10-13T15:20:53","date_gmt":"2025-10-13T18:20:53","guid":{"rendered":"https:\/\/diarioprincipios.com\/?p=25603"},"modified":"2025-10-13T15:20:54","modified_gmt":"2025-10-13T18:20:54","slug":"una-nueva-mayoria-en-la-conadu","status":"publish","type":"post","link":"https:\/\/diarioprincipios.com\/index.php\/2025\/10\/13\/una-nueva-mayoria-en-la-conadu\/","title":{"rendered":"Una nueva mayor\u00eda en la CONADU"},"content":{"rendered":"\n<p>El viernes 10 de octubre se llevaron adelante las elecciones de autoridades de la Federaci\u00f3n Nacional de Docentes Universitarios para el per\u00edodo 2025-2029.<\/p>\n\n\n\n<p>La hist\u00f3rica elecci\u00f3n marca el inicio de un nuevo ciclo: obtuvo la victoria el Frente de Unidad Docente \u201c23 de abril\u201d (lista verde), expresi\u00f3n de una construcci\u00f3n federal, &nbsp;democr\u00e1tica y desde los sindicatos de base encabezada por Clara Chevalier -actual secretaria general de ADEIUNAJ- &nbsp;frente a la actual conducci\u00f3n de la Federaci\u00f3n (lista azul).<\/p>\n\n\n\n<p>El Frente de Unidad Docente \u201c23 de abril\u201d toma su nombre de la primera Marcha Federal Universitaria contra las pol\u00edticas del actual gobierno. La marcha unitaria se convierte as\u00ed en el hito fundacional que expresa el esp\u00edritu de la lista: caminar hacia la unidad del movimiento obrero organizado. Una unidad que, lejos de ser una consigna, se construye en la acci\u00f3n cotidiana y fortaleciendo las herramientas de representaci\u00f3n.<\/p>\n\n\n\n<p>Para ADEIUNAJ, este triunfo es sumamente significativo porque refleja el crecimiento de un sindicato que -en apenas 15 a\u00f1os- supo construir legitimidad, organizaci\u00f3n y representaci\u00f3n y porque da cuenta el desaf\u00edo que nuestras queridas universidades conurbanas tienen ante esta dif\u00edcil&nbsp;coyuntura<\/p>\n","protected":false},"excerpt":{"rendered":"<p>El viernes 10 de octubre se llevaron adelante las elecciones de autoridades de la Federaci\u00f3n Nacional de Docentes Universitarios para el per\u00edodo 2025-2029. La hist\u00f3rica elecci\u00f3n marca el inicio de un nuevo ciclo: obtuvo la victoria el Frente de Unidad Docente \u201c23 de abril\u201d (lista verde), expresi\u00f3n de una construcci\u00f3n federal, &nbsp;democr\u00e1tica y desde los&#8230;<\/p>\n","protected":false},"author":2,"featured_media":25604,"comment_status":"open","ping_status":"open","sticky":false,"template":"","format":"standard","meta":{"footnotes":""},"categories":[21],"tags":[],"class_list":["post-25603","post","type-post","status-publish","format-standard","has-post-thumbnail","hentry","category-gremiales"],"featured_image_src":"https:\/\/diarioprincipios.com\/wp-content\/uploads\/2025\/10\/WhatsApp-Image-2025-10-13-at-09_37_08-1-1024x560.jpeg","blog_images":{"medium":"https:\/\/diarioprincipios.com\/wp-content\/uploads\/2025\/10\/WhatsApp-Image-2025-10-13-at-09_37_08-1-300x164.jpeg","large":"https:\/\/diarioprincipios.com\/wp-content\/uploads\/2025\/10\/WhatsApp-Image-2025-10-13-at-09_37_08-1-1024x560.jpeg"},"ams_acf":[],"yoast_head":"<!-- This site is optimized with the Yoast SEO plugin v27.3 - https:\/\/yoast.com\/product\/yoast-seo-wordpress\/ -->\n<title>Una nueva mayor\u00eda en la CONADU - Principios<\/title>\n<meta name=\"robots\" content=\"index, follow, max-snippet:-1, max-image-preview:large, max-video-preview:-1\" \/>\n<link rel=\"canonical\" href=\"https:\/\/diarioprincipios.com\/index.php\/2025\/10\/13\/una-nueva-mayoria-en-la-conadu\/\" \/>\n<meta property=\"og:locale\" content=\"es_ES\" \/>\n<meta property=\"og:type\" content=\"article\" \/>\n<meta property=\"og:title\" content=\"Una nueva mayor\u00eda en la CONADU - Principios\" \/>\n<meta property=\"og:description\" content=\"El viernes 10 de octubre se llevaron adelante las elecciones de autoridades de la Federaci\u00f3n Nacional de Docentes Universitarios para el per\u00edodo 2025-2029. La hist\u00f3rica elecci\u00f3n marca el inicio de un nuevo ciclo: obtuvo la victoria el Frente de Unidad Docente \u201c23 de abril\u201d (lista verde), expresi\u00f3n de una construcci\u00f3n federal, &nbsp;democr\u00e1tica y desde los...\" \/>\n<meta property=\"og:url\" content=\"https:\/\/diarioprincipios.com\/index.php\/2025\/10\/13\/una-nueva-mayoria-en-la-conadu\/\" \/>\n<meta property=\"og:site_name\" content=\"Principios\" \/>\n<meta property=\"article:published_time\" content=\"2025-10-13T18:20:53+00:00\" \/>\n<meta property=\"article:modified_time\" content=\"2025-10-13T18:20:54+00:00\" \/>\n<meta property=\"og:image\" content=\"https:\/\/diarioprincipios.com\/wp-content\/uploads\/2025\/10\/WhatsApp-Image-2025-10-13-at-09_37_08-1.jpeg\" \/>\n\t<meta property=\"og:image:width\" content=\"1600\" \/>\n\t<meta property=\"og:image:height\" content=\"875\" \/>\n\t<meta property=\"og:image:type\" content=\"image\/jpeg\" \/>\n<meta name=\"author\" content=\"Hern\u00e1n L\u00f3pez\" \/>\n<meta name=\"twitter:card\" content=\"summary_large_image\" \/>\n<meta name=\"twitter:label1\" content=\"Escrito por\" \/>\n\t<meta name=\"twitter:data1\" content=\"Hern\u00e1n L\u00f3pez\" \/>\n\t<meta name=\"twitter:label2\" content=\"Tiempo de lectura\" \/>\n\t<meta name=\"twitter:data2\" content=\"2 minutos\" \/>\n<script type=\"application\/ld+json\" class=\"yoast-schema-graph\">{\"@context\":\"https:\\\/\\\/schema.org\",\"@graph\":[{\"@type\":\"Article\",\"@id\":\"https:\\\/\\\/diarioprincipios.com\\\/index.php\\\/2025\\\/10\\\/13\\\/una-nueva-mayoria-en-la-conadu\\\/#article\",\"isPartOf\":{\"@id\":\"https:\\\/\\\/diarioprincipios.com\\\/index.php\\\/2025\\\/10\\\/13\\\/una-nueva-mayoria-en-la-conadu\\\/\"},\"author\":{\"name\":\"Hern\u00e1n L\u00f3pez\",\"@id\":\"https:\\\/\\\/diarioprincipios.com\\\/#\\\/schema\\\/person\\\/436d5a1fd41a5e250e23ff5a6a7cb080\"},\"headline\":\"Una nueva mayor\u00eda en la CONADU\",\"datePublished\":\"2025-10-13T18:20:53+00:00\",\"dateModified\":\"2025-10-13T18:20:54+00:00\",\"mainEntityOfPage\":{\"@id\":\"https:\\\/\\\/diarioprincipios.com\\\/index.php\\\/2025\\\/10\\\/13\\\/una-nueva-mayoria-en-la-conadu\\\/\"},\"wordCount\":210,\"commentCount\":0,\"publisher\":{\"@id\":\"https:\\\/\\\/diarioprincipios.com\\\/#organization\"},\"image\":{\"@id\":\"https:\\\/\\\/diarioprincipios.com\\\/index.php\\\/2025\\\/10\\\/13\\\/una-nueva-mayoria-en-la-conadu\\\/#primaryimage\"},\"thumbnailUrl\":\"https:\\\/\\\/diarioprincipios.com\\\/wp-content\\\/uploads\\\/2025\\\/10\\\/WhatsApp-Image-2025-10-13-at-09_37_08-1.jpeg\",\"articleSection\":[\"Gremiales\"],\"inLanguage\":\"es\",\"potentialAction\":[{\"@type\":\"CommentAction\",\"name\":\"Comment\",\"target\":[\"https:\\\/\\\/diarioprincipios.com\\\/index.php\\\/2025\\\/10\\\/13\\\/una-nueva-mayoria-en-la-conadu\\\/#respond\"]}]},{\"@type\":\"WebPage\",\"@id\":\"https:\\\/\\\/diarioprincipios.com\\\/index.php\\\/2025\\\/10\\\/13\\\/una-nueva-mayoria-en-la-conadu\\\/\",\"url\":\"https:\\\/\\\/diarioprincipios.com\\\/index.php\\\/2025\\\/10\\\/13\\\/una-nueva-mayoria-en-la-conadu\\\/\",\"name\":\"Una nueva mayor\u00eda en la CONADU - Principios\",\"isPartOf\":{\"@id\":\"https:\\\/\\\/diarioprincipios.com\\\/#website\"},\"primaryImageOfPage\":{\"@id\":\"https:\\\/\\\/diarioprincipios.com\\\/index.php\\\/2025\\\/10\\\/13\\\/una-nueva-mayoria-en-la-conadu\\\/#primaryimage\"},\"image\":{\"@id\":\"https:\\\/\\\/diarioprincipios.com\\\/index.php\\\/2025\\\/10\\\/13\\\/una-nueva-mayoria-en-la-conadu\\\/#primaryimage\"},\"thumbnailUrl\":\"https:\\\/\\\/diarioprincipios.com\\\/wp-content\\\/uploads\\\/2025\\\/10\\\/WhatsApp-Image-2025-10-13-at-09_37_08-1.jpeg\",\"datePublished\":\"2025-10-13T18:20:53+00:00\",\"dateModified\":\"2025-10-13T18:20:54+00:00\",\"breadcrumb\":{\"@id\":\"https:\\\/\\\/diarioprincipios.com\\\/index.php\\\/2025\\\/10\\\/13\\\/una-nueva-mayoria-en-la-conadu\\\/#breadcrumb\"},\"inLanguage\":\"es\",\"potentialAction\":[{\"@type\":\"ReadAction\",\"target\":[\"https:\\\/\\\/diarioprincipios.com\\\/index.php\\\/2025\\\/10\\\/13\\\/una-nueva-mayoria-en-la-conadu\\\/\"]}]},{\"@type\":\"ImageObject\",\"inLanguage\":\"es\",\"@id\":\"https:\\\/\\\/diarioprincipios.com\\\/index.php\\\/2025\\\/10\\\/13\\\/una-nueva-mayoria-en-la-conadu\\\/#primaryimage\",\"url\":\"https:\\\/\\\/diarioprincipios.com\\\/wp-content\\\/uploads\\\/2025\\\/10\\\/WhatsApp-Image-2025-10-13-at-09_37_08-1.jpeg\",\"contentUrl\":\"https:\\\/\\\/diarioprincipios.com\\\/wp-content\\\/uploads\\\/2025\\\/10\\\/WhatsApp-Image-2025-10-13-at-09_37_08-1.jpeg\",\"width\":1600,\"height\":875},{\"@type\":\"BreadcrumbList\",\"@id\":\"https:\\\/\\\/diarioprincipios.com\\\/index.php\\\/2025\\\/10\\\/13\\\/una-nueva-mayoria-en-la-conadu\\\/#breadcrumb\",\"itemListElement\":[{\"@type\":\"ListItem\",\"position\":1,\"name\":\"Portada\",\"item\":\"https:\\\/\\\/diarioprincipios.com\\\/\"},{\"@type\":\"ListItem\",\"position\":2,\"name\":\"Una nueva mayor\u00eda en la CONADU\"}]},{\"@type\":\"WebSite\",\"@id\":\"https:\\\/\\\/diarioprincipios.com\\\/#website\",\"url\":\"https:\\\/\\\/diarioprincipios.com\\\/\",\"name\":\"Principios\",\"description\":\"Principios Diario\",\"publisher\":{\"@id\":\"https:\\\/\\\/diarioprincipios.com\\\/#organization\"},\"potentialAction\":[{\"@type\":\"SearchAction\",\"target\":{\"@type\":\"EntryPoint\",\"urlTemplate\":\"https:\\\/\\\/diarioprincipios.com\\\/?s={search_term_string}\"},\"query-input\":{\"@type\":\"PropertyValueSpecification\",\"valueRequired\":true,\"valueName\":\"search_term_string\"}}],\"inLanguage\":\"es\"},{\"@type\":\"Organization\",\"@id\":\"https:\\\/\\\/diarioprincipios.com\\\/#organization\",\"name\":\"Principios\",\"url\":\"https:\\\/\\\/diarioprincipios.com\\\/\",\"logo\":{\"@type\":\"ImageObject\",\"inLanguage\":\"es\",\"@id\":\"https:\\\/\\\/diarioprincipios.com\\\/#\\\/schema\\\/logo\\\/image\\\/\",\"url\":\"https:\\\/\\\/diarioprincipios.com\\\/wp-content\\\/uploads\\\/2024\\\/04\\\/cropped-www.diarioprincipios.com_-1.png\",\"contentUrl\":\"https:\\\/\\\/diarioprincipios.com\\\/wp-content\\\/uploads\\\/2024\\\/04\\\/cropped-www.diarioprincipios.com_-1.png\",\"width\":5325,\"height\":1454,\"caption\":\"Principios\"},\"image\":{\"@id\":\"https:\\\/\\\/diarioprincipios.com\\\/#\\\/schema\\\/logo\\\/image\\\/\"}},{\"@type\":\"Person\",\"@id\":\"https:\\\/\\\/diarioprincipios.com\\\/#\\\/schema\\\/person\\\/436d5a1fd41a5e250e23ff5a6a7cb080\",\"name\":\"Hern\u00e1n L\u00f3pez\",\"image\":{\"@type\":\"ImageObject\",\"inLanguage\":\"es\",\"@id\":\"https:\\\/\\\/diarioprincipios.com\\\/wp-content\\\/litespeed\\\/avatar\\\/11ddfe5610ff3bd100522525b2571f48.jpg?ver=1777048341\",\"url\":\"https:\\\/\\\/diarioprincipios.com\\\/wp-content\\\/litespeed\\\/avatar\\\/11ddfe5610ff3bd100522525b2571f48.jpg?ver=1777048341\",\"contentUrl\":\"https:\\\/\\\/diarioprincipios.com\\\/wp-content\\\/litespeed\\\/avatar\\\/11ddfe5610ff3bd100522525b2571f48.jpg?ver=1777048341\",\"caption\":\"Hern\u00e1n L\u00f3pez\"},\"url\":\"https:\\\/\\\/diarioprincipios.com\\\/index.php\\\/author\\\/hernan\\\/\"}]}<\/script>\n<!-- \/ Yoast SEO plugin. -->","yoast_head_json":{"title":"Una nueva mayor\u00eda en la CONADU - Principios","robots":{"index":"index","follow":"follow","max-snippet":"max-snippet:-1","max-image-preview":"max-image-preview:large","max-video-preview":"max-video-preview:-1"},"canonical":"https:\/\/diarioprincipios.com\/index.php\/2025\/10\/13\/una-nueva-mayoria-en-la-conadu\/","og_locale":"es_ES","og_type":"article","og_title":"Una nueva mayor\u00eda en la CONADU - Principios","og_description":"El viernes 10 de octubre se llevaron adelante las elecciones de autoridades de la Federaci\u00f3n Nacional de Docentes Universitarios para el per\u00edodo 2025-2029. La hist\u00f3rica elecci\u00f3n marca el inicio de un nuevo ciclo: obtuvo la victoria el Frente de Unidad Docente \u201c23 de abril\u201d (lista verde), expresi\u00f3n de una construcci\u00f3n federal, &nbsp;democr\u00e1tica y desde los...","og_url":"https:\/\/diarioprincipios.com\/index.php\/2025\/10\/13\/una-nueva-mayoria-en-la-conadu\/","og_site_name":"Principios","article_published_time":"2025-10-13T18:20:53+00:00","article_modified_time":"2025-10-13T18:20:54+00:00","og_image":[{"width":1600,"height":875,"url":"https:\/\/diarioprincipios.com\/wp-content\/uploads\/2025\/10\/WhatsApp-Image-2025-10-13-at-09_37_08-1.jpeg","type":"image\/jpeg"}],"author":"Hern\u00e1n L\u00f3pez","twitter_card":"summary_large_image","twitter_misc":{"Escrito por":"Hern\u00e1n L\u00f3pez","Tiempo de lectura":"2 minutos"},"schema":{"@context":"https:\/\/schema.org","@graph":[{"@type":"Article","@id":"https:\/\/diarioprincipios.com\/index.php\/2025\/10\/13\/una-nueva-mayoria-en-la-conadu\/#article","isPartOf":{"@id":"https:\/\/diarioprincipios.com\/index.php\/2025\/10\/13\/una-nueva-mayoria-en-la-conadu\/"},"author":{"name":"Hern\u00e1n L\u00f3pez","@id":"https:\/\/diarioprincipios.com\/#\/schema\/person\/436d5a1fd41a5e250e23ff5a6a7cb080"},"headline":"Una nueva mayor\u00eda en la CONADU","datePublished":"2025-10-13T18:20:53+00:00","dateModified":"2025-10-13T18:20:54+00:00","mainEntityOfPage":{"@id":"https:\/\/diarioprincipios.com\/index.php\/2025\/10\/13\/una-nueva-mayoria-en-la-conadu\/"},"wordCount":210,"commentCount":0,"publisher":{"@id":"https:\/\/diarioprincipios.com\/#organization"},"image":{"@id":"https:\/\/diarioprincipios.com\/index.php\/2025\/10\/13\/una-nueva-mayoria-en-la-conadu\/#primaryimage"},"thumbnailUrl":"https:\/\/diarioprincipios.com\/wp-content\/uploads\/2025\/10\/WhatsApp-Image-2025-10-13-at-09_37_08-1.jpeg","articleSection":["Gremiales"],"inLanguage":"es","potentialAction":[{"@type":"CommentAction","name":"Comment","target":["https:\/\/diarioprincipios.com\/index.php\/2025\/10\/13\/una-nueva-mayoria-en-la-conadu\/#respond"]}]},{"@type":"WebPage","@id":"https:\/\/diarioprincipios.com\/index.php\/2025\/10\/13\/una-nueva-mayoria-en-la-conadu\/","url":"https:\/\/diarioprincipios.com\/index.php\/2025\/10\/13\/una-nueva-mayoria-en-la-conadu\/","name":"Una nueva mayor\u00eda en la CONADU - Principios","isPartOf":{"@id":"https:\/\/diarioprincipios.com\/#website"},"primaryImageOfPage":{"@id":"https:\/\/diarioprincipios.com\/index.php\/2025\/10\/13\/una-nueva-mayoria-en-la-conadu\/#primaryimage"},"image":{"@id":"https:\/\/diarioprincipios.com\/index.php\/2025\/10\/13\/una-nueva-mayoria-en-la-conadu\/#primaryimage"},"thumbnailUrl":"https:\/\/diarioprincipios.com\/wp-content\/uploads\/2025\/10\/WhatsApp-Image-2025-10-13-at-09_37_08-1.jpeg","datePublished":"2025-10-13T18:20:53+00:00","dateModified":"2025-10-13T18:20:54+00:00","breadcrumb":{"@id":"https:\/\/diarioprincipios.com\/index.php\/2025\/10\/13\/una-nueva-mayoria-en-la-conadu\/#breadcrumb"},"inLanguage":"es","potentialAction":[{"@type":"ReadAction","target":["https:\/\/diarioprincipios.com\/index.php\/2025\/10\/13\/una-nueva-mayoria-en-la-conadu\/"]}]},{"@type":"ImageObject","inLanguage":"es","@id":"https:\/\/diarioprincipios.com\/index.php\/2025\/10\/13\/una-nueva-mayoria-en-la-conadu\/#primaryimage","url":"https:\/\/diarioprincipios.com\/wp-content\/uploads\/2025\/10\/WhatsApp-Image-2025-10-13-at-09_37_08-1.jpeg","contentUrl":"https:\/\/diarioprincipios.com\/wp-content\/uploads\/2025\/10\/WhatsApp-Image-2025-10-13-at-09_37_08-1.jpeg","width":1600,"height":875},{"@type":"BreadcrumbList","@id":"https:\/\/diarioprincipios.com\/index.php\/2025\/10\/13\/una-nueva-mayoria-en-la-conadu\/#breadcrumb","itemListElement":[{"@type":"ListItem","position":1,"name":"Portada","item":"https:\/\/diarioprincipios.com\/"},{"@type":"ListItem","position":2,"name":"Una nueva mayor\u00eda en la CONADU"}]},{"@type":"WebSite","@id":"https:\/\/diarioprincipios.com\/#website","url":"https:\/\/diarioprincipios.com\/","name":"Principios","description":"Principios Diario","publisher":{"@id":"https:\/\/diarioprincipios.com\/#organization"},"potentialAction":[{"@type":"SearchAction","target":{"@type":"EntryPoint","urlTemplate":"https:\/\/diarioprincipios.com\/?s={search_term_string}"},"query-input":{"@type":"PropertyValueSpecification","valueRequired":true,"valueName":"search_term_string"}}],"inLanguage":"es"},{"@type":"Organization","@id":"https:\/\/diarioprincipios.com\/#organization","name":"Principios","url":"https:\/\/diarioprincipios.com\/","logo":{"@type":"ImageObject","inLanguage":"es","@id":"https:\/\/diarioprincipios.com\/#\/schema\/logo\/image\/","url":"https:\/\/diarioprincipios.com\/wp-content\/uploads\/2024\/04\/cropped-www.diarioprincipios.com_-1.png","contentUrl":"https:\/\/diarioprincipios.com\/wp-content\/uploads\/2024\/04\/cropped-www.diarioprincipios.com_-1.png","width":5325,"height":1454,"caption":"Principios"},"image":{"@id":"https:\/\/diarioprincipios.com\/#\/schema\/logo\/image\/"}},{"@type":"Person","@id":"https:\/\/diarioprincipios.com\/#\/schema\/person\/436d5a1fd41a5e250e23ff5a6a7cb080","name":"Hern\u00e1n L\u00f3pez","image":{"@type":"ImageObject","inLanguage":"es","@id":"https:\/\/diarioprincipios.com\/wp-content\/litespeed\/avatar\/11ddfe5610ff3bd100522525b2571f48.jpg?ver=1777048341","url":"https:\/\/diarioprincipios.com\/wp-content\/litespeed\/avatar\/11ddfe5610ff3bd100522525b2571f48.jpg?ver=1777048341","contentUrl":"https:\/\/diarioprincipios.com\/wp-content\/litespeed\/avatar\/11ddfe5610ff3bd100522525b2571f48.jpg?ver=1777048341","caption":"Hern\u00e1n L\u00f3pez"},"url":"https:\/\/diarioprincipios.com\/index.php\/author\/hernan\/"}]}},"jetpack_featured_media_url":"https:\/\/diarioprincipios.com\/wp-content\/uploads\/2025\/10\/WhatsApp-Image-2025-10-13-at-09_37_08-1.jpeg","_links":{"self":[{"href":"https:\/\/diarioprincipios.com\/index.php\/wp-json\/wp\/v2\/posts\/25603","targetHints":{"allow":["GET"]}}],"collection":[{"href":"https:\/\/diarioprincipios.com\/index.php\/wp-json\/wp\/v2\/posts"}],"about":[{"href":"https:\/\/diarioprincipios.com\/index.php\/wp-json\/wp\/v2\/types\/post"}],"author":[{"embeddable":true,"href":"https:\/\/diarioprincipios.com\/index.php\/wp-json\/wp\/v2\/users\/2"}],"replies":[{"embeddable":true,"href":"https:\/\/diarioprincipios.com\/index.php\/wp-json\/wp\/v2\/comments?post=25603"}],"version-history":[{"count":1,"href":"https:\/\/diarioprincipios.com\/index.php\/wp-json\/wp\/v2\/posts\/25603\/revisions"}],"predecessor-version":[{"id":25605,"href":"https:\/\/diarioprincipios.com\/index.php\/wp-json\/wp\/v2\/posts\/25603\/revisions\/25605"}],"wp:featuredmedia":[{"embeddable":true,"href":"https:\/\/diarioprincipios.com\/index.php\/wp-json\/wp\/v2\/media\/25604"}],"wp:attachment":[{"href":"https:\/\/diarioprincipios.com\/index.php\/wp-json\/wp\/v2\/media?parent=25603"}],"wp:term":[{"taxonomy":"category","embeddable":true,"href":"https:\/\/diarioprincipios.com\/index.php\/wp-json\/wp\/v2\/categories?post=25603"},{"taxonomy":"post_tag","embeddable":true,"href":"https:\/\/diarioprincipios.com\/index.php\/wp-json\/wp\/v2\/tags?post=25603"}],"curies":[{"name":"wp","href":"https:\/\/api.w.org\/{rel}","templated":true}]}}