{"id":25595,"date":"2025-10-13T15:15:46","date_gmt":"2025-10-13T18:15:46","guid":{"rendered":"https:\/\/diarioprincipios.com\/?p=25595"},"modified":"2025-10-13T15:15:47","modified_gmt":"2025-10-13T18:15:47","slug":"la-unab-te-invita-a-vivir-tu-primer-dia-en-la-universidad","status":"publish","type":"post","link":"https:\/\/diarioprincipios.com\/index.php\/2025\/10\/13\/la-unab-te-invita-a-vivir-tu-primer-dia-en-la-universidad\/","title":{"rendered":"La UNaB te invita a vivir tu primer d\u00eda en la universidad"},"content":{"rendered":"\n<p>Del 20 al 24 de octubre, la Universidad Nacional Guillermo Brown realizar\u00e1 la segunda edici\u00f3n de la Semana del Futuro, un espacio para que los estudiantes secundarios descubran su vocaci\u00f3n, conozcan las carreras universitarias y experimenten la vida acad\u00e9mica desde adentro.<\/p>\n\n\n\n<p>La Universidad Nacional Guillermo Brown (UNaB) invita a las instituciones educativas y sociales de Almirante Brown y los estudiantes del \u00faltimo a\u00f1o de la escuela secundaria a participar de la segunda edici\u00f3n de la Semana del Futuro, una experiencia pensada para acercar a los j\u00f3venes al mundo universitario, la ciencia y la tecnolog\u00eda.<\/p>\n\n\n\n<p>Del lunes 20 al viernes 24 de octubre, el campus de la UNaB, ubicado en Blas Parera 132, Burzaco, abrir\u00e1 sus puertas de 9 a 12.30 y de 13 a 16:30, para recibir a cientos de estudiantes que podr\u00e1n conocer la amplia e innovadora oferta de carreras que la universidad desarrolla en di\u00e1logo con el entorno social y productivo de la regi\u00f3n.<\/p>\n\n\n\n<figure class=\"wp-block-image size-large\"><img loading=\"lazy\" decoding=\"async\" width=\"819\" height=\"1024\" src=\"https:\/\/diarioprincipios.com\/wp-content\/uploads\/2025\/10\/2025-Semana-del-futuro-flyer-1-819x1024.jpg\" alt=\"\" class=\"wp-image-25596\" srcset=\"https:\/\/diarioprincipios.com\/wp-content\/uploads\/2025\/10\/2025-Semana-del-futuro-flyer-1-819x1024.jpg 819w, https:\/\/diarioprincipios.com\/wp-content\/uploads\/2025\/10\/2025-Semana-del-futuro-flyer-1-240x300.jpg 240w, https:\/\/diarioprincipios.com\/wp-content\/uploads\/2025\/10\/2025-Semana-del-futuro-flyer-1-768x960.jpg 768w, https:\/\/diarioprincipios.com\/wp-content\/uploads\/2025\/10\/2025-Semana-del-futuro-flyer-1-1229x1536.jpg 1229w, https:\/\/diarioprincipios.com\/wp-content\/uploads\/2025\/10\/2025-Semana-del-futuro-flyer-1-1638x2048.jpg 1638w, https:\/\/diarioprincipios.com\/wp-content\/uploads\/2025\/10\/2025-Semana-del-futuro-flyer-1-scaled.jpg 2048w\" sizes=\"auto, (max-width: 819px) 100vw, 819px\" \/><\/figure>\n\n\n\n<p>Durante toda la semana, los visitantes podr\u00e1n dialogar con docentes y estudiantes, recorrer los espacios de la universidad y participar en charlas y talleres interactivos sobre inteligencia artificial, rob\u00f3tica, comunicaci\u00f3n y dise\u00f1o aplicado a la educaci\u00f3n, entre otros.<\/p>\n\n\n\n<p>Adem\u00e1s, se brindar\u00e1 informaci\u00f3n detallada sobre el proceso de inscripci\u00f3n para el ciclo lectivo 2026 y las nuevas carreras y diplomaturas que ofrece la UNaB.<\/p>\n\n\n\n<p>Esta propuesta de la Secretar\u00eda de Extensi\u00f3n tiene como objetivo ayudar a los j\u00f3venes a descubrir su vocaci\u00f3n y proyectar su futuro acad\u00e9mico y profesional, a trav\u00e9s de juegos, actividades l\u00fadicas y experiencias inmersivas que permiten vivir, por primera vez, lo que significa ser parte de una comunidad universitaria.<\/p>\n\n\n\n<figure class=\"wp-block-image size-large\"><img loading=\"lazy\" decoding=\"async\" width=\"1024\" height=\"681\" src=\"https:\/\/diarioprincipios.com\/wp-content\/uploads\/2025\/10\/semana-del-futuro-4-1024x681.jpg\" alt=\"\" class=\"wp-image-25597\" srcset=\"https:\/\/diarioprincipios.com\/wp-content\/uploads\/2025\/10\/semana-del-futuro-4-1024x681.jpg 1024w, https:\/\/diarioprincipios.com\/wp-content\/uploads\/2025\/10\/semana-del-futuro-4-300x200.jpg 300w, https:\/\/diarioprincipios.com\/wp-content\/uploads\/2025\/10\/semana-del-futuro-4-768x511.jpg 768w, https:\/\/diarioprincipios.com\/wp-content\/uploads\/2025\/10\/semana-del-futuro-4-1536x1022.jpg 1536w, https:\/\/diarioprincipios.com\/wp-content\/uploads\/2025\/10\/semana-del-futuro-4-2048x1363.jpg 2048w, https:\/\/diarioprincipios.com\/wp-content\/uploads\/2025\/10\/semana-del-futuro-4-820x545.jpg 820w, https:\/\/diarioprincipios.com\/wp-content\/uploads\/2025\/10\/semana-del-futuro-4-600x400.jpg 600w\" sizes=\"auto, (max-width: 1024px) 100vw, 1024px\" \/><\/figure>\n\n\n\n<p>El a\u00f1o pasado, m\u00e1s de 700 j\u00f3venes de Almirante Brown y la regi\u00f3n participaron de la primera edici\u00f3n, protagonizando una experiencia educativa que combin\u00f3 conocimiento, tecnolog\u00eda y vocaci\u00f3n.<\/p>\n\n\n\n<p>Los interesados pueden escribir a extension@unab.edu.ar o conocer el programa de actividades e inscribirse en www.unab.edu.ar\/semana-del-futuro-2025<\/p>\n\n\n\n<p>Esta actividad es articulada con la Secretar\u00eda de Educaci\u00f3n, Ciencia y Tecnolog\u00eda y la Direcci\u00f3n de Juventud del Municipio de Almirante Brown.<\/p>\n","protected":false},"excerpt":{"rendered":"<p>Del 20 al 24 de octubre, la Universidad Nacional Guillermo Brown realizar\u00e1 la segunda edici\u00f3n de la Semana del Futuro, un espacio para que los estudiantes secundarios descubran su vocaci\u00f3n, conozcan las carreras universitarias y experimenten la vida acad\u00e9mica desde adentro. La Universidad Nacional Guillermo Brown (UNaB) invita a las instituciones educativas y sociales de&#8230;<\/p>\n","protected":false},"author":2,"featured_media":25598,"comment_status":"open","ping_status":"open","sticky":false,"template":"","format":"standard","meta":{"footnotes":""},"categories":[19,17],"tags":[],"class_list":["post-25595","post","type-post","status-publish","format-standard","has-post-thumbnail","hentry","category-cultura-educacion","category-zona-sur"],"featured_image_src":"https:\/\/diarioprincipios.com\/wp-content\/uploads\/2025\/10\/semana-del-futuro-1-1024x681.jpg","blog_images":{"medium":"https:\/\/diarioprincipios.com\/wp-content\/uploads\/2025\/10\/semana-del-futuro-1-300x200.jpg","large":"https:\/\/diarioprincipios.com\/wp-content\/uploads\/2025\/10\/semana-del-futuro-1-1024x681.jpg"},"ams_acf":[],"yoast_head":"<!-- This site is optimized with the Yoast SEO plugin v27.3 - https:\/\/yoast.com\/product\/yoast-seo-wordpress\/ -->\n<title>La UNaB te invita a vivir tu primer d\u00eda en la universidad - Principios<\/title>\n<meta name=\"robots\" content=\"index, follow, max-snippet:-1, max-image-preview:large, max-video-preview:-1\" \/>\n<link rel=\"canonical\" href=\"https:\/\/diarioprincipios.com\/index.php\/2025\/10\/13\/la-unab-te-invita-a-vivir-tu-primer-dia-en-la-universidad\/\" \/>\n<meta property=\"og:locale\" content=\"es_ES\" \/>\n<meta property=\"og:type\" content=\"article\" \/>\n<meta property=\"og:title\" content=\"La UNaB te invita a vivir tu primer d\u00eda en la universidad - Principios\" \/>\n<meta property=\"og:description\" content=\"Del 20 al 24 de octubre, la Universidad Nacional Guillermo Brown realizar\u00e1 la segunda edici\u00f3n de la Semana del Futuro, un espacio para que los estudiantes secundarios descubran su vocaci\u00f3n, conozcan las carreras universitarias y experimenten la vida acad\u00e9mica desde adentro. La Universidad Nacional Guillermo Brown (UNaB) invita a las instituciones educativas y sociales de...\" \/>\n<meta property=\"og:url\" content=\"https:\/\/diarioprincipios.com\/index.php\/2025\/10\/13\/la-unab-te-invita-a-vivir-tu-primer-dia-en-la-universidad\/\" \/>\n<meta property=\"og:site_name\" content=\"Principios\" \/>\n<meta property=\"article:published_time\" content=\"2025-10-13T18:15:46+00:00\" \/>\n<meta property=\"article:modified_time\" content=\"2025-10-13T18:15:47+00:00\" \/>\n<meta property=\"og:image\" content=\"https:\/\/diarioprincipios.com\/wp-content\/uploads\/2025\/10\/semana-del-futuro-1-scaled.jpg\" \/>\n\t<meta property=\"og:image:width\" content=\"2560\" \/>\n\t<meta property=\"og:image:height\" content=\"1703\" \/>\n\t<meta property=\"og:image:type\" content=\"image\/jpeg\" \/>\n<meta name=\"author\" content=\"Hern\u00e1n L\u00f3pez\" \/>\n<meta name=\"twitter:card\" content=\"summary_large_image\" \/>\n<meta name=\"twitter:label1\" content=\"Escrito por\" \/>\n\t<meta name=\"twitter:data1\" content=\"Hern\u00e1n L\u00f3pez\" \/>\n\t<meta name=\"twitter:label2\" content=\"Tiempo de lectura\" \/>\n\t<meta name=\"twitter:data2\" content=\"3 minutos\" \/>\n<script type=\"application\/ld+json\" class=\"yoast-schema-graph\">{\"@context\":\"https:\\\/\\\/schema.org\",\"@graph\":[{\"@type\":\"Article\",\"@id\":\"https:\\\/\\\/diarioprincipios.com\\\/index.php\\\/2025\\\/10\\\/13\\\/la-unab-te-invita-a-vivir-tu-primer-dia-en-la-universidad\\\/#article\",\"isPartOf\":{\"@id\":\"https:\\\/\\\/diarioprincipios.com\\\/index.php\\\/2025\\\/10\\\/13\\\/la-unab-te-invita-a-vivir-tu-primer-dia-en-la-universidad\\\/\"},\"author\":{\"name\":\"Hern\u00e1n L\u00f3pez\",\"@id\":\"https:\\\/\\\/diarioprincipios.com\\\/#\\\/schema\\\/person\\\/436d5a1fd41a5e250e23ff5a6a7cb080\"},\"headline\":\"La UNaB te invita a vivir tu primer d\u00eda en la universidad\",\"datePublished\":\"2025-10-13T18:15:46+00:00\",\"dateModified\":\"2025-10-13T18:15:47+00:00\",\"mainEntityOfPage\":{\"@id\":\"https:\\\/\\\/diarioprincipios.com\\\/index.php\\\/2025\\\/10\\\/13\\\/la-unab-te-invita-a-vivir-tu-primer-dia-en-la-universidad\\\/\"},\"wordCount\":379,\"commentCount\":0,\"publisher\":{\"@id\":\"https:\\\/\\\/diarioprincipios.com\\\/#organization\"},\"image\":{\"@id\":\"https:\\\/\\\/diarioprincipios.com\\\/index.php\\\/2025\\\/10\\\/13\\\/la-unab-te-invita-a-vivir-tu-primer-dia-en-la-universidad\\\/#primaryimage\"},\"thumbnailUrl\":\"https:\\\/\\\/diarioprincipios.com\\\/wp-content\\\/uploads\\\/2025\\\/10\\\/semana-del-futuro-1-scaled.jpg\",\"articleSection\":[\"Cultura y Educaci\u00f3n\",\"Zonar Sur\"],\"inLanguage\":\"es\",\"potentialAction\":[{\"@type\":\"CommentAction\",\"name\":\"Comment\",\"target\":[\"https:\\\/\\\/diarioprincipios.com\\\/index.php\\\/2025\\\/10\\\/13\\\/la-unab-te-invita-a-vivir-tu-primer-dia-en-la-universidad\\\/#respond\"]}]},{\"@type\":\"WebPage\",\"@id\":\"https:\\\/\\\/diarioprincipios.com\\\/index.php\\\/2025\\\/10\\\/13\\\/la-unab-te-invita-a-vivir-tu-primer-dia-en-la-universidad\\\/\",\"url\":\"https:\\\/\\\/diarioprincipios.com\\\/index.php\\\/2025\\\/10\\\/13\\\/la-unab-te-invita-a-vivir-tu-primer-dia-en-la-universidad\\\/\",\"name\":\"La UNaB te invita a vivir tu primer d\u00eda en la universidad - Principios\",\"isPartOf\":{\"@id\":\"https:\\\/\\\/diarioprincipios.com\\\/#website\"},\"primaryImageOfPage\":{\"@id\":\"https:\\\/\\\/diarioprincipios.com\\\/index.php\\\/2025\\\/10\\\/13\\\/la-unab-te-invita-a-vivir-tu-primer-dia-en-la-universidad\\\/#primaryimage\"},\"image\":{\"@id\":\"https:\\\/\\\/diarioprincipios.com\\\/index.php\\\/2025\\\/10\\\/13\\\/la-unab-te-invita-a-vivir-tu-primer-dia-en-la-universidad\\\/#primaryimage\"},\"thumbnailUrl\":\"https:\\\/\\\/diarioprincipios.com\\\/wp-content\\\/uploads\\\/2025\\\/10\\\/semana-del-futuro-1-scaled.jpg\",\"datePublished\":\"2025-10-13T18:15:46+00:00\",\"dateModified\":\"2025-10-13T18:15:47+00:00\",\"breadcrumb\":{\"@id\":\"https:\\\/\\\/diarioprincipios.com\\\/index.php\\\/2025\\\/10\\\/13\\\/la-unab-te-invita-a-vivir-tu-primer-dia-en-la-universidad\\\/#breadcrumb\"},\"inLanguage\":\"es\",\"potentialAction\":[{\"@type\":\"ReadAction\",\"target\":[\"https:\\\/\\\/diarioprincipios.com\\\/index.php\\\/2025\\\/10\\\/13\\\/la-unab-te-invita-a-vivir-tu-primer-dia-en-la-universidad\\\/\"]}]},{\"@type\":\"ImageObject\",\"inLanguage\":\"es\",\"@id\":\"https:\\\/\\\/diarioprincipios.com\\\/index.php\\\/2025\\\/10\\\/13\\\/la-unab-te-invita-a-vivir-tu-primer-dia-en-la-universidad\\\/#primaryimage\",\"url\":\"https:\\\/\\\/diarioprincipios.com\\\/wp-content\\\/uploads\\\/2025\\\/10\\\/semana-del-futuro-1-scaled.jpg\",\"contentUrl\":\"https:\\\/\\\/diarioprincipios.com\\\/wp-content\\\/uploads\\\/2025\\\/10\\\/semana-del-futuro-1-scaled.jpg\",\"width\":2560,\"height\":1703},{\"@type\":\"BreadcrumbList\",\"@id\":\"https:\\\/\\\/diarioprincipios.com\\\/index.php\\\/2025\\\/10\\\/13\\\/la-unab-te-invita-a-vivir-tu-primer-dia-en-la-universidad\\\/#breadcrumb\",\"itemListElement\":[{\"@type\":\"ListItem\",\"position\":1,\"name\":\"Portada\",\"item\":\"https:\\\/\\\/diarioprincipios.com\\\/\"},{\"@type\":\"ListItem\",\"position\":2,\"name\":\"La UNaB te invita a vivir tu primer d\u00eda en la universidad\"}]},{\"@type\":\"WebSite\",\"@id\":\"https:\\\/\\\/diarioprincipios.com\\\/#website\",\"url\":\"https:\\\/\\\/diarioprincipios.com\\\/\",\"name\":\"Principios\",\"description\":\"Principios Diario\",\"publisher\":{\"@id\":\"https:\\\/\\\/diarioprincipios.com\\\/#organization\"},\"potentialAction\":[{\"@type\":\"SearchAction\",\"target\":{\"@type\":\"EntryPoint\",\"urlTemplate\":\"https:\\\/\\\/diarioprincipios.com\\\/?s={search_term_string}\"},\"query-input\":{\"@type\":\"PropertyValueSpecification\",\"valueRequired\":true,\"valueName\":\"search_term_string\"}}],\"inLanguage\":\"es\"},{\"@type\":\"Organization\",\"@id\":\"https:\\\/\\\/diarioprincipios.com\\\/#organization\",\"name\":\"Principios\",\"url\":\"https:\\\/\\\/diarioprincipios.com\\\/\",\"logo\":{\"@type\":\"ImageObject\",\"inLanguage\":\"es\",\"@id\":\"https:\\\/\\\/diarioprincipios.com\\\/#\\\/schema\\\/logo\\\/image\\\/\",\"url\":\"https:\\\/\\\/diarioprincipios.com\\\/wp-content\\\/uploads\\\/2024\\\/04\\\/cropped-www.diarioprincipios.com_-1.png\",\"contentUrl\":\"https:\\\/\\\/diarioprincipios.com\\\/wp-content\\\/uploads\\\/2024\\\/04\\\/cropped-www.diarioprincipios.com_-1.png\",\"width\":5325,\"height\":1454,\"caption\":\"Principios\"},\"image\":{\"@id\":\"https:\\\/\\\/diarioprincipios.com\\\/#\\\/schema\\\/logo\\\/image\\\/\"}},{\"@type\":\"Person\",\"@id\":\"https:\\\/\\\/diarioprincipios.com\\\/#\\\/schema\\\/person\\\/436d5a1fd41a5e250e23ff5a6a7cb080\",\"name\":\"Hern\u00e1n L\u00f3pez\",\"image\":{\"@type\":\"ImageObject\",\"inLanguage\":\"es\",\"@id\":\"https:\\\/\\\/diarioprincipios.com\\\/wp-content\\\/litespeed\\\/avatar\\\/11ddfe5610ff3bd100522525b2571f48.jpg?ver=1777048341\",\"url\":\"https:\\\/\\\/diarioprincipios.com\\\/wp-content\\\/litespeed\\\/avatar\\\/11ddfe5610ff3bd100522525b2571f48.jpg?ver=1777048341\",\"contentUrl\":\"https:\\\/\\\/diarioprincipios.com\\\/wp-content\\\/litespeed\\\/avatar\\\/11ddfe5610ff3bd100522525b2571f48.jpg?ver=1777048341\",\"caption\":\"Hern\u00e1n L\u00f3pez\"},\"url\":\"https:\\\/\\\/diarioprincipios.com\\\/index.php\\\/author\\\/hernan\\\/\"}]}<\/script>\n<!-- \/ Yoast SEO plugin. -->","yoast_head_json":{"title":"La UNaB te invita a vivir tu primer d\u00eda en la universidad - Principios","robots":{"index":"index","follow":"follow","max-snippet":"max-snippet:-1","max-image-preview":"max-image-preview:large","max-video-preview":"max-video-preview:-1"},"canonical":"https:\/\/diarioprincipios.com\/index.php\/2025\/10\/13\/la-unab-te-invita-a-vivir-tu-primer-dia-en-la-universidad\/","og_locale":"es_ES","og_type":"article","og_title":"La UNaB te invita a vivir tu primer d\u00eda en la universidad - Principios","og_description":"Del 20 al 24 de octubre, la Universidad Nacional Guillermo Brown realizar\u00e1 la segunda edici\u00f3n de la Semana del Futuro, un espacio para que los estudiantes secundarios descubran su vocaci\u00f3n, conozcan las carreras universitarias y experimenten la vida acad\u00e9mica desde adentro. La Universidad Nacional Guillermo Brown (UNaB) invita a las instituciones educativas y sociales de...","og_url":"https:\/\/diarioprincipios.com\/index.php\/2025\/10\/13\/la-unab-te-invita-a-vivir-tu-primer-dia-en-la-universidad\/","og_site_name":"Principios","article_published_time":"2025-10-13T18:15:46+00:00","article_modified_time":"2025-10-13T18:15:47+00:00","og_image":[{"width":2560,"height":1703,"url":"https:\/\/diarioprincipios.com\/wp-content\/uploads\/2025\/10\/semana-del-futuro-1-scaled.jpg","type":"image\/jpeg"}],"author":"Hern\u00e1n L\u00f3pez","twitter_card":"summary_large_image","twitter_misc":{"Escrito por":"Hern\u00e1n L\u00f3pez","Tiempo de lectura":"3 minutos"},"schema":{"@context":"https:\/\/schema.org","@graph":[{"@type":"Article","@id":"https:\/\/diarioprincipios.com\/index.php\/2025\/10\/13\/la-unab-te-invita-a-vivir-tu-primer-dia-en-la-universidad\/#article","isPartOf":{"@id":"https:\/\/diarioprincipios.com\/index.php\/2025\/10\/13\/la-unab-te-invita-a-vivir-tu-primer-dia-en-la-universidad\/"},"author":{"name":"Hern\u00e1n L\u00f3pez","@id":"https:\/\/diarioprincipios.com\/#\/schema\/person\/436d5a1fd41a5e250e23ff5a6a7cb080"},"headline":"La UNaB te invita a vivir tu primer d\u00eda en la universidad","datePublished":"2025-10-13T18:15:46+00:00","dateModified":"2025-10-13T18:15:47+00:00","mainEntityOfPage":{"@id":"https:\/\/diarioprincipios.com\/index.php\/2025\/10\/13\/la-unab-te-invita-a-vivir-tu-primer-dia-en-la-universidad\/"},"wordCount":379,"commentCount":0,"publisher":{"@id":"https:\/\/diarioprincipios.com\/#organization"},"image":{"@id":"https:\/\/diarioprincipios.com\/index.php\/2025\/10\/13\/la-unab-te-invita-a-vivir-tu-primer-dia-en-la-universidad\/#primaryimage"},"thumbnailUrl":"https:\/\/diarioprincipios.com\/wp-content\/uploads\/2025\/10\/semana-del-futuro-1-scaled.jpg","articleSection":["Cultura y Educaci\u00f3n","Zonar Sur"],"inLanguage":"es","potentialAction":[{"@type":"CommentAction","name":"Comment","target":["https:\/\/diarioprincipios.com\/index.php\/2025\/10\/13\/la-unab-te-invita-a-vivir-tu-primer-dia-en-la-universidad\/#respond"]}]},{"@type":"WebPage","@id":"https:\/\/diarioprincipios.com\/index.php\/2025\/10\/13\/la-unab-te-invita-a-vivir-tu-primer-dia-en-la-universidad\/","url":"https:\/\/diarioprincipios.com\/index.php\/2025\/10\/13\/la-unab-te-invita-a-vivir-tu-primer-dia-en-la-universidad\/","name":"La UNaB te invita a vivir tu primer d\u00eda en la universidad - Principios","isPartOf":{"@id":"https:\/\/diarioprincipios.com\/#website"},"primaryImageOfPage":{"@id":"https:\/\/diarioprincipios.com\/index.php\/2025\/10\/13\/la-unab-te-invita-a-vivir-tu-primer-dia-en-la-universidad\/#primaryimage"},"image":{"@id":"https:\/\/diarioprincipios.com\/index.php\/2025\/10\/13\/la-unab-te-invita-a-vivir-tu-primer-dia-en-la-universidad\/#primaryimage"},"thumbnailUrl":"https:\/\/diarioprincipios.com\/wp-content\/uploads\/2025\/10\/semana-del-futuro-1-scaled.jpg","datePublished":"2025-10-13T18:15:46+00:00","dateModified":"2025-10-13T18:15:47+00:00","breadcrumb":{"@id":"https:\/\/diarioprincipios.com\/index.php\/2025\/10\/13\/la-unab-te-invita-a-vivir-tu-primer-dia-en-la-universidad\/#breadcrumb"},"inLanguage":"es","potentialAction":[{"@type":"ReadAction","target":["https:\/\/diarioprincipios.com\/index.php\/2025\/10\/13\/la-unab-te-invita-a-vivir-tu-primer-dia-en-la-universidad\/"]}]},{"@type":"ImageObject","inLanguage":"es","@id":"https:\/\/diarioprincipios.com\/index.php\/2025\/10\/13\/la-unab-te-invita-a-vivir-tu-primer-dia-en-la-universidad\/#primaryimage","url":"https:\/\/diarioprincipios.com\/wp-content\/uploads\/2025\/10\/semana-del-futuro-1-scaled.jpg","contentUrl":"https:\/\/diarioprincipios.com\/wp-content\/uploads\/2025\/10\/semana-del-futuro-1-scaled.jpg","width":2560,"height":1703},{"@type":"BreadcrumbList","@id":"https:\/\/diarioprincipios.com\/index.php\/2025\/10\/13\/la-unab-te-invita-a-vivir-tu-primer-dia-en-la-universidad\/#breadcrumb","itemListElement":[{"@type":"ListItem","position":1,"name":"Portada","item":"https:\/\/diarioprincipios.com\/"},{"@type":"ListItem","position":2,"name":"La UNaB te invita a vivir tu primer d\u00eda en la universidad"}]},{"@type":"WebSite","@id":"https:\/\/diarioprincipios.com\/#website","url":"https:\/\/diarioprincipios.com\/","name":"Principios","description":"Principios Diario","publisher":{"@id":"https:\/\/diarioprincipios.com\/#organization"},"potentialAction":[{"@type":"SearchAction","target":{"@type":"EntryPoint","urlTemplate":"https:\/\/diarioprincipios.com\/?s={search_term_string}"},"query-input":{"@type":"PropertyValueSpecification","valueRequired":true,"valueName":"search_term_string"}}],"inLanguage":"es"},{"@type":"Organization","@id":"https:\/\/diarioprincipios.com\/#organization","name":"Principios","url":"https:\/\/diarioprincipios.com\/","logo":{"@type":"ImageObject","inLanguage":"es","@id":"https:\/\/diarioprincipios.com\/#\/schema\/logo\/image\/","url":"https:\/\/diarioprincipios.com\/wp-content\/uploads\/2024\/04\/cropped-www.diarioprincipios.com_-1.png","contentUrl":"https:\/\/diarioprincipios.com\/wp-content\/uploads\/2024\/04\/cropped-www.diarioprincipios.com_-1.png","width":5325,"height":1454,"caption":"Principios"},"image":{"@id":"https:\/\/diarioprincipios.com\/#\/schema\/logo\/image\/"}},{"@type":"Person","@id":"https:\/\/diarioprincipios.com\/#\/schema\/person\/436d5a1fd41a5e250e23ff5a6a7cb080","name":"Hern\u00e1n L\u00f3pez","image":{"@type":"ImageObject","inLanguage":"es","@id":"https:\/\/diarioprincipios.com\/wp-content\/litespeed\/avatar\/11ddfe5610ff3bd100522525b2571f48.jpg?ver=1777048341","url":"https:\/\/diarioprincipios.com\/wp-content\/litespeed\/avatar\/11ddfe5610ff3bd100522525b2571f48.jpg?ver=1777048341","contentUrl":"https:\/\/diarioprincipios.com\/wp-content\/litespeed\/avatar\/11ddfe5610ff3bd100522525b2571f48.jpg?ver=1777048341","caption":"Hern\u00e1n L\u00f3pez"},"url":"https:\/\/diarioprincipios.com\/index.php\/author\/hernan\/"}]}},"jetpack_featured_media_url":"https:\/\/diarioprincipios.com\/wp-content\/uploads\/2025\/10\/semana-del-futuro-1-scaled.jpg","_links":{"self":[{"href":"https:\/\/diarioprincipios.com\/index.php\/wp-json\/wp\/v2\/posts\/25595","targetHints":{"allow":["GET"]}}],"collection":[{"href":"https:\/\/diarioprincipios.com\/index.php\/wp-json\/wp\/v2\/posts"}],"about":[{"href":"https:\/\/diarioprincipios.com\/index.php\/wp-json\/wp\/v2\/types\/post"}],"author":[{"embeddable":true,"href":"https:\/\/diarioprincipios.com\/index.php\/wp-json\/wp\/v2\/users\/2"}],"replies":[{"embeddable":true,"href":"https:\/\/diarioprincipios.com\/index.php\/wp-json\/wp\/v2\/comments?post=25595"}],"version-history":[{"count":1,"href":"https:\/\/diarioprincipios.com\/index.php\/wp-json\/wp\/v2\/posts\/25595\/revisions"}],"predecessor-version":[{"id":25599,"href":"https:\/\/diarioprincipios.com\/index.php\/wp-json\/wp\/v2\/posts\/25595\/revisions\/25599"}],"wp:featuredmedia":[{"embeddable":true,"href":"https:\/\/diarioprincipios.com\/index.php\/wp-json\/wp\/v2\/media\/25598"}],"wp:attachment":[{"href":"https:\/\/diarioprincipios.com\/index.php\/wp-json\/wp\/v2\/media?parent=25595"}],"wp:term":[{"taxonomy":"category","embeddable":true,"href":"https:\/\/diarioprincipios.com\/index.php\/wp-json\/wp\/v2\/categories?post=25595"},{"taxonomy":"post_tag","embeddable":true,"href":"https:\/\/diarioprincipios.com\/index.php\/wp-json\/wp\/v2\/tags?post=25595"}],"curies":[{"name":"wp","href":"https:\/\/api.w.org\/{rel}","templated":true}]}}