{"id":25583,"date":"2025-10-09T19:47:34","date_gmt":"2025-10-09T22:47:34","guid":{"rendered":"https:\/\/diarioprincipios.com\/?p=25583"},"modified":"2025-10-09T19:47:34","modified_gmt":"2025-10-09T22:47:34","slug":"berazategui-palpita-el-3er-gran-premio-argentino-rios","status":"publish","type":"post","link":"https:\/\/diarioprincipios.com\/index.php\/2025\/10\/09\/berazategui-palpita-el-3er-gran-premio-argentino-rios\/","title":{"rendered":"Berazategui palpita el 3er Gran Premio Argentino R\u00edos"},"content":{"rendered":"\n<p>Este domingo se llevar\u00e1 a cabo una nueva edici\u00f3n del Gran Premio Argentino R\u00edos, una hist\u00f3rica carrera de ciclismo en circuito callejero. El evento es organizado por la Pe\u00f1a Ciclista del Vidrio, en colaboraci\u00f3n con la Municipalidad de Berazategui. La jornada, que tambi\u00e9n cuenta con el impulso del intendente Juan Jos\u00e9 Mussi, comenzar\u00e1 a las 8.30, con punto de encuentro en Avenida Mitre y calle 5. El circuito se desarrollar\u00e1 sobre Av. Mitre entre Av. Varela y la Plazoleta de los Autonomistas (calle 7).<\/p>\n\n\n\n<p>De esta manera, los vecinos y vecinas est\u00e1n invitados a acercarse como espectadores y disfrutar de la competencia -con acceso libre y gratuito-, que tiene el fin de homenajear a Argentino R\u00edos, quien fund\u00f3 la Pe\u00f1a Ciclista del Vidrio de Berazategui el 2 de agosto de 1972. La carrera tendr\u00e1 el mismo circuito que \u00e9l utilizaba y se concretar\u00e1 donde se hizo la \u00faltima competencia hace 11 a\u00f1os.<\/p>\n\n\n\n<p>La 3ra edici\u00f3n de esta carrera federada contar\u00e1 con los mejores exponentes del ciclismo, los campeones argentinos, los panamericanos, la Selecci\u00f3n Argentina, la Selecci\u00f3n Bonaerense y el equipo del Sindicato Argentino de la Televisi\u00f3n, entre muchos otros.<\/p>\n\n\n\n<figure class=\"wp-block-image size-large\"><img loading=\"lazy\" decoding=\"async\" width=\"819\" height=\"1024\" src=\"https:\/\/diarioprincipios.com\/wp-content\/uploads\/2025\/10\/Berazategui-palpita-el-3er-Gran-Premio-Argentino-Rios-819x1024.jpg\" alt=\"\" class=\"wp-image-25584\" srcset=\"https:\/\/diarioprincipios.com\/wp-content\/uploads\/2025\/10\/Berazategui-palpita-el-3er-Gran-Premio-Argentino-Rios-819x1024.jpg 819w, https:\/\/diarioprincipios.com\/wp-content\/uploads\/2025\/10\/Berazategui-palpita-el-3er-Gran-Premio-Argentino-Rios-240x300.jpg 240w, https:\/\/diarioprincipios.com\/wp-content\/uploads\/2025\/10\/Berazategui-palpita-el-3er-Gran-Premio-Argentino-Rios-768x960.jpg 768w, https:\/\/diarioprincipios.com\/wp-content\/uploads\/2025\/10\/Berazategui-palpita-el-3er-Gran-Premio-Argentino-Rios-1229x1536.jpg 1229w, https:\/\/diarioprincipios.com\/wp-content\/uploads\/2025\/10\/Berazategui-palpita-el-3er-Gran-Premio-Argentino-Rios.jpg 1280w\" sizes=\"auto, (max-width: 819px) 100vw, 819px\" \/><\/figure>\n\n\n\n<p>Desv\u00edos de tr\u00e1nsito por el 3er Gran Premio Argentino R\u00edos<\/p>\n\n\n\n<p>Dado que el circuito de la carrera comprende unos 700 metros de la Av. Mitre (desde Av. Florencio Varela hasta la Plazoleta de los Autonomistas -Calle 7-), se sugieren estas v\u00edas alternativas:<\/p>\n\n\n\n<p>Mano a CABA: Utilizar la calle 150 y retomar por Av. Florencio Varela.<br>Mano a La Plata: Desv\u00edo por Av. Florencio Varela hasta 144, luego retomar por calle 9.<\/p>\n","protected":false},"excerpt":{"rendered":"<p>Este domingo se llevar\u00e1 a cabo una nueva edici\u00f3n del Gran Premio Argentino R\u00edos, una hist\u00f3rica carrera de ciclismo en circuito callejero. El evento es organizado por la Pe\u00f1a Ciclista del Vidrio, en colaboraci\u00f3n con la Municipalidad de Berazategui. La jornada, que tambi\u00e9n cuenta con el impulso del intendente Juan Jos\u00e9 Mussi, comenzar\u00e1 a las&#8230;<\/p>\n","protected":false},"author":2,"featured_media":25585,"comment_status":"open","ping_status":"open","sticky":false,"template":"","format":"standard","meta":{"footnotes":""},"categories":[3,6],"tags":[],"class_list":["post-25583","post","type-post","status-publish","format-standard","has-post-thumbnail","hentry","category-berazategui","category-deportes"],"featured_image_src":"https:\/\/diarioprincipios.com\/wp-content\/uploads\/2025\/10\/Berazategui-palpita-el-3er-Gran-Premio-Argentino-Rios-1-819x1024.jpg","blog_images":{"medium":"https:\/\/diarioprincipios.com\/wp-content\/uploads\/2025\/10\/Berazategui-palpita-el-3er-Gran-Premio-Argentino-Rios-1-240x300.jpg","large":"https:\/\/diarioprincipios.com\/wp-content\/uploads\/2025\/10\/Berazategui-palpita-el-3er-Gran-Premio-Argentino-Rios-1-819x1024.jpg"},"ams_acf":[],"yoast_head":"<!-- This site is optimized with the Yoast SEO plugin v27.3 - https:\/\/yoast.com\/product\/yoast-seo-wordpress\/ -->\n<title>Berazategui palpita el 3er Gran Premio Argentino R\u00edos - Principios<\/title>\n<meta name=\"robots\" content=\"index, follow, max-snippet:-1, max-image-preview:large, max-video-preview:-1\" \/>\n<link rel=\"canonical\" href=\"https:\/\/diarioprincipios.com\/index.php\/2025\/10\/09\/berazategui-palpita-el-3er-gran-premio-argentino-rios\/\" \/>\n<meta property=\"og:locale\" content=\"es_ES\" \/>\n<meta property=\"og:type\" content=\"article\" \/>\n<meta property=\"og:title\" content=\"Berazategui palpita el 3er Gran Premio Argentino R\u00edos - Principios\" \/>\n<meta property=\"og:description\" content=\"Este domingo se llevar\u00e1 a cabo una nueva edici\u00f3n del Gran Premio Argentino R\u00edos, una hist\u00f3rica carrera de ciclismo en circuito callejero. El evento es organizado por la Pe\u00f1a Ciclista del Vidrio, en colaboraci\u00f3n con la Municipalidad de Berazategui. La jornada, que tambi\u00e9n cuenta con el impulso del intendente Juan Jos\u00e9 Mussi, comenzar\u00e1 a las...\" \/>\n<meta property=\"og:url\" content=\"https:\/\/diarioprincipios.com\/index.php\/2025\/10\/09\/berazategui-palpita-el-3er-gran-premio-argentino-rios\/\" \/>\n<meta property=\"og:site_name\" content=\"Principios\" \/>\n<meta property=\"article:published_time\" content=\"2025-10-09T22:47:34+00:00\" \/>\n<meta property=\"og:image\" content=\"https:\/\/diarioprincipios.com\/wp-content\/uploads\/2025\/10\/Berazategui-palpita-el-3er-Gran-Premio-Argentino-Rios-1.jpg\" \/>\n\t<meta property=\"og:image:width\" content=\"1280\" \/>\n\t<meta property=\"og:image:height\" content=\"1600\" \/>\n\t<meta property=\"og:image:type\" content=\"image\/jpeg\" \/>\n<meta name=\"author\" content=\"Hern\u00e1n L\u00f3pez\" \/>\n<meta name=\"twitter:card\" content=\"summary_large_image\" \/>\n<meta name=\"twitter:label1\" content=\"Escrito por\" \/>\n\t<meta name=\"twitter:data1\" content=\"Hern\u00e1n L\u00f3pez\" \/>\n\t<meta name=\"twitter:label2\" content=\"Tiempo de lectura\" \/>\n\t<meta name=\"twitter:data2\" content=\"2 minutos\" \/>\n<script type=\"application\/ld+json\" class=\"yoast-schema-graph\">{\"@context\":\"https:\\\/\\\/schema.org\",\"@graph\":[{\"@type\":\"Article\",\"@id\":\"https:\\\/\\\/diarioprincipios.com\\\/index.php\\\/2025\\\/10\\\/09\\\/berazategui-palpita-el-3er-gran-premio-argentino-rios\\\/#article\",\"isPartOf\":{\"@id\":\"https:\\\/\\\/diarioprincipios.com\\\/index.php\\\/2025\\\/10\\\/09\\\/berazategui-palpita-el-3er-gran-premio-argentino-rios\\\/\"},\"author\":{\"name\":\"Hern\u00e1n L\u00f3pez\",\"@id\":\"https:\\\/\\\/diarioprincipios.com\\\/#\\\/schema\\\/person\\\/436d5a1fd41a5e250e23ff5a6a7cb080\"},\"headline\":\"Berazategui palpita el 3er Gran Premio Argentino R\u00edos\",\"datePublished\":\"2025-10-09T22:47:34+00:00\",\"mainEntityOfPage\":{\"@id\":\"https:\\\/\\\/diarioprincipios.com\\\/index.php\\\/2025\\\/10\\\/09\\\/berazategui-palpita-el-3er-gran-premio-argentino-rios\\\/\"},\"wordCount\":278,\"commentCount\":0,\"publisher\":{\"@id\":\"https:\\\/\\\/diarioprincipios.com\\\/#organization\"},\"image\":{\"@id\":\"https:\\\/\\\/diarioprincipios.com\\\/index.php\\\/2025\\\/10\\\/09\\\/berazategui-palpita-el-3er-gran-premio-argentino-rios\\\/#primaryimage\"},\"thumbnailUrl\":\"https:\\\/\\\/diarioprincipios.com\\\/wp-content\\\/uploads\\\/2025\\\/10\\\/Berazategui-palpita-el-3er-Gran-Premio-Argentino-Rios-1.jpg\",\"articleSection\":[\"Berazategui\",\"Deportes\"],\"inLanguage\":\"es\",\"potentialAction\":[{\"@type\":\"CommentAction\",\"name\":\"Comment\",\"target\":[\"https:\\\/\\\/diarioprincipios.com\\\/index.php\\\/2025\\\/10\\\/09\\\/berazategui-palpita-el-3er-gran-premio-argentino-rios\\\/#respond\"]}]},{\"@type\":\"WebPage\",\"@id\":\"https:\\\/\\\/diarioprincipios.com\\\/index.php\\\/2025\\\/10\\\/09\\\/berazategui-palpita-el-3er-gran-premio-argentino-rios\\\/\",\"url\":\"https:\\\/\\\/diarioprincipios.com\\\/index.php\\\/2025\\\/10\\\/09\\\/berazategui-palpita-el-3er-gran-premio-argentino-rios\\\/\",\"name\":\"Berazategui palpita el 3er Gran Premio Argentino R\u00edos - Principios\",\"isPartOf\":{\"@id\":\"https:\\\/\\\/diarioprincipios.com\\\/#website\"},\"primaryImageOfPage\":{\"@id\":\"https:\\\/\\\/diarioprincipios.com\\\/index.php\\\/2025\\\/10\\\/09\\\/berazategui-palpita-el-3er-gran-premio-argentino-rios\\\/#primaryimage\"},\"image\":{\"@id\":\"https:\\\/\\\/diarioprincipios.com\\\/index.php\\\/2025\\\/10\\\/09\\\/berazategui-palpita-el-3er-gran-premio-argentino-rios\\\/#primaryimage\"},\"thumbnailUrl\":\"https:\\\/\\\/diarioprincipios.com\\\/wp-content\\\/uploads\\\/2025\\\/10\\\/Berazategui-palpita-el-3er-Gran-Premio-Argentino-Rios-1.jpg\",\"datePublished\":\"2025-10-09T22:47:34+00:00\",\"breadcrumb\":{\"@id\":\"https:\\\/\\\/diarioprincipios.com\\\/index.php\\\/2025\\\/10\\\/09\\\/berazategui-palpita-el-3er-gran-premio-argentino-rios\\\/#breadcrumb\"},\"inLanguage\":\"es\",\"potentialAction\":[{\"@type\":\"ReadAction\",\"target\":[\"https:\\\/\\\/diarioprincipios.com\\\/index.php\\\/2025\\\/10\\\/09\\\/berazategui-palpita-el-3er-gran-premio-argentino-rios\\\/\"]}]},{\"@type\":\"ImageObject\",\"inLanguage\":\"es\",\"@id\":\"https:\\\/\\\/diarioprincipios.com\\\/index.php\\\/2025\\\/10\\\/09\\\/berazategui-palpita-el-3er-gran-premio-argentino-rios\\\/#primaryimage\",\"url\":\"https:\\\/\\\/diarioprincipios.com\\\/wp-content\\\/uploads\\\/2025\\\/10\\\/Berazategui-palpita-el-3er-Gran-Premio-Argentino-Rios-1.jpg\",\"contentUrl\":\"https:\\\/\\\/diarioprincipios.com\\\/wp-content\\\/uploads\\\/2025\\\/10\\\/Berazategui-palpita-el-3er-Gran-Premio-Argentino-Rios-1.jpg\",\"width\":1280,\"height\":1600},{\"@type\":\"BreadcrumbList\",\"@id\":\"https:\\\/\\\/diarioprincipios.com\\\/index.php\\\/2025\\\/10\\\/09\\\/berazategui-palpita-el-3er-gran-premio-argentino-rios\\\/#breadcrumb\",\"itemListElement\":[{\"@type\":\"ListItem\",\"position\":1,\"name\":\"Portada\",\"item\":\"https:\\\/\\\/diarioprincipios.com\\\/\"},{\"@type\":\"ListItem\",\"position\":2,\"name\":\"Berazategui palpita el 3er Gran Premio Argentino R\u00edos\"}]},{\"@type\":\"WebSite\",\"@id\":\"https:\\\/\\\/diarioprincipios.com\\\/#website\",\"url\":\"https:\\\/\\\/diarioprincipios.com\\\/\",\"name\":\"Principios\",\"description\":\"Principios Diario\",\"publisher\":{\"@id\":\"https:\\\/\\\/diarioprincipios.com\\\/#organization\"},\"potentialAction\":[{\"@type\":\"SearchAction\",\"target\":{\"@type\":\"EntryPoint\",\"urlTemplate\":\"https:\\\/\\\/diarioprincipios.com\\\/?s={search_term_string}\"},\"query-input\":{\"@type\":\"PropertyValueSpecification\",\"valueRequired\":true,\"valueName\":\"search_term_string\"}}],\"inLanguage\":\"es\"},{\"@type\":\"Organization\",\"@id\":\"https:\\\/\\\/diarioprincipios.com\\\/#organization\",\"name\":\"Principios\",\"url\":\"https:\\\/\\\/diarioprincipios.com\\\/\",\"logo\":{\"@type\":\"ImageObject\",\"inLanguage\":\"es\",\"@id\":\"https:\\\/\\\/diarioprincipios.com\\\/#\\\/schema\\\/logo\\\/image\\\/\",\"url\":\"https:\\\/\\\/diarioprincipios.com\\\/wp-content\\\/uploads\\\/2024\\\/04\\\/cropped-www.diarioprincipios.com_-1.png\",\"contentUrl\":\"https:\\\/\\\/diarioprincipios.com\\\/wp-content\\\/uploads\\\/2024\\\/04\\\/cropped-www.diarioprincipios.com_-1.png\",\"width\":5325,\"height\":1454,\"caption\":\"Principios\"},\"image\":{\"@id\":\"https:\\\/\\\/diarioprincipios.com\\\/#\\\/schema\\\/logo\\\/image\\\/\"}},{\"@type\":\"Person\",\"@id\":\"https:\\\/\\\/diarioprincipios.com\\\/#\\\/schema\\\/person\\\/436d5a1fd41a5e250e23ff5a6a7cb080\",\"name\":\"Hern\u00e1n L\u00f3pez\",\"image\":{\"@type\":\"ImageObject\",\"inLanguage\":\"es\",\"@id\":\"https:\\\/\\\/diarioprincipios.com\\\/wp-content\\\/litespeed\\\/avatar\\\/11ddfe5610ff3bd100522525b2571f48.jpg?ver=1777048341\",\"url\":\"https:\\\/\\\/diarioprincipios.com\\\/wp-content\\\/litespeed\\\/avatar\\\/11ddfe5610ff3bd100522525b2571f48.jpg?ver=1777048341\",\"contentUrl\":\"https:\\\/\\\/diarioprincipios.com\\\/wp-content\\\/litespeed\\\/avatar\\\/11ddfe5610ff3bd100522525b2571f48.jpg?ver=1777048341\",\"caption\":\"Hern\u00e1n L\u00f3pez\"},\"url\":\"https:\\\/\\\/diarioprincipios.com\\\/index.php\\\/author\\\/hernan\\\/\"}]}<\/script>\n<!-- \/ Yoast SEO plugin. -->","yoast_head_json":{"title":"Berazategui palpita el 3er Gran Premio Argentino R\u00edos - Principios","robots":{"index":"index","follow":"follow","max-snippet":"max-snippet:-1","max-image-preview":"max-image-preview:large","max-video-preview":"max-video-preview:-1"},"canonical":"https:\/\/diarioprincipios.com\/index.php\/2025\/10\/09\/berazategui-palpita-el-3er-gran-premio-argentino-rios\/","og_locale":"es_ES","og_type":"article","og_title":"Berazategui palpita el 3er Gran Premio Argentino R\u00edos - Principios","og_description":"Este domingo se llevar\u00e1 a cabo una nueva edici\u00f3n del Gran Premio Argentino R\u00edos, una hist\u00f3rica carrera de ciclismo en circuito callejero. El evento es organizado por la Pe\u00f1a Ciclista del Vidrio, en colaboraci\u00f3n con la Municipalidad de Berazategui. La jornada, que tambi\u00e9n cuenta con el impulso del intendente Juan Jos\u00e9 Mussi, comenzar\u00e1 a las...","og_url":"https:\/\/diarioprincipios.com\/index.php\/2025\/10\/09\/berazategui-palpita-el-3er-gran-premio-argentino-rios\/","og_site_name":"Principios","article_published_time":"2025-10-09T22:47:34+00:00","og_image":[{"width":1280,"height":1600,"url":"https:\/\/diarioprincipios.com\/wp-content\/uploads\/2025\/10\/Berazategui-palpita-el-3er-Gran-Premio-Argentino-Rios-1.jpg","type":"image\/jpeg"}],"author":"Hern\u00e1n L\u00f3pez","twitter_card":"summary_large_image","twitter_misc":{"Escrito por":"Hern\u00e1n L\u00f3pez","Tiempo de lectura":"2 minutos"},"schema":{"@context":"https:\/\/schema.org","@graph":[{"@type":"Article","@id":"https:\/\/diarioprincipios.com\/index.php\/2025\/10\/09\/berazategui-palpita-el-3er-gran-premio-argentino-rios\/#article","isPartOf":{"@id":"https:\/\/diarioprincipios.com\/index.php\/2025\/10\/09\/berazategui-palpita-el-3er-gran-premio-argentino-rios\/"},"author":{"name":"Hern\u00e1n L\u00f3pez","@id":"https:\/\/diarioprincipios.com\/#\/schema\/person\/436d5a1fd41a5e250e23ff5a6a7cb080"},"headline":"Berazategui palpita el 3er Gran Premio Argentino R\u00edos","datePublished":"2025-10-09T22:47:34+00:00","mainEntityOfPage":{"@id":"https:\/\/diarioprincipios.com\/index.php\/2025\/10\/09\/berazategui-palpita-el-3er-gran-premio-argentino-rios\/"},"wordCount":278,"commentCount":0,"publisher":{"@id":"https:\/\/diarioprincipios.com\/#organization"},"image":{"@id":"https:\/\/diarioprincipios.com\/index.php\/2025\/10\/09\/berazategui-palpita-el-3er-gran-premio-argentino-rios\/#primaryimage"},"thumbnailUrl":"https:\/\/diarioprincipios.com\/wp-content\/uploads\/2025\/10\/Berazategui-palpita-el-3er-Gran-Premio-Argentino-Rios-1.jpg","articleSection":["Berazategui","Deportes"],"inLanguage":"es","potentialAction":[{"@type":"CommentAction","name":"Comment","target":["https:\/\/diarioprincipios.com\/index.php\/2025\/10\/09\/berazategui-palpita-el-3er-gran-premio-argentino-rios\/#respond"]}]},{"@type":"WebPage","@id":"https:\/\/diarioprincipios.com\/index.php\/2025\/10\/09\/berazategui-palpita-el-3er-gran-premio-argentino-rios\/","url":"https:\/\/diarioprincipios.com\/index.php\/2025\/10\/09\/berazategui-palpita-el-3er-gran-premio-argentino-rios\/","name":"Berazategui palpita el 3er Gran Premio Argentino R\u00edos - Principios","isPartOf":{"@id":"https:\/\/diarioprincipios.com\/#website"},"primaryImageOfPage":{"@id":"https:\/\/diarioprincipios.com\/index.php\/2025\/10\/09\/berazategui-palpita-el-3er-gran-premio-argentino-rios\/#primaryimage"},"image":{"@id":"https:\/\/diarioprincipios.com\/index.php\/2025\/10\/09\/berazategui-palpita-el-3er-gran-premio-argentino-rios\/#primaryimage"},"thumbnailUrl":"https:\/\/diarioprincipios.com\/wp-content\/uploads\/2025\/10\/Berazategui-palpita-el-3er-Gran-Premio-Argentino-Rios-1.jpg","datePublished":"2025-10-09T22:47:34+00:00","breadcrumb":{"@id":"https:\/\/diarioprincipios.com\/index.php\/2025\/10\/09\/berazategui-palpita-el-3er-gran-premio-argentino-rios\/#breadcrumb"},"inLanguage":"es","potentialAction":[{"@type":"ReadAction","target":["https:\/\/diarioprincipios.com\/index.php\/2025\/10\/09\/berazategui-palpita-el-3er-gran-premio-argentino-rios\/"]}]},{"@type":"ImageObject","inLanguage":"es","@id":"https:\/\/diarioprincipios.com\/index.php\/2025\/10\/09\/berazategui-palpita-el-3er-gran-premio-argentino-rios\/#primaryimage","url":"https:\/\/diarioprincipios.com\/wp-content\/uploads\/2025\/10\/Berazategui-palpita-el-3er-Gran-Premio-Argentino-Rios-1.jpg","contentUrl":"https:\/\/diarioprincipios.com\/wp-content\/uploads\/2025\/10\/Berazategui-palpita-el-3er-Gran-Premio-Argentino-Rios-1.jpg","width":1280,"height":1600},{"@type":"BreadcrumbList","@id":"https:\/\/diarioprincipios.com\/index.php\/2025\/10\/09\/berazategui-palpita-el-3er-gran-premio-argentino-rios\/#breadcrumb","itemListElement":[{"@type":"ListItem","position":1,"name":"Portada","item":"https:\/\/diarioprincipios.com\/"},{"@type":"ListItem","position":2,"name":"Berazategui palpita el 3er Gran Premio Argentino R\u00edos"}]},{"@type":"WebSite","@id":"https:\/\/diarioprincipios.com\/#website","url":"https:\/\/diarioprincipios.com\/","name":"Principios","description":"Principios Diario","publisher":{"@id":"https:\/\/diarioprincipios.com\/#organization"},"potentialAction":[{"@type":"SearchAction","target":{"@type":"EntryPoint","urlTemplate":"https:\/\/diarioprincipios.com\/?s={search_term_string}"},"query-input":{"@type":"PropertyValueSpecification","valueRequired":true,"valueName":"search_term_string"}}],"inLanguage":"es"},{"@type":"Organization","@id":"https:\/\/diarioprincipios.com\/#organization","name":"Principios","url":"https:\/\/diarioprincipios.com\/","logo":{"@type":"ImageObject","inLanguage":"es","@id":"https:\/\/diarioprincipios.com\/#\/schema\/logo\/image\/","url":"https:\/\/diarioprincipios.com\/wp-content\/uploads\/2024\/04\/cropped-www.diarioprincipios.com_-1.png","contentUrl":"https:\/\/diarioprincipios.com\/wp-content\/uploads\/2024\/04\/cropped-www.diarioprincipios.com_-1.png","width":5325,"height":1454,"caption":"Principios"},"image":{"@id":"https:\/\/diarioprincipios.com\/#\/schema\/logo\/image\/"}},{"@type":"Person","@id":"https:\/\/diarioprincipios.com\/#\/schema\/person\/436d5a1fd41a5e250e23ff5a6a7cb080","name":"Hern\u00e1n L\u00f3pez","image":{"@type":"ImageObject","inLanguage":"es","@id":"https:\/\/diarioprincipios.com\/wp-content\/litespeed\/avatar\/11ddfe5610ff3bd100522525b2571f48.jpg?ver=1777048341","url":"https:\/\/diarioprincipios.com\/wp-content\/litespeed\/avatar\/11ddfe5610ff3bd100522525b2571f48.jpg?ver=1777048341","contentUrl":"https:\/\/diarioprincipios.com\/wp-content\/litespeed\/avatar\/11ddfe5610ff3bd100522525b2571f48.jpg?ver=1777048341","caption":"Hern\u00e1n L\u00f3pez"},"url":"https:\/\/diarioprincipios.com\/index.php\/author\/hernan\/"}]}},"jetpack_featured_media_url":"https:\/\/diarioprincipios.com\/wp-content\/uploads\/2025\/10\/Berazategui-palpita-el-3er-Gran-Premio-Argentino-Rios-1.jpg","_links":{"self":[{"href":"https:\/\/diarioprincipios.com\/index.php\/wp-json\/wp\/v2\/posts\/25583","targetHints":{"allow":["GET"]}}],"collection":[{"href":"https:\/\/diarioprincipios.com\/index.php\/wp-json\/wp\/v2\/posts"}],"about":[{"href":"https:\/\/diarioprincipios.com\/index.php\/wp-json\/wp\/v2\/types\/post"}],"author":[{"embeddable":true,"href":"https:\/\/diarioprincipios.com\/index.php\/wp-json\/wp\/v2\/users\/2"}],"replies":[{"embeddable":true,"href":"https:\/\/diarioprincipios.com\/index.php\/wp-json\/wp\/v2\/comments?post=25583"}],"version-history":[{"count":1,"href":"https:\/\/diarioprincipios.com\/index.php\/wp-json\/wp\/v2\/posts\/25583\/revisions"}],"predecessor-version":[{"id":25586,"href":"https:\/\/diarioprincipios.com\/index.php\/wp-json\/wp\/v2\/posts\/25583\/revisions\/25586"}],"wp:featuredmedia":[{"embeddable":true,"href":"https:\/\/diarioprincipios.com\/index.php\/wp-json\/wp\/v2\/media\/25585"}],"wp:attachment":[{"href":"https:\/\/diarioprincipios.com\/index.php\/wp-json\/wp\/v2\/media?parent=25583"}],"wp:term":[{"taxonomy":"category","embeddable":true,"href":"https:\/\/diarioprincipios.com\/index.php\/wp-json\/wp\/v2\/categories?post=25583"},{"taxonomy":"post_tag","embeddable":true,"href":"https:\/\/diarioprincipios.com\/index.php\/wp-json\/wp\/v2\/tags?post=25583"}],"curies":[{"name":"wp","href":"https:\/\/api.w.org\/{rel}","templated":true}]}}