{"id":25578,"date":"2025-10-08T22:03:28","date_gmt":"2025-10-09T01:03:28","guid":{"rendered":"https:\/\/diarioprincipios.com\/?p=25578"},"modified":"2025-10-08T22:03:29","modified_gmt":"2025-10-09T01:03:29","slug":"dario-sztajnszrajber-se-presento-en-librarte","status":"publish","type":"post","link":"https:\/\/diarioprincipios.com\/index.php\/2025\/10\/08\/dario-sztajnszrajber-se-presento-en-librarte\/","title":{"rendered":"Dar\u00edo Sztajnszrajber se present\u00f3 en LibrArte"},"content":{"rendered":"\n<p><strong>La 18\u00b0 edici\u00f3n de Librarte, la Feria del Libro de Berazategui, cont\u00f3 en su primer fin de semana con la presencia de Dar\u00edo Sztajnszrajber y su charla \u201cLa amistad: pensar al otro\u201d.<\/strong><br>Asimismo, otra de las actividades destacadas fue la Charla \u00abAnimales en libertad. La literatura y la educaci\u00f3n ambiental\u00bb, a cargo de Fernando Pieroni.<br>El intendente de Berazategui e impulsor del evento, Juan Jos\u00e9 Mussi, a trav\u00e9s de un mensaje grabado que fue transmitido a los presentes, recalc\u00f3: \u201cLibrArte tiene una gran importancia porque al ser gratuita permite que los vecinos y vecinas, en lugar de pagar una entrada, compren un libro. El libro es irremplazable, por eso queremos que est\u00e9 a la altura de las posibilidades de todos. Si hay algo a lo que no vamos a renunciar -por ninguna situaci\u00f3n econ\u00f3mica- es a hacer la Feria del Libro de Berazategui\u201d.<\/p>\n\n\n\n<figure class=\"wp-block-image size-large\"><img loading=\"lazy\" decoding=\"async\" width=\"1024\" height=\"682\" src=\"https:\/\/diarioprincipios.com\/wp-content\/uploads\/2025\/10\/Dario-Sztajnszrajber-se-presento-en-LibrArte-2-1024x682.jpg\" alt=\"\" class=\"wp-image-25579\" srcset=\"https:\/\/diarioprincipios.com\/wp-content\/uploads\/2025\/10\/Dario-Sztajnszrajber-se-presento-en-LibrArte-2-1024x682.jpg 1024w, https:\/\/diarioprincipios.com\/wp-content\/uploads\/2025\/10\/Dario-Sztajnszrajber-se-presento-en-LibrArte-2-300x200.jpg 300w, https:\/\/diarioprincipios.com\/wp-content\/uploads\/2025\/10\/Dario-Sztajnszrajber-se-presento-en-LibrArte-2-768x512.jpg 768w, https:\/\/diarioprincipios.com\/wp-content\/uploads\/2025\/10\/Dario-Sztajnszrajber-se-presento-en-LibrArte-2-1536x1023.jpg 1536w, https:\/\/diarioprincipios.com\/wp-content\/uploads\/2025\/10\/Dario-Sztajnszrajber-se-presento-en-LibrArte-2-820x545.jpg 820w, https:\/\/diarioprincipios.com\/wp-content\/uploads\/2025\/10\/Dario-Sztajnszrajber-se-presento-en-LibrArte-2-600x400.jpg 600w, https:\/\/diarioprincipios.com\/wp-content\/uploads\/2025\/10\/Dario-Sztajnszrajber-se-presento-en-LibrArte-2.jpg 1600w\" sizes=\"auto, (max-width: 1024px) 100vw, 1024px\" \/><\/figure>\n\n\n\n<p><br>A su vez, Sztajnszrajber se\u00f1al\u00f3: \u201cEstoy feliz de estar nuevamente en Berazategui y muy agradecido por estos espacios abiertos, libres y gratuitos, donde se construye ciudadan\u00eda desde la cultura\u201d.<br>Por su parte, Pieroni afirm\u00f3: \u201cHoy presentamos nuestros tres libros que llevan el mensaje de no al maltrato animal. Berazategui es una ciudad que trabaja en ese sentido, con la Cl\u00ednica Veterinaria Municipal y con el Centro de rescate y rehabilitaci\u00f3n de animales, un proyecto que llevamos adelante desde la Fundaci\u00f3n Planeta Vivo -en conjunto con el Municipio-. Yo vivo en Berazategui y estar ac\u00e1, para m\u00ed, es una gran alegr\u00eda\u201d.<\/p>\n\n\n\n<figure class=\"wp-block-image size-large\"><img loading=\"lazy\" decoding=\"async\" width=\"1024\" height=\"682\" src=\"https:\/\/diarioprincipios.com\/wp-content\/uploads\/2025\/10\/Dario-Sztajnszrajber-se-presento-en-LibrArte-3-1024x682.jpg\" alt=\"\" class=\"wp-image-25580\" srcset=\"https:\/\/diarioprincipios.com\/wp-content\/uploads\/2025\/10\/Dario-Sztajnszrajber-se-presento-en-LibrArte-3-1024x682.jpg 1024w, https:\/\/diarioprincipios.com\/wp-content\/uploads\/2025\/10\/Dario-Sztajnszrajber-se-presento-en-LibrArte-3-300x200.jpg 300w, https:\/\/diarioprincipios.com\/wp-content\/uploads\/2025\/10\/Dario-Sztajnszrajber-se-presento-en-LibrArte-3-768x512.jpg 768w, https:\/\/diarioprincipios.com\/wp-content\/uploads\/2025\/10\/Dario-Sztajnszrajber-se-presento-en-LibrArte-3-1536x1023.jpg 1536w, https:\/\/diarioprincipios.com\/wp-content\/uploads\/2025\/10\/Dario-Sztajnszrajber-se-presento-en-LibrArte-3-820x545.jpg 820w, https:\/\/diarioprincipios.com\/wp-content\/uploads\/2025\/10\/Dario-Sztajnszrajber-se-presento-en-LibrArte-3-600x400.jpg 600w, https:\/\/diarioprincipios.com\/wp-content\/uploads\/2025\/10\/Dario-Sztajnszrajber-se-presento-en-LibrArte-3.jpg 1600w\" sizes=\"auto, (max-width: 1024px) 100vw, 1024px\" \/><\/figure>\n\n\n\n<p><br>LibrArte es una iniciativa que organiza la Secretar\u00eda de Cultura y Educaci\u00f3n, a cargo de Federico L\u00f3pez. Es una de las cinco ferias m\u00e1s importantes del pa\u00eds. Propone 20 actividades y presentaciones diarias para docentes, estudiantes, artistas y p\u00fablico en general, como mesas redondas, conferencias, presentaciones de libros, espect\u00e1culos, conciertos y teatro, talleres, encuentros de narraci\u00f3n, adem\u00e1s de la visita de reconocidos escritores y personalidades del ambiente editorial.<br>En esta oportunidad, tambi\u00e9n visitar\u00e1n la Feria del Libro: Magela Demarco, Silvia Schujer, Poly Bernatene, Canela, Isol, Roberto Caballero, Cynthia Edul y Nacho Gir\u00f3n. Adem\u00e1s, se realizar\u00e1 la proyecci\u00f3n del documental \u00abLa sociedad del afecto\u00bb de Chiqui Gonz\u00e1lez y la presentaci\u00f3n de una colecci\u00f3n de libros de la Editorial Municipal Ediber.<br>Para conocer la programaci\u00f3n completa, se puede ingresar en\u00a0<a href=\"http:\/\/berazategui.gob.ar\/librarte\" target=\"_blank\" rel=\"noreferrer noopener\">berazategui.gob.ar\/librarte<\/a>.<\/p>\n","protected":false},"excerpt":{"rendered":"<p>La 18\u00b0 edici\u00f3n de Librarte, la Feria del Libro de Berazategui, cont\u00f3 en su primer fin de semana con la presencia de Dar\u00edo Sztajnszrajber y su charla \u201cLa amistad: pensar al otro\u201d.Asimismo, otra de las actividades destacadas fue la Charla \u00abAnimales en libertad. La literatura y la educaci\u00f3n ambiental\u00bb, a cargo de Fernando Pieroni.El intendente&#8230;<\/p>\n","protected":false},"author":2,"featured_media":25581,"comment_status":"open","ping_status":"open","sticky":false,"template":"","format":"standard","meta":{"footnotes":""},"categories":[3,19],"tags":[],"class_list":["post-25578","post","type-post","status-publish","format-standard","has-post-thumbnail","hentry","category-berazategui","category-cultura-educacion"],"featured_image_src":"https:\/\/diarioprincipios.com\/wp-content\/uploads\/2025\/10\/Dario-Sztajnszrajber-se-presento-en-LibrArte-4-1024x682.jpg","blog_images":{"medium":"https:\/\/diarioprincipios.com\/wp-content\/uploads\/2025\/10\/Dario-Sztajnszrajber-se-presento-en-LibrArte-4-300x200.jpg","large":"https:\/\/diarioprincipios.com\/wp-content\/uploads\/2025\/10\/Dario-Sztajnszrajber-se-presento-en-LibrArte-4-1024x682.jpg"},"ams_acf":[],"yoast_head":"<!-- This site is optimized with the Yoast SEO plugin v27.3 - https:\/\/yoast.com\/product\/yoast-seo-wordpress\/ -->\n<title>Dar\u00edo Sztajnszrajber se present\u00f3 en LibrArte - Principios<\/title>\n<meta name=\"robots\" content=\"index, follow, max-snippet:-1, max-image-preview:large, max-video-preview:-1\" \/>\n<link rel=\"canonical\" href=\"https:\/\/diarioprincipios.com\/index.php\/2025\/10\/08\/dario-sztajnszrajber-se-presento-en-librarte\/\" \/>\n<meta property=\"og:locale\" content=\"es_ES\" \/>\n<meta property=\"og:type\" content=\"article\" \/>\n<meta property=\"og:title\" content=\"Dar\u00edo Sztajnszrajber se present\u00f3 en LibrArte - Principios\" \/>\n<meta property=\"og:description\" content=\"La 18\u00b0 edici\u00f3n de Librarte, la Feria del Libro de Berazategui, cont\u00f3 en su primer fin de semana con la presencia de Dar\u00edo Sztajnszrajber y su charla \u201cLa amistad: pensar al otro\u201d.Asimismo, otra de las actividades destacadas fue la Charla \u00abAnimales en libertad. La literatura y la educaci\u00f3n ambiental\u00bb, a cargo de Fernando Pieroni.El intendente...\" \/>\n<meta property=\"og:url\" content=\"https:\/\/diarioprincipios.com\/index.php\/2025\/10\/08\/dario-sztajnszrajber-se-presento-en-librarte\/\" \/>\n<meta property=\"og:site_name\" content=\"Principios\" \/>\n<meta property=\"article:published_time\" content=\"2025-10-09T01:03:28+00:00\" \/>\n<meta property=\"article:modified_time\" content=\"2025-10-09T01:03:29+00:00\" \/>\n<meta property=\"og:image\" content=\"https:\/\/diarioprincipios.com\/wp-content\/uploads\/2025\/10\/Dario-Sztajnszrajber-se-presento-en-LibrArte-4.jpg\" \/>\n\t<meta property=\"og:image:width\" content=\"1600\" \/>\n\t<meta property=\"og:image:height\" content=\"1066\" \/>\n\t<meta property=\"og:image:type\" content=\"image\/jpeg\" \/>\n<meta name=\"author\" content=\"Hern\u00e1n L\u00f3pez\" \/>\n<meta name=\"twitter:card\" content=\"summary_large_image\" \/>\n<meta name=\"twitter:label1\" content=\"Escrito por\" \/>\n\t<meta name=\"twitter:data1\" content=\"Hern\u00e1n L\u00f3pez\" \/>\n\t<meta name=\"twitter:label2\" content=\"Tiempo de lectura\" \/>\n\t<meta name=\"twitter:data2\" content=\"3 minutos\" \/>\n<script type=\"application\/ld+json\" class=\"yoast-schema-graph\">{\"@context\":\"https:\\\/\\\/schema.org\",\"@graph\":[{\"@type\":\"Article\",\"@id\":\"https:\\\/\\\/diarioprincipios.com\\\/index.php\\\/2025\\\/10\\\/08\\\/dario-sztajnszrajber-se-presento-en-librarte\\\/#article\",\"isPartOf\":{\"@id\":\"https:\\\/\\\/diarioprincipios.com\\\/index.php\\\/2025\\\/10\\\/08\\\/dario-sztajnszrajber-se-presento-en-librarte\\\/\"},\"author\":{\"name\":\"Hern\u00e1n L\u00f3pez\",\"@id\":\"https:\\\/\\\/diarioprincipios.com\\\/#\\\/schema\\\/person\\\/436d5a1fd41a5e250e23ff5a6a7cb080\"},\"headline\":\"Dar\u00edo Sztajnszrajber se present\u00f3 en LibrArte\",\"datePublished\":\"2025-10-09T01:03:28+00:00\",\"dateModified\":\"2025-10-09T01:03:29+00:00\",\"mainEntityOfPage\":{\"@id\":\"https:\\\/\\\/diarioprincipios.com\\\/index.php\\\/2025\\\/10\\\/08\\\/dario-sztajnszrajber-se-presento-en-librarte\\\/\"},\"wordCount\":410,\"commentCount\":0,\"publisher\":{\"@id\":\"https:\\\/\\\/diarioprincipios.com\\\/#organization\"},\"image\":{\"@id\":\"https:\\\/\\\/diarioprincipios.com\\\/index.php\\\/2025\\\/10\\\/08\\\/dario-sztajnszrajber-se-presento-en-librarte\\\/#primaryimage\"},\"thumbnailUrl\":\"https:\\\/\\\/diarioprincipios.com\\\/wp-content\\\/uploads\\\/2025\\\/10\\\/Dario-Sztajnszrajber-se-presento-en-LibrArte-4.jpg\",\"articleSection\":[\"Berazategui\",\"Cultura y Educaci\u00f3n\"],\"inLanguage\":\"es\",\"potentialAction\":[{\"@type\":\"CommentAction\",\"name\":\"Comment\",\"target\":[\"https:\\\/\\\/diarioprincipios.com\\\/index.php\\\/2025\\\/10\\\/08\\\/dario-sztajnszrajber-se-presento-en-librarte\\\/#respond\"]}]},{\"@type\":\"WebPage\",\"@id\":\"https:\\\/\\\/diarioprincipios.com\\\/index.php\\\/2025\\\/10\\\/08\\\/dario-sztajnszrajber-se-presento-en-librarte\\\/\",\"url\":\"https:\\\/\\\/diarioprincipios.com\\\/index.php\\\/2025\\\/10\\\/08\\\/dario-sztajnszrajber-se-presento-en-librarte\\\/\",\"name\":\"Dar\u00edo Sztajnszrajber se present\u00f3 en LibrArte - Principios\",\"isPartOf\":{\"@id\":\"https:\\\/\\\/diarioprincipios.com\\\/#website\"},\"primaryImageOfPage\":{\"@id\":\"https:\\\/\\\/diarioprincipios.com\\\/index.php\\\/2025\\\/10\\\/08\\\/dario-sztajnszrajber-se-presento-en-librarte\\\/#primaryimage\"},\"image\":{\"@id\":\"https:\\\/\\\/diarioprincipios.com\\\/index.php\\\/2025\\\/10\\\/08\\\/dario-sztajnszrajber-se-presento-en-librarte\\\/#primaryimage\"},\"thumbnailUrl\":\"https:\\\/\\\/diarioprincipios.com\\\/wp-content\\\/uploads\\\/2025\\\/10\\\/Dario-Sztajnszrajber-se-presento-en-LibrArte-4.jpg\",\"datePublished\":\"2025-10-09T01:03:28+00:00\",\"dateModified\":\"2025-10-09T01:03:29+00:00\",\"breadcrumb\":{\"@id\":\"https:\\\/\\\/diarioprincipios.com\\\/index.php\\\/2025\\\/10\\\/08\\\/dario-sztajnszrajber-se-presento-en-librarte\\\/#breadcrumb\"},\"inLanguage\":\"es\",\"potentialAction\":[{\"@type\":\"ReadAction\",\"target\":[\"https:\\\/\\\/diarioprincipios.com\\\/index.php\\\/2025\\\/10\\\/08\\\/dario-sztajnszrajber-se-presento-en-librarte\\\/\"]}]},{\"@type\":\"ImageObject\",\"inLanguage\":\"es\",\"@id\":\"https:\\\/\\\/diarioprincipios.com\\\/index.php\\\/2025\\\/10\\\/08\\\/dario-sztajnszrajber-se-presento-en-librarte\\\/#primaryimage\",\"url\":\"https:\\\/\\\/diarioprincipios.com\\\/wp-content\\\/uploads\\\/2025\\\/10\\\/Dario-Sztajnszrajber-se-presento-en-LibrArte-4.jpg\",\"contentUrl\":\"https:\\\/\\\/diarioprincipios.com\\\/wp-content\\\/uploads\\\/2025\\\/10\\\/Dario-Sztajnszrajber-se-presento-en-LibrArte-4.jpg\",\"width\":1600,\"height\":1066},{\"@type\":\"BreadcrumbList\",\"@id\":\"https:\\\/\\\/diarioprincipios.com\\\/index.php\\\/2025\\\/10\\\/08\\\/dario-sztajnszrajber-se-presento-en-librarte\\\/#breadcrumb\",\"itemListElement\":[{\"@type\":\"ListItem\",\"position\":1,\"name\":\"Portada\",\"item\":\"https:\\\/\\\/diarioprincipios.com\\\/\"},{\"@type\":\"ListItem\",\"position\":2,\"name\":\"Dar\u00edo Sztajnszrajber se present\u00f3 en LibrArte\"}]},{\"@type\":\"WebSite\",\"@id\":\"https:\\\/\\\/diarioprincipios.com\\\/#website\",\"url\":\"https:\\\/\\\/diarioprincipios.com\\\/\",\"name\":\"Principios\",\"description\":\"Principios Diario\",\"publisher\":{\"@id\":\"https:\\\/\\\/diarioprincipios.com\\\/#organization\"},\"potentialAction\":[{\"@type\":\"SearchAction\",\"target\":{\"@type\":\"EntryPoint\",\"urlTemplate\":\"https:\\\/\\\/diarioprincipios.com\\\/?s={search_term_string}\"},\"query-input\":{\"@type\":\"PropertyValueSpecification\",\"valueRequired\":true,\"valueName\":\"search_term_string\"}}],\"inLanguage\":\"es\"},{\"@type\":\"Organization\",\"@id\":\"https:\\\/\\\/diarioprincipios.com\\\/#organization\",\"name\":\"Principios\",\"url\":\"https:\\\/\\\/diarioprincipios.com\\\/\",\"logo\":{\"@type\":\"ImageObject\",\"inLanguage\":\"es\",\"@id\":\"https:\\\/\\\/diarioprincipios.com\\\/#\\\/schema\\\/logo\\\/image\\\/\",\"url\":\"https:\\\/\\\/diarioprincipios.com\\\/wp-content\\\/uploads\\\/2024\\\/04\\\/cropped-www.diarioprincipios.com_-1.png\",\"contentUrl\":\"https:\\\/\\\/diarioprincipios.com\\\/wp-content\\\/uploads\\\/2024\\\/04\\\/cropped-www.diarioprincipios.com_-1.png\",\"width\":5325,\"height\":1454,\"caption\":\"Principios\"},\"image\":{\"@id\":\"https:\\\/\\\/diarioprincipios.com\\\/#\\\/schema\\\/logo\\\/image\\\/\"}},{\"@type\":\"Person\",\"@id\":\"https:\\\/\\\/diarioprincipios.com\\\/#\\\/schema\\\/person\\\/436d5a1fd41a5e250e23ff5a6a7cb080\",\"name\":\"Hern\u00e1n L\u00f3pez\",\"image\":{\"@type\":\"ImageObject\",\"inLanguage\":\"es\",\"@id\":\"https:\\\/\\\/diarioprincipios.com\\\/wp-content\\\/litespeed\\\/avatar\\\/11ddfe5610ff3bd100522525b2571f48.jpg?ver=1777048341\",\"url\":\"https:\\\/\\\/diarioprincipios.com\\\/wp-content\\\/litespeed\\\/avatar\\\/11ddfe5610ff3bd100522525b2571f48.jpg?ver=1777048341\",\"contentUrl\":\"https:\\\/\\\/diarioprincipios.com\\\/wp-content\\\/litespeed\\\/avatar\\\/11ddfe5610ff3bd100522525b2571f48.jpg?ver=1777048341\",\"caption\":\"Hern\u00e1n L\u00f3pez\"},\"url\":\"https:\\\/\\\/diarioprincipios.com\\\/index.php\\\/author\\\/hernan\\\/\"}]}<\/script>\n<!-- \/ Yoast SEO plugin. -->","yoast_head_json":{"title":"Dar\u00edo Sztajnszrajber se present\u00f3 en LibrArte - Principios","robots":{"index":"index","follow":"follow","max-snippet":"max-snippet:-1","max-image-preview":"max-image-preview:large","max-video-preview":"max-video-preview:-1"},"canonical":"https:\/\/diarioprincipios.com\/index.php\/2025\/10\/08\/dario-sztajnszrajber-se-presento-en-librarte\/","og_locale":"es_ES","og_type":"article","og_title":"Dar\u00edo Sztajnszrajber se present\u00f3 en LibrArte - Principios","og_description":"La 18\u00b0 edici\u00f3n de Librarte, la Feria del Libro de Berazategui, cont\u00f3 en su primer fin de semana con la presencia de Dar\u00edo Sztajnszrajber y su charla \u201cLa amistad: pensar al otro\u201d.Asimismo, otra de las actividades destacadas fue la Charla \u00abAnimales en libertad. La literatura y la educaci\u00f3n ambiental\u00bb, a cargo de Fernando Pieroni.El intendente...","og_url":"https:\/\/diarioprincipios.com\/index.php\/2025\/10\/08\/dario-sztajnszrajber-se-presento-en-librarte\/","og_site_name":"Principios","article_published_time":"2025-10-09T01:03:28+00:00","article_modified_time":"2025-10-09T01:03:29+00:00","og_image":[{"width":1600,"height":1066,"url":"https:\/\/diarioprincipios.com\/wp-content\/uploads\/2025\/10\/Dario-Sztajnszrajber-se-presento-en-LibrArte-4.jpg","type":"image\/jpeg"}],"author":"Hern\u00e1n L\u00f3pez","twitter_card":"summary_large_image","twitter_misc":{"Escrito por":"Hern\u00e1n L\u00f3pez","Tiempo de lectura":"3 minutos"},"schema":{"@context":"https:\/\/schema.org","@graph":[{"@type":"Article","@id":"https:\/\/diarioprincipios.com\/index.php\/2025\/10\/08\/dario-sztajnszrajber-se-presento-en-librarte\/#article","isPartOf":{"@id":"https:\/\/diarioprincipios.com\/index.php\/2025\/10\/08\/dario-sztajnszrajber-se-presento-en-librarte\/"},"author":{"name":"Hern\u00e1n L\u00f3pez","@id":"https:\/\/diarioprincipios.com\/#\/schema\/person\/436d5a1fd41a5e250e23ff5a6a7cb080"},"headline":"Dar\u00edo Sztajnszrajber se present\u00f3 en LibrArte","datePublished":"2025-10-09T01:03:28+00:00","dateModified":"2025-10-09T01:03:29+00:00","mainEntityOfPage":{"@id":"https:\/\/diarioprincipios.com\/index.php\/2025\/10\/08\/dario-sztajnszrajber-se-presento-en-librarte\/"},"wordCount":410,"commentCount":0,"publisher":{"@id":"https:\/\/diarioprincipios.com\/#organization"},"image":{"@id":"https:\/\/diarioprincipios.com\/index.php\/2025\/10\/08\/dario-sztajnszrajber-se-presento-en-librarte\/#primaryimage"},"thumbnailUrl":"https:\/\/diarioprincipios.com\/wp-content\/uploads\/2025\/10\/Dario-Sztajnszrajber-se-presento-en-LibrArte-4.jpg","articleSection":["Berazategui","Cultura y Educaci\u00f3n"],"inLanguage":"es","potentialAction":[{"@type":"CommentAction","name":"Comment","target":["https:\/\/diarioprincipios.com\/index.php\/2025\/10\/08\/dario-sztajnszrajber-se-presento-en-librarte\/#respond"]}]},{"@type":"WebPage","@id":"https:\/\/diarioprincipios.com\/index.php\/2025\/10\/08\/dario-sztajnszrajber-se-presento-en-librarte\/","url":"https:\/\/diarioprincipios.com\/index.php\/2025\/10\/08\/dario-sztajnszrajber-se-presento-en-librarte\/","name":"Dar\u00edo Sztajnszrajber se present\u00f3 en LibrArte - Principios","isPartOf":{"@id":"https:\/\/diarioprincipios.com\/#website"},"primaryImageOfPage":{"@id":"https:\/\/diarioprincipios.com\/index.php\/2025\/10\/08\/dario-sztajnszrajber-se-presento-en-librarte\/#primaryimage"},"image":{"@id":"https:\/\/diarioprincipios.com\/index.php\/2025\/10\/08\/dario-sztajnszrajber-se-presento-en-librarte\/#primaryimage"},"thumbnailUrl":"https:\/\/diarioprincipios.com\/wp-content\/uploads\/2025\/10\/Dario-Sztajnszrajber-se-presento-en-LibrArte-4.jpg","datePublished":"2025-10-09T01:03:28+00:00","dateModified":"2025-10-09T01:03:29+00:00","breadcrumb":{"@id":"https:\/\/diarioprincipios.com\/index.php\/2025\/10\/08\/dario-sztajnszrajber-se-presento-en-librarte\/#breadcrumb"},"inLanguage":"es","potentialAction":[{"@type":"ReadAction","target":["https:\/\/diarioprincipios.com\/index.php\/2025\/10\/08\/dario-sztajnszrajber-se-presento-en-librarte\/"]}]},{"@type":"ImageObject","inLanguage":"es","@id":"https:\/\/diarioprincipios.com\/index.php\/2025\/10\/08\/dario-sztajnszrajber-se-presento-en-librarte\/#primaryimage","url":"https:\/\/diarioprincipios.com\/wp-content\/uploads\/2025\/10\/Dario-Sztajnszrajber-se-presento-en-LibrArte-4.jpg","contentUrl":"https:\/\/diarioprincipios.com\/wp-content\/uploads\/2025\/10\/Dario-Sztajnszrajber-se-presento-en-LibrArte-4.jpg","width":1600,"height":1066},{"@type":"BreadcrumbList","@id":"https:\/\/diarioprincipios.com\/index.php\/2025\/10\/08\/dario-sztajnszrajber-se-presento-en-librarte\/#breadcrumb","itemListElement":[{"@type":"ListItem","position":1,"name":"Portada","item":"https:\/\/diarioprincipios.com\/"},{"@type":"ListItem","position":2,"name":"Dar\u00edo Sztajnszrajber se present\u00f3 en LibrArte"}]},{"@type":"WebSite","@id":"https:\/\/diarioprincipios.com\/#website","url":"https:\/\/diarioprincipios.com\/","name":"Principios","description":"Principios Diario","publisher":{"@id":"https:\/\/diarioprincipios.com\/#organization"},"potentialAction":[{"@type":"SearchAction","target":{"@type":"EntryPoint","urlTemplate":"https:\/\/diarioprincipios.com\/?s={search_term_string}"},"query-input":{"@type":"PropertyValueSpecification","valueRequired":true,"valueName":"search_term_string"}}],"inLanguage":"es"},{"@type":"Organization","@id":"https:\/\/diarioprincipios.com\/#organization","name":"Principios","url":"https:\/\/diarioprincipios.com\/","logo":{"@type":"ImageObject","inLanguage":"es","@id":"https:\/\/diarioprincipios.com\/#\/schema\/logo\/image\/","url":"https:\/\/diarioprincipios.com\/wp-content\/uploads\/2024\/04\/cropped-www.diarioprincipios.com_-1.png","contentUrl":"https:\/\/diarioprincipios.com\/wp-content\/uploads\/2024\/04\/cropped-www.diarioprincipios.com_-1.png","width":5325,"height":1454,"caption":"Principios"},"image":{"@id":"https:\/\/diarioprincipios.com\/#\/schema\/logo\/image\/"}},{"@type":"Person","@id":"https:\/\/diarioprincipios.com\/#\/schema\/person\/436d5a1fd41a5e250e23ff5a6a7cb080","name":"Hern\u00e1n L\u00f3pez","image":{"@type":"ImageObject","inLanguage":"es","@id":"https:\/\/diarioprincipios.com\/wp-content\/litespeed\/avatar\/11ddfe5610ff3bd100522525b2571f48.jpg?ver=1777048341","url":"https:\/\/diarioprincipios.com\/wp-content\/litespeed\/avatar\/11ddfe5610ff3bd100522525b2571f48.jpg?ver=1777048341","contentUrl":"https:\/\/diarioprincipios.com\/wp-content\/litespeed\/avatar\/11ddfe5610ff3bd100522525b2571f48.jpg?ver=1777048341","caption":"Hern\u00e1n L\u00f3pez"},"url":"https:\/\/diarioprincipios.com\/index.php\/author\/hernan\/"}]}},"jetpack_featured_media_url":"https:\/\/diarioprincipios.com\/wp-content\/uploads\/2025\/10\/Dario-Sztajnszrajber-se-presento-en-LibrArte-4.jpg","_links":{"self":[{"href":"https:\/\/diarioprincipios.com\/index.php\/wp-json\/wp\/v2\/posts\/25578","targetHints":{"allow":["GET"]}}],"collection":[{"href":"https:\/\/diarioprincipios.com\/index.php\/wp-json\/wp\/v2\/posts"}],"about":[{"href":"https:\/\/diarioprincipios.com\/index.php\/wp-json\/wp\/v2\/types\/post"}],"author":[{"embeddable":true,"href":"https:\/\/diarioprincipios.com\/index.php\/wp-json\/wp\/v2\/users\/2"}],"replies":[{"embeddable":true,"href":"https:\/\/diarioprincipios.com\/index.php\/wp-json\/wp\/v2\/comments?post=25578"}],"version-history":[{"count":1,"href":"https:\/\/diarioprincipios.com\/index.php\/wp-json\/wp\/v2\/posts\/25578\/revisions"}],"predecessor-version":[{"id":25582,"href":"https:\/\/diarioprincipios.com\/index.php\/wp-json\/wp\/v2\/posts\/25578\/revisions\/25582"}],"wp:featuredmedia":[{"embeddable":true,"href":"https:\/\/diarioprincipios.com\/index.php\/wp-json\/wp\/v2\/media\/25581"}],"wp:attachment":[{"href":"https:\/\/diarioprincipios.com\/index.php\/wp-json\/wp\/v2\/media?parent=25578"}],"wp:term":[{"taxonomy":"category","embeddable":true,"href":"https:\/\/diarioprincipios.com\/index.php\/wp-json\/wp\/v2\/categories?post=25578"},{"taxonomy":"post_tag","embeddable":true,"href":"https:\/\/diarioprincipios.com\/index.php\/wp-json\/wp\/v2\/tags?post=25578"}],"curies":[{"name":"wp","href":"https:\/\/api.w.org\/{rel}","templated":true}]}}