{"id":25560,"date":"2025-10-07T16:23:30","date_gmt":"2025-10-07T19:23:30","guid":{"rendered":"https:\/\/diarioprincipios.com\/?p=25560"},"modified":"2025-10-07T16:23:30","modified_gmt":"2025-10-07T19:23:30","slug":"ayrton-chorne-vuelve-a-una-de-las-competencias-mas-importantes-del-automovilismo-nacional","status":"publish","type":"post","link":"https:\/\/diarioprincipios.com\/index.php\/2025\/10\/07\/ayrton-chorne-vuelve-a-una-de-las-competencias-mas-importantes-del-automovilismo-nacional\/","title":{"rendered":"Ayrton Chorne vuelve a una de las competencias m\u00e1s importantes del automovilismo nacional"},"content":{"rendered":"\n<p>Ser\u00e1 representante de Berazategui en el Aut\u00f3dromo de Rosario<\/p>\n\n\n\n<p>El joven piloto profesional de automovilismo, oriundo de Berazategui, nuevamente da un gran paso en su carrera. Regresar\u00e1 al Turismo Nacional Clase 3 para la d\u00e9cima fecha del Campeonato 2025 R\u00edo Uruguay Seguros, que se realiza del 10 al 12 de octubre en el Aut\u00f3dromo Rosario (Santa Fe). Competir\u00e1 a bordo del Chevrolet Cruze con el equipo MG-C Pergamino.<\/p>\n\n\n\n<p>\u201cVoy a estar compitiendo en esta nueva fecha del Turismo Nacional, as\u00ed que tengo las esperanzas puestas en esta nueva carrera\u201d, expres\u00f3 Ayrton Chorne. Y se\u00f1al\u00f3: \u201cEste es un deporte muy caro, en el que se necesita s\u00ed o s\u00ed el apoyo de empresas o de gente que me pueda patrocinar y ayudar en la carrera. Quienes deseen hacerlo, pueden buscarme en Instagram para contactarme: @AyrtonChorne, donde tambi\u00e9n encontrar\u00e1n mi mail. Soy piloto de Berazategui y siempre es un honor defender los colores de mi ciudad y sentir el apoyo de la gente\u201d.<\/p>\n\n\n\n<figure class=\"wp-block-image size-large\"><img loading=\"lazy\" decoding=\"async\" width=\"576\" height=\"1024\" src=\"https:\/\/diarioprincipios.com\/wp-content\/uploads\/2025\/10\/IMG-20251007-WA0051-576x1024.jpg\" alt=\"\" class=\"wp-image-25561\" srcset=\"https:\/\/diarioprincipios.com\/wp-content\/uploads\/2025\/10\/IMG-20251007-WA0051-576x1024.jpg 576w, https:\/\/diarioprincipios.com\/wp-content\/uploads\/2025\/10\/IMG-20251007-WA0051-169x300.jpg 169w, https:\/\/diarioprincipios.com\/wp-content\/uploads\/2025\/10\/IMG-20251007-WA0051-768x1365.jpg 768w, https:\/\/diarioprincipios.com\/wp-content\/uploads\/2025\/10\/IMG-20251007-WA0051-864x1536.jpg 864w, https:\/\/diarioprincipios.com\/wp-content\/uploads\/2025\/10\/IMG-20251007-WA0051.jpg 900w\" sizes=\"auto, (max-width: 576px) 100vw, 576px\" \/><\/figure>\n\n\n\n<p>Su \u00faltima competencia fue en Paran\u00e1, con el Turismo Carretera 2000, categor\u00eda en la que le resta disputar tres fechas. Y de Turismo Nacional, su \u00faltima carrera fue en 2022, en Rosario, donde qued\u00f3 dentro de los diez primeros lugares. \u201cEstoy emocionado por volver a ese mismo circuito que me gusta\u201d, asegur\u00f3 el piloto. Y continu\u00f3: \u201cS\u00e9 que vamos a funcionar bien. Me estoy preparando con muchas ganas, en la parte f\u00edsica, que es importante. Adem\u00e1s, para soportar las altas temperaturas\u201d.<\/p>\n\n\n\n<p>\u201cEn el pasado hemos hecho la presentaci\u00f3n de mi auto aqu\u00ed, en esta gran ciudad. Se sum\u00f3 mucha gente; siempre me llegan muchos mensajes de vecinos de Berazategui que me siguen y me demuestran su cari\u00f1o. All\u00ed estuvo el intendente Juan Jos\u00e9 Mussi, acompa\u00f1ando la presentaci\u00f3n, un muy buen gesto que me puso muy contento. Sumado a que ese d\u00eda tambi\u00e9n fue mi cumplea\u00f1os\u201d, finaliz\u00f3.<\/p>\n\n\n\n<p>Ayrton Chorne, el piloto berazateguense, con tan solo 16 a\u00f1os, ya particip\u00f3 en la F\u00f3rmula 2.0, Turismo Nacional, TC 2000, S\u00faper TC 2000 y TCR South Am\u00e9rica. Adem\u00e1s, lo hizo en Top Race V6, Turismo Pista, PROCAR 4000, GT Sprint Race y NASCAR de Brasil; F\u00f3rmula 2, 3 y 4, F\u00f3rmula 4 Internacional y todas las categor\u00e1s de Karting, resultando campe\u00f3n en muchas de las categor\u00edas nacionales, de Brasil y Uruguay.<\/p>\n","protected":false},"excerpt":{"rendered":"<p>Ser\u00e1 representante de Berazategui en el Aut\u00f3dromo de Rosario El joven piloto profesional de automovilismo, oriundo de Berazategui, nuevamente da un gran paso en su carrera. Regresar\u00e1 al Turismo Nacional Clase 3 para la d\u00e9cima fecha del Campeonato 2025 R\u00edo Uruguay Seguros, que se realiza del 10 al 12 de octubre en el Aut\u00f3dromo Rosario&#8230;<\/p>\n","protected":false},"author":2,"featured_media":25562,"comment_status":"open","ping_status":"open","sticky":false,"template":"","format":"standard","meta":{"footnotes":""},"categories":[3,6],"tags":[],"class_list":["post-25560","post","type-post","status-publish","format-standard","has-post-thumbnail","hentry","category-berazategui","category-deportes"],"featured_image_src":"https:\/\/diarioprincipios.com\/wp-content\/uploads\/2025\/10\/IMG-20251007-WA0050-1024x576.jpg","blog_images":{"medium":"https:\/\/diarioprincipios.com\/wp-content\/uploads\/2025\/10\/IMG-20251007-WA0050-300x169.jpg","large":"https:\/\/diarioprincipios.com\/wp-content\/uploads\/2025\/10\/IMG-20251007-WA0050-1024x576.jpg"},"ams_acf":[],"yoast_head":"<!-- This site is optimized with the Yoast SEO plugin v27.3 - https:\/\/yoast.com\/product\/yoast-seo-wordpress\/ -->\n<title>Ayrton Chorne vuelve a una de las competencias m\u00e1s importantes del automovilismo nacional - Principios<\/title>\n<meta name=\"robots\" content=\"index, follow, max-snippet:-1, max-image-preview:large, max-video-preview:-1\" \/>\n<link rel=\"canonical\" href=\"https:\/\/diarioprincipios.com\/index.php\/2025\/10\/07\/ayrton-chorne-vuelve-a-una-de-las-competencias-mas-importantes-del-automovilismo-nacional\/\" \/>\n<meta property=\"og:locale\" content=\"es_ES\" \/>\n<meta property=\"og:type\" content=\"article\" \/>\n<meta property=\"og:title\" content=\"Ayrton Chorne vuelve a una de las competencias m\u00e1s importantes del automovilismo nacional - Principios\" \/>\n<meta property=\"og:description\" content=\"Ser\u00e1 representante de Berazategui en el Aut\u00f3dromo de Rosario El joven piloto profesional de automovilismo, oriundo de Berazategui, nuevamente da un gran paso en su carrera. Regresar\u00e1 al Turismo Nacional Clase 3 para la d\u00e9cima fecha del Campeonato 2025 R\u00edo Uruguay Seguros, que se realiza del 10 al 12 de octubre en el Aut\u00f3dromo Rosario...\" \/>\n<meta property=\"og:url\" content=\"https:\/\/diarioprincipios.com\/index.php\/2025\/10\/07\/ayrton-chorne-vuelve-a-una-de-las-competencias-mas-importantes-del-automovilismo-nacional\/\" \/>\n<meta property=\"og:site_name\" content=\"Principios\" \/>\n<meta property=\"article:published_time\" content=\"2025-10-07T19:23:30+00:00\" \/>\n<meta property=\"og:image\" content=\"https:\/\/diarioprincipios.com\/wp-content\/uploads\/2025\/10\/IMG-20251007-WA0050.jpg\" \/>\n\t<meta property=\"og:image:width\" content=\"1600\" \/>\n\t<meta property=\"og:image:height\" content=\"900\" \/>\n\t<meta property=\"og:image:type\" content=\"image\/jpeg\" \/>\n<meta name=\"author\" content=\"Hern\u00e1n L\u00f3pez\" \/>\n<meta name=\"twitter:card\" content=\"summary_large_image\" \/>\n<meta name=\"twitter:label1\" content=\"Escrito por\" \/>\n\t<meta name=\"twitter:data1\" content=\"Hern\u00e1n L\u00f3pez\" \/>\n\t<meta name=\"twitter:label2\" content=\"Tiempo de lectura\" \/>\n\t<meta name=\"twitter:data2\" content=\"3 minutos\" \/>\n<script type=\"application\/ld+json\" class=\"yoast-schema-graph\">{\"@context\":\"https:\\\/\\\/schema.org\",\"@graph\":[{\"@type\":\"Article\",\"@id\":\"https:\\\/\\\/diarioprincipios.com\\\/index.php\\\/2025\\\/10\\\/07\\\/ayrton-chorne-vuelve-a-una-de-las-competencias-mas-importantes-del-automovilismo-nacional\\\/#article\",\"isPartOf\":{\"@id\":\"https:\\\/\\\/diarioprincipios.com\\\/index.php\\\/2025\\\/10\\\/07\\\/ayrton-chorne-vuelve-a-una-de-las-competencias-mas-importantes-del-automovilismo-nacional\\\/\"},\"author\":{\"name\":\"Hern\u00e1n L\u00f3pez\",\"@id\":\"https:\\\/\\\/diarioprincipios.com\\\/#\\\/schema\\\/person\\\/436d5a1fd41a5e250e23ff5a6a7cb080\"},\"headline\":\"Ayrton Chorne vuelve a una de las competencias m\u00e1s importantes del automovilismo nacional\",\"datePublished\":\"2025-10-07T19:23:30+00:00\",\"mainEntityOfPage\":{\"@id\":\"https:\\\/\\\/diarioprincipios.com\\\/index.php\\\/2025\\\/10\\\/07\\\/ayrton-chorne-vuelve-a-una-de-las-competencias-mas-importantes-del-automovilismo-nacional\\\/\"},\"wordCount\":404,\"commentCount\":0,\"publisher\":{\"@id\":\"https:\\\/\\\/diarioprincipios.com\\\/#organization\"},\"image\":{\"@id\":\"https:\\\/\\\/diarioprincipios.com\\\/index.php\\\/2025\\\/10\\\/07\\\/ayrton-chorne-vuelve-a-una-de-las-competencias-mas-importantes-del-automovilismo-nacional\\\/#primaryimage\"},\"thumbnailUrl\":\"https:\\\/\\\/diarioprincipios.com\\\/wp-content\\\/uploads\\\/2025\\\/10\\\/IMG-20251007-WA0050.jpg\",\"articleSection\":[\"Berazategui\",\"Deportes\"],\"inLanguage\":\"es\",\"potentialAction\":[{\"@type\":\"CommentAction\",\"name\":\"Comment\",\"target\":[\"https:\\\/\\\/diarioprincipios.com\\\/index.php\\\/2025\\\/10\\\/07\\\/ayrton-chorne-vuelve-a-una-de-las-competencias-mas-importantes-del-automovilismo-nacional\\\/#respond\"]}]},{\"@type\":\"WebPage\",\"@id\":\"https:\\\/\\\/diarioprincipios.com\\\/index.php\\\/2025\\\/10\\\/07\\\/ayrton-chorne-vuelve-a-una-de-las-competencias-mas-importantes-del-automovilismo-nacional\\\/\",\"url\":\"https:\\\/\\\/diarioprincipios.com\\\/index.php\\\/2025\\\/10\\\/07\\\/ayrton-chorne-vuelve-a-una-de-las-competencias-mas-importantes-del-automovilismo-nacional\\\/\",\"name\":\"Ayrton Chorne vuelve a una de las competencias m\u00e1s importantes del automovilismo nacional - Principios\",\"isPartOf\":{\"@id\":\"https:\\\/\\\/diarioprincipios.com\\\/#website\"},\"primaryImageOfPage\":{\"@id\":\"https:\\\/\\\/diarioprincipios.com\\\/index.php\\\/2025\\\/10\\\/07\\\/ayrton-chorne-vuelve-a-una-de-las-competencias-mas-importantes-del-automovilismo-nacional\\\/#primaryimage\"},\"image\":{\"@id\":\"https:\\\/\\\/diarioprincipios.com\\\/index.php\\\/2025\\\/10\\\/07\\\/ayrton-chorne-vuelve-a-una-de-las-competencias-mas-importantes-del-automovilismo-nacional\\\/#primaryimage\"},\"thumbnailUrl\":\"https:\\\/\\\/diarioprincipios.com\\\/wp-content\\\/uploads\\\/2025\\\/10\\\/IMG-20251007-WA0050.jpg\",\"datePublished\":\"2025-10-07T19:23:30+00:00\",\"breadcrumb\":{\"@id\":\"https:\\\/\\\/diarioprincipios.com\\\/index.php\\\/2025\\\/10\\\/07\\\/ayrton-chorne-vuelve-a-una-de-las-competencias-mas-importantes-del-automovilismo-nacional\\\/#breadcrumb\"},\"inLanguage\":\"es\",\"potentialAction\":[{\"@type\":\"ReadAction\",\"target\":[\"https:\\\/\\\/diarioprincipios.com\\\/index.php\\\/2025\\\/10\\\/07\\\/ayrton-chorne-vuelve-a-una-de-las-competencias-mas-importantes-del-automovilismo-nacional\\\/\"]}]},{\"@type\":\"ImageObject\",\"inLanguage\":\"es\",\"@id\":\"https:\\\/\\\/diarioprincipios.com\\\/index.php\\\/2025\\\/10\\\/07\\\/ayrton-chorne-vuelve-a-una-de-las-competencias-mas-importantes-del-automovilismo-nacional\\\/#primaryimage\",\"url\":\"https:\\\/\\\/diarioprincipios.com\\\/wp-content\\\/uploads\\\/2025\\\/10\\\/IMG-20251007-WA0050.jpg\",\"contentUrl\":\"https:\\\/\\\/diarioprincipios.com\\\/wp-content\\\/uploads\\\/2025\\\/10\\\/IMG-20251007-WA0050.jpg\",\"width\":1600,\"height\":900},{\"@type\":\"BreadcrumbList\",\"@id\":\"https:\\\/\\\/diarioprincipios.com\\\/index.php\\\/2025\\\/10\\\/07\\\/ayrton-chorne-vuelve-a-una-de-las-competencias-mas-importantes-del-automovilismo-nacional\\\/#breadcrumb\",\"itemListElement\":[{\"@type\":\"ListItem\",\"position\":1,\"name\":\"Portada\",\"item\":\"https:\\\/\\\/diarioprincipios.com\\\/\"},{\"@type\":\"ListItem\",\"position\":2,\"name\":\"Ayrton Chorne vuelve a una de las competencias m\u00e1s importantes del automovilismo nacional\"}]},{\"@type\":\"WebSite\",\"@id\":\"https:\\\/\\\/diarioprincipios.com\\\/#website\",\"url\":\"https:\\\/\\\/diarioprincipios.com\\\/\",\"name\":\"Principios\",\"description\":\"Principios Diario\",\"publisher\":{\"@id\":\"https:\\\/\\\/diarioprincipios.com\\\/#organization\"},\"potentialAction\":[{\"@type\":\"SearchAction\",\"target\":{\"@type\":\"EntryPoint\",\"urlTemplate\":\"https:\\\/\\\/diarioprincipios.com\\\/?s={search_term_string}\"},\"query-input\":{\"@type\":\"PropertyValueSpecification\",\"valueRequired\":true,\"valueName\":\"search_term_string\"}}],\"inLanguage\":\"es\"},{\"@type\":\"Organization\",\"@id\":\"https:\\\/\\\/diarioprincipios.com\\\/#organization\",\"name\":\"Principios\",\"url\":\"https:\\\/\\\/diarioprincipios.com\\\/\",\"logo\":{\"@type\":\"ImageObject\",\"inLanguage\":\"es\",\"@id\":\"https:\\\/\\\/diarioprincipios.com\\\/#\\\/schema\\\/logo\\\/image\\\/\",\"url\":\"https:\\\/\\\/diarioprincipios.com\\\/wp-content\\\/uploads\\\/2024\\\/04\\\/cropped-www.diarioprincipios.com_-1.png\",\"contentUrl\":\"https:\\\/\\\/diarioprincipios.com\\\/wp-content\\\/uploads\\\/2024\\\/04\\\/cropped-www.diarioprincipios.com_-1.png\",\"width\":5325,\"height\":1454,\"caption\":\"Principios\"},\"image\":{\"@id\":\"https:\\\/\\\/diarioprincipios.com\\\/#\\\/schema\\\/logo\\\/image\\\/\"}},{\"@type\":\"Person\",\"@id\":\"https:\\\/\\\/diarioprincipios.com\\\/#\\\/schema\\\/person\\\/436d5a1fd41a5e250e23ff5a6a7cb080\",\"name\":\"Hern\u00e1n L\u00f3pez\",\"image\":{\"@type\":\"ImageObject\",\"inLanguage\":\"es\",\"@id\":\"https:\\\/\\\/diarioprincipios.com\\\/wp-content\\\/litespeed\\\/avatar\\\/11ddfe5610ff3bd100522525b2571f48.jpg?ver=1777048341\",\"url\":\"https:\\\/\\\/diarioprincipios.com\\\/wp-content\\\/litespeed\\\/avatar\\\/11ddfe5610ff3bd100522525b2571f48.jpg?ver=1777048341\",\"contentUrl\":\"https:\\\/\\\/diarioprincipios.com\\\/wp-content\\\/litespeed\\\/avatar\\\/11ddfe5610ff3bd100522525b2571f48.jpg?ver=1777048341\",\"caption\":\"Hern\u00e1n L\u00f3pez\"},\"url\":\"https:\\\/\\\/diarioprincipios.com\\\/index.php\\\/author\\\/hernan\\\/\"}]}<\/script>\n<!-- \/ Yoast SEO plugin. -->","yoast_head_json":{"title":"Ayrton Chorne vuelve a una de las competencias m\u00e1s importantes del automovilismo nacional - Principios","robots":{"index":"index","follow":"follow","max-snippet":"max-snippet:-1","max-image-preview":"max-image-preview:large","max-video-preview":"max-video-preview:-1"},"canonical":"https:\/\/diarioprincipios.com\/index.php\/2025\/10\/07\/ayrton-chorne-vuelve-a-una-de-las-competencias-mas-importantes-del-automovilismo-nacional\/","og_locale":"es_ES","og_type":"article","og_title":"Ayrton Chorne vuelve a una de las competencias m\u00e1s importantes del automovilismo nacional - Principios","og_description":"Ser\u00e1 representante de Berazategui en el Aut\u00f3dromo de Rosario El joven piloto profesional de automovilismo, oriundo de Berazategui, nuevamente da un gran paso en su carrera. Regresar\u00e1 al Turismo Nacional Clase 3 para la d\u00e9cima fecha del Campeonato 2025 R\u00edo Uruguay Seguros, que se realiza del 10 al 12 de octubre en el Aut\u00f3dromo Rosario...","og_url":"https:\/\/diarioprincipios.com\/index.php\/2025\/10\/07\/ayrton-chorne-vuelve-a-una-de-las-competencias-mas-importantes-del-automovilismo-nacional\/","og_site_name":"Principios","article_published_time":"2025-10-07T19:23:30+00:00","og_image":[{"width":1600,"height":900,"url":"https:\/\/diarioprincipios.com\/wp-content\/uploads\/2025\/10\/IMG-20251007-WA0050.jpg","type":"image\/jpeg"}],"author":"Hern\u00e1n L\u00f3pez","twitter_card":"summary_large_image","twitter_misc":{"Escrito por":"Hern\u00e1n L\u00f3pez","Tiempo de lectura":"3 minutos"},"schema":{"@context":"https:\/\/schema.org","@graph":[{"@type":"Article","@id":"https:\/\/diarioprincipios.com\/index.php\/2025\/10\/07\/ayrton-chorne-vuelve-a-una-de-las-competencias-mas-importantes-del-automovilismo-nacional\/#article","isPartOf":{"@id":"https:\/\/diarioprincipios.com\/index.php\/2025\/10\/07\/ayrton-chorne-vuelve-a-una-de-las-competencias-mas-importantes-del-automovilismo-nacional\/"},"author":{"name":"Hern\u00e1n L\u00f3pez","@id":"https:\/\/diarioprincipios.com\/#\/schema\/person\/436d5a1fd41a5e250e23ff5a6a7cb080"},"headline":"Ayrton Chorne vuelve a una de las competencias m\u00e1s importantes del automovilismo nacional","datePublished":"2025-10-07T19:23:30+00:00","mainEntityOfPage":{"@id":"https:\/\/diarioprincipios.com\/index.php\/2025\/10\/07\/ayrton-chorne-vuelve-a-una-de-las-competencias-mas-importantes-del-automovilismo-nacional\/"},"wordCount":404,"commentCount":0,"publisher":{"@id":"https:\/\/diarioprincipios.com\/#organization"},"image":{"@id":"https:\/\/diarioprincipios.com\/index.php\/2025\/10\/07\/ayrton-chorne-vuelve-a-una-de-las-competencias-mas-importantes-del-automovilismo-nacional\/#primaryimage"},"thumbnailUrl":"https:\/\/diarioprincipios.com\/wp-content\/uploads\/2025\/10\/IMG-20251007-WA0050.jpg","articleSection":["Berazategui","Deportes"],"inLanguage":"es","potentialAction":[{"@type":"CommentAction","name":"Comment","target":["https:\/\/diarioprincipios.com\/index.php\/2025\/10\/07\/ayrton-chorne-vuelve-a-una-de-las-competencias-mas-importantes-del-automovilismo-nacional\/#respond"]}]},{"@type":"WebPage","@id":"https:\/\/diarioprincipios.com\/index.php\/2025\/10\/07\/ayrton-chorne-vuelve-a-una-de-las-competencias-mas-importantes-del-automovilismo-nacional\/","url":"https:\/\/diarioprincipios.com\/index.php\/2025\/10\/07\/ayrton-chorne-vuelve-a-una-de-las-competencias-mas-importantes-del-automovilismo-nacional\/","name":"Ayrton Chorne vuelve a una de las competencias m\u00e1s importantes del automovilismo nacional - Principios","isPartOf":{"@id":"https:\/\/diarioprincipios.com\/#website"},"primaryImageOfPage":{"@id":"https:\/\/diarioprincipios.com\/index.php\/2025\/10\/07\/ayrton-chorne-vuelve-a-una-de-las-competencias-mas-importantes-del-automovilismo-nacional\/#primaryimage"},"image":{"@id":"https:\/\/diarioprincipios.com\/index.php\/2025\/10\/07\/ayrton-chorne-vuelve-a-una-de-las-competencias-mas-importantes-del-automovilismo-nacional\/#primaryimage"},"thumbnailUrl":"https:\/\/diarioprincipios.com\/wp-content\/uploads\/2025\/10\/IMG-20251007-WA0050.jpg","datePublished":"2025-10-07T19:23:30+00:00","breadcrumb":{"@id":"https:\/\/diarioprincipios.com\/index.php\/2025\/10\/07\/ayrton-chorne-vuelve-a-una-de-las-competencias-mas-importantes-del-automovilismo-nacional\/#breadcrumb"},"inLanguage":"es","potentialAction":[{"@type":"ReadAction","target":["https:\/\/diarioprincipios.com\/index.php\/2025\/10\/07\/ayrton-chorne-vuelve-a-una-de-las-competencias-mas-importantes-del-automovilismo-nacional\/"]}]},{"@type":"ImageObject","inLanguage":"es","@id":"https:\/\/diarioprincipios.com\/index.php\/2025\/10\/07\/ayrton-chorne-vuelve-a-una-de-las-competencias-mas-importantes-del-automovilismo-nacional\/#primaryimage","url":"https:\/\/diarioprincipios.com\/wp-content\/uploads\/2025\/10\/IMG-20251007-WA0050.jpg","contentUrl":"https:\/\/diarioprincipios.com\/wp-content\/uploads\/2025\/10\/IMG-20251007-WA0050.jpg","width":1600,"height":900},{"@type":"BreadcrumbList","@id":"https:\/\/diarioprincipios.com\/index.php\/2025\/10\/07\/ayrton-chorne-vuelve-a-una-de-las-competencias-mas-importantes-del-automovilismo-nacional\/#breadcrumb","itemListElement":[{"@type":"ListItem","position":1,"name":"Portada","item":"https:\/\/diarioprincipios.com\/"},{"@type":"ListItem","position":2,"name":"Ayrton Chorne vuelve a una de las competencias m\u00e1s importantes del automovilismo nacional"}]},{"@type":"WebSite","@id":"https:\/\/diarioprincipios.com\/#website","url":"https:\/\/diarioprincipios.com\/","name":"Principios","description":"Principios Diario","publisher":{"@id":"https:\/\/diarioprincipios.com\/#organization"},"potentialAction":[{"@type":"SearchAction","target":{"@type":"EntryPoint","urlTemplate":"https:\/\/diarioprincipios.com\/?s={search_term_string}"},"query-input":{"@type":"PropertyValueSpecification","valueRequired":true,"valueName":"search_term_string"}}],"inLanguage":"es"},{"@type":"Organization","@id":"https:\/\/diarioprincipios.com\/#organization","name":"Principios","url":"https:\/\/diarioprincipios.com\/","logo":{"@type":"ImageObject","inLanguage":"es","@id":"https:\/\/diarioprincipios.com\/#\/schema\/logo\/image\/","url":"https:\/\/diarioprincipios.com\/wp-content\/uploads\/2024\/04\/cropped-www.diarioprincipios.com_-1.png","contentUrl":"https:\/\/diarioprincipios.com\/wp-content\/uploads\/2024\/04\/cropped-www.diarioprincipios.com_-1.png","width":5325,"height":1454,"caption":"Principios"},"image":{"@id":"https:\/\/diarioprincipios.com\/#\/schema\/logo\/image\/"}},{"@type":"Person","@id":"https:\/\/diarioprincipios.com\/#\/schema\/person\/436d5a1fd41a5e250e23ff5a6a7cb080","name":"Hern\u00e1n L\u00f3pez","image":{"@type":"ImageObject","inLanguage":"es","@id":"https:\/\/diarioprincipios.com\/wp-content\/litespeed\/avatar\/11ddfe5610ff3bd100522525b2571f48.jpg?ver=1777048341","url":"https:\/\/diarioprincipios.com\/wp-content\/litespeed\/avatar\/11ddfe5610ff3bd100522525b2571f48.jpg?ver=1777048341","contentUrl":"https:\/\/diarioprincipios.com\/wp-content\/litespeed\/avatar\/11ddfe5610ff3bd100522525b2571f48.jpg?ver=1777048341","caption":"Hern\u00e1n L\u00f3pez"},"url":"https:\/\/diarioprincipios.com\/index.php\/author\/hernan\/"}]}},"jetpack_featured_media_url":"https:\/\/diarioprincipios.com\/wp-content\/uploads\/2025\/10\/IMG-20251007-WA0050.jpg","_links":{"self":[{"href":"https:\/\/diarioprincipios.com\/index.php\/wp-json\/wp\/v2\/posts\/25560","targetHints":{"allow":["GET"]}}],"collection":[{"href":"https:\/\/diarioprincipios.com\/index.php\/wp-json\/wp\/v2\/posts"}],"about":[{"href":"https:\/\/diarioprincipios.com\/index.php\/wp-json\/wp\/v2\/types\/post"}],"author":[{"embeddable":true,"href":"https:\/\/diarioprincipios.com\/index.php\/wp-json\/wp\/v2\/users\/2"}],"replies":[{"embeddable":true,"href":"https:\/\/diarioprincipios.com\/index.php\/wp-json\/wp\/v2\/comments?post=25560"}],"version-history":[{"count":1,"href":"https:\/\/diarioprincipios.com\/index.php\/wp-json\/wp\/v2\/posts\/25560\/revisions"}],"predecessor-version":[{"id":25563,"href":"https:\/\/diarioprincipios.com\/index.php\/wp-json\/wp\/v2\/posts\/25560\/revisions\/25563"}],"wp:featuredmedia":[{"embeddable":true,"href":"https:\/\/diarioprincipios.com\/index.php\/wp-json\/wp\/v2\/media\/25562"}],"wp:attachment":[{"href":"https:\/\/diarioprincipios.com\/index.php\/wp-json\/wp\/v2\/media?parent=25560"}],"wp:term":[{"taxonomy":"category","embeddable":true,"href":"https:\/\/diarioprincipios.com\/index.php\/wp-json\/wp\/v2\/categories?post=25560"},{"taxonomy":"post_tag","embeddable":true,"href":"https:\/\/diarioprincipios.com\/index.php\/wp-json\/wp\/v2\/tags?post=25560"}],"curies":[{"name":"wp","href":"https:\/\/api.w.org\/{rel}","templated":true}]}}