{"id":25556,"date":"2025-10-06T11:07:41","date_gmt":"2025-10-06T14:07:41","guid":{"rendered":"https:\/\/diarioprincipios.com\/?p=25556"},"modified":"2025-10-06T11:07:41","modified_gmt":"2025-10-06T14:07:41","slug":"reunion-de-comision-directiva-del-sindicato-de-trabajadores-municipales-de-berazategui","status":"publish","type":"post","link":"https:\/\/diarioprincipios.com\/index.php\/2025\/10\/06\/reunion-de-comision-directiva-del-sindicato-de-trabajadores-municipales-de-berazategui\/","title":{"rendered":"Reuni\u00f3n de Comisi\u00f3n Directiva del Sindicato de Trabajadores Municipales de Berazategui"},"content":{"rendered":"\n<p>El Sindicato de Trabajadores Municipales de Berazategui llev\u00f3 a cabo, el pasado viernes 3 de octubre, una importante reuni\u00f3n de Comisi\u00f3n Directiva en el Sal\u00f3n \u201cIslas Malvinas\u201d de la sede gremial, con una destacada participaci\u00f3n de sus integrantes.<\/p>\n\n\n\n<p>El encuentro fue encabezado por el Secretario General, Gabriel Carril Campusano, quien present\u00f3 un informe detallado sobre el estado actual de la instituci\u00f3n, abordando distintos ejes vinculados al crecimiento y fortalecimiento del Sindicato.<\/p>\n\n\n\n<figure class=\"wp-block-image size-large\"><img loading=\"lazy\" decoding=\"async\" width=\"1024\" height=\"768\" src=\"https:\/\/diarioprincipios.com\/wp-content\/uploads\/2025\/10\/reunion-comision-directiva-3-1024x768.png\" alt=\"\" class=\"wp-image-25557\" srcset=\"https:\/\/diarioprincipios.com\/wp-content\/uploads\/2025\/10\/reunion-comision-directiva-3-1024x768.png 1024w, https:\/\/diarioprincipios.com\/wp-content\/uploads\/2025\/10\/reunion-comision-directiva-3-300x225.png 300w, https:\/\/diarioprincipios.com\/wp-content\/uploads\/2025\/10\/reunion-comision-directiva-3-768x576.png 768w, https:\/\/diarioprincipios.com\/wp-content\/uploads\/2025\/10\/reunion-comision-directiva-3.png 1280w\" sizes=\"auto, (max-width: 1024px) 100vw, 1024px\" \/><\/figure>\n\n\n\n<p>Entre los temas tratados, se destacaron los avances de las obras que se est\u00e1n ejecutando tanto en la sede gremial como en el futuro camping sindical, y la adquisici\u00f3n de un nuevo veh\u00edculo destinado a optimizar las tareas administrativas y de representaci\u00f3n de la entidad.<\/p>\n\n\n\n<p>Asimismo, se analiz\u00f3 en profundidad el nuevo Convenio Colectivo de Trabajo, recientemente rubricado entre el Sindicato y el Departamento Ejecutivo Municipal, que constituye un hito hist\u00f3rico en la regulaci\u00f3n de la relaci\u00f3n laboral entre el Municipio y las y los trabajadores municipales de Berazategui.<\/p>\n\n\n\n<p>La jornada reafirm\u00f3 el compromiso de la conducci\u00f3n sindical con la transparencia, la participaci\u00f3n y la mejora continua de las condiciones laborales y gremiales de todos los municipales berazateguenses.<\/p>\n","protected":false},"excerpt":{"rendered":"<p>El Sindicato de Trabajadores Municipales de Berazategui llev\u00f3 a cabo, el pasado viernes 3 de octubre, una importante reuni\u00f3n de Comisi\u00f3n Directiva en el Sal\u00f3n \u201cIslas Malvinas\u201d de la sede gremial, con una destacada participaci\u00f3n de sus integrantes. El encuentro fue encabezado por el Secretario General, Gabriel Carril Campusano, quien present\u00f3 un informe detallado sobre&#8230;<\/p>\n","protected":false},"author":2,"featured_media":25558,"comment_status":"open","ping_status":"open","sticky":false,"template":"","format":"standard","meta":{"footnotes":""},"categories":[3,21],"tags":[],"class_list":["post-25556","post","type-post","status-publish","format-standard","has-post-thumbnail","hentry","category-berazategui","category-gremiales"],"featured_image_src":"https:\/\/diarioprincipios.com\/wp-content\/uploads\/2025\/10\/reunion-comision-directiva-1-1024x768.png","blog_images":{"medium":"https:\/\/diarioprincipios.com\/wp-content\/uploads\/2025\/10\/reunion-comision-directiva-1-300x225.png","large":"https:\/\/diarioprincipios.com\/wp-content\/uploads\/2025\/10\/reunion-comision-directiva-1-1024x768.png"},"ams_acf":[],"yoast_head":"<!-- This site is optimized with the Yoast SEO plugin v27.3 - https:\/\/yoast.com\/product\/yoast-seo-wordpress\/ -->\n<title>Reuni\u00f3n de Comisi\u00f3n Directiva del Sindicato de Trabajadores Municipales de Berazategui - Principios<\/title>\n<meta name=\"robots\" content=\"index, follow, max-snippet:-1, max-image-preview:large, max-video-preview:-1\" \/>\n<link rel=\"canonical\" href=\"https:\/\/diarioprincipios.com\/index.php\/2025\/10\/06\/reunion-de-comision-directiva-del-sindicato-de-trabajadores-municipales-de-berazategui\/\" \/>\n<meta property=\"og:locale\" content=\"es_ES\" \/>\n<meta property=\"og:type\" content=\"article\" \/>\n<meta property=\"og:title\" content=\"Reuni\u00f3n de Comisi\u00f3n Directiva del Sindicato de Trabajadores Municipales de Berazategui - Principios\" \/>\n<meta property=\"og:description\" content=\"El Sindicato de Trabajadores Municipales de Berazategui llev\u00f3 a cabo, el pasado viernes 3 de octubre, una importante reuni\u00f3n de Comisi\u00f3n Directiva en el Sal\u00f3n \u201cIslas Malvinas\u201d de la sede gremial, con una destacada participaci\u00f3n de sus integrantes. El encuentro fue encabezado por el Secretario General, Gabriel Carril Campusano, quien present\u00f3 un informe detallado sobre...\" \/>\n<meta property=\"og:url\" content=\"https:\/\/diarioprincipios.com\/index.php\/2025\/10\/06\/reunion-de-comision-directiva-del-sindicato-de-trabajadores-municipales-de-berazategui\/\" \/>\n<meta property=\"og:site_name\" content=\"Principios\" \/>\n<meta property=\"article:published_time\" content=\"2025-10-06T14:07:41+00:00\" \/>\n<meta property=\"og:image\" content=\"https:\/\/diarioprincipios.com\/wp-content\/uploads\/2025\/10\/reunion-comision-directiva-1.png\" \/>\n\t<meta property=\"og:image:width\" content=\"1280\" \/>\n\t<meta property=\"og:image:height\" content=\"960\" \/>\n\t<meta property=\"og:image:type\" content=\"image\/png\" \/>\n<meta name=\"author\" content=\"Hern\u00e1n L\u00f3pez\" \/>\n<meta name=\"twitter:card\" content=\"summary_large_image\" \/>\n<meta name=\"twitter:label1\" content=\"Escrito por\" \/>\n\t<meta name=\"twitter:data1\" content=\"Hern\u00e1n L\u00f3pez\" \/>\n\t<meta name=\"twitter:label2\" content=\"Tiempo de lectura\" \/>\n\t<meta name=\"twitter:data2\" content=\"2 minutos\" \/>\n<script type=\"application\/ld+json\" class=\"yoast-schema-graph\">{\"@context\":\"https:\\\/\\\/schema.org\",\"@graph\":[{\"@type\":\"Article\",\"@id\":\"https:\\\/\\\/diarioprincipios.com\\\/index.php\\\/2025\\\/10\\\/06\\\/reunion-de-comision-directiva-del-sindicato-de-trabajadores-municipales-de-berazategui\\\/#article\",\"isPartOf\":{\"@id\":\"https:\\\/\\\/diarioprincipios.com\\\/index.php\\\/2025\\\/10\\\/06\\\/reunion-de-comision-directiva-del-sindicato-de-trabajadores-municipales-de-berazategui\\\/\"},\"author\":{\"name\":\"Hern\u00e1n L\u00f3pez\",\"@id\":\"https:\\\/\\\/diarioprincipios.com\\\/#\\\/schema\\\/person\\\/436d5a1fd41a5e250e23ff5a6a7cb080\"},\"headline\":\"Reuni\u00f3n de Comisi\u00f3n Directiva del Sindicato de Trabajadores Municipales de Berazategui\",\"datePublished\":\"2025-10-06T14:07:41+00:00\",\"mainEntityOfPage\":{\"@id\":\"https:\\\/\\\/diarioprincipios.com\\\/index.php\\\/2025\\\/10\\\/06\\\/reunion-de-comision-directiva-del-sindicato-de-trabajadores-municipales-de-berazategui\\\/\"},\"wordCount\":215,\"commentCount\":0,\"publisher\":{\"@id\":\"https:\\\/\\\/diarioprincipios.com\\\/#organization\"},\"image\":{\"@id\":\"https:\\\/\\\/diarioprincipios.com\\\/index.php\\\/2025\\\/10\\\/06\\\/reunion-de-comision-directiva-del-sindicato-de-trabajadores-municipales-de-berazategui\\\/#primaryimage\"},\"thumbnailUrl\":\"https:\\\/\\\/diarioprincipios.com\\\/wp-content\\\/uploads\\\/2025\\\/10\\\/reunion-comision-directiva-1.png\",\"articleSection\":[\"Berazategui\",\"Gremiales\"],\"inLanguage\":\"es\",\"potentialAction\":[{\"@type\":\"CommentAction\",\"name\":\"Comment\",\"target\":[\"https:\\\/\\\/diarioprincipios.com\\\/index.php\\\/2025\\\/10\\\/06\\\/reunion-de-comision-directiva-del-sindicato-de-trabajadores-municipales-de-berazategui\\\/#respond\"]}]},{\"@type\":\"WebPage\",\"@id\":\"https:\\\/\\\/diarioprincipios.com\\\/index.php\\\/2025\\\/10\\\/06\\\/reunion-de-comision-directiva-del-sindicato-de-trabajadores-municipales-de-berazategui\\\/\",\"url\":\"https:\\\/\\\/diarioprincipios.com\\\/index.php\\\/2025\\\/10\\\/06\\\/reunion-de-comision-directiva-del-sindicato-de-trabajadores-municipales-de-berazategui\\\/\",\"name\":\"Reuni\u00f3n de Comisi\u00f3n Directiva del Sindicato de Trabajadores Municipales de Berazategui - Principios\",\"isPartOf\":{\"@id\":\"https:\\\/\\\/diarioprincipios.com\\\/#website\"},\"primaryImageOfPage\":{\"@id\":\"https:\\\/\\\/diarioprincipios.com\\\/index.php\\\/2025\\\/10\\\/06\\\/reunion-de-comision-directiva-del-sindicato-de-trabajadores-municipales-de-berazategui\\\/#primaryimage\"},\"image\":{\"@id\":\"https:\\\/\\\/diarioprincipios.com\\\/index.php\\\/2025\\\/10\\\/06\\\/reunion-de-comision-directiva-del-sindicato-de-trabajadores-municipales-de-berazategui\\\/#primaryimage\"},\"thumbnailUrl\":\"https:\\\/\\\/diarioprincipios.com\\\/wp-content\\\/uploads\\\/2025\\\/10\\\/reunion-comision-directiva-1.png\",\"datePublished\":\"2025-10-06T14:07:41+00:00\",\"breadcrumb\":{\"@id\":\"https:\\\/\\\/diarioprincipios.com\\\/index.php\\\/2025\\\/10\\\/06\\\/reunion-de-comision-directiva-del-sindicato-de-trabajadores-municipales-de-berazategui\\\/#breadcrumb\"},\"inLanguage\":\"es\",\"potentialAction\":[{\"@type\":\"ReadAction\",\"target\":[\"https:\\\/\\\/diarioprincipios.com\\\/index.php\\\/2025\\\/10\\\/06\\\/reunion-de-comision-directiva-del-sindicato-de-trabajadores-municipales-de-berazategui\\\/\"]}]},{\"@type\":\"ImageObject\",\"inLanguage\":\"es\",\"@id\":\"https:\\\/\\\/diarioprincipios.com\\\/index.php\\\/2025\\\/10\\\/06\\\/reunion-de-comision-directiva-del-sindicato-de-trabajadores-municipales-de-berazategui\\\/#primaryimage\",\"url\":\"https:\\\/\\\/diarioprincipios.com\\\/wp-content\\\/uploads\\\/2025\\\/10\\\/reunion-comision-directiva-1.png\",\"contentUrl\":\"https:\\\/\\\/diarioprincipios.com\\\/wp-content\\\/uploads\\\/2025\\\/10\\\/reunion-comision-directiva-1.png\",\"width\":1280,\"height\":960},{\"@type\":\"BreadcrumbList\",\"@id\":\"https:\\\/\\\/diarioprincipios.com\\\/index.php\\\/2025\\\/10\\\/06\\\/reunion-de-comision-directiva-del-sindicato-de-trabajadores-municipales-de-berazategui\\\/#breadcrumb\",\"itemListElement\":[{\"@type\":\"ListItem\",\"position\":1,\"name\":\"Portada\",\"item\":\"https:\\\/\\\/diarioprincipios.com\\\/\"},{\"@type\":\"ListItem\",\"position\":2,\"name\":\"Reuni\u00f3n de Comisi\u00f3n Directiva del Sindicato de Trabajadores Municipales de Berazategui\"}]},{\"@type\":\"WebSite\",\"@id\":\"https:\\\/\\\/diarioprincipios.com\\\/#website\",\"url\":\"https:\\\/\\\/diarioprincipios.com\\\/\",\"name\":\"Principios\",\"description\":\"Principios Diario\",\"publisher\":{\"@id\":\"https:\\\/\\\/diarioprincipios.com\\\/#organization\"},\"potentialAction\":[{\"@type\":\"SearchAction\",\"target\":{\"@type\":\"EntryPoint\",\"urlTemplate\":\"https:\\\/\\\/diarioprincipios.com\\\/?s={search_term_string}\"},\"query-input\":{\"@type\":\"PropertyValueSpecification\",\"valueRequired\":true,\"valueName\":\"search_term_string\"}}],\"inLanguage\":\"es\"},{\"@type\":\"Organization\",\"@id\":\"https:\\\/\\\/diarioprincipios.com\\\/#organization\",\"name\":\"Principios\",\"url\":\"https:\\\/\\\/diarioprincipios.com\\\/\",\"logo\":{\"@type\":\"ImageObject\",\"inLanguage\":\"es\",\"@id\":\"https:\\\/\\\/diarioprincipios.com\\\/#\\\/schema\\\/logo\\\/image\\\/\",\"url\":\"https:\\\/\\\/diarioprincipios.com\\\/wp-content\\\/uploads\\\/2024\\\/04\\\/cropped-www.diarioprincipios.com_-1.png\",\"contentUrl\":\"https:\\\/\\\/diarioprincipios.com\\\/wp-content\\\/uploads\\\/2024\\\/04\\\/cropped-www.diarioprincipios.com_-1.png\",\"width\":5325,\"height\":1454,\"caption\":\"Principios\"},\"image\":{\"@id\":\"https:\\\/\\\/diarioprincipios.com\\\/#\\\/schema\\\/logo\\\/image\\\/\"}},{\"@type\":\"Person\",\"@id\":\"https:\\\/\\\/diarioprincipios.com\\\/#\\\/schema\\\/person\\\/436d5a1fd41a5e250e23ff5a6a7cb080\",\"name\":\"Hern\u00e1n L\u00f3pez\",\"image\":{\"@type\":\"ImageObject\",\"inLanguage\":\"es\",\"@id\":\"https:\\\/\\\/diarioprincipios.com\\\/wp-content\\\/litespeed\\\/avatar\\\/11ddfe5610ff3bd100522525b2571f48.jpg?ver=1777653193\",\"url\":\"https:\\\/\\\/diarioprincipios.com\\\/wp-content\\\/litespeed\\\/avatar\\\/11ddfe5610ff3bd100522525b2571f48.jpg?ver=1777653193\",\"contentUrl\":\"https:\\\/\\\/diarioprincipios.com\\\/wp-content\\\/litespeed\\\/avatar\\\/11ddfe5610ff3bd100522525b2571f48.jpg?ver=1777653193\",\"caption\":\"Hern\u00e1n L\u00f3pez\"},\"url\":\"https:\\\/\\\/diarioprincipios.com\\\/index.php\\\/author\\\/hernan\\\/\"}]}<\/script>\n<!-- \/ Yoast SEO plugin. -->","yoast_head_json":{"title":"Reuni\u00f3n de Comisi\u00f3n Directiva del Sindicato de Trabajadores Municipales de Berazategui - Principios","robots":{"index":"index","follow":"follow","max-snippet":"max-snippet:-1","max-image-preview":"max-image-preview:large","max-video-preview":"max-video-preview:-1"},"canonical":"https:\/\/diarioprincipios.com\/index.php\/2025\/10\/06\/reunion-de-comision-directiva-del-sindicato-de-trabajadores-municipales-de-berazategui\/","og_locale":"es_ES","og_type":"article","og_title":"Reuni\u00f3n de Comisi\u00f3n Directiva del Sindicato de Trabajadores Municipales de Berazategui - Principios","og_description":"El Sindicato de Trabajadores Municipales de Berazategui llev\u00f3 a cabo, el pasado viernes 3 de octubre, una importante reuni\u00f3n de Comisi\u00f3n Directiva en el Sal\u00f3n \u201cIslas Malvinas\u201d de la sede gremial, con una destacada participaci\u00f3n de sus integrantes. El encuentro fue encabezado por el Secretario General, Gabriel Carril Campusano, quien present\u00f3 un informe detallado sobre...","og_url":"https:\/\/diarioprincipios.com\/index.php\/2025\/10\/06\/reunion-de-comision-directiva-del-sindicato-de-trabajadores-municipales-de-berazategui\/","og_site_name":"Principios","article_published_time":"2025-10-06T14:07:41+00:00","og_image":[{"width":1280,"height":960,"url":"https:\/\/diarioprincipios.com\/wp-content\/uploads\/2025\/10\/reunion-comision-directiva-1.png","type":"image\/png"}],"author":"Hern\u00e1n L\u00f3pez","twitter_card":"summary_large_image","twitter_misc":{"Escrito por":"Hern\u00e1n L\u00f3pez","Tiempo de lectura":"2 minutos"},"schema":{"@context":"https:\/\/schema.org","@graph":[{"@type":"Article","@id":"https:\/\/diarioprincipios.com\/index.php\/2025\/10\/06\/reunion-de-comision-directiva-del-sindicato-de-trabajadores-municipales-de-berazategui\/#article","isPartOf":{"@id":"https:\/\/diarioprincipios.com\/index.php\/2025\/10\/06\/reunion-de-comision-directiva-del-sindicato-de-trabajadores-municipales-de-berazategui\/"},"author":{"name":"Hern\u00e1n L\u00f3pez","@id":"https:\/\/diarioprincipios.com\/#\/schema\/person\/436d5a1fd41a5e250e23ff5a6a7cb080"},"headline":"Reuni\u00f3n de Comisi\u00f3n Directiva del Sindicato de Trabajadores Municipales de Berazategui","datePublished":"2025-10-06T14:07:41+00:00","mainEntityOfPage":{"@id":"https:\/\/diarioprincipios.com\/index.php\/2025\/10\/06\/reunion-de-comision-directiva-del-sindicato-de-trabajadores-municipales-de-berazategui\/"},"wordCount":215,"commentCount":0,"publisher":{"@id":"https:\/\/diarioprincipios.com\/#organization"},"image":{"@id":"https:\/\/diarioprincipios.com\/index.php\/2025\/10\/06\/reunion-de-comision-directiva-del-sindicato-de-trabajadores-municipales-de-berazategui\/#primaryimage"},"thumbnailUrl":"https:\/\/diarioprincipios.com\/wp-content\/uploads\/2025\/10\/reunion-comision-directiva-1.png","articleSection":["Berazategui","Gremiales"],"inLanguage":"es","potentialAction":[{"@type":"CommentAction","name":"Comment","target":["https:\/\/diarioprincipios.com\/index.php\/2025\/10\/06\/reunion-de-comision-directiva-del-sindicato-de-trabajadores-municipales-de-berazategui\/#respond"]}]},{"@type":"WebPage","@id":"https:\/\/diarioprincipios.com\/index.php\/2025\/10\/06\/reunion-de-comision-directiva-del-sindicato-de-trabajadores-municipales-de-berazategui\/","url":"https:\/\/diarioprincipios.com\/index.php\/2025\/10\/06\/reunion-de-comision-directiva-del-sindicato-de-trabajadores-municipales-de-berazategui\/","name":"Reuni\u00f3n de Comisi\u00f3n Directiva del Sindicato de Trabajadores Municipales de Berazategui - Principios","isPartOf":{"@id":"https:\/\/diarioprincipios.com\/#website"},"primaryImageOfPage":{"@id":"https:\/\/diarioprincipios.com\/index.php\/2025\/10\/06\/reunion-de-comision-directiva-del-sindicato-de-trabajadores-municipales-de-berazategui\/#primaryimage"},"image":{"@id":"https:\/\/diarioprincipios.com\/index.php\/2025\/10\/06\/reunion-de-comision-directiva-del-sindicato-de-trabajadores-municipales-de-berazategui\/#primaryimage"},"thumbnailUrl":"https:\/\/diarioprincipios.com\/wp-content\/uploads\/2025\/10\/reunion-comision-directiva-1.png","datePublished":"2025-10-06T14:07:41+00:00","breadcrumb":{"@id":"https:\/\/diarioprincipios.com\/index.php\/2025\/10\/06\/reunion-de-comision-directiva-del-sindicato-de-trabajadores-municipales-de-berazategui\/#breadcrumb"},"inLanguage":"es","potentialAction":[{"@type":"ReadAction","target":["https:\/\/diarioprincipios.com\/index.php\/2025\/10\/06\/reunion-de-comision-directiva-del-sindicato-de-trabajadores-municipales-de-berazategui\/"]}]},{"@type":"ImageObject","inLanguage":"es","@id":"https:\/\/diarioprincipios.com\/index.php\/2025\/10\/06\/reunion-de-comision-directiva-del-sindicato-de-trabajadores-municipales-de-berazategui\/#primaryimage","url":"https:\/\/diarioprincipios.com\/wp-content\/uploads\/2025\/10\/reunion-comision-directiva-1.png","contentUrl":"https:\/\/diarioprincipios.com\/wp-content\/uploads\/2025\/10\/reunion-comision-directiva-1.png","width":1280,"height":960},{"@type":"BreadcrumbList","@id":"https:\/\/diarioprincipios.com\/index.php\/2025\/10\/06\/reunion-de-comision-directiva-del-sindicato-de-trabajadores-municipales-de-berazategui\/#breadcrumb","itemListElement":[{"@type":"ListItem","position":1,"name":"Portada","item":"https:\/\/diarioprincipios.com\/"},{"@type":"ListItem","position":2,"name":"Reuni\u00f3n de Comisi\u00f3n Directiva del Sindicato de Trabajadores Municipales de Berazategui"}]},{"@type":"WebSite","@id":"https:\/\/diarioprincipios.com\/#website","url":"https:\/\/diarioprincipios.com\/","name":"Principios","description":"Principios Diario","publisher":{"@id":"https:\/\/diarioprincipios.com\/#organization"},"potentialAction":[{"@type":"SearchAction","target":{"@type":"EntryPoint","urlTemplate":"https:\/\/diarioprincipios.com\/?s={search_term_string}"},"query-input":{"@type":"PropertyValueSpecification","valueRequired":true,"valueName":"search_term_string"}}],"inLanguage":"es"},{"@type":"Organization","@id":"https:\/\/diarioprincipios.com\/#organization","name":"Principios","url":"https:\/\/diarioprincipios.com\/","logo":{"@type":"ImageObject","inLanguage":"es","@id":"https:\/\/diarioprincipios.com\/#\/schema\/logo\/image\/","url":"https:\/\/diarioprincipios.com\/wp-content\/uploads\/2024\/04\/cropped-www.diarioprincipios.com_-1.png","contentUrl":"https:\/\/diarioprincipios.com\/wp-content\/uploads\/2024\/04\/cropped-www.diarioprincipios.com_-1.png","width":5325,"height":1454,"caption":"Principios"},"image":{"@id":"https:\/\/diarioprincipios.com\/#\/schema\/logo\/image\/"}},{"@type":"Person","@id":"https:\/\/diarioprincipios.com\/#\/schema\/person\/436d5a1fd41a5e250e23ff5a6a7cb080","name":"Hern\u00e1n L\u00f3pez","image":{"@type":"ImageObject","inLanguage":"es","@id":"https:\/\/diarioprincipios.com\/wp-content\/litespeed\/avatar\/11ddfe5610ff3bd100522525b2571f48.jpg?ver=1777653193","url":"https:\/\/diarioprincipios.com\/wp-content\/litespeed\/avatar\/11ddfe5610ff3bd100522525b2571f48.jpg?ver=1777653193","contentUrl":"https:\/\/diarioprincipios.com\/wp-content\/litespeed\/avatar\/11ddfe5610ff3bd100522525b2571f48.jpg?ver=1777653193","caption":"Hern\u00e1n L\u00f3pez"},"url":"https:\/\/diarioprincipios.com\/index.php\/author\/hernan\/"}]}},"jetpack_featured_media_url":"https:\/\/diarioprincipios.com\/wp-content\/uploads\/2025\/10\/reunion-comision-directiva-1.png","_links":{"self":[{"href":"https:\/\/diarioprincipios.com\/index.php\/wp-json\/wp\/v2\/posts\/25556","targetHints":{"allow":["GET"]}}],"collection":[{"href":"https:\/\/diarioprincipios.com\/index.php\/wp-json\/wp\/v2\/posts"}],"about":[{"href":"https:\/\/diarioprincipios.com\/index.php\/wp-json\/wp\/v2\/types\/post"}],"author":[{"embeddable":true,"href":"https:\/\/diarioprincipios.com\/index.php\/wp-json\/wp\/v2\/users\/2"}],"replies":[{"embeddable":true,"href":"https:\/\/diarioprincipios.com\/index.php\/wp-json\/wp\/v2\/comments?post=25556"}],"version-history":[{"count":1,"href":"https:\/\/diarioprincipios.com\/index.php\/wp-json\/wp\/v2\/posts\/25556\/revisions"}],"predecessor-version":[{"id":25559,"href":"https:\/\/diarioprincipios.com\/index.php\/wp-json\/wp\/v2\/posts\/25556\/revisions\/25559"}],"wp:featuredmedia":[{"embeddable":true,"href":"https:\/\/diarioprincipios.com\/index.php\/wp-json\/wp\/v2\/media\/25558"}],"wp:attachment":[{"href":"https:\/\/diarioprincipios.com\/index.php\/wp-json\/wp\/v2\/media?parent=25556"}],"wp:term":[{"taxonomy":"category","embeddable":true,"href":"https:\/\/diarioprincipios.com\/index.php\/wp-json\/wp\/v2\/categories?post=25556"},{"taxonomy":"post_tag","embeddable":true,"href":"https:\/\/diarioprincipios.com\/index.php\/wp-json\/wp\/v2\/tags?post=25556"}],"curies":[{"name":"wp","href":"https:\/\/api.w.org\/{rel}","templated":true}]}}