{"id":25546,"date":"2025-10-03T11:26:13","date_gmt":"2025-10-03T14:26:13","guid":{"rendered":"https:\/\/diarioprincipios.com\/?p=25546"},"modified":"2025-10-03T11:26:14","modified_gmt":"2025-10-03T14:26:14","slug":"este-sabado-4-de-octubre-comienza-la-18-edicion-de-librarte","status":"publish","type":"post","link":"https:\/\/diarioprincipios.com\/index.php\/2025\/10\/03\/este-sabado-4-de-octubre-comienza-la-18-edicion-de-librarte\/","title":{"rendered":"Este S\u00e1bado 4 de Octubre comienza la 18\u00b0 edici\u00f3n de Librarte"},"content":{"rendered":"\n<p>Desde este s\u00e1bado 4 hasta al domingo 12 de octubre se realizar\u00e1 la 18\u00b0 edici\u00f3n de Librarte, la Feria del Libro de Berazategui, organizada por la Municipalidad. Se desarrollar\u00e1 de lunes a viernes, de 14.00 a 21.00; y s\u00e1bados y domingos, de 15.00 a 21.00, en el Centro Municipal de Actividades Roberto De Vicenzo (calle 18 y 148), con entrada libre y gratuita. En esta oportunidad, se presentar\u00e1n Alejandro Dolina, Dar\u00edo Sztajnszrajber, Dora Barrancos, Fernando de Vedia y Kekena Corval\u00e1n, entre otras figuras destacadas de la cultura argentina.<\/p>\n\n\n\n<p>Librarte es una iniciativa que, como cada a\u00f1o, es impulsada por el intendente Juan Jos\u00e9 Mussi y organizada por la Secretar\u00eda de Cultura y Educaci\u00f3n. Es una de las cinco ferias m\u00e1s importantes del pa\u00eds. Propone 20 actividades y presentaciones diarias para docentes, estudiantes, artistas y p\u00fablico en general, como mesas redondas, conferencias, presentaciones de libros, espect\u00e1culos, conciertos y teatro, talleres, encuentros de narraci\u00f3n, adem\u00e1s de la visita de reconocidos escritores y personalidades del ambiente editorial.<\/p>\n\n\n\n<figure class=\"wp-block-image size-large\"><img loading=\"lazy\" decoding=\"async\" width=\"819\" height=\"1024\" src=\"https:\/\/diarioprincipios.com\/wp-content\/uploads\/2025\/10\/FB_IMG_1759334086467-819x1024.jpg\" alt=\"\" class=\"wp-image-25547\" srcset=\"https:\/\/diarioprincipios.com\/wp-content\/uploads\/2025\/10\/FB_IMG_1759334086467-819x1024.jpg 819w, https:\/\/diarioprincipios.com\/wp-content\/uploads\/2025\/10\/FB_IMG_1759334086467-240x300.jpg 240w, https:\/\/diarioprincipios.com\/wp-content\/uploads\/2025\/10\/FB_IMG_1759334086467-768x960.jpg 768w, https:\/\/diarioprincipios.com\/wp-content\/uploads\/2025\/10\/FB_IMG_1759334086467-1229x1536.jpg 1229w, https:\/\/diarioprincipios.com\/wp-content\/uploads\/2025\/10\/FB_IMG_1759334086467.jpg 1638w\" sizes=\"auto, (max-width: 819px) 100vw, 819px\" \/><\/figure>\n\n\n\n<p>En esta oportunidad, adem\u00e1s, visitar\u00e1n la Feria del Libro: Liliana Cinetto, Adela Basch, Fernando De Vedia, Magela Demarco, Silvia Schujer, Dar\u00edo Sztajnszrajber; Alejandro Dolina, con la grabaci\u00f3n del cl\u00e1sico programa radial \u201cLa venganza ser\u00e1 terrible\u201d; Poly Bernatene, Canela; la proyecci\u00f3n del documental \u00abLa sociedad del afecto\u00bb de Chiqui Gonz\u00e1lez; Isol, Roberto Caballero, Mauro Libertella, Tute, Dora Barrancos, Kekena Corval\u00e1n, Juan Sol\u00e1, Hern\u00e1n Ronsino, Cinwololo, Cynthia Edul; la Charla \u00abAnimales en libertad. La literatura y la educaci\u00f3n ambiental\u00bb, a cargo de Fernando Pieroni; Nacho Gir\u00f3n; y la presentaci\u00f3n de 2 nuevas colecciones de libros de la Editorial Municipal Ediber.<\/p>\n\n\n\n<p>Al respecto, el secretario de Cultura y Educaci\u00f3n municipal, Federico L\u00f3pez, expres\u00f3: \u201cSe viene una nueva edici\u00f3n de Librarte, un megaevento cultural que desde hace 18 a\u00f1os viene desarroll\u00e1ndose en Berazategui y que ya est\u00e1 muy consolidado a nivel provincial. Ser\u00e1n nueve d\u00edas de una agenda muy nutrida, con la participaci\u00f3n de prestigiosas personalidades del mundo de la cultura y m\u00e1s de 180 actividades, entre presentaciones, charlas, clases abiertas y espect\u00e1culos. Adem\u00e1s, como siempre, la feria estar\u00e1 muy orientada a las infancias y a la producci\u00f3n local y regional\u201d.<\/p>\n\n\n\n<figure class=\"wp-block-image size-large\"><img loading=\"lazy\" decoding=\"async\" width=\"820\" height=\"1024\" src=\"https:\/\/diarioprincipios.com\/wp-content\/uploads\/2025\/10\/FB_IMG_1759447693795-820x1024.jpg\" alt=\"\" class=\"wp-image-25548\" srcset=\"https:\/\/diarioprincipios.com\/wp-content\/uploads\/2025\/10\/FB_IMG_1759447693795-820x1024.jpg 820w, https:\/\/diarioprincipios.com\/wp-content\/uploads\/2025\/10\/FB_IMG_1759447693795-240x300.jpg 240w, https:\/\/diarioprincipios.com\/wp-content\/uploads\/2025\/10\/FB_IMG_1759447693795-768x960.jpg 768w, https:\/\/diarioprincipios.com\/wp-content\/uploads\/2025\/10\/FB_IMG_1759447693795-1229x1536.jpg 1229w, https:\/\/diarioprincipios.com\/wp-content\/uploads\/2025\/10\/FB_IMG_1759447693795.jpg 1639w\" sizes=\"auto, (max-width: 820px) 100vw, 820px\" \/><\/figure>\n\n\n\n<p>\u201cSin dudas, hoy Librarte se encuentra entre las cinco ferias del libro m\u00e1s importantes de la Argentina. Y para esto ha sido fundamental el impulso que desde el comienzo le ha dado el intendente Juan Jos\u00e9 Mussi, quien siempre ha entendido a este evento como una cita de promoci\u00f3n de la lectura, la producci\u00f3n literaria y la industria del libro, convirti\u00e9ndose en uno de los espacios de comercializaci\u00f3n m\u00e1s trascendentes para las librer\u00edas, las editoriales y los autores independientes\u201d, destac\u00f3 L\u00f3pez.<\/p>\n\n\n\n<p>Para conocer la programaci\u00f3n completa, se puede ingresar en berazategui.gob.ar\/librarte.<\/p>\n","protected":false},"excerpt":{"rendered":"<p>Desde este s\u00e1bado 4 hasta al domingo 12 de octubre se realizar\u00e1 la 18\u00b0 edici\u00f3n de Librarte, la Feria del Libro de Berazategui, organizada por la Municipalidad. Se desarrollar\u00e1 de lunes a viernes, de 14.00 a 21.00; y s\u00e1bados y domingos, de 15.00 a 21.00, en el Centro Municipal de Actividades Roberto De Vicenzo (calle&#8230;<\/p>\n","protected":false},"author":2,"featured_media":25549,"comment_status":"open","ping_status":"open","sticky":false,"template":"","format":"standard","meta":{"footnotes":""},"categories":[3,19],"tags":[],"class_list":["post-25546","post","type-post","status-publish","format-standard","has-post-thumbnail","hentry","category-berazategui","category-cultura-educacion"],"featured_image_src":"https:\/\/diarioprincipios.com\/wp-content\/uploads\/2025\/10\/FB_IMG_1758857287734-820x1024.jpg","blog_images":{"medium":"https:\/\/diarioprincipios.com\/wp-content\/uploads\/2025\/10\/FB_IMG_1758857287734-240x300.jpg","large":"https:\/\/diarioprincipios.com\/wp-content\/uploads\/2025\/10\/FB_IMG_1758857287734-820x1024.jpg"},"ams_acf":[],"yoast_head":"<!-- This site is optimized with the Yoast SEO plugin v27.3 - https:\/\/yoast.com\/product\/yoast-seo-wordpress\/ -->\n<title>Este S\u00e1bado 4 de Octubre comienza la 18\u00b0 edici\u00f3n de Librarte - Principios<\/title>\n<meta name=\"robots\" content=\"index, follow, max-snippet:-1, max-image-preview:large, max-video-preview:-1\" \/>\n<link rel=\"canonical\" href=\"https:\/\/diarioprincipios.com\/index.php\/2025\/10\/03\/este-sabado-4-de-octubre-comienza-la-18-edicion-de-librarte\/\" \/>\n<meta property=\"og:locale\" content=\"es_ES\" \/>\n<meta property=\"og:type\" content=\"article\" \/>\n<meta property=\"og:title\" content=\"Este S\u00e1bado 4 de Octubre comienza la 18\u00b0 edici\u00f3n de Librarte - Principios\" \/>\n<meta property=\"og:description\" content=\"Desde este s\u00e1bado 4 hasta al domingo 12 de octubre se realizar\u00e1 la 18\u00b0 edici\u00f3n de Librarte, la Feria del Libro de Berazategui, organizada por la Municipalidad. Se desarrollar\u00e1 de lunes a viernes, de 14.00 a 21.00; y s\u00e1bados y domingos, de 15.00 a 21.00, en el Centro Municipal de Actividades Roberto De Vicenzo (calle...\" \/>\n<meta property=\"og:url\" content=\"https:\/\/diarioprincipios.com\/index.php\/2025\/10\/03\/este-sabado-4-de-octubre-comienza-la-18-edicion-de-librarte\/\" \/>\n<meta property=\"og:site_name\" content=\"Principios\" \/>\n<meta property=\"article:published_time\" content=\"2025-10-03T14:26:13+00:00\" \/>\n<meta property=\"article:modified_time\" content=\"2025-10-03T14:26:14+00:00\" \/>\n<meta property=\"og:image\" content=\"https:\/\/diarioprincipios.com\/wp-content\/uploads\/2025\/10\/FB_IMG_1758857287734.jpg\" \/>\n\t<meta property=\"og:image:width\" content=\"1639\" \/>\n\t<meta property=\"og:image:height\" content=\"2048\" \/>\n\t<meta property=\"og:image:type\" content=\"image\/jpeg\" \/>\n<meta name=\"author\" content=\"Hern\u00e1n L\u00f3pez\" \/>\n<meta name=\"twitter:card\" content=\"summary_large_image\" \/>\n<meta name=\"twitter:label1\" content=\"Escrito por\" \/>\n\t<meta name=\"twitter:data1\" content=\"Hern\u00e1n L\u00f3pez\" \/>\n\t<meta name=\"twitter:label2\" content=\"Tiempo de lectura\" \/>\n\t<meta name=\"twitter:data2\" content=\"3 minutos\" \/>\n<script type=\"application\/ld+json\" class=\"yoast-schema-graph\">{\"@context\":\"https:\\\/\\\/schema.org\",\"@graph\":[{\"@type\":\"Article\",\"@id\":\"https:\\\/\\\/diarioprincipios.com\\\/index.php\\\/2025\\\/10\\\/03\\\/este-sabado-4-de-octubre-comienza-la-18-edicion-de-librarte\\\/#article\",\"isPartOf\":{\"@id\":\"https:\\\/\\\/diarioprincipios.com\\\/index.php\\\/2025\\\/10\\\/03\\\/este-sabado-4-de-octubre-comienza-la-18-edicion-de-librarte\\\/\"},\"author\":{\"name\":\"Hern\u00e1n L\u00f3pez\",\"@id\":\"https:\\\/\\\/diarioprincipios.com\\\/#\\\/schema\\\/person\\\/436d5a1fd41a5e250e23ff5a6a7cb080\"},\"headline\":\"Este S\u00e1bado 4 de Octubre comienza la 18\u00b0 edici\u00f3n de Librarte\",\"datePublished\":\"2025-10-03T14:26:13+00:00\",\"dateModified\":\"2025-10-03T14:26:14+00:00\",\"mainEntityOfPage\":{\"@id\":\"https:\\\/\\\/diarioprincipios.com\\\/index.php\\\/2025\\\/10\\\/03\\\/este-sabado-4-de-octubre-comienza-la-18-edicion-de-librarte\\\/\"},\"wordCount\":491,\"commentCount\":0,\"publisher\":{\"@id\":\"https:\\\/\\\/diarioprincipios.com\\\/#organization\"},\"image\":{\"@id\":\"https:\\\/\\\/diarioprincipios.com\\\/index.php\\\/2025\\\/10\\\/03\\\/este-sabado-4-de-octubre-comienza-la-18-edicion-de-librarte\\\/#primaryimage\"},\"thumbnailUrl\":\"https:\\\/\\\/diarioprincipios.com\\\/wp-content\\\/uploads\\\/2025\\\/10\\\/FB_IMG_1758857287734.jpg\",\"articleSection\":[\"Berazategui\",\"Cultura y Educaci\u00f3n\"],\"inLanguage\":\"es\",\"potentialAction\":[{\"@type\":\"CommentAction\",\"name\":\"Comment\",\"target\":[\"https:\\\/\\\/diarioprincipios.com\\\/index.php\\\/2025\\\/10\\\/03\\\/este-sabado-4-de-octubre-comienza-la-18-edicion-de-librarte\\\/#respond\"]}]},{\"@type\":\"WebPage\",\"@id\":\"https:\\\/\\\/diarioprincipios.com\\\/index.php\\\/2025\\\/10\\\/03\\\/este-sabado-4-de-octubre-comienza-la-18-edicion-de-librarte\\\/\",\"url\":\"https:\\\/\\\/diarioprincipios.com\\\/index.php\\\/2025\\\/10\\\/03\\\/este-sabado-4-de-octubre-comienza-la-18-edicion-de-librarte\\\/\",\"name\":\"Este S\u00e1bado 4 de Octubre comienza la 18\u00b0 edici\u00f3n de Librarte - Principios\",\"isPartOf\":{\"@id\":\"https:\\\/\\\/diarioprincipios.com\\\/#website\"},\"primaryImageOfPage\":{\"@id\":\"https:\\\/\\\/diarioprincipios.com\\\/index.php\\\/2025\\\/10\\\/03\\\/este-sabado-4-de-octubre-comienza-la-18-edicion-de-librarte\\\/#primaryimage\"},\"image\":{\"@id\":\"https:\\\/\\\/diarioprincipios.com\\\/index.php\\\/2025\\\/10\\\/03\\\/este-sabado-4-de-octubre-comienza-la-18-edicion-de-librarte\\\/#primaryimage\"},\"thumbnailUrl\":\"https:\\\/\\\/diarioprincipios.com\\\/wp-content\\\/uploads\\\/2025\\\/10\\\/FB_IMG_1758857287734.jpg\",\"datePublished\":\"2025-10-03T14:26:13+00:00\",\"dateModified\":\"2025-10-03T14:26:14+00:00\",\"breadcrumb\":{\"@id\":\"https:\\\/\\\/diarioprincipios.com\\\/index.php\\\/2025\\\/10\\\/03\\\/este-sabado-4-de-octubre-comienza-la-18-edicion-de-librarte\\\/#breadcrumb\"},\"inLanguage\":\"es\",\"potentialAction\":[{\"@type\":\"ReadAction\",\"target\":[\"https:\\\/\\\/diarioprincipios.com\\\/index.php\\\/2025\\\/10\\\/03\\\/este-sabado-4-de-octubre-comienza-la-18-edicion-de-librarte\\\/\"]}]},{\"@type\":\"ImageObject\",\"inLanguage\":\"es\",\"@id\":\"https:\\\/\\\/diarioprincipios.com\\\/index.php\\\/2025\\\/10\\\/03\\\/este-sabado-4-de-octubre-comienza-la-18-edicion-de-librarte\\\/#primaryimage\",\"url\":\"https:\\\/\\\/diarioprincipios.com\\\/wp-content\\\/uploads\\\/2025\\\/10\\\/FB_IMG_1758857287734.jpg\",\"contentUrl\":\"https:\\\/\\\/diarioprincipios.com\\\/wp-content\\\/uploads\\\/2025\\\/10\\\/FB_IMG_1758857287734.jpg\",\"width\":1639,\"height\":2048},{\"@type\":\"BreadcrumbList\",\"@id\":\"https:\\\/\\\/diarioprincipios.com\\\/index.php\\\/2025\\\/10\\\/03\\\/este-sabado-4-de-octubre-comienza-la-18-edicion-de-librarte\\\/#breadcrumb\",\"itemListElement\":[{\"@type\":\"ListItem\",\"position\":1,\"name\":\"Portada\",\"item\":\"https:\\\/\\\/diarioprincipios.com\\\/\"},{\"@type\":\"ListItem\",\"position\":2,\"name\":\"Este S\u00e1bado 4 de Octubre comienza la 18\u00b0 edici\u00f3n de Librarte\"}]},{\"@type\":\"WebSite\",\"@id\":\"https:\\\/\\\/diarioprincipios.com\\\/#website\",\"url\":\"https:\\\/\\\/diarioprincipios.com\\\/\",\"name\":\"Principios\",\"description\":\"Principios Diario\",\"publisher\":{\"@id\":\"https:\\\/\\\/diarioprincipios.com\\\/#organization\"},\"potentialAction\":[{\"@type\":\"SearchAction\",\"target\":{\"@type\":\"EntryPoint\",\"urlTemplate\":\"https:\\\/\\\/diarioprincipios.com\\\/?s={search_term_string}\"},\"query-input\":{\"@type\":\"PropertyValueSpecification\",\"valueRequired\":true,\"valueName\":\"search_term_string\"}}],\"inLanguage\":\"es\"},{\"@type\":\"Organization\",\"@id\":\"https:\\\/\\\/diarioprincipios.com\\\/#organization\",\"name\":\"Principios\",\"url\":\"https:\\\/\\\/diarioprincipios.com\\\/\",\"logo\":{\"@type\":\"ImageObject\",\"inLanguage\":\"es\",\"@id\":\"https:\\\/\\\/diarioprincipios.com\\\/#\\\/schema\\\/logo\\\/image\\\/\",\"url\":\"https:\\\/\\\/diarioprincipios.com\\\/wp-content\\\/uploads\\\/2024\\\/04\\\/cropped-www.diarioprincipios.com_-1.png\",\"contentUrl\":\"https:\\\/\\\/diarioprincipios.com\\\/wp-content\\\/uploads\\\/2024\\\/04\\\/cropped-www.diarioprincipios.com_-1.png\",\"width\":5325,\"height\":1454,\"caption\":\"Principios\"},\"image\":{\"@id\":\"https:\\\/\\\/diarioprincipios.com\\\/#\\\/schema\\\/logo\\\/image\\\/\"}},{\"@type\":\"Person\",\"@id\":\"https:\\\/\\\/diarioprincipios.com\\\/#\\\/schema\\\/person\\\/436d5a1fd41a5e250e23ff5a6a7cb080\",\"name\":\"Hern\u00e1n L\u00f3pez\",\"image\":{\"@type\":\"ImageObject\",\"inLanguage\":\"es\",\"@id\":\"https:\\\/\\\/diarioprincipios.com\\\/wp-content\\\/litespeed\\\/avatar\\\/11ddfe5610ff3bd100522525b2571f48.jpg?ver=1777048341\",\"url\":\"https:\\\/\\\/diarioprincipios.com\\\/wp-content\\\/litespeed\\\/avatar\\\/11ddfe5610ff3bd100522525b2571f48.jpg?ver=1777048341\",\"contentUrl\":\"https:\\\/\\\/diarioprincipios.com\\\/wp-content\\\/litespeed\\\/avatar\\\/11ddfe5610ff3bd100522525b2571f48.jpg?ver=1777048341\",\"caption\":\"Hern\u00e1n L\u00f3pez\"},\"url\":\"https:\\\/\\\/diarioprincipios.com\\\/index.php\\\/author\\\/hernan\\\/\"}]}<\/script>\n<!-- \/ Yoast SEO plugin. -->","yoast_head_json":{"title":"Este S\u00e1bado 4 de Octubre comienza la 18\u00b0 edici\u00f3n de Librarte - Principios","robots":{"index":"index","follow":"follow","max-snippet":"max-snippet:-1","max-image-preview":"max-image-preview:large","max-video-preview":"max-video-preview:-1"},"canonical":"https:\/\/diarioprincipios.com\/index.php\/2025\/10\/03\/este-sabado-4-de-octubre-comienza-la-18-edicion-de-librarte\/","og_locale":"es_ES","og_type":"article","og_title":"Este S\u00e1bado 4 de Octubre comienza la 18\u00b0 edici\u00f3n de Librarte - Principios","og_description":"Desde este s\u00e1bado 4 hasta al domingo 12 de octubre se realizar\u00e1 la 18\u00b0 edici\u00f3n de Librarte, la Feria del Libro de Berazategui, organizada por la Municipalidad. Se desarrollar\u00e1 de lunes a viernes, de 14.00 a 21.00; y s\u00e1bados y domingos, de 15.00 a 21.00, en el Centro Municipal de Actividades Roberto De Vicenzo (calle...","og_url":"https:\/\/diarioprincipios.com\/index.php\/2025\/10\/03\/este-sabado-4-de-octubre-comienza-la-18-edicion-de-librarte\/","og_site_name":"Principios","article_published_time":"2025-10-03T14:26:13+00:00","article_modified_time":"2025-10-03T14:26:14+00:00","og_image":[{"width":1639,"height":2048,"url":"https:\/\/diarioprincipios.com\/wp-content\/uploads\/2025\/10\/FB_IMG_1758857287734.jpg","type":"image\/jpeg"}],"author":"Hern\u00e1n L\u00f3pez","twitter_card":"summary_large_image","twitter_misc":{"Escrito por":"Hern\u00e1n L\u00f3pez","Tiempo de lectura":"3 minutos"},"schema":{"@context":"https:\/\/schema.org","@graph":[{"@type":"Article","@id":"https:\/\/diarioprincipios.com\/index.php\/2025\/10\/03\/este-sabado-4-de-octubre-comienza-la-18-edicion-de-librarte\/#article","isPartOf":{"@id":"https:\/\/diarioprincipios.com\/index.php\/2025\/10\/03\/este-sabado-4-de-octubre-comienza-la-18-edicion-de-librarte\/"},"author":{"name":"Hern\u00e1n L\u00f3pez","@id":"https:\/\/diarioprincipios.com\/#\/schema\/person\/436d5a1fd41a5e250e23ff5a6a7cb080"},"headline":"Este S\u00e1bado 4 de Octubre comienza la 18\u00b0 edici\u00f3n de Librarte","datePublished":"2025-10-03T14:26:13+00:00","dateModified":"2025-10-03T14:26:14+00:00","mainEntityOfPage":{"@id":"https:\/\/diarioprincipios.com\/index.php\/2025\/10\/03\/este-sabado-4-de-octubre-comienza-la-18-edicion-de-librarte\/"},"wordCount":491,"commentCount":0,"publisher":{"@id":"https:\/\/diarioprincipios.com\/#organization"},"image":{"@id":"https:\/\/diarioprincipios.com\/index.php\/2025\/10\/03\/este-sabado-4-de-octubre-comienza-la-18-edicion-de-librarte\/#primaryimage"},"thumbnailUrl":"https:\/\/diarioprincipios.com\/wp-content\/uploads\/2025\/10\/FB_IMG_1758857287734.jpg","articleSection":["Berazategui","Cultura y Educaci\u00f3n"],"inLanguage":"es","potentialAction":[{"@type":"CommentAction","name":"Comment","target":["https:\/\/diarioprincipios.com\/index.php\/2025\/10\/03\/este-sabado-4-de-octubre-comienza-la-18-edicion-de-librarte\/#respond"]}]},{"@type":"WebPage","@id":"https:\/\/diarioprincipios.com\/index.php\/2025\/10\/03\/este-sabado-4-de-octubre-comienza-la-18-edicion-de-librarte\/","url":"https:\/\/diarioprincipios.com\/index.php\/2025\/10\/03\/este-sabado-4-de-octubre-comienza-la-18-edicion-de-librarte\/","name":"Este S\u00e1bado 4 de Octubre comienza la 18\u00b0 edici\u00f3n de Librarte - Principios","isPartOf":{"@id":"https:\/\/diarioprincipios.com\/#website"},"primaryImageOfPage":{"@id":"https:\/\/diarioprincipios.com\/index.php\/2025\/10\/03\/este-sabado-4-de-octubre-comienza-la-18-edicion-de-librarte\/#primaryimage"},"image":{"@id":"https:\/\/diarioprincipios.com\/index.php\/2025\/10\/03\/este-sabado-4-de-octubre-comienza-la-18-edicion-de-librarte\/#primaryimage"},"thumbnailUrl":"https:\/\/diarioprincipios.com\/wp-content\/uploads\/2025\/10\/FB_IMG_1758857287734.jpg","datePublished":"2025-10-03T14:26:13+00:00","dateModified":"2025-10-03T14:26:14+00:00","breadcrumb":{"@id":"https:\/\/diarioprincipios.com\/index.php\/2025\/10\/03\/este-sabado-4-de-octubre-comienza-la-18-edicion-de-librarte\/#breadcrumb"},"inLanguage":"es","potentialAction":[{"@type":"ReadAction","target":["https:\/\/diarioprincipios.com\/index.php\/2025\/10\/03\/este-sabado-4-de-octubre-comienza-la-18-edicion-de-librarte\/"]}]},{"@type":"ImageObject","inLanguage":"es","@id":"https:\/\/diarioprincipios.com\/index.php\/2025\/10\/03\/este-sabado-4-de-octubre-comienza-la-18-edicion-de-librarte\/#primaryimage","url":"https:\/\/diarioprincipios.com\/wp-content\/uploads\/2025\/10\/FB_IMG_1758857287734.jpg","contentUrl":"https:\/\/diarioprincipios.com\/wp-content\/uploads\/2025\/10\/FB_IMG_1758857287734.jpg","width":1639,"height":2048},{"@type":"BreadcrumbList","@id":"https:\/\/diarioprincipios.com\/index.php\/2025\/10\/03\/este-sabado-4-de-octubre-comienza-la-18-edicion-de-librarte\/#breadcrumb","itemListElement":[{"@type":"ListItem","position":1,"name":"Portada","item":"https:\/\/diarioprincipios.com\/"},{"@type":"ListItem","position":2,"name":"Este S\u00e1bado 4 de Octubre comienza la 18\u00b0 edici\u00f3n de Librarte"}]},{"@type":"WebSite","@id":"https:\/\/diarioprincipios.com\/#website","url":"https:\/\/diarioprincipios.com\/","name":"Principios","description":"Principios Diario","publisher":{"@id":"https:\/\/diarioprincipios.com\/#organization"},"potentialAction":[{"@type":"SearchAction","target":{"@type":"EntryPoint","urlTemplate":"https:\/\/diarioprincipios.com\/?s={search_term_string}"},"query-input":{"@type":"PropertyValueSpecification","valueRequired":true,"valueName":"search_term_string"}}],"inLanguage":"es"},{"@type":"Organization","@id":"https:\/\/diarioprincipios.com\/#organization","name":"Principios","url":"https:\/\/diarioprincipios.com\/","logo":{"@type":"ImageObject","inLanguage":"es","@id":"https:\/\/diarioprincipios.com\/#\/schema\/logo\/image\/","url":"https:\/\/diarioprincipios.com\/wp-content\/uploads\/2024\/04\/cropped-www.diarioprincipios.com_-1.png","contentUrl":"https:\/\/diarioprincipios.com\/wp-content\/uploads\/2024\/04\/cropped-www.diarioprincipios.com_-1.png","width":5325,"height":1454,"caption":"Principios"},"image":{"@id":"https:\/\/diarioprincipios.com\/#\/schema\/logo\/image\/"}},{"@type":"Person","@id":"https:\/\/diarioprincipios.com\/#\/schema\/person\/436d5a1fd41a5e250e23ff5a6a7cb080","name":"Hern\u00e1n L\u00f3pez","image":{"@type":"ImageObject","inLanguage":"es","@id":"https:\/\/diarioprincipios.com\/wp-content\/litespeed\/avatar\/11ddfe5610ff3bd100522525b2571f48.jpg?ver=1777048341","url":"https:\/\/diarioprincipios.com\/wp-content\/litespeed\/avatar\/11ddfe5610ff3bd100522525b2571f48.jpg?ver=1777048341","contentUrl":"https:\/\/diarioprincipios.com\/wp-content\/litespeed\/avatar\/11ddfe5610ff3bd100522525b2571f48.jpg?ver=1777048341","caption":"Hern\u00e1n L\u00f3pez"},"url":"https:\/\/diarioprincipios.com\/index.php\/author\/hernan\/"}]}},"jetpack_featured_media_url":"https:\/\/diarioprincipios.com\/wp-content\/uploads\/2025\/10\/FB_IMG_1758857287734.jpg","_links":{"self":[{"href":"https:\/\/diarioprincipios.com\/index.php\/wp-json\/wp\/v2\/posts\/25546","targetHints":{"allow":["GET"]}}],"collection":[{"href":"https:\/\/diarioprincipios.com\/index.php\/wp-json\/wp\/v2\/posts"}],"about":[{"href":"https:\/\/diarioprincipios.com\/index.php\/wp-json\/wp\/v2\/types\/post"}],"author":[{"embeddable":true,"href":"https:\/\/diarioprincipios.com\/index.php\/wp-json\/wp\/v2\/users\/2"}],"replies":[{"embeddable":true,"href":"https:\/\/diarioprincipios.com\/index.php\/wp-json\/wp\/v2\/comments?post=25546"}],"version-history":[{"count":1,"href":"https:\/\/diarioprincipios.com\/index.php\/wp-json\/wp\/v2\/posts\/25546\/revisions"}],"predecessor-version":[{"id":25550,"href":"https:\/\/diarioprincipios.com\/index.php\/wp-json\/wp\/v2\/posts\/25546\/revisions\/25550"}],"wp:featuredmedia":[{"embeddable":true,"href":"https:\/\/diarioprincipios.com\/index.php\/wp-json\/wp\/v2\/media\/25549"}],"wp:attachment":[{"href":"https:\/\/diarioprincipios.com\/index.php\/wp-json\/wp\/v2\/media?parent=25546"}],"wp:term":[{"taxonomy":"category","embeddable":true,"href":"https:\/\/diarioprincipios.com\/index.php\/wp-json\/wp\/v2\/categories?post=25546"},{"taxonomy":"post_tag","embeddable":true,"href":"https:\/\/diarioprincipios.com\/index.php\/wp-json\/wp\/v2\/tags?post=25546"}],"curies":[{"name":"wp","href":"https:\/\/api.w.org\/{rel}","templated":true}]}}