{"id":25538,"date":"2025-10-01T11:59:16","date_gmt":"2025-10-01T14:59:16","guid":{"rendered":"https:\/\/diarioprincipios.com\/?p=25538"},"modified":"2025-10-01T11:59:17","modified_gmt":"2025-10-01T14:59:17","slug":"mussi-destaco-la-firma-del-convenio-colectivo-de-trabajo-municipal-con-los-gremios-locales","status":"publish","type":"post","link":"https:\/\/diarioprincipios.com\/index.php\/2025\/10\/01\/mussi-destaco-la-firma-del-convenio-colectivo-de-trabajo-municipal-con-los-gremios-locales\/","title":{"rendered":"Mussi destac\u00f3 la firma del Convenio Colectivo de Trabajo Municipal con los gremios locales"},"content":{"rendered":"\n<p>En un acontecimiento hist\u00f3rico para las y los trabajadores municipales de Berazategui, la Municipalidad y los Sindicatos que los representan firmaron un Convenio Colectivo de Trabajo.<\/p>\n\n\n\n<p>La firma de este convenio, que se realiza por primera vez en la historia del distrito, fue concretada por el intendente Juan Jos\u00e9 Mussi; el secretario general del Sindicato de Trabajadores Municipales de Berazategui, Gabriel Carril Campusano; y el secretario general de la Uni\u00f3n Obreros y Empleados Municipales de Berazategui, Francisco Godoy.<\/p>\n\n\n\n<p>Al respecto, Mussi se\u00f1al\u00f3: \u201cNo quer\u00eda dejar de estar presente en este acto tan importante. Como todos ustedes saben, a pesar de la triste situaci\u00f3n en la que nos encontramos a nivel nacional, desde la Municipalidad de Berazategui siempre estamos tratando de mejorar las condiciones laborales de nuestros trabajadores y trabajadoras municipales. Por eso, como siempre, vamos a seguir privilegiando el pago de los sueldos y ajust\u00e1ndolos de acuerdo a los niveles de inflaci\u00f3n\u201d.<\/p>\n\n\n\n<p>Adem\u00e1s, el Intendente destac\u00f3 la participaci\u00f3n de los dos gremios m\u00e1s representativos de los empleados municipales de Berazategui, en cuanto al n\u00famero de afiliados. \u201cMe parece brillante la decisi\u00f3n adoptada por los dos sindicatos y estar presentes en este acto, a pesar de las diferencias que podamos llegar a tener. Creo que el momento que estamos atravesando amerita que estemos todos unidos, trabajando por el bienestar de los y las berazateguenses. Cr\u00e9anme que estos gestos, a esta altura de mi vida, son lo mejor que me puede pasar\u201d, resalt\u00f3.<\/p>\n\n\n\n<p>El acuerdo, que tendr\u00e1 una vigencia de dos a\u00f1os con posibilidad de ser prorrogado, establece una serie de derechos y obligaciones, muchos de estos consagrados por la Ley provincial 14656, y cuyo objetivo es seguir mejorando las condiciones laborales de los trabajadores.<\/p>\n\n\n\n<p>En este marco, Gabriel Carril Campusano expres\u00f3: \u201cPara nosotros es un d\u00eda hist\u00f3rico, ya que se trata del primer convenio colectivo de trabajo que tiene el Municipio de Berazategui. Quiero agradecer especialmente al Dr. Mussi y a todo su Gabinete, por haber dado este puntapi\u00e9 inicial para hacer realidad una de las m\u00e1s importantes conquistas para los y las trabajadoras municipales. Y para m\u00ed, como peronista, participar de este acto representa un enorme orgullo porque esto es Justicia Social\u201d.<\/p>\n\n\n\n<p>Por su parte, Francisco Godoy manifest\u00f3: \u201cQuiero agradecerle al intendente Juan Jos\u00e9 Mussi, con quien llevamos adelante un trabajo constante. Este convenio colectivo de trabajo que hemos alcanzado los sindicatos con la Municipalidad de Berazategui es algo muy importante, que nos brinda m\u00e1s y mejores herramientas para seguir trabajando por el bienestar de todos los compa\u00f1eros y compa\u00f1eras municipales\u201d.<\/p>\n","protected":false},"excerpt":{"rendered":"<p>En un acontecimiento hist\u00f3rico para las y los trabajadores municipales de Berazategui, la Municipalidad y los Sindicatos que los representan firmaron un Convenio Colectivo de Trabajo. La firma de este convenio, que se realiza por primera vez en la historia del distrito, fue concretada por el intendente Juan Jos\u00e9 Mussi; el secretario general del Sindicato&#8230;<\/p>\n","protected":false},"author":2,"featured_media":25539,"comment_status":"open","ping_status":"open","sticky":false,"template":"","format":"standard","meta":{"footnotes":""},"categories":[3,21],"tags":[],"class_list":["post-25538","post","type-post","status-publish","format-standard","has-post-thumbnail","hentry","category-berazategui","category-gremiales"],"featured_image_src":"https:\/\/diarioprincipios.com\/wp-content\/uploads\/2025\/10\/Berazategui-Firmaron-un-Convenio-Colectivo-de-Trabajo-municipal-3-1024x683.jpg","blog_images":{"medium":"https:\/\/diarioprincipios.com\/wp-content\/uploads\/2025\/10\/Berazategui-Firmaron-un-Convenio-Colectivo-de-Trabajo-municipal-3-300x200.jpg","large":"https:\/\/diarioprincipios.com\/wp-content\/uploads\/2025\/10\/Berazategui-Firmaron-un-Convenio-Colectivo-de-Trabajo-municipal-3-1024x683.jpg"},"ams_acf":[],"yoast_head":"<!-- This site is optimized with the Yoast SEO plugin v27.3 - https:\/\/yoast.com\/product\/yoast-seo-wordpress\/ -->\n<title>Mussi destac\u00f3 la firma del Convenio Colectivo de Trabajo Municipal con los gremios locales - Principios<\/title>\n<meta name=\"robots\" content=\"index, follow, max-snippet:-1, max-image-preview:large, max-video-preview:-1\" \/>\n<link rel=\"canonical\" href=\"https:\/\/diarioprincipios.com\/index.php\/2025\/10\/01\/mussi-destaco-la-firma-del-convenio-colectivo-de-trabajo-municipal-con-los-gremios-locales\/\" \/>\n<meta property=\"og:locale\" content=\"es_ES\" \/>\n<meta property=\"og:type\" content=\"article\" \/>\n<meta property=\"og:title\" content=\"Mussi destac\u00f3 la firma del Convenio Colectivo de Trabajo Municipal con los gremios locales - Principios\" \/>\n<meta property=\"og:description\" content=\"En un acontecimiento hist\u00f3rico para las y los trabajadores municipales de Berazategui, la Municipalidad y los Sindicatos que los representan firmaron un Convenio Colectivo de Trabajo. La firma de este convenio, que se realiza por primera vez en la historia del distrito, fue concretada por el intendente Juan Jos\u00e9 Mussi; el secretario general del Sindicato...\" \/>\n<meta property=\"og:url\" content=\"https:\/\/diarioprincipios.com\/index.php\/2025\/10\/01\/mussi-destaco-la-firma-del-convenio-colectivo-de-trabajo-municipal-con-los-gremios-locales\/\" \/>\n<meta property=\"og:site_name\" content=\"Principios\" \/>\n<meta property=\"article:published_time\" content=\"2025-10-01T14:59:16+00:00\" \/>\n<meta property=\"article:modified_time\" content=\"2025-10-01T14:59:17+00:00\" \/>\n<meta property=\"og:image\" content=\"https:\/\/diarioprincipios.com\/wp-content\/uploads\/2025\/10\/Berazategui-Firmaron-un-Convenio-Colectivo-de-Trabajo-municipal-3.jpg\" \/>\n\t<meta property=\"og:image:width\" content=\"1920\" \/>\n\t<meta property=\"og:image:height\" content=\"1280\" \/>\n\t<meta property=\"og:image:type\" content=\"image\/jpeg\" \/>\n<meta name=\"author\" content=\"Hern\u00e1n L\u00f3pez\" \/>\n<meta name=\"twitter:card\" content=\"summary_large_image\" \/>\n<meta name=\"twitter:label1\" content=\"Escrito por\" \/>\n\t<meta name=\"twitter:data1\" content=\"Hern\u00e1n L\u00f3pez\" \/>\n\t<meta name=\"twitter:label2\" content=\"Tiempo de lectura\" \/>\n\t<meta name=\"twitter:data2\" content=\"3 minutos\" \/>\n<script type=\"application\/ld+json\" class=\"yoast-schema-graph\">{\"@context\":\"https:\\\/\\\/schema.org\",\"@graph\":[{\"@type\":\"Article\",\"@id\":\"https:\\\/\\\/diarioprincipios.com\\\/index.php\\\/2025\\\/10\\\/01\\\/mussi-destaco-la-firma-del-convenio-colectivo-de-trabajo-municipal-con-los-gremios-locales\\\/#article\",\"isPartOf\":{\"@id\":\"https:\\\/\\\/diarioprincipios.com\\\/index.php\\\/2025\\\/10\\\/01\\\/mussi-destaco-la-firma-del-convenio-colectivo-de-trabajo-municipal-con-los-gremios-locales\\\/\"},\"author\":{\"name\":\"Hern\u00e1n L\u00f3pez\",\"@id\":\"https:\\\/\\\/diarioprincipios.com\\\/#\\\/schema\\\/person\\\/436d5a1fd41a5e250e23ff5a6a7cb080\"},\"headline\":\"Mussi destac\u00f3 la firma del Convenio Colectivo de Trabajo Municipal con los gremios locales\",\"datePublished\":\"2025-10-01T14:59:16+00:00\",\"dateModified\":\"2025-10-01T14:59:17+00:00\",\"mainEntityOfPage\":{\"@id\":\"https:\\\/\\\/diarioprincipios.com\\\/index.php\\\/2025\\\/10\\\/01\\\/mussi-destaco-la-firma-del-convenio-colectivo-de-trabajo-municipal-con-los-gremios-locales\\\/\"},\"wordCount\":454,\"commentCount\":0,\"publisher\":{\"@id\":\"https:\\\/\\\/diarioprincipios.com\\\/#organization\"},\"image\":{\"@id\":\"https:\\\/\\\/diarioprincipios.com\\\/index.php\\\/2025\\\/10\\\/01\\\/mussi-destaco-la-firma-del-convenio-colectivo-de-trabajo-municipal-con-los-gremios-locales\\\/#primaryimage\"},\"thumbnailUrl\":\"https:\\\/\\\/diarioprincipios.com\\\/wp-content\\\/uploads\\\/2025\\\/10\\\/Berazategui-Firmaron-un-Convenio-Colectivo-de-Trabajo-municipal-3.jpg\",\"articleSection\":[\"Berazategui\",\"Gremiales\"],\"inLanguage\":\"es\",\"potentialAction\":[{\"@type\":\"CommentAction\",\"name\":\"Comment\",\"target\":[\"https:\\\/\\\/diarioprincipios.com\\\/index.php\\\/2025\\\/10\\\/01\\\/mussi-destaco-la-firma-del-convenio-colectivo-de-trabajo-municipal-con-los-gremios-locales\\\/#respond\"]}]},{\"@type\":\"WebPage\",\"@id\":\"https:\\\/\\\/diarioprincipios.com\\\/index.php\\\/2025\\\/10\\\/01\\\/mussi-destaco-la-firma-del-convenio-colectivo-de-trabajo-municipal-con-los-gremios-locales\\\/\",\"url\":\"https:\\\/\\\/diarioprincipios.com\\\/index.php\\\/2025\\\/10\\\/01\\\/mussi-destaco-la-firma-del-convenio-colectivo-de-trabajo-municipal-con-los-gremios-locales\\\/\",\"name\":\"Mussi destac\u00f3 la firma del Convenio Colectivo de Trabajo Municipal con los gremios locales - Principios\",\"isPartOf\":{\"@id\":\"https:\\\/\\\/diarioprincipios.com\\\/#website\"},\"primaryImageOfPage\":{\"@id\":\"https:\\\/\\\/diarioprincipios.com\\\/index.php\\\/2025\\\/10\\\/01\\\/mussi-destaco-la-firma-del-convenio-colectivo-de-trabajo-municipal-con-los-gremios-locales\\\/#primaryimage\"},\"image\":{\"@id\":\"https:\\\/\\\/diarioprincipios.com\\\/index.php\\\/2025\\\/10\\\/01\\\/mussi-destaco-la-firma-del-convenio-colectivo-de-trabajo-municipal-con-los-gremios-locales\\\/#primaryimage\"},\"thumbnailUrl\":\"https:\\\/\\\/diarioprincipios.com\\\/wp-content\\\/uploads\\\/2025\\\/10\\\/Berazategui-Firmaron-un-Convenio-Colectivo-de-Trabajo-municipal-3.jpg\",\"datePublished\":\"2025-10-01T14:59:16+00:00\",\"dateModified\":\"2025-10-01T14:59:17+00:00\",\"breadcrumb\":{\"@id\":\"https:\\\/\\\/diarioprincipios.com\\\/index.php\\\/2025\\\/10\\\/01\\\/mussi-destaco-la-firma-del-convenio-colectivo-de-trabajo-municipal-con-los-gremios-locales\\\/#breadcrumb\"},\"inLanguage\":\"es\",\"potentialAction\":[{\"@type\":\"ReadAction\",\"target\":[\"https:\\\/\\\/diarioprincipios.com\\\/index.php\\\/2025\\\/10\\\/01\\\/mussi-destaco-la-firma-del-convenio-colectivo-de-trabajo-municipal-con-los-gremios-locales\\\/\"]}]},{\"@type\":\"ImageObject\",\"inLanguage\":\"es\",\"@id\":\"https:\\\/\\\/diarioprincipios.com\\\/index.php\\\/2025\\\/10\\\/01\\\/mussi-destaco-la-firma-del-convenio-colectivo-de-trabajo-municipal-con-los-gremios-locales\\\/#primaryimage\",\"url\":\"https:\\\/\\\/diarioprincipios.com\\\/wp-content\\\/uploads\\\/2025\\\/10\\\/Berazategui-Firmaron-un-Convenio-Colectivo-de-Trabajo-municipal-3.jpg\",\"contentUrl\":\"https:\\\/\\\/diarioprincipios.com\\\/wp-content\\\/uploads\\\/2025\\\/10\\\/Berazategui-Firmaron-un-Convenio-Colectivo-de-Trabajo-municipal-3.jpg\",\"width\":1920,\"height\":1280},{\"@type\":\"BreadcrumbList\",\"@id\":\"https:\\\/\\\/diarioprincipios.com\\\/index.php\\\/2025\\\/10\\\/01\\\/mussi-destaco-la-firma-del-convenio-colectivo-de-trabajo-municipal-con-los-gremios-locales\\\/#breadcrumb\",\"itemListElement\":[{\"@type\":\"ListItem\",\"position\":1,\"name\":\"Portada\",\"item\":\"https:\\\/\\\/diarioprincipios.com\\\/\"},{\"@type\":\"ListItem\",\"position\":2,\"name\":\"Mussi destac\u00f3 la firma del Convenio Colectivo de Trabajo Municipal con los gremios locales\"}]},{\"@type\":\"WebSite\",\"@id\":\"https:\\\/\\\/diarioprincipios.com\\\/#website\",\"url\":\"https:\\\/\\\/diarioprincipios.com\\\/\",\"name\":\"Principios\",\"description\":\"Principios Diario\",\"publisher\":{\"@id\":\"https:\\\/\\\/diarioprincipios.com\\\/#organization\"},\"potentialAction\":[{\"@type\":\"SearchAction\",\"target\":{\"@type\":\"EntryPoint\",\"urlTemplate\":\"https:\\\/\\\/diarioprincipios.com\\\/?s={search_term_string}\"},\"query-input\":{\"@type\":\"PropertyValueSpecification\",\"valueRequired\":true,\"valueName\":\"search_term_string\"}}],\"inLanguage\":\"es\"},{\"@type\":\"Organization\",\"@id\":\"https:\\\/\\\/diarioprincipios.com\\\/#organization\",\"name\":\"Principios\",\"url\":\"https:\\\/\\\/diarioprincipios.com\\\/\",\"logo\":{\"@type\":\"ImageObject\",\"inLanguage\":\"es\",\"@id\":\"https:\\\/\\\/diarioprincipios.com\\\/#\\\/schema\\\/logo\\\/image\\\/\",\"url\":\"https:\\\/\\\/diarioprincipios.com\\\/wp-content\\\/uploads\\\/2024\\\/04\\\/cropped-www.diarioprincipios.com_-1.png\",\"contentUrl\":\"https:\\\/\\\/diarioprincipios.com\\\/wp-content\\\/uploads\\\/2024\\\/04\\\/cropped-www.diarioprincipios.com_-1.png\",\"width\":5325,\"height\":1454,\"caption\":\"Principios\"},\"image\":{\"@id\":\"https:\\\/\\\/diarioprincipios.com\\\/#\\\/schema\\\/logo\\\/image\\\/\"}},{\"@type\":\"Person\",\"@id\":\"https:\\\/\\\/diarioprincipios.com\\\/#\\\/schema\\\/person\\\/436d5a1fd41a5e250e23ff5a6a7cb080\",\"name\":\"Hern\u00e1n L\u00f3pez\",\"image\":{\"@type\":\"ImageObject\",\"inLanguage\":\"es\",\"@id\":\"https:\\\/\\\/diarioprincipios.com\\\/wp-content\\\/litespeed\\\/avatar\\\/11ddfe5610ff3bd100522525b2571f48.jpg?ver=1777048341\",\"url\":\"https:\\\/\\\/diarioprincipios.com\\\/wp-content\\\/litespeed\\\/avatar\\\/11ddfe5610ff3bd100522525b2571f48.jpg?ver=1777048341\",\"contentUrl\":\"https:\\\/\\\/diarioprincipios.com\\\/wp-content\\\/litespeed\\\/avatar\\\/11ddfe5610ff3bd100522525b2571f48.jpg?ver=1777048341\",\"caption\":\"Hern\u00e1n L\u00f3pez\"},\"url\":\"https:\\\/\\\/diarioprincipios.com\\\/index.php\\\/author\\\/hernan\\\/\"}]}<\/script>\n<!-- \/ Yoast SEO plugin. -->","yoast_head_json":{"title":"Mussi destac\u00f3 la firma del Convenio Colectivo de Trabajo Municipal con los gremios locales - Principios","robots":{"index":"index","follow":"follow","max-snippet":"max-snippet:-1","max-image-preview":"max-image-preview:large","max-video-preview":"max-video-preview:-1"},"canonical":"https:\/\/diarioprincipios.com\/index.php\/2025\/10\/01\/mussi-destaco-la-firma-del-convenio-colectivo-de-trabajo-municipal-con-los-gremios-locales\/","og_locale":"es_ES","og_type":"article","og_title":"Mussi destac\u00f3 la firma del Convenio Colectivo de Trabajo Municipal con los gremios locales - Principios","og_description":"En un acontecimiento hist\u00f3rico para las y los trabajadores municipales de Berazategui, la Municipalidad y los Sindicatos que los representan firmaron un Convenio Colectivo de Trabajo. La firma de este convenio, que se realiza por primera vez en la historia del distrito, fue concretada por el intendente Juan Jos\u00e9 Mussi; el secretario general del Sindicato...","og_url":"https:\/\/diarioprincipios.com\/index.php\/2025\/10\/01\/mussi-destaco-la-firma-del-convenio-colectivo-de-trabajo-municipal-con-los-gremios-locales\/","og_site_name":"Principios","article_published_time":"2025-10-01T14:59:16+00:00","article_modified_time":"2025-10-01T14:59:17+00:00","og_image":[{"width":1920,"height":1280,"url":"https:\/\/diarioprincipios.com\/wp-content\/uploads\/2025\/10\/Berazategui-Firmaron-un-Convenio-Colectivo-de-Trabajo-municipal-3.jpg","type":"image\/jpeg"}],"author":"Hern\u00e1n L\u00f3pez","twitter_card":"summary_large_image","twitter_misc":{"Escrito por":"Hern\u00e1n L\u00f3pez","Tiempo de lectura":"3 minutos"},"schema":{"@context":"https:\/\/schema.org","@graph":[{"@type":"Article","@id":"https:\/\/diarioprincipios.com\/index.php\/2025\/10\/01\/mussi-destaco-la-firma-del-convenio-colectivo-de-trabajo-municipal-con-los-gremios-locales\/#article","isPartOf":{"@id":"https:\/\/diarioprincipios.com\/index.php\/2025\/10\/01\/mussi-destaco-la-firma-del-convenio-colectivo-de-trabajo-municipal-con-los-gremios-locales\/"},"author":{"name":"Hern\u00e1n L\u00f3pez","@id":"https:\/\/diarioprincipios.com\/#\/schema\/person\/436d5a1fd41a5e250e23ff5a6a7cb080"},"headline":"Mussi destac\u00f3 la firma del Convenio Colectivo de Trabajo Municipal con los gremios locales","datePublished":"2025-10-01T14:59:16+00:00","dateModified":"2025-10-01T14:59:17+00:00","mainEntityOfPage":{"@id":"https:\/\/diarioprincipios.com\/index.php\/2025\/10\/01\/mussi-destaco-la-firma-del-convenio-colectivo-de-trabajo-municipal-con-los-gremios-locales\/"},"wordCount":454,"commentCount":0,"publisher":{"@id":"https:\/\/diarioprincipios.com\/#organization"},"image":{"@id":"https:\/\/diarioprincipios.com\/index.php\/2025\/10\/01\/mussi-destaco-la-firma-del-convenio-colectivo-de-trabajo-municipal-con-los-gremios-locales\/#primaryimage"},"thumbnailUrl":"https:\/\/diarioprincipios.com\/wp-content\/uploads\/2025\/10\/Berazategui-Firmaron-un-Convenio-Colectivo-de-Trabajo-municipal-3.jpg","articleSection":["Berazategui","Gremiales"],"inLanguage":"es","potentialAction":[{"@type":"CommentAction","name":"Comment","target":["https:\/\/diarioprincipios.com\/index.php\/2025\/10\/01\/mussi-destaco-la-firma-del-convenio-colectivo-de-trabajo-municipal-con-los-gremios-locales\/#respond"]}]},{"@type":"WebPage","@id":"https:\/\/diarioprincipios.com\/index.php\/2025\/10\/01\/mussi-destaco-la-firma-del-convenio-colectivo-de-trabajo-municipal-con-los-gremios-locales\/","url":"https:\/\/diarioprincipios.com\/index.php\/2025\/10\/01\/mussi-destaco-la-firma-del-convenio-colectivo-de-trabajo-municipal-con-los-gremios-locales\/","name":"Mussi destac\u00f3 la firma del Convenio Colectivo de Trabajo Municipal con los gremios locales - Principios","isPartOf":{"@id":"https:\/\/diarioprincipios.com\/#website"},"primaryImageOfPage":{"@id":"https:\/\/diarioprincipios.com\/index.php\/2025\/10\/01\/mussi-destaco-la-firma-del-convenio-colectivo-de-trabajo-municipal-con-los-gremios-locales\/#primaryimage"},"image":{"@id":"https:\/\/diarioprincipios.com\/index.php\/2025\/10\/01\/mussi-destaco-la-firma-del-convenio-colectivo-de-trabajo-municipal-con-los-gremios-locales\/#primaryimage"},"thumbnailUrl":"https:\/\/diarioprincipios.com\/wp-content\/uploads\/2025\/10\/Berazategui-Firmaron-un-Convenio-Colectivo-de-Trabajo-municipal-3.jpg","datePublished":"2025-10-01T14:59:16+00:00","dateModified":"2025-10-01T14:59:17+00:00","breadcrumb":{"@id":"https:\/\/diarioprincipios.com\/index.php\/2025\/10\/01\/mussi-destaco-la-firma-del-convenio-colectivo-de-trabajo-municipal-con-los-gremios-locales\/#breadcrumb"},"inLanguage":"es","potentialAction":[{"@type":"ReadAction","target":["https:\/\/diarioprincipios.com\/index.php\/2025\/10\/01\/mussi-destaco-la-firma-del-convenio-colectivo-de-trabajo-municipal-con-los-gremios-locales\/"]}]},{"@type":"ImageObject","inLanguage":"es","@id":"https:\/\/diarioprincipios.com\/index.php\/2025\/10\/01\/mussi-destaco-la-firma-del-convenio-colectivo-de-trabajo-municipal-con-los-gremios-locales\/#primaryimage","url":"https:\/\/diarioprincipios.com\/wp-content\/uploads\/2025\/10\/Berazategui-Firmaron-un-Convenio-Colectivo-de-Trabajo-municipal-3.jpg","contentUrl":"https:\/\/diarioprincipios.com\/wp-content\/uploads\/2025\/10\/Berazategui-Firmaron-un-Convenio-Colectivo-de-Trabajo-municipal-3.jpg","width":1920,"height":1280},{"@type":"BreadcrumbList","@id":"https:\/\/diarioprincipios.com\/index.php\/2025\/10\/01\/mussi-destaco-la-firma-del-convenio-colectivo-de-trabajo-municipal-con-los-gremios-locales\/#breadcrumb","itemListElement":[{"@type":"ListItem","position":1,"name":"Portada","item":"https:\/\/diarioprincipios.com\/"},{"@type":"ListItem","position":2,"name":"Mussi destac\u00f3 la firma del Convenio Colectivo de Trabajo Municipal con los gremios locales"}]},{"@type":"WebSite","@id":"https:\/\/diarioprincipios.com\/#website","url":"https:\/\/diarioprincipios.com\/","name":"Principios","description":"Principios Diario","publisher":{"@id":"https:\/\/diarioprincipios.com\/#organization"},"potentialAction":[{"@type":"SearchAction","target":{"@type":"EntryPoint","urlTemplate":"https:\/\/diarioprincipios.com\/?s={search_term_string}"},"query-input":{"@type":"PropertyValueSpecification","valueRequired":true,"valueName":"search_term_string"}}],"inLanguage":"es"},{"@type":"Organization","@id":"https:\/\/diarioprincipios.com\/#organization","name":"Principios","url":"https:\/\/diarioprincipios.com\/","logo":{"@type":"ImageObject","inLanguage":"es","@id":"https:\/\/diarioprincipios.com\/#\/schema\/logo\/image\/","url":"https:\/\/diarioprincipios.com\/wp-content\/uploads\/2024\/04\/cropped-www.diarioprincipios.com_-1.png","contentUrl":"https:\/\/diarioprincipios.com\/wp-content\/uploads\/2024\/04\/cropped-www.diarioprincipios.com_-1.png","width":5325,"height":1454,"caption":"Principios"},"image":{"@id":"https:\/\/diarioprincipios.com\/#\/schema\/logo\/image\/"}},{"@type":"Person","@id":"https:\/\/diarioprincipios.com\/#\/schema\/person\/436d5a1fd41a5e250e23ff5a6a7cb080","name":"Hern\u00e1n L\u00f3pez","image":{"@type":"ImageObject","inLanguage":"es","@id":"https:\/\/diarioprincipios.com\/wp-content\/litespeed\/avatar\/11ddfe5610ff3bd100522525b2571f48.jpg?ver=1777048341","url":"https:\/\/diarioprincipios.com\/wp-content\/litespeed\/avatar\/11ddfe5610ff3bd100522525b2571f48.jpg?ver=1777048341","contentUrl":"https:\/\/diarioprincipios.com\/wp-content\/litespeed\/avatar\/11ddfe5610ff3bd100522525b2571f48.jpg?ver=1777048341","caption":"Hern\u00e1n L\u00f3pez"},"url":"https:\/\/diarioprincipios.com\/index.php\/author\/hernan\/"}]}},"jetpack_featured_media_url":"https:\/\/diarioprincipios.com\/wp-content\/uploads\/2025\/10\/Berazategui-Firmaron-un-Convenio-Colectivo-de-Trabajo-municipal-3.jpg","_links":{"self":[{"href":"https:\/\/diarioprincipios.com\/index.php\/wp-json\/wp\/v2\/posts\/25538","targetHints":{"allow":["GET"]}}],"collection":[{"href":"https:\/\/diarioprincipios.com\/index.php\/wp-json\/wp\/v2\/posts"}],"about":[{"href":"https:\/\/diarioprincipios.com\/index.php\/wp-json\/wp\/v2\/types\/post"}],"author":[{"embeddable":true,"href":"https:\/\/diarioprincipios.com\/index.php\/wp-json\/wp\/v2\/users\/2"}],"replies":[{"embeddable":true,"href":"https:\/\/diarioprincipios.com\/index.php\/wp-json\/wp\/v2\/comments?post=25538"}],"version-history":[{"count":1,"href":"https:\/\/diarioprincipios.com\/index.php\/wp-json\/wp\/v2\/posts\/25538\/revisions"}],"predecessor-version":[{"id":25540,"href":"https:\/\/diarioprincipios.com\/index.php\/wp-json\/wp\/v2\/posts\/25538\/revisions\/25540"}],"wp:featuredmedia":[{"embeddable":true,"href":"https:\/\/diarioprincipios.com\/index.php\/wp-json\/wp\/v2\/media\/25539"}],"wp:attachment":[{"href":"https:\/\/diarioprincipios.com\/index.php\/wp-json\/wp\/v2\/media?parent=25538"}],"wp:term":[{"taxonomy":"category","embeddable":true,"href":"https:\/\/diarioprincipios.com\/index.php\/wp-json\/wp\/v2\/categories?post=25538"},{"taxonomy":"post_tag","embeddable":true,"href":"https:\/\/diarioprincipios.com\/index.php\/wp-json\/wp\/v2\/tags?post=25538"}],"curies":[{"name":"wp","href":"https:\/\/api.w.org\/{rel}","templated":true}]}}