{"id":25534,"date":"2025-10-01T11:40:36","date_gmt":"2025-10-01T14:40:36","guid":{"rendered":"https:\/\/diarioprincipios.com\/?p=25534"},"modified":"2025-10-01T11:40:37","modified_gmt":"2025-10-01T14:40:37","slug":"capacitaciones-gratuitas-con-salida-laboral-para-la-comunidad","status":"publish","type":"post","link":"https:\/\/diarioprincipios.com\/index.php\/2025\/10\/01\/capacitaciones-gratuitas-con-salida-laboral-para-la-comunidad\/","title":{"rendered":"Capacitaciones gratuitas con salida laboral para la comunidad"},"content":{"rendered":"\n<p><strong>Con una amplia participaci\u00f3n de vecinas y vecinos, se est\u00e1n llevando adelante los Talleres de capacitaci\u00f3n dictados por la Secretar\u00eda de Organizaciones No Gubernamentales (ONG) de la Municipalidad de Berazategui. Esta propuesta forma parte de una pol\u00edtica desarrollada por el Municipio desde 2008 e impulsada por el intendente Juan Jos\u00e9 Mussi, con el objetivo de facilitar a la comunidad local el ingreso al mundo laboral y brindar nuevas herramientas para la generaci\u00f3n de microemprendimientos propios.<\/strong><br>Algunas de las capacitaciones son: Belleza de manos, Peluquer\u00eda, Panader\u00eda, Pasteler\u00eda, Pizzer\u00eda y Cocteler\u00eda, entre otras. Los talleres ya se est\u00e1n desarrollando en los distintos barrios de la ciudad y son m\u00e1s de 28 mil los berazateguenses egresados hasta la actualidad. Para informarse acerca de la inscripci\u00f3n 2026 a las capacitaciones, se puede escribir a\u00a0<a href=\"mailto:cursosycapacitaciones@berazategui.gob.ar\" target=\"_blank\" rel=\"noreferrer noopener\">cursosycapacitaciones@berazategui.gob.ar<\/a>.<\/p>\n\n\n\n<figure class=\"wp-block-image size-large\"><img loading=\"lazy\" decoding=\"async\" width=\"1024\" height=\"682\" src=\"https:\/\/diarioprincipios.com\/wp-content\/uploads\/2025\/10\/Berazategui-Capacitaciones-gratuitas-con-salida-laboral-para-la-comunidad-1024x682.jpg\" alt=\"\" class=\"wp-image-25535\" srcset=\"https:\/\/diarioprincipios.com\/wp-content\/uploads\/2025\/10\/Berazategui-Capacitaciones-gratuitas-con-salida-laboral-para-la-comunidad-1024x682.jpg 1024w, https:\/\/diarioprincipios.com\/wp-content\/uploads\/2025\/10\/Berazategui-Capacitaciones-gratuitas-con-salida-laboral-para-la-comunidad-300x200.jpg 300w, https:\/\/diarioprincipios.com\/wp-content\/uploads\/2025\/10\/Berazategui-Capacitaciones-gratuitas-con-salida-laboral-para-la-comunidad-768x512.jpg 768w, https:\/\/diarioprincipios.com\/wp-content\/uploads\/2025\/10\/Berazategui-Capacitaciones-gratuitas-con-salida-laboral-para-la-comunidad-1536x1023.jpg 1536w, https:\/\/diarioprincipios.com\/wp-content\/uploads\/2025\/10\/Berazategui-Capacitaciones-gratuitas-con-salida-laboral-para-la-comunidad-820x545.jpg 820w, https:\/\/diarioprincipios.com\/wp-content\/uploads\/2025\/10\/Berazategui-Capacitaciones-gratuitas-con-salida-laboral-para-la-comunidad-600x400.jpg 600w, https:\/\/diarioprincipios.com\/wp-content\/uploads\/2025\/10\/Berazategui-Capacitaciones-gratuitas-con-salida-laboral-para-la-comunidad.jpg 1600w\" sizes=\"auto, (max-width: 1024px) 100vw, 1024px\" \/><\/figure>\n\n\n\n<p><br>Al respecto, Federico de la Fuente, quien asiste al Taller municipal de Panader\u00eda que se desarrolla con la coordinaci\u00f3n de la profesora Diolinda Rivero en la Sociedad de Fomento Carlos Tom\u00e1s Sourigues, indic\u00f3: \u201cVine al taller y, junto a mis compa\u00f1eros, estoy haciendo una masa para pancitos saborizados. Decid\u00ed empezar porque me gusta la panader\u00eda, me interesa mucho. Me gusta amasar y quiero comenzar un emprendimiento que tengo en mente\u201d.\u00a0<br>Por su parte, Gabriela Dur\u00e1n, quien tambi\u00e9n asiste a la capacitaci\u00f3n, coment\u00f3: \u201cEstoy muy contenta de poder participar en los cursos gratuitos que nos brinda la Municipalidad de Berazategui, a cargo del intendente Mussi. Estoy muy feliz de tener la posibilidad de aprender panader\u00eda\u201d.<br>M\u00e1s informaci\u00f3n en\u00a0<a href=\"http:\/\/berazategui.gob.ar\/cursosycapacitaciones\" target=\"_blank\" rel=\"noreferrer noopener\">berazategui.gob.ar\/cursosycapacitaciones<\/a><\/p>\n","protected":false},"excerpt":{"rendered":"<p>Con una amplia participaci\u00f3n de vecinas y vecinos, se est\u00e1n llevando adelante los Talleres de capacitaci\u00f3n dictados por la Secretar\u00eda de Organizaciones No Gubernamentales (ONG) de la Municipalidad de Berazategui. Esta propuesta forma parte de una pol\u00edtica desarrollada por el Municipio desde 2008 e impulsada por el intendente Juan Jos\u00e9 Mussi, con el objetivo de&#8230;<\/p>\n","protected":false},"author":2,"featured_media":25536,"comment_status":"open","ping_status":"open","sticky":false,"template":"","format":"standard","meta":{"footnotes":""},"categories":[3],"tags":[],"class_list":["post-25534","post","type-post","status-publish","format-standard","has-post-thumbnail","hentry","category-berazategui"],"featured_image_src":"https:\/\/diarioprincipios.com\/wp-content\/uploads\/2025\/10\/Berazategui-Capacitaciones-gratuitas-con-salida-laboral-para-la-comunidad-3-1024x682.jpg","blog_images":{"medium":"https:\/\/diarioprincipios.com\/wp-content\/uploads\/2025\/10\/Berazategui-Capacitaciones-gratuitas-con-salida-laboral-para-la-comunidad-3-300x200.jpg","large":"https:\/\/diarioprincipios.com\/wp-content\/uploads\/2025\/10\/Berazategui-Capacitaciones-gratuitas-con-salida-laboral-para-la-comunidad-3-1024x682.jpg"},"ams_acf":[],"yoast_head":"<!-- This site is optimized with the Yoast SEO plugin v27.3 - https:\/\/yoast.com\/product\/yoast-seo-wordpress\/ -->\n<title>Capacitaciones gratuitas con salida laboral para la comunidad - Principios<\/title>\n<meta name=\"robots\" content=\"index, follow, max-snippet:-1, max-image-preview:large, max-video-preview:-1\" \/>\n<link rel=\"canonical\" href=\"https:\/\/diarioprincipios.com\/index.php\/2025\/10\/01\/capacitaciones-gratuitas-con-salida-laboral-para-la-comunidad\/\" \/>\n<meta property=\"og:locale\" content=\"es_ES\" \/>\n<meta property=\"og:type\" content=\"article\" \/>\n<meta property=\"og:title\" content=\"Capacitaciones gratuitas con salida laboral para la comunidad - Principios\" \/>\n<meta property=\"og:description\" content=\"Con una amplia participaci\u00f3n de vecinas y vecinos, se est\u00e1n llevando adelante los Talleres de capacitaci\u00f3n dictados por la Secretar\u00eda de Organizaciones No Gubernamentales (ONG) de la Municipalidad de Berazategui. Esta propuesta forma parte de una pol\u00edtica desarrollada por el Municipio desde 2008 e impulsada por el intendente Juan Jos\u00e9 Mussi, con el objetivo de...\" \/>\n<meta property=\"og:url\" content=\"https:\/\/diarioprincipios.com\/index.php\/2025\/10\/01\/capacitaciones-gratuitas-con-salida-laboral-para-la-comunidad\/\" \/>\n<meta property=\"og:site_name\" content=\"Principios\" \/>\n<meta property=\"article:published_time\" content=\"2025-10-01T14:40:36+00:00\" \/>\n<meta property=\"article:modified_time\" content=\"2025-10-01T14:40:37+00:00\" \/>\n<meta property=\"og:image\" content=\"https:\/\/diarioprincipios.com\/wp-content\/uploads\/2025\/10\/Berazategui-Capacitaciones-gratuitas-con-salida-laboral-para-la-comunidad-3.jpg\" \/>\n\t<meta property=\"og:image:width\" content=\"1600\" \/>\n\t<meta property=\"og:image:height\" content=\"1066\" \/>\n\t<meta property=\"og:image:type\" content=\"image\/jpeg\" \/>\n<meta name=\"author\" content=\"Hern\u00e1n L\u00f3pez\" \/>\n<meta name=\"twitter:card\" content=\"summary_large_image\" \/>\n<meta name=\"twitter:label1\" content=\"Escrito por\" \/>\n\t<meta name=\"twitter:data1\" content=\"Hern\u00e1n L\u00f3pez\" \/>\n\t<meta name=\"twitter:label2\" content=\"Tiempo de lectura\" \/>\n\t<meta name=\"twitter:data2\" content=\"2 minutos\" \/>\n<script type=\"application\/ld+json\" class=\"yoast-schema-graph\">{\"@context\":\"https:\\\/\\\/schema.org\",\"@graph\":[{\"@type\":\"Article\",\"@id\":\"https:\\\/\\\/diarioprincipios.com\\\/index.php\\\/2025\\\/10\\\/01\\\/capacitaciones-gratuitas-con-salida-laboral-para-la-comunidad\\\/#article\",\"isPartOf\":{\"@id\":\"https:\\\/\\\/diarioprincipios.com\\\/index.php\\\/2025\\\/10\\\/01\\\/capacitaciones-gratuitas-con-salida-laboral-para-la-comunidad\\\/\"},\"author\":{\"name\":\"Hern\u00e1n L\u00f3pez\",\"@id\":\"https:\\\/\\\/diarioprincipios.com\\\/#\\\/schema\\\/person\\\/436d5a1fd41a5e250e23ff5a6a7cb080\"},\"headline\":\"Capacitaciones gratuitas con salida laboral para la comunidad\",\"datePublished\":\"2025-10-01T14:40:36+00:00\",\"dateModified\":\"2025-10-01T14:40:37+00:00\",\"mainEntityOfPage\":{\"@id\":\"https:\\\/\\\/diarioprincipios.com\\\/index.php\\\/2025\\\/10\\\/01\\\/capacitaciones-gratuitas-con-salida-laboral-para-la-comunidad\\\/\"},\"wordCount\":285,\"commentCount\":0,\"publisher\":{\"@id\":\"https:\\\/\\\/diarioprincipios.com\\\/#organization\"},\"image\":{\"@id\":\"https:\\\/\\\/diarioprincipios.com\\\/index.php\\\/2025\\\/10\\\/01\\\/capacitaciones-gratuitas-con-salida-laboral-para-la-comunidad\\\/#primaryimage\"},\"thumbnailUrl\":\"https:\\\/\\\/diarioprincipios.com\\\/wp-content\\\/uploads\\\/2025\\\/10\\\/Berazategui-Capacitaciones-gratuitas-con-salida-laboral-para-la-comunidad-3.jpg\",\"articleSection\":[\"Berazategui\"],\"inLanguage\":\"es\",\"potentialAction\":[{\"@type\":\"CommentAction\",\"name\":\"Comment\",\"target\":[\"https:\\\/\\\/diarioprincipios.com\\\/index.php\\\/2025\\\/10\\\/01\\\/capacitaciones-gratuitas-con-salida-laboral-para-la-comunidad\\\/#respond\"]}]},{\"@type\":\"WebPage\",\"@id\":\"https:\\\/\\\/diarioprincipios.com\\\/index.php\\\/2025\\\/10\\\/01\\\/capacitaciones-gratuitas-con-salida-laboral-para-la-comunidad\\\/\",\"url\":\"https:\\\/\\\/diarioprincipios.com\\\/index.php\\\/2025\\\/10\\\/01\\\/capacitaciones-gratuitas-con-salida-laboral-para-la-comunidad\\\/\",\"name\":\"Capacitaciones gratuitas con salida laboral para la comunidad - Principios\",\"isPartOf\":{\"@id\":\"https:\\\/\\\/diarioprincipios.com\\\/#website\"},\"primaryImageOfPage\":{\"@id\":\"https:\\\/\\\/diarioprincipios.com\\\/index.php\\\/2025\\\/10\\\/01\\\/capacitaciones-gratuitas-con-salida-laboral-para-la-comunidad\\\/#primaryimage\"},\"image\":{\"@id\":\"https:\\\/\\\/diarioprincipios.com\\\/index.php\\\/2025\\\/10\\\/01\\\/capacitaciones-gratuitas-con-salida-laboral-para-la-comunidad\\\/#primaryimage\"},\"thumbnailUrl\":\"https:\\\/\\\/diarioprincipios.com\\\/wp-content\\\/uploads\\\/2025\\\/10\\\/Berazategui-Capacitaciones-gratuitas-con-salida-laboral-para-la-comunidad-3.jpg\",\"datePublished\":\"2025-10-01T14:40:36+00:00\",\"dateModified\":\"2025-10-01T14:40:37+00:00\",\"breadcrumb\":{\"@id\":\"https:\\\/\\\/diarioprincipios.com\\\/index.php\\\/2025\\\/10\\\/01\\\/capacitaciones-gratuitas-con-salida-laboral-para-la-comunidad\\\/#breadcrumb\"},\"inLanguage\":\"es\",\"potentialAction\":[{\"@type\":\"ReadAction\",\"target\":[\"https:\\\/\\\/diarioprincipios.com\\\/index.php\\\/2025\\\/10\\\/01\\\/capacitaciones-gratuitas-con-salida-laboral-para-la-comunidad\\\/\"]}]},{\"@type\":\"ImageObject\",\"inLanguage\":\"es\",\"@id\":\"https:\\\/\\\/diarioprincipios.com\\\/index.php\\\/2025\\\/10\\\/01\\\/capacitaciones-gratuitas-con-salida-laboral-para-la-comunidad\\\/#primaryimage\",\"url\":\"https:\\\/\\\/diarioprincipios.com\\\/wp-content\\\/uploads\\\/2025\\\/10\\\/Berazategui-Capacitaciones-gratuitas-con-salida-laboral-para-la-comunidad-3.jpg\",\"contentUrl\":\"https:\\\/\\\/diarioprincipios.com\\\/wp-content\\\/uploads\\\/2025\\\/10\\\/Berazategui-Capacitaciones-gratuitas-con-salida-laboral-para-la-comunidad-3.jpg\",\"width\":1600,\"height\":1066},{\"@type\":\"BreadcrumbList\",\"@id\":\"https:\\\/\\\/diarioprincipios.com\\\/index.php\\\/2025\\\/10\\\/01\\\/capacitaciones-gratuitas-con-salida-laboral-para-la-comunidad\\\/#breadcrumb\",\"itemListElement\":[{\"@type\":\"ListItem\",\"position\":1,\"name\":\"Portada\",\"item\":\"https:\\\/\\\/diarioprincipios.com\\\/\"},{\"@type\":\"ListItem\",\"position\":2,\"name\":\"Capacitaciones gratuitas con salida laboral para la comunidad\"}]},{\"@type\":\"WebSite\",\"@id\":\"https:\\\/\\\/diarioprincipios.com\\\/#website\",\"url\":\"https:\\\/\\\/diarioprincipios.com\\\/\",\"name\":\"Principios\",\"description\":\"Principios Diario\",\"publisher\":{\"@id\":\"https:\\\/\\\/diarioprincipios.com\\\/#organization\"},\"potentialAction\":[{\"@type\":\"SearchAction\",\"target\":{\"@type\":\"EntryPoint\",\"urlTemplate\":\"https:\\\/\\\/diarioprincipios.com\\\/?s={search_term_string}\"},\"query-input\":{\"@type\":\"PropertyValueSpecification\",\"valueRequired\":true,\"valueName\":\"search_term_string\"}}],\"inLanguage\":\"es\"},{\"@type\":\"Organization\",\"@id\":\"https:\\\/\\\/diarioprincipios.com\\\/#organization\",\"name\":\"Principios\",\"url\":\"https:\\\/\\\/diarioprincipios.com\\\/\",\"logo\":{\"@type\":\"ImageObject\",\"inLanguage\":\"es\",\"@id\":\"https:\\\/\\\/diarioprincipios.com\\\/#\\\/schema\\\/logo\\\/image\\\/\",\"url\":\"https:\\\/\\\/diarioprincipios.com\\\/wp-content\\\/uploads\\\/2024\\\/04\\\/cropped-www.diarioprincipios.com_-1.png\",\"contentUrl\":\"https:\\\/\\\/diarioprincipios.com\\\/wp-content\\\/uploads\\\/2024\\\/04\\\/cropped-www.diarioprincipios.com_-1.png\",\"width\":5325,\"height\":1454,\"caption\":\"Principios\"},\"image\":{\"@id\":\"https:\\\/\\\/diarioprincipios.com\\\/#\\\/schema\\\/logo\\\/image\\\/\"}},{\"@type\":\"Person\",\"@id\":\"https:\\\/\\\/diarioprincipios.com\\\/#\\\/schema\\\/person\\\/436d5a1fd41a5e250e23ff5a6a7cb080\",\"name\":\"Hern\u00e1n L\u00f3pez\",\"image\":{\"@type\":\"ImageObject\",\"inLanguage\":\"es\",\"@id\":\"https:\\\/\\\/diarioprincipios.com\\\/wp-content\\\/litespeed\\\/avatar\\\/11ddfe5610ff3bd100522525b2571f48.jpg?ver=1777048341\",\"url\":\"https:\\\/\\\/diarioprincipios.com\\\/wp-content\\\/litespeed\\\/avatar\\\/11ddfe5610ff3bd100522525b2571f48.jpg?ver=1777048341\",\"contentUrl\":\"https:\\\/\\\/diarioprincipios.com\\\/wp-content\\\/litespeed\\\/avatar\\\/11ddfe5610ff3bd100522525b2571f48.jpg?ver=1777048341\",\"caption\":\"Hern\u00e1n L\u00f3pez\"},\"url\":\"https:\\\/\\\/diarioprincipios.com\\\/index.php\\\/author\\\/hernan\\\/\"}]}<\/script>\n<!-- \/ Yoast SEO plugin. -->","yoast_head_json":{"title":"Capacitaciones gratuitas con salida laboral para la comunidad - Principios","robots":{"index":"index","follow":"follow","max-snippet":"max-snippet:-1","max-image-preview":"max-image-preview:large","max-video-preview":"max-video-preview:-1"},"canonical":"https:\/\/diarioprincipios.com\/index.php\/2025\/10\/01\/capacitaciones-gratuitas-con-salida-laboral-para-la-comunidad\/","og_locale":"es_ES","og_type":"article","og_title":"Capacitaciones gratuitas con salida laboral para la comunidad - Principios","og_description":"Con una amplia participaci\u00f3n de vecinas y vecinos, se est\u00e1n llevando adelante los Talleres de capacitaci\u00f3n dictados por la Secretar\u00eda de Organizaciones No Gubernamentales (ONG) de la Municipalidad de Berazategui. Esta propuesta forma parte de una pol\u00edtica desarrollada por el Municipio desde 2008 e impulsada por el intendente Juan Jos\u00e9 Mussi, con el objetivo de...","og_url":"https:\/\/diarioprincipios.com\/index.php\/2025\/10\/01\/capacitaciones-gratuitas-con-salida-laboral-para-la-comunidad\/","og_site_name":"Principios","article_published_time":"2025-10-01T14:40:36+00:00","article_modified_time":"2025-10-01T14:40:37+00:00","og_image":[{"width":1600,"height":1066,"url":"https:\/\/diarioprincipios.com\/wp-content\/uploads\/2025\/10\/Berazategui-Capacitaciones-gratuitas-con-salida-laboral-para-la-comunidad-3.jpg","type":"image\/jpeg"}],"author":"Hern\u00e1n L\u00f3pez","twitter_card":"summary_large_image","twitter_misc":{"Escrito por":"Hern\u00e1n L\u00f3pez","Tiempo de lectura":"2 minutos"},"schema":{"@context":"https:\/\/schema.org","@graph":[{"@type":"Article","@id":"https:\/\/diarioprincipios.com\/index.php\/2025\/10\/01\/capacitaciones-gratuitas-con-salida-laboral-para-la-comunidad\/#article","isPartOf":{"@id":"https:\/\/diarioprincipios.com\/index.php\/2025\/10\/01\/capacitaciones-gratuitas-con-salida-laboral-para-la-comunidad\/"},"author":{"name":"Hern\u00e1n L\u00f3pez","@id":"https:\/\/diarioprincipios.com\/#\/schema\/person\/436d5a1fd41a5e250e23ff5a6a7cb080"},"headline":"Capacitaciones gratuitas con salida laboral para la comunidad","datePublished":"2025-10-01T14:40:36+00:00","dateModified":"2025-10-01T14:40:37+00:00","mainEntityOfPage":{"@id":"https:\/\/diarioprincipios.com\/index.php\/2025\/10\/01\/capacitaciones-gratuitas-con-salida-laboral-para-la-comunidad\/"},"wordCount":285,"commentCount":0,"publisher":{"@id":"https:\/\/diarioprincipios.com\/#organization"},"image":{"@id":"https:\/\/diarioprincipios.com\/index.php\/2025\/10\/01\/capacitaciones-gratuitas-con-salida-laboral-para-la-comunidad\/#primaryimage"},"thumbnailUrl":"https:\/\/diarioprincipios.com\/wp-content\/uploads\/2025\/10\/Berazategui-Capacitaciones-gratuitas-con-salida-laboral-para-la-comunidad-3.jpg","articleSection":["Berazategui"],"inLanguage":"es","potentialAction":[{"@type":"CommentAction","name":"Comment","target":["https:\/\/diarioprincipios.com\/index.php\/2025\/10\/01\/capacitaciones-gratuitas-con-salida-laboral-para-la-comunidad\/#respond"]}]},{"@type":"WebPage","@id":"https:\/\/diarioprincipios.com\/index.php\/2025\/10\/01\/capacitaciones-gratuitas-con-salida-laboral-para-la-comunidad\/","url":"https:\/\/diarioprincipios.com\/index.php\/2025\/10\/01\/capacitaciones-gratuitas-con-salida-laboral-para-la-comunidad\/","name":"Capacitaciones gratuitas con salida laboral para la comunidad - Principios","isPartOf":{"@id":"https:\/\/diarioprincipios.com\/#website"},"primaryImageOfPage":{"@id":"https:\/\/diarioprincipios.com\/index.php\/2025\/10\/01\/capacitaciones-gratuitas-con-salida-laboral-para-la-comunidad\/#primaryimage"},"image":{"@id":"https:\/\/diarioprincipios.com\/index.php\/2025\/10\/01\/capacitaciones-gratuitas-con-salida-laboral-para-la-comunidad\/#primaryimage"},"thumbnailUrl":"https:\/\/diarioprincipios.com\/wp-content\/uploads\/2025\/10\/Berazategui-Capacitaciones-gratuitas-con-salida-laboral-para-la-comunidad-3.jpg","datePublished":"2025-10-01T14:40:36+00:00","dateModified":"2025-10-01T14:40:37+00:00","breadcrumb":{"@id":"https:\/\/diarioprincipios.com\/index.php\/2025\/10\/01\/capacitaciones-gratuitas-con-salida-laboral-para-la-comunidad\/#breadcrumb"},"inLanguage":"es","potentialAction":[{"@type":"ReadAction","target":["https:\/\/diarioprincipios.com\/index.php\/2025\/10\/01\/capacitaciones-gratuitas-con-salida-laboral-para-la-comunidad\/"]}]},{"@type":"ImageObject","inLanguage":"es","@id":"https:\/\/diarioprincipios.com\/index.php\/2025\/10\/01\/capacitaciones-gratuitas-con-salida-laboral-para-la-comunidad\/#primaryimage","url":"https:\/\/diarioprincipios.com\/wp-content\/uploads\/2025\/10\/Berazategui-Capacitaciones-gratuitas-con-salida-laboral-para-la-comunidad-3.jpg","contentUrl":"https:\/\/diarioprincipios.com\/wp-content\/uploads\/2025\/10\/Berazategui-Capacitaciones-gratuitas-con-salida-laboral-para-la-comunidad-3.jpg","width":1600,"height":1066},{"@type":"BreadcrumbList","@id":"https:\/\/diarioprincipios.com\/index.php\/2025\/10\/01\/capacitaciones-gratuitas-con-salida-laboral-para-la-comunidad\/#breadcrumb","itemListElement":[{"@type":"ListItem","position":1,"name":"Portada","item":"https:\/\/diarioprincipios.com\/"},{"@type":"ListItem","position":2,"name":"Capacitaciones gratuitas con salida laboral para la comunidad"}]},{"@type":"WebSite","@id":"https:\/\/diarioprincipios.com\/#website","url":"https:\/\/diarioprincipios.com\/","name":"Principios","description":"Principios Diario","publisher":{"@id":"https:\/\/diarioprincipios.com\/#organization"},"potentialAction":[{"@type":"SearchAction","target":{"@type":"EntryPoint","urlTemplate":"https:\/\/diarioprincipios.com\/?s={search_term_string}"},"query-input":{"@type":"PropertyValueSpecification","valueRequired":true,"valueName":"search_term_string"}}],"inLanguage":"es"},{"@type":"Organization","@id":"https:\/\/diarioprincipios.com\/#organization","name":"Principios","url":"https:\/\/diarioprincipios.com\/","logo":{"@type":"ImageObject","inLanguage":"es","@id":"https:\/\/diarioprincipios.com\/#\/schema\/logo\/image\/","url":"https:\/\/diarioprincipios.com\/wp-content\/uploads\/2024\/04\/cropped-www.diarioprincipios.com_-1.png","contentUrl":"https:\/\/diarioprincipios.com\/wp-content\/uploads\/2024\/04\/cropped-www.diarioprincipios.com_-1.png","width":5325,"height":1454,"caption":"Principios"},"image":{"@id":"https:\/\/diarioprincipios.com\/#\/schema\/logo\/image\/"}},{"@type":"Person","@id":"https:\/\/diarioprincipios.com\/#\/schema\/person\/436d5a1fd41a5e250e23ff5a6a7cb080","name":"Hern\u00e1n L\u00f3pez","image":{"@type":"ImageObject","inLanguage":"es","@id":"https:\/\/diarioprincipios.com\/wp-content\/litespeed\/avatar\/11ddfe5610ff3bd100522525b2571f48.jpg?ver=1777048341","url":"https:\/\/diarioprincipios.com\/wp-content\/litespeed\/avatar\/11ddfe5610ff3bd100522525b2571f48.jpg?ver=1777048341","contentUrl":"https:\/\/diarioprincipios.com\/wp-content\/litespeed\/avatar\/11ddfe5610ff3bd100522525b2571f48.jpg?ver=1777048341","caption":"Hern\u00e1n L\u00f3pez"},"url":"https:\/\/diarioprincipios.com\/index.php\/author\/hernan\/"}]}},"jetpack_featured_media_url":"https:\/\/diarioprincipios.com\/wp-content\/uploads\/2025\/10\/Berazategui-Capacitaciones-gratuitas-con-salida-laboral-para-la-comunidad-3.jpg","_links":{"self":[{"href":"https:\/\/diarioprincipios.com\/index.php\/wp-json\/wp\/v2\/posts\/25534","targetHints":{"allow":["GET"]}}],"collection":[{"href":"https:\/\/diarioprincipios.com\/index.php\/wp-json\/wp\/v2\/posts"}],"about":[{"href":"https:\/\/diarioprincipios.com\/index.php\/wp-json\/wp\/v2\/types\/post"}],"author":[{"embeddable":true,"href":"https:\/\/diarioprincipios.com\/index.php\/wp-json\/wp\/v2\/users\/2"}],"replies":[{"embeddable":true,"href":"https:\/\/diarioprincipios.com\/index.php\/wp-json\/wp\/v2\/comments?post=25534"}],"version-history":[{"count":1,"href":"https:\/\/diarioprincipios.com\/index.php\/wp-json\/wp\/v2\/posts\/25534\/revisions"}],"predecessor-version":[{"id":25537,"href":"https:\/\/diarioprincipios.com\/index.php\/wp-json\/wp\/v2\/posts\/25534\/revisions\/25537"}],"wp:featuredmedia":[{"embeddable":true,"href":"https:\/\/diarioprincipios.com\/index.php\/wp-json\/wp\/v2\/media\/25536"}],"wp:attachment":[{"href":"https:\/\/diarioprincipios.com\/index.php\/wp-json\/wp\/v2\/media?parent=25534"}],"wp:term":[{"taxonomy":"category","embeddable":true,"href":"https:\/\/diarioprincipios.com\/index.php\/wp-json\/wp\/v2\/categories?post=25534"},{"taxonomy":"post_tag","embeddable":true,"href":"https:\/\/diarioprincipios.com\/index.php\/wp-json\/wp\/v2\/tags?post=25534"}],"curies":[{"name":"wp","href":"https:\/\/api.w.org\/{rel}","templated":true}]}}