{"id":25498,"date":"2025-09-27T20:07:35","date_gmt":"2025-09-27T23:07:35","guid":{"rendered":"https:\/\/diarioprincipios.com\/?p=25498"},"modified":"2025-09-27T20:07:36","modified_gmt":"2025-09-27T23:07:36","slug":"escrutinio-definitivo-confirmo-paliza-de-mussi-a-la-oposicion-en-las-elecciones-del-7-de-septiembre","status":"publish","type":"post","link":"https:\/\/diarioprincipios.com\/index.php\/2025\/09\/27\/escrutinio-definitivo-confirmo-paliza-de-mussi-a-la-oposicion-en-las-elecciones-del-7-de-septiembre\/","title":{"rendered":"Escrutinio definitivo confirm\u00f3 paliza de Mussi a la oposici\u00f3n en las elecciones del 7 de Septiembre"},"content":{"rendered":"\n<p>El escrutinio definitivo de las elecciones provinciales y municipales del 7 de Septiembre en Berazategui confirm\u00f3 el contundente triunfo de la Lista de Fuerza Patria que encabez\u00f3 de manera testimonial el Intendente Dr. Juan Jos\u00e9 Mussi quien obtuvo el respaldo del 64,32% de los votantes, dejando muy lejos en segundo lugar a La Libertad Avanza con el 25,34%.<br>Qued\u00f3 confirmado tambi\u00e9n que la lista encabezada por Mussi consigui\u00f3 8 concejales contra 4 de LLA y 3 consejeros escolares frente a 1 de los libertarios.<\/p>\n","protected":false},"excerpt":{"rendered":"<p>El escrutinio definitivo de las elecciones provinciales y municipales del 7 de Septiembre en Berazategui confirm\u00f3 el contundente triunfo de la Lista de Fuerza Patria que encabez\u00f3 de manera testimonial el Intendente Dr. Juan Jos\u00e9 Mussi quien obtuvo el respaldo del 64,32% de los votantes, dejando muy lejos en segundo lugar a La Libertad Avanza&#8230;<\/p>\n","protected":false},"author":2,"featured_media":25499,"comment_status":"open","ping_status":"open","sticky":false,"template":"","format":"standard","meta":{"footnotes":""},"categories":[3],"tags":[],"class_list":["post-25498","post","type-post","status-publish","format-standard","has-post-thumbnail","hentry","category-berazategui"],"featured_image_src":"https:\/\/diarioprincipios.com\/wp-content\/uploads\/2025\/09\/IMG-20250926-WA0075-694x1024.jpg","blog_images":{"medium":"https:\/\/diarioprincipios.com\/wp-content\/uploads\/2025\/09\/IMG-20250926-WA0075-203x300.jpg","large":"https:\/\/diarioprincipios.com\/wp-content\/uploads\/2025\/09\/IMG-20250926-WA0075-694x1024.jpg"},"ams_acf":[],"yoast_head":"<!-- This site is optimized with the Yoast SEO plugin v27.3 - https:\/\/yoast.com\/product\/yoast-seo-wordpress\/ -->\n<title>Escrutinio definitivo confirm\u00f3 paliza de Mussi a la oposici\u00f3n en las elecciones del 7 de Septiembre - Principios<\/title>\n<meta name=\"robots\" content=\"index, follow, max-snippet:-1, max-image-preview:large, max-video-preview:-1\" \/>\n<link rel=\"canonical\" href=\"https:\/\/diarioprincipios.com\/index.php\/2025\/09\/27\/escrutinio-definitivo-confirmo-paliza-de-mussi-a-la-oposicion-en-las-elecciones-del-7-de-septiembre\/\" \/>\n<meta property=\"og:locale\" content=\"es_ES\" \/>\n<meta property=\"og:type\" content=\"article\" \/>\n<meta property=\"og:title\" content=\"Escrutinio definitivo confirm\u00f3 paliza de Mussi a la oposici\u00f3n en las elecciones del 7 de Septiembre - Principios\" \/>\n<meta property=\"og:description\" content=\"El escrutinio definitivo de las elecciones provinciales y municipales del 7 de Septiembre en Berazategui confirm\u00f3 el contundente triunfo de la Lista de Fuerza Patria que encabez\u00f3 de manera testimonial el Intendente Dr. Juan Jos\u00e9 Mussi quien obtuvo el respaldo del 64,32% de los votantes, dejando muy lejos en segundo lugar a La Libertad Avanza...\" \/>\n<meta property=\"og:url\" content=\"https:\/\/diarioprincipios.com\/index.php\/2025\/09\/27\/escrutinio-definitivo-confirmo-paliza-de-mussi-a-la-oposicion-en-las-elecciones-del-7-de-septiembre\/\" \/>\n<meta property=\"og:site_name\" content=\"Principios\" \/>\n<meta property=\"article:published_time\" content=\"2025-09-27T23:07:35+00:00\" \/>\n<meta property=\"article:modified_time\" content=\"2025-09-27T23:07:36+00:00\" \/>\n<meta property=\"og:image\" content=\"https:\/\/diarioprincipios.com\/wp-content\/uploads\/2025\/09\/IMG-20250926-WA0075.jpg\" \/>\n\t<meta property=\"og:image:width\" content=\"737\" \/>\n\t<meta property=\"og:image:height\" content=\"1088\" \/>\n\t<meta property=\"og:image:type\" content=\"image\/jpeg\" \/>\n<meta name=\"author\" content=\"Hern\u00e1n L\u00f3pez\" \/>\n<meta name=\"twitter:card\" content=\"summary_large_image\" \/>\n<meta name=\"twitter:label1\" content=\"Escrito por\" \/>\n\t<meta name=\"twitter:data1\" content=\"Hern\u00e1n L\u00f3pez\" \/>\n\t<meta name=\"twitter:label2\" content=\"Tiempo de lectura\" \/>\n\t<meta name=\"twitter:data2\" content=\"1 minuto\" \/>\n<script type=\"application\/ld+json\" class=\"yoast-schema-graph\">{\"@context\":\"https:\\\/\\\/schema.org\",\"@graph\":[{\"@type\":\"Article\",\"@id\":\"https:\\\/\\\/diarioprincipios.com\\\/index.php\\\/2025\\\/09\\\/27\\\/escrutinio-definitivo-confirmo-paliza-de-mussi-a-la-oposicion-en-las-elecciones-del-7-de-septiembre\\\/#article\",\"isPartOf\":{\"@id\":\"https:\\\/\\\/diarioprincipios.com\\\/index.php\\\/2025\\\/09\\\/27\\\/escrutinio-definitivo-confirmo-paliza-de-mussi-a-la-oposicion-en-las-elecciones-del-7-de-septiembre\\\/\"},\"author\":{\"name\":\"Hern\u00e1n L\u00f3pez\",\"@id\":\"https:\\\/\\\/diarioprincipios.com\\\/#\\\/schema\\\/person\\\/436d5a1fd41a5e250e23ff5a6a7cb080\"},\"headline\":\"Escrutinio definitivo confirm\u00f3 paliza de Mussi a la oposici\u00f3n en las elecciones del 7 de Septiembre\",\"datePublished\":\"2025-09-27T23:07:35+00:00\",\"dateModified\":\"2025-09-27T23:07:36+00:00\",\"mainEntityOfPage\":{\"@id\":\"https:\\\/\\\/diarioprincipios.com\\\/index.php\\\/2025\\\/09\\\/27\\\/escrutinio-definitivo-confirmo-paliza-de-mussi-a-la-oposicion-en-las-elecciones-del-7-de-septiembre\\\/\"},\"wordCount\":94,\"commentCount\":0,\"publisher\":{\"@id\":\"https:\\\/\\\/diarioprincipios.com\\\/#organization\"},\"image\":{\"@id\":\"https:\\\/\\\/diarioprincipios.com\\\/index.php\\\/2025\\\/09\\\/27\\\/escrutinio-definitivo-confirmo-paliza-de-mussi-a-la-oposicion-en-las-elecciones-del-7-de-septiembre\\\/#primaryimage\"},\"thumbnailUrl\":\"https:\\\/\\\/diarioprincipios.com\\\/wp-content\\\/uploads\\\/2025\\\/09\\\/IMG-20250926-WA0075.jpg\",\"articleSection\":[\"Berazategui\"],\"inLanguage\":\"es\",\"potentialAction\":[{\"@type\":\"CommentAction\",\"name\":\"Comment\",\"target\":[\"https:\\\/\\\/diarioprincipios.com\\\/index.php\\\/2025\\\/09\\\/27\\\/escrutinio-definitivo-confirmo-paliza-de-mussi-a-la-oposicion-en-las-elecciones-del-7-de-septiembre\\\/#respond\"]}]},{\"@type\":\"WebPage\",\"@id\":\"https:\\\/\\\/diarioprincipios.com\\\/index.php\\\/2025\\\/09\\\/27\\\/escrutinio-definitivo-confirmo-paliza-de-mussi-a-la-oposicion-en-las-elecciones-del-7-de-septiembre\\\/\",\"url\":\"https:\\\/\\\/diarioprincipios.com\\\/index.php\\\/2025\\\/09\\\/27\\\/escrutinio-definitivo-confirmo-paliza-de-mussi-a-la-oposicion-en-las-elecciones-del-7-de-septiembre\\\/\",\"name\":\"Escrutinio definitivo confirm\u00f3 paliza de Mussi a la oposici\u00f3n en las elecciones del 7 de Septiembre - Principios\",\"isPartOf\":{\"@id\":\"https:\\\/\\\/diarioprincipios.com\\\/#website\"},\"primaryImageOfPage\":{\"@id\":\"https:\\\/\\\/diarioprincipios.com\\\/index.php\\\/2025\\\/09\\\/27\\\/escrutinio-definitivo-confirmo-paliza-de-mussi-a-la-oposicion-en-las-elecciones-del-7-de-septiembre\\\/#primaryimage\"},\"image\":{\"@id\":\"https:\\\/\\\/diarioprincipios.com\\\/index.php\\\/2025\\\/09\\\/27\\\/escrutinio-definitivo-confirmo-paliza-de-mussi-a-la-oposicion-en-las-elecciones-del-7-de-septiembre\\\/#primaryimage\"},\"thumbnailUrl\":\"https:\\\/\\\/diarioprincipios.com\\\/wp-content\\\/uploads\\\/2025\\\/09\\\/IMG-20250926-WA0075.jpg\",\"datePublished\":\"2025-09-27T23:07:35+00:00\",\"dateModified\":\"2025-09-27T23:07:36+00:00\",\"breadcrumb\":{\"@id\":\"https:\\\/\\\/diarioprincipios.com\\\/index.php\\\/2025\\\/09\\\/27\\\/escrutinio-definitivo-confirmo-paliza-de-mussi-a-la-oposicion-en-las-elecciones-del-7-de-septiembre\\\/#breadcrumb\"},\"inLanguage\":\"es\",\"potentialAction\":[{\"@type\":\"ReadAction\",\"target\":[\"https:\\\/\\\/diarioprincipios.com\\\/index.php\\\/2025\\\/09\\\/27\\\/escrutinio-definitivo-confirmo-paliza-de-mussi-a-la-oposicion-en-las-elecciones-del-7-de-septiembre\\\/\"]}]},{\"@type\":\"ImageObject\",\"inLanguage\":\"es\",\"@id\":\"https:\\\/\\\/diarioprincipios.com\\\/index.php\\\/2025\\\/09\\\/27\\\/escrutinio-definitivo-confirmo-paliza-de-mussi-a-la-oposicion-en-las-elecciones-del-7-de-septiembre\\\/#primaryimage\",\"url\":\"https:\\\/\\\/diarioprincipios.com\\\/wp-content\\\/uploads\\\/2025\\\/09\\\/IMG-20250926-WA0075.jpg\",\"contentUrl\":\"https:\\\/\\\/diarioprincipios.com\\\/wp-content\\\/uploads\\\/2025\\\/09\\\/IMG-20250926-WA0075.jpg\",\"width\":737,\"height\":1088},{\"@type\":\"BreadcrumbList\",\"@id\":\"https:\\\/\\\/diarioprincipios.com\\\/index.php\\\/2025\\\/09\\\/27\\\/escrutinio-definitivo-confirmo-paliza-de-mussi-a-la-oposicion-en-las-elecciones-del-7-de-septiembre\\\/#breadcrumb\",\"itemListElement\":[{\"@type\":\"ListItem\",\"position\":1,\"name\":\"Portada\",\"item\":\"https:\\\/\\\/diarioprincipios.com\\\/\"},{\"@type\":\"ListItem\",\"position\":2,\"name\":\"Escrutinio definitivo confirm\u00f3 paliza de Mussi a la oposici\u00f3n en las elecciones del 7 de Septiembre\"}]},{\"@type\":\"WebSite\",\"@id\":\"https:\\\/\\\/diarioprincipios.com\\\/#website\",\"url\":\"https:\\\/\\\/diarioprincipios.com\\\/\",\"name\":\"Principios\",\"description\":\"Principios Diario\",\"publisher\":{\"@id\":\"https:\\\/\\\/diarioprincipios.com\\\/#organization\"},\"potentialAction\":[{\"@type\":\"SearchAction\",\"target\":{\"@type\":\"EntryPoint\",\"urlTemplate\":\"https:\\\/\\\/diarioprincipios.com\\\/?s={search_term_string}\"},\"query-input\":{\"@type\":\"PropertyValueSpecification\",\"valueRequired\":true,\"valueName\":\"search_term_string\"}}],\"inLanguage\":\"es\"},{\"@type\":\"Organization\",\"@id\":\"https:\\\/\\\/diarioprincipios.com\\\/#organization\",\"name\":\"Principios\",\"url\":\"https:\\\/\\\/diarioprincipios.com\\\/\",\"logo\":{\"@type\":\"ImageObject\",\"inLanguage\":\"es\",\"@id\":\"https:\\\/\\\/diarioprincipios.com\\\/#\\\/schema\\\/logo\\\/image\\\/\",\"url\":\"https:\\\/\\\/diarioprincipios.com\\\/wp-content\\\/uploads\\\/2024\\\/04\\\/cropped-www.diarioprincipios.com_-1.png\",\"contentUrl\":\"https:\\\/\\\/diarioprincipios.com\\\/wp-content\\\/uploads\\\/2024\\\/04\\\/cropped-www.diarioprincipios.com_-1.png\",\"width\":5325,\"height\":1454,\"caption\":\"Principios\"},\"image\":{\"@id\":\"https:\\\/\\\/diarioprincipios.com\\\/#\\\/schema\\\/logo\\\/image\\\/\"}},{\"@type\":\"Person\",\"@id\":\"https:\\\/\\\/diarioprincipios.com\\\/#\\\/schema\\\/person\\\/436d5a1fd41a5e250e23ff5a6a7cb080\",\"name\":\"Hern\u00e1n L\u00f3pez\",\"image\":{\"@type\":\"ImageObject\",\"inLanguage\":\"es\",\"@id\":\"https:\\\/\\\/diarioprincipios.com\\\/wp-content\\\/litespeed\\\/avatar\\\/11ddfe5610ff3bd100522525b2571f48.jpg?ver=1777653193\",\"url\":\"https:\\\/\\\/diarioprincipios.com\\\/wp-content\\\/litespeed\\\/avatar\\\/11ddfe5610ff3bd100522525b2571f48.jpg?ver=1777653193\",\"contentUrl\":\"https:\\\/\\\/diarioprincipios.com\\\/wp-content\\\/litespeed\\\/avatar\\\/11ddfe5610ff3bd100522525b2571f48.jpg?ver=1777653193\",\"caption\":\"Hern\u00e1n L\u00f3pez\"},\"url\":\"https:\\\/\\\/diarioprincipios.com\\\/index.php\\\/author\\\/hernan\\\/\"}]}<\/script>\n<!-- \/ Yoast SEO plugin. -->","yoast_head_json":{"title":"Escrutinio definitivo confirm\u00f3 paliza de Mussi a la oposici\u00f3n en las elecciones del 7 de Septiembre - Principios","robots":{"index":"index","follow":"follow","max-snippet":"max-snippet:-1","max-image-preview":"max-image-preview:large","max-video-preview":"max-video-preview:-1"},"canonical":"https:\/\/diarioprincipios.com\/index.php\/2025\/09\/27\/escrutinio-definitivo-confirmo-paliza-de-mussi-a-la-oposicion-en-las-elecciones-del-7-de-septiembre\/","og_locale":"es_ES","og_type":"article","og_title":"Escrutinio definitivo confirm\u00f3 paliza de Mussi a la oposici\u00f3n en las elecciones del 7 de Septiembre - Principios","og_description":"El escrutinio definitivo de las elecciones provinciales y municipales del 7 de Septiembre en Berazategui confirm\u00f3 el contundente triunfo de la Lista de Fuerza Patria que encabez\u00f3 de manera testimonial el Intendente Dr. Juan Jos\u00e9 Mussi quien obtuvo el respaldo del 64,32% de los votantes, dejando muy lejos en segundo lugar a La Libertad Avanza...","og_url":"https:\/\/diarioprincipios.com\/index.php\/2025\/09\/27\/escrutinio-definitivo-confirmo-paliza-de-mussi-a-la-oposicion-en-las-elecciones-del-7-de-septiembre\/","og_site_name":"Principios","article_published_time":"2025-09-27T23:07:35+00:00","article_modified_time":"2025-09-27T23:07:36+00:00","og_image":[{"width":737,"height":1088,"url":"https:\/\/diarioprincipios.com\/wp-content\/uploads\/2025\/09\/IMG-20250926-WA0075.jpg","type":"image\/jpeg"}],"author":"Hern\u00e1n L\u00f3pez","twitter_card":"summary_large_image","twitter_misc":{"Escrito por":"Hern\u00e1n L\u00f3pez","Tiempo de lectura":"1 minuto"},"schema":{"@context":"https:\/\/schema.org","@graph":[{"@type":"Article","@id":"https:\/\/diarioprincipios.com\/index.php\/2025\/09\/27\/escrutinio-definitivo-confirmo-paliza-de-mussi-a-la-oposicion-en-las-elecciones-del-7-de-septiembre\/#article","isPartOf":{"@id":"https:\/\/diarioprincipios.com\/index.php\/2025\/09\/27\/escrutinio-definitivo-confirmo-paliza-de-mussi-a-la-oposicion-en-las-elecciones-del-7-de-septiembre\/"},"author":{"name":"Hern\u00e1n L\u00f3pez","@id":"https:\/\/diarioprincipios.com\/#\/schema\/person\/436d5a1fd41a5e250e23ff5a6a7cb080"},"headline":"Escrutinio definitivo confirm\u00f3 paliza de Mussi a la oposici\u00f3n en las elecciones del 7 de Septiembre","datePublished":"2025-09-27T23:07:35+00:00","dateModified":"2025-09-27T23:07:36+00:00","mainEntityOfPage":{"@id":"https:\/\/diarioprincipios.com\/index.php\/2025\/09\/27\/escrutinio-definitivo-confirmo-paliza-de-mussi-a-la-oposicion-en-las-elecciones-del-7-de-septiembre\/"},"wordCount":94,"commentCount":0,"publisher":{"@id":"https:\/\/diarioprincipios.com\/#organization"},"image":{"@id":"https:\/\/diarioprincipios.com\/index.php\/2025\/09\/27\/escrutinio-definitivo-confirmo-paliza-de-mussi-a-la-oposicion-en-las-elecciones-del-7-de-septiembre\/#primaryimage"},"thumbnailUrl":"https:\/\/diarioprincipios.com\/wp-content\/uploads\/2025\/09\/IMG-20250926-WA0075.jpg","articleSection":["Berazategui"],"inLanguage":"es","potentialAction":[{"@type":"CommentAction","name":"Comment","target":["https:\/\/diarioprincipios.com\/index.php\/2025\/09\/27\/escrutinio-definitivo-confirmo-paliza-de-mussi-a-la-oposicion-en-las-elecciones-del-7-de-septiembre\/#respond"]}]},{"@type":"WebPage","@id":"https:\/\/diarioprincipios.com\/index.php\/2025\/09\/27\/escrutinio-definitivo-confirmo-paliza-de-mussi-a-la-oposicion-en-las-elecciones-del-7-de-septiembre\/","url":"https:\/\/diarioprincipios.com\/index.php\/2025\/09\/27\/escrutinio-definitivo-confirmo-paliza-de-mussi-a-la-oposicion-en-las-elecciones-del-7-de-septiembre\/","name":"Escrutinio definitivo confirm\u00f3 paliza de Mussi a la oposici\u00f3n en las elecciones del 7 de Septiembre - Principios","isPartOf":{"@id":"https:\/\/diarioprincipios.com\/#website"},"primaryImageOfPage":{"@id":"https:\/\/diarioprincipios.com\/index.php\/2025\/09\/27\/escrutinio-definitivo-confirmo-paliza-de-mussi-a-la-oposicion-en-las-elecciones-del-7-de-septiembre\/#primaryimage"},"image":{"@id":"https:\/\/diarioprincipios.com\/index.php\/2025\/09\/27\/escrutinio-definitivo-confirmo-paliza-de-mussi-a-la-oposicion-en-las-elecciones-del-7-de-septiembre\/#primaryimage"},"thumbnailUrl":"https:\/\/diarioprincipios.com\/wp-content\/uploads\/2025\/09\/IMG-20250926-WA0075.jpg","datePublished":"2025-09-27T23:07:35+00:00","dateModified":"2025-09-27T23:07:36+00:00","breadcrumb":{"@id":"https:\/\/diarioprincipios.com\/index.php\/2025\/09\/27\/escrutinio-definitivo-confirmo-paliza-de-mussi-a-la-oposicion-en-las-elecciones-del-7-de-septiembre\/#breadcrumb"},"inLanguage":"es","potentialAction":[{"@type":"ReadAction","target":["https:\/\/diarioprincipios.com\/index.php\/2025\/09\/27\/escrutinio-definitivo-confirmo-paliza-de-mussi-a-la-oposicion-en-las-elecciones-del-7-de-septiembre\/"]}]},{"@type":"ImageObject","inLanguage":"es","@id":"https:\/\/diarioprincipios.com\/index.php\/2025\/09\/27\/escrutinio-definitivo-confirmo-paliza-de-mussi-a-la-oposicion-en-las-elecciones-del-7-de-septiembre\/#primaryimage","url":"https:\/\/diarioprincipios.com\/wp-content\/uploads\/2025\/09\/IMG-20250926-WA0075.jpg","contentUrl":"https:\/\/diarioprincipios.com\/wp-content\/uploads\/2025\/09\/IMG-20250926-WA0075.jpg","width":737,"height":1088},{"@type":"BreadcrumbList","@id":"https:\/\/diarioprincipios.com\/index.php\/2025\/09\/27\/escrutinio-definitivo-confirmo-paliza-de-mussi-a-la-oposicion-en-las-elecciones-del-7-de-septiembre\/#breadcrumb","itemListElement":[{"@type":"ListItem","position":1,"name":"Portada","item":"https:\/\/diarioprincipios.com\/"},{"@type":"ListItem","position":2,"name":"Escrutinio definitivo confirm\u00f3 paliza de Mussi a la oposici\u00f3n en las elecciones del 7 de Septiembre"}]},{"@type":"WebSite","@id":"https:\/\/diarioprincipios.com\/#website","url":"https:\/\/diarioprincipios.com\/","name":"Principios","description":"Principios Diario","publisher":{"@id":"https:\/\/diarioprincipios.com\/#organization"},"potentialAction":[{"@type":"SearchAction","target":{"@type":"EntryPoint","urlTemplate":"https:\/\/diarioprincipios.com\/?s={search_term_string}"},"query-input":{"@type":"PropertyValueSpecification","valueRequired":true,"valueName":"search_term_string"}}],"inLanguage":"es"},{"@type":"Organization","@id":"https:\/\/diarioprincipios.com\/#organization","name":"Principios","url":"https:\/\/diarioprincipios.com\/","logo":{"@type":"ImageObject","inLanguage":"es","@id":"https:\/\/diarioprincipios.com\/#\/schema\/logo\/image\/","url":"https:\/\/diarioprincipios.com\/wp-content\/uploads\/2024\/04\/cropped-www.diarioprincipios.com_-1.png","contentUrl":"https:\/\/diarioprincipios.com\/wp-content\/uploads\/2024\/04\/cropped-www.diarioprincipios.com_-1.png","width":5325,"height":1454,"caption":"Principios"},"image":{"@id":"https:\/\/diarioprincipios.com\/#\/schema\/logo\/image\/"}},{"@type":"Person","@id":"https:\/\/diarioprincipios.com\/#\/schema\/person\/436d5a1fd41a5e250e23ff5a6a7cb080","name":"Hern\u00e1n L\u00f3pez","image":{"@type":"ImageObject","inLanguage":"es","@id":"https:\/\/diarioprincipios.com\/wp-content\/litespeed\/avatar\/11ddfe5610ff3bd100522525b2571f48.jpg?ver=1777653193","url":"https:\/\/diarioprincipios.com\/wp-content\/litespeed\/avatar\/11ddfe5610ff3bd100522525b2571f48.jpg?ver=1777653193","contentUrl":"https:\/\/diarioprincipios.com\/wp-content\/litespeed\/avatar\/11ddfe5610ff3bd100522525b2571f48.jpg?ver=1777653193","caption":"Hern\u00e1n L\u00f3pez"},"url":"https:\/\/diarioprincipios.com\/index.php\/author\/hernan\/"}]}},"jetpack_featured_media_url":"https:\/\/diarioprincipios.com\/wp-content\/uploads\/2025\/09\/IMG-20250926-WA0075.jpg","_links":{"self":[{"href":"https:\/\/diarioprincipios.com\/index.php\/wp-json\/wp\/v2\/posts\/25498","targetHints":{"allow":["GET"]}}],"collection":[{"href":"https:\/\/diarioprincipios.com\/index.php\/wp-json\/wp\/v2\/posts"}],"about":[{"href":"https:\/\/diarioprincipios.com\/index.php\/wp-json\/wp\/v2\/types\/post"}],"author":[{"embeddable":true,"href":"https:\/\/diarioprincipios.com\/index.php\/wp-json\/wp\/v2\/users\/2"}],"replies":[{"embeddable":true,"href":"https:\/\/diarioprincipios.com\/index.php\/wp-json\/wp\/v2\/comments?post=25498"}],"version-history":[{"count":1,"href":"https:\/\/diarioprincipios.com\/index.php\/wp-json\/wp\/v2\/posts\/25498\/revisions"}],"predecessor-version":[{"id":25500,"href":"https:\/\/diarioprincipios.com\/index.php\/wp-json\/wp\/v2\/posts\/25498\/revisions\/25500"}],"wp:featuredmedia":[{"embeddable":true,"href":"https:\/\/diarioprincipios.com\/index.php\/wp-json\/wp\/v2\/media\/25499"}],"wp:attachment":[{"href":"https:\/\/diarioprincipios.com\/index.php\/wp-json\/wp\/v2\/media?parent=25498"}],"wp:term":[{"taxonomy":"category","embeddable":true,"href":"https:\/\/diarioprincipios.com\/index.php\/wp-json\/wp\/v2\/categories?post=25498"},{"taxonomy":"post_tag","embeddable":true,"href":"https:\/\/diarioprincipios.com\/index.php\/wp-json\/wp\/v2\/tags?post=25498"}],"curies":[{"name":"wp","href":"https:\/\/api.w.org\/{rel}","templated":true}]}}