{"id":2541,"date":"2020-06-05T12:07:14","date_gmt":"2020-06-05T15:07:14","guid":{"rendered":"http:\/\/diarioprincipios.com\/?p=2541"},"modified":"2020-06-05T12:07:16","modified_gmt":"2020-06-05T15:07:16","slug":"berazategui-puso-en-marcha-8-puntos-solidarios-para-darle-de-cenar-a-vecinos-de-sectores-mas-vulnerables","status":"publish","type":"post","link":"https:\/\/diarioprincipios.com\/index.php\/2020\/06\/05\/berazategui-puso-en-marcha-8-puntos-solidarios-para-darle-de-cenar-a-vecinos-de-sectores-mas-vulnerables\/","title":{"rendered":"Berazategui puso en marcha 8 puntos solidarios para darle de cenar a vecinos de sectores m\u00e1s vulnerables"},"content":{"rendered":"\n<p><strong>En el marco de la delicada situaci\u00f3n econ\u00f3mica que atraviesa el pa\u00eds como consecuencia del Coronavirus, la Municipalidad de Berazategui decidi\u00f3 impulsar la creaci\u00f3n de 8 \u201cPuntos Solidarios\u201d, a trav\u00e9s del Consejo Municipal de Emergencia COVID-19. Estos espacios comenzaron a funcionar en distintos barrios con el fin de proporcionarles raciones de comida ya elaborada, para cenar, a quienes m\u00e1s lo necesitan.<\/strong><\/p>\n\n\n\n<p>\u201cEn respuesta a las necesidades que se van generando a ra\u00edz de la pandemia, el intendente de Berazategui, Juan Jos\u00e9 Mussi, decidi\u00f3 convocar al Consejo de Emergencia COVID-19 e implementar la creaci\u00f3n de \u2018Puntos Solidarios\u2019 en algunos de los barrios m\u00e1s vulnerables de la ciudad\u201d, explica el subsecretario de Trabajo Comunitario municipal, Mat\u00edas Aguirre, y detalla: \u201cSe trata de espacios donde de lunes a s\u00e1bado, de 18.00 a 19.00, nos encargamos de ayudar a todos aquellos vecinos que hoy no pueden alimentarse por razones econ\u00f3micas\u201d.<\/p>\n\n\n\n<p>Organizados por la Secretar\u00eda de Desarrollo Social y Comunitario municipal, los Puntos Solidarios funcionan en las siguientes instituciones p\u00fablicas y barriales:<\/p>\n\n\n\n<p>&#8211; El Polideportivo N\u00b0 6 (11 e\/ 160 y 161), del barrio Asunci\u00f3n y Mosconi, los d\u00edas lunes, mi\u00e9rcoles y viernes.<br>&#8211; La Sociedad de Fomento \u201cBelgrano\u201d (161 y 19), del barrio Belgrano, de lunes a s\u00e1bado.<br>&#8211; El Polideportivos N\u00b0 4 (164 e\/ 29 y 30), de Villa Mitre, de lunes a s\u00e1bado.<br>&#8211; La Sociedad de Fomento \u201cLa Prosperidad\u201d (140 e\/ 42 y 43), del barrio La Prosperidad, de lunes a s\u00e1bado.<br>&#8211; El Club \u00abSan Vicente\u00bb (135 y 5), del barrio La Primavera, de martes a viernes.<br>&#8211; La Sociedad de Fomento \u201cKennedy Norte\u201d (50 e\/127 y 128), del barrio Kennedy Norte, de lunes a s\u00e1bado.<br>&#8211; La Parroquia Santa Juana Antida Thouret (125 e\/ 3 y 4), del barrio 1\u00b0 de Mayo, los d\u00edas lunes, mi\u00e9rcoles, jueves y s\u00e1bado.<br>&#8211; La Sociedad de Fomento \u201cBarrio Once\u201d (616 y 504), de El Pato, de lunes a s\u00e1bado.<\/p>\n\n\n\n<p>\u201cAquellos vecinos de Berazategui que est\u00e9n pasando por situaciones de vulnerabilidad pueden acercarse con su tupper a cualquiera de estos Puntos Solidarios, desde las 18.00 y sin inscripci\u00f3n previa. Solamente les pedimos que, quienes vengan a buscar la comida, sean adultos y respeten todos los recaudos que venimos tomando para evitar la propagaci\u00f3n del Coronavirus, como preservar las distancias y utilizar tapaboca. Adem\u00e1s, en cada una de estas instituciones nosotros les proporcionamos alcohol en gel, para poder cuidarnos entre todos\u201d, indica Aguirre, quien adem\u00e1s aclara que todos estos espacios tambi\u00e9n funcionan los d\u00edas feriados.<\/p>\n\n\n\n<p>Finalmente, frente a la actual emergencia sanitaria a nivel nacional, el funcionario destaca la creaci\u00f3n en Berazategui del Consejo Municipal de Emergencia COVID-19, presidido por el propio Jefe comunal y conformado para hacer frente a cada una de las problem\u00e1ticas sociales y econ\u00f3micas surgidas en el distrito como consecuencia de esta pandemia. \u201cAdem\u00e1s del Dr. Juan Jos\u00e9 Mussi, participan las distintas Secretar\u00edas municipales, las Iglesias cat\u00f3lica y evang\u00e9lica, las C\u00e1maras de comercio local, la Uni\u00f3n Industrial de Berazategui y las Agrupaciones sociales. Sin dudas, sin todo este trabajo conjunto ser\u00eda muy dif\u00edcil poder llevar a la pr\u00e1ctica esta iniciativa solidaria\u201d, concluye Aguirre<\/p>\n","protected":false},"excerpt":{"rendered":"<p>En el marco de la delicada situaci\u00f3n econ\u00f3mica que atraviesa el pa\u00eds como consecuencia del Coronavirus, la Municipalidad de Berazategui decidi\u00f3 impulsar la creaci\u00f3n de 8 \u201cPuntos Solidarios\u201d, a trav\u00e9s del Consejo Municipal de Emergencia COVID-19. Estos espacios comenzaron a funcionar en distintos barrios con el fin de proporcionarles raciones de comida ya elaborada, para&#8230;<\/p>\n","protected":false},"author":2,"featured_media":2542,"comment_status":"open","ping_status":"open","sticky":false,"template":"","format":"standard","meta":{"footnotes":""},"categories":[3],"tags":[],"class_list":["post-2541","post","type-post","status-publish","format-standard","has-post-thumbnail","hentry","category-berazategui"],"featured_image_src":"https:\/\/diarioprincipios.com\/wp-content\/uploads\/2020\/06\/Screenshot_20200605-120437_Chrome-1024x749.jpg","blog_images":{"medium":"https:\/\/diarioprincipios.com\/wp-content\/uploads\/2020\/06\/Screenshot_20200605-120437_Chrome-300x219.jpg","large":"https:\/\/diarioprincipios.com\/wp-content\/uploads\/2020\/06\/Screenshot_20200605-120437_Chrome-1024x749.jpg"},"ams_acf":[],"yoast_head":"<!-- This site is optimized with the Yoast SEO plugin v27.3 - https:\/\/yoast.com\/product\/yoast-seo-wordpress\/ -->\n<title>Berazategui puso en marcha 8 puntos solidarios para darle de cenar a vecinos de sectores m\u00e1s vulnerables - Principios<\/title>\n<meta name=\"robots\" content=\"index, follow, max-snippet:-1, max-image-preview:large, max-video-preview:-1\" \/>\n<link rel=\"canonical\" href=\"https:\/\/diarioprincipios.com\/index.php\/2020\/06\/05\/berazategui-puso-en-marcha-8-puntos-solidarios-para-darle-de-cenar-a-vecinos-de-sectores-mas-vulnerables\/\" \/>\n<meta property=\"og:locale\" content=\"es_ES\" \/>\n<meta property=\"og:type\" content=\"article\" \/>\n<meta property=\"og:title\" content=\"Berazategui puso en marcha 8 puntos solidarios para darle de cenar a vecinos de sectores m\u00e1s vulnerables - Principios\" \/>\n<meta property=\"og:description\" content=\"En el marco de la delicada situaci\u00f3n econ\u00f3mica que atraviesa el pa\u00eds como consecuencia del Coronavirus, la Municipalidad de Berazategui decidi\u00f3 impulsar la creaci\u00f3n de 8 \u201cPuntos Solidarios\u201d, a trav\u00e9s del Consejo Municipal de Emergencia COVID-19. Estos espacios comenzaron a funcionar en distintos barrios con el fin de proporcionarles raciones de comida ya elaborada, para...\" \/>\n<meta property=\"og:url\" content=\"https:\/\/diarioprincipios.com\/index.php\/2020\/06\/05\/berazategui-puso-en-marcha-8-puntos-solidarios-para-darle-de-cenar-a-vecinos-de-sectores-mas-vulnerables\/\" \/>\n<meta property=\"og:site_name\" content=\"Principios\" \/>\n<meta property=\"article:published_time\" content=\"2020-06-05T15:07:14+00:00\" \/>\n<meta property=\"article:modified_time\" content=\"2020-06-05T15:07:16+00:00\" \/>\n<meta property=\"og:image\" content=\"https:\/\/diarioprincipios.com\/wp-content\/uploads\/2020\/06\/Screenshot_20200605-120437_Chrome.jpg\" \/>\n\t<meta property=\"og:image:width\" content=\"1078\" \/>\n\t<meta property=\"og:image:height\" content=\"788\" \/>\n\t<meta property=\"og:image:type\" content=\"image\/jpeg\" \/>\n<meta name=\"author\" content=\"Hern\u00e1n L\u00f3pez\" \/>\n<meta name=\"twitter:card\" content=\"summary_large_image\" \/>\n<meta name=\"twitter:label1\" content=\"Escrito por\" \/>\n\t<meta name=\"twitter:data1\" content=\"Hern\u00e1n L\u00f3pez\" \/>\n\t<meta name=\"twitter:label2\" content=\"Tiempo de lectura\" \/>\n\t<meta name=\"twitter:data2\" content=\"3 minutos\" \/>\n<script type=\"application\/ld+json\" class=\"yoast-schema-graph\">{\"@context\":\"https:\\\/\\\/schema.org\",\"@graph\":[{\"@type\":\"Article\",\"@id\":\"https:\\\/\\\/diarioprincipios.com\\\/index.php\\\/2020\\\/06\\\/05\\\/berazategui-puso-en-marcha-8-puntos-solidarios-para-darle-de-cenar-a-vecinos-de-sectores-mas-vulnerables\\\/#article\",\"isPartOf\":{\"@id\":\"https:\\\/\\\/diarioprincipios.com\\\/index.php\\\/2020\\\/06\\\/05\\\/berazategui-puso-en-marcha-8-puntos-solidarios-para-darle-de-cenar-a-vecinos-de-sectores-mas-vulnerables\\\/\"},\"author\":{\"name\":\"Hern\u00e1n L\u00f3pez\",\"@id\":\"https:\\\/\\\/diarioprincipios.com\\\/#\\\/schema\\\/person\\\/436d5a1fd41a5e250e23ff5a6a7cb080\"},\"headline\":\"Berazategui puso en marcha 8 puntos solidarios para darle de cenar a vecinos de sectores m\u00e1s vulnerables\",\"datePublished\":\"2020-06-05T15:07:14+00:00\",\"dateModified\":\"2020-06-05T15:07:16+00:00\",\"mainEntityOfPage\":{\"@id\":\"https:\\\/\\\/diarioprincipios.com\\\/index.php\\\/2020\\\/06\\\/05\\\/berazategui-puso-en-marcha-8-puntos-solidarios-para-darle-de-cenar-a-vecinos-de-sectores-mas-vulnerables\\\/\"},\"wordCount\":547,\"commentCount\":0,\"publisher\":{\"@id\":\"https:\\\/\\\/diarioprincipios.com\\\/#organization\"},\"image\":{\"@id\":\"https:\\\/\\\/diarioprincipios.com\\\/index.php\\\/2020\\\/06\\\/05\\\/berazategui-puso-en-marcha-8-puntos-solidarios-para-darle-de-cenar-a-vecinos-de-sectores-mas-vulnerables\\\/#primaryimage\"},\"thumbnailUrl\":\"https:\\\/\\\/diarioprincipios.com\\\/wp-content\\\/uploads\\\/2020\\\/06\\\/Screenshot_20200605-120437_Chrome.jpg\",\"articleSection\":[\"Berazategui\"],\"inLanguage\":\"es\",\"potentialAction\":[{\"@type\":\"CommentAction\",\"name\":\"Comment\",\"target\":[\"https:\\\/\\\/diarioprincipios.com\\\/index.php\\\/2020\\\/06\\\/05\\\/berazategui-puso-en-marcha-8-puntos-solidarios-para-darle-de-cenar-a-vecinos-de-sectores-mas-vulnerables\\\/#respond\"]}]},{\"@type\":\"WebPage\",\"@id\":\"https:\\\/\\\/diarioprincipios.com\\\/index.php\\\/2020\\\/06\\\/05\\\/berazategui-puso-en-marcha-8-puntos-solidarios-para-darle-de-cenar-a-vecinos-de-sectores-mas-vulnerables\\\/\",\"url\":\"https:\\\/\\\/diarioprincipios.com\\\/index.php\\\/2020\\\/06\\\/05\\\/berazategui-puso-en-marcha-8-puntos-solidarios-para-darle-de-cenar-a-vecinos-de-sectores-mas-vulnerables\\\/\",\"name\":\"Berazategui puso en marcha 8 puntos solidarios para darle de cenar a vecinos de sectores m\u00e1s vulnerables - Principios\",\"isPartOf\":{\"@id\":\"https:\\\/\\\/diarioprincipios.com\\\/#website\"},\"primaryImageOfPage\":{\"@id\":\"https:\\\/\\\/diarioprincipios.com\\\/index.php\\\/2020\\\/06\\\/05\\\/berazategui-puso-en-marcha-8-puntos-solidarios-para-darle-de-cenar-a-vecinos-de-sectores-mas-vulnerables\\\/#primaryimage\"},\"image\":{\"@id\":\"https:\\\/\\\/diarioprincipios.com\\\/index.php\\\/2020\\\/06\\\/05\\\/berazategui-puso-en-marcha-8-puntos-solidarios-para-darle-de-cenar-a-vecinos-de-sectores-mas-vulnerables\\\/#primaryimage\"},\"thumbnailUrl\":\"https:\\\/\\\/diarioprincipios.com\\\/wp-content\\\/uploads\\\/2020\\\/06\\\/Screenshot_20200605-120437_Chrome.jpg\",\"datePublished\":\"2020-06-05T15:07:14+00:00\",\"dateModified\":\"2020-06-05T15:07:16+00:00\",\"breadcrumb\":{\"@id\":\"https:\\\/\\\/diarioprincipios.com\\\/index.php\\\/2020\\\/06\\\/05\\\/berazategui-puso-en-marcha-8-puntos-solidarios-para-darle-de-cenar-a-vecinos-de-sectores-mas-vulnerables\\\/#breadcrumb\"},\"inLanguage\":\"es\",\"potentialAction\":[{\"@type\":\"ReadAction\",\"target\":[\"https:\\\/\\\/diarioprincipios.com\\\/index.php\\\/2020\\\/06\\\/05\\\/berazategui-puso-en-marcha-8-puntos-solidarios-para-darle-de-cenar-a-vecinos-de-sectores-mas-vulnerables\\\/\"]}]},{\"@type\":\"ImageObject\",\"inLanguage\":\"es\",\"@id\":\"https:\\\/\\\/diarioprincipios.com\\\/index.php\\\/2020\\\/06\\\/05\\\/berazategui-puso-en-marcha-8-puntos-solidarios-para-darle-de-cenar-a-vecinos-de-sectores-mas-vulnerables\\\/#primaryimage\",\"url\":\"https:\\\/\\\/diarioprincipios.com\\\/wp-content\\\/uploads\\\/2020\\\/06\\\/Screenshot_20200605-120437_Chrome.jpg\",\"contentUrl\":\"https:\\\/\\\/diarioprincipios.com\\\/wp-content\\\/uploads\\\/2020\\\/06\\\/Screenshot_20200605-120437_Chrome.jpg\",\"width\":1078,\"height\":788},{\"@type\":\"BreadcrumbList\",\"@id\":\"https:\\\/\\\/diarioprincipios.com\\\/index.php\\\/2020\\\/06\\\/05\\\/berazategui-puso-en-marcha-8-puntos-solidarios-para-darle-de-cenar-a-vecinos-de-sectores-mas-vulnerables\\\/#breadcrumb\",\"itemListElement\":[{\"@type\":\"ListItem\",\"position\":1,\"name\":\"Portada\",\"item\":\"https:\\\/\\\/diarioprincipios.com\\\/\"},{\"@type\":\"ListItem\",\"position\":2,\"name\":\"Berazategui puso en marcha 8 puntos solidarios para darle de cenar a vecinos de sectores m\u00e1s vulnerables\"}]},{\"@type\":\"WebSite\",\"@id\":\"https:\\\/\\\/diarioprincipios.com\\\/#website\",\"url\":\"https:\\\/\\\/diarioprincipios.com\\\/\",\"name\":\"Principios\",\"description\":\"Principios Diario\",\"publisher\":{\"@id\":\"https:\\\/\\\/diarioprincipios.com\\\/#organization\"},\"potentialAction\":[{\"@type\":\"SearchAction\",\"target\":{\"@type\":\"EntryPoint\",\"urlTemplate\":\"https:\\\/\\\/diarioprincipios.com\\\/?s={search_term_string}\"},\"query-input\":{\"@type\":\"PropertyValueSpecification\",\"valueRequired\":true,\"valueName\":\"search_term_string\"}}],\"inLanguage\":\"es\"},{\"@type\":\"Organization\",\"@id\":\"https:\\\/\\\/diarioprincipios.com\\\/#organization\",\"name\":\"Principios\",\"url\":\"https:\\\/\\\/diarioprincipios.com\\\/\",\"logo\":{\"@type\":\"ImageObject\",\"inLanguage\":\"es\",\"@id\":\"https:\\\/\\\/diarioprincipios.com\\\/#\\\/schema\\\/logo\\\/image\\\/\",\"url\":\"https:\\\/\\\/diarioprincipios.com\\\/wp-content\\\/uploads\\\/2024\\\/04\\\/cropped-www.diarioprincipios.com_-1.png\",\"contentUrl\":\"https:\\\/\\\/diarioprincipios.com\\\/wp-content\\\/uploads\\\/2024\\\/04\\\/cropped-www.diarioprincipios.com_-1.png\",\"width\":5325,\"height\":1454,\"caption\":\"Principios\"},\"image\":{\"@id\":\"https:\\\/\\\/diarioprincipios.com\\\/#\\\/schema\\\/logo\\\/image\\\/\"}},{\"@type\":\"Person\",\"@id\":\"https:\\\/\\\/diarioprincipios.com\\\/#\\\/schema\\\/person\\\/436d5a1fd41a5e250e23ff5a6a7cb080\",\"name\":\"Hern\u00e1n L\u00f3pez\",\"image\":{\"@type\":\"ImageObject\",\"inLanguage\":\"es\",\"@id\":\"https:\\\/\\\/diarioprincipios.com\\\/wp-content\\\/litespeed\\\/avatar\\\/11ddfe5610ff3bd100522525b2571f48.jpg?ver=1777048341\",\"url\":\"https:\\\/\\\/diarioprincipios.com\\\/wp-content\\\/litespeed\\\/avatar\\\/11ddfe5610ff3bd100522525b2571f48.jpg?ver=1777048341\",\"contentUrl\":\"https:\\\/\\\/diarioprincipios.com\\\/wp-content\\\/litespeed\\\/avatar\\\/11ddfe5610ff3bd100522525b2571f48.jpg?ver=1777048341\",\"caption\":\"Hern\u00e1n L\u00f3pez\"},\"url\":\"https:\\\/\\\/diarioprincipios.com\\\/index.php\\\/author\\\/hernan\\\/\"}]}<\/script>\n<!-- \/ Yoast SEO plugin. -->","yoast_head_json":{"title":"Berazategui puso en marcha 8 puntos solidarios para darle de cenar a vecinos de sectores m\u00e1s vulnerables - Principios","robots":{"index":"index","follow":"follow","max-snippet":"max-snippet:-1","max-image-preview":"max-image-preview:large","max-video-preview":"max-video-preview:-1"},"canonical":"https:\/\/diarioprincipios.com\/index.php\/2020\/06\/05\/berazategui-puso-en-marcha-8-puntos-solidarios-para-darle-de-cenar-a-vecinos-de-sectores-mas-vulnerables\/","og_locale":"es_ES","og_type":"article","og_title":"Berazategui puso en marcha 8 puntos solidarios para darle de cenar a vecinos de sectores m\u00e1s vulnerables - Principios","og_description":"En el marco de la delicada situaci\u00f3n econ\u00f3mica que atraviesa el pa\u00eds como consecuencia del Coronavirus, la Municipalidad de Berazategui decidi\u00f3 impulsar la creaci\u00f3n de 8 \u201cPuntos Solidarios\u201d, a trav\u00e9s del Consejo Municipal de Emergencia COVID-19. Estos espacios comenzaron a funcionar en distintos barrios con el fin de proporcionarles raciones de comida ya elaborada, para...","og_url":"https:\/\/diarioprincipios.com\/index.php\/2020\/06\/05\/berazategui-puso-en-marcha-8-puntos-solidarios-para-darle-de-cenar-a-vecinos-de-sectores-mas-vulnerables\/","og_site_name":"Principios","article_published_time":"2020-06-05T15:07:14+00:00","article_modified_time":"2020-06-05T15:07:16+00:00","og_image":[{"width":1078,"height":788,"url":"https:\/\/diarioprincipios.com\/wp-content\/uploads\/2020\/06\/Screenshot_20200605-120437_Chrome.jpg","type":"image\/jpeg"}],"author":"Hern\u00e1n L\u00f3pez","twitter_card":"summary_large_image","twitter_misc":{"Escrito por":"Hern\u00e1n L\u00f3pez","Tiempo de lectura":"3 minutos"},"schema":{"@context":"https:\/\/schema.org","@graph":[{"@type":"Article","@id":"https:\/\/diarioprincipios.com\/index.php\/2020\/06\/05\/berazategui-puso-en-marcha-8-puntos-solidarios-para-darle-de-cenar-a-vecinos-de-sectores-mas-vulnerables\/#article","isPartOf":{"@id":"https:\/\/diarioprincipios.com\/index.php\/2020\/06\/05\/berazategui-puso-en-marcha-8-puntos-solidarios-para-darle-de-cenar-a-vecinos-de-sectores-mas-vulnerables\/"},"author":{"name":"Hern\u00e1n L\u00f3pez","@id":"https:\/\/diarioprincipios.com\/#\/schema\/person\/436d5a1fd41a5e250e23ff5a6a7cb080"},"headline":"Berazategui puso en marcha 8 puntos solidarios para darle de cenar a vecinos de sectores m\u00e1s vulnerables","datePublished":"2020-06-05T15:07:14+00:00","dateModified":"2020-06-05T15:07:16+00:00","mainEntityOfPage":{"@id":"https:\/\/diarioprincipios.com\/index.php\/2020\/06\/05\/berazategui-puso-en-marcha-8-puntos-solidarios-para-darle-de-cenar-a-vecinos-de-sectores-mas-vulnerables\/"},"wordCount":547,"commentCount":0,"publisher":{"@id":"https:\/\/diarioprincipios.com\/#organization"},"image":{"@id":"https:\/\/diarioprincipios.com\/index.php\/2020\/06\/05\/berazategui-puso-en-marcha-8-puntos-solidarios-para-darle-de-cenar-a-vecinos-de-sectores-mas-vulnerables\/#primaryimage"},"thumbnailUrl":"https:\/\/diarioprincipios.com\/wp-content\/uploads\/2020\/06\/Screenshot_20200605-120437_Chrome.jpg","articleSection":["Berazategui"],"inLanguage":"es","potentialAction":[{"@type":"CommentAction","name":"Comment","target":["https:\/\/diarioprincipios.com\/index.php\/2020\/06\/05\/berazategui-puso-en-marcha-8-puntos-solidarios-para-darle-de-cenar-a-vecinos-de-sectores-mas-vulnerables\/#respond"]}]},{"@type":"WebPage","@id":"https:\/\/diarioprincipios.com\/index.php\/2020\/06\/05\/berazategui-puso-en-marcha-8-puntos-solidarios-para-darle-de-cenar-a-vecinos-de-sectores-mas-vulnerables\/","url":"https:\/\/diarioprincipios.com\/index.php\/2020\/06\/05\/berazategui-puso-en-marcha-8-puntos-solidarios-para-darle-de-cenar-a-vecinos-de-sectores-mas-vulnerables\/","name":"Berazategui puso en marcha 8 puntos solidarios para darle de cenar a vecinos de sectores m\u00e1s vulnerables - Principios","isPartOf":{"@id":"https:\/\/diarioprincipios.com\/#website"},"primaryImageOfPage":{"@id":"https:\/\/diarioprincipios.com\/index.php\/2020\/06\/05\/berazategui-puso-en-marcha-8-puntos-solidarios-para-darle-de-cenar-a-vecinos-de-sectores-mas-vulnerables\/#primaryimage"},"image":{"@id":"https:\/\/diarioprincipios.com\/index.php\/2020\/06\/05\/berazategui-puso-en-marcha-8-puntos-solidarios-para-darle-de-cenar-a-vecinos-de-sectores-mas-vulnerables\/#primaryimage"},"thumbnailUrl":"https:\/\/diarioprincipios.com\/wp-content\/uploads\/2020\/06\/Screenshot_20200605-120437_Chrome.jpg","datePublished":"2020-06-05T15:07:14+00:00","dateModified":"2020-06-05T15:07:16+00:00","breadcrumb":{"@id":"https:\/\/diarioprincipios.com\/index.php\/2020\/06\/05\/berazategui-puso-en-marcha-8-puntos-solidarios-para-darle-de-cenar-a-vecinos-de-sectores-mas-vulnerables\/#breadcrumb"},"inLanguage":"es","potentialAction":[{"@type":"ReadAction","target":["https:\/\/diarioprincipios.com\/index.php\/2020\/06\/05\/berazategui-puso-en-marcha-8-puntos-solidarios-para-darle-de-cenar-a-vecinos-de-sectores-mas-vulnerables\/"]}]},{"@type":"ImageObject","inLanguage":"es","@id":"https:\/\/diarioprincipios.com\/index.php\/2020\/06\/05\/berazategui-puso-en-marcha-8-puntos-solidarios-para-darle-de-cenar-a-vecinos-de-sectores-mas-vulnerables\/#primaryimage","url":"https:\/\/diarioprincipios.com\/wp-content\/uploads\/2020\/06\/Screenshot_20200605-120437_Chrome.jpg","contentUrl":"https:\/\/diarioprincipios.com\/wp-content\/uploads\/2020\/06\/Screenshot_20200605-120437_Chrome.jpg","width":1078,"height":788},{"@type":"BreadcrumbList","@id":"https:\/\/diarioprincipios.com\/index.php\/2020\/06\/05\/berazategui-puso-en-marcha-8-puntos-solidarios-para-darle-de-cenar-a-vecinos-de-sectores-mas-vulnerables\/#breadcrumb","itemListElement":[{"@type":"ListItem","position":1,"name":"Portada","item":"https:\/\/diarioprincipios.com\/"},{"@type":"ListItem","position":2,"name":"Berazategui puso en marcha 8 puntos solidarios para darle de cenar a vecinos de sectores m\u00e1s vulnerables"}]},{"@type":"WebSite","@id":"https:\/\/diarioprincipios.com\/#website","url":"https:\/\/diarioprincipios.com\/","name":"Principios","description":"Principios Diario","publisher":{"@id":"https:\/\/diarioprincipios.com\/#organization"},"potentialAction":[{"@type":"SearchAction","target":{"@type":"EntryPoint","urlTemplate":"https:\/\/diarioprincipios.com\/?s={search_term_string}"},"query-input":{"@type":"PropertyValueSpecification","valueRequired":true,"valueName":"search_term_string"}}],"inLanguage":"es"},{"@type":"Organization","@id":"https:\/\/diarioprincipios.com\/#organization","name":"Principios","url":"https:\/\/diarioprincipios.com\/","logo":{"@type":"ImageObject","inLanguage":"es","@id":"https:\/\/diarioprincipios.com\/#\/schema\/logo\/image\/","url":"https:\/\/diarioprincipios.com\/wp-content\/uploads\/2024\/04\/cropped-www.diarioprincipios.com_-1.png","contentUrl":"https:\/\/diarioprincipios.com\/wp-content\/uploads\/2024\/04\/cropped-www.diarioprincipios.com_-1.png","width":5325,"height":1454,"caption":"Principios"},"image":{"@id":"https:\/\/diarioprincipios.com\/#\/schema\/logo\/image\/"}},{"@type":"Person","@id":"https:\/\/diarioprincipios.com\/#\/schema\/person\/436d5a1fd41a5e250e23ff5a6a7cb080","name":"Hern\u00e1n L\u00f3pez","image":{"@type":"ImageObject","inLanguage":"es","@id":"https:\/\/diarioprincipios.com\/wp-content\/litespeed\/avatar\/11ddfe5610ff3bd100522525b2571f48.jpg?ver=1777048341","url":"https:\/\/diarioprincipios.com\/wp-content\/litespeed\/avatar\/11ddfe5610ff3bd100522525b2571f48.jpg?ver=1777048341","contentUrl":"https:\/\/diarioprincipios.com\/wp-content\/litespeed\/avatar\/11ddfe5610ff3bd100522525b2571f48.jpg?ver=1777048341","caption":"Hern\u00e1n L\u00f3pez"},"url":"https:\/\/diarioprincipios.com\/index.php\/author\/hernan\/"}]}},"jetpack_featured_media_url":"https:\/\/diarioprincipios.com\/wp-content\/uploads\/2020\/06\/Screenshot_20200605-120437_Chrome.jpg","_links":{"self":[{"href":"https:\/\/diarioprincipios.com\/index.php\/wp-json\/wp\/v2\/posts\/2541","targetHints":{"allow":["GET"]}}],"collection":[{"href":"https:\/\/diarioprincipios.com\/index.php\/wp-json\/wp\/v2\/posts"}],"about":[{"href":"https:\/\/diarioprincipios.com\/index.php\/wp-json\/wp\/v2\/types\/post"}],"author":[{"embeddable":true,"href":"https:\/\/diarioprincipios.com\/index.php\/wp-json\/wp\/v2\/users\/2"}],"replies":[{"embeddable":true,"href":"https:\/\/diarioprincipios.com\/index.php\/wp-json\/wp\/v2\/comments?post=2541"}],"version-history":[{"count":1,"href":"https:\/\/diarioprincipios.com\/index.php\/wp-json\/wp\/v2\/posts\/2541\/revisions"}],"predecessor-version":[{"id":2543,"href":"https:\/\/diarioprincipios.com\/index.php\/wp-json\/wp\/v2\/posts\/2541\/revisions\/2543"}],"wp:featuredmedia":[{"embeddable":true,"href":"https:\/\/diarioprincipios.com\/index.php\/wp-json\/wp\/v2\/media\/2542"}],"wp:attachment":[{"href":"https:\/\/diarioprincipios.com\/index.php\/wp-json\/wp\/v2\/media?parent=2541"}],"wp:term":[{"taxonomy":"category","embeddable":true,"href":"https:\/\/diarioprincipios.com\/index.php\/wp-json\/wp\/v2\/categories?post=2541"},{"taxonomy":"post_tag","embeddable":true,"href":"https:\/\/diarioprincipios.com\/index.php\/wp-json\/wp\/v2\/tags?post=2541"}],"curies":[{"name":"wp","href":"https:\/\/api.w.org\/{rel}","templated":true}]}}