{"id":2535,"date":"2020-06-05T09:45:27","date_gmt":"2020-06-05T12:45:27","guid":{"rendered":"http:\/\/diarioprincipios.com\/?p=2535"},"modified":"2020-06-05T09:49:25","modified_gmt":"2020-06-05T12:49:25","slug":"campana-abrigando-suenos-invitan-a-donar-tela-polar-lana-y-abrigo-para-ninos","status":"publish","type":"post","link":"https:\/\/diarioprincipios.com\/index.php\/2020\/06\/05\/campana-abrigando-suenos-invitan-a-donar-tela-polar-lana-y-abrigo-para-ninos\/","title":{"rendered":"Campa\u00f1a \u00abAbrigando Sue\u00f1os\u00bb: invitan a donar tela polar, lana y abrigo para ni\u00f1os"},"content":{"rendered":"\n<p><strong>Se acerca el invierno y como siempre, a esta altura del a\u00f1o, la Municipalidad de Berazategui relanza su Campa\u00f1a solidaria \u201cAbrigando Sue\u00f1os\u201d, que en esta oportunidad adquiere mucho m\u00e1s valor al desarrollarse en el marco de la actual emergencia sanitaria que atraviesa el pa\u00eds. Su objetivo es colaborar con prendas de abrigo para ni\u00f1os y ni\u00f1as en situaci\u00f3n de vulnerabilidad social.<\/strong><\/p>\n\n\n\n<p>Para poder cumplir con este fin, se solicita a la comunidad la donaci\u00f3n de retazos de tela polar y lana (para producir bufandas y cuellos polares), frazadas, mantas, bufandas, adem\u00e1s de medias de abrigo y calzado infantil; estos \u00faltimos preferentemente nuevos.<\/p>\n\n\n\n<figure class=\"wp-block-image size-large\"><img loading=\"lazy\" decoding=\"async\" width=\"900\" height=\"900\" src=\"https:\/\/diarioprincipios.com\/wp-content\/uploads\/2020\/06\/INVITAN-A-DONAR-TELA-POLAR-LANA-Y-ABRIGO-PARA-NI\u00d1OS-Y-NI\u00d1AS-EN-SITUACI\u00d3N-DE-VULNERABILIDAD-SOCIAL-1.jpeg\" alt=\"\" class=\"wp-image-2538\" srcset=\"https:\/\/diarioprincipios.com\/wp-content\/uploads\/2020\/06\/INVITAN-A-DONAR-TELA-POLAR-LANA-Y-ABRIGO-PARA-NI\u00d1OS-Y-NI\u00d1AS-EN-SITUACI\u00d3N-DE-VULNERABILIDAD-SOCIAL-1.jpeg 900w, https:\/\/diarioprincipios.com\/wp-content\/uploads\/2020\/06\/INVITAN-A-DONAR-TELA-POLAR-LANA-Y-ABRIGO-PARA-NI\u00d1OS-Y-NI\u00d1AS-EN-SITUACI\u00d3N-DE-VULNERABILIDAD-SOCIAL-1-300x300.jpeg 300w, https:\/\/diarioprincipios.com\/wp-content\/uploads\/2020\/06\/INVITAN-A-DONAR-TELA-POLAR-LANA-Y-ABRIGO-PARA-NI\u00d1OS-Y-NI\u00d1AS-EN-SITUACI\u00d3N-DE-VULNERABILIDAD-SOCIAL-1-150x150.jpeg 150w, https:\/\/diarioprincipios.com\/wp-content\/uploads\/2020\/06\/INVITAN-A-DONAR-TELA-POLAR-LANA-Y-ABRIGO-PARA-NI\u00d1OS-Y-NI\u00d1AS-EN-SITUACI\u00d3N-DE-VULNERABILIDAD-SOCIAL-1-768x768.jpeg 768w\" sizes=\"auto, (max-width: 900px) 100vw, 900px\" \/><\/figure>\n\n\n\n<p>Esta nueva edici\u00f3n de la campa\u00f1a es organizada de manera conjunta por las Secretar\u00edas municipales de Trabajo (mediante los Programas de Responsabilidad Social y Emprender) y de Cultura y Educaci\u00f3n (a trav\u00e9s de la Red de voluntarios \u201cBerazategui Solidaria\u201d).<\/p>\n\n\n\n<p>Los retazos de tela polar y la lana que se donen ser\u00e1n utilizados para la confecci\u00f3n de cuellos polares y bufandas, que estar\u00e1 a cargo de un grupo de emprendedoras textiles del Programa \u00abEmprender\u00bb e integrantes de los voluntariados \u201cVolBer\u201d y \u201cBerazategui Solidaria\u201d, quienes donar\u00e1n su trabajo desde sus casas.<\/p>\n\n\n\n<p>Aquellos vecinos, empresas, comercios e instituciones interesados en sumarse a esta Campa\u00f1a solidaria a trav\u00e9s de una donaci\u00f3n, pueden comunicarse al 4356-9200 (Internos 1191 y 3009), de lunes a viernes, de 8.00 a 16.00; o enviar un mail a&nbsp;<a rel=\"noreferrer noopener\" target=\"_blank\" href=\"mailto:secretariadetrabajo@berazategui.gob.ar\">secretariadetrabajo@berazategui.gob.ar<\/a>.<\/p>\n\n\n\n<p>En este sentido, con el fin de no transgredir el aislamiento social, preventivo y obligatorio establecido por el Gobierno Nacional para evitar la propagaci\u00f3n del Coronavirus (COVID-19), la Municipalidad de Berazategui se encargar\u00e1 de realizar la entrega de los elementos a los voluntarios y de retirar cada una de las donaciones por las empresas, comercios, entidades y domicilios particulares.<\/p>\n","protected":false},"excerpt":{"rendered":"<p>Se acerca el invierno y como siempre, a esta altura del a\u00f1o, la Municipalidad de Berazategui relanza su Campa\u00f1a solidaria \u201cAbrigando Sue\u00f1os\u201d, que en esta oportunidad adquiere mucho m\u00e1s valor al desarrollarse en el marco de la actual emergencia sanitaria que atraviesa el pa\u00eds. Su objetivo es colaborar con prendas de abrigo para ni\u00f1os y&#8230;<\/p>\n","protected":false},"author":2,"featured_media":2540,"comment_status":"open","ping_status":"open","sticky":false,"template":"","format":"standard","meta":{"footnotes":""},"categories":[3],"tags":[],"class_list":["post-2535","post","type-post","status-publish","format-standard","has-post-thumbnail","hentry","category-berazategui"],"featured_image_src":"https:\/\/diarioprincipios.com\/wp-content\/uploads\/2020\/06\/abrigando.jpg","blog_images":{"medium":"https:\/\/diarioprincipios.com\/wp-content\/uploads\/2020\/06\/abrigando-300x184.jpg","large":"https:\/\/diarioprincipios.com\/wp-content\/uploads\/2020\/06\/abrigando.jpg"},"ams_acf":[],"yoast_head":"<!-- This site is optimized with the Yoast SEO plugin v27.3 - https:\/\/yoast.com\/product\/yoast-seo-wordpress\/ -->\n<title>Campa\u00f1a &quot;Abrigando Sue\u00f1os&quot;: invitan a donar tela polar, lana y abrigo para ni\u00f1os - Principios<\/title>\n<meta name=\"robots\" content=\"index, follow, max-snippet:-1, max-image-preview:large, max-video-preview:-1\" \/>\n<link rel=\"canonical\" href=\"https:\/\/diarioprincipios.com\/index.php\/2020\/06\/05\/campana-abrigando-suenos-invitan-a-donar-tela-polar-lana-y-abrigo-para-ninos\/\" \/>\n<meta property=\"og:locale\" content=\"es_ES\" \/>\n<meta property=\"og:type\" content=\"article\" \/>\n<meta property=\"og:title\" content=\"Campa\u00f1a &quot;Abrigando Sue\u00f1os&quot;: invitan a donar tela polar, lana y abrigo para ni\u00f1os - Principios\" \/>\n<meta property=\"og:description\" content=\"Se acerca el invierno y como siempre, a esta altura del a\u00f1o, la Municipalidad de Berazategui relanza su Campa\u00f1a solidaria \u201cAbrigando Sue\u00f1os\u201d, que en esta oportunidad adquiere mucho m\u00e1s valor al desarrollarse en el marco de la actual emergencia sanitaria que atraviesa el pa\u00eds. Su objetivo es colaborar con prendas de abrigo para ni\u00f1os y...\" \/>\n<meta property=\"og:url\" content=\"https:\/\/diarioprincipios.com\/index.php\/2020\/06\/05\/campana-abrigando-suenos-invitan-a-donar-tela-polar-lana-y-abrigo-para-ninos\/\" \/>\n<meta property=\"og:site_name\" content=\"Principios\" \/>\n<meta property=\"article:published_time\" content=\"2020-06-05T12:45:27+00:00\" \/>\n<meta property=\"article:modified_time\" content=\"2020-06-05T12:49:25+00:00\" \/>\n<meta property=\"og:image\" content=\"https:\/\/diarioprincipios.com\/wp-content\/uploads\/2020\/06\/abrigando.jpg\" \/>\n\t<meta property=\"og:image:width\" content=\"899\" \/>\n\t<meta property=\"og:image:height\" content=\"552\" \/>\n\t<meta property=\"og:image:type\" content=\"image\/jpeg\" \/>\n<meta name=\"author\" content=\"Hern\u00e1n L\u00f3pez\" \/>\n<meta name=\"twitter:card\" content=\"summary_large_image\" \/>\n<meta name=\"twitter:label1\" content=\"Escrito por\" \/>\n\t<meta name=\"twitter:data1\" content=\"Hern\u00e1n L\u00f3pez\" \/>\n\t<meta name=\"twitter:label2\" content=\"Tiempo de lectura\" \/>\n\t<meta name=\"twitter:data2\" content=\"2 minutos\" \/>\n<script type=\"application\/ld+json\" class=\"yoast-schema-graph\">{\"@context\":\"https:\\\/\\\/schema.org\",\"@graph\":[{\"@type\":\"Article\",\"@id\":\"https:\\\/\\\/diarioprincipios.com\\\/index.php\\\/2020\\\/06\\\/05\\\/campana-abrigando-suenos-invitan-a-donar-tela-polar-lana-y-abrigo-para-ninos\\\/#article\",\"isPartOf\":{\"@id\":\"https:\\\/\\\/diarioprincipios.com\\\/index.php\\\/2020\\\/06\\\/05\\\/campana-abrigando-suenos-invitan-a-donar-tela-polar-lana-y-abrigo-para-ninos\\\/\"},\"author\":{\"name\":\"Hern\u00e1n L\u00f3pez\",\"@id\":\"https:\\\/\\\/diarioprincipios.com\\\/#\\\/schema\\\/person\\\/436d5a1fd41a5e250e23ff5a6a7cb080\"},\"headline\":\"Campa\u00f1a \u00abAbrigando Sue\u00f1os\u00bb: invitan a donar tela polar, lana y abrigo para ni\u00f1os\",\"datePublished\":\"2020-06-05T12:45:27+00:00\",\"dateModified\":\"2020-06-05T12:49:25+00:00\",\"mainEntityOfPage\":{\"@id\":\"https:\\\/\\\/diarioprincipios.com\\\/index.php\\\/2020\\\/06\\\/05\\\/campana-abrigando-suenos-invitan-a-donar-tela-polar-lana-y-abrigo-para-ninos\\\/\"},\"wordCount\":328,\"commentCount\":0,\"publisher\":{\"@id\":\"https:\\\/\\\/diarioprincipios.com\\\/#organization\"},\"image\":{\"@id\":\"https:\\\/\\\/diarioprincipios.com\\\/index.php\\\/2020\\\/06\\\/05\\\/campana-abrigando-suenos-invitan-a-donar-tela-polar-lana-y-abrigo-para-ninos\\\/#primaryimage\"},\"thumbnailUrl\":\"https:\\\/\\\/diarioprincipios.com\\\/wp-content\\\/uploads\\\/2020\\\/06\\\/abrigando.jpg\",\"articleSection\":[\"Berazategui\"],\"inLanguage\":\"es\",\"potentialAction\":[{\"@type\":\"CommentAction\",\"name\":\"Comment\",\"target\":[\"https:\\\/\\\/diarioprincipios.com\\\/index.php\\\/2020\\\/06\\\/05\\\/campana-abrigando-suenos-invitan-a-donar-tela-polar-lana-y-abrigo-para-ninos\\\/#respond\"]}]},{\"@type\":\"WebPage\",\"@id\":\"https:\\\/\\\/diarioprincipios.com\\\/index.php\\\/2020\\\/06\\\/05\\\/campana-abrigando-suenos-invitan-a-donar-tela-polar-lana-y-abrigo-para-ninos\\\/\",\"url\":\"https:\\\/\\\/diarioprincipios.com\\\/index.php\\\/2020\\\/06\\\/05\\\/campana-abrigando-suenos-invitan-a-donar-tela-polar-lana-y-abrigo-para-ninos\\\/\",\"name\":\"Campa\u00f1a \\\"Abrigando Sue\u00f1os\\\": invitan a donar tela polar, lana y abrigo para ni\u00f1os - Principios\",\"isPartOf\":{\"@id\":\"https:\\\/\\\/diarioprincipios.com\\\/#website\"},\"primaryImageOfPage\":{\"@id\":\"https:\\\/\\\/diarioprincipios.com\\\/index.php\\\/2020\\\/06\\\/05\\\/campana-abrigando-suenos-invitan-a-donar-tela-polar-lana-y-abrigo-para-ninos\\\/#primaryimage\"},\"image\":{\"@id\":\"https:\\\/\\\/diarioprincipios.com\\\/index.php\\\/2020\\\/06\\\/05\\\/campana-abrigando-suenos-invitan-a-donar-tela-polar-lana-y-abrigo-para-ninos\\\/#primaryimage\"},\"thumbnailUrl\":\"https:\\\/\\\/diarioprincipios.com\\\/wp-content\\\/uploads\\\/2020\\\/06\\\/abrigando.jpg\",\"datePublished\":\"2020-06-05T12:45:27+00:00\",\"dateModified\":\"2020-06-05T12:49:25+00:00\",\"breadcrumb\":{\"@id\":\"https:\\\/\\\/diarioprincipios.com\\\/index.php\\\/2020\\\/06\\\/05\\\/campana-abrigando-suenos-invitan-a-donar-tela-polar-lana-y-abrigo-para-ninos\\\/#breadcrumb\"},\"inLanguage\":\"es\",\"potentialAction\":[{\"@type\":\"ReadAction\",\"target\":[\"https:\\\/\\\/diarioprincipios.com\\\/index.php\\\/2020\\\/06\\\/05\\\/campana-abrigando-suenos-invitan-a-donar-tela-polar-lana-y-abrigo-para-ninos\\\/\"]}]},{\"@type\":\"ImageObject\",\"inLanguage\":\"es\",\"@id\":\"https:\\\/\\\/diarioprincipios.com\\\/index.php\\\/2020\\\/06\\\/05\\\/campana-abrigando-suenos-invitan-a-donar-tela-polar-lana-y-abrigo-para-ninos\\\/#primaryimage\",\"url\":\"https:\\\/\\\/diarioprincipios.com\\\/wp-content\\\/uploads\\\/2020\\\/06\\\/abrigando.jpg\",\"contentUrl\":\"https:\\\/\\\/diarioprincipios.com\\\/wp-content\\\/uploads\\\/2020\\\/06\\\/abrigando.jpg\",\"width\":899,\"height\":552},{\"@type\":\"BreadcrumbList\",\"@id\":\"https:\\\/\\\/diarioprincipios.com\\\/index.php\\\/2020\\\/06\\\/05\\\/campana-abrigando-suenos-invitan-a-donar-tela-polar-lana-y-abrigo-para-ninos\\\/#breadcrumb\",\"itemListElement\":[{\"@type\":\"ListItem\",\"position\":1,\"name\":\"Portada\",\"item\":\"https:\\\/\\\/diarioprincipios.com\\\/\"},{\"@type\":\"ListItem\",\"position\":2,\"name\":\"Campa\u00f1a \u00abAbrigando Sue\u00f1os\u00bb: invitan a donar tela polar, lana y abrigo para ni\u00f1os\"}]},{\"@type\":\"WebSite\",\"@id\":\"https:\\\/\\\/diarioprincipios.com\\\/#website\",\"url\":\"https:\\\/\\\/diarioprincipios.com\\\/\",\"name\":\"Principios\",\"description\":\"Principios Diario\",\"publisher\":{\"@id\":\"https:\\\/\\\/diarioprincipios.com\\\/#organization\"},\"potentialAction\":[{\"@type\":\"SearchAction\",\"target\":{\"@type\":\"EntryPoint\",\"urlTemplate\":\"https:\\\/\\\/diarioprincipios.com\\\/?s={search_term_string}\"},\"query-input\":{\"@type\":\"PropertyValueSpecification\",\"valueRequired\":true,\"valueName\":\"search_term_string\"}}],\"inLanguage\":\"es\"},{\"@type\":\"Organization\",\"@id\":\"https:\\\/\\\/diarioprincipios.com\\\/#organization\",\"name\":\"Principios\",\"url\":\"https:\\\/\\\/diarioprincipios.com\\\/\",\"logo\":{\"@type\":\"ImageObject\",\"inLanguage\":\"es\",\"@id\":\"https:\\\/\\\/diarioprincipios.com\\\/#\\\/schema\\\/logo\\\/image\\\/\",\"url\":\"https:\\\/\\\/diarioprincipios.com\\\/wp-content\\\/uploads\\\/2024\\\/04\\\/cropped-www.diarioprincipios.com_-1.png\",\"contentUrl\":\"https:\\\/\\\/diarioprincipios.com\\\/wp-content\\\/uploads\\\/2024\\\/04\\\/cropped-www.diarioprincipios.com_-1.png\",\"width\":5325,\"height\":1454,\"caption\":\"Principios\"},\"image\":{\"@id\":\"https:\\\/\\\/diarioprincipios.com\\\/#\\\/schema\\\/logo\\\/image\\\/\"}},{\"@type\":\"Person\",\"@id\":\"https:\\\/\\\/diarioprincipios.com\\\/#\\\/schema\\\/person\\\/436d5a1fd41a5e250e23ff5a6a7cb080\",\"name\":\"Hern\u00e1n L\u00f3pez\",\"image\":{\"@type\":\"ImageObject\",\"inLanguage\":\"es\",\"@id\":\"https:\\\/\\\/diarioprincipios.com\\\/wp-content\\\/litespeed\\\/avatar\\\/11ddfe5610ff3bd100522525b2571f48.jpg?ver=1777048341\",\"url\":\"https:\\\/\\\/diarioprincipios.com\\\/wp-content\\\/litespeed\\\/avatar\\\/11ddfe5610ff3bd100522525b2571f48.jpg?ver=1777048341\",\"contentUrl\":\"https:\\\/\\\/diarioprincipios.com\\\/wp-content\\\/litespeed\\\/avatar\\\/11ddfe5610ff3bd100522525b2571f48.jpg?ver=1777048341\",\"caption\":\"Hern\u00e1n L\u00f3pez\"},\"url\":\"https:\\\/\\\/diarioprincipios.com\\\/index.php\\\/author\\\/hernan\\\/\"}]}<\/script>\n<!-- \/ Yoast SEO plugin. -->","yoast_head_json":{"title":"Campa\u00f1a \"Abrigando Sue\u00f1os\": invitan a donar tela polar, lana y abrigo para ni\u00f1os - Principios","robots":{"index":"index","follow":"follow","max-snippet":"max-snippet:-1","max-image-preview":"max-image-preview:large","max-video-preview":"max-video-preview:-1"},"canonical":"https:\/\/diarioprincipios.com\/index.php\/2020\/06\/05\/campana-abrigando-suenos-invitan-a-donar-tela-polar-lana-y-abrigo-para-ninos\/","og_locale":"es_ES","og_type":"article","og_title":"Campa\u00f1a \"Abrigando Sue\u00f1os\": invitan a donar tela polar, lana y abrigo para ni\u00f1os - Principios","og_description":"Se acerca el invierno y como siempre, a esta altura del a\u00f1o, la Municipalidad de Berazategui relanza su Campa\u00f1a solidaria \u201cAbrigando Sue\u00f1os\u201d, que en esta oportunidad adquiere mucho m\u00e1s valor al desarrollarse en el marco de la actual emergencia sanitaria que atraviesa el pa\u00eds. Su objetivo es colaborar con prendas de abrigo para ni\u00f1os y...","og_url":"https:\/\/diarioprincipios.com\/index.php\/2020\/06\/05\/campana-abrigando-suenos-invitan-a-donar-tela-polar-lana-y-abrigo-para-ninos\/","og_site_name":"Principios","article_published_time":"2020-06-05T12:45:27+00:00","article_modified_time":"2020-06-05T12:49:25+00:00","og_image":[{"width":899,"height":552,"url":"https:\/\/diarioprincipios.com\/wp-content\/uploads\/2020\/06\/abrigando.jpg","type":"image\/jpeg"}],"author":"Hern\u00e1n L\u00f3pez","twitter_card":"summary_large_image","twitter_misc":{"Escrito por":"Hern\u00e1n L\u00f3pez","Tiempo de lectura":"2 minutos"},"schema":{"@context":"https:\/\/schema.org","@graph":[{"@type":"Article","@id":"https:\/\/diarioprincipios.com\/index.php\/2020\/06\/05\/campana-abrigando-suenos-invitan-a-donar-tela-polar-lana-y-abrigo-para-ninos\/#article","isPartOf":{"@id":"https:\/\/diarioprincipios.com\/index.php\/2020\/06\/05\/campana-abrigando-suenos-invitan-a-donar-tela-polar-lana-y-abrigo-para-ninos\/"},"author":{"name":"Hern\u00e1n L\u00f3pez","@id":"https:\/\/diarioprincipios.com\/#\/schema\/person\/436d5a1fd41a5e250e23ff5a6a7cb080"},"headline":"Campa\u00f1a \u00abAbrigando Sue\u00f1os\u00bb: invitan a donar tela polar, lana y abrigo para ni\u00f1os","datePublished":"2020-06-05T12:45:27+00:00","dateModified":"2020-06-05T12:49:25+00:00","mainEntityOfPage":{"@id":"https:\/\/diarioprincipios.com\/index.php\/2020\/06\/05\/campana-abrigando-suenos-invitan-a-donar-tela-polar-lana-y-abrigo-para-ninos\/"},"wordCount":328,"commentCount":0,"publisher":{"@id":"https:\/\/diarioprincipios.com\/#organization"},"image":{"@id":"https:\/\/diarioprincipios.com\/index.php\/2020\/06\/05\/campana-abrigando-suenos-invitan-a-donar-tela-polar-lana-y-abrigo-para-ninos\/#primaryimage"},"thumbnailUrl":"https:\/\/diarioprincipios.com\/wp-content\/uploads\/2020\/06\/abrigando.jpg","articleSection":["Berazategui"],"inLanguage":"es","potentialAction":[{"@type":"CommentAction","name":"Comment","target":["https:\/\/diarioprincipios.com\/index.php\/2020\/06\/05\/campana-abrigando-suenos-invitan-a-donar-tela-polar-lana-y-abrigo-para-ninos\/#respond"]}]},{"@type":"WebPage","@id":"https:\/\/diarioprincipios.com\/index.php\/2020\/06\/05\/campana-abrigando-suenos-invitan-a-donar-tela-polar-lana-y-abrigo-para-ninos\/","url":"https:\/\/diarioprincipios.com\/index.php\/2020\/06\/05\/campana-abrigando-suenos-invitan-a-donar-tela-polar-lana-y-abrigo-para-ninos\/","name":"Campa\u00f1a \"Abrigando Sue\u00f1os\": invitan a donar tela polar, lana y abrigo para ni\u00f1os - Principios","isPartOf":{"@id":"https:\/\/diarioprincipios.com\/#website"},"primaryImageOfPage":{"@id":"https:\/\/diarioprincipios.com\/index.php\/2020\/06\/05\/campana-abrigando-suenos-invitan-a-donar-tela-polar-lana-y-abrigo-para-ninos\/#primaryimage"},"image":{"@id":"https:\/\/diarioprincipios.com\/index.php\/2020\/06\/05\/campana-abrigando-suenos-invitan-a-donar-tela-polar-lana-y-abrigo-para-ninos\/#primaryimage"},"thumbnailUrl":"https:\/\/diarioprincipios.com\/wp-content\/uploads\/2020\/06\/abrigando.jpg","datePublished":"2020-06-05T12:45:27+00:00","dateModified":"2020-06-05T12:49:25+00:00","breadcrumb":{"@id":"https:\/\/diarioprincipios.com\/index.php\/2020\/06\/05\/campana-abrigando-suenos-invitan-a-donar-tela-polar-lana-y-abrigo-para-ninos\/#breadcrumb"},"inLanguage":"es","potentialAction":[{"@type":"ReadAction","target":["https:\/\/diarioprincipios.com\/index.php\/2020\/06\/05\/campana-abrigando-suenos-invitan-a-donar-tela-polar-lana-y-abrigo-para-ninos\/"]}]},{"@type":"ImageObject","inLanguage":"es","@id":"https:\/\/diarioprincipios.com\/index.php\/2020\/06\/05\/campana-abrigando-suenos-invitan-a-donar-tela-polar-lana-y-abrigo-para-ninos\/#primaryimage","url":"https:\/\/diarioprincipios.com\/wp-content\/uploads\/2020\/06\/abrigando.jpg","contentUrl":"https:\/\/diarioprincipios.com\/wp-content\/uploads\/2020\/06\/abrigando.jpg","width":899,"height":552},{"@type":"BreadcrumbList","@id":"https:\/\/diarioprincipios.com\/index.php\/2020\/06\/05\/campana-abrigando-suenos-invitan-a-donar-tela-polar-lana-y-abrigo-para-ninos\/#breadcrumb","itemListElement":[{"@type":"ListItem","position":1,"name":"Portada","item":"https:\/\/diarioprincipios.com\/"},{"@type":"ListItem","position":2,"name":"Campa\u00f1a \u00abAbrigando Sue\u00f1os\u00bb: invitan a donar tela polar, lana y abrigo para ni\u00f1os"}]},{"@type":"WebSite","@id":"https:\/\/diarioprincipios.com\/#website","url":"https:\/\/diarioprincipios.com\/","name":"Principios","description":"Principios Diario","publisher":{"@id":"https:\/\/diarioprincipios.com\/#organization"},"potentialAction":[{"@type":"SearchAction","target":{"@type":"EntryPoint","urlTemplate":"https:\/\/diarioprincipios.com\/?s={search_term_string}"},"query-input":{"@type":"PropertyValueSpecification","valueRequired":true,"valueName":"search_term_string"}}],"inLanguage":"es"},{"@type":"Organization","@id":"https:\/\/diarioprincipios.com\/#organization","name":"Principios","url":"https:\/\/diarioprincipios.com\/","logo":{"@type":"ImageObject","inLanguage":"es","@id":"https:\/\/diarioprincipios.com\/#\/schema\/logo\/image\/","url":"https:\/\/diarioprincipios.com\/wp-content\/uploads\/2024\/04\/cropped-www.diarioprincipios.com_-1.png","contentUrl":"https:\/\/diarioprincipios.com\/wp-content\/uploads\/2024\/04\/cropped-www.diarioprincipios.com_-1.png","width":5325,"height":1454,"caption":"Principios"},"image":{"@id":"https:\/\/diarioprincipios.com\/#\/schema\/logo\/image\/"}},{"@type":"Person","@id":"https:\/\/diarioprincipios.com\/#\/schema\/person\/436d5a1fd41a5e250e23ff5a6a7cb080","name":"Hern\u00e1n L\u00f3pez","image":{"@type":"ImageObject","inLanguage":"es","@id":"https:\/\/diarioprincipios.com\/wp-content\/litespeed\/avatar\/11ddfe5610ff3bd100522525b2571f48.jpg?ver=1777048341","url":"https:\/\/diarioprincipios.com\/wp-content\/litespeed\/avatar\/11ddfe5610ff3bd100522525b2571f48.jpg?ver=1777048341","contentUrl":"https:\/\/diarioprincipios.com\/wp-content\/litespeed\/avatar\/11ddfe5610ff3bd100522525b2571f48.jpg?ver=1777048341","caption":"Hern\u00e1n L\u00f3pez"},"url":"https:\/\/diarioprincipios.com\/index.php\/author\/hernan\/"}]}},"jetpack_featured_media_url":"https:\/\/diarioprincipios.com\/wp-content\/uploads\/2020\/06\/abrigando.jpg","_links":{"self":[{"href":"https:\/\/diarioprincipios.com\/index.php\/wp-json\/wp\/v2\/posts\/2535","targetHints":{"allow":["GET"]}}],"collection":[{"href":"https:\/\/diarioprincipios.com\/index.php\/wp-json\/wp\/v2\/posts"}],"about":[{"href":"https:\/\/diarioprincipios.com\/index.php\/wp-json\/wp\/v2\/types\/post"}],"author":[{"embeddable":true,"href":"https:\/\/diarioprincipios.com\/index.php\/wp-json\/wp\/v2\/users\/2"}],"replies":[{"embeddable":true,"href":"https:\/\/diarioprincipios.com\/index.php\/wp-json\/wp\/v2\/comments?post=2535"}],"version-history":[{"count":2,"href":"https:\/\/diarioprincipios.com\/index.php\/wp-json\/wp\/v2\/posts\/2535\/revisions"}],"predecessor-version":[{"id":2539,"href":"https:\/\/diarioprincipios.com\/index.php\/wp-json\/wp\/v2\/posts\/2535\/revisions\/2539"}],"wp:featuredmedia":[{"embeddable":true,"href":"https:\/\/diarioprincipios.com\/index.php\/wp-json\/wp\/v2\/media\/2540"}],"wp:attachment":[{"href":"https:\/\/diarioprincipios.com\/index.php\/wp-json\/wp\/v2\/media?parent=2535"}],"wp:term":[{"taxonomy":"category","embeddable":true,"href":"https:\/\/diarioprincipios.com\/index.php\/wp-json\/wp\/v2\/categories?post=2535"},{"taxonomy":"post_tag","embeddable":true,"href":"https:\/\/diarioprincipios.com\/index.php\/wp-json\/wp\/v2\/tags?post=2535"}],"curies":[{"name":"wp","href":"https:\/\/api.w.org\/{rel}","templated":true}]}}