{"id":25328,"date":"2025-08-29T18:17:34","date_gmt":"2025-08-29T21:17:34","guid":{"rendered":"https:\/\/diarioprincipios.com\/?p=25328"},"modified":"2025-08-29T18:17:35","modified_gmt":"2025-08-29T21:17:35","slug":"se-inauguro-la-expo-bera-productiva-2025-en-el-centro-de-vicenzo","status":"publish","type":"post","link":"https:\/\/diarioprincipios.com\/index.php\/2025\/08\/29\/se-inauguro-la-expo-bera-productiva-2025-en-el-centro-de-vicenzo\/","title":{"rendered":"Se inaugur\u00f3 la Expo Bera Productiva 2025 en el Centro De Vicenzo"},"content":{"rendered":"\n<p>La Municipalidad de Berazategui inaugur\u00f3 la Expo Bera Productiva 2025, una propuesta impulsada por el intendente Juan Jos\u00e9 Mussi con el objetivo de potenciar a los sectores industriales y culturales del distrito. El evento, que se desarrolla en articulaci\u00f3n con el Gobierno de la provincia de Buenos Aires, se extender\u00e1 hasta el domingo 31 de agosto y cuenta con financiamiento del Consejo Federal de Inversiones (CFI). En este marco, adem\u00e1s, se realiz\u00f3 la 9na Ronda Multisectorial de Negocios.<\/p>\n\n\n\n<p>El acto de apertura cont\u00f3 con la presencia de autoridades provinciales del Ministerio de Producci\u00f3n, Ciencia e Innovaci\u00f3n Tecnol\u00f3gica bonaerense, a cargo de Augusto Costa, como los subsecretarios de Desarrollo Comercial y Promoci\u00f3n de Inversiones, Ariel Aguilar; de Industria y Pymes, Mariela Bembi; y de Priorizaci\u00f3n y Seguimiento Econ\u00f3mico y Productivo, Ayel\u00e9n Borda, adem\u00e1s del titular del CFI, Ignacio Lamothe.<\/p>\n\n\n\n<figure class=\"wp-block-image size-large\"><img loading=\"lazy\" decoding=\"async\" width=\"1024\" height=\"683\" src=\"https:\/\/diarioprincipios.com\/wp-content\/uploads\/2025\/08\/20250829_Expo_Bera_Productiva_2025_NM_022-1024x683.jpg\" alt=\"\" class=\"wp-image-25329\" srcset=\"https:\/\/diarioprincipios.com\/wp-content\/uploads\/2025\/08\/20250829_Expo_Bera_Productiva_2025_NM_022-1024x683.jpg 1024w, https:\/\/diarioprincipios.com\/wp-content\/uploads\/2025\/08\/20250829_Expo_Bera_Productiva_2025_NM_022-300x200.jpg 300w, https:\/\/diarioprincipios.com\/wp-content\/uploads\/2025\/08\/20250829_Expo_Bera_Productiva_2025_NM_022-768x512.jpg 768w, https:\/\/diarioprincipios.com\/wp-content\/uploads\/2025\/08\/20250829_Expo_Bera_Productiva_2025_NM_022-1536x1024.jpg 1536w, https:\/\/diarioprincipios.com\/wp-content\/uploads\/2025\/08\/20250829_Expo_Bera_Productiva_2025_NM_022-600x400.jpg 600w, https:\/\/diarioprincipios.com\/wp-content\/uploads\/2025\/08\/20250829_Expo_Bera_Productiva_2025_NM_022.jpg 1920w\" sizes=\"auto, (max-width: 1024px) 100vw, 1024px\" \/><\/figure>\n\n\n\n<p>Durante la ceremonia inaugural, se reprodujo un mensaje de video del Dr. Juan Jos\u00e9 Mussi: \u201cNos llena de satisfacci\u00f3n y alegr\u00eda poder organizar este evento junto a la Provincia de Buenos Aires. Por eso quiero agradecerle muy especialmente al gobernador Axel Kicillof, quien demuestra tener una mirada absolutamente diferente de lo que significa la industria, la producci\u00f3n y el empleo. Tambi\u00e9n quiero agradecer al ministro Augusto Costa, a las autoridades provinciales presentes y a los industriales de Berazategui por participar y demostrar esa confianza en el Municipio, que tanto nos estimula y compromete\u201d.<\/p>\n\n\n\n<p>En el mismo mensaje, el Intendente agreg\u00f3: \u201cSoy un agradecido permanente de todos aquellos que hicieron posible que en Berazategui tengamos 514 industrias y 8.729 comercios. Y pronto vamos a inaugurar el 14\u00b0 Parque Industrial en la ciudad: el Parque Industrial Ducilo. Esto me llena de alegr\u00eda, porque desde hace muchos a\u00f1os aqu\u00ed apostamos a la industria y al comercio como generadores de empleo\u201d.<\/p>\n\n\n\n<p>Por su parte, Ariel Aguilar indic\u00f3: \u201cPara nosotros es muy lindo venir a Berazategui, una ciudad que ten\u00eda destino de \u2018ciudad dormitorio\u2019, pero hubo una decisi\u00f3n pol\u00edtica de alguien como el intendente Juan Jos\u00e9 Mussi, que dijo \u2018esto tiene que ser una ciudad industrial\u2019 y hoy vemos esta realidad. Porque si bien en este distrito hay muchos industriales empujando para adelante, todo esto no podr\u00eda concretarse sin el respaldo pol\u00edtico, brind\u00e1ndoles las herramientas necesarias -desde el Estado- al sector privado. Esto es lo que sucede en Berazategui y tambi\u00e9n en la provincia de Buenos Aires\u201d.<\/p>\n\n\n\n<figure class=\"wp-block-image size-large\"><img loading=\"lazy\" decoding=\"async\" width=\"819\" height=\"1024\" src=\"https:\/\/diarioprincipios.com\/wp-content\/uploads\/2025\/08\/Expo_Bera_Productiva_2025-819x1024.jpeg\" alt=\"\" class=\"wp-image-25330\" srcset=\"https:\/\/diarioprincipios.com\/wp-content\/uploads\/2025\/08\/Expo_Bera_Productiva_2025-819x1024.jpeg 819w, https:\/\/diarioprincipios.com\/wp-content\/uploads\/2025\/08\/Expo_Bera_Productiva_2025-240x300.jpeg 240w, https:\/\/diarioprincipios.com\/wp-content\/uploads\/2025\/08\/Expo_Bera_Productiva_2025-768x960.jpeg 768w, https:\/\/diarioprincipios.com\/wp-content\/uploads\/2025\/08\/Expo_Bera_Productiva_2025-1229x1536.jpeg 1229w, https:\/\/diarioprincipios.com\/wp-content\/uploads\/2025\/08\/Expo_Bera_Productiva_2025.jpeg 1280w\" sizes=\"auto, (max-width: 819px) 100vw, 819px\" \/><\/figure>\n\n\n\n<p>Con respecto a la Ronda Multisectorial de Negocios, Mariela Bembi destac\u00f3: \u201cEs la 18va que realizamos en la Provincia y estamos muy contentos y orgullosos de poder organizarla en Berazategui, junto al Municipio y frente a toda esta gran convocatoria. Esto demuestra la importancia y el valor que le dan en este distrito a las Peque\u00f1as y Medianas Empresas (Pymes). Y \u00e9sta es una herramienta m\u00e1s de todas las impulsadas por el gobernador Axel Kicillof\u201d.<\/p>\n\n\n\n<p>Finalmente, el secretario de Trabajo municipal, Juan Manuel Parra, resalt\u00f3: \u201c\u00c9ste es el mayor evento orientado al sector que hemos organizado en nuestro distrito. Quiero agradecerle al Gobierno de la provincia de Buenos Aires, a las industrias que participan y a todo el Gabinete municipal porque \u00e9ste es un trabajo en conjunto y, como nos pide siempre Juan Jos\u00e9 (Mussi), debemos trabajar en equipo para construir en comunidad\u201d.<\/p>\n\n\n\n<p>El acto tambi\u00e9n cont\u00f3 con la presencia del secretario de Cultura y Educaci\u00f3n, Federico L\u00f3pez, junto a otros integrantes del Gabinete municipal; adem\u00e1s del presidente de Industriales Pymes Argentinos (IPA) y del Parque Industrial Pl\u00e1tanos (PIP), Daniel Rosato.<\/p>\n\n\n\n<p>La Expo Bera Productiva 2025 se desarrollar\u00e1 a lo largo de tres jornadas, durante el 29, 30 y 31 de agosto, en el Centro Municipal de Actividades Roberto De Vicenzo y en el Complejo Cultural Municipal La Calle (148 y 18). Adem\u00e1s de la 9na Ronda Multisectorial de Negocios -con m\u00e1s de 300 inscriptos-, incluye exhibiciones de industrias Pymes locales, la Feria Sabores Bonaerenses, emprendedores y productores culturales, charlas y artistas en vivo.<\/p>\n","protected":false},"excerpt":{"rendered":"<p>La Municipalidad de Berazategui inaugur\u00f3 la Expo Bera Productiva 2025, una propuesta impulsada por el intendente Juan Jos\u00e9 Mussi con el objetivo de potenciar a los sectores industriales y culturales del distrito. El evento, que se desarrolla en articulaci\u00f3n con el Gobierno de la provincia de Buenos Aires, se extender\u00e1 hasta el domingo 31 de&#8230;<\/p>\n","protected":false},"author":2,"featured_media":25331,"comment_status":"open","ping_status":"open","sticky":false,"template":"","format":"standard","meta":{"footnotes":""},"categories":[3,18],"tags":[],"class_list":["post-25328","post","type-post","status-publish","format-standard","has-post-thumbnail","hentry","category-berazategui","category-comercio-industria"],"featured_image_src":"https:\/\/diarioprincipios.com\/wp-content\/uploads\/2025\/08\/20250829_Expo_Bera_Productiva_2025_2da_Tarjeta_NM_116-1-1024x683.jpg","blog_images":{"medium":"https:\/\/diarioprincipios.com\/wp-content\/uploads\/2025\/08\/20250829_Expo_Bera_Productiva_2025_2da_Tarjeta_NM_116-1-300x200.jpg","large":"https:\/\/diarioprincipios.com\/wp-content\/uploads\/2025\/08\/20250829_Expo_Bera_Productiva_2025_2da_Tarjeta_NM_116-1-1024x683.jpg"},"ams_acf":[],"yoast_head":"<!-- This site is optimized with the Yoast SEO plugin v27.3 - https:\/\/yoast.com\/product\/yoast-seo-wordpress\/ -->\n<title>Se inaugur\u00f3 la Expo Bera Productiva 2025 en el Centro De Vicenzo - Principios<\/title>\n<meta name=\"robots\" content=\"index, follow, max-snippet:-1, max-image-preview:large, max-video-preview:-1\" \/>\n<link rel=\"canonical\" href=\"https:\/\/diarioprincipios.com\/index.php\/2025\/08\/29\/se-inauguro-la-expo-bera-productiva-2025-en-el-centro-de-vicenzo\/\" \/>\n<meta property=\"og:locale\" content=\"es_ES\" \/>\n<meta property=\"og:type\" content=\"article\" \/>\n<meta property=\"og:title\" content=\"Se inaugur\u00f3 la Expo Bera Productiva 2025 en el Centro De Vicenzo - Principios\" \/>\n<meta property=\"og:description\" content=\"La Municipalidad de Berazategui inaugur\u00f3 la Expo Bera Productiva 2025, una propuesta impulsada por el intendente Juan Jos\u00e9 Mussi con el objetivo de potenciar a los sectores industriales y culturales del distrito. El evento, que se desarrolla en articulaci\u00f3n con el Gobierno de la provincia de Buenos Aires, se extender\u00e1 hasta el domingo 31 de...\" \/>\n<meta property=\"og:url\" content=\"https:\/\/diarioprincipios.com\/index.php\/2025\/08\/29\/se-inauguro-la-expo-bera-productiva-2025-en-el-centro-de-vicenzo\/\" \/>\n<meta property=\"og:site_name\" content=\"Principios\" \/>\n<meta property=\"article:published_time\" content=\"2025-08-29T21:17:34+00:00\" \/>\n<meta property=\"article:modified_time\" content=\"2025-08-29T21:17:35+00:00\" \/>\n<meta property=\"og:image\" content=\"https:\/\/diarioprincipios.com\/wp-content\/uploads\/2025\/08\/20250829_Expo_Bera_Productiva_2025_2da_Tarjeta_NM_116-1.jpg\" \/>\n\t<meta property=\"og:image:width\" content=\"1920\" \/>\n\t<meta property=\"og:image:height\" content=\"1280\" \/>\n\t<meta property=\"og:image:type\" content=\"image\/jpeg\" \/>\n<meta name=\"author\" content=\"Hern\u00e1n L\u00f3pez\" \/>\n<meta name=\"twitter:card\" content=\"summary_large_image\" \/>\n<meta name=\"twitter:label1\" content=\"Escrito por\" \/>\n\t<meta name=\"twitter:data1\" content=\"Hern\u00e1n L\u00f3pez\" \/>\n\t<meta name=\"twitter:label2\" content=\"Tiempo de lectura\" \/>\n\t<meta name=\"twitter:data2\" content=\"4 minutos\" \/>\n<script type=\"application\/ld+json\" class=\"yoast-schema-graph\">{\"@context\":\"https:\\\/\\\/schema.org\",\"@graph\":[{\"@type\":\"Article\",\"@id\":\"https:\\\/\\\/diarioprincipios.com\\\/index.php\\\/2025\\\/08\\\/29\\\/se-inauguro-la-expo-bera-productiva-2025-en-el-centro-de-vicenzo\\\/#article\",\"isPartOf\":{\"@id\":\"https:\\\/\\\/diarioprincipios.com\\\/index.php\\\/2025\\\/08\\\/29\\\/se-inauguro-la-expo-bera-productiva-2025-en-el-centro-de-vicenzo\\\/\"},\"author\":{\"name\":\"Hern\u00e1n L\u00f3pez\",\"@id\":\"https:\\\/\\\/diarioprincipios.com\\\/#\\\/schema\\\/person\\\/436d5a1fd41a5e250e23ff5a6a7cb080\"},\"headline\":\"Se inaugur\u00f3 la Expo Bera Productiva 2025 en el Centro De Vicenzo\",\"datePublished\":\"2025-08-29T21:17:34+00:00\",\"dateModified\":\"2025-08-29T21:17:35+00:00\",\"mainEntityOfPage\":{\"@id\":\"https:\\\/\\\/diarioprincipios.com\\\/index.php\\\/2025\\\/08\\\/29\\\/se-inauguro-la-expo-bera-productiva-2025-en-el-centro-de-vicenzo\\\/\"},\"wordCount\":675,\"commentCount\":0,\"publisher\":{\"@id\":\"https:\\\/\\\/diarioprincipios.com\\\/#organization\"},\"image\":{\"@id\":\"https:\\\/\\\/diarioprincipios.com\\\/index.php\\\/2025\\\/08\\\/29\\\/se-inauguro-la-expo-bera-productiva-2025-en-el-centro-de-vicenzo\\\/#primaryimage\"},\"thumbnailUrl\":\"https:\\\/\\\/diarioprincipios.com\\\/wp-content\\\/uploads\\\/2025\\\/08\\\/20250829_Expo_Bera_Productiva_2025_2da_Tarjeta_NM_116-1.jpg\",\"articleSection\":[\"Berazategui\",\"Comercio e Industria\"],\"inLanguage\":\"es\",\"potentialAction\":[{\"@type\":\"CommentAction\",\"name\":\"Comment\",\"target\":[\"https:\\\/\\\/diarioprincipios.com\\\/index.php\\\/2025\\\/08\\\/29\\\/se-inauguro-la-expo-bera-productiva-2025-en-el-centro-de-vicenzo\\\/#respond\"]}]},{\"@type\":\"WebPage\",\"@id\":\"https:\\\/\\\/diarioprincipios.com\\\/index.php\\\/2025\\\/08\\\/29\\\/se-inauguro-la-expo-bera-productiva-2025-en-el-centro-de-vicenzo\\\/\",\"url\":\"https:\\\/\\\/diarioprincipios.com\\\/index.php\\\/2025\\\/08\\\/29\\\/se-inauguro-la-expo-bera-productiva-2025-en-el-centro-de-vicenzo\\\/\",\"name\":\"Se inaugur\u00f3 la Expo Bera Productiva 2025 en el Centro De Vicenzo - Principios\",\"isPartOf\":{\"@id\":\"https:\\\/\\\/diarioprincipios.com\\\/#website\"},\"primaryImageOfPage\":{\"@id\":\"https:\\\/\\\/diarioprincipios.com\\\/index.php\\\/2025\\\/08\\\/29\\\/se-inauguro-la-expo-bera-productiva-2025-en-el-centro-de-vicenzo\\\/#primaryimage\"},\"image\":{\"@id\":\"https:\\\/\\\/diarioprincipios.com\\\/index.php\\\/2025\\\/08\\\/29\\\/se-inauguro-la-expo-bera-productiva-2025-en-el-centro-de-vicenzo\\\/#primaryimage\"},\"thumbnailUrl\":\"https:\\\/\\\/diarioprincipios.com\\\/wp-content\\\/uploads\\\/2025\\\/08\\\/20250829_Expo_Bera_Productiva_2025_2da_Tarjeta_NM_116-1.jpg\",\"datePublished\":\"2025-08-29T21:17:34+00:00\",\"dateModified\":\"2025-08-29T21:17:35+00:00\",\"breadcrumb\":{\"@id\":\"https:\\\/\\\/diarioprincipios.com\\\/index.php\\\/2025\\\/08\\\/29\\\/se-inauguro-la-expo-bera-productiva-2025-en-el-centro-de-vicenzo\\\/#breadcrumb\"},\"inLanguage\":\"es\",\"potentialAction\":[{\"@type\":\"ReadAction\",\"target\":[\"https:\\\/\\\/diarioprincipios.com\\\/index.php\\\/2025\\\/08\\\/29\\\/se-inauguro-la-expo-bera-productiva-2025-en-el-centro-de-vicenzo\\\/\"]}]},{\"@type\":\"ImageObject\",\"inLanguage\":\"es\",\"@id\":\"https:\\\/\\\/diarioprincipios.com\\\/index.php\\\/2025\\\/08\\\/29\\\/se-inauguro-la-expo-bera-productiva-2025-en-el-centro-de-vicenzo\\\/#primaryimage\",\"url\":\"https:\\\/\\\/diarioprincipios.com\\\/wp-content\\\/uploads\\\/2025\\\/08\\\/20250829_Expo_Bera_Productiva_2025_2da_Tarjeta_NM_116-1.jpg\",\"contentUrl\":\"https:\\\/\\\/diarioprincipios.com\\\/wp-content\\\/uploads\\\/2025\\\/08\\\/20250829_Expo_Bera_Productiva_2025_2da_Tarjeta_NM_116-1.jpg\",\"width\":1920,\"height\":1280},{\"@type\":\"BreadcrumbList\",\"@id\":\"https:\\\/\\\/diarioprincipios.com\\\/index.php\\\/2025\\\/08\\\/29\\\/se-inauguro-la-expo-bera-productiva-2025-en-el-centro-de-vicenzo\\\/#breadcrumb\",\"itemListElement\":[{\"@type\":\"ListItem\",\"position\":1,\"name\":\"Portada\",\"item\":\"https:\\\/\\\/diarioprincipios.com\\\/\"},{\"@type\":\"ListItem\",\"position\":2,\"name\":\"Se inaugur\u00f3 la Expo Bera Productiva 2025 en el Centro De Vicenzo\"}]},{\"@type\":\"WebSite\",\"@id\":\"https:\\\/\\\/diarioprincipios.com\\\/#website\",\"url\":\"https:\\\/\\\/diarioprincipios.com\\\/\",\"name\":\"Principios\",\"description\":\"Principios Diario\",\"publisher\":{\"@id\":\"https:\\\/\\\/diarioprincipios.com\\\/#organization\"},\"potentialAction\":[{\"@type\":\"SearchAction\",\"target\":{\"@type\":\"EntryPoint\",\"urlTemplate\":\"https:\\\/\\\/diarioprincipios.com\\\/?s={search_term_string}\"},\"query-input\":{\"@type\":\"PropertyValueSpecification\",\"valueRequired\":true,\"valueName\":\"search_term_string\"}}],\"inLanguage\":\"es\"},{\"@type\":\"Organization\",\"@id\":\"https:\\\/\\\/diarioprincipios.com\\\/#organization\",\"name\":\"Principios\",\"url\":\"https:\\\/\\\/diarioprincipios.com\\\/\",\"logo\":{\"@type\":\"ImageObject\",\"inLanguage\":\"es\",\"@id\":\"https:\\\/\\\/diarioprincipios.com\\\/#\\\/schema\\\/logo\\\/image\\\/\",\"url\":\"https:\\\/\\\/diarioprincipios.com\\\/wp-content\\\/uploads\\\/2024\\\/04\\\/cropped-www.diarioprincipios.com_-1.png\",\"contentUrl\":\"https:\\\/\\\/diarioprincipios.com\\\/wp-content\\\/uploads\\\/2024\\\/04\\\/cropped-www.diarioprincipios.com_-1.png\",\"width\":5325,\"height\":1454,\"caption\":\"Principios\"},\"image\":{\"@id\":\"https:\\\/\\\/diarioprincipios.com\\\/#\\\/schema\\\/logo\\\/image\\\/\"}},{\"@type\":\"Person\",\"@id\":\"https:\\\/\\\/diarioprincipios.com\\\/#\\\/schema\\\/person\\\/436d5a1fd41a5e250e23ff5a6a7cb080\",\"name\":\"Hern\u00e1n L\u00f3pez\",\"image\":{\"@type\":\"ImageObject\",\"inLanguage\":\"es\",\"@id\":\"https:\\\/\\\/diarioprincipios.com\\\/wp-content\\\/litespeed\\\/avatar\\\/11ddfe5610ff3bd100522525b2571f48.jpg?ver=1777653193\",\"url\":\"https:\\\/\\\/diarioprincipios.com\\\/wp-content\\\/litespeed\\\/avatar\\\/11ddfe5610ff3bd100522525b2571f48.jpg?ver=1777653193\",\"contentUrl\":\"https:\\\/\\\/diarioprincipios.com\\\/wp-content\\\/litespeed\\\/avatar\\\/11ddfe5610ff3bd100522525b2571f48.jpg?ver=1777653193\",\"caption\":\"Hern\u00e1n L\u00f3pez\"},\"url\":\"https:\\\/\\\/diarioprincipios.com\\\/index.php\\\/author\\\/hernan\\\/\"}]}<\/script>\n<!-- \/ Yoast SEO plugin. -->","yoast_head_json":{"title":"Se inaugur\u00f3 la Expo Bera Productiva 2025 en el Centro De Vicenzo - Principios","robots":{"index":"index","follow":"follow","max-snippet":"max-snippet:-1","max-image-preview":"max-image-preview:large","max-video-preview":"max-video-preview:-1"},"canonical":"https:\/\/diarioprincipios.com\/index.php\/2025\/08\/29\/se-inauguro-la-expo-bera-productiva-2025-en-el-centro-de-vicenzo\/","og_locale":"es_ES","og_type":"article","og_title":"Se inaugur\u00f3 la Expo Bera Productiva 2025 en el Centro De Vicenzo - Principios","og_description":"La Municipalidad de Berazategui inaugur\u00f3 la Expo Bera Productiva 2025, una propuesta impulsada por el intendente Juan Jos\u00e9 Mussi con el objetivo de potenciar a los sectores industriales y culturales del distrito. El evento, que se desarrolla en articulaci\u00f3n con el Gobierno de la provincia de Buenos Aires, se extender\u00e1 hasta el domingo 31 de...","og_url":"https:\/\/diarioprincipios.com\/index.php\/2025\/08\/29\/se-inauguro-la-expo-bera-productiva-2025-en-el-centro-de-vicenzo\/","og_site_name":"Principios","article_published_time":"2025-08-29T21:17:34+00:00","article_modified_time":"2025-08-29T21:17:35+00:00","og_image":[{"width":1920,"height":1280,"url":"https:\/\/diarioprincipios.com\/wp-content\/uploads\/2025\/08\/20250829_Expo_Bera_Productiva_2025_2da_Tarjeta_NM_116-1.jpg","type":"image\/jpeg"}],"author":"Hern\u00e1n L\u00f3pez","twitter_card":"summary_large_image","twitter_misc":{"Escrito por":"Hern\u00e1n L\u00f3pez","Tiempo de lectura":"4 minutos"},"schema":{"@context":"https:\/\/schema.org","@graph":[{"@type":"Article","@id":"https:\/\/diarioprincipios.com\/index.php\/2025\/08\/29\/se-inauguro-la-expo-bera-productiva-2025-en-el-centro-de-vicenzo\/#article","isPartOf":{"@id":"https:\/\/diarioprincipios.com\/index.php\/2025\/08\/29\/se-inauguro-la-expo-bera-productiva-2025-en-el-centro-de-vicenzo\/"},"author":{"name":"Hern\u00e1n L\u00f3pez","@id":"https:\/\/diarioprincipios.com\/#\/schema\/person\/436d5a1fd41a5e250e23ff5a6a7cb080"},"headline":"Se inaugur\u00f3 la Expo Bera Productiva 2025 en el Centro De Vicenzo","datePublished":"2025-08-29T21:17:34+00:00","dateModified":"2025-08-29T21:17:35+00:00","mainEntityOfPage":{"@id":"https:\/\/diarioprincipios.com\/index.php\/2025\/08\/29\/se-inauguro-la-expo-bera-productiva-2025-en-el-centro-de-vicenzo\/"},"wordCount":675,"commentCount":0,"publisher":{"@id":"https:\/\/diarioprincipios.com\/#organization"},"image":{"@id":"https:\/\/diarioprincipios.com\/index.php\/2025\/08\/29\/se-inauguro-la-expo-bera-productiva-2025-en-el-centro-de-vicenzo\/#primaryimage"},"thumbnailUrl":"https:\/\/diarioprincipios.com\/wp-content\/uploads\/2025\/08\/20250829_Expo_Bera_Productiva_2025_2da_Tarjeta_NM_116-1.jpg","articleSection":["Berazategui","Comercio e Industria"],"inLanguage":"es","potentialAction":[{"@type":"CommentAction","name":"Comment","target":["https:\/\/diarioprincipios.com\/index.php\/2025\/08\/29\/se-inauguro-la-expo-bera-productiva-2025-en-el-centro-de-vicenzo\/#respond"]}]},{"@type":"WebPage","@id":"https:\/\/diarioprincipios.com\/index.php\/2025\/08\/29\/se-inauguro-la-expo-bera-productiva-2025-en-el-centro-de-vicenzo\/","url":"https:\/\/diarioprincipios.com\/index.php\/2025\/08\/29\/se-inauguro-la-expo-bera-productiva-2025-en-el-centro-de-vicenzo\/","name":"Se inaugur\u00f3 la Expo Bera Productiva 2025 en el Centro De Vicenzo - Principios","isPartOf":{"@id":"https:\/\/diarioprincipios.com\/#website"},"primaryImageOfPage":{"@id":"https:\/\/diarioprincipios.com\/index.php\/2025\/08\/29\/se-inauguro-la-expo-bera-productiva-2025-en-el-centro-de-vicenzo\/#primaryimage"},"image":{"@id":"https:\/\/diarioprincipios.com\/index.php\/2025\/08\/29\/se-inauguro-la-expo-bera-productiva-2025-en-el-centro-de-vicenzo\/#primaryimage"},"thumbnailUrl":"https:\/\/diarioprincipios.com\/wp-content\/uploads\/2025\/08\/20250829_Expo_Bera_Productiva_2025_2da_Tarjeta_NM_116-1.jpg","datePublished":"2025-08-29T21:17:34+00:00","dateModified":"2025-08-29T21:17:35+00:00","breadcrumb":{"@id":"https:\/\/diarioprincipios.com\/index.php\/2025\/08\/29\/se-inauguro-la-expo-bera-productiva-2025-en-el-centro-de-vicenzo\/#breadcrumb"},"inLanguage":"es","potentialAction":[{"@type":"ReadAction","target":["https:\/\/diarioprincipios.com\/index.php\/2025\/08\/29\/se-inauguro-la-expo-bera-productiva-2025-en-el-centro-de-vicenzo\/"]}]},{"@type":"ImageObject","inLanguage":"es","@id":"https:\/\/diarioprincipios.com\/index.php\/2025\/08\/29\/se-inauguro-la-expo-bera-productiva-2025-en-el-centro-de-vicenzo\/#primaryimage","url":"https:\/\/diarioprincipios.com\/wp-content\/uploads\/2025\/08\/20250829_Expo_Bera_Productiva_2025_2da_Tarjeta_NM_116-1.jpg","contentUrl":"https:\/\/diarioprincipios.com\/wp-content\/uploads\/2025\/08\/20250829_Expo_Bera_Productiva_2025_2da_Tarjeta_NM_116-1.jpg","width":1920,"height":1280},{"@type":"BreadcrumbList","@id":"https:\/\/diarioprincipios.com\/index.php\/2025\/08\/29\/se-inauguro-la-expo-bera-productiva-2025-en-el-centro-de-vicenzo\/#breadcrumb","itemListElement":[{"@type":"ListItem","position":1,"name":"Portada","item":"https:\/\/diarioprincipios.com\/"},{"@type":"ListItem","position":2,"name":"Se inaugur\u00f3 la Expo Bera Productiva 2025 en el Centro De Vicenzo"}]},{"@type":"WebSite","@id":"https:\/\/diarioprincipios.com\/#website","url":"https:\/\/diarioprincipios.com\/","name":"Principios","description":"Principios Diario","publisher":{"@id":"https:\/\/diarioprincipios.com\/#organization"},"potentialAction":[{"@type":"SearchAction","target":{"@type":"EntryPoint","urlTemplate":"https:\/\/diarioprincipios.com\/?s={search_term_string}"},"query-input":{"@type":"PropertyValueSpecification","valueRequired":true,"valueName":"search_term_string"}}],"inLanguage":"es"},{"@type":"Organization","@id":"https:\/\/diarioprincipios.com\/#organization","name":"Principios","url":"https:\/\/diarioprincipios.com\/","logo":{"@type":"ImageObject","inLanguage":"es","@id":"https:\/\/diarioprincipios.com\/#\/schema\/logo\/image\/","url":"https:\/\/diarioprincipios.com\/wp-content\/uploads\/2024\/04\/cropped-www.diarioprincipios.com_-1.png","contentUrl":"https:\/\/diarioprincipios.com\/wp-content\/uploads\/2024\/04\/cropped-www.diarioprincipios.com_-1.png","width":5325,"height":1454,"caption":"Principios"},"image":{"@id":"https:\/\/diarioprincipios.com\/#\/schema\/logo\/image\/"}},{"@type":"Person","@id":"https:\/\/diarioprincipios.com\/#\/schema\/person\/436d5a1fd41a5e250e23ff5a6a7cb080","name":"Hern\u00e1n L\u00f3pez","image":{"@type":"ImageObject","inLanguage":"es","@id":"https:\/\/diarioprincipios.com\/wp-content\/litespeed\/avatar\/11ddfe5610ff3bd100522525b2571f48.jpg?ver=1777653193","url":"https:\/\/diarioprincipios.com\/wp-content\/litespeed\/avatar\/11ddfe5610ff3bd100522525b2571f48.jpg?ver=1777653193","contentUrl":"https:\/\/diarioprincipios.com\/wp-content\/litespeed\/avatar\/11ddfe5610ff3bd100522525b2571f48.jpg?ver=1777653193","caption":"Hern\u00e1n L\u00f3pez"},"url":"https:\/\/diarioprincipios.com\/index.php\/author\/hernan\/"}]}},"jetpack_featured_media_url":"https:\/\/diarioprincipios.com\/wp-content\/uploads\/2025\/08\/20250829_Expo_Bera_Productiva_2025_2da_Tarjeta_NM_116-1.jpg","_links":{"self":[{"href":"https:\/\/diarioprincipios.com\/index.php\/wp-json\/wp\/v2\/posts\/25328","targetHints":{"allow":["GET"]}}],"collection":[{"href":"https:\/\/diarioprincipios.com\/index.php\/wp-json\/wp\/v2\/posts"}],"about":[{"href":"https:\/\/diarioprincipios.com\/index.php\/wp-json\/wp\/v2\/types\/post"}],"author":[{"embeddable":true,"href":"https:\/\/diarioprincipios.com\/index.php\/wp-json\/wp\/v2\/users\/2"}],"replies":[{"embeddable":true,"href":"https:\/\/diarioprincipios.com\/index.php\/wp-json\/wp\/v2\/comments?post=25328"}],"version-history":[{"count":1,"href":"https:\/\/diarioprincipios.com\/index.php\/wp-json\/wp\/v2\/posts\/25328\/revisions"}],"predecessor-version":[{"id":25332,"href":"https:\/\/diarioprincipios.com\/index.php\/wp-json\/wp\/v2\/posts\/25328\/revisions\/25332"}],"wp:featuredmedia":[{"embeddable":true,"href":"https:\/\/diarioprincipios.com\/index.php\/wp-json\/wp\/v2\/media\/25331"}],"wp:attachment":[{"href":"https:\/\/diarioprincipios.com\/index.php\/wp-json\/wp\/v2\/media?parent=25328"}],"wp:term":[{"taxonomy":"category","embeddable":true,"href":"https:\/\/diarioprincipios.com\/index.php\/wp-json\/wp\/v2\/categories?post=25328"},{"taxonomy":"post_tag","embeddable":true,"href":"https:\/\/diarioprincipios.com\/index.php\/wp-json\/wp\/v2\/tags?post=25328"}],"curies":[{"name":"wp","href":"https:\/\/api.w.org\/{rel}","templated":true}]}}