{"id":25310,"date":"2025-08-27T18:40:01","date_gmt":"2025-08-27T21:40:01","guid":{"rendered":"https:\/\/diarioprincipios.com\/?p=25310"},"modified":"2025-08-27T18:40:02","modified_gmt":"2025-08-27T21:40:02","slug":"se-viene-la-expo-bera-productiva-2025","status":"publish","type":"post","link":"https:\/\/diarioprincipios.com\/index.php\/2025\/08\/27\/se-viene-la-expo-bera-productiva-2025\/","title":{"rendered":"Se viene la Expo Bera Productiva 2025"},"content":{"rendered":"\n<p><strong>Toda la producci\u00f3n, cultura y trabajo de Berazategui se expondr\u00e1n en un solo lugar: la Expo Bera Productiva 2025, un evento organizado por la Municipalidad de Berazategui e impulsado por el intendente Juan Jos\u00e9 Mussi, en articulaci\u00f3n con el Gobierno de la provincia de Buenos Aires. Se desarrollar\u00e1 este viernes 29 de agosto, de 11.00 a 19.00; y el s\u00e1bado 30 y domingo 31, de 15.00 a 21.00, en el Centro Municipal de Actividades Roberto De Vicenzo, con entrada libre y gratuita.<\/strong><br>\u201cEstamos muy ansiosos por este gran evento que este a\u00f1o se ha potenciado. Se pudo organizar gracias al financiamiento gestionado por el intendente Juan Jos\u00e9 Mussi, a trav\u00e9s del Consejo Federal de Inversiones (CFI), y contar\u00e1 con m\u00e1s de 100 stands de empresas, industrias Pymes locales, emprendedores y productores culturales\u201d, inform\u00f3 Juan Manuel Parra, secretario de Trabajo del Municipio. <\/p>\n\n\n\n<figure class=\"wp-block-image size-large\"><img loading=\"lazy\" decoding=\"async\" width=\"1024\" height=\"682\" src=\"https:\/\/diarioprincipios.com\/wp-content\/uploads\/2025\/08\/Se-viene-la-Expo-Bera-Productiva-2025-3-1024x682.jpg\" alt=\"\" class=\"wp-image-25311\" srcset=\"https:\/\/diarioprincipios.com\/wp-content\/uploads\/2025\/08\/Se-viene-la-Expo-Bera-Productiva-2025-3-1024x682.jpg 1024w, https:\/\/diarioprincipios.com\/wp-content\/uploads\/2025\/08\/Se-viene-la-Expo-Bera-Productiva-2025-3-300x200.jpg 300w, https:\/\/diarioprincipios.com\/wp-content\/uploads\/2025\/08\/Se-viene-la-Expo-Bera-Productiva-2025-3-768x512.jpg 768w, https:\/\/diarioprincipios.com\/wp-content\/uploads\/2025\/08\/Se-viene-la-Expo-Bera-Productiva-2025-3-1536x1023.jpg 1536w, https:\/\/diarioprincipios.com\/wp-content\/uploads\/2025\/08\/Se-viene-la-Expo-Bera-Productiva-2025-3-820x545.jpg 820w, https:\/\/diarioprincipios.com\/wp-content\/uploads\/2025\/08\/Se-viene-la-Expo-Bera-Productiva-2025-3-600x400.jpg 600w, https:\/\/diarioprincipios.com\/wp-content\/uploads\/2025\/08\/Se-viene-la-Expo-Bera-Productiva-2025-3.jpg 1600w\" sizes=\"auto, (max-width: 1024px) 100vw, 1024px\" \/><\/figure>\n\n\n\n<p>\u201cInvitamos a los vecinos y vecinas para que conozcan la potencia productiva de Berazategui, que durante tantos a\u00f1os se impuls\u00f3 con pol\u00edticas p\u00fablicas. Poder mostrarlo nos pone felices y orgullosos\u201d.<br>Asimismo, Parra agreg\u00f3: \u201cHabr\u00e1 una Ronda de Negocios (a partir del viernes por la ma\u00f1ana), donde se vincular\u00e1n el comercio y la industria para generar oportunidades de negocios, una herramienta muy valiosa en este momento tan dif\u00edcil, que fomentamos hace mucho tiempo, que articulamos con el Gobierno de la provincia de Buenos Aires, y que este a\u00f1o se potencia porque sumamos a las cadenas de supermercados, que pueden ser posibles compradores de lo que se produce en el distrito\u201d. Y concluy\u00f3: \u201cEl Gobierno de la Provincia, a cargo de Axel Kicillof, acompa\u00f1a la gesti\u00f3n productiva de Berazategui, conducida por el intendente Mussi\u201d.<\/p>\n\n\n\n<figure class=\"wp-block-image size-large\"><img loading=\"lazy\" decoding=\"async\" width=\"1024\" height=\"682\" src=\"https:\/\/diarioprincipios.com\/wp-content\/uploads\/2025\/08\/Se-viene-la-Expo-Bera-Productiva-2025-1-1024x682.jpg\" alt=\"\" class=\"wp-image-25312\" srcset=\"https:\/\/diarioprincipios.com\/wp-content\/uploads\/2025\/08\/Se-viene-la-Expo-Bera-Productiva-2025-1-1024x682.jpg 1024w, https:\/\/diarioprincipios.com\/wp-content\/uploads\/2025\/08\/Se-viene-la-Expo-Bera-Productiva-2025-1-300x200.jpg 300w, https:\/\/diarioprincipios.com\/wp-content\/uploads\/2025\/08\/Se-viene-la-Expo-Bera-Productiva-2025-1-768x512.jpg 768w, https:\/\/diarioprincipios.com\/wp-content\/uploads\/2025\/08\/Se-viene-la-Expo-Bera-Productiva-2025-1-1536x1023.jpg 1536w, https:\/\/diarioprincipios.com\/wp-content\/uploads\/2025\/08\/Se-viene-la-Expo-Bera-Productiva-2025-1-820x545.jpg 820w, https:\/\/diarioprincipios.com\/wp-content\/uploads\/2025\/08\/Se-viene-la-Expo-Bera-Productiva-2025-1-600x400.jpg 600w, https:\/\/diarioprincipios.com\/wp-content\/uploads\/2025\/08\/Se-viene-la-Expo-Bera-Productiva-2025-1.jpg 1600w\" sizes=\"auto, (max-width: 1024px) 100vw, 1024px\" \/><\/figure>\n\n\n\n<p><br>Adem\u00e1s, el s\u00e1bado 30 de agosto, de 11.00 a 18.00, se desarrollar\u00e1 la feria Sabores Bonaerenses \u00abEl gusto por lo nuestro\u00bb, coordinada con el Ministerio de Desarrollo Agrario, donde se expondr\u00e1n y ofrecer\u00e1n los productos que se fabrican en todo el territorio de la provincia de Buenos Aires, con variadas propuestas gastron\u00f3micas, cocina y shows musicales en vivo; adem\u00e1s de un patio de comidas.<br>Tambi\u00e9n se dispondr\u00e1 transporte para posibilitar la asistencia de los y las estudiantes de las escuelas que participan en el Programa Municipal de Educaci\u00f3n para el Consumo Local. Y en el Complejo Cultural Municipal La Calle (148 y 18 A) tendr\u00e1 lugar la Feria circular y autogestiva Fresh.<\/p>\n","protected":false},"excerpt":{"rendered":"<p>Toda la producci\u00f3n, cultura y trabajo de Berazategui se expondr\u00e1n en un solo lugar: la Expo Bera Productiva 2025, un evento organizado por la Municipalidad de Berazategui e impulsado por el intendente Juan Jos\u00e9 Mussi, en articulaci\u00f3n con el Gobierno de la provincia de Buenos Aires. Se desarrollar\u00e1 este viernes 29 de agosto, de 11.00&#8230;<\/p>\n","protected":false},"author":2,"featured_media":25313,"comment_status":"open","ping_status":"open","sticky":false,"template":"","format":"standard","meta":{"footnotes":""},"categories":[3,18],"tags":[],"class_list":["post-25310","post","type-post","status-publish","format-standard","has-post-thumbnail","hentry","category-berazategui","category-comercio-industria"],"featured_image_src":"https:\/\/diarioprincipios.com\/wp-content\/uploads\/2025\/08\/Se-viene-la-Expo-Bera-Productiva-2025-4-1024x682.jpg","blog_images":{"medium":"https:\/\/diarioprincipios.com\/wp-content\/uploads\/2025\/08\/Se-viene-la-Expo-Bera-Productiva-2025-4-300x200.jpg","large":"https:\/\/diarioprincipios.com\/wp-content\/uploads\/2025\/08\/Se-viene-la-Expo-Bera-Productiva-2025-4-1024x682.jpg"},"ams_acf":[],"yoast_head":"<!-- This site is optimized with the Yoast SEO plugin v27.3 - https:\/\/yoast.com\/product\/yoast-seo-wordpress\/ -->\n<title>Se viene la Expo Bera Productiva 2025 - Principios<\/title>\n<meta name=\"robots\" content=\"index, follow, max-snippet:-1, max-image-preview:large, max-video-preview:-1\" \/>\n<link rel=\"canonical\" href=\"https:\/\/diarioprincipios.com\/index.php\/2025\/08\/27\/se-viene-la-expo-bera-productiva-2025\/\" \/>\n<meta property=\"og:locale\" content=\"es_ES\" \/>\n<meta property=\"og:type\" content=\"article\" \/>\n<meta property=\"og:title\" content=\"Se viene la Expo Bera Productiva 2025 - Principios\" \/>\n<meta property=\"og:description\" content=\"Toda la producci\u00f3n, cultura y trabajo de Berazategui se expondr\u00e1n en un solo lugar: la Expo Bera Productiva 2025, un evento organizado por la Municipalidad de Berazategui e impulsado por el intendente Juan Jos\u00e9 Mussi, en articulaci\u00f3n con el Gobierno de la provincia de Buenos Aires. Se desarrollar\u00e1 este viernes 29 de agosto, de 11.00...\" \/>\n<meta property=\"og:url\" content=\"https:\/\/diarioprincipios.com\/index.php\/2025\/08\/27\/se-viene-la-expo-bera-productiva-2025\/\" \/>\n<meta property=\"og:site_name\" content=\"Principios\" \/>\n<meta property=\"article:published_time\" content=\"2025-08-27T21:40:01+00:00\" \/>\n<meta property=\"article:modified_time\" content=\"2025-08-27T21:40:02+00:00\" \/>\n<meta property=\"og:image\" content=\"https:\/\/diarioprincipios.com\/wp-content\/uploads\/2025\/08\/Se-viene-la-Expo-Bera-Productiva-2025-4.jpg\" \/>\n\t<meta property=\"og:image:width\" content=\"1600\" \/>\n\t<meta property=\"og:image:height\" content=\"1066\" \/>\n\t<meta property=\"og:image:type\" content=\"image\/jpeg\" \/>\n<meta name=\"author\" content=\"Hern\u00e1n L\u00f3pez\" \/>\n<meta name=\"twitter:card\" content=\"summary_large_image\" \/>\n<meta name=\"twitter:label1\" content=\"Escrito por\" \/>\n\t<meta name=\"twitter:data1\" content=\"Hern\u00e1n L\u00f3pez\" \/>\n\t<meta name=\"twitter:label2\" content=\"Tiempo de lectura\" \/>\n\t<meta name=\"twitter:data2\" content=\"3 minutos\" \/>\n<script type=\"application\/ld+json\" class=\"yoast-schema-graph\">{\"@context\":\"https:\\\/\\\/schema.org\",\"@graph\":[{\"@type\":\"Article\",\"@id\":\"https:\\\/\\\/diarioprincipios.com\\\/index.php\\\/2025\\\/08\\\/27\\\/se-viene-la-expo-bera-productiva-2025\\\/#article\",\"isPartOf\":{\"@id\":\"https:\\\/\\\/diarioprincipios.com\\\/index.php\\\/2025\\\/08\\\/27\\\/se-viene-la-expo-bera-productiva-2025\\\/\"},\"author\":{\"name\":\"Hern\u00e1n L\u00f3pez\",\"@id\":\"https:\\\/\\\/diarioprincipios.com\\\/#\\\/schema\\\/person\\\/436d5a1fd41a5e250e23ff5a6a7cb080\"},\"headline\":\"Se viene la Expo Bera Productiva 2025\",\"datePublished\":\"2025-08-27T21:40:01+00:00\",\"dateModified\":\"2025-08-27T21:40:02+00:00\",\"mainEntityOfPage\":{\"@id\":\"https:\\\/\\\/diarioprincipios.com\\\/index.php\\\/2025\\\/08\\\/27\\\/se-viene-la-expo-bera-productiva-2025\\\/\"},\"wordCount\":401,\"commentCount\":0,\"publisher\":{\"@id\":\"https:\\\/\\\/diarioprincipios.com\\\/#organization\"},\"image\":{\"@id\":\"https:\\\/\\\/diarioprincipios.com\\\/index.php\\\/2025\\\/08\\\/27\\\/se-viene-la-expo-bera-productiva-2025\\\/#primaryimage\"},\"thumbnailUrl\":\"https:\\\/\\\/diarioprincipios.com\\\/wp-content\\\/uploads\\\/2025\\\/08\\\/Se-viene-la-Expo-Bera-Productiva-2025-4.jpg\",\"articleSection\":[\"Berazategui\",\"Comercio e Industria\"],\"inLanguage\":\"es\",\"potentialAction\":[{\"@type\":\"CommentAction\",\"name\":\"Comment\",\"target\":[\"https:\\\/\\\/diarioprincipios.com\\\/index.php\\\/2025\\\/08\\\/27\\\/se-viene-la-expo-bera-productiva-2025\\\/#respond\"]}]},{\"@type\":\"WebPage\",\"@id\":\"https:\\\/\\\/diarioprincipios.com\\\/index.php\\\/2025\\\/08\\\/27\\\/se-viene-la-expo-bera-productiva-2025\\\/\",\"url\":\"https:\\\/\\\/diarioprincipios.com\\\/index.php\\\/2025\\\/08\\\/27\\\/se-viene-la-expo-bera-productiva-2025\\\/\",\"name\":\"Se viene la Expo Bera Productiva 2025 - Principios\",\"isPartOf\":{\"@id\":\"https:\\\/\\\/diarioprincipios.com\\\/#website\"},\"primaryImageOfPage\":{\"@id\":\"https:\\\/\\\/diarioprincipios.com\\\/index.php\\\/2025\\\/08\\\/27\\\/se-viene-la-expo-bera-productiva-2025\\\/#primaryimage\"},\"image\":{\"@id\":\"https:\\\/\\\/diarioprincipios.com\\\/index.php\\\/2025\\\/08\\\/27\\\/se-viene-la-expo-bera-productiva-2025\\\/#primaryimage\"},\"thumbnailUrl\":\"https:\\\/\\\/diarioprincipios.com\\\/wp-content\\\/uploads\\\/2025\\\/08\\\/Se-viene-la-Expo-Bera-Productiva-2025-4.jpg\",\"datePublished\":\"2025-08-27T21:40:01+00:00\",\"dateModified\":\"2025-08-27T21:40:02+00:00\",\"breadcrumb\":{\"@id\":\"https:\\\/\\\/diarioprincipios.com\\\/index.php\\\/2025\\\/08\\\/27\\\/se-viene-la-expo-bera-productiva-2025\\\/#breadcrumb\"},\"inLanguage\":\"es\",\"potentialAction\":[{\"@type\":\"ReadAction\",\"target\":[\"https:\\\/\\\/diarioprincipios.com\\\/index.php\\\/2025\\\/08\\\/27\\\/se-viene-la-expo-bera-productiva-2025\\\/\"]}]},{\"@type\":\"ImageObject\",\"inLanguage\":\"es\",\"@id\":\"https:\\\/\\\/diarioprincipios.com\\\/index.php\\\/2025\\\/08\\\/27\\\/se-viene-la-expo-bera-productiva-2025\\\/#primaryimage\",\"url\":\"https:\\\/\\\/diarioprincipios.com\\\/wp-content\\\/uploads\\\/2025\\\/08\\\/Se-viene-la-Expo-Bera-Productiva-2025-4.jpg\",\"contentUrl\":\"https:\\\/\\\/diarioprincipios.com\\\/wp-content\\\/uploads\\\/2025\\\/08\\\/Se-viene-la-Expo-Bera-Productiva-2025-4.jpg\",\"width\":1600,\"height\":1066},{\"@type\":\"BreadcrumbList\",\"@id\":\"https:\\\/\\\/diarioprincipios.com\\\/index.php\\\/2025\\\/08\\\/27\\\/se-viene-la-expo-bera-productiva-2025\\\/#breadcrumb\",\"itemListElement\":[{\"@type\":\"ListItem\",\"position\":1,\"name\":\"Portada\",\"item\":\"https:\\\/\\\/diarioprincipios.com\\\/\"},{\"@type\":\"ListItem\",\"position\":2,\"name\":\"Se viene la Expo Bera Productiva 2025\"}]},{\"@type\":\"WebSite\",\"@id\":\"https:\\\/\\\/diarioprincipios.com\\\/#website\",\"url\":\"https:\\\/\\\/diarioprincipios.com\\\/\",\"name\":\"Principios\",\"description\":\"Principios Diario\",\"publisher\":{\"@id\":\"https:\\\/\\\/diarioprincipios.com\\\/#organization\"},\"potentialAction\":[{\"@type\":\"SearchAction\",\"target\":{\"@type\":\"EntryPoint\",\"urlTemplate\":\"https:\\\/\\\/diarioprincipios.com\\\/?s={search_term_string}\"},\"query-input\":{\"@type\":\"PropertyValueSpecification\",\"valueRequired\":true,\"valueName\":\"search_term_string\"}}],\"inLanguage\":\"es\"},{\"@type\":\"Organization\",\"@id\":\"https:\\\/\\\/diarioprincipios.com\\\/#organization\",\"name\":\"Principios\",\"url\":\"https:\\\/\\\/diarioprincipios.com\\\/\",\"logo\":{\"@type\":\"ImageObject\",\"inLanguage\":\"es\",\"@id\":\"https:\\\/\\\/diarioprincipios.com\\\/#\\\/schema\\\/logo\\\/image\\\/\",\"url\":\"https:\\\/\\\/diarioprincipios.com\\\/wp-content\\\/uploads\\\/2024\\\/04\\\/cropped-www.diarioprincipios.com_-1.png\",\"contentUrl\":\"https:\\\/\\\/diarioprincipios.com\\\/wp-content\\\/uploads\\\/2024\\\/04\\\/cropped-www.diarioprincipios.com_-1.png\",\"width\":5325,\"height\":1454,\"caption\":\"Principios\"},\"image\":{\"@id\":\"https:\\\/\\\/diarioprincipios.com\\\/#\\\/schema\\\/logo\\\/image\\\/\"}},{\"@type\":\"Person\",\"@id\":\"https:\\\/\\\/diarioprincipios.com\\\/#\\\/schema\\\/person\\\/436d5a1fd41a5e250e23ff5a6a7cb080\",\"name\":\"Hern\u00e1n L\u00f3pez\",\"image\":{\"@type\":\"ImageObject\",\"inLanguage\":\"es\",\"@id\":\"https:\\\/\\\/diarioprincipios.com\\\/wp-content\\\/litespeed\\\/avatar\\\/11ddfe5610ff3bd100522525b2571f48.jpg?ver=1777653193\",\"url\":\"https:\\\/\\\/diarioprincipios.com\\\/wp-content\\\/litespeed\\\/avatar\\\/11ddfe5610ff3bd100522525b2571f48.jpg?ver=1777653193\",\"contentUrl\":\"https:\\\/\\\/diarioprincipios.com\\\/wp-content\\\/litespeed\\\/avatar\\\/11ddfe5610ff3bd100522525b2571f48.jpg?ver=1777653193\",\"caption\":\"Hern\u00e1n L\u00f3pez\"},\"url\":\"https:\\\/\\\/diarioprincipios.com\\\/index.php\\\/author\\\/hernan\\\/\"}]}<\/script>\n<!-- \/ Yoast SEO plugin. -->","yoast_head_json":{"title":"Se viene la Expo Bera Productiva 2025 - Principios","robots":{"index":"index","follow":"follow","max-snippet":"max-snippet:-1","max-image-preview":"max-image-preview:large","max-video-preview":"max-video-preview:-1"},"canonical":"https:\/\/diarioprincipios.com\/index.php\/2025\/08\/27\/se-viene-la-expo-bera-productiva-2025\/","og_locale":"es_ES","og_type":"article","og_title":"Se viene la Expo Bera Productiva 2025 - Principios","og_description":"Toda la producci\u00f3n, cultura y trabajo de Berazategui se expondr\u00e1n en un solo lugar: la Expo Bera Productiva 2025, un evento organizado por la Municipalidad de Berazategui e impulsado por el intendente Juan Jos\u00e9 Mussi, en articulaci\u00f3n con el Gobierno de la provincia de Buenos Aires. Se desarrollar\u00e1 este viernes 29 de agosto, de 11.00...","og_url":"https:\/\/diarioprincipios.com\/index.php\/2025\/08\/27\/se-viene-la-expo-bera-productiva-2025\/","og_site_name":"Principios","article_published_time":"2025-08-27T21:40:01+00:00","article_modified_time":"2025-08-27T21:40:02+00:00","og_image":[{"width":1600,"height":1066,"url":"https:\/\/diarioprincipios.com\/wp-content\/uploads\/2025\/08\/Se-viene-la-Expo-Bera-Productiva-2025-4.jpg","type":"image\/jpeg"}],"author":"Hern\u00e1n L\u00f3pez","twitter_card":"summary_large_image","twitter_misc":{"Escrito por":"Hern\u00e1n L\u00f3pez","Tiempo de lectura":"3 minutos"},"schema":{"@context":"https:\/\/schema.org","@graph":[{"@type":"Article","@id":"https:\/\/diarioprincipios.com\/index.php\/2025\/08\/27\/se-viene-la-expo-bera-productiva-2025\/#article","isPartOf":{"@id":"https:\/\/diarioprincipios.com\/index.php\/2025\/08\/27\/se-viene-la-expo-bera-productiva-2025\/"},"author":{"name":"Hern\u00e1n L\u00f3pez","@id":"https:\/\/diarioprincipios.com\/#\/schema\/person\/436d5a1fd41a5e250e23ff5a6a7cb080"},"headline":"Se viene la Expo Bera Productiva 2025","datePublished":"2025-08-27T21:40:01+00:00","dateModified":"2025-08-27T21:40:02+00:00","mainEntityOfPage":{"@id":"https:\/\/diarioprincipios.com\/index.php\/2025\/08\/27\/se-viene-la-expo-bera-productiva-2025\/"},"wordCount":401,"commentCount":0,"publisher":{"@id":"https:\/\/diarioprincipios.com\/#organization"},"image":{"@id":"https:\/\/diarioprincipios.com\/index.php\/2025\/08\/27\/se-viene-la-expo-bera-productiva-2025\/#primaryimage"},"thumbnailUrl":"https:\/\/diarioprincipios.com\/wp-content\/uploads\/2025\/08\/Se-viene-la-Expo-Bera-Productiva-2025-4.jpg","articleSection":["Berazategui","Comercio e Industria"],"inLanguage":"es","potentialAction":[{"@type":"CommentAction","name":"Comment","target":["https:\/\/diarioprincipios.com\/index.php\/2025\/08\/27\/se-viene-la-expo-bera-productiva-2025\/#respond"]}]},{"@type":"WebPage","@id":"https:\/\/diarioprincipios.com\/index.php\/2025\/08\/27\/se-viene-la-expo-bera-productiva-2025\/","url":"https:\/\/diarioprincipios.com\/index.php\/2025\/08\/27\/se-viene-la-expo-bera-productiva-2025\/","name":"Se viene la Expo Bera Productiva 2025 - Principios","isPartOf":{"@id":"https:\/\/diarioprincipios.com\/#website"},"primaryImageOfPage":{"@id":"https:\/\/diarioprincipios.com\/index.php\/2025\/08\/27\/se-viene-la-expo-bera-productiva-2025\/#primaryimage"},"image":{"@id":"https:\/\/diarioprincipios.com\/index.php\/2025\/08\/27\/se-viene-la-expo-bera-productiva-2025\/#primaryimage"},"thumbnailUrl":"https:\/\/diarioprincipios.com\/wp-content\/uploads\/2025\/08\/Se-viene-la-Expo-Bera-Productiva-2025-4.jpg","datePublished":"2025-08-27T21:40:01+00:00","dateModified":"2025-08-27T21:40:02+00:00","breadcrumb":{"@id":"https:\/\/diarioprincipios.com\/index.php\/2025\/08\/27\/se-viene-la-expo-bera-productiva-2025\/#breadcrumb"},"inLanguage":"es","potentialAction":[{"@type":"ReadAction","target":["https:\/\/diarioprincipios.com\/index.php\/2025\/08\/27\/se-viene-la-expo-bera-productiva-2025\/"]}]},{"@type":"ImageObject","inLanguage":"es","@id":"https:\/\/diarioprincipios.com\/index.php\/2025\/08\/27\/se-viene-la-expo-bera-productiva-2025\/#primaryimage","url":"https:\/\/diarioprincipios.com\/wp-content\/uploads\/2025\/08\/Se-viene-la-Expo-Bera-Productiva-2025-4.jpg","contentUrl":"https:\/\/diarioprincipios.com\/wp-content\/uploads\/2025\/08\/Se-viene-la-Expo-Bera-Productiva-2025-4.jpg","width":1600,"height":1066},{"@type":"BreadcrumbList","@id":"https:\/\/diarioprincipios.com\/index.php\/2025\/08\/27\/se-viene-la-expo-bera-productiva-2025\/#breadcrumb","itemListElement":[{"@type":"ListItem","position":1,"name":"Portada","item":"https:\/\/diarioprincipios.com\/"},{"@type":"ListItem","position":2,"name":"Se viene la Expo Bera Productiva 2025"}]},{"@type":"WebSite","@id":"https:\/\/diarioprincipios.com\/#website","url":"https:\/\/diarioprincipios.com\/","name":"Principios","description":"Principios Diario","publisher":{"@id":"https:\/\/diarioprincipios.com\/#organization"},"potentialAction":[{"@type":"SearchAction","target":{"@type":"EntryPoint","urlTemplate":"https:\/\/diarioprincipios.com\/?s={search_term_string}"},"query-input":{"@type":"PropertyValueSpecification","valueRequired":true,"valueName":"search_term_string"}}],"inLanguage":"es"},{"@type":"Organization","@id":"https:\/\/diarioprincipios.com\/#organization","name":"Principios","url":"https:\/\/diarioprincipios.com\/","logo":{"@type":"ImageObject","inLanguage":"es","@id":"https:\/\/diarioprincipios.com\/#\/schema\/logo\/image\/","url":"https:\/\/diarioprincipios.com\/wp-content\/uploads\/2024\/04\/cropped-www.diarioprincipios.com_-1.png","contentUrl":"https:\/\/diarioprincipios.com\/wp-content\/uploads\/2024\/04\/cropped-www.diarioprincipios.com_-1.png","width":5325,"height":1454,"caption":"Principios"},"image":{"@id":"https:\/\/diarioprincipios.com\/#\/schema\/logo\/image\/"}},{"@type":"Person","@id":"https:\/\/diarioprincipios.com\/#\/schema\/person\/436d5a1fd41a5e250e23ff5a6a7cb080","name":"Hern\u00e1n L\u00f3pez","image":{"@type":"ImageObject","inLanguage":"es","@id":"https:\/\/diarioprincipios.com\/wp-content\/litespeed\/avatar\/11ddfe5610ff3bd100522525b2571f48.jpg?ver=1777653193","url":"https:\/\/diarioprincipios.com\/wp-content\/litespeed\/avatar\/11ddfe5610ff3bd100522525b2571f48.jpg?ver=1777653193","contentUrl":"https:\/\/diarioprincipios.com\/wp-content\/litespeed\/avatar\/11ddfe5610ff3bd100522525b2571f48.jpg?ver=1777653193","caption":"Hern\u00e1n L\u00f3pez"},"url":"https:\/\/diarioprincipios.com\/index.php\/author\/hernan\/"}]}},"jetpack_featured_media_url":"https:\/\/diarioprincipios.com\/wp-content\/uploads\/2025\/08\/Se-viene-la-Expo-Bera-Productiva-2025-4.jpg","_links":{"self":[{"href":"https:\/\/diarioprincipios.com\/index.php\/wp-json\/wp\/v2\/posts\/25310","targetHints":{"allow":["GET"]}}],"collection":[{"href":"https:\/\/diarioprincipios.com\/index.php\/wp-json\/wp\/v2\/posts"}],"about":[{"href":"https:\/\/diarioprincipios.com\/index.php\/wp-json\/wp\/v2\/types\/post"}],"author":[{"embeddable":true,"href":"https:\/\/diarioprincipios.com\/index.php\/wp-json\/wp\/v2\/users\/2"}],"replies":[{"embeddable":true,"href":"https:\/\/diarioprincipios.com\/index.php\/wp-json\/wp\/v2\/comments?post=25310"}],"version-history":[{"count":1,"href":"https:\/\/diarioprincipios.com\/index.php\/wp-json\/wp\/v2\/posts\/25310\/revisions"}],"predecessor-version":[{"id":25314,"href":"https:\/\/diarioprincipios.com\/index.php\/wp-json\/wp\/v2\/posts\/25310\/revisions\/25314"}],"wp:featuredmedia":[{"embeddable":true,"href":"https:\/\/diarioprincipios.com\/index.php\/wp-json\/wp\/v2\/media\/25313"}],"wp:attachment":[{"href":"https:\/\/diarioprincipios.com\/index.php\/wp-json\/wp\/v2\/media?parent=25310"}],"wp:term":[{"taxonomy":"category","embeddable":true,"href":"https:\/\/diarioprincipios.com\/index.php\/wp-json\/wp\/v2\/categories?post=25310"},{"taxonomy":"post_tag","embeddable":true,"href":"https:\/\/diarioprincipios.com\/index.php\/wp-json\/wp\/v2\/tags?post=25310"}],"curies":[{"name":"wp","href":"https:\/\/api.w.org\/{rel}","templated":true}]}}