{"id":25306,"date":"2025-08-27T17:55:04","date_gmt":"2025-08-27T20:55:04","guid":{"rendered":"https:\/\/diarioprincipios.com\/?p=25306"},"modified":"2025-08-27T17:55:05","modified_gmt":"2025-08-27T20:55:05","slug":"se-firmo-el-convenio-para-la-construccion-de-la-escuela-secundaria-tecnica-unaj","status":"publish","type":"post","link":"https:\/\/diarioprincipios.com\/index.php\/2025\/08\/27\/se-firmo-el-convenio-para-la-construccion-de-la-escuela-secundaria-tecnica-unaj\/","title":{"rendered":"Se firm\u00f3 el convenio para la construcci\u00f3n de la Escuela Secundaria T\u00e9cnica UNAJ"},"content":{"rendered":"\n<p>El rector de la Universidad Nacional Arturo Jauretche, Arnaldo Medina, el intendente de Florencio Varela, Andr\u00e9s Watson, y el gobernador de la Provincia de Buenos Aires, Axel Kicillof, firmaron el convenio para la concreci\u00f3n de las obras de la Escuela Secundaria T\u00e9cnica UNAJ, que funcionar\u00e1 en el barrio San Francisco.<\/p>\n\n\n\n<p>El acto se llev\u00f3 a cabo en el barrio La Capilla de Florencio Varela, durante la visita del Gobernador Kicillof, y cont\u00f3 con la presencia de la vicegobernadora Ver\u00f3nica Magario, el director general de Cultura y Educaci\u00f3n, Alberto Sileoni, y el intendente de Almirante Brown, Mariano Cascallares.<\/p>\n\n\n\n<figure class=\"wp-block-image size-large\"><img loading=\"lazy\" decoding=\"async\" width=\"1024\" height=\"682\" src=\"https:\/\/diarioprincipios.com\/wp-content\/uploads\/2025\/08\/WhatsApp-Image-2025-08-21-at-19_56_24-1024x682.jpeg\" alt=\"\" class=\"wp-image-25307\" srcset=\"https:\/\/diarioprincipios.com\/wp-content\/uploads\/2025\/08\/WhatsApp-Image-2025-08-21-at-19_56_24-1024x682.jpeg 1024w, https:\/\/diarioprincipios.com\/wp-content\/uploads\/2025\/08\/WhatsApp-Image-2025-08-21-at-19_56_24-300x200.jpeg 300w, https:\/\/diarioprincipios.com\/wp-content\/uploads\/2025\/08\/WhatsApp-Image-2025-08-21-at-19_56_24-768x512.jpeg 768w, https:\/\/diarioprincipios.com\/wp-content\/uploads\/2025\/08\/WhatsApp-Image-2025-08-21-at-19_56_24-820x545.jpeg 820w, https:\/\/diarioprincipios.com\/wp-content\/uploads\/2025\/08\/WhatsApp-Image-2025-08-21-at-19_56_24-600x400.jpeg 600w, https:\/\/diarioprincipios.com\/wp-content\/uploads\/2025\/08\/WhatsApp-Image-2025-08-21-at-19_56_24.jpeg 1280w\" sizes=\"auto, (max-width: 1024px) 100vw, 1024px\" \/><\/figure>\n\n\n\n<p>La Escuela T\u00e9cnica UNAJ ser\u00e1 la primera instituci\u00f3n de este tipo cogestionada entre una universidad nacional y la Provincia. Su propuesta educativa, p\u00fablica e inclusiva, contempla la apertura de dos tecnicaturas estrat\u00e9gicas: Producci\u00f3n Agropecuaria y Programaci\u00f3n, en articulaci\u00f3n con los desaf\u00edos del territorio, la agtech y la industria 4.0.<\/p>\n\n\n\n<p>Este proyecto representa un paso hist\u00f3rico para la UNAJ, Florencio Varela y la regi\u00f3n, al garantizar nuevas oportunidades de formaci\u00f3n para j\u00f3venes y fortalecer el derecho a una educaci\u00f3n t\u00e9cnica de calidad, con fuerte compromiso comunitario.<\/p>\n","protected":false},"excerpt":{"rendered":"<p>El rector de la Universidad Nacional Arturo Jauretche, Arnaldo Medina, el intendente de Florencio Varela, Andr\u00e9s Watson, y el gobernador de la Provincia de Buenos Aires, Axel Kicillof, firmaron el convenio para la concreci\u00f3n de las obras de la Escuela Secundaria T\u00e9cnica UNAJ, que funcionar\u00e1 en el barrio San Francisco. El acto se llev\u00f3 a&#8230;<\/p>\n","protected":false},"author":2,"featured_media":25308,"comment_status":"open","ping_status":"open","sticky":false,"template":"","format":"standard","meta":{"footnotes":""},"categories":[19,17],"tags":[],"class_list":["post-25306","post","type-post","status-publish","format-standard","has-post-thumbnail","hentry","category-cultura-educacion","category-zona-sur"],"featured_image_src":"https:\/\/diarioprincipios.com\/wp-content\/uploads\/2025\/08\/WhatsApp-Image-2025-08-21-at-19_56_26-1024x682.jpeg","blog_images":{"medium":"https:\/\/diarioprincipios.com\/wp-content\/uploads\/2025\/08\/WhatsApp-Image-2025-08-21-at-19_56_26-300x200.jpeg","large":"https:\/\/diarioprincipios.com\/wp-content\/uploads\/2025\/08\/WhatsApp-Image-2025-08-21-at-19_56_26-1024x682.jpeg"},"ams_acf":[],"yoast_head":"<!-- This site is optimized with the Yoast SEO plugin v27.3 - https:\/\/yoast.com\/product\/yoast-seo-wordpress\/ -->\n<title>Se firm\u00f3 el convenio para la construcci\u00f3n de la Escuela Secundaria T\u00e9cnica UNAJ - Principios<\/title>\n<meta name=\"robots\" content=\"index, follow, max-snippet:-1, max-image-preview:large, max-video-preview:-1\" \/>\n<link rel=\"canonical\" href=\"https:\/\/diarioprincipios.com\/index.php\/2025\/08\/27\/se-firmo-el-convenio-para-la-construccion-de-la-escuela-secundaria-tecnica-unaj\/\" \/>\n<meta property=\"og:locale\" content=\"es_ES\" \/>\n<meta property=\"og:type\" content=\"article\" \/>\n<meta property=\"og:title\" content=\"Se firm\u00f3 el convenio para la construcci\u00f3n de la Escuela Secundaria T\u00e9cnica UNAJ - Principios\" \/>\n<meta property=\"og:description\" content=\"El rector de la Universidad Nacional Arturo Jauretche, Arnaldo Medina, el intendente de Florencio Varela, Andr\u00e9s Watson, y el gobernador de la Provincia de Buenos Aires, Axel Kicillof, firmaron el convenio para la concreci\u00f3n de las obras de la Escuela Secundaria T\u00e9cnica UNAJ, que funcionar\u00e1 en el barrio San Francisco. El acto se llev\u00f3 a...\" \/>\n<meta property=\"og:url\" content=\"https:\/\/diarioprincipios.com\/index.php\/2025\/08\/27\/se-firmo-el-convenio-para-la-construccion-de-la-escuela-secundaria-tecnica-unaj\/\" \/>\n<meta property=\"og:site_name\" content=\"Principios\" \/>\n<meta property=\"article:published_time\" content=\"2025-08-27T20:55:04+00:00\" \/>\n<meta property=\"article:modified_time\" content=\"2025-08-27T20:55:05+00:00\" \/>\n<meta property=\"og:image\" content=\"https:\/\/diarioprincipios.com\/wp-content\/uploads\/2025\/08\/WhatsApp-Image-2025-08-21-at-19_56_26.jpeg\" \/>\n\t<meta property=\"og:image:width\" content=\"1280\" \/>\n\t<meta property=\"og:image:height\" content=\"853\" \/>\n\t<meta property=\"og:image:type\" content=\"image\/jpeg\" \/>\n<meta name=\"author\" content=\"Hern\u00e1n L\u00f3pez\" \/>\n<meta name=\"twitter:card\" content=\"summary_large_image\" \/>\n<meta name=\"twitter:label1\" content=\"Escrito por\" \/>\n\t<meta name=\"twitter:data1\" content=\"Hern\u00e1n L\u00f3pez\" \/>\n\t<meta name=\"twitter:label2\" content=\"Tiempo de lectura\" \/>\n\t<meta name=\"twitter:data2\" content=\"2 minutos\" \/>\n<script type=\"application\/ld+json\" class=\"yoast-schema-graph\">{\"@context\":\"https:\\\/\\\/schema.org\",\"@graph\":[{\"@type\":\"Article\",\"@id\":\"https:\\\/\\\/diarioprincipios.com\\\/index.php\\\/2025\\\/08\\\/27\\\/se-firmo-el-convenio-para-la-construccion-de-la-escuela-secundaria-tecnica-unaj\\\/#article\",\"isPartOf\":{\"@id\":\"https:\\\/\\\/diarioprincipios.com\\\/index.php\\\/2025\\\/08\\\/27\\\/se-firmo-el-convenio-para-la-construccion-de-la-escuela-secundaria-tecnica-unaj\\\/\"},\"author\":{\"name\":\"Hern\u00e1n L\u00f3pez\",\"@id\":\"https:\\\/\\\/diarioprincipios.com\\\/#\\\/schema\\\/person\\\/436d5a1fd41a5e250e23ff5a6a7cb080\"},\"headline\":\"Se firm\u00f3 el convenio para la construcci\u00f3n de la Escuela Secundaria T\u00e9cnica UNAJ\",\"datePublished\":\"2025-08-27T20:55:04+00:00\",\"dateModified\":\"2025-08-27T20:55:05+00:00\",\"mainEntityOfPage\":{\"@id\":\"https:\\\/\\\/diarioprincipios.com\\\/index.php\\\/2025\\\/08\\\/27\\\/se-firmo-el-convenio-para-la-construccion-de-la-escuela-secundaria-tecnica-unaj\\\/\"},\"wordCount\":215,\"commentCount\":0,\"publisher\":{\"@id\":\"https:\\\/\\\/diarioprincipios.com\\\/#organization\"},\"image\":{\"@id\":\"https:\\\/\\\/diarioprincipios.com\\\/index.php\\\/2025\\\/08\\\/27\\\/se-firmo-el-convenio-para-la-construccion-de-la-escuela-secundaria-tecnica-unaj\\\/#primaryimage\"},\"thumbnailUrl\":\"https:\\\/\\\/diarioprincipios.com\\\/wp-content\\\/uploads\\\/2025\\\/08\\\/WhatsApp-Image-2025-08-21-at-19_56_26.jpeg\",\"articleSection\":[\"Cultura y Educaci\u00f3n\",\"Zonar Sur\"],\"inLanguage\":\"es\",\"potentialAction\":[{\"@type\":\"CommentAction\",\"name\":\"Comment\",\"target\":[\"https:\\\/\\\/diarioprincipios.com\\\/index.php\\\/2025\\\/08\\\/27\\\/se-firmo-el-convenio-para-la-construccion-de-la-escuela-secundaria-tecnica-unaj\\\/#respond\"]}]},{\"@type\":\"WebPage\",\"@id\":\"https:\\\/\\\/diarioprincipios.com\\\/index.php\\\/2025\\\/08\\\/27\\\/se-firmo-el-convenio-para-la-construccion-de-la-escuela-secundaria-tecnica-unaj\\\/\",\"url\":\"https:\\\/\\\/diarioprincipios.com\\\/index.php\\\/2025\\\/08\\\/27\\\/se-firmo-el-convenio-para-la-construccion-de-la-escuela-secundaria-tecnica-unaj\\\/\",\"name\":\"Se firm\u00f3 el convenio para la construcci\u00f3n de la Escuela Secundaria T\u00e9cnica UNAJ - Principios\",\"isPartOf\":{\"@id\":\"https:\\\/\\\/diarioprincipios.com\\\/#website\"},\"primaryImageOfPage\":{\"@id\":\"https:\\\/\\\/diarioprincipios.com\\\/index.php\\\/2025\\\/08\\\/27\\\/se-firmo-el-convenio-para-la-construccion-de-la-escuela-secundaria-tecnica-unaj\\\/#primaryimage\"},\"image\":{\"@id\":\"https:\\\/\\\/diarioprincipios.com\\\/index.php\\\/2025\\\/08\\\/27\\\/se-firmo-el-convenio-para-la-construccion-de-la-escuela-secundaria-tecnica-unaj\\\/#primaryimage\"},\"thumbnailUrl\":\"https:\\\/\\\/diarioprincipios.com\\\/wp-content\\\/uploads\\\/2025\\\/08\\\/WhatsApp-Image-2025-08-21-at-19_56_26.jpeg\",\"datePublished\":\"2025-08-27T20:55:04+00:00\",\"dateModified\":\"2025-08-27T20:55:05+00:00\",\"breadcrumb\":{\"@id\":\"https:\\\/\\\/diarioprincipios.com\\\/index.php\\\/2025\\\/08\\\/27\\\/se-firmo-el-convenio-para-la-construccion-de-la-escuela-secundaria-tecnica-unaj\\\/#breadcrumb\"},\"inLanguage\":\"es\",\"potentialAction\":[{\"@type\":\"ReadAction\",\"target\":[\"https:\\\/\\\/diarioprincipios.com\\\/index.php\\\/2025\\\/08\\\/27\\\/se-firmo-el-convenio-para-la-construccion-de-la-escuela-secundaria-tecnica-unaj\\\/\"]}]},{\"@type\":\"ImageObject\",\"inLanguage\":\"es\",\"@id\":\"https:\\\/\\\/diarioprincipios.com\\\/index.php\\\/2025\\\/08\\\/27\\\/se-firmo-el-convenio-para-la-construccion-de-la-escuela-secundaria-tecnica-unaj\\\/#primaryimage\",\"url\":\"https:\\\/\\\/diarioprincipios.com\\\/wp-content\\\/uploads\\\/2025\\\/08\\\/WhatsApp-Image-2025-08-21-at-19_56_26.jpeg\",\"contentUrl\":\"https:\\\/\\\/diarioprincipios.com\\\/wp-content\\\/uploads\\\/2025\\\/08\\\/WhatsApp-Image-2025-08-21-at-19_56_26.jpeg\",\"width\":1280,\"height\":853},{\"@type\":\"BreadcrumbList\",\"@id\":\"https:\\\/\\\/diarioprincipios.com\\\/index.php\\\/2025\\\/08\\\/27\\\/se-firmo-el-convenio-para-la-construccion-de-la-escuela-secundaria-tecnica-unaj\\\/#breadcrumb\",\"itemListElement\":[{\"@type\":\"ListItem\",\"position\":1,\"name\":\"Portada\",\"item\":\"https:\\\/\\\/diarioprincipios.com\\\/\"},{\"@type\":\"ListItem\",\"position\":2,\"name\":\"Se firm\u00f3 el convenio para la construcci\u00f3n de la Escuela Secundaria T\u00e9cnica UNAJ\"}]},{\"@type\":\"WebSite\",\"@id\":\"https:\\\/\\\/diarioprincipios.com\\\/#website\",\"url\":\"https:\\\/\\\/diarioprincipios.com\\\/\",\"name\":\"Principios\",\"description\":\"Principios Diario\",\"publisher\":{\"@id\":\"https:\\\/\\\/diarioprincipios.com\\\/#organization\"},\"potentialAction\":[{\"@type\":\"SearchAction\",\"target\":{\"@type\":\"EntryPoint\",\"urlTemplate\":\"https:\\\/\\\/diarioprincipios.com\\\/?s={search_term_string}\"},\"query-input\":{\"@type\":\"PropertyValueSpecification\",\"valueRequired\":true,\"valueName\":\"search_term_string\"}}],\"inLanguage\":\"es\"},{\"@type\":\"Organization\",\"@id\":\"https:\\\/\\\/diarioprincipios.com\\\/#organization\",\"name\":\"Principios\",\"url\":\"https:\\\/\\\/diarioprincipios.com\\\/\",\"logo\":{\"@type\":\"ImageObject\",\"inLanguage\":\"es\",\"@id\":\"https:\\\/\\\/diarioprincipios.com\\\/#\\\/schema\\\/logo\\\/image\\\/\",\"url\":\"https:\\\/\\\/diarioprincipios.com\\\/wp-content\\\/uploads\\\/2024\\\/04\\\/cropped-www.diarioprincipios.com_-1.png\",\"contentUrl\":\"https:\\\/\\\/diarioprincipios.com\\\/wp-content\\\/uploads\\\/2024\\\/04\\\/cropped-www.diarioprincipios.com_-1.png\",\"width\":5325,\"height\":1454,\"caption\":\"Principios\"},\"image\":{\"@id\":\"https:\\\/\\\/diarioprincipios.com\\\/#\\\/schema\\\/logo\\\/image\\\/\"}},{\"@type\":\"Person\",\"@id\":\"https:\\\/\\\/diarioprincipios.com\\\/#\\\/schema\\\/person\\\/436d5a1fd41a5e250e23ff5a6a7cb080\",\"name\":\"Hern\u00e1n L\u00f3pez\",\"image\":{\"@type\":\"ImageObject\",\"inLanguage\":\"es\",\"@id\":\"https:\\\/\\\/diarioprincipios.com\\\/wp-content\\\/litespeed\\\/avatar\\\/11ddfe5610ff3bd100522525b2571f48.jpg?ver=1777653193\",\"url\":\"https:\\\/\\\/diarioprincipios.com\\\/wp-content\\\/litespeed\\\/avatar\\\/11ddfe5610ff3bd100522525b2571f48.jpg?ver=1777653193\",\"contentUrl\":\"https:\\\/\\\/diarioprincipios.com\\\/wp-content\\\/litespeed\\\/avatar\\\/11ddfe5610ff3bd100522525b2571f48.jpg?ver=1777653193\",\"caption\":\"Hern\u00e1n L\u00f3pez\"},\"url\":\"https:\\\/\\\/diarioprincipios.com\\\/index.php\\\/author\\\/hernan\\\/\"}]}<\/script>\n<!-- \/ Yoast SEO plugin. -->","yoast_head_json":{"title":"Se firm\u00f3 el convenio para la construcci\u00f3n de la Escuela Secundaria T\u00e9cnica UNAJ - Principios","robots":{"index":"index","follow":"follow","max-snippet":"max-snippet:-1","max-image-preview":"max-image-preview:large","max-video-preview":"max-video-preview:-1"},"canonical":"https:\/\/diarioprincipios.com\/index.php\/2025\/08\/27\/se-firmo-el-convenio-para-la-construccion-de-la-escuela-secundaria-tecnica-unaj\/","og_locale":"es_ES","og_type":"article","og_title":"Se firm\u00f3 el convenio para la construcci\u00f3n de la Escuela Secundaria T\u00e9cnica UNAJ - Principios","og_description":"El rector de la Universidad Nacional Arturo Jauretche, Arnaldo Medina, el intendente de Florencio Varela, Andr\u00e9s Watson, y el gobernador de la Provincia de Buenos Aires, Axel Kicillof, firmaron el convenio para la concreci\u00f3n de las obras de la Escuela Secundaria T\u00e9cnica UNAJ, que funcionar\u00e1 en el barrio San Francisco. El acto se llev\u00f3 a...","og_url":"https:\/\/diarioprincipios.com\/index.php\/2025\/08\/27\/se-firmo-el-convenio-para-la-construccion-de-la-escuela-secundaria-tecnica-unaj\/","og_site_name":"Principios","article_published_time":"2025-08-27T20:55:04+00:00","article_modified_time":"2025-08-27T20:55:05+00:00","og_image":[{"width":1280,"height":853,"url":"https:\/\/diarioprincipios.com\/wp-content\/uploads\/2025\/08\/WhatsApp-Image-2025-08-21-at-19_56_26.jpeg","type":"image\/jpeg"}],"author":"Hern\u00e1n L\u00f3pez","twitter_card":"summary_large_image","twitter_misc":{"Escrito por":"Hern\u00e1n L\u00f3pez","Tiempo de lectura":"2 minutos"},"schema":{"@context":"https:\/\/schema.org","@graph":[{"@type":"Article","@id":"https:\/\/diarioprincipios.com\/index.php\/2025\/08\/27\/se-firmo-el-convenio-para-la-construccion-de-la-escuela-secundaria-tecnica-unaj\/#article","isPartOf":{"@id":"https:\/\/diarioprincipios.com\/index.php\/2025\/08\/27\/se-firmo-el-convenio-para-la-construccion-de-la-escuela-secundaria-tecnica-unaj\/"},"author":{"name":"Hern\u00e1n L\u00f3pez","@id":"https:\/\/diarioprincipios.com\/#\/schema\/person\/436d5a1fd41a5e250e23ff5a6a7cb080"},"headline":"Se firm\u00f3 el convenio para la construcci\u00f3n de la Escuela Secundaria T\u00e9cnica UNAJ","datePublished":"2025-08-27T20:55:04+00:00","dateModified":"2025-08-27T20:55:05+00:00","mainEntityOfPage":{"@id":"https:\/\/diarioprincipios.com\/index.php\/2025\/08\/27\/se-firmo-el-convenio-para-la-construccion-de-la-escuela-secundaria-tecnica-unaj\/"},"wordCount":215,"commentCount":0,"publisher":{"@id":"https:\/\/diarioprincipios.com\/#organization"},"image":{"@id":"https:\/\/diarioprincipios.com\/index.php\/2025\/08\/27\/se-firmo-el-convenio-para-la-construccion-de-la-escuela-secundaria-tecnica-unaj\/#primaryimage"},"thumbnailUrl":"https:\/\/diarioprincipios.com\/wp-content\/uploads\/2025\/08\/WhatsApp-Image-2025-08-21-at-19_56_26.jpeg","articleSection":["Cultura y Educaci\u00f3n","Zonar Sur"],"inLanguage":"es","potentialAction":[{"@type":"CommentAction","name":"Comment","target":["https:\/\/diarioprincipios.com\/index.php\/2025\/08\/27\/se-firmo-el-convenio-para-la-construccion-de-la-escuela-secundaria-tecnica-unaj\/#respond"]}]},{"@type":"WebPage","@id":"https:\/\/diarioprincipios.com\/index.php\/2025\/08\/27\/se-firmo-el-convenio-para-la-construccion-de-la-escuela-secundaria-tecnica-unaj\/","url":"https:\/\/diarioprincipios.com\/index.php\/2025\/08\/27\/se-firmo-el-convenio-para-la-construccion-de-la-escuela-secundaria-tecnica-unaj\/","name":"Se firm\u00f3 el convenio para la construcci\u00f3n de la Escuela Secundaria T\u00e9cnica UNAJ - Principios","isPartOf":{"@id":"https:\/\/diarioprincipios.com\/#website"},"primaryImageOfPage":{"@id":"https:\/\/diarioprincipios.com\/index.php\/2025\/08\/27\/se-firmo-el-convenio-para-la-construccion-de-la-escuela-secundaria-tecnica-unaj\/#primaryimage"},"image":{"@id":"https:\/\/diarioprincipios.com\/index.php\/2025\/08\/27\/se-firmo-el-convenio-para-la-construccion-de-la-escuela-secundaria-tecnica-unaj\/#primaryimage"},"thumbnailUrl":"https:\/\/diarioprincipios.com\/wp-content\/uploads\/2025\/08\/WhatsApp-Image-2025-08-21-at-19_56_26.jpeg","datePublished":"2025-08-27T20:55:04+00:00","dateModified":"2025-08-27T20:55:05+00:00","breadcrumb":{"@id":"https:\/\/diarioprincipios.com\/index.php\/2025\/08\/27\/se-firmo-el-convenio-para-la-construccion-de-la-escuela-secundaria-tecnica-unaj\/#breadcrumb"},"inLanguage":"es","potentialAction":[{"@type":"ReadAction","target":["https:\/\/diarioprincipios.com\/index.php\/2025\/08\/27\/se-firmo-el-convenio-para-la-construccion-de-la-escuela-secundaria-tecnica-unaj\/"]}]},{"@type":"ImageObject","inLanguage":"es","@id":"https:\/\/diarioprincipios.com\/index.php\/2025\/08\/27\/se-firmo-el-convenio-para-la-construccion-de-la-escuela-secundaria-tecnica-unaj\/#primaryimage","url":"https:\/\/diarioprincipios.com\/wp-content\/uploads\/2025\/08\/WhatsApp-Image-2025-08-21-at-19_56_26.jpeg","contentUrl":"https:\/\/diarioprincipios.com\/wp-content\/uploads\/2025\/08\/WhatsApp-Image-2025-08-21-at-19_56_26.jpeg","width":1280,"height":853},{"@type":"BreadcrumbList","@id":"https:\/\/diarioprincipios.com\/index.php\/2025\/08\/27\/se-firmo-el-convenio-para-la-construccion-de-la-escuela-secundaria-tecnica-unaj\/#breadcrumb","itemListElement":[{"@type":"ListItem","position":1,"name":"Portada","item":"https:\/\/diarioprincipios.com\/"},{"@type":"ListItem","position":2,"name":"Se firm\u00f3 el convenio para la construcci\u00f3n de la Escuela Secundaria T\u00e9cnica UNAJ"}]},{"@type":"WebSite","@id":"https:\/\/diarioprincipios.com\/#website","url":"https:\/\/diarioprincipios.com\/","name":"Principios","description":"Principios Diario","publisher":{"@id":"https:\/\/diarioprincipios.com\/#organization"},"potentialAction":[{"@type":"SearchAction","target":{"@type":"EntryPoint","urlTemplate":"https:\/\/diarioprincipios.com\/?s={search_term_string}"},"query-input":{"@type":"PropertyValueSpecification","valueRequired":true,"valueName":"search_term_string"}}],"inLanguage":"es"},{"@type":"Organization","@id":"https:\/\/diarioprincipios.com\/#organization","name":"Principios","url":"https:\/\/diarioprincipios.com\/","logo":{"@type":"ImageObject","inLanguage":"es","@id":"https:\/\/diarioprincipios.com\/#\/schema\/logo\/image\/","url":"https:\/\/diarioprincipios.com\/wp-content\/uploads\/2024\/04\/cropped-www.diarioprincipios.com_-1.png","contentUrl":"https:\/\/diarioprincipios.com\/wp-content\/uploads\/2024\/04\/cropped-www.diarioprincipios.com_-1.png","width":5325,"height":1454,"caption":"Principios"},"image":{"@id":"https:\/\/diarioprincipios.com\/#\/schema\/logo\/image\/"}},{"@type":"Person","@id":"https:\/\/diarioprincipios.com\/#\/schema\/person\/436d5a1fd41a5e250e23ff5a6a7cb080","name":"Hern\u00e1n L\u00f3pez","image":{"@type":"ImageObject","inLanguage":"es","@id":"https:\/\/diarioprincipios.com\/wp-content\/litespeed\/avatar\/11ddfe5610ff3bd100522525b2571f48.jpg?ver=1777653193","url":"https:\/\/diarioprincipios.com\/wp-content\/litespeed\/avatar\/11ddfe5610ff3bd100522525b2571f48.jpg?ver=1777653193","contentUrl":"https:\/\/diarioprincipios.com\/wp-content\/litespeed\/avatar\/11ddfe5610ff3bd100522525b2571f48.jpg?ver=1777653193","caption":"Hern\u00e1n L\u00f3pez"},"url":"https:\/\/diarioprincipios.com\/index.php\/author\/hernan\/"}]}},"jetpack_featured_media_url":"https:\/\/diarioprincipios.com\/wp-content\/uploads\/2025\/08\/WhatsApp-Image-2025-08-21-at-19_56_26.jpeg","_links":{"self":[{"href":"https:\/\/diarioprincipios.com\/index.php\/wp-json\/wp\/v2\/posts\/25306","targetHints":{"allow":["GET"]}}],"collection":[{"href":"https:\/\/diarioprincipios.com\/index.php\/wp-json\/wp\/v2\/posts"}],"about":[{"href":"https:\/\/diarioprincipios.com\/index.php\/wp-json\/wp\/v2\/types\/post"}],"author":[{"embeddable":true,"href":"https:\/\/diarioprincipios.com\/index.php\/wp-json\/wp\/v2\/users\/2"}],"replies":[{"embeddable":true,"href":"https:\/\/diarioprincipios.com\/index.php\/wp-json\/wp\/v2\/comments?post=25306"}],"version-history":[{"count":1,"href":"https:\/\/diarioprincipios.com\/index.php\/wp-json\/wp\/v2\/posts\/25306\/revisions"}],"predecessor-version":[{"id":25309,"href":"https:\/\/diarioprincipios.com\/index.php\/wp-json\/wp\/v2\/posts\/25306\/revisions\/25309"}],"wp:featuredmedia":[{"embeddable":true,"href":"https:\/\/diarioprincipios.com\/index.php\/wp-json\/wp\/v2\/media\/25308"}],"wp:attachment":[{"href":"https:\/\/diarioprincipios.com\/index.php\/wp-json\/wp\/v2\/media?parent=25306"}],"wp:term":[{"taxonomy":"category","embeddable":true,"href":"https:\/\/diarioprincipios.com\/index.php\/wp-json\/wp\/v2\/categories?post=25306"},{"taxonomy":"post_tag","embeddable":true,"href":"https:\/\/diarioprincipios.com\/index.php\/wp-json\/wp\/v2\/tags?post=25306"}],"curies":[{"name":"wp","href":"https:\/\/api.w.org\/{rel}","templated":true}]}}