{"id":25299,"date":"2025-08-25T13:10:55","date_gmt":"2025-08-25T16:10:55","guid":{"rendered":"https:\/\/diarioprincipios.com\/?p=25299"},"modified":"2025-08-25T13:10:55","modified_gmt":"2025-08-25T16:10:55","slug":"berazategui-refuerza-los-operativos-de-limpieza-en-los-barrios","status":"publish","type":"post","link":"https:\/\/diarioprincipios.com\/index.php\/2025\/08\/25\/berazategui-refuerza-los-operativos-de-limpieza-en-los-barrios\/","title":{"rendered":"Berazategui refuerza los operativos de limpieza en los barrios"},"content":{"rendered":"\n<p><strong>Entre el 15 y el 21 de agosto, la Municipalidad de Berazategui llev\u00f3 adelante nuevos operativos de limpieza y recolecci\u00f3n en distintos puntos del distrito, donde se detectaron basurales clandestinos.<\/strong><br>A trav\u00e9s del \u00e1rea de Higiene Urbana (de la Secretar\u00eda de Obras P\u00fablicas), cuadrillas de trabajadores recorren semanalmente los barrios con camiones, maquinarias y las herramientas necesarias para garantizar la limpieza de calles y espacios p\u00fablicos. El prop\u00f3sito de estas acciones permanentes es mantener la ciudad limpia y saludable para mejorar la calidad de vida de todos los vecinos y vecinas.\u00a0Viernes 15\/08: General Mosconi, Las Casillas, Villa La Merced, Barrio Americano, Estaci\u00f3n Pl\u00e1tanos y El Cicl\u00f3n.\u00a0S\u00e1bado 16\/08: Barrio Mar\u00edtimo, Kennedy Norte, Kennedy Sur, El Cicl\u00f3n, Barrio Argentina, Barrio Americano, Villa Espa\u00f1a, Meirana, Comandante Ramos, El Progreso y General Mosconi.\u00a0Domingo 17\/08: General Mosconi, Las Casillas, Villa La Merced, Barrio Americano, Estaci\u00f3n de Ranelagh y Pl\u00e1tanos.\u00a0Lunes 18\/08: Villa Mitre, Berasur, Kennedy Sur, Santa Rita, Almirante Brown, Ranelagh, Villa Espa\u00f1a, Centro Noreste y Los Pinos.\u00a0Martes 19\/08: Ranelagh, Comandante Ramos, El Progreso, Meirana, La Uni\u00f3n de Villa Espa\u00f1a, Barrio San Mart\u00edn, Villa Espa\u00f1a, Provincias Unidas y Kennedy Sur.\u00a0Jueves 21\/08: Carlos T. Sourigues, El Rinc\u00f3n, Alejandro 1\u00b0, Comandante Ramos, El Progreso, Provincias Unidas, La Uni\u00f3n de Villa Espa\u00f1a, Meirana, Barrio San Mart\u00edn, Villa Espa\u00f1a, Barrio Mar\u00edtimo y Kennedy Sur.<br>Desde el Municipio se recuerda que los residuos domiciliarios deben sacarse debidamente embolsados, al cesto de la puerta de los domicilios, de domingo a viernes (los s\u00e1bados no).<br>Aquellos que sean voluminosos (no convencionales), como ramas, escombros, chatarra, artefactos electr\u00f3nicos, muebles, entre otros, pueden llevarse al Centro Municipal de Gesti\u00f3n Sustentable, donde recibir\u00e1n un tratamiento adecuado. Este espacio, ubicado en Av. Padre Mugica (33) y 162, abre de lunes a viernes de 6.00 a 16.00; y los s\u00e1bados de 6.00 a 13.00.<br>Asimismo, la Municipalidad reitera que se est\u00e1n aplicando sanciones a las personas que arrojan basura en la v\u00eda p\u00fablica, generan basurales a cielo abierto o no cumplen con las medidas sanitarias y urbanas correspondientes en calles, veredas y propiedades privadas. Los vecinos y vecinas pueden denunciar, en el momento, a quienes ensucian: 0800-999-2525\/0247 (Centro de Operaciones Municipal -COM-). Atiende todos los d\u00edas, las 24 horas.<\/p>\n","protected":false},"excerpt":{"rendered":"<p>Entre el 15 y el 21 de agosto, la Municipalidad de Berazategui llev\u00f3 adelante nuevos operativos de limpieza y recolecci\u00f3n en distintos puntos del distrito, donde se detectaron basurales clandestinos.A trav\u00e9s del \u00e1rea de Higiene Urbana (de la Secretar\u00eda de Obras P\u00fablicas), cuadrillas de trabajadores recorren semanalmente los barrios con camiones, maquinarias y las herramientas&#8230;<\/p>\n","protected":false},"author":2,"featured_media":25300,"comment_status":"open","ping_status":"open","sticky":false,"template":"","format":"standard","meta":{"footnotes":""},"categories":[3],"tags":[],"class_list":["post-25299","post","type-post","status-publish","format-standard","has-post-thumbnail","hentry","category-berazategui"],"featured_image_src":"https:\/\/diarioprincipios.com\/wp-content\/uploads\/2025\/08\/Berazategui-refuerza-los-operativos-de-limpieza-en-los-barrios-1-1024x576.jpg","blog_images":{"medium":"https:\/\/diarioprincipios.com\/wp-content\/uploads\/2025\/08\/Berazategui-refuerza-los-operativos-de-limpieza-en-los-barrios-1-300x169.jpg","large":"https:\/\/diarioprincipios.com\/wp-content\/uploads\/2025\/08\/Berazategui-refuerza-los-operativos-de-limpieza-en-los-barrios-1-1024x576.jpg"},"ams_acf":[],"yoast_head":"<!-- This site is optimized with the Yoast SEO plugin v27.3 - https:\/\/yoast.com\/product\/yoast-seo-wordpress\/ -->\n<title>Berazategui refuerza los operativos de limpieza en los barrios - Principios<\/title>\n<meta name=\"robots\" content=\"index, follow, max-snippet:-1, max-image-preview:large, max-video-preview:-1\" \/>\n<link rel=\"canonical\" href=\"https:\/\/diarioprincipios.com\/index.php\/2025\/08\/25\/berazategui-refuerza-los-operativos-de-limpieza-en-los-barrios\/\" \/>\n<meta property=\"og:locale\" content=\"es_ES\" \/>\n<meta property=\"og:type\" content=\"article\" \/>\n<meta property=\"og:title\" content=\"Berazategui refuerza los operativos de limpieza en los barrios - Principios\" \/>\n<meta property=\"og:description\" content=\"Entre el 15 y el 21 de agosto, la Municipalidad de Berazategui llev\u00f3 adelante nuevos operativos de limpieza y recolecci\u00f3n en distintos puntos del distrito, donde se detectaron basurales clandestinos.A trav\u00e9s del \u00e1rea de Higiene Urbana (de la Secretar\u00eda de Obras P\u00fablicas), cuadrillas de trabajadores recorren semanalmente los barrios con camiones, maquinarias y las herramientas...\" \/>\n<meta property=\"og:url\" content=\"https:\/\/diarioprincipios.com\/index.php\/2025\/08\/25\/berazategui-refuerza-los-operativos-de-limpieza-en-los-barrios\/\" \/>\n<meta property=\"og:site_name\" content=\"Principios\" \/>\n<meta property=\"article:published_time\" content=\"2025-08-25T16:10:55+00:00\" \/>\n<meta property=\"og:image\" content=\"https:\/\/diarioprincipios.com\/wp-content\/uploads\/2025\/08\/Berazategui-refuerza-los-operativos-de-limpieza-en-los-barrios-1.jpg\" \/>\n\t<meta property=\"og:image:width\" content=\"1600\" \/>\n\t<meta property=\"og:image:height\" content=\"900\" \/>\n\t<meta property=\"og:image:type\" content=\"image\/jpeg\" \/>\n<meta name=\"author\" content=\"Hern\u00e1n L\u00f3pez\" \/>\n<meta name=\"twitter:card\" content=\"summary_large_image\" \/>\n<meta name=\"twitter:label1\" content=\"Escrito por\" \/>\n\t<meta name=\"twitter:data1\" content=\"Hern\u00e1n L\u00f3pez\" \/>\n\t<meta name=\"twitter:label2\" content=\"Tiempo de lectura\" \/>\n\t<meta name=\"twitter:data2\" content=\"2 minutos\" \/>\n<script type=\"application\/ld+json\" class=\"yoast-schema-graph\">{\"@context\":\"https:\\\/\\\/schema.org\",\"@graph\":[{\"@type\":\"Article\",\"@id\":\"https:\\\/\\\/diarioprincipios.com\\\/index.php\\\/2025\\\/08\\\/25\\\/berazategui-refuerza-los-operativos-de-limpieza-en-los-barrios\\\/#article\",\"isPartOf\":{\"@id\":\"https:\\\/\\\/diarioprincipios.com\\\/index.php\\\/2025\\\/08\\\/25\\\/berazategui-refuerza-los-operativos-de-limpieza-en-los-barrios\\\/\"},\"author\":{\"name\":\"Hern\u00e1n L\u00f3pez\",\"@id\":\"https:\\\/\\\/diarioprincipios.com\\\/#\\\/schema\\\/person\\\/436d5a1fd41a5e250e23ff5a6a7cb080\"},\"headline\":\"Berazategui refuerza los operativos de limpieza en los barrios\",\"datePublished\":\"2025-08-25T16:10:55+00:00\",\"mainEntityOfPage\":{\"@id\":\"https:\\\/\\\/diarioprincipios.com\\\/index.php\\\/2025\\\/08\\\/25\\\/berazategui-refuerza-los-operativos-de-limpieza-en-los-barrios\\\/\"},\"wordCount\":396,\"commentCount\":0,\"publisher\":{\"@id\":\"https:\\\/\\\/diarioprincipios.com\\\/#organization\"},\"image\":{\"@id\":\"https:\\\/\\\/diarioprincipios.com\\\/index.php\\\/2025\\\/08\\\/25\\\/berazategui-refuerza-los-operativos-de-limpieza-en-los-barrios\\\/#primaryimage\"},\"thumbnailUrl\":\"https:\\\/\\\/diarioprincipios.com\\\/wp-content\\\/uploads\\\/2025\\\/08\\\/Berazategui-refuerza-los-operativos-de-limpieza-en-los-barrios-1.jpg\",\"articleSection\":[\"Berazategui\"],\"inLanguage\":\"es\",\"potentialAction\":[{\"@type\":\"CommentAction\",\"name\":\"Comment\",\"target\":[\"https:\\\/\\\/diarioprincipios.com\\\/index.php\\\/2025\\\/08\\\/25\\\/berazategui-refuerza-los-operativos-de-limpieza-en-los-barrios\\\/#respond\"]}]},{\"@type\":\"WebPage\",\"@id\":\"https:\\\/\\\/diarioprincipios.com\\\/index.php\\\/2025\\\/08\\\/25\\\/berazategui-refuerza-los-operativos-de-limpieza-en-los-barrios\\\/\",\"url\":\"https:\\\/\\\/diarioprincipios.com\\\/index.php\\\/2025\\\/08\\\/25\\\/berazategui-refuerza-los-operativos-de-limpieza-en-los-barrios\\\/\",\"name\":\"Berazategui refuerza los operativos de limpieza en los barrios - Principios\",\"isPartOf\":{\"@id\":\"https:\\\/\\\/diarioprincipios.com\\\/#website\"},\"primaryImageOfPage\":{\"@id\":\"https:\\\/\\\/diarioprincipios.com\\\/index.php\\\/2025\\\/08\\\/25\\\/berazategui-refuerza-los-operativos-de-limpieza-en-los-barrios\\\/#primaryimage\"},\"image\":{\"@id\":\"https:\\\/\\\/diarioprincipios.com\\\/index.php\\\/2025\\\/08\\\/25\\\/berazategui-refuerza-los-operativos-de-limpieza-en-los-barrios\\\/#primaryimage\"},\"thumbnailUrl\":\"https:\\\/\\\/diarioprincipios.com\\\/wp-content\\\/uploads\\\/2025\\\/08\\\/Berazategui-refuerza-los-operativos-de-limpieza-en-los-barrios-1.jpg\",\"datePublished\":\"2025-08-25T16:10:55+00:00\",\"breadcrumb\":{\"@id\":\"https:\\\/\\\/diarioprincipios.com\\\/index.php\\\/2025\\\/08\\\/25\\\/berazategui-refuerza-los-operativos-de-limpieza-en-los-barrios\\\/#breadcrumb\"},\"inLanguage\":\"es\",\"potentialAction\":[{\"@type\":\"ReadAction\",\"target\":[\"https:\\\/\\\/diarioprincipios.com\\\/index.php\\\/2025\\\/08\\\/25\\\/berazategui-refuerza-los-operativos-de-limpieza-en-los-barrios\\\/\"]}]},{\"@type\":\"ImageObject\",\"inLanguage\":\"es\",\"@id\":\"https:\\\/\\\/diarioprincipios.com\\\/index.php\\\/2025\\\/08\\\/25\\\/berazategui-refuerza-los-operativos-de-limpieza-en-los-barrios\\\/#primaryimage\",\"url\":\"https:\\\/\\\/diarioprincipios.com\\\/wp-content\\\/uploads\\\/2025\\\/08\\\/Berazategui-refuerza-los-operativos-de-limpieza-en-los-barrios-1.jpg\",\"contentUrl\":\"https:\\\/\\\/diarioprincipios.com\\\/wp-content\\\/uploads\\\/2025\\\/08\\\/Berazategui-refuerza-los-operativos-de-limpieza-en-los-barrios-1.jpg\",\"width\":1600,\"height\":900},{\"@type\":\"BreadcrumbList\",\"@id\":\"https:\\\/\\\/diarioprincipios.com\\\/index.php\\\/2025\\\/08\\\/25\\\/berazategui-refuerza-los-operativos-de-limpieza-en-los-barrios\\\/#breadcrumb\",\"itemListElement\":[{\"@type\":\"ListItem\",\"position\":1,\"name\":\"Portada\",\"item\":\"https:\\\/\\\/diarioprincipios.com\\\/\"},{\"@type\":\"ListItem\",\"position\":2,\"name\":\"Berazategui refuerza los operativos de limpieza en los barrios\"}]},{\"@type\":\"WebSite\",\"@id\":\"https:\\\/\\\/diarioprincipios.com\\\/#website\",\"url\":\"https:\\\/\\\/diarioprincipios.com\\\/\",\"name\":\"Principios\",\"description\":\"Principios Diario\",\"publisher\":{\"@id\":\"https:\\\/\\\/diarioprincipios.com\\\/#organization\"},\"potentialAction\":[{\"@type\":\"SearchAction\",\"target\":{\"@type\":\"EntryPoint\",\"urlTemplate\":\"https:\\\/\\\/diarioprincipios.com\\\/?s={search_term_string}\"},\"query-input\":{\"@type\":\"PropertyValueSpecification\",\"valueRequired\":true,\"valueName\":\"search_term_string\"}}],\"inLanguage\":\"es\"},{\"@type\":\"Organization\",\"@id\":\"https:\\\/\\\/diarioprincipios.com\\\/#organization\",\"name\":\"Principios\",\"url\":\"https:\\\/\\\/diarioprincipios.com\\\/\",\"logo\":{\"@type\":\"ImageObject\",\"inLanguage\":\"es\",\"@id\":\"https:\\\/\\\/diarioprincipios.com\\\/#\\\/schema\\\/logo\\\/image\\\/\",\"url\":\"https:\\\/\\\/diarioprincipios.com\\\/wp-content\\\/uploads\\\/2024\\\/04\\\/cropped-www.diarioprincipios.com_-1.png\",\"contentUrl\":\"https:\\\/\\\/diarioprincipios.com\\\/wp-content\\\/uploads\\\/2024\\\/04\\\/cropped-www.diarioprincipios.com_-1.png\",\"width\":5325,\"height\":1454,\"caption\":\"Principios\"},\"image\":{\"@id\":\"https:\\\/\\\/diarioprincipios.com\\\/#\\\/schema\\\/logo\\\/image\\\/\"}},{\"@type\":\"Person\",\"@id\":\"https:\\\/\\\/diarioprincipios.com\\\/#\\\/schema\\\/person\\\/436d5a1fd41a5e250e23ff5a6a7cb080\",\"name\":\"Hern\u00e1n L\u00f3pez\",\"image\":{\"@type\":\"ImageObject\",\"inLanguage\":\"es\",\"@id\":\"https:\\\/\\\/diarioprincipios.com\\\/wp-content\\\/litespeed\\\/avatar\\\/11ddfe5610ff3bd100522525b2571f48.jpg?ver=1777653193\",\"url\":\"https:\\\/\\\/diarioprincipios.com\\\/wp-content\\\/litespeed\\\/avatar\\\/11ddfe5610ff3bd100522525b2571f48.jpg?ver=1777653193\",\"contentUrl\":\"https:\\\/\\\/diarioprincipios.com\\\/wp-content\\\/litespeed\\\/avatar\\\/11ddfe5610ff3bd100522525b2571f48.jpg?ver=1777653193\",\"caption\":\"Hern\u00e1n L\u00f3pez\"},\"url\":\"https:\\\/\\\/diarioprincipios.com\\\/index.php\\\/author\\\/hernan\\\/\"}]}<\/script>\n<!-- \/ Yoast SEO plugin. -->","yoast_head_json":{"title":"Berazategui refuerza los operativos de limpieza en los barrios - Principios","robots":{"index":"index","follow":"follow","max-snippet":"max-snippet:-1","max-image-preview":"max-image-preview:large","max-video-preview":"max-video-preview:-1"},"canonical":"https:\/\/diarioprincipios.com\/index.php\/2025\/08\/25\/berazategui-refuerza-los-operativos-de-limpieza-en-los-barrios\/","og_locale":"es_ES","og_type":"article","og_title":"Berazategui refuerza los operativos de limpieza en los barrios - Principios","og_description":"Entre el 15 y el 21 de agosto, la Municipalidad de Berazategui llev\u00f3 adelante nuevos operativos de limpieza y recolecci\u00f3n en distintos puntos del distrito, donde se detectaron basurales clandestinos.A trav\u00e9s del \u00e1rea de Higiene Urbana (de la Secretar\u00eda de Obras P\u00fablicas), cuadrillas de trabajadores recorren semanalmente los barrios con camiones, maquinarias y las herramientas...","og_url":"https:\/\/diarioprincipios.com\/index.php\/2025\/08\/25\/berazategui-refuerza-los-operativos-de-limpieza-en-los-barrios\/","og_site_name":"Principios","article_published_time":"2025-08-25T16:10:55+00:00","og_image":[{"width":1600,"height":900,"url":"https:\/\/diarioprincipios.com\/wp-content\/uploads\/2025\/08\/Berazategui-refuerza-los-operativos-de-limpieza-en-los-barrios-1.jpg","type":"image\/jpeg"}],"author":"Hern\u00e1n L\u00f3pez","twitter_card":"summary_large_image","twitter_misc":{"Escrito por":"Hern\u00e1n L\u00f3pez","Tiempo de lectura":"2 minutos"},"schema":{"@context":"https:\/\/schema.org","@graph":[{"@type":"Article","@id":"https:\/\/diarioprincipios.com\/index.php\/2025\/08\/25\/berazategui-refuerza-los-operativos-de-limpieza-en-los-barrios\/#article","isPartOf":{"@id":"https:\/\/diarioprincipios.com\/index.php\/2025\/08\/25\/berazategui-refuerza-los-operativos-de-limpieza-en-los-barrios\/"},"author":{"name":"Hern\u00e1n L\u00f3pez","@id":"https:\/\/diarioprincipios.com\/#\/schema\/person\/436d5a1fd41a5e250e23ff5a6a7cb080"},"headline":"Berazategui refuerza los operativos de limpieza en los barrios","datePublished":"2025-08-25T16:10:55+00:00","mainEntityOfPage":{"@id":"https:\/\/diarioprincipios.com\/index.php\/2025\/08\/25\/berazategui-refuerza-los-operativos-de-limpieza-en-los-barrios\/"},"wordCount":396,"commentCount":0,"publisher":{"@id":"https:\/\/diarioprincipios.com\/#organization"},"image":{"@id":"https:\/\/diarioprincipios.com\/index.php\/2025\/08\/25\/berazategui-refuerza-los-operativos-de-limpieza-en-los-barrios\/#primaryimage"},"thumbnailUrl":"https:\/\/diarioprincipios.com\/wp-content\/uploads\/2025\/08\/Berazategui-refuerza-los-operativos-de-limpieza-en-los-barrios-1.jpg","articleSection":["Berazategui"],"inLanguage":"es","potentialAction":[{"@type":"CommentAction","name":"Comment","target":["https:\/\/diarioprincipios.com\/index.php\/2025\/08\/25\/berazategui-refuerza-los-operativos-de-limpieza-en-los-barrios\/#respond"]}]},{"@type":"WebPage","@id":"https:\/\/diarioprincipios.com\/index.php\/2025\/08\/25\/berazategui-refuerza-los-operativos-de-limpieza-en-los-barrios\/","url":"https:\/\/diarioprincipios.com\/index.php\/2025\/08\/25\/berazategui-refuerza-los-operativos-de-limpieza-en-los-barrios\/","name":"Berazategui refuerza los operativos de limpieza en los barrios - Principios","isPartOf":{"@id":"https:\/\/diarioprincipios.com\/#website"},"primaryImageOfPage":{"@id":"https:\/\/diarioprincipios.com\/index.php\/2025\/08\/25\/berazategui-refuerza-los-operativos-de-limpieza-en-los-barrios\/#primaryimage"},"image":{"@id":"https:\/\/diarioprincipios.com\/index.php\/2025\/08\/25\/berazategui-refuerza-los-operativos-de-limpieza-en-los-barrios\/#primaryimage"},"thumbnailUrl":"https:\/\/diarioprincipios.com\/wp-content\/uploads\/2025\/08\/Berazategui-refuerza-los-operativos-de-limpieza-en-los-barrios-1.jpg","datePublished":"2025-08-25T16:10:55+00:00","breadcrumb":{"@id":"https:\/\/diarioprincipios.com\/index.php\/2025\/08\/25\/berazategui-refuerza-los-operativos-de-limpieza-en-los-barrios\/#breadcrumb"},"inLanguage":"es","potentialAction":[{"@type":"ReadAction","target":["https:\/\/diarioprincipios.com\/index.php\/2025\/08\/25\/berazategui-refuerza-los-operativos-de-limpieza-en-los-barrios\/"]}]},{"@type":"ImageObject","inLanguage":"es","@id":"https:\/\/diarioprincipios.com\/index.php\/2025\/08\/25\/berazategui-refuerza-los-operativos-de-limpieza-en-los-barrios\/#primaryimage","url":"https:\/\/diarioprincipios.com\/wp-content\/uploads\/2025\/08\/Berazategui-refuerza-los-operativos-de-limpieza-en-los-barrios-1.jpg","contentUrl":"https:\/\/diarioprincipios.com\/wp-content\/uploads\/2025\/08\/Berazategui-refuerza-los-operativos-de-limpieza-en-los-barrios-1.jpg","width":1600,"height":900},{"@type":"BreadcrumbList","@id":"https:\/\/diarioprincipios.com\/index.php\/2025\/08\/25\/berazategui-refuerza-los-operativos-de-limpieza-en-los-barrios\/#breadcrumb","itemListElement":[{"@type":"ListItem","position":1,"name":"Portada","item":"https:\/\/diarioprincipios.com\/"},{"@type":"ListItem","position":2,"name":"Berazategui refuerza los operativos de limpieza en los barrios"}]},{"@type":"WebSite","@id":"https:\/\/diarioprincipios.com\/#website","url":"https:\/\/diarioprincipios.com\/","name":"Principios","description":"Principios Diario","publisher":{"@id":"https:\/\/diarioprincipios.com\/#organization"},"potentialAction":[{"@type":"SearchAction","target":{"@type":"EntryPoint","urlTemplate":"https:\/\/diarioprincipios.com\/?s={search_term_string}"},"query-input":{"@type":"PropertyValueSpecification","valueRequired":true,"valueName":"search_term_string"}}],"inLanguage":"es"},{"@type":"Organization","@id":"https:\/\/diarioprincipios.com\/#organization","name":"Principios","url":"https:\/\/diarioprincipios.com\/","logo":{"@type":"ImageObject","inLanguage":"es","@id":"https:\/\/diarioprincipios.com\/#\/schema\/logo\/image\/","url":"https:\/\/diarioprincipios.com\/wp-content\/uploads\/2024\/04\/cropped-www.diarioprincipios.com_-1.png","contentUrl":"https:\/\/diarioprincipios.com\/wp-content\/uploads\/2024\/04\/cropped-www.diarioprincipios.com_-1.png","width":5325,"height":1454,"caption":"Principios"},"image":{"@id":"https:\/\/diarioprincipios.com\/#\/schema\/logo\/image\/"}},{"@type":"Person","@id":"https:\/\/diarioprincipios.com\/#\/schema\/person\/436d5a1fd41a5e250e23ff5a6a7cb080","name":"Hern\u00e1n L\u00f3pez","image":{"@type":"ImageObject","inLanguage":"es","@id":"https:\/\/diarioprincipios.com\/wp-content\/litespeed\/avatar\/11ddfe5610ff3bd100522525b2571f48.jpg?ver=1777653193","url":"https:\/\/diarioprincipios.com\/wp-content\/litespeed\/avatar\/11ddfe5610ff3bd100522525b2571f48.jpg?ver=1777653193","contentUrl":"https:\/\/diarioprincipios.com\/wp-content\/litespeed\/avatar\/11ddfe5610ff3bd100522525b2571f48.jpg?ver=1777653193","caption":"Hern\u00e1n L\u00f3pez"},"url":"https:\/\/diarioprincipios.com\/index.php\/author\/hernan\/"}]}},"jetpack_featured_media_url":"https:\/\/diarioprincipios.com\/wp-content\/uploads\/2025\/08\/Berazategui-refuerza-los-operativos-de-limpieza-en-los-barrios-1.jpg","_links":{"self":[{"href":"https:\/\/diarioprincipios.com\/index.php\/wp-json\/wp\/v2\/posts\/25299","targetHints":{"allow":["GET"]}}],"collection":[{"href":"https:\/\/diarioprincipios.com\/index.php\/wp-json\/wp\/v2\/posts"}],"about":[{"href":"https:\/\/diarioprincipios.com\/index.php\/wp-json\/wp\/v2\/types\/post"}],"author":[{"embeddable":true,"href":"https:\/\/diarioprincipios.com\/index.php\/wp-json\/wp\/v2\/users\/2"}],"replies":[{"embeddable":true,"href":"https:\/\/diarioprincipios.com\/index.php\/wp-json\/wp\/v2\/comments?post=25299"}],"version-history":[{"count":1,"href":"https:\/\/diarioprincipios.com\/index.php\/wp-json\/wp\/v2\/posts\/25299\/revisions"}],"predecessor-version":[{"id":25301,"href":"https:\/\/diarioprincipios.com\/index.php\/wp-json\/wp\/v2\/posts\/25299\/revisions\/25301"}],"wp:featuredmedia":[{"embeddable":true,"href":"https:\/\/diarioprincipios.com\/index.php\/wp-json\/wp\/v2\/media\/25300"}],"wp:attachment":[{"href":"https:\/\/diarioprincipios.com\/index.php\/wp-json\/wp\/v2\/media?parent=25299"}],"wp:term":[{"taxonomy":"category","embeddable":true,"href":"https:\/\/diarioprincipios.com\/index.php\/wp-json\/wp\/v2\/categories?post=25299"},{"taxonomy":"post_tag","embeddable":true,"href":"https:\/\/diarioprincipios.com\/index.php\/wp-json\/wp\/v2\/tags?post=25299"}],"curies":[{"name":"wp","href":"https:\/\/api.w.org\/{rel}","templated":true}]}}