{"id":25294,"date":"2025-08-23T20:07:43","date_gmt":"2025-08-23T23:07:43","guid":{"rendered":"https:\/\/diarioprincipios.com\/?p=25294"},"modified":"2025-08-23T20:07:43","modified_gmt":"2025-08-23T23:07:43","slug":"35-nuevas-unidades-para-la-flota-de-vehiculos-municipales","status":"publish","type":"post","link":"https:\/\/diarioprincipios.com\/index.php\/2025\/08\/23\/35-nuevas-unidades-para-la-flota-de-vehiculos-municipales\/","title":{"rendered":"35 nuevas unidades para la flota de veh\u00edculos municipales"},"content":{"rendered":"\n<p><strong>La Municipalidad de Berazategui present\u00f3 35 nuevas unidades m\u00f3viles que se incorporan a la flota vehicular de las Secretar\u00edas de Obras P\u00fablicas, Control Urbano, Servicios P\u00fablicos, y Desarrollo Social, Recreaci\u00f3n, Turismo y Deportes. Estas flamantes unidades, que van desde tractores y camiones recolectores hasta motos y desmalezadoras, fueron adquiridas con fondos municipales.\u00a0<\/strong><br>Durante la entrega, el secretario de Econom\u00eda municipal, Santiago Castagno, inform\u00f3: \u201cCon la entrega de estos 35 veh\u00edculos estamos culminando un proceso de reequipamiento de las diferentes \u00e1reas de servicios p\u00fablicos provistos por la Comuna. Adem\u00e1s, restan otras nueve unidades m\u00e1s, que nos entregar\u00e1n pr\u00f3ximamente. Se trata de una inversi\u00f3n\u00a0 \u00edntegramente con fondos municipales, generados por la eficiente administraci\u00f3n de los recursos de la gesti\u00f3n encabezada por el intendente Juan Jos\u00e9 Mussi, quien tiene el objetivo de seguir mejorando la calidad de vida de los vecinos y vecinas de Berazategui\u201d.\u00a0<\/p>\n\n\n\n<figure class=\"wp-block-image size-large\"><img loading=\"lazy\" decoding=\"async\" width=\"1024\" height=\"682\" src=\"https:\/\/diarioprincipios.com\/wp-content\/uploads\/2025\/08\/Berazategui-35-nuevas-unidades-para-la-flota-de-vehiculos-municipales-5-1024x682.jpg\" alt=\"\" class=\"wp-image-25295\" srcset=\"https:\/\/diarioprincipios.com\/wp-content\/uploads\/2025\/08\/Berazategui-35-nuevas-unidades-para-la-flota-de-vehiculos-municipales-5-1024x682.jpg 1024w, https:\/\/diarioprincipios.com\/wp-content\/uploads\/2025\/08\/Berazategui-35-nuevas-unidades-para-la-flota-de-vehiculos-municipales-5-300x200.jpg 300w, https:\/\/diarioprincipios.com\/wp-content\/uploads\/2025\/08\/Berazategui-35-nuevas-unidades-para-la-flota-de-vehiculos-municipales-5-768x512.jpg 768w, https:\/\/diarioprincipios.com\/wp-content\/uploads\/2025\/08\/Berazategui-35-nuevas-unidades-para-la-flota-de-vehiculos-municipales-5-1536x1023.jpg 1536w, https:\/\/diarioprincipios.com\/wp-content\/uploads\/2025\/08\/Berazategui-35-nuevas-unidades-para-la-flota-de-vehiculos-municipales-5-820x545.jpg 820w, https:\/\/diarioprincipios.com\/wp-content\/uploads\/2025\/08\/Berazategui-35-nuevas-unidades-para-la-flota-de-vehiculos-municipales-5-600x400.jpg 600w, https:\/\/diarioprincipios.com\/wp-content\/uploads\/2025\/08\/Berazategui-35-nuevas-unidades-para-la-flota-de-vehiculos-municipales-5.jpg 1600w\" sizes=\"auto, (max-width: 1024px) 100vw, 1024px\" \/><\/figure>\n\n\n\n<p><br>Las nuevas unidades m\u00f3viles presentadas se distribuir\u00e1n de la siguiente manera: cinco camiones con caja compactadora, una camioneta Iveco -tambi\u00e9n con caja compactadora-, tres camionetas Kangoo Furg\u00f3n, tres retropalas, dos mini tractores corta pasto, dos desmalezadoras de arrastre, una motoniveladora, un tractor cabinado, una m\u00e1quina para toma de juntas y ocho contenedores roll off -m\u00e1s 50 contenedores pl\u00e1sticos para residuos urbanos-, para la Secretar\u00eda de Obras P\u00fablicas; cinco camionetas Kangoo (4 Furg\u00f3n y una de 5 asientos) y ocho motocicletas tipo Yamaha 250, para la Secretar\u00eda de Control Urbano; un Autoelevador Sampi, para la Secretar\u00eda de Servicios P\u00fablicos; y una Camioneta Kangoo de 5 asientos y un Autoelevador Sampi, para la Secretar\u00eda de Desarrollo Social, Recreaci\u00f3n, Turismo y Deportes.<\/p>\n\n\n\n<figure class=\"wp-block-image size-large\"><img loading=\"lazy\" decoding=\"async\" width=\"1024\" height=\"682\" src=\"https:\/\/diarioprincipios.com\/wp-content\/uploads\/2025\/08\/Berazategui-35-nuevas-unidades-para-la-flota-de-vehiculos-municipales-2-1024x682.jpg\" alt=\"\" class=\"wp-image-25296\" srcset=\"https:\/\/diarioprincipios.com\/wp-content\/uploads\/2025\/08\/Berazategui-35-nuevas-unidades-para-la-flota-de-vehiculos-municipales-2-1024x682.jpg 1024w, https:\/\/diarioprincipios.com\/wp-content\/uploads\/2025\/08\/Berazategui-35-nuevas-unidades-para-la-flota-de-vehiculos-municipales-2-300x200.jpg 300w, https:\/\/diarioprincipios.com\/wp-content\/uploads\/2025\/08\/Berazategui-35-nuevas-unidades-para-la-flota-de-vehiculos-municipales-2-768x512.jpg 768w, https:\/\/diarioprincipios.com\/wp-content\/uploads\/2025\/08\/Berazategui-35-nuevas-unidades-para-la-flota-de-vehiculos-municipales-2-1536x1023.jpg 1536w, https:\/\/diarioprincipios.com\/wp-content\/uploads\/2025\/08\/Berazategui-35-nuevas-unidades-para-la-flota-de-vehiculos-municipales-2-820x545.jpg 820w, https:\/\/diarioprincipios.com\/wp-content\/uploads\/2025\/08\/Berazategui-35-nuevas-unidades-para-la-flota-de-vehiculos-municipales-2-600x400.jpg 600w, https:\/\/diarioprincipios.com\/wp-content\/uploads\/2025\/08\/Berazategui-35-nuevas-unidades-para-la-flota-de-vehiculos-municipales-2.jpg 1600w\" sizes=\"auto, (max-width: 1024px) 100vw, 1024px\" \/><\/figure>\n\n\n\n<p><br>En el acto, adem\u00e1s, estuvo presente el subsecretario municipal de Automotores, Federico Pereyra; junto a otros integrantes del Gabinete municipal; adem\u00e1s de trabajadores y trabajadoras de las diferentes Secretar\u00edas municipales.<\/p>\n","protected":false},"excerpt":{"rendered":"<p>La Municipalidad de Berazategui present\u00f3 35 nuevas unidades m\u00f3viles que se incorporan a la flota vehicular de las Secretar\u00edas de Obras P\u00fablicas, Control Urbano, Servicios P\u00fablicos, y Desarrollo Social, Recreaci\u00f3n, Turismo y Deportes. Estas flamantes unidades, que van desde tractores y camiones recolectores hasta motos y desmalezadoras, fueron adquiridas con fondos municipales.\u00a0Durante la entrega, el&#8230;<\/p>\n","protected":false},"author":2,"featured_media":25297,"comment_status":"open","ping_status":"open","sticky":false,"template":"","format":"standard","meta":{"footnotes":""},"categories":[3],"tags":[],"class_list":["post-25294","post","type-post","status-publish","format-standard","has-post-thumbnail","hentry","category-berazategui"],"featured_image_src":"https:\/\/diarioprincipios.com\/wp-content\/uploads\/2025\/08\/Berazategui-35-nuevas-unidades-para-la-flota-de-vehiculos-municipales-3-1024x682.jpg","blog_images":{"medium":"https:\/\/diarioprincipios.com\/wp-content\/uploads\/2025\/08\/Berazategui-35-nuevas-unidades-para-la-flota-de-vehiculos-municipales-3-300x200.jpg","large":"https:\/\/diarioprincipios.com\/wp-content\/uploads\/2025\/08\/Berazategui-35-nuevas-unidades-para-la-flota-de-vehiculos-municipales-3-1024x682.jpg"},"ams_acf":[],"yoast_head":"<!-- This site is optimized with the Yoast SEO plugin v27.3 - https:\/\/yoast.com\/product\/yoast-seo-wordpress\/ -->\n<title>35 nuevas unidades para la flota de veh\u00edculos municipales - Principios<\/title>\n<meta name=\"robots\" content=\"index, follow, max-snippet:-1, max-image-preview:large, max-video-preview:-1\" \/>\n<link rel=\"canonical\" href=\"https:\/\/diarioprincipios.com\/index.php\/2025\/08\/23\/35-nuevas-unidades-para-la-flota-de-vehiculos-municipales\/\" \/>\n<meta property=\"og:locale\" content=\"es_ES\" \/>\n<meta property=\"og:type\" content=\"article\" \/>\n<meta property=\"og:title\" content=\"35 nuevas unidades para la flota de veh\u00edculos municipales - Principios\" \/>\n<meta property=\"og:description\" content=\"La Municipalidad de Berazategui present\u00f3 35 nuevas unidades m\u00f3viles que se incorporan a la flota vehicular de las Secretar\u00edas de Obras P\u00fablicas, Control Urbano, Servicios P\u00fablicos, y Desarrollo Social, Recreaci\u00f3n, Turismo y Deportes. Estas flamantes unidades, que van desde tractores y camiones recolectores hasta motos y desmalezadoras, fueron adquiridas con fondos municipales.\u00a0Durante la entrega, el...\" \/>\n<meta property=\"og:url\" content=\"https:\/\/diarioprincipios.com\/index.php\/2025\/08\/23\/35-nuevas-unidades-para-la-flota-de-vehiculos-municipales\/\" \/>\n<meta property=\"og:site_name\" content=\"Principios\" \/>\n<meta property=\"article:published_time\" content=\"2025-08-23T23:07:43+00:00\" \/>\n<meta property=\"og:image\" content=\"https:\/\/diarioprincipios.com\/wp-content\/uploads\/2025\/08\/Berazategui-35-nuevas-unidades-para-la-flota-de-vehiculos-municipales-3.jpg\" \/>\n\t<meta property=\"og:image:width\" content=\"1600\" \/>\n\t<meta property=\"og:image:height\" content=\"1066\" \/>\n\t<meta property=\"og:image:type\" content=\"image\/jpeg\" \/>\n<meta name=\"author\" content=\"Hern\u00e1n L\u00f3pez\" \/>\n<meta name=\"twitter:card\" content=\"summary_large_image\" \/>\n<meta name=\"twitter:label1\" content=\"Escrito por\" \/>\n\t<meta name=\"twitter:data1\" content=\"Hern\u00e1n L\u00f3pez\" \/>\n\t<meta name=\"twitter:label2\" content=\"Tiempo de lectura\" \/>\n\t<meta name=\"twitter:data2\" content=\"2 minutos\" \/>\n<script type=\"application\/ld+json\" class=\"yoast-schema-graph\">{\"@context\":\"https:\\\/\\\/schema.org\",\"@graph\":[{\"@type\":\"Article\",\"@id\":\"https:\\\/\\\/diarioprincipios.com\\\/index.php\\\/2025\\\/08\\\/23\\\/35-nuevas-unidades-para-la-flota-de-vehiculos-municipales\\\/#article\",\"isPartOf\":{\"@id\":\"https:\\\/\\\/diarioprincipios.com\\\/index.php\\\/2025\\\/08\\\/23\\\/35-nuevas-unidades-para-la-flota-de-vehiculos-municipales\\\/\"},\"author\":{\"name\":\"Hern\u00e1n L\u00f3pez\",\"@id\":\"https:\\\/\\\/diarioprincipios.com\\\/#\\\/schema\\\/person\\\/436d5a1fd41a5e250e23ff5a6a7cb080\"},\"headline\":\"35 nuevas unidades para la flota de veh\u00edculos municipales\",\"datePublished\":\"2025-08-23T23:07:43+00:00\",\"mainEntityOfPage\":{\"@id\":\"https:\\\/\\\/diarioprincipios.com\\\/index.php\\\/2025\\\/08\\\/23\\\/35-nuevas-unidades-para-la-flota-de-vehiculos-municipales\\\/\"},\"wordCount\":326,\"commentCount\":0,\"publisher\":{\"@id\":\"https:\\\/\\\/diarioprincipios.com\\\/#organization\"},\"image\":{\"@id\":\"https:\\\/\\\/diarioprincipios.com\\\/index.php\\\/2025\\\/08\\\/23\\\/35-nuevas-unidades-para-la-flota-de-vehiculos-municipales\\\/#primaryimage\"},\"thumbnailUrl\":\"https:\\\/\\\/diarioprincipios.com\\\/wp-content\\\/uploads\\\/2025\\\/08\\\/Berazategui-35-nuevas-unidades-para-la-flota-de-vehiculos-municipales-3.jpg\",\"articleSection\":[\"Berazategui\"],\"inLanguage\":\"es\",\"potentialAction\":[{\"@type\":\"CommentAction\",\"name\":\"Comment\",\"target\":[\"https:\\\/\\\/diarioprincipios.com\\\/index.php\\\/2025\\\/08\\\/23\\\/35-nuevas-unidades-para-la-flota-de-vehiculos-municipales\\\/#respond\"]}]},{\"@type\":\"WebPage\",\"@id\":\"https:\\\/\\\/diarioprincipios.com\\\/index.php\\\/2025\\\/08\\\/23\\\/35-nuevas-unidades-para-la-flota-de-vehiculos-municipales\\\/\",\"url\":\"https:\\\/\\\/diarioprincipios.com\\\/index.php\\\/2025\\\/08\\\/23\\\/35-nuevas-unidades-para-la-flota-de-vehiculos-municipales\\\/\",\"name\":\"35 nuevas unidades para la flota de veh\u00edculos municipales - Principios\",\"isPartOf\":{\"@id\":\"https:\\\/\\\/diarioprincipios.com\\\/#website\"},\"primaryImageOfPage\":{\"@id\":\"https:\\\/\\\/diarioprincipios.com\\\/index.php\\\/2025\\\/08\\\/23\\\/35-nuevas-unidades-para-la-flota-de-vehiculos-municipales\\\/#primaryimage\"},\"image\":{\"@id\":\"https:\\\/\\\/diarioprincipios.com\\\/index.php\\\/2025\\\/08\\\/23\\\/35-nuevas-unidades-para-la-flota-de-vehiculos-municipales\\\/#primaryimage\"},\"thumbnailUrl\":\"https:\\\/\\\/diarioprincipios.com\\\/wp-content\\\/uploads\\\/2025\\\/08\\\/Berazategui-35-nuevas-unidades-para-la-flota-de-vehiculos-municipales-3.jpg\",\"datePublished\":\"2025-08-23T23:07:43+00:00\",\"breadcrumb\":{\"@id\":\"https:\\\/\\\/diarioprincipios.com\\\/index.php\\\/2025\\\/08\\\/23\\\/35-nuevas-unidades-para-la-flota-de-vehiculos-municipales\\\/#breadcrumb\"},\"inLanguage\":\"es\",\"potentialAction\":[{\"@type\":\"ReadAction\",\"target\":[\"https:\\\/\\\/diarioprincipios.com\\\/index.php\\\/2025\\\/08\\\/23\\\/35-nuevas-unidades-para-la-flota-de-vehiculos-municipales\\\/\"]}]},{\"@type\":\"ImageObject\",\"inLanguage\":\"es\",\"@id\":\"https:\\\/\\\/diarioprincipios.com\\\/index.php\\\/2025\\\/08\\\/23\\\/35-nuevas-unidades-para-la-flota-de-vehiculos-municipales\\\/#primaryimage\",\"url\":\"https:\\\/\\\/diarioprincipios.com\\\/wp-content\\\/uploads\\\/2025\\\/08\\\/Berazategui-35-nuevas-unidades-para-la-flota-de-vehiculos-municipales-3.jpg\",\"contentUrl\":\"https:\\\/\\\/diarioprincipios.com\\\/wp-content\\\/uploads\\\/2025\\\/08\\\/Berazategui-35-nuevas-unidades-para-la-flota-de-vehiculos-municipales-3.jpg\",\"width\":1600,\"height\":1066},{\"@type\":\"BreadcrumbList\",\"@id\":\"https:\\\/\\\/diarioprincipios.com\\\/index.php\\\/2025\\\/08\\\/23\\\/35-nuevas-unidades-para-la-flota-de-vehiculos-municipales\\\/#breadcrumb\",\"itemListElement\":[{\"@type\":\"ListItem\",\"position\":1,\"name\":\"Portada\",\"item\":\"https:\\\/\\\/diarioprincipios.com\\\/\"},{\"@type\":\"ListItem\",\"position\":2,\"name\":\"35 nuevas unidades para la flota de veh\u00edculos municipales\"}]},{\"@type\":\"WebSite\",\"@id\":\"https:\\\/\\\/diarioprincipios.com\\\/#website\",\"url\":\"https:\\\/\\\/diarioprincipios.com\\\/\",\"name\":\"Principios\",\"description\":\"Principios Diario\",\"publisher\":{\"@id\":\"https:\\\/\\\/diarioprincipios.com\\\/#organization\"},\"potentialAction\":[{\"@type\":\"SearchAction\",\"target\":{\"@type\":\"EntryPoint\",\"urlTemplate\":\"https:\\\/\\\/diarioprincipios.com\\\/?s={search_term_string}\"},\"query-input\":{\"@type\":\"PropertyValueSpecification\",\"valueRequired\":true,\"valueName\":\"search_term_string\"}}],\"inLanguage\":\"es\"},{\"@type\":\"Organization\",\"@id\":\"https:\\\/\\\/diarioprincipios.com\\\/#organization\",\"name\":\"Principios\",\"url\":\"https:\\\/\\\/diarioprincipios.com\\\/\",\"logo\":{\"@type\":\"ImageObject\",\"inLanguage\":\"es\",\"@id\":\"https:\\\/\\\/diarioprincipios.com\\\/#\\\/schema\\\/logo\\\/image\\\/\",\"url\":\"https:\\\/\\\/diarioprincipios.com\\\/wp-content\\\/uploads\\\/2024\\\/04\\\/cropped-www.diarioprincipios.com_-1.png\",\"contentUrl\":\"https:\\\/\\\/diarioprincipios.com\\\/wp-content\\\/uploads\\\/2024\\\/04\\\/cropped-www.diarioprincipios.com_-1.png\",\"width\":5325,\"height\":1454,\"caption\":\"Principios\"},\"image\":{\"@id\":\"https:\\\/\\\/diarioprincipios.com\\\/#\\\/schema\\\/logo\\\/image\\\/\"}},{\"@type\":\"Person\",\"@id\":\"https:\\\/\\\/diarioprincipios.com\\\/#\\\/schema\\\/person\\\/436d5a1fd41a5e250e23ff5a6a7cb080\",\"name\":\"Hern\u00e1n L\u00f3pez\",\"image\":{\"@type\":\"ImageObject\",\"inLanguage\":\"es\",\"@id\":\"https:\\\/\\\/diarioprincipios.com\\\/wp-content\\\/litespeed\\\/avatar\\\/11ddfe5610ff3bd100522525b2571f48.jpg?ver=1777653193\",\"url\":\"https:\\\/\\\/diarioprincipios.com\\\/wp-content\\\/litespeed\\\/avatar\\\/11ddfe5610ff3bd100522525b2571f48.jpg?ver=1777653193\",\"contentUrl\":\"https:\\\/\\\/diarioprincipios.com\\\/wp-content\\\/litespeed\\\/avatar\\\/11ddfe5610ff3bd100522525b2571f48.jpg?ver=1777653193\",\"caption\":\"Hern\u00e1n L\u00f3pez\"},\"url\":\"https:\\\/\\\/diarioprincipios.com\\\/index.php\\\/author\\\/hernan\\\/\"}]}<\/script>\n<!-- \/ Yoast SEO plugin. -->","yoast_head_json":{"title":"35 nuevas unidades para la flota de veh\u00edculos municipales - Principios","robots":{"index":"index","follow":"follow","max-snippet":"max-snippet:-1","max-image-preview":"max-image-preview:large","max-video-preview":"max-video-preview:-1"},"canonical":"https:\/\/diarioprincipios.com\/index.php\/2025\/08\/23\/35-nuevas-unidades-para-la-flota-de-vehiculos-municipales\/","og_locale":"es_ES","og_type":"article","og_title":"35 nuevas unidades para la flota de veh\u00edculos municipales - Principios","og_description":"La Municipalidad de Berazategui present\u00f3 35 nuevas unidades m\u00f3viles que se incorporan a la flota vehicular de las Secretar\u00edas de Obras P\u00fablicas, Control Urbano, Servicios P\u00fablicos, y Desarrollo Social, Recreaci\u00f3n, Turismo y Deportes. Estas flamantes unidades, que van desde tractores y camiones recolectores hasta motos y desmalezadoras, fueron adquiridas con fondos municipales.\u00a0Durante la entrega, el...","og_url":"https:\/\/diarioprincipios.com\/index.php\/2025\/08\/23\/35-nuevas-unidades-para-la-flota-de-vehiculos-municipales\/","og_site_name":"Principios","article_published_time":"2025-08-23T23:07:43+00:00","og_image":[{"width":1600,"height":1066,"url":"https:\/\/diarioprincipios.com\/wp-content\/uploads\/2025\/08\/Berazategui-35-nuevas-unidades-para-la-flota-de-vehiculos-municipales-3.jpg","type":"image\/jpeg"}],"author":"Hern\u00e1n L\u00f3pez","twitter_card":"summary_large_image","twitter_misc":{"Escrito por":"Hern\u00e1n L\u00f3pez","Tiempo de lectura":"2 minutos"},"schema":{"@context":"https:\/\/schema.org","@graph":[{"@type":"Article","@id":"https:\/\/diarioprincipios.com\/index.php\/2025\/08\/23\/35-nuevas-unidades-para-la-flota-de-vehiculos-municipales\/#article","isPartOf":{"@id":"https:\/\/diarioprincipios.com\/index.php\/2025\/08\/23\/35-nuevas-unidades-para-la-flota-de-vehiculos-municipales\/"},"author":{"name":"Hern\u00e1n L\u00f3pez","@id":"https:\/\/diarioprincipios.com\/#\/schema\/person\/436d5a1fd41a5e250e23ff5a6a7cb080"},"headline":"35 nuevas unidades para la flota de veh\u00edculos municipales","datePublished":"2025-08-23T23:07:43+00:00","mainEntityOfPage":{"@id":"https:\/\/diarioprincipios.com\/index.php\/2025\/08\/23\/35-nuevas-unidades-para-la-flota-de-vehiculos-municipales\/"},"wordCount":326,"commentCount":0,"publisher":{"@id":"https:\/\/diarioprincipios.com\/#organization"},"image":{"@id":"https:\/\/diarioprincipios.com\/index.php\/2025\/08\/23\/35-nuevas-unidades-para-la-flota-de-vehiculos-municipales\/#primaryimage"},"thumbnailUrl":"https:\/\/diarioprincipios.com\/wp-content\/uploads\/2025\/08\/Berazategui-35-nuevas-unidades-para-la-flota-de-vehiculos-municipales-3.jpg","articleSection":["Berazategui"],"inLanguage":"es","potentialAction":[{"@type":"CommentAction","name":"Comment","target":["https:\/\/diarioprincipios.com\/index.php\/2025\/08\/23\/35-nuevas-unidades-para-la-flota-de-vehiculos-municipales\/#respond"]}]},{"@type":"WebPage","@id":"https:\/\/diarioprincipios.com\/index.php\/2025\/08\/23\/35-nuevas-unidades-para-la-flota-de-vehiculos-municipales\/","url":"https:\/\/diarioprincipios.com\/index.php\/2025\/08\/23\/35-nuevas-unidades-para-la-flota-de-vehiculos-municipales\/","name":"35 nuevas unidades para la flota de veh\u00edculos municipales - Principios","isPartOf":{"@id":"https:\/\/diarioprincipios.com\/#website"},"primaryImageOfPage":{"@id":"https:\/\/diarioprincipios.com\/index.php\/2025\/08\/23\/35-nuevas-unidades-para-la-flota-de-vehiculos-municipales\/#primaryimage"},"image":{"@id":"https:\/\/diarioprincipios.com\/index.php\/2025\/08\/23\/35-nuevas-unidades-para-la-flota-de-vehiculos-municipales\/#primaryimage"},"thumbnailUrl":"https:\/\/diarioprincipios.com\/wp-content\/uploads\/2025\/08\/Berazategui-35-nuevas-unidades-para-la-flota-de-vehiculos-municipales-3.jpg","datePublished":"2025-08-23T23:07:43+00:00","breadcrumb":{"@id":"https:\/\/diarioprincipios.com\/index.php\/2025\/08\/23\/35-nuevas-unidades-para-la-flota-de-vehiculos-municipales\/#breadcrumb"},"inLanguage":"es","potentialAction":[{"@type":"ReadAction","target":["https:\/\/diarioprincipios.com\/index.php\/2025\/08\/23\/35-nuevas-unidades-para-la-flota-de-vehiculos-municipales\/"]}]},{"@type":"ImageObject","inLanguage":"es","@id":"https:\/\/diarioprincipios.com\/index.php\/2025\/08\/23\/35-nuevas-unidades-para-la-flota-de-vehiculos-municipales\/#primaryimage","url":"https:\/\/diarioprincipios.com\/wp-content\/uploads\/2025\/08\/Berazategui-35-nuevas-unidades-para-la-flota-de-vehiculos-municipales-3.jpg","contentUrl":"https:\/\/diarioprincipios.com\/wp-content\/uploads\/2025\/08\/Berazategui-35-nuevas-unidades-para-la-flota-de-vehiculos-municipales-3.jpg","width":1600,"height":1066},{"@type":"BreadcrumbList","@id":"https:\/\/diarioprincipios.com\/index.php\/2025\/08\/23\/35-nuevas-unidades-para-la-flota-de-vehiculos-municipales\/#breadcrumb","itemListElement":[{"@type":"ListItem","position":1,"name":"Portada","item":"https:\/\/diarioprincipios.com\/"},{"@type":"ListItem","position":2,"name":"35 nuevas unidades para la flota de veh\u00edculos municipales"}]},{"@type":"WebSite","@id":"https:\/\/diarioprincipios.com\/#website","url":"https:\/\/diarioprincipios.com\/","name":"Principios","description":"Principios Diario","publisher":{"@id":"https:\/\/diarioprincipios.com\/#organization"},"potentialAction":[{"@type":"SearchAction","target":{"@type":"EntryPoint","urlTemplate":"https:\/\/diarioprincipios.com\/?s={search_term_string}"},"query-input":{"@type":"PropertyValueSpecification","valueRequired":true,"valueName":"search_term_string"}}],"inLanguage":"es"},{"@type":"Organization","@id":"https:\/\/diarioprincipios.com\/#organization","name":"Principios","url":"https:\/\/diarioprincipios.com\/","logo":{"@type":"ImageObject","inLanguage":"es","@id":"https:\/\/diarioprincipios.com\/#\/schema\/logo\/image\/","url":"https:\/\/diarioprincipios.com\/wp-content\/uploads\/2024\/04\/cropped-www.diarioprincipios.com_-1.png","contentUrl":"https:\/\/diarioprincipios.com\/wp-content\/uploads\/2024\/04\/cropped-www.diarioprincipios.com_-1.png","width":5325,"height":1454,"caption":"Principios"},"image":{"@id":"https:\/\/diarioprincipios.com\/#\/schema\/logo\/image\/"}},{"@type":"Person","@id":"https:\/\/diarioprincipios.com\/#\/schema\/person\/436d5a1fd41a5e250e23ff5a6a7cb080","name":"Hern\u00e1n L\u00f3pez","image":{"@type":"ImageObject","inLanguage":"es","@id":"https:\/\/diarioprincipios.com\/wp-content\/litespeed\/avatar\/11ddfe5610ff3bd100522525b2571f48.jpg?ver=1777653193","url":"https:\/\/diarioprincipios.com\/wp-content\/litespeed\/avatar\/11ddfe5610ff3bd100522525b2571f48.jpg?ver=1777653193","contentUrl":"https:\/\/diarioprincipios.com\/wp-content\/litespeed\/avatar\/11ddfe5610ff3bd100522525b2571f48.jpg?ver=1777653193","caption":"Hern\u00e1n L\u00f3pez"},"url":"https:\/\/diarioprincipios.com\/index.php\/author\/hernan\/"}]}},"jetpack_featured_media_url":"https:\/\/diarioprincipios.com\/wp-content\/uploads\/2025\/08\/Berazategui-35-nuevas-unidades-para-la-flota-de-vehiculos-municipales-3.jpg","_links":{"self":[{"href":"https:\/\/diarioprincipios.com\/index.php\/wp-json\/wp\/v2\/posts\/25294","targetHints":{"allow":["GET"]}}],"collection":[{"href":"https:\/\/diarioprincipios.com\/index.php\/wp-json\/wp\/v2\/posts"}],"about":[{"href":"https:\/\/diarioprincipios.com\/index.php\/wp-json\/wp\/v2\/types\/post"}],"author":[{"embeddable":true,"href":"https:\/\/diarioprincipios.com\/index.php\/wp-json\/wp\/v2\/users\/2"}],"replies":[{"embeddable":true,"href":"https:\/\/diarioprincipios.com\/index.php\/wp-json\/wp\/v2\/comments?post=25294"}],"version-history":[{"count":1,"href":"https:\/\/diarioprincipios.com\/index.php\/wp-json\/wp\/v2\/posts\/25294\/revisions"}],"predecessor-version":[{"id":25298,"href":"https:\/\/diarioprincipios.com\/index.php\/wp-json\/wp\/v2\/posts\/25294\/revisions\/25298"}],"wp:featuredmedia":[{"embeddable":true,"href":"https:\/\/diarioprincipios.com\/index.php\/wp-json\/wp\/v2\/media\/25297"}],"wp:attachment":[{"href":"https:\/\/diarioprincipios.com\/index.php\/wp-json\/wp\/v2\/media?parent=25294"}],"wp:term":[{"taxonomy":"category","embeddable":true,"href":"https:\/\/diarioprincipios.com\/index.php\/wp-json\/wp\/v2\/categories?post=25294"},{"taxonomy":"post_tag","embeddable":true,"href":"https:\/\/diarioprincipios.com\/index.php\/wp-json\/wp\/v2\/tags?post=25294"}],"curies":[{"name":"wp","href":"https:\/\/api.w.org\/{rel}","templated":true}]}}