{"id":25291,"date":"2025-08-23T19:47:24","date_gmt":"2025-08-23T22:47:24","guid":{"rendered":"https:\/\/diarioprincipios.com\/?p=25291"},"modified":"2025-08-23T19:47:24","modified_gmt":"2025-08-23T22:47:24","slug":"licitan-la-obra-de-rehabilitacion-del-acueducto-pereyra-etapa-i","status":"publish","type":"post","link":"https:\/\/diarioprincipios.com\/index.php\/2025\/08\/23\/licitan-la-obra-de-rehabilitacion-del-acueducto-pereyra-etapa-i\/","title":{"rendered":"Licitan la obra de rehabilitaci\u00f3n del Acueducto Pereyra (Etapa I)"},"content":{"rendered":"\n<p><strong>Se abrieron los sobres de licitaci\u00f3n para la obra de rehabilitaci\u00f3n del Acueducto Pereyra (Etapa I). Es una obra solicitada por el intendente Juan Jos\u00e9 Mussi al gobernador Axel Kicillof. Fue durante un acto que se desarroll\u00f3 en el Ministerio de Infraestructura de la provincia de Buenos Aires, donde estuvo el secretario de Servicios P\u00fablicos de la Municipalidad de Berazategui, Ing. Sergio Faccenda.<\/strong><br>El acueducto ubicado en la localidad de Pereyra es una cisterna de bombeo que provee agua a toda la ciudad. Las obras de reacondicionamiento tienen como objetivo mejorar la distribuci\u00f3n de este recurso en los barrios, ya que a trav\u00e9s de plantas de rebombeo se llega a cada hogar de Berazategui.<br>En ese marco, Faccenda inform\u00f3: \u201cEl Gobierno nacional se retir\u00f3 del proceso de licitaci\u00f3n, pero hoy tenemos un Estado presente de la mano del gobernador Kicillof. Es una felicidad enorme para Berazategui; el acueducto ten\u00eda muchos a\u00f1os y aver\u00edas constantes. Hoy nos vemos pr\u00f3ximos al comienzo de esta obra emblem\u00e1tica. Este acueducto recorre casi las dos terceras partes del distrito, le da agua a casi toda la poblaci\u00f3n\u201d.<br>Asimismo, la directora provincial de Agua y Cloacas, Graciela Ambrosolio, afirm\u00f3: \u201cLicitamos una obra muy esperada por Berazategui: la repotencializaci\u00f3n del Acueducto Pereyra, que hace muchos a\u00f1os sufre aver\u00edas y p\u00e9rdidas en una zona central del distrito. Es una obra muy necesaria. Tuvimos dos ofertas; esperamos adjudicarla pronto y que sea una realidad\u201d.<br>El proyecto de obra implica el reemplazo de la actual impulsi\u00f3n por m\u00e9todo de relining, con todos los empalmes y derivaciones que permitan poner en servicio a la nueva ca\u00f1er\u00eda sint\u00e9tica flexible a ejecutar. El objetivo es evitar los cortes por rotura de la ca\u00f1er\u00eda y mejorar el caudal y presi\u00f3n requerido del suministro de agua potable que brinda la Municipalidad en las localidades de Guti\u00e9rrez, Sourigues, Hudson, Ranelagh y Berazategui Oeste. La incorporaci\u00f3n de esta tecnolog\u00eda sobre la conducci\u00f3n existente ofrece una repotenciaci\u00f3n de la ca\u00f1er\u00eda, aumentando la presi\u00f3n de trabajo.<\/p>\n","protected":false},"excerpt":{"rendered":"<p>Se abrieron los sobres de licitaci\u00f3n para la obra de rehabilitaci\u00f3n del Acueducto Pereyra (Etapa I). Es una obra solicitada por el intendente Juan Jos\u00e9 Mussi al gobernador Axel Kicillof. Fue durante un acto que se desarroll\u00f3 en el Ministerio de Infraestructura de la provincia de Buenos Aires, donde estuvo el secretario de Servicios P\u00fablicos&#8230;<\/p>\n","protected":false},"author":2,"featured_media":25292,"comment_status":"open","ping_status":"open","sticky":false,"template":"","format":"standard","meta":{"footnotes":""},"categories":[3],"tags":[],"class_list":["post-25291","post","type-post","status-publish","format-standard","has-post-thumbnail","hentry","category-berazategui"],"featured_image_src":"https:\/\/diarioprincipios.com\/wp-content\/uploads\/2025\/08\/Licitan-la-obra-de-rehabilitacion-del-Acueducto-Pereyra-Etapa-I-1024x682.jpg","blog_images":{"medium":"https:\/\/diarioprincipios.com\/wp-content\/uploads\/2025\/08\/Licitan-la-obra-de-rehabilitacion-del-Acueducto-Pereyra-Etapa-I-300x200.jpg","large":"https:\/\/diarioprincipios.com\/wp-content\/uploads\/2025\/08\/Licitan-la-obra-de-rehabilitacion-del-Acueducto-Pereyra-Etapa-I-1024x682.jpg"},"ams_acf":[],"yoast_head":"<!-- This site is optimized with the Yoast SEO plugin v27.3 - https:\/\/yoast.com\/product\/yoast-seo-wordpress\/ -->\n<title>Licitan la obra de rehabilitaci\u00f3n del Acueducto Pereyra (Etapa I) - Principios<\/title>\n<meta name=\"robots\" content=\"index, follow, max-snippet:-1, max-image-preview:large, max-video-preview:-1\" \/>\n<link rel=\"canonical\" href=\"https:\/\/diarioprincipios.com\/index.php\/2025\/08\/23\/licitan-la-obra-de-rehabilitacion-del-acueducto-pereyra-etapa-i\/\" \/>\n<meta property=\"og:locale\" content=\"es_ES\" \/>\n<meta property=\"og:type\" content=\"article\" \/>\n<meta property=\"og:title\" content=\"Licitan la obra de rehabilitaci\u00f3n del Acueducto Pereyra (Etapa I) - Principios\" \/>\n<meta property=\"og:description\" content=\"Se abrieron los sobres de licitaci\u00f3n para la obra de rehabilitaci\u00f3n del Acueducto Pereyra (Etapa I). Es una obra solicitada por el intendente Juan Jos\u00e9 Mussi al gobernador Axel Kicillof. Fue durante un acto que se desarroll\u00f3 en el Ministerio de Infraestructura de la provincia de Buenos Aires, donde estuvo el secretario de Servicios P\u00fablicos...\" \/>\n<meta property=\"og:url\" content=\"https:\/\/diarioprincipios.com\/index.php\/2025\/08\/23\/licitan-la-obra-de-rehabilitacion-del-acueducto-pereyra-etapa-i\/\" \/>\n<meta property=\"og:site_name\" content=\"Principios\" \/>\n<meta property=\"article:published_time\" content=\"2025-08-23T22:47:24+00:00\" \/>\n<meta property=\"og:image\" content=\"https:\/\/diarioprincipios.com\/wp-content\/uploads\/2025\/08\/Licitan-la-obra-de-rehabilitacion-del-Acueducto-Pereyra-Etapa-I.jpg\" \/>\n\t<meta property=\"og:image:width\" content=\"1600\" \/>\n\t<meta property=\"og:image:height\" content=\"1066\" \/>\n\t<meta property=\"og:image:type\" content=\"image\/jpeg\" \/>\n<meta name=\"author\" content=\"Hern\u00e1n L\u00f3pez\" \/>\n<meta name=\"twitter:card\" content=\"summary_large_image\" \/>\n<meta name=\"twitter:label1\" content=\"Escrito por\" \/>\n\t<meta name=\"twitter:data1\" content=\"Hern\u00e1n L\u00f3pez\" \/>\n\t<meta name=\"twitter:label2\" content=\"Tiempo de lectura\" \/>\n\t<meta name=\"twitter:data2\" content=\"2 minutos\" \/>\n<script type=\"application\/ld+json\" class=\"yoast-schema-graph\">{\"@context\":\"https:\\\/\\\/schema.org\",\"@graph\":[{\"@type\":\"Article\",\"@id\":\"https:\\\/\\\/diarioprincipios.com\\\/index.php\\\/2025\\\/08\\\/23\\\/licitan-la-obra-de-rehabilitacion-del-acueducto-pereyra-etapa-i\\\/#article\",\"isPartOf\":{\"@id\":\"https:\\\/\\\/diarioprincipios.com\\\/index.php\\\/2025\\\/08\\\/23\\\/licitan-la-obra-de-rehabilitacion-del-acueducto-pereyra-etapa-i\\\/\"},\"author\":{\"name\":\"Hern\u00e1n L\u00f3pez\",\"@id\":\"https:\\\/\\\/diarioprincipios.com\\\/#\\\/schema\\\/person\\\/436d5a1fd41a5e250e23ff5a6a7cb080\"},\"headline\":\"Licitan la obra de rehabilitaci\u00f3n del Acueducto Pereyra (Etapa I)\",\"datePublished\":\"2025-08-23T22:47:24+00:00\",\"mainEntityOfPage\":{\"@id\":\"https:\\\/\\\/diarioprincipios.com\\\/index.php\\\/2025\\\/08\\\/23\\\/licitan-la-obra-de-rehabilitacion-del-acueducto-pereyra-etapa-i\\\/\"},\"wordCount\":370,\"commentCount\":0,\"publisher\":{\"@id\":\"https:\\\/\\\/diarioprincipios.com\\\/#organization\"},\"image\":{\"@id\":\"https:\\\/\\\/diarioprincipios.com\\\/index.php\\\/2025\\\/08\\\/23\\\/licitan-la-obra-de-rehabilitacion-del-acueducto-pereyra-etapa-i\\\/#primaryimage\"},\"thumbnailUrl\":\"https:\\\/\\\/diarioprincipios.com\\\/wp-content\\\/uploads\\\/2025\\\/08\\\/Licitan-la-obra-de-rehabilitacion-del-Acueducto-Pereyra-Etapa-I.jpg\",\"articleSection\":[\"Berazategui\"],\"inLanguage\":\"es\",\"potentialAction\":[{\"@type\":\"CommentAction\",\"name\":\"Comment\",\"target\":[\"https:\\\/\\\/diarioprincipios.com\\\/index.php\\\/2025\\\/08\\\/23\\\/licitan-la-obra-de-rehabilitacion-del-acueducto-pereyra-etapa-i\\\/#respond\"]}]},{\"@type\":\"WebPage\",\"@id\":\"https:\\\/\\\/diarioprincipios.com\\\/index.php\\\/2025\\\/08\\\/23\\\/licitan-la-obra-de-rehabilitacion-del-acueducto-pereyra-etapa-i\\\/\",\"url\":\"https:\\\/\\\/diarioprincipios.com\\\/index.php\\\/2025\\\/08\\\/23\\\/licitan-la-obra-de-rehabilitacion-del-acueducto-pereyra-etapa-i\\\/\",\"name\":\"Licitan la obra de rehabilitaci\u00f3n del Acueducto Pereyra (Etapa I) - Principios\",\"isPartOf\":{\"@id\":\"https:\\\/\\\/diarioprincipios.com\\\/#website\"},\"primaryImageOfPage\":{\"@id\":\"https:\\\/\\\/diarioprincipios.com\\\/index.php\\\/2025\\\/08\\\/23\\\/licitan-la-obra-de-rehabilitacion-del-acueducto-pereyra-etapa-i\\\/#primaryimage\"},\"image\":{\"@id\":\"https:\\\/\\\/diarioprincipios.com\\\/index.php\\\/2025\\\/08\\\/23\\\/licitan-la-obra-de-rehabilitacion-del-acueducto-pereyra-etapa-i\\\/#primaryimage\"},\"thumbnailUrl\":\"https:\\\/\\\/diarioprincipios.com\\\/wp-content\\\/uploads\\\/2025\\\/08\\\/Licitan-la-obra-de-rehabilitacion-del-Acueducto-Pereyra-Etapa-I.jpg\",\"datePublished\":\"2025-08-23T22:47:24+00:00\",\"breadcrumb\":{\"@id\":\"https:\\\/\\\/diarioprincipios.com\\\/index.php\\\/2025\\\/08\\\/23\\\/licitan-la-obra-de-rehabilitacion-del-acueducto-pereyra-etapa-i\\\/#breadcrumb\"},\"inLanguage\":\"es\",\"potentialAction\":[{\"@type\":\"ReadAction\",\"target\":[\"https:\\\/\\\/diarioprincipios.com\\\/index.php\\\/2025\\\/08\\\/23\\\/licitan-la-obra-de-rehabilitacion-del-acueducto-pereyra-etapa-i\\\/\"]}]},{\"@type\":\"ImageObject\",\"inLanguage\":\"es\",\"@id\":\"https:\\\/\\\/diarioprincipios.com\\\/index.php\\\/2025\\\/08\\\/23\\\/licitan-la-obra-de-rehabilitacion-del-acueducto-pereyra-etapa-i\\\/#primaryimage\",\"url\":\"https:\\\/\\\/diarioprincipios.com\\\/wp-content\\\/uploads\\\/2025\\\/08\\\/Licitan-la-obra-de-rehabilitacion-del-Acueducto-Pereyra-Etapa-I.jpg\",\"contentUrl\":\"https:\\\/\\\/diarioprincipios.com\\\/wp-content\\\/uploads\\\/2025\\\/08\\\/Licitan-la-obra-de-rehabilitacion-del-Acueducto-Pereyra-Etapa-I.jpg\",\"width\":1600,\"height\":1066},{\"@type\":\"BreadcrumbList\",\"@id\":\"https:\\\/\\\/diarioprincipios.com\\\/index.php\\\/2025\\\/08\\\/23\\\/licitan-la-obra-de-rehabilitacion-del-acueducto-pereyra-etapa-i\\\/#breadcrumb\",\"itemListElement\":[{\"@type\":\"ListItem\",\"position\":1,\"name\":\"Portada\",\"item\":\"https:\\\/\\\/diarioprincipios.com\\\/\"},{\"@type\":\"ListItem\",\"position\":2,\"name\":\"Licitan la obra de rehabilitaci\u00f3n del Acueducto Pereyra (Etapa I)\"}]},{\"@type\":\"WebSite\",\"@id\":\"https:\\\/\\\/diarioprincipios.com\\\/#website\",\"url\":\"https:\\\/\\\/diarioprincipios.com\\\/\",\"name\":\"Principios\",\"description\":\"Principios Diario\",\"publisher\":{\"@id\":\"https:\\\/\\\/diarioprincipios.com\\\/#organization\"},\"potentialAction\":[{\"@type\":\"SearchAction\",\"target\":{\"@type\":\"EntryPoint\",\"urlTemplate\":\"https:\\\/\\\/diarioprincipios.com\\\/?s={search_term_string}\"},\"query-input\":{\"@type\":\"PropertyValueSpecification\",\"valueRequired\":true,\"valueName\":\"search_term_string\"}}],\"inLanguage\":\"es\"},{\"@type\":\"Organization\",\"@id\":\"https:\\\/\\\/diarioprincipios.com\\\/#organization\",\"name\":\"Principios\",\"url\":\"https:\\\/\\\/diarioprincipios.com\\\/\",\"logo\":{\"@type\":\"ImageObject\",\"inLanguage\":\"es\",\"@id\":\"https:\\\/\\\/diarioprincipios.com\\\/#\\\/schema\\\/logo\\\/image\\\/\",\"url\":\"https:\\\/\\\/diarioprincipios.com\\\/wp-content\\\/uploads\\\/2024\\\/04\\\/cropped-www.diarioprincipios.com_-1.png\",\"contentUrl\":\"https:\\\/\\\/diarioprincipios.com\\\/wp-content\\\/uploads\\\/2024\\\/04\\\/cropped-www.diarioprincipios.com_-1.png\",\"width\":5325,\"height\":1454,\"caption\":\"Principios\"},\"image\":{\"@id\":\"https:\\\/\\\/diarioprincipios.com\\\/#\\\/schema\\\/logo\\\/image\\\/\"}},{\"@type\":\"Person\",\"@id\":\"https:\\\/\\\/diarioprincipios.com\\\/#\\\/schema\\\/person\\\/436d5a1fd41a5e250e23ff5a6a7cb080\",\"name\":\"Hern\u00e1n L\u00f3pez\",\"image\":{\"@type\":\"ImageObject\",\"inLanguage\":\"es\",\"@id\":\"https:\\\/\\\/diarioprincipios.com\\\/wp-content\\\/litespeed\\\/avatar\\\/11ddfe5610ff3bd100522525b2571f48.jpg?ver=1777653193\",\"url\":\"https:\\\/\\\/diarioprincipios.com\\\/wp-content\\\/litespeed\\\/avatar\\\/11ddfe5610ff3bd100522525b2571f48.jpg?ver=1777653193\",\"contentUrl\":\"https:\\\/\\\/diarioprincipios.com\\\/wp-content\\\/litespeed\\\/avatar\\\/11ddfe5610ff3bd100522525b2571f48.jpg?ver=1777653193\",\"caption\":\"Hern\u00e1n L\u00f3pez\"},\"url\":\"https:\\\/\\\/diarioprincipios.com\\\/index.php\\\/author\\\/hernan\\\/\"}]}<\/script>\n<!-- \/ Yoast SEO plugin. -->","yoast_head_json":{"title":"Licitan la obra de rehabilitaci\u00f3n del Acueducto Pereyra (Etapa I) - Principios","robots":{"index":"index","follow":"follow","max-snippet":"max-snippet:-1","max-image-preview":"max-image-preview:large","max-video-preview":"max-video-preview:-1"},"canonical":"https:\/\/diarioprincipios.com\/index.php\/2025\/08\/23\/licitan-la-obra-de-rehabilitacion-del-acueducto-pereyra-etapa-i\/","og_locale":"es_ES","og_type":"article","og_title":"Licitan la obra de rehabilitaci\u00f3n del Acueducto Pereyra (Etapa I) - Principios","og_description":"Se abrieron los sobres de licitaci\u00f3n para la obra de rehabilitaci\u00f3n del Acueducto Pereyra (Etapa I). Es una obra solicitada por el intendente Juan Jos\u00e9 Mussi al gobernador Axel Kicillof. Fue durante un acto que se desarroll\u00f3 en el Ministerio de Infraestructura de la provincia de Buenos Aires, donde estuvo el secretario de Servicios P\u00fablicos...","og_url":"https:\/\/diarioprincipios.com\/index.php\/2025\/08\/23\/licitan-la-obra-de-rehabilitacion-del-acueducto-pereyra-etapa-i\/","og_site_name":"Principios","article_published_time":"2025-08-23T22:47:24+00:00","og_image":[{"width":1600,"height":1066,"url":"https:\/\/diarioprincipios.com\/wp-content\/uploads\/2025\/08\/Licitan-la-obra-de-rehabilitacion-del-Acueducto-Pereyra-Etapa-I.jpg","type":"image\/jpeg"}],"author":"Hern\u00e1n L\u00f3pez","twitter_card":"summary_large_image","twitter_misc":{"Escrito por":"Hern\u00e1n L\u00f3pez","Tiempo de lectura":"2 minutos"},"schema":{"@context":"https:\/\/schema.org","@graph":[{"@type":"Article","@id":"https:\/\/diarioprincipios.com\/index.php\/2025\/08\/23\/licitan-la-obra-de-rehabilitacion-del-acueducto-pereyra-etapa-i\/#article","isPartOf":{"@id":"https:\/\/diarioprincipios.com\/index.php\/2025\/08\/23\/licitan-la-obra-de-rehabilitacion-del-acueducto-pereyra-etapa-i\/"},"author":{"name":"Hern\u00e1n L\u00f3pez","@id":"https:\/\/diarioprincipios.com\/#\/schema\/person\/436d5a1fd41a5e250e23ff5a6a7cb080"},"headline":"Licitan la obra de rehabilitaci\u00f3n del Acueducto Pereyra (Etapa I)","datePublished":"2025-08-23T22:47:24+00:00","mainEntityOfPage":{"@id":"https:\/\/diarioprincipios.com\/index.php\/2025\/08\/23\/licitan-la-obra-de-rehabilitacion-del-acueducto-pereyra-etapa-i\/"},"wordCount":370,"commentCount":0,"publisher":{"@id":"https:\/\/diarioprincipios.com\/#organization"},"image":{"@id":"https:\/\/diarioprincipios.com\/index.php\/2025\/08\/23\/licitan-la-obra-de-rehabilitacion-del-acueducto-pereyra-etapa-i\/#primaryimage"},"thumbnailUrl":"https:\/\/diarioprincipios.com\/wp-content\/uploads\/2025\/08\/Licitan-la-obra-de-rehabilitacion-del-Acueducto-Pereyra-Etapa-I.jpg","articleSection":["Berazategui"],"inLanguage":"es","potentialAction":[{"@type":"CommentAction","name":"Comment","target":["https:\/\/diarioprincipios.com\/index.php\/2025\/08\/23\/licitan-la-obra-de-rehabilitacion-del-acueducto-pereyra-etapa-i\/#respond"]}]},{"@type":"WebPage","@id":"https:\/\/diarioprincipios.com\/index.php\/2025\/08\/23\/licitan-la-obra-de-rehabilitacion-del-acueducto-pereyra-etapa-i\/","url":"https:\/\/diarioprincipios.com\/index.php\/2025\/08\/23\/licitan-la-obra-de-rehabilitacion-del-acueducto-pereyra-etapa-i\/","name":"Licitan la obra de rehabilitaci\u00f3n del Acueducto Pereyra (Etapa I) - Principios","isPartOf":{"@id":"https:\/\/diarioprincipios.com\/#website"},"primaryImageOfPage":{"@id":"https:\/\/diarioprincipios.com\/index.php\/2025\/08\/23\/licitan-la-obra-de-rehabilitacion-del-acueducto-pereyra-etapa-i\/#primaryimage"},"image":{"@id":"https:\/\/diarioprincipios.com\/index.php\/2025\/08\/23\/licitan-la-obra-de-rehabilitacion-del-acueducto-pereyra-etapa-i\/#primaryimage"},"thumbnailUrl":"https:\/\/diarioprincipios.com\/wp-content\/uploads\/2025\/08\/Licitan-la-obra-de-rehabilitacion-del-Acueducto-Pereyra-Etapa-I.jpg","datePublished":"2025-08-23T22:47:24+00:00","breadcrumb":{"@id":"https:\/\/diarioprincipios.com\/index.php\/2025\/08\/23\/licitan-la-obra-de-rehabilitacion-del-acueducto-pereyra-etapa-i\/#breadcrumb"},"inLanguage":"es","potentialAction":[{"@type":"ReadAction","target":["https:\/\/diarioprincipios.com\/index.php\/2025\/08\/23\/licitan-la-obra-de-rehabilitacion-del-acueducto-pereyra-etapa-i\/"]}]},{"@type":"ImageObject","inLanguage":"es","@id":"https:\/\/diarioprincipios.com\/index.php\/2025\/08\/23\/licitan-la-obra-de-rehabilitacion-del-acueducto-pereyra-etapa-i\/#primaryimage","url":"https:\/\/diarioprincipios.com\/wp-content\/uploads\/2025\/08\/Licitan-la-obra-de-rehabilitacion-del-Acueducto-Pereyra-Etapa-I.jpg","contentUrl":"https:\/\/diarioprincipios.com\/wp-content\/uploads\/2025\/08\/Licitan-la-obra-de-rehabilitacion-del-Acueducto-Pereyra-Etapa-I.jpg","width":1600,"height":1066},{"@type":"BreadcrumbList","@id":"https:\/\/diarioprincipios.com\/index.php\/2025\/08\/23\/licitan-la-obra-de-rehabilitacion-del-acueducto-pereyra-etapa-i\/#breadcrumb","itemListElement":[{"@type":"ListItem","position":1,"name":"Portada","item":"https:\/\/diarioprincipios.com\/"},{"@type":"ListItem","position":2,"name":"Licitan la obra de rehabilitaci\u00f3n del Acueducto Pereyra (Etapa I)"}]},{"@type":"WebSite","@id":"https:\/\/diarioprincipios.com\/#website","url":"https:\/\/diarioprincipios.com\/","name":"Principios","description":"Principios Diario","publisher":{"@id":"https:\/\/diarioprincipios.com\/#organization"},"potentialAction":[{"@type":"SearchAction","target":{"@type":"EntryPoint","urlTemplate":"https:\/\/diarioprincipios.com\/?s={search_term_string}"},"query-input":{"@type":"PropertyValueSpecification","valueRequired":true,"valueName":"search_term_string"}}],"inLanguage":"es"},{"@type":"Organization","@id":"https:\/\/diarioprincipios.com\/#organization","name":"Principios","url":"https:\/\/diarioprincipios.com\/","logo":{"@type":"ImageObject","inLanguage":"es","@id":"https:\/\/diarioprincipios.com\/#\/schema\/logo\/image\/","url":"https:\/\/diarioprincipios.com\/wp-content\/uploads\/2024\/04\/cropped-www.diarioprincipios.com_-1.png","contentUrl":"https:\/\/diarioprincipios.com\/wp-content\/uploads\/2024\/04\/cropped-www.diarioprincipios.com_-1.png","width":5325,"height":1454,"caption":"Principios"},"image":{"@id":"https:\/\/diarioprincipios.com\/#\/schema\/logo\/image\/"}},{"@type":"Person","@id":"https:\/\/diarioprincipios.com\/#\/schema\/person\/436d5a1fd41a5e250e23ff5a6a7cb080","name":"Hern\u00e1n L\u00f3pez","image":{"@type":"ImageObject","inLanguage":"es","@id":"https:\/\/diarioprincipios.com\/wp-content\/litespeed\/avatar\/11ddfe5610ff3bd100522525b2571f48.jpg?ver=1777653193","url":"https:\/\/diarioprincipios.com\/wp-content\/litespeed\/avatar\/11ddfe5610ff3bd100522525b2571f48.jpg?ver=1777653193","contentUrl":"https:\/\/diarioprincipios.com\/wp-content\/litespeed\/avatar\/11ddfe5610ff3bd100522525b2571f48.jpg?ver=1777653193","caption":"Hern\u00e1n L\u00f3pez"},"url":"https:\/\/diarioprincipios.com\/index.php\/author\/hernan\/"}]}},"jetpack_featured_media_url":"https:\/\/diarioprincipios.com\/wp-content\/uploads\/2025\/08\/Licitan-la-obra-de-rehabilitacion-del-Acueducto-Pereyra-Etapa-I.jpg","_links":{"self":[{"href":"https:\/\/diarioprincipios.com\/index.php\/wp-json\/wp\/v2\/posts\/25291","targetHints":{"allow":["GET"]}}],"collection":[{"href":"https:\/\/diarioprincipios.com\/index.php\/wp-json\/wp\/v2\/posts"}],"about":[{"href":"https:\/\/diarioprincipios.com\/index.php\/wp-json\/wp\/v2\/types\/post"}],"author":[{"embeddable":true,"href":"https:\/\/diarioprincipios.com\/index.php\/wp-json\/wp\/v2\/users\/2"}],"replies":[{"embeddable":true,"href":"https:\/\/diarioprincipios.com\/index.php\/wp-json\/wp\/v2\/comments?post=25291"}],"version-history":[{"count":1,"href":"https:\/\/diarioprincipios.com\/index.php\/wp-json\/wp\/v2\/posts\/25291\/revisions"}],"predecessor-version":[{"id":25293,"href":"https:\/\/diarioprincipios.com\/index.php\/wp-json\/wp\/v2\/posts\/25291\/revisions\/25293"}],"wp:featuredmedia":[{"embeddable":true,"href":"https:\/\/diarioprincipios.com\/index.php\/wp-json\/wp\/v2\/media\/25292"}],"wp:attachment":[{"href":"https:\/\/diarioprincipios.com\/index.php\/wp-json\/wp\/v2\/media?parent=25291"}],"wp:term":[{"taxonomy":"category","embeddable":true,"href":"https:\/\/diarioprincipios.com\/index.php\/wp-json\/wp\/v2\/categories?post=25291"},{"taxonomy":"post_tag","embeddable":true,"href":"https:\/\/diarioprincipios.com\/index.php\/wp-json\/wp\/v2\/tags?post=25291"}],"curies":[{"name":"wp","href":"https:\/\/api.w.org\/{rel}","templated":true}]}}