{"id":25288,"date":"2025-08-22T13:40:33","date_gmt":"2025-08-22T16:40:33","guid":{"rendered":"https:\/\/diarioprincipios.com\/?p=25288"},"modified":"2025-08-22T13:40:33","modified_gmt":"2025-08-22T16:40:33","slug":"mussi-sin-cultura-no-hay-nada","status":"publish","type":"post","link":"https:\/\/diarioprincipios.com\/index.php\/2025\/08\/22\/mussi-sin-cultura-no-hay-nada\/","title":{"rendered":"Mussi: \u201cSin cultura no hay nada\u201d"},"content":{"rendered":"\n<p>La Municipalidad de Berazategui lleva adelante un modelo cultural y educativo desde hace m\u00e1s de 37 a\u00f1os, cuando el actual intendente, Juan Jos\u00e9 Mussi, asumi\u00f3 el cargo por primera vez. En la actualidad, esta pol\u00edtica p\u00fablica es un ejemplo en toda la provincia de Buenos Aires.<\/p>\n\n\n\n<p>\u201cSin cultura no hay nada: no hay soberan\u00eda, no hay crecimiento, no hay desarrollo. Por eso en Berazategui es gratuita, igualitaria y abierta a todos los sectores de la sociedad\u201d, destac\u00f3 Mussi.<br>Y agreg\u00f3: \u201cAlgunos quieren ponerla en discusi\u00f3n, pero no deber\u00eda ser as\u00ed porque le hace falta a la Argentina. En Berazategui no vamos a aflojar con la inversi\u00f3n en cultura\u201d.<\/p>\n\n\n\n<p>A trav\u00e9s de la Secretar\u00eda de Cultura y Educaci\u00f3n municipal, a cargo de Federico L\u00f3pez, Berazategui sigue impulsando propuestas de \u00edndole educativo y cultural, que incluyen una oferta de m\u00e1s de 500 talleres de 13 \u00e1reas educativas (entre ellas la de Artes Visuales, Arte Textil, Danzas, Idiomas, Gastronom\u00eda, Literatura, Nuevas Tecnolog\u00edas y Teatro) y cinco Escuelas Municipales: Fotograf\u00eda, M\u00fasica, Cer\u00e1mica, Vidrio y Artesan\u00edas. Cada a\u00f1o, m\u00e1s de diez mil estudiantes participan en estas propuestas.<\/p>\n\n\n\n<p>Asimismo, la gesti\u00f3n cultural cuenta con una agenda anual de eventos con entrada gratuita, que cada a\u00f1o re\u00fanen a miles de vecinos y vecinas de Berazategui y de distritos aleda\u00f1os. Algunos de ellos son: la fiesta de la Cultura Pop B-Play; la Feria del Libro &#8211; Librarte; la Feria Nacional Berazategui Artesan\u00edas; la Muestra Anual Educativa (MAE), donde los estudiantes de las \u00e1reas educativas exhiben sus trabajos; y el Sal\u00f3n de Autom\u00f3viles y Motos Cl\u00e1sicas, entre otros.<\/p>\n\n\n\n<p>Adem\u00e1s, todos los s\u00e1bados y domingos abren sus puertas con entrada gratuita y visitas guiadas, los cuatro Museos Municipales: el Hist\u00f3rico (calle 23 y 149); del Vidrio (calle 23 y 149) -\u00fanico en Argentina-; del Golf Roberto De Vicenzo (calle 28 y 132); y Taller C\u00e9sar Bustillo (calle 43 e\/ 156 y 157).<\/p>\n\n\n\n<p>Por otra parte, todos los fines de semana la Secretar\u00eda ofrece actividades y shows gratuitos en los Complejos y Centros Culturales Municipales de distintos barrios de la ciudad. Uno de estos espacios, el Complejo Cultural Municipal La Casa de la Estaci\u00f3n, brinda propuestas para las infancias, en tanto que, el Complejo Cultural Municipal La Calle, para las juventudes. Para conocer la agenda mensual completa, ingresar en berazategui.gob.ar\/cultura\/agenda.<\/p>\n","protected":false},"excerpt":{"rendered":"<p>La Municipalidad de Berazategui lleva adelante un modelo cultural y educativo desde hace m\u00e1s de 37 a\u00f1os, cuando el actual intendente, Juan Jos\u00e9 Mussi, asumi\u00f3 el cargo por primera vez. En la actualidad, esta pol\u00edtica p\u00fablica es un ejemplo en toda la provincia de Buenos Aires. \u201cSin cultura no hay nada: no hay soberan\u00eda, no&#8230;<\/p>\n","protected":false},"author":2,"featured_media":25289,"comment_status":"open","ping_status":"open","sticky":false,"template":"","format":"standard","meta":{"footnotes":""},"categories":[3,19],"tags":[],"class_list":["post-25288","post","type-post","status-publish","format-standard","has-post-thumbnail","hentry","category-berazategui","category-cultura-educacion"],"featured_image_src":"https:\/\/diarioprincipios.com\/wp-content\/uploads\/2025\/08\/FB_IMG_1755880583905-1024x682.jpg","blog_images":{"medium":"https:\/\/diarioprincipios.com\/wp-content\/uploads\/2025\/08\/FB_IMG_1755880583905-300x200.jpg","large":"https:\/\/diarioprincipios.com\/wp-content\/uploads\/2025\/08\/FB_IMG_1755880583905-1024x682.jpg"},"ams_acf":[],"yoast_head":"<!-- This site is optimized with the Yoast SEO plugin v27.3 - https:\/\/yoast.com\/product\/yoast-seo-wordpress\/ -->\n<title>Mussi: \u201cSin cultura no hay nada\u201d - Principios<\/title>\n<meta name=\"robots\" content=\"index, follow, max-snippet:-1, max-image-preview:large, max-video-preview:-1\" \/>\n<link rel=\"canonical\" href=\"https:\/\/diarioprincipios.com\/index.php\/2025\/08\/22\/mussi-sin-cultura-no-hay-nada\/\" \/>\n<meta property=\"og:locale\" content=\"es_ES\" \/>\n<meta property=\"og:type\" content=\"article\" \/>\n<meta property=\"og:title\" content=\"Mussi: \u201cSin cultura no hay nada\u201d - Principios\" \/>\n<meta property=\"og:description\" content=\"La Municipalidad de Berazategui lleva adelante un modelo cultural y educativo desde hace m\u00e1s de 37 a\u00f1os, cuando el actual intendente, Juan Jos\u00e9 Mussi, asumi\u00f3 el cargo por primera vez. En la actualidad, esta pol\u00edtica p\u00fablica es un ejemplo en toda la provincia de Buenos Aires. \u201cSin cultura no hay nada: no hay soberan\u00eda, no...\" \/>\n<meta property=\"og:url\" content=\"https:\/\/diarioprincipios.com\/index.php\/2025\/08\/22\/mussi-sin-cultura-no-hay-nada\/\" \/>\n<meta property=\"og:site_name\" content=\"Principios\" \/>\n<meta property=\"article:published_time\" content=\"2025-08-22T16:40:33+00:00\" \/>\n<meta property=\"og:image\" content=\"https:\/\/diarioprincipios.com\/wp-content\/uploads\/2025\/08\/FB_IMG_1755880583905.jpg\" \/>\n\t<meta property=\"og:image:width\" content=\"1600\" \/>\n\t<meta property=\"og:image:height\" content=\"1066\" \/>\n\t<meta property=\"og:image:type\" content=\"image\/jpeg\" \/>\n<meta name=\"author\" content=\"Hern\u00e1n L\u00f3pez\" \/>\n<meta name=\"twitter:card\" content=\"summary_large_image\" \/>\n<meta name=\"twitter:label1\" content=\"Escrito por\" \/>\n\t<meta name=\"twitter:data1\" content=\"Hern\u00e1n L\u00f3pez\" \/>\n\t<meta name=\"twitter:label2\" content=\"Tiempo de lectura\" \/>\n\t<meta name=\"twitter:data2\" content=\"2 minutos\" \/>\n<script type=\"application\/ld+json\" class=\"yoast-schema-graph\">{\"@context\":\"https:\\\/\\\/schema.org\",\"@graph\":[{\"@type\":\"Article\",\"@id\":\"https:\\\/\\\/diarioprincipios.com\\\/index.php\\\/2025\\\/08\\\/22\\\/mussi-sin-cultura-no-hay-nada\\\/#article\",\"isPartOf\":{\"@id\":\"https:\\\/\\\/diarioprincipios.com\\\/index.php\\\/2025\\\/08\\\/22\\\/mussi-sin-cultura-no-hay-nada\\\/\"},\"author\":{\"name\":\"Hern\u00e1n L\u00f3pez\",\"@id\":\"https:\\\/\\\/diarioprincipios.com\\\/#\\\/schema\\\/person\\\/436d5a1fd41a5e250e23ff5a6a7cb080\"},\"headline\":\"Mussi: \u201cSin cultura no hay nada\u201d\",\"datePublished\":\"2025-08-22T16:40:33+00:00\",\"mainEntityOfPage\":{\"@id\":\"https:\\\/\\\/diarioprincipios.com\\\/index.php\\\/2025\\\/08\\\/22\\\/mussi-sin-cultura-no-hay-nada\\\/\"},\"wordCount\":413,\"commentCount\":0,\"publisher\":{\"@id\":\"https:\\\/\\\/diarioprincipios.com\\\/#organization\"},\"image\":{\"@id\":\"https:\\\/\\\/diarioprincipios.com\\\/index.php\\\/2025\\\/08\\\/22\\\/mussi-sin-cultura-no-hay-nada\\\/#primaryimage\"},\"thumbnailUrl\":\"https:\\\/\\\/diarioprincipios.com\\\/wp-content\\\/uploads\\\/2025\\\/08\\\/FB_IMG_1755880583905.jpg\",\"articleSection\":[\"Berazategui\",\"Cultura y Educaci\u00f3n\"],\"inLanguage\":\"es\",\"potentialAction\":[{\"@type\":\"CommentAction\",\"name\":\"Comment\",\"target\":[\"https:\\\/\\\/diarioprincipios.com\\\/index.php\\\/2025\\\/08\\\/22\\\/mussi-sin-cultura-no-hay-nada\\\/#respond\"]}]},{\"@type\":\"WebPage\",\"@id\":\"https:\\\/\\\/diarioprincipios.com\\\/index.php\\\/2025\\\/08\\\/22\\\/mussi-sin-cultura-no-hay-nada\\\/\",\"url\":\"https:\\\/\\\/diarioprincipios.com\\\/index.php\\\/2025\\\/08\\\/22\\\/mussi-sin-cultura-no-hay-nada\\\/\",\"name\":\"Mussi: \u201cSin cultura no hay nada\u201d - Principios\",\"isPartOf\":{\"@id\":\"https:\\\/\\\/diarioprincipios.com\\\/#website\"},\"primaryImageOfPage\":{\"@id\":\"https:\\\/\\\/diarioprincipios.com\\\/index.php\\\/2025\\\/08\\\/22\\\/mussi-sin-cultura-no-hay-nada\\\/#primaryimage\"},\"image\":{\"@id\":\"https:\\\/\\\/diarioprincipios.com\\\/index.php\\\/2025\\\/08\\\/22\\\/mussi-sin-cultura-no-hay-nada\\\/#primaryimage\"},\"thumbnailUrl\":\"https:\\\/\\\/diarioprincipios.com\\\/wp-content\\\/uploads\\\/2025\\\/08\\\/FB_IMG_1755880583905.jpg\",\"datePublished\":\"2025-08-22T16:40:33+00:00\",\"breadcrumb\":{\"@id\":\"https:\\\/\\\/diarioprincipios.com\\\/index.php\\\/2025\\\/08\\\/22\\\/mussi-sin-cultura-no-hay-nada\\\/#breadcrumb\"},\"inLanguage\":\"es\",\"potentialAction\":[{\"@type\":\"ReadAction\",\"target\":[\"https:\\\/\\\/diarioprincipios.com\\\/index.php\\\/2025\\\/08\\\/22\\\/mussi-sin-cultura-no-hay-nada\\\/\"]}]},{\"@type\":\"ImageObject\",\"inLanguage\":\"es\",\"@id\":\"https:\\\/\\\/diarioprincipios.com\\\/index.php\\\/2025\\\/08\\\/22\\\/mussi-sin-cultura-no-hay-nada\\\/#primaryimage\",\"url\":\"https:\\\/\\\/diarioprincipios.com\\\/wp-content\\\/uploads\\\/2025\\\/08\\\/FB_IMG_1755880583905.jpg\",\"contentUrl\":\"https:\\\/\\\/diarioprincipios.com\\\/wp-content\\\/uploads\\\/2025\\\/08\\\/FB_IMG_1755880583905.jpg\",\"width\":1600,\"height\":1066},{\"@type\":\"BreadcrumbList\",\"@id\":\"https:\\\/\\\/diarioprincipios.com\\\/index.php\\\/2025\\\/08\\\/22\\\/mussi-sin-cultura-no-hay-nada\\\/#breadcrumb\",\"itemListElement\":[{\"@type\":\"ListItem\",\"position\":1,\"name\":\"Portada\",\"item\":\"https:\\\/\\\/diarioprincipios.com\\\/\"},{\"@type\":\"ListItem\",\"position\":2,\"name\":\"Mussi: \u201cSin cultura no hay nada\u201d\"}]},{\"@type\":\"WebSite\",\"@id\":\"https:\\\/\\\/diarioprincipios.com\\\/#website\",\"url\":\"https:\\\/\\\/diarioprincipios.com\\\/\",\"name\":\"Principios\",\"description\":\"Principios Diario\",\"publisher\":{\"@id\":\"https:\\\/\\\/diarioprincipios.com\\\/#organization\"},\"potentialAction\":[{\"@type\":\"SearchAction\",\"target\":{\"@type\":\"EntryPoint\",\"urlTemplate\":\"https:\\\/\\\/diarioprincipios.com\\\/?s={search_term_string}\"},\"query-input\":{\"@type\":\"PropertyValueSpecification\",\"valueRequired\":true,\"valueName\":\"search_term_string\"}}],\"inLanguage\":\"es\"},{\"@type\":\"Organization\",\"@id\":\"https:\\\/\\\/diarioprincipios.com\\\/#organization\",\"name\":\"Principios\",\"url\":\"https:\\\/\\\/diarioprincipios.com\\\/\",\"logo\":{\"@type\":\"ImageObject\",\"inLanguage\":\"es\",\"@id\":\"https:\\\/\\\/diarioprincipios.com\\\/#\\\/schema\\\/logo\\\/image\\\/\",\"url\":\"https:\\\/\\\/diarioprincipios.com\\\/wp-content\\\/uploads\\\/2024\\\/04\\\/cropped-www.diarioprincipios.com_-1.png\",\"contentUrl\":\"https:\\\/\\\/diarioprincipios.com\\\/wp-content\\\/uploads\\\/2024\\\/04\\\/cropped-www.diarioprincipios.com_-1.png\",\"width\":5325,\"height\":1454,\"caption\":\"Principios\"},\"image\":{\"@id\":\"https:\\\/\\\/diarioprincipios.com\\\/#\\\/schema\\\/logo\\\/image\\\/\"}},{\"@type\":\"Person\",\"@id\":\"https:\\\/\\\/diarioprincipios.com\\\/#\\\/schema\\\/person\\\/436d5a1fd41a5e250e23ff5a6a7cb080\",\"name\":\"Hern\u00e1n L\u00f3pez\",\"image\":{\"@type\":\"ImageObject\",\"inLanguage\":\"es\",\"@id\":\"https:\\\/\\\/diarioprincipios.com\\\/wp-content\\\/litespeed\\\/avatar\\\/11ddfe5610ff3bd100522525b2571f48.jpg?ver=1777653193\",\"url\":\"https:\\\/\\\/diarioprincipios.com\\\/wp-content\\\/litespeed\\\/avatar\\\/11ddfe5610ff3bd100522525b2571f48.jpg?ver=1777653193\",\"contentUrl\":\"https:\\\/\\\/diarioprincipios.com\\\/wp-content\\\/litespeed\\\/avatar\\\/11ddfe5610ff3bd100522525b2571f48.jpg?ver=1777653193\",\"caption\":\"Hern\u00e1n L\u00f3pez\"},\"url\":\"https:\\\/\\\/diarioprincipios.com\\\/index.php\\\/author\\\/hernan\\\/\"}]}<\/script>\n<!-- \/ Yoast SEO plugin. -->","yoast_head_json":{"title":"Mussi: \u201cSin cultura no hay nada\u201d - Principios","robots":{"index":"index","follow":"follow","max-snippet":"max-snippet:-1","max-image-preview":"max-image-preview:large","max-video-preview":"max-video-preview:-1"},"canonical":"https:\/\/diarioprincipios.com\/index.php\/2025\/08\/22\/mussi-sin-cultura-no-hay-nada\/","og_locale":"es_ES","og_type":"article","og_title":"Mussi: \u201cSin cultura no hay nada\u201d - Principios","og_description":"La Municipalidad de Berazategui lleva adelante un modelo cultural y educativo desde hace m\u00e1s de 37 a\u00f1os, cuando el actual intendente, Juan Jos\u00e9 Mussi, asumi\u00f3 el cargo por primera vez. En la actualidad, esta pol\u00edtica p\u00fablica es un ejemplo en toda la provincia de Buenos Aires. \u201cSin cultura no hay nada: no hay soberan\u00eda, no...","og_url":"https:\/\/diarioprincipios.com\/index.php\/2025\/08\/22\/mussi-sin-cultura-no-hay-nada\/","og_site_name":"Principios","article_published_time":"2025-08-22T16:40:33+00:00","og_image":[{"width":1600,"height":1066,"url":"https:\/\/diarioprincipios.com\/wp-content\/uploads\/2025\/08\/FB_IMG_1755880583905.jpg","type":"image\/jpeg"}],"author":"Hern\u00e1n L\u00f3pez","twitter_card":"summary_large_image","twitter_misc":{"Escrito por":"Hern\u00e1n L\u00f3pez","Tiempo de lectura":"2 minutos"},"schema":{"@context":"https:\/\/schema.org","@graph":[{"@type":"Article","@id":"https:\/\/diarioprincipios.com\/index.php\/2025\/08\/22\/mussi-sin-cultura-no-hay-nada\/#article","isPartOf":{"@id":"https:\/\/diarioprincipios.com\/index.php\/2025\/08\/22\/mussi-sin-cultura-no-hay-nada\/"},"author":{"name":"Hern\u00e1n L\u00f3pez","@id":"https:\/\/diarioprincipios.com\/#\/schema\/person\/436d5a1fd41a5e250e23ff5a6a7cb080"},"headline":"Mussi: \u201cSin cultura no hay nada\u201d","datePublished":"2025-08-22T16:40:33+00:00","mainEntityOfPage":{"@id":"https:\/\/diarioprincipios.com\/index.php\/2025\/08\/22\/mussi-sin-cultura-no-hay-nada\/"},"wordCount":413,"commentCount":0,"publisher":{"@id":"https:\/\/diarioprincipios.com\/#organization"},"image":{"@id":"https:\/\/diarioprincipios.com\/index.php\/2025\/08\/22\/mussi-sin-cultura-no-hay-nada\/#primaryimage"},"thumbnailUrl":"https:\/\/diarioprincipios.com\/wp-content\/uploads\/2025\/08\/FB_IMG_1755880583905.jpg","articleSection":["Berazategui","Cultura y Educaci\u00f3n"],"inLanguage":"es","potentialAction":[{"@type":"CommentAction","name":"Comment","target":["https:\/\/diarioprincipios.com\/index.php\/2025\/08\/22\/mussi-sin-cultura-no-hay-nada\/#respond"]}]},{"@type":"WebPage","@id":"https:\/\/diarioprincipios.com\/index.php\/2025\/08\/22\/mussi-sin-cultura-no-hay-nada\/","url":"https:\/\/diarioprincipios.com\/index.php\/2025\/08\/22\/mussi-sin-cultura-no-hay-nada\/","name":"Mussi: \u201cSin cultura no hay nada\u201d - Principios","isPartOf":{"@id":"https:\/\/diarioprincipios.com\/#website"},"primaryImageOfPage":{"@id":"https:\/\/diarioprincipios.com\/index.php\/2025\/08\/22\/mussi-sin-cultura-no-hay-nada\/#primaryimage"},"image":{"@id":"https:\/\/diarioprincipios.com\/index.php\/2025\/08\/22\/mussi-sin-cultura-no-hay-nada\/#primaryimage"},"thumbnailUrl":"https:\/\/diarioprincipios.com\/wp-content\/uploads\/2025\/08\/FB_IMG_1755880583905.jpg","datePublished":"2025-08-22T16:40:33+00:00","breadcrumb":{"@id":"https:\/\/diarioprincipios.com\/index.php\/2025\/08\/22\/mussi-sin-cultura-no-hay-nada\/#breadcrumb"},"inLanguage":"es","potentialAction":[{"@type":"ReadAction","target":["https:\/\/diarioprincipios.com\/index.php\/2025\/08\/22\/mussi-sin-cultura-no-hay-nada\/"]}]},{"@type":"ImageObject","inLanguage":"es","@id":"https:\/\/diarioprincipios.com\/index.php\/2025\/08\/22\/mussi-sin-cultura-no-hay-nada\/#primaryimage","url":"https:\/\/diarioprincipios.com\/wp-content\/uploads\/2025\/08\/FB_IMG_1755880583905.jpg","contentUrl":"https:\/\/diarioprincipios.com\/wp-content\/uploads\/2025\/08\/FB_IMG_1755880583905.jpg","width":1600,"height":1066},{"@type":"BreadcrumbList","@id":"https:\/\/diarioprincipios.com\/index.php\/2025\/08\/22\/mussi-sin-cultura-no-hay-nada\/#breadcrumb","itemListElement":[{"@type":"ListItem","position":1,"name":"Portada","item":"https:\/\/diarioprincipios.com\/"},{"@type":"ListItem","position":2,"name":"Mussi: \u201cSin cultura no hay nada\u201d"}]},{"@type":"WebSite","@id":"https:\/\/diarioprincipios.com\/#website","url":"https:\/\/diarioprincipios.com\/","name":"Principios","description":"Principios Diario","publisher":{"@id":"https:\/\/diarioprincipios.com\/#organization"},"potentialAction":[{"@type":"SearchAction","target":{"@type":"EntryPoint","urlTemplate":"https:\/\/diarioprincipios.com\/?s={search_term_string}"},"query-input":{"@type":"PropertyValueSpecification","valueRequired":true,"valueName":"search_term_string"}}],"inLanguage":"es"},{"@type":"Organization","@id":"https:\/\/diarioprincipios.com\/#organization","name":"Principios","url":"https:\/\/diarioprincipios.com\/","logo":{"@type":"ImageObject","inLanguage":"es","@id":"https:\/\/diarioprincipios.com\/#\/schema\/logo\/image\/","url":"https:\/\/diarioprincipios.com\/wp-content\/uploads\/2024\/04\/cropped-www.diarioprincipios.com_-1.png","contentUrl":"https:\/\/diarioprincipios.com\/wp-content\/uploads\/2024\/04\/cropped-www.diarioprincipios.com_-1.png","width":5325,"height":1454,"caption":"Principios"},"image":{"@id":"https:\/\/diarioprincipios.com\/#\/schema\/logo\/image\/"}},{"@type":"Person","@id":"https:\/\/diarioprincipios.com\/#\/schema\/person\/436d5a1fd41a5e250e23ff5a6a7cb080","name":"Hern\u00e1n L\u00f3pez","image":{"@type":"ImageObject","inLanguage":"es","@id":"https:\/\/diarioprincipios.com\/wp-content\/litespeed\/avatar\/11ddfe5610ff3bd100522525b2571f48.jpg?ver=1777653193","url":"https:\/\/diarioprincipios.com\/wp-content\/litespeed\/avatar\/11ddfe5610ff3bd100522525b2571f48.jpg?ver=1777653193","contentUrl":"https:\/\/diarioprincipios.com\/wp-content\/litespeed\/avatar\/11ddfe5610ff3bd100522525b2571f48.jpg?ver=1777653193","caption":"Hern\u00e1n L\u00f3pez"},"url":"https:\/\/diarioprincipios.com\/index.php\/author\/hernan\/"}]}},"jetpack_featured_media_url":"https:\/\/diarioprincipios.com\/wp-content\/uploads\/2025\/08\/FB_IMG_1755880583905.jpg","_links":{"self":[{"href":"https:\/\/diarioprincipios.com\/index.php\/wp-json\/wp\/v2\/posts\/25288","targetHints":{"allow":["GET"]}}],"collection":[{"href":"https:\/\/diarioprincipios.com\/index.php\/wp-json\/wp\/v2\/posts"}],"about":[{"href":"https:\/\/diarioprincipios.com\/index.php\/wp-json\/wp\/v2\/types\/post"}],"author":[{"embeddable":true,"href":"https:\/\/diarioprincipios.com\/index.php\/wp-json\/wp\/v2\/users\/2"}],"replies":[{"embeddable":true,"href":"https:\/\/diarioprincipios.com\/index.php\/wp-json\/wp\/v2\/comments?post=25288"}],"version-history":[{"count":1,"href":"https:\/\/diarioprincipios.com\/index.php\/wp-json\/wp\/v2\/posts\/25288\/revisions"}],"predecessor-version":[{"id":25290,"href":"https:\/\/diarioprincipios.com\/index.php\/wp-json\/wp\/v2\/posts\/25288\/revisions\/25290"}],"wp:featuredmedia":[{"embeddable":true,"href":"https:\/\/diarioprincipios.com\/index.php\/wp-json\/wp\/v2\/media\/25289"}],"wp:attachment":[{"href":"https:\/\/diarioprincipios.com\/index.php\/wp-json\/wp\/v2\/media?parent=25288"}],"wp:term":[{"taxonomy":"category","embeddable":true,"href":"https:\/\/diarioprincipios.com\/index.php\/wp-json\/wp\/v2\/categories?post=25288"},{"taxonomy":"post_tag","embeddable":true,"href":"https:\/\/diarioprincipios.com\/index.php\/wp-json\/wp\/v2\/tags?post=25288"}],"curies":[{"name":"wp","href":"https:\/\/api.w.org\/{rel}","templated":true}]}}