{"id":25284,"date":"2025-08-21T20:52:26","date_gmt":"2025-08-21T23:52:26","guid":{"rendered":"https:\/\/diarioprincipios.com\/?p=25284"},"modified":"2025-08-21T20:52:27","modified_gmt":"2025-08-21T23:52:27","slug":"mussi-este-ano-en-sourigues-se-inauguraron-16-cuadras-de-pavimentos","status":"publish","type":"post","link":"https:\/\/diarioprincipios.com\/index.php\/2025\/08\/21\/mussi-este-ano-en-sourigues-se-inauguraron-16-cuadras-de-pavimentos\/","title":{"rendered":"Mussi: \u201cEste a\u00f1o, en Sourigues, se inauguraron 16 cuadras de pavimentos\u201d"},"content":{"rendered":"\n<p><strong>Se inaugur\u00f3 el nuevo pavimento de la Av. Dardo Rocha entre 217 y Av. Papa Francisco, en la localidad de Sourigues. El intendente de Berazategui, Juan Jos\u00e9 Mussi, estuvo junto a vecinos y vecinas recorriendo la obra hecha con inversi\u00f3n municipal.<\/strong><br>\u201cPara algunos, esto es solo inaugurar una cuadra de asfalto. Pero aqu\u00ed hay vecinos y vecinas&#8230; estas son obras importantes. Este a\u00f1o, en Sourigues, se inauguraron 16 cuadras de pavimentos\u201d, afirm\u00f3 Mussi. E indic\u00f3: \u201cTenemos que dedicarnos a cuidar nuestra Patria Chica, Berazategui, hacer lo posible para que los vecinos est\u00e9n mejor. Vamos a seguir de a poco con la pavimentaci\u00f3n de las calles, cuenten con nosotros. Estoy muy feliz\u201d.<\/p>\n\n\n\n<figure class=\"wp-block-image size-large\"><img loading=\"lazy\" decoding=\"async\" width=\"1024\" height=\"682\" src=\"https:\/\/diarioprincipios.com\/wp-content\/uploads\/2025\/08\/Mussi-Este-ano-en-Sourigues-se-inauguraron-16-cuadras-de-pavimentos-2-1024x682.jpg\" alt=\"\" class=\"wp-image-25285\" srcset=\"https:\/\/diarioprincipios.com\/wp-content\/uploads\/2025\/08\/Mussi-Este-ano-en-Sourigues-se-inauguraron-16-cuadras-de-pavimentos-2-1024x682.jpg 1024w, https:\/\/diarioprincipios.com\/wp-content\/uploads\/2025\/08\/Mussi-Este-ano-en-Sourigues-se-inauguraron-16-cuadras-de-pavimentos-2-300x200.jpg 300w, https:\/\/diarioprincipios.com\/wp-content\/uploads\/2025\/08\/Mussi-Este-ano-en-Sourigues-se-inauguraron-16-cuadras-de-pavimentos-2-768x512.jpg 768w, https:\/\/diarioprincipios.com\/wp-content\/uploads\/2025\/08\/Mussi-Este-ano-en-Sourigues-se-inauguraron-16-cuadras-de-pavimentos-2-1536x1023.jpg 1536w, https:\/\/diarioprincipios.com\/wp-content\/uploads\/2025\/08\/Mussi-Este-ano-en-Sourigues-se-inauguraron-16-cuadras-de-pavimentos-2-820x545.jpg 820w, https:\/\/diarioprincipios.com\/wp-content\/uploads\/2025\/08\/Mussi-Este-ano-en-Sourigues-se-inauguraron-16-cuadras-de-pavimentos-2-600x400.jpg 600w, https:\/\/diarioprincipios.com\/wp-content\/uploads\/2025\/08\/Mussi-Este-ano-en-Sourigues-se-inauguraron-16-cuadras-de-pavimentos-2.jpg 1600w\" sizes=\"auto, (max-width: 1024px) 100vw, 1024px\" \/><\/figure>\n\n\n\n<p><br>Por su parte, el vecino Juan Jos\u00e9 Villar expres\u00f3: \u201cTransmitimos el agradecimiento enorme y eterno de todos los vecinos por la obra que inaugur\u00f3 aqu\u00ed el intendente Mussi, siempre cuidando a Berazategui. Hace 35 a\u00f1os me radiqu\u00e9 en esta ciudad, porque sab\u00eda que ten\u00eda un buen Intendente. Much\u00edsimas gracias\u201d.<br>La Municipalidad de Berazategui realiza este tipo de obras en distintos puntos, mediante fondos municipales, con el objetivo de mejorar la accesibilidad y la calidad de vida de las y los ciudadanos. Adem\u00e1s, generan empleo.<br>Participaron, tambi\u00e9n, integrantes del Gabinete municipal.<br>Para conocer m\u00e1s obras se puede ingresar en\u00a0<a href=\"http:\/\/berazategui.gob.ar\/obrasygestion\" target=\"_blank\" rel=\"noreferrer noopener\">berazategui.gob.ar\/obrasygestion<\/a>.<\/p>\n","protected":false},"excerpt":{"rendered":"<p>Se inaugur\u00f3 el nuevo pavimento de la Av. Dardo Rocha entre 217 y Av. Papa Francisco, en la localidad de Sourigues. El intendente de Berazategui, Juan Jos\u00e9 Mussi, estuvo junto a vecinos y vecinas recorriendo la obra hecha con inversi\u00f3n municipal.\u201cPara algunos, esto es solo inaugurar una cuadra de asfalto. Pero aqu\u00ed hay vecinos y&#8230;<\/p>\n","protected":false},"author":2,"featured_media":25286,"comment_status":"open","ping_status":"open","sticky":false,"template":"","format":"standard","meta":{"footnotes":""},"categories":[3],"tags":[],"class_list":["post-25284","post","type-post","status-publish","format-standard","has-post-thumbnail","hentry","category-berazategui"],"featured_image_src":"https:\/\/diarioprincipios.com\/wp-content\/uploads\/2025\/08\/Mussi-Este-ano-en-Sourigues-se-inauguraron-16-cuadras-de-pavimentos-1024x682.jpg","blog_images":{"medium":"https:\/\/diarioprincipios.com\/wp-content\/uploads\/2025\/08\/Mussi-Este-ano-en-Sourigues-se-inauguraron-16-cuadras-de-pavimentos-300x200.jpg","large":"https:\/\/diarioprincipios.com\/wp-content\/uploads\/2025\/08\/Mussi-Este-ano-en-Sourigues-se-inauguraron-16-cuadras-de-pavimentos-1024x682.jpg"},"ams_acf":[],"yoast_head":"<!-- This site is optimized with the Yoast SEO plugin v27.3 - https:\/\/yoast.com\/product\/yoast-seo-wordpress\/ -->\n<title>Mussi: \u201cEste a\u00f1o, en Sourigues, se inauguraron 16 cuadras de pavimentos\u201d - Principios<\/title>\n<meta name=\"robots\" content=\"index, follow, max-snippet:-1, max-image-preview:large, max-video-preview:-1\" \/>\n<link rel=\"canonical\" href=\"https:\/\/diarioprincipios.com\/index.php\/2025\/08\/21\/mussi-este-ano-en-sourigues-se-inauguraron-16-cuadras-de-pavimentos\/\" \/>\n<meta property=\"og:locale\" content=\"es_ES\" \/>\n<meta property=\"og:type\" content=\"article\" \/>\n<meta property=\"og:title\" content=\"Mussi: \u201cEste a\u00f1o, en Sourigues, se inauguraron 16 cuadras de pavimentos\u201d - Principios\" \/>\n<meta property=\"og:description\" content=\"Se inaugur\u00f3 el nuevo pavimento de la Av. Dardo Rocha entre 217 y Av. Papa Francisco, en la localidad de Sourigues. El intendente de Berazategui, Juan Jos\u00e9 Mussi, estuvo junto a vecinos y vecinas recorriendo la obra hecha con inversi\u00f3n municipal.\u201cPara algunos, esto es solo inaugurar una cuadra de asfalto. Pero aqu\u00ed hay vecinos y...\" \/>\n<meta property=\"og:url\" content=\"https:\/\/diarioprincipios.com\/index.php\/2025\/08\/21\/mussi-este-ano-en-sourigues-se-inauguraron-16-cuadras-de-pavimentos\/\" \/>\n<meta property=\"og:site_name\" content=\"Principios\" \/>\n<meta property=\"article:published_time\" content=\"2025-08-21T23:52:26+00:00\" \/>\n<meta property=\"article:modified_time\" content=\"2025-08-21T23:52:27+00:00\" \/>\n<meta property=\"og:image\" content=\"https:\/\/diarioprincipios.com\/wp-content\/uploads\/2025\/08\/Mussi-Este-ano-en-Sourigues-se-inauguraron-16-cuadras-de-pavimentos.jpg\" \/>\n\t<meta property=\"og:image:width\" content=\"1600\" \/>\n\t<meta property=\"og:image:height\" content=\"1066\" \/>\n\t<meta property=\"og:image:type\" content=\"image\/jpeg\" \/>\n<meta name=\"author\" content=\"Hern\u00e1n L\u00f3pez\" \/>\n<meta name=\"twitter:card\" content=\"summary_large_image\" \/>\n<meta name=\"twitter:label1\" content=\"Escrito por\" \/>\n\t<meta name=\"twitter:data1\" content=\"Hern\u00e1n L\u00f3pez\" \/>\n\t<meta name=\"twitter:label2\" content=\"Tiempo de lectura\" \/>\n\t<meta name=\"twitter:data2\" content=\"2 minutos\" \/>\n<script type=\"application\/ld+json\" class=\"yoast-schema-graph\">{\"@context\":\"https:\\\/\\\/schema.org\",\"@graph\":[{\"@type\":\"Article\",\"@id\":\"https:\\\/\\\/diarioprincipios.com\\\/index.php\\\/2025\\\/08\\\/21\\\/mussi-este-ano-en-sourigues-se-inauguraron-16-cuadras-de-pavimentos\\\/#article\",\"isPartOf\":{\"@id\":\"https:\\\/\\\/diarioprincipios.com\\\/index.php\\\/2025\\\/08\\\/21\\\/mussi-este-ano-en-sourigues-se-inauguraron-16-cuadras-de-pavimentos\\\/\"},\"author\":{\"name\":\"Hern\u00e1n L\u00f3pez\",\"@id\":\"https:\\\/\\\/diarioprincipios.com\\\/#\\\/schema\\\/person\\\/436d5a1fd41a5e250e23ff5a6a7cb080\"},\"headline\":\"Mussi: \u201cEste a\u00f1o, en Sourigues, se inauguraron 16 cuadras de pavimentos\u201d\",\"datePublished\":\"2025-08-21T23:52:26+00:00\",\"dateModified\":\"2025-08-21T23:52:27+00:00\",\"mainEntityOfPage\":{\"@id\":\"https:\\\/\\\/diarioprincipios.com\\\/index.php\\\/2025\\\/08\\\/21\\\/mussi-este-ano-en-sourigues-se-inauguraron-16-cuadras-de-pavimentos\\\/\"},\"wordCount\":232,\"commentCount\":0,\"publisher\":{\"@id\":\"https:\\\/\\\/diarioprincipios.com\\\/#organization\"},\"image\":{\"@id\":\"https:\\\/\\\/diarioprincipios.com\\\/index.php\\\/2025\\\/08\\\/21\\\/mussi-este-ano-en-sourigues-se-inauguraron-16-cuadras-de-pavimentos\\\/#primaryimage\"},\"thumbnailUrl\":\"https:\\\/\\\/diarioprincipios.com\\\/wp-content\\\/uploads\\\/2025\\\/08\\\/Mussi-Este-ano-en-Sourigues-se-inauguraron-16-cuadras-de-pavimentos.jpg\",\"articleSection\":[\"Berazategui\"],\"inLanguage\":\"es\",\"potentialAction\":[{\"@type\":\"CommentAction\",\"name\":\"Comment\",\"target\":[\"https:\\\/\\\/diarioprincipios.com\\\/index.php\\\/2025\\\/08\\\/21\\\/mussi-este-ano-en-sourigues-se-inauguraron-16-cuadras-de-pavimentos\\\/#respond\"]}]},{\"@type\":\"WebPage\",\"@id\":\"https:\\\/\\\/diarioprincipios.com\\\/index.php\\\/2025\\\/08\\\/21\\\/mussi-este-ano-en-sourigues-se-inauguraron-16-cuadras-de-pavimentos\\\/\",\"url\":\"https:\\\/\\\/diarioprincipios.com\\\/index.php\\\/2025\\\/08\\\/21\\\/mussi-este-ano-en-sourigues-se-inauguraron-16-cuadras-de-pavimentos\\\/\",\"name\":\"Mussi: \u201cEste a\u00f1o, en Sourigues, se inauguraron 16 cuadras de pavimentos\u201d - Principios\",\"isPartOf\":{\"@id\":\"https:\\\/\\\/diarioprincipios.com\\\/#website\"},\"primaryImageOfPage\":{\"@id\":\"https:\\\/\\\/diarioprincipios.com\\\/index.php\\\/2025\\\/08\\\/21\\\/mussi-este-ano-en-sourigues-se-inauguraron-16-cuadras-de-pavimentos\\\/#primaryimage\"},\"image\":{\"@id\":\"https:\\\/\\\/diarioprincipios.com\\\/index.php\\\/2025\\\/08\\\/21\\\/mussi-este-ano-en-sourigues-se-inauguraron-16-cuadras-de-pavimentos\\\/#primaryimage\"},\"thumbnailUrl\":\"https:\\\/\\\/diarioprincipios.com\\\/wp-content\\\/uploads\\\/2025\\\/08\\\/Mussi-Este-ano-en-Sourigues-se-inauguraron-16-cuadras-de-pavimentos.jpg\",\"datePublished\":\"2025-08-21T23:52:26+00:00\",\"dateModified\":\"2025-08-21T23:52:27+00:00\",\"breadcrumb\":{\"@id\":\"https:\\\/\\\/diarioprincipios.com\\\/index.php\\\/2025\\\/08\\\/21\\\/mussi-este-ano-en-sourigues-se-inauguraron-16-cuadras-de-pavimentos\\\/#breadcrumb\"},\"inLanguage\":\"es\",\"potentialAction\":[{\"@type\":\"ReadAction\",\"target\":[\"https:\\\/\\\/diarioprincipios.com\\\/index.php\\\/2025\\\/08\\\/21\\\/mussi-este-ano-en-sourigues-se-inauguraron-16-cuadras-de-pavimentos\\\/\"]}]},{\"@type\":\"ImageObject\",\"inLanguage\":\"es\",\"@id\":\"https:\\\/\\\/diarioprincipios.com\\\/index.php\\\/2025\\\/08\\\/21\\\/mussi-este-ano-en-sourigues-se-inauguraron-16-cuadras-de-pavimentos\\\/#primaryimage\",\"url\":\"https:\\\/\\\/diarioprincipios.com\\\/wp-content\\\/uploads\\\/2025\\\/08\\\/Mussi-Este-ano-en-Sourigues-se-inauguraron-16-cuadras-de-pavimentos.jpg\",\"contentUrl\":\"https:\\\/\\\/diarioprincipios.com\\\/wp-content\\\/uploads\\\/2025\\\/08\\\/Mussi-Este-ano-en-Sourigues-se-inauguraron-16-cuadras-de-pavimentos.jpg\",\"width\":1600,\"height\":1066},{\"@type\":\"BreadcrumbList\",\"@id\":\"https:\\\/\\\/diarioprincipios.com\\\/index.php\\\/2025\\\/08\\\/21\\\/mussi-este-ano-en-sourigues-se-inauguraron-16-cuadras-de-pavimentos\\\/#breadcrumb\",\"itemListElement\":[{\"@type\":\"ListItem\",\"position\":1,\"name\":\"Portada\",\"item\":\"https:\\\/\\\/diarioprincipios.com\\\/\"},{\"@type\":\"ListItem\",\"position\":2,\"name\":\"Mussi: \u201cEste a\u00f1o, en Sourigues, se inauguraron 16 cuadras de pavimentos\u201d\"}]},{\"@type\":\"WebSite\",\"@id\":\"https:\\\/\\\/diarioprincipios.com\\\/#website\",\"url\":\"https:\\\/\\\/diarioprincipios.com\\\/\",\"name\":\"Principios\",\"description\":\"Principios Diario\",\"publisher\":{\"@id\":\"https:\\\/\\\/diarioprincipios.com\\\/#organization\"},\"potentialAction\":[{\"@type\":\"SearchAction\",\"target\":{\"@type\":\"EntryPoint\",\"urlTemplate\":\"https:\\\/\\\/diarioprincipios.com\\\/?s={search_term_string}\"},\"query-input\":{\"@type\":\"PropertyValueSpecification\",\"valueRequired\":true,\"valueName\":\"search_term_string\"}}],\"inLanguage\":\"es\"},{\"@type\":\"Organization\",\"@id\":\"https:\\\/\\\/diarioprincipios.com\\\/#organization\",\"name\":\"Principios\",\"url\":\"https:\\\/\\\/diarioprincipios.com\\\/\",\"logo\":{\"@type\":\"ImageObject\",\"inLanguage\":\"es\",\"@id\":\"https:\\\/\\\/diarioprincipios.com\\\/#\\\/schema\\\/logo\\\/image\\\/\",\"url\":\"https:\\\/\\\/diarioprincipios.com\\\/wp-content\\\/uploads\\\/2024\\\/04\\\/cropped-www.diarioprincipios.com_-1.png\",\"contentUrl\":\"https:\\\/\\\/diarioprincipios.com\\\/wp-content\\\/uploads\\\/2024\\\/04\\\/cropped-www.diarioprincipios.com_-1.png\",\"width\":5325,\"height\":1454,\"caption\":\"Principios\"},\"image\":{\"@id\":\"https:\\\/\\\/diarioprincipios.com\\\/#\\\/schema\\\/logo\\\/image\\\/\"}},{\"@type\":\"Person\",\"@id\":\"https:\\\/\\\/diarioprincipios.com\\\/#\\\/schema\\\/person\\\/436d5a1fd41a5e250e23ff5a6a7cb080\",\"name\":\"Hern\u00e1n L\u00f3pez\",\"image\":{\"@type\":\"ImageObject\",\"inLanguage\":\"es\",\"@id\":\"https:\\\/\\\/diarioprincipios.com\\\/wp-content\\\/litespeed\\\/avatar\\\/11ddfe5610ff3bd100522525b2571f48.jpg?ver=1777653193\",\"url\":\"https:\\\/\\\/diarioprincipios.com\\\/wp-content\\\/litespeed\\\/avatar\\\/11ddfe5610ff3bd100522525b2571f48.jpg?ver=1777653193\",\"contentUrl\":\"https:\\\/\\\/diarioprincipios.com\\\/wp-content\\\/litespeed\\\/avatar\\\/11ddfe5610ff3bd100522525b2571f48.jpg?ver=1777653193\",\"caption\":\"Hern\u00e1n L\u00f3pez\"},\"url\":\"https:\\\/\\\/diarioprincipios.com\\\/index.php\\\/author\\\/hernan\\\/\"}]}<\/script>\n<!-- \/ Yoast SEO plugin. -->","yoast_head_json":{"title":"Mussi: \u201cEste a\u00f1o, en Sourigues, se inauguraron 16 cuadras de pavimentos\u201d - Principios","robots":{"index":"index","follow":"follow","max-snippet":"max-snippet:-1","max-image-preview":"max-image-preview:large","max-video-preview":"max-video-preview:-1"},"canonical":"https:\/\/diarioprincipios.com\/index.php\/2025\/08\/21\/mussi-este-ano-en-sourigues-se-inauguraron-16-cuadras-de-pavimentos\/","og_locale":"es_ES","og_type":"article","og_title":"Mussi: \u201cEste a\u00f1o, en Sourigues, se inauguraron 16 cuadras de pavimentos\u201d - Principios","og_description":"Se inaugur\u00f3 el nuevo pavimento de la Av. Dardo Rocha entre 217 y Av. Papa Francisco, en la localidad de Sourigues. El intendente de Berazategui, Juan Jos\u00e9 Mussi, estuvo junto a vecinos y vecinas recorriendo la obra hecha con inversi\u00f3n municipal.\u201cPara algunos, esto es solo inaugurar una cuadra de asfalto. Pero aqu\u00ed hay vecinos y...","og_url":"https:\/\/diarioprincipios.com\/index.php\/2025\/08\/21\/mussi-este-ano-en-sourigues-se-inauguraron-16-cuadras-de-pavimentos\/","og_site_name":"Principios","article_published_time":"2025-08-21T23:52:26+00:00","article_modified_time":"2025-08-21T23:52:27+00:00","og_image":[{"width":1600,"height":1066,"url":"https:\/\/diarioprincipios.com\/wp-content\/uploads\/2025\/08\/Mussi-Este-ano-en-Sourigues-se-inauguraron-16-cuadras-de-pavimentos.jpg","type":"image\/jpeg"}],"author":"Hern\u00e1n L\u00f3pez","twitter_card":"summary_large_image","twitter_misc":{"Escrito por":"Hern\u00e1n L\u00f3pez","Tiempo de lectura":"2 minutos"},"schema":{"@context":"https:\/\/schema.org","@graph":[{"@type":"Article","@id":"https:\/\/diarioprincipios.com\/index.php\/2025\/08\/21\/mussi-este-ano-en-sourigues-se-inauguraron-16-cuadras-de-pavimentos\/#article","isPartOf":{"@id":"https:\/\/diarioprincipios.com\/index.php\/2025\/08\/21\/mussi-este-ano-en-sourigues-se-inauguraron-16-cuadras-de-pavimentos\/"},"author":{"name":"Hern\u00e1n L\u00f3pez","@id":"https:\/\/diarioprincipios.com\/#\/schema\/person\/436d5a1fd41a5e250e23ff5a6a7cb080"},"headline":"Mussi: \u201cEste a\u00f1o, en Sourigues, se inauguraron 16 cuadras de pavimentos\u201d","datePublished":"2025-08-21T23:52:26+00:00","dateModified":"2025-08-21T23:52:27+00:00","mainEntityOfPage":{"@id":"https:\/\/diarioprincipios.com\/index.php\/2025\/08\/21\/mussi-este-ano-en-sourigues-se-inauguraron-16-cuadras-de-pavimentos\/"},"wordCount":232,"commentCount":0,"publisher":{"@id":"https:\/\/diarioprincipios.com\/#organization"},"image":{"@id":"https:\/\/diarioprincipios.com\/index.php\/2025\/08\/21\/mussi-este-ano-en-sourigues-se-inauguraron-16-cuadras-de-pavimentos\/#primaryimage"},"thumbnailUrl":"https:\/\/diarioprincipios.com\/wp-content\/uploads\/2025\/08\/Mussi-Este-ano-en-Sourigues-se-inauguraron-16-cuadras-de-pavimentos.jpg","articleSection":["Berazategui"],"inLanguage":"es","potentialAction":[{"@type":"CommentAction","name":"Comment","target":["https:\/\/diarioprincipios.com\/index.php\/2025\/08\/21\/mussi-este-ano-en-sourigues-se-inauguraron-16-cuadras-de-pavimentos\/#respond"]}]},{"@type":"WebPage","@id":"https:\/\/diarioprincipios.com\/index.php\/2025\/08\/21\/mussi-este-ano-en-sourigues-se-inauguraron-16-cuadras-de-pavimentos\/","url":"https:\/\/diarioprincipios.com\/index.php\/2025\/08\/21\/mussi-este-ano-en-sourigues-se-inauguraron-16-cuadras-de-pavimentos\/","name":"Mussi: \u201cEste a\u00f1o, en Sourigues, se inauguraron 16 cuadras de pavimentos\u201d - Principios","isPartOf":{"@id":"https:\/\/diarioprincipios.com\/#website"},"primaryImageOfPage":{"@id":"https:\/\/diarioprincipios.com\/index.php\/2025\/08\/21\/mussi-este-ano-en-sourigues-se-inauguraron-16-cuadras-de-pavimentos\/#primaryimage"},"image":{"@id":"https:\/\/diarioprincipios.com\/index.php\/2025\/08\/21\/mussi-este-ano-en-sourigues-se-inauguraron-16-cuadras-de-pavimentos\/#primaryimage"},"thumbnailUrl":"https:\/\/diarioprincipios.com\/wp-content\/uploads\/2025\/08\/Mussi-Este-ano-en-Sourigues-se-inauguraron-16-cuadras-de-pavimentos.jpg","datePublished":"2025-08-21T23:52:26+00:00","dateModified":"2025-08-21T23:52:27+00:00","breadcrumb":{"@id":"https:\/\/diarioprincipios.com\/index.php\/2025\/08\/21\/mussi-este-ano-en-sourigues-se-inauguraron-16-cuadras-de-pavimentos\/#breadcrumb"},"inLanguage":"es","potentialAction":[{"@type":"ReadAction","target":["https:\/\/diarioprincipios.com\/index.php\/2025\/08\/21\/mussi-este-ano-en-sourigues-se-inauguraron-16-cuadras-de-pavimentos\/"]}]},{"@type":"ImageObject","inLanguage":"es","@id":"https:\/\/diarioprincipios.com\/index.php\/2025\/08\/21\/mussi-este-ano-en-sourigues-se-inauguraron-16-cuadras-de-pavimentos\/#primaryimage","url":"https:\/\/diarioprincipios.com\/wp-content\/uploads\/2025\/08\/Mussi-Este-ano-en-Sourigues-se-inauguraron-16-cuadras-de-pavimentos.jpg","contentUrl":"https:\/\/diarioprincipios.com\/wp-content\/uploads\/2025\/08\/Mussi-Este-ano-en-Sourigues-se-inauguraron-16-cuadras-de-pavimentos.jpg","width":1600,"height":1066},{"@type":"BreadcrumbList","@id":"https:\/\/diarioprincipios.com\/index.php\/2025\/08\/21\/mussi-este-ano-en-sourigues-se-inauguraron-16-cuadras-de-pavimentos\/#breadcrumb","itemListElement":[{"@type":"ListItem","position":1,"name":"Portada","item":"https:\/\/diarioprincipios.com\/"},{"@type":"ListItem","position":2,"name":"Mussi: \u201cEste a\u00f1o, en Sourigues, se inauguraron 16 cuadras de pavimentos\u201d"}]},{"@type":"WebSite","@id":"https:\/\/diarioprincipios.com\/#website","url":"https:\/\/diarioprincipios.com\/","name":"Principios","description":"Principios Diario","publisher":{"@id":"https:\/\/diarioprincipios.com\/#organization"},"potentialAction":[{"@type":"SearchAction","target":{"@type":"EntryPoint","urlTemplate":"https:\/\/diarioprincipios.com\/?s={search_term_string}"},"query-input":{"@type":"PropertyValueSpecification","valueRequired":true,"valueName":"search_term_string"}}],"inLanguage":"es"},{"@type":"Organization","@id":"https:\/\/diarioprincipios.com\/#organization","name":"Principios","url":"https:\/\/diarioprincipios.com\/","logo":{"@type":"ImageObject","inLanguage":"es","@id":"https:\/\/diarioprincipios.com\/#\/schema\/logo\/image\/","url":"https:\/\/diarioprincipios.com\/wp-content\/uploads\/2024\/04\/cropped-www.diarioprincipios.com_-1.png","contentUrl":"https:\/\/diarioprincipios.com\/wp-content\/uploads\/2024\/04\/cropped-www.diarioprincipios.com_-1.png","width":5325,"height":1454,"caption":"Principios"},"image":{"@id":"https:\/\/diarioprincipios.com\/#\/schema\/logo\/image\/"}},{"@type":"Person","@id":"https:\/\/diarioprincipios.com\/#\/schema\/person\/436d5a1fd41a5e250e23ff5a6a7cb080","name":"Hern\u00e1n L\u00f3pez","image":{"@type":"ImageObject","inLanguage":"es","@id":"https:\/\/diarioprincipios.com\/wp-content\/litespeed\/avatar\/11ddfe5610ff3bd100522525b2571f48.jpg?ver=1777653193","url":"https:\/\/diarioprincipios.com\/wp-content\/litespeed\/avatar\/11ddfe5610ff3bd100522525b2571f48.jpg?ver=1777653193","contentUrl":"https:\/\/diarioprincipios.com\/wp-content\/litespeed\/avatar\/11ddfe5610ff3bd100522525b2571f48.jpg?ver=1777653193","caption":"Hern\u00e1n L\u00f3pez"},"url":"https:\/\/diarioprincipios.com\/index.php\/author\/hernan\/"}]}},"jetpack_featured_media_url":"https:\/\/diarioprincipios.com\/wp-content\/uploads\/2025\/08\/Mussi-Este-ano-en-Sourigues-se-inauguraron-16-cuadras-de-pavimentos.jpg","_links":{"self":[{"href":"https:\/\/diarioprincipios.com\/index.php\/wp-json\/wp\/v2\/posts\/25284","targetHints":{"allow":["GET"]}}],"collection":[{"href":"https:\/\/diarioprincipios.com\/index.php\/wp-json\/wp\/v2\/posts"}],"about":[{"href":"https:\/\/diarioprincipios.com\/index.php\/wp-json\/wp\/v2\/types\/post"}],"author":[{"embeddable":true,"href":"https:\/\/diarioprincipios.com\/index.php\/wp-json\/wp\/v2\/users\/2"}],"replies":[{"embeddable":true,"href":"https:\/\/diarioprincipios.com\/index.php\/wp-json\/wp\/v2\/comments?post=25284"}],"version-history":[{"count":1,"href":"https:\/\/diarioprincipios.com\/index.php\/wp-json\/wp\/v2\/posts\/25284\/revisions"}],"predecessor-version":[{"id":25287,"href":"https:\/\/diarioprincipios.com\/index.php\/wp-json\/wp\/v2\/posts\/25284\/revisions\/25287"}],"wp:featuredmedia":[{"embeddable":true,"href":"https:\/\/diarioprincipios.com\/index.php\/wp-json\/wp\/v2\/media\/25286"}],"wp:attachment":[{"href":"https:\/\/diarioprincipios.com\/index.php\/wp-json\/wp\/v2\/media?parent=25284"}],"wp:term":[{"taxonomy":"category","embeddable":true,"href":"https:\/\/diarioprincipios.com\/index.php\/wp-json\/wp\/v2\/categories?post=25284"},{"taxonomy":"post_tag","embeddable":true,"href":"https:\/\/diarioprincipios.com\/index.php\/wp-json\/wp\/v2\/tags?post=25284"}],"curies":[{"name":"wp","href":"https:\/\/api.w.org\/{rel}","templated":true}]}}