{"id":25270,"date":"2025-08-20T11:50:50","date_gmt":"2025-08-20T14:50:50","guid":{"rendered":"https:\/\/diarioprincipios.com\/?p=25270"},"modified":"2025-08-20T11:50:50","modified_gmt":"2025-08-20T14:50:50","slug":"alejandro-bartalini-el-municipio-siempre-cumplio-con-su-palabra","status":"publish","type":"post","link":"https:\/\/diarioprincipios.com\/index.php\/2025\/08\/20\/alejandro-bartalini-el-municipio-siempre-cumplio-con-su-palabra\/","title":{"rendered":"Alejandro Bartalini: \u00abEl Municipio siempre cumpli\u00f3 con su palabra\u00bb"},"content":{"rendered":"\n<p>En la reciente visita que Principios realiz\u00f3 a la planta de Metalcrom S. A. en el Parque Industrial Pl\u00e1tanos, donde convers\u00f3 con su director Alejandro Bartalini, quien adem\u00e1s es presidente de la Uni\u00f3n Industrial de Berazategui, hubo espacio para el an\u00e1lisis de la situaci\u00f3n actual de la industria.<\/p>\n\n\n\n<p>En un dificil contexto econ\u00f3mico nacional un gran respiro para los industriales locales es la relaci\u00f3n con el Municipio, al respecto Bartalini dijo que \u00abcomo dice nuestro intendente tenemos una relaci\u00f3n cordial en la que no nos sacamos ventaja, tanto el doctor Mussi como nosotros mantenemos una relaci\u00f3n de amistad, pero con cada uno cumpliendo su parte, el Municipio brindando servicios y oportunidades, nosotros cumpliendo con el pago de las tasas. El Municipio siempre est\u00e1 presente en lo que puede beneficiarnos, y en cada campa\u00f1a solidaria nosotros estamos presentes acompa\u00f1ando, por eso articulamos en programas como Abrigando Sue\u00f1os y Seamos Utiles\u00bb.<\/p>\n\n\n\n<p>Consider\u00f3 asimismo que \u00abtambi\u00e9n las empresas desempe\u00f1amos una importante funci\u00f3n con pasantias de los estudiantes de las escuelas t\u00e9cnicas, donde los j\u00f3venes hacen su primera experiencia y adquieren responsabilidad. Una acci\u00f3n muy importante pensando en los j\u00f3venes ha sido tambi\u00e9n el reciente lanzamiento por parte del Municipio de una nueva Plataforma Laboral, mediante la cual nosotros tenemos a disposici\u00f3n una base de empleo\u00bb.<\/p>\n\n\n\n<p>Bartalini sostuvo luego que \u00abel crecimiento industrial de Berazategui uno lo puede ver, el Parque Pl\u00e1tanos, el Polo Maderero, el CIR 2, el Tecnol\u00f3gico, el Parque Vergara, el Hudson, por eso hay 13 Parques Industriales en el distrito\u00bb, a\u00f1adiendo que \u00abla relaci\u00f3n Municipio &#8211; Empresarios ha sido un ida y vuelta con una cercana articulaci\u00f3n, desde la \u00e9poca de Sabbatini el Municipio cumpli\u00f3 con los beneficios para que las empresas se instalen ac\u00e1, eso es muy importante y deber\u00eda ser imitado en todo el pa\u00eds, el Municipio ha cumplido siempre con su palabra y eso es fundamental \u00ab.<\/p>\n\n\n\n<p>\u00abEl Gobierno Nacional no habla de pol\u00edticas para la Industria\u00bb<\/p>\n\n\n\n<p>Consultado por el rol actual del Estado Nacional para con las industrias, Bartalini se\u00f1al\u00f3 sin dudar que \u00abdurante a\u00f1os fue muy importante el Estado acompa\u00f1ando con pol\u00edticas que ayudan a la industria pyme en general, siempre recibimos apoyo del Estado, la \u00faltima gesti\u00f3n del peronismo (2019-2023) tuvo varias dificultades pero las pymes ten\u00edamos beneficios como tasas subsidiadas para pr\u00e9stamos, y la gente invert\u00eda en productos, pero hoy est\u00e1mos en otra etapa distinta, acompa\u00f1amos el ajuste fiscal y una macro ordenada pero creo que es el momento de empezar a hablar de industrias, de las pymes, no vemos al gobierno con una pol\u00edtica industrial, sino todo lo contrario, cerr\u00f3 la secretar\u00eda pyme dej\u00e1ndonos sin interlocutor, y no habla de politicas para la industria\u00bb.<\/p>\n\n\n\n<p>\u00abSin consumo interno y sin producci\u00f3n no tenemos expectativas de que esto cambie\u00bb<\/p>\n\n\n\n<p>\u00abLos \u00faltimos 2 a\u00f1os han sido muy nefastos para nuestro sector, 1500 personas por mes se despiden de la industria, se cierran empresas pymes en todo el pa\u00eds, estamos en el mismo nivel de empresas que en el 2007, y claramente no hay fuentes de empleo si no crecen las industrias. Personalmente no veo voluntad del presidente de atender a la industria y menos a las pymes, no pedimos subsidios, no necesitamos del Estado para funcionar, pero necesitamos que las medidas que toma el Estado est\u00e9n alineadas para que podamos crecer, exportar y seguir generando empleo\u00bb, se\u00f1al\u00f3 el actual presidente de la UIB, sosteniendo adem\u00e1s que \u00ababrir importaciones te deja sin mercado interno, vas a tener muchos comercios pero no vas a tener industrias, ese es el camino que busca Milei, reemplazar trabajadores calificados por puestos de servicios, pero se pierde as\u00ed un valor importante, los pa\u00edses que hoy son potencia son pa\u00edses que cuidan su mercado interno, en el pa\u00eds hoy la cosa es distinta y hay una incertidumbre muy grande entre los empresarios, sin consumo interno y sin producci\u00f3n no tenemos expectativas de que esto cambie\u00bb.<\/p>\n\n\n\n<p>Por Juan Manuel Garc\u00eda y Hern\u00e1n L\u00f3pez<\/p>\n","protected":false},"excerpt":{"rendered":"<p>En la reciente visita que Principios realiz\u00f3 a la planta de Metalcrom S. A. en el Parque Industrial Pl\u00e1tanos, donde convers\u00f3 con su director Alejandro Bartalini, quien adem\u00e1s es presidente de la Uni\u00f3n Industrial de Berazategui, hubo espacio para el an\u00e1lisis de la situaci\u00f3n actual de la industria. En un dificil contexto econ\u00f3mico nacional un&#8230;<\/p>\n","protected":false},"author":2,"featured_media":25227,"comment_status":"open","ping_status":"open","sticky":false,"template":"","format":"standard","meta":{"footnotes":""},"categories":[3,18],"tags":[],"class_list":["post-25270","post","type-post","status-publish","format-standard","has-post-thumbnail","hentry","category-berazategui","category-comercio-industria"],"featured_image_src":"https:\/\/diarioprincipios.com\/wp-content\/uploads\/2025\/08\/FB_IMG_1755557540831-735x1024.jpg","blog_images":{"medium":"https:\/\/diarioprincipios.com\/wp-content\/uploads\/2025\/08\/FB_IMG_1755557540831-215x300.jpg","large":"https:\/\/diarioprincipios.com\/wp-content\/uploads\/2025\/08\/FB_IMG_1755557540831-735x1024.jpg"},"ams_acf":[],"yoast_head":"<!-- This site is optimized with the Yoast SEO plugin v27.3 - https:\/\/yoast.com\/product\/yoast-seo-wordpress\/ -->\n<title>Alejandro Bartalini: &quot;El Municipio siempre cumpli\u00f3 con su palabra&quot; - Principios<\/title>\n<meta name=\"robots\" content=\"index, follow, max-snippet:-1, max-image-preview:large, max-video-preview:-1\" \/>\n<link rel=\"canonical\" href=\"https:\/\/diarioprincipios.com\/index.php\/2025\/08\/20\/alejandro-bartalini-el-municipio-siempre-cumplio-con-su-palabra\/\" \/>\n<meta property=\"og:locale\" content=\"es_ES\" \/>\n<meta property=\"og:type\" content=\"article\" \/>\n<meta property=\"og:title\" content=\"Alejandro Bartalini: &quot;El Municipio siempre cumpli\u00f3 con su palabra&quot; - Principios\" \/>\n<meta property=\"og:description\" content=\"En la reciente visita que Principios realiz\u00f3 a la planta de Metalcrom S. A. en el Parque Industrial Pl\u00e1tanos, donde convers\u00f3 con su director Alejandro Bartalini, quien adem\u00e1s es presidente de la Uni\u00f3n Industrial de Berazategui, hubo espacio para el an\u00e1lisis de la situaci\u00f3n actual de la industria. En un dificil contexto econ\u00f3mico nacional un...\" \/>\n<meta property=\"og:url\" content=\"https:\/\/diarioprincipios.com\/index.php\/2025\/08\/20\/alejandro-bartalini-el-municipio-siempre-cumplio-con-su-palabra\/\" \/>\n<meta property=\"og:site_name\" content=\"Principios\" \/>\n<meta property=\"article:published_time\" content=\"2025-08-20T14:50:50+00:00\" \/>\n<meta property=\"og:image\" content=\"https:\/\/diarioprincipios.com\/wp-content\/uploads\/2025\/08\/FB_IMG_1755557540831.jpg\" \/>\n\t<meta property=\"og:image:width\" content=\"1148\" \/>\n\t<meta property=\"og:image:height\" content=\"1600\" \/>\n\t<meta property=\"og:image:type\" content=\"image\/jpeg\" \/>\n<meta name=\"author\" content=\"Hern\u00e1n L\u00f3pez\" \/>\n<meta name=\"twitter:card\" content=\"summary_large_image\" \/>\n<meta name=\"twitter:label1\" content=\"Escrito por\" \/>\n\t<meta name=\"twitter:data1\" content=\"Hern\u00e1n L\u00f3pez\" \/>\n\t<meta name=\"twitter:label2\" content=\"Tiempo de lectura\" \/>\n\t<meta name=\"twitter:data2\" content=\"4 minutos\" \/>\n<script type=\"application\/ld+json\" class=\"yoast-schema-graph\">{\"@context\":\"https:\\\/\\\/schema.org\",\"@graph\":[{\"@type\":\"Article\",\"@id\":\"https:\\\/\\\/diarioprincipios.com\\\/index.php\\\/2025\\\/08\\\/20\\\/alejandro-bartalini-el-municipio-siempre-cumplio-con-su-palabra\\\/#article\",\"isPartOf\":{\"@id\":\"https:\\\/\\\/diarioprincipios.com\\\/index.php\\\/2025\\\/08\\\/20\\\/alejandro-bartalini-el-municipio-siempre-cumplio-con-su-palabra\\\/\"},\"author\":{\"name\":\"Hern\u00e1n L\u00f3pez\",\"@id\":\"https:\\\/\\\/diarioprincipios.com\\\/#\\\/schema\\\/person\\\/436d5a1fd41a5e250e23ff5a6a7cb080\"},\"headline\":\"Alejandro Bartalini: \u00abEl Municipio siempre cumpli\u00f3 con su palabra\u00bb\",\"datePublished\":\"2025-08-20T14:50:50+00:00\",\"mainEntityOfPage\":{\"@id\":\"https:\\\/\\\/diarioprincipios.com\\\/index.php\\\/2025\\\/08\\\/20\\\/alejandro-bartalini-el-municipio-siempre-cumplio-con-su-palabra\\\/\"},\"wordCount\":708,\"commentCount\":0,\"publisher\":{\"@id\":\"https:\\\/\\\/diarioprincipios.com\\\/#organization\"},\"image\":{\"@id\":\"https:\\\/\\\/diarioprincipios.com\\\/index.php\\\/2025\\\/08\\\/20\\\/alejandro-bartalini-el-municipio-siempre-cumplio-con-su-palabra\\\/#primaryimage\"},\"thumbnailUrl\":\"https:\\\/\\\/diarioprincipios.com\\\/wp-content\\\/uploads\\\/2025\\\/08\\\/FB_IMG_1755557540831.jpg\",\"articleSection\":[\"Berazategui\",\"Comercio e Industria\"],\"inLanguage\":\"es\",\"potentialAction\":[{\"@type\":\"CommentAction\",\"name\":\"Comment\",\"target\":[\"https:\\\/\\\/diarioprincipios.com\\\/index.php\\\/2025\\\/08\\\/20\\\/alejandro-bartalini-el-municipio-siempre-cumplio-con-su-palabra\\\/#respond\"]}]},{\"@type\":\"WebPage\",\"@id\":\"https:\\\/\\\/diarioprincipios.com\\\/index.php\\\/2025\\\/08\\\/20\\\/alejandro-bartalini-el-municipio-siempre-cumplio-con-su-palabra\\\/\",\"url\":\"https:\\\/\\\/diarioprincipios.com\\\/index.php\\\/2025\\\/08\\\/20\\\/alejandro-bartalini-el-municipio-siempre-cumplio-con-su-palabra\\\/\",\"name\":\"Alejandro Bartalini: \\\"El Municipio siempre cumpli\u00f3 con su palabra\\\" - Principios\",\"isPartOf\":{\"@id\":\"https:\\\/\\\/diarioprincipios.com\\\/#website\"},\"primaryImageOfPage\":{\"@id\":\"https:\\\/\\\/diarioprincipios.com\\\/index.php\\\/2025\\\/08\\\/20\\\/alejandro-bartalini-el-municipio-siempre-cumplio-con-su-palabra\\\/#primaryimage\"},\"image\":{\"@id\":\"https:\\\/\\\/diarioprincipios.com\\\/index.php\\\/2025\\\/08\\\/20\\\/alejandro-bartalini-el-municipio-siempre-cumplio-con-su-palabra\\\/#primaryimage\"},\"thumbnailUrl\":\"https:\\\/\\\/diarioprincipios.com\\\/wp-content\\\/uploads\\\/2025\\\/08\\\/FB_IMG_1755557540831.jpg\",\"datePublished\":\"2025-08-20T14:50:50+00:00\",\"breadcrumb\":{\"@id\":\"https:\\\/\\\/diarioprincipios.com\\\/index.php\\\/2025\\\/08\\\/20\\\/alejandro-bartalini-el-municipio-siempre-cumplio-con-su-palabra\\\/#breadcrumb\"},\"inLanguage\":\"es\",\"potentialAction\":[{\"@type\":\"ReadAction\",\"target\":[\"https:\\\/\\\/diarioprincipios.com\\\/index.php\\\/2025\\\/08\\\/20\\\/alejandro-bartalini-el-municipio-siempre-cumplio-con-su-palabra\\\/\"]}]},{\"@type\":\"ImageObject\",\"inLanguage\":\"es\",\"@id\":\"https:\\\/\\\/diarioprincipios.com\\\/index.php\\\/2025\\\/08\\\/20\\\/alejandro-bartalini-el-municipio-siempre-cumplio-con-su-palabra\\\/#primaryimage\",\"url\":\"https:\\\/\\\/diarioprincipios.com\\\/wp-content\\\/uploads\\\/2025\\\/08\\\/FB_IMG_1755557540831.jpg\",\"contentUrl\":\"https:\\\/\\\/diarioprincipios.com\\\/wp-content\\\/uploads\\\/2025\\\/08\\\/FB_IMG_1755557540831.jpg\",\"width\":1148,\"height\":1600},{\"@type\":\"BreadcrumbList\",\"@id\":\"https:\\\/\\\/diarioprincipios.com\\\/index.php\\\/2025\\\/08\\\/20\\\/alejandro-bartalini-el-municipio-siempre-cumplio-con-su-palabra\\\/#breadcrumb\",\"itemListElement\":[{\"@type\":\"ListItem\",\"position\":1,\"name\":\"Portada\",\"item\":\"https:\\\/\\\/diarioprincipios.com\\\/\"},{\"@type\":\"ListItem\",\"position\":2,\"name\":\"Alejandro Bartalini: \u00abEl Municipio siempre cumpli\u00f3 con su palabra\u00bb\"}]},{\"@type\":\"WebSite\",\"@id\":\"https:\\\/\\\/diarioprincipios.com\\\/#website\",\"url\":\"https:\\\/\\\/diarioprincipios.com\\\/\",\"name\":\"Principios\",\"description\":\"Principios Diario\",\"publisher\":{\"@id\":\"https:\\\/\\\/diarioprincipios.com\\\/#organization\"},\"potentialAction\":[{\"@type\":\"SearchAction\",\"target\":{\"@type\":\"EntryPoint\",\"urlTemplate\":\"https:\\\/\\\/diarioprincipios.com\\\/?s={search_term_string}\"},\"query-input\":{\"@type\":\"PropertyValueSpecification\",\"valueRequired\":true,\"valueName\":\"search_term_string\"}}],\"inLanguage\":\"es\"},{\"@type\":\"Organization\",\"@id\":\"https:\\\/\\\/diarioprincipios.com\\\/#organization\",\"name\":\"Principios\",\"url\":\"https:\\\/\\\/diarioprincipios.com\\\/\",\"logo\":{\"@type\":\"ImageObject\",\"inLanguage\":\"es\",\"@id\":\"https:\\\/\\\/diarioprincipios.com\\\/#\\\/schema\\\/logo\\\/image\\\/\",\"url\":\"https:\\\/\\\/diarioprincipios.com\\\/wp-content\\\/uploads\\\/2024\\\/04\\\/cropped-www.diarioprincipios.com_-1.png\",\"contentUrl\":\"https:\\\/\\\/diarioprincipios.com\\\/wp-content\\\/uploads\\\/2024\\\/04\\\/cropped-www.diarioprincipios.com_-1.png\",\"width\":5325,\"height\":1454,\"caption\":\"Principios\"},\"image\":{\"@id\":\"https:\\\/\\\/diarioprincipios.com\\\/#\\\/schema\\\/logo\\\/image\\\/\"}},{\"@type\":\"Person\",\"@id\":\"https:\\\/\\\/diarioprincipios.com\\\/#\\\/schema\\\/person\\\/436d5a1fd41a5e250e23ff5a6a7cb080\",\"name\":\"Hern\u00e1n L\u00f3pez\",\"image\":{\"@type\":\"ImageObject\",\"inLanguage\":\"es\",\"@id\":\"https:\\\/\\\/diarioprincipios.com\\\/wp-content\\\/litespeed\\\/avatar\\\/11ddfe5610ff3bd100522525b2571f48.jpg?ver=1777653193\",\"url\":\"https:\\\/\\\/diarioprincipios.com\\\/wp-content\\\/litespeed\\\/avatar\\\/11ddfe5610ff3bd100522525b2571f48.jpg?ver=1777653193\",\"contentUrl\":\"https:\\\/\\\/diarioprincipios.com\\\/wp-content\\\/litespeed\\\/avatar\\\/11ddfe5610ff3bd100522525b2571f48.jpg?ver=1777653193\",\"caption\":\"Hern\u00e1n L\u00f3pez\"},\"url\":\"https:\\\/\\\/diarioprincipios.com\\\/index.php\\\/author\\\/hernan\\\/\"}]}<\/script>\n<!-- \/ Yoast SEO plugin. -->","yoast_head_json":{"title":"Alejandro Bartalini: \"El Municipio siempre cumpli\u00f3 con su palabra\" - Principios","robots":{"index":"index","follow":"follow","max-snippet":"max-snippet:-1","max-image-preview":"max-image-preview:large","max-video-preview":"max-video-preview:-1"},"canonical":"https:\/\/diarioprincipios.com\/index.php\/2025\/08\/20\/alejandro-bartalini-el-municipio-siempre-cumplio-con-su-palabra\/","og_locale":"es_ES","og_type":"article","og_title":"Alejandro Bartalini: \"El Municipio siempre cumpli\u00f3 con su palabra\" - Principios","og_description":"En la reciente visita que Principios realiz\u00f3 a la planta de Metalcrom S. A. en el Parque Industrial Pl\u00e1tanos, donde convers\u00f3 con su director Alejandro Bartalini, quien adem\u00e1s es presidente de la Uni\u00f3n Industrial de Berazategui, hubo espacio para el an\u00e1lisis de la situaci\u00f3n actual de la industria. En un dificil contexto econ\u00f3mico nacional un...","og_url":"https:\/\/diarioprincipios.com\/index.php\/2025\/08\/20\/alejandro-bartalini-el-municipio-siempre-cumplio-con-su-palabra\/","og_site_name":"Principios","article_published_time":"2025-08-20T14:50:50+00:00","og_image":[{"width":1148,"height":1600,"url":"https:\/\/diarioprincipios.com\/wp-content\/uploads\/2025\/08\/FB_IMG_1755557540831.jpg","type":"image\/jpeg"}],"author":"Hern\u00e1n L\u00f3pez","twitter_card":"summary_large_image","twitter_misc":{"Escrito por":"Hern\u00e1n L\u00f3pez","Tiempo de lectura":"4 minutos"},"schema":{"@context":"https:\/\/schema.org","@graph":[{"@type":"Article","@id":"https:\/\/diarioprincipios.com\/index.php\/2025\/08\/20\/alejandro-bartalini-el-municipio-siempre-cumplio-con-su-palabra\/#article","isPartOf":{"@id":"https:\/\/diarioprincipios.com\/index.php\/2025\/08\/20\/alejandro-bartalini-el-municipio-siempre-cumplio-con-su-palabra\/"},"author":{"name":"Hern\u00e1n L\u00f3pez","@id":"https:\/\/diarioprincipios.com\/#\/schema\/person\/436d5a1fd41a5e250e23ff5a6a7cb080"},"headline":"Alejandro Bartalini: \u00abEl Municipio siempre cumpli\u00f3 con su palabra\u00bb","datePublished":"2025-08-20T14:50:50+00:00","mainEntityOfPage":{"@id":"https:\/\/diarioprincipios.com\/index.php\/2025\/08\/20\/alejandro-bartalini-el-municipio-siempre-cumplio-con-su-palabra\/"},"wordCount":708,"commentCount":0,"publisher":{"@id":"https:\/\/diarioprincipios.com\/#organization"},"image":{"@id":"https:\/\/diarioprincipios.com\/index.php\/2025\/08\/20\/alejandro-bartalini-el-municipio-siempre-cumplio-con-su-palabra\/#primaryimage"},"thumbnailUrl":"https:\/\/diarioprincipios.com\/wp-content\/uploads\/2025\/08\/FB_IMG_1755557540831.jpg","articleSection":["Berazategui","Comercio e Industria"],"inLanguage":"es","potentialAction":[{"@type":"CommentAction","name":"Comment","target":["https:\/\/diarioprincipios.com\/index.php\/2025\/08\/20\/alejandro-bartalini-el-municipio-siempre-cumplio-con-su-palabra\/#respond"]}]},{"@type":"WebPage","@id":"https:\/\/diarioprincipios.com\/index.php\/2025\/08\/20\/alejandro-bartalini-el-municipio-siempre-cumplio-con-su-palabra\/","url":"https:\/\/diarioprincipios.com\/index.php\/2025\/08\/20\/alejandro-bartalini-el-municipio-siempre-cumplio-con-su-palabra\/","name":"Alejandro Bartalini: \"El Municipio siempre cumpli\u00f3 con su palabra\" - Principios","isPartOf":{"@id":"https:\/\/diarioprincipios.com\/#website"},"primaryImageOfPage":{"@id":"https:\/\/diarioprincipios.com\/index.php\/2025\/08\/20\/alejandro-bartalini-el-municipio-siempre-cumplio-con-su-palabra\/#primaryimage"},"image":{"@id":"https:\/\/diarioprincipios.com\/index.php\/2025\/08\/20\/alejandro-bartalini-el-municipio-siempre-cumplio-con-su-palabra\/#primaryimage"},"thumbnailUrl":"https:\/\/diarioprincipios.com\/wp-content\/uploads\/2025\/08\/FB_IMG_1755557540831.jpg","datePublished":"2025-08-20T14:50:50+00:00","breadcrumb":{"@id":"https:\/\/diarioprincipios.com\/index.php\/2025\/08\/20\/alejandro-bartalini-el-municipio-siempre-cumplio-con-su-palabra\/#breadcrumb"},"inLanguage":"es","potentialAction":[{"@type":"ReadAction","target":["https:\/\/diarioprincipios.com\/index.php\/2025\/08\/20\/alejandro-bartalini-el-municipio-siempre-cumplio-con-su-palabra\/"]}]},{"@type":"ImageObject","inLanguage":"es","@id":"https:\/\/diarioprincipios.com\/index.php\/2025\/08\/20\/alejandro-bartalini-el-municipio-siempre-cumplio-con-su-palabra\/#primaryimage","url":"https:\/\/diarioprincipios.com\/wp-content\/uploads\/2025\/08\/FB_IMG_1755557540831.jpg","contentUrl":"https:\/\/diarioprincipios.com\/wp-content\/uploads\/2025\/08\/FB_IMG_1755557540831.jpg","width":1148,"height":1600},{"@type":"BreadcrumbList","@id":"https:\/\/diarioprincipios.com\/index.php\/2025\/08\/20\/alejandro-bartalini-el-municipio-siempre-cumplio-con-su-palabra\/#breadcrumb","itemListElement":[{"@type":"ListItem","position":1,"name":"Portada","item":"https:\/\/diarioprincipios.com\/"},{"@type":"ListItem","position":2,"name":"Alejandro Bartalini: \u00abEl Municipio siempre cumpli\u00f3 con su palabra\u00bb"}]},{"@type":"WebSite","@id":"https:\/\/diarioprincipios.com\/#website","url":"https:\/\/diarioprincipios.com\/","name":"Principios","description":"Principios Diario","publisher":{"@id":"https:\/\/diarioprincipios.com\/#organization"},"potentialAction":[{"@type":"SearchAction","target":{"@type":"EntryPoint","urlTemplate":"https:\/\/diarioprincipios.com\/?s={search_term_string}"},"query-input":{"@type":"PropertyValueSpecification","valueRequired":true,"valueName":"search_term_string"}}],"inLanguage":"es"},{"@type":"Organization","@id":"https:\/\/diarioprincipios.com\/#organization","name":"Principios","url":"https:\/\/diarioprincipios.com\/","logo":{"@type":"ImageObject","inLanguage":"es","@id":"https:\/\/diarioprincipios.com\/#\/schema\/logo\/image\/","url":"https:\/\/diarioprincipios.com\/wp-content\/uploads\/2024\/04\/cropped-www.diarioprincipios.com_-1.png","contentUrl":"https:\/\/diarioprincipios.com\/wp-content\/uploads\/2024\/04\/cropped-www.diarioprincipios.com_-1.png","width":5325,"height":1454,"caption":"Principios"},"image":{"@id":"https:\/\/diarioprincipios.com\/#\/schema\/logo\/image\/"}},{"@type":"Person","@id":"https:\/\/diarioprincipios.com\/#\/schema\/person\/436d5a1fd41a5e250e23ff5a6a7cb080","name":"Hern\u00e1n L\u00f3pez","image":{"@type":"ImageObject","inLanguage":"es","@id":"https:\/\/diarioprincipios.com\/wp-content\/litespeed\/avatar\/11ddfe5610ff3bd100522525b2571f48.jpg?ver=1777653193","url":"https:\/\/diarioprincipios.com\/wp-content\/litespeed\/avatar\/11ddfe5610ff3bd100522525b2571f48.jpg?ver=1777653193","contentUrl":"https:\/\/diarioprincipios.com\/wp-content\/litespeed\/avatar\/11ddfe5610ff3bd100522525b2571f48.jpg?ver=1777653193","caption":"Hern\u00e1n L\u00f3pez"},"url":"https:\/\/diarioprincipios.com\/index.php\/author\/hernan\/"}]}},"jetpack_featured_media_url":"https:\/\/diarioprincipios.com\/wp-content\/uploads\/2025\/08\/FB_IMG_1755557540831.jpg","_links":{"self":[{"href":"https:\/\/diarioprincipios.com\/index.php\/wp-json\/wp\/v2\/posts\/25270","targetHints":{"allow":["GET"]}}],"collection":[{"href":"https:\/\/diarioprincipios.com\/index.php\/wp-json\/wp\/v2\/posts"}],"about":[{"href":"https:\/\/diarioprincipios.com\/index.php\/wp-json\/wp\/v2\/types\/post"}],"author":[{"embeddable":true,"href":"https:\/\/diarioprincipios.com\/index.php\/wp-json\/wp\/v2\/users\/2"}],"replies":[{"embeddable":true,"href":"https:\/\/diarioprincipios.com\/index.php\/wp-json\/wp\/v2\/comments?post=25270"}],"version-history":[{"count":1,"href":"https:\/\/diarioprincipios.com\/index.php\/wp-json\/wp\/v2\/posts\/25270\/revisions"}],"predecessor-version":[{"id":25271,"href":"https:\/\/diarioprincipios.com\/index.php\/wp-json\/wp\/v2\/posts\/25270\/revisions\/25271"}],"wp:featuredmedia":[{"embeddable":true,"href":"https:\/\/diarioprincipios.com\/index.php\/wp-json\/wp\/v2\/media\/25227"}],"wp:attachment":[{"href":"https:\/\/diarioprincipios.com\/index.php\/wp-json\/wp\/v2\/media?parent=25270"}],"wp:term":[{"taxonomy":"category","embeddable":true,"href":"https:\/\/diarioprincipios.com\/index.php\/wp-json\/wp\/v2\/categories?post=25270"},{"taxonomy":"post_tag","embeddable":true,"href":"https:\/\/diarioprincipios.com\/index.php\/wp-json\/wp\/v2\/tags?post=25270"}],"curies":[{"name":"wp","href":"https:\/\/api.w.org\/{rel}","templated":true}]}}