{"id":25262,"date":"2025-08-20T11:18:44","date_gmt":"2025-08-20T14:18:44","guid":{"rendered":"https:\/\/diarioprincipios.com\/?p=25262"},"modified":"2025-08-20T11:18:45","modified_gmt":"2025-08-20T14:18:45","slug":"inauguraron-el-paseo-gastronomico-del-polo-design","status":"publish","type":"post","link":"https:\/\/diarioprincipios.com\/index.php\/2025\/08\/20\/inauguraron-el-paseo-gastronomico-del-polo-design\/","title":{"rendered":"Inauguraron el Paseo Gastron\u00f3mico del Polo Design"},"content":{"rendered":"\n<p><strong>Abri\u00f3 sus puertas el Paseo Gastron\u00f3mico del Polo Desing, que se encuentra dentro de las instalaciones del Polo Hudson, en el kil\u00f3metro 30,5 de la Autopista Buenos Aires &#8211; La Plata. Del acto inaugural particip\u00f3 el intendente de Berazategui, Juan Jos\u00e9 Mussi, quien felicit\u00f3 a los inversores por el flamante proyecto.<\/strong><br>Al respecto, el presidente del Polo y due\u00f1o de uno de los nuevos emprendimientos, Roberto Ventimiglia, afirm\u00f3: \u201cBerazategui tiene un Intendente que se preocupa por saber c\u00f3mo est\u00e1 cada empresa y en qu\u00e9 puede ayudarlas\u201d. Y agreg\u00f3: \u201cNosotros sabemos producir y generar puestos de trabajo dignos, vamos a seguir por ese camino\u201d.<\/p>\n\n\n\n<figure class=\"wp-block-image size-large\"><img loading=\"lazy\" decoding=\"async\" width=\"1024\" height=\"683\" src=\"https:\/\/diarioprincipios.com\/wp-content\/uploads\/2025\/08\/Inauguraron-el-Paseo-gastronomico-del-Polo-Design-5-1024x683.jpg\" alt=\"\" class=\"wp-image-25263\" srcset=\"https:\/\/diarioprincipios.com\/wp-content\/uploads\/2025\/08\/Inauguraron-el-Paseo-gastronomico-del-Polo-Design-5-1024x683.jpg 1024w, https:\/\/diarioprincipios.com\/wp-content\/uploads\/2025\/08\/Inauguraron-el-Paseo-gastronomico-del-Polo-Design-5-300x200.jpg 300w, https:\/\/diarioprincipios.com\/wp-content\/uploads\/2025\/08\/Inauguraron-el-Paseo-gastronomico-del-Polo-Design-5-768x512.jpg 768w, https:\/\/diarioprincipios.com\/wp-content\/uploads\/2025\/08\/Inauguraron-el-Paseo-gastronomico-del-Polo-Design-5-1536x1024.jpg 1536w, https:\/\/diarioprincipios.com\/wp-content\/uploads\/2025\/08\/Inauguraron-el-Paseo-gastronomico-del-Polo-Design-5-600x400.jpg 600w, https:\/\/diarioprincipios.com\/wp-content\/uploads\/2025\/08\/Inauguraron-el-Paseo-gastronomico-del-Polo-Design-5.jpg 1920w\" sizes=\"auto, (max-width: 1024px) 100vw, 1024px\" \/><\/figure>\n\n\n\n<p><br>El Paseo Gastron\u00f3mico consiste en seis locales de comidas y bebidas del centro comercial inaugurado en diciembre de 2024, que cuenta con m\u00e1s de 40 marcas de decoraci\u00f3n y equipamiento para el hogar. En esta ocasi\u00f3n, se presentaron al p\u00fablico un local especializado en pastas, pescados y mariscos (Pesto, Ristorante); una helader\u00eda y cafeter\u00eda (Colonial, Helados &amp; Caf\u00e9); un restaurante (Filippo Resto); un emprendimiento gastron\u00f3mico (Paul Roger, Brasas &amp; Cocktail); y una vinoteca y tabaquer\u00eda (Vinterra), adem\u00e1s de una pizzer\u00eda (Pizzer\u00eda Popular Rinc\u00f3n Nuestro) -pr\u00f3xima a inaugurarse-.\u00a0Acompa\u00f1aron al Intendente en la apertura, integrantes del Gabinete municipal.<\/p>\n","protected":false},"excerpt":{"rendered":"<p>Abri\u00f3 sus puertas el Paseo Gastron\u00f3mico del Polo Desing, que se encuentra dentro de las instalaciones del Polo Hudson, en el kil\u00f3metro 30,5 de la Autopista Buenos Aires &#8211; La Plata. Del acto inaugural particip\u00f3 el intendente de Berazategui, Juan Jos\u00e9 Mussi, quien felicit\u00f3 a los inversores por el flamante proyecto.Al respecto, el presidente del&#8230;<\/p>\n","protected":false},"author":2,"featured_media":25264,"comment_status":"open","ping_status":"open","sticky":false,"template":"","format":"standard","meta":{"footnotes":""},"categories":[3,18],"tags":[],"class_list":["post-25262","post","type-post","status-publish","format-standard","has-post-thumbnail","hentry","category-berazategui","category-comercio-industria"],"featured_image_src":"https:\/\/diarioprincipios.com\/wp-content\/uploads\/2025\/08\/Inauguraron-el-Paseo-gastronomico-del-Polo-Design-2-1024x683.jpg","blog_images":{"medium":"https:\/\/diarioprincipios.com\/wp-content\/uploads\/2025\/08\/Inauguraron-el-Paseo-gastronomico-del-Polo-Design-2-300x200.jpg","large":"https:\/\/diarioprincipios.com\/wp-content\/uploads\/2025\/08\/Inauguraron-el-Paseo-gastronomico-del-Polo-Design-2-1024x683.jpg"},"ams_acf":[],"yoast_head":"<!-- This site is optimized with the Yoast SEO plugin v27.3 - https:\/\/yoast.com\/product\/yoast-seo-wordpress\/ -->\n<title>Inauguraron el Paseo Gastron\u00f3mico del Polo Design - Principios<\/title>\n<meta name=\"robots\" content=\"index, follow, max-snippet:-1, max-image-preview:large, max-video-preview:-1\" \/>\n<link rel=\"canonical\" href=\"https:\/\/diarioprincipios.com\/index.php\/2025\/08\/20\/inauguraron-el-paseo-gastronomico-del-polo-design\/\" \/>\n<meta property=\"og:locale\" content=\"es_ES\" \/>\n<meta property=\"og:type\" content=\"article\" \/>\n<meta property=\"og:title\" content=\"Inauguraron el Paseo Gastron\u00f3mico del Polo Design - Principios\" \/>\n<meta property=\"og:description\" content=\"Abri\u00f3 sus puertas el Paseo Gastron\u00f3mico del Polo Desing, que se encuentra dentro de las instalaciones del Polo Hudson, en el kil\u00f3metro 30,5 de la Autopista Buenos Aires &#8211; La Plata. Del acto inaugural particip\u00f3 el intendente de Berazategui, Juan Jos\u00e9 Mussi, quien felicit\u00f3 a los inversores por el flamante proyecto.Al respecto, el presidente del...\" \/>\n<meta property=\"og:url\" content=\"https:\/\/diarioprincipios.com\/index.php\/2025\/08\/20\/inauguraron-el-paseo-gastronomico-del-polo-design\/\" \/>\n<meta property=\"og:site_name\" content=\"Principios\" \/>\n<meta property=\"article:published_time\" content=\"2025-08-20T14:18:44+00:00\" \/>\n<meta property=\"article:modified_time\" content=\"2025-08-20T14:18:45+00:00\" \/>\n<meta property=\"og:image\" content=\"https:\/\/diarioprincipios.com\/wp-content\/uploads\/2025\/08\/Inauguraron-el-Paseo-gastronomico-del-Polo-Design-2.jpg\" \/>\n\t<meta property=\"og:image:width\" content=\"1920\" \/>\n\t<meta property=\"og:image:height\" content=\"1280\" \/>\n\t<meta property=\"og:image:type\" content=\"image\/jpeg\" \/>\n<meta name=\"author\" content=\"Hern\u00e1n L\u00f3pez\" \/>\n<meta name=\"twitter:card\" content=\"summary_large_image\" \/>\n<meta name=\"twitter:label1\" content=\"Escrito por\" \/>\n\t<meta name=\"twitter:data1\" content=\"Hern\u00e1n L\u00f3pez\" \/>\n\t<meta name=\"twitter:label2\" content=\"Tiempo de lectura\" \/>\n\t<meta name=\"twitter:data2\" content=\"2 minutos\" \/>\n<script type=\"application\/ld+json\" class=\"yoast-schema-graph\">{\"@context\":\"https:\\\/\\\/schema.org\",\"@graph\":[{\"@type\":\"Article\",\"@id\":\"https:\\\/\\\/diarioprincipios.com\\\/index.php\\\/2025\\\/08\\\/20\\\/inauguraron-el-paseo-gastronomico-del-polo-design\\\/#article\",\"isPartOf\":{\"@id\":\"https:\\\/\\\/diarioprincipios.com\\\/index.php\\\/2025\\\/08\\\/20\\\/inauguraron-el-paseo-gastronomico-del-polo-design\\\/\"},\"author\":{\"name\":\"Hern\u00e1n L\u00f3pez\",\"@id\":\"https:\\\/\\\/diarioprincipios.com\\\/#\\\/schema\\\/person\\\/436d5a1fd41a5e250e23ff5a6a7cb080\"},\"headline\":\"Inauguraron el Paseo Gastron\u00f3mico del Polo Design\",\"datePublished\":\"2025-08-20T14:18:44+00:00\",\"dateModified\":\"2025-08-20T14:18:45+00:00\",\"mainEntityOfPage\":{\"@id\":\"https:\\\/\\\/diarioprincipios.com\\\/index.php\\\/2025\\\/08\\\/20\\\/inauguraron-el-paseo-gastronomico-del-polo-design\\\/\"},\"wordCount\":224,\"commentCount\":0,\"publisher\":{\"@id\":\"https:\\\/\\\/diarioprincipios.com\\\/#organization\"},\"image\":{\"@id\":\"https:\\\/\\\/diarioprincipios.com\\\/index.php\\\/2025\\\/08\\\/20\\\/inauguraron-el-paseo-gastronomico-del-polo-design\\\/#primaryimage\"},\"thumbnailUrl\":\"https:\\\/\\\/diarioprincipios.com\\\/wp-content\\\/uploads\\\/2025\\\/08\\\/Inauguraron-el-Paseo-gastronomico-del-Polo-Design-2.jpg\",\"articleSection\":[\"Berazategui\",\"Comercio e Industria\"],\"inLanguage\":\"es\",\"potentialAction\":[{\"@type\":\"CommentAction\",\"name\":\"Comment\",\"target\":[\"https:\\\/\\\/diarioprincipios.com\\\/index.php\\\/2025\\\/08\\\/20\\\/inauguraron-el-paseo-gastronomico-del-polo-design\\\/#respond\"]}]},{\"@type\":\"WebPage\",\"@id\":\"https:\\\/\\\/diarioprincipios.com\\\/index.php\\\/2025\\\/08\\\/20\\\/inauguraron-el-paseo-gastronomico-del-polo-design\\\/\",\"url\":\"https:\\\/\\\/diarioprincipios.com\\\/index.php\\\/2025\\\/08\\\/20\\\/inauguraron-el-paseo-gastronomico-del-polo-design\\\/\",\"name\":\"Inauguraron el Paseo Gastron\u00f3mico del Polo Design - Principios\",\"isPartOf\":{\"@id\":\"https:\\\/\\\/diarioprincipios.com\\\/#website\"},\"primaryImageOfPage\":{\"@id\":\"https:\\\/\\\/diarioprincipios.com\\\/index.php\\\/2025\\\/08\\\/20\\\/inauguraron-el-paseo-gastronomico-del-polo-design\\\/#primaryimage\"},\"image\":{\"@id\":\"https:\\\/\\\/diarioprincipios.com\\\/index.php\\\/2025\\\/08\\\/20\\\/inauguraron-el-paseo-gastronomico-del-polo-design\\\/#primaryimage\"},\"thumbnailUrl\":\"https:\\\/\\\/diarioprincipios.com\\\/wp-content\\\/uploads\\\/2025\\\/08\\\/Inauguraron-el-Paseo-gastronomico-del-Polo-Design-2.jpg\",\"datePublished\":\"2025-08-20T14:18:44+00:00\",\"dateModified\":\"2025-08-20T14:18:45+00:00\",\"breadcrumb\":{\"@id\":\"https:\\\/\\\/diarioprincipios.com\\\/index.php\\\/2025\\\/08\\\/20\\\/inauguraron-el-paseo-gastronomico-del-polo-design\\\/#breadcrumb\"},\"inLanguage\":\"es\",\"potentialAction\":[{\"@type\":\"ReadAction\",\"target\":[\"https:\\\/\\\/diarioprincipios.com\\\/index.php\\\/2025\\\/08\\\/20\\\/inauguraron-el-paseo-gastronomico-del-polo-design\\\/\"]}]},{\"@type\":\"ImageObject\",\"inLanguage\":\"es\",\"@id\":\"https:\\\/\\\/diarioprincipios.com\\\/index.php\\\/2025\\\/08\\\/20\\\/inauguraron-el-paseo-gastronomico-del-polo-design\\\/#primaryimage\",\"url\":\"https:\\\/\\\/diarioprincipios.com\\\/wp-content\\\/uploads\\\/2025\\\/08\\\/Inauguraron-el-Paseo-gastronomico-del-Polo-Design-2.jpg\",\"contentUrl\":\"https:\\\/\\\/diarioprincipios.com\\\/wp-content\\\/uploads\\\/2025\\\/08\\\/Inauguraron-el-Paseo-gastronomico-del-Polo-Design-2.jpg\",\"width\":1920,\"height\":1280},{\"@type\":\"BreadcrumbList\",\"@id\":\"https:\\\/\\\/diarioprincipios.com\\\/index.php\\\/2025\\\/08\\\/20\\\/inauguraron-el-paseo-gastronomico-del-polo-design\\\/#breadcrumb\",\"itemListElement\":[{\"@type\":\"ListItem\",\"position\":1,\"name\":\"Portada\",\"item\":\"https:\\\/\\\/diarioprincipios.com\\\/\"},{\"@type\":\"ListItem\",\"position\":2,\"name\":\"Inauguraron el Paseo Gastron\u00f3mico del Polo Design\"}]},{\"@type\":\"WebSite\",\"@id\":\"https:\\\/\\\/diarioprincipios.com\\\/#website\",\"url\":\"https:\\\/\\\/diarioprincipios.com\\\/\",\"name\":\"Principios\",\"description\":\"Principios Diario\",\"publisher\":{\"@id\":\"https:\\\/\\\/diarioprincipios.com\\\/#organization\"},\"potentialAction\":[{\"@type\":\"SearchAction\",\"target\":{\"@type\":\"EntryPoint\",\"urlTemplate\":\"https:\\\/\\\/diarioprincipios.com\\\/?s={search_term_string}\"},\"query-input\":{\"@type\":\"PropertyValueSpecification\",\"valueRequired\":true,\"valueName\":\"search_term_string\"}}],\"inLanguage\":\"es\"},{\"@type\":\"Organization\",\"@id\":\"https:\\\/\\\/diarioprincipios.com\\\/#organization\",\"name\":\"Principios\",\"url\":\"https:\\\/\\\/diarioprincipios.com\\\/\",\"logo\":{\"@type\":\"ImageObject\",\"inLanguage\":\"es\",\"@id\":\"https:\\\/\\\/diarioprincipios.com\\\/#\\\/schema\\\/logo\\\/image\\\/\",\"url\":\"https:\\\/\\\/diarioprincipios.com\\\/wp-content\\\/uploads\\\/2024\\\/04\\\/cropped-www.diarioprincipios.com_-1.png\",\"contentUrl\":\"https:\\\/\\\/diarioprincipios.com\\\/wp-content\\\/uploads\\\/2024\\\/04\\\/cropped-www.diarioprincipios.com_-1.png\",\"width\":5325,\"height\":1454,\"caption\":\"Principios\"},\"image\":{\"@id\":\"https:\\\/\\\/diarioprincipios.com\\\/#\\\/schema\\\/logo\\\/image\\\/\"}},{\"@type\":\"Person\",\"@id\":\"https:\\\/\\\/diarioprincipios.com\\\/#\\\/schema\\\/person\\\/436d5a1fd41a5e250e23ff5a6a7cb080\",\"name\":\"Hern\u00e1n L\u00f3pez\",\"image\":{\"@type\":\"ImageObject\",\"inLanguage\":\"es\",\"@id\":\"https:\\\/\\\/diarioprincipios.com\\\/wp-content\\\/litespeed\\\/avatar\\\/11ddfe5610ff3bd100522525b2571f48.jpg?ver=1777653193\",\"url\":\"https:\\\/\\\/diarioprincipios.com\\\/wp-content\\\/litespeed\\\/avatar\\\/11ddfe5610ff3bd100522525b2571f48.jpg?ver=1777653193\",\"contentUrl\":\"https:\\\/\\\/diarioprincipios.com\\\/wp-content\\\/litespeed\\\/avatar\\\/11ddfe5610ff3bd100522525b2571f48.jpg?ver=1777653193\",\"caption\":\"Hern\u00e1n L\u00f3pez\"},\"url\":\"https:\\\/\\\/diarioprincipios.com\\\/index.php\\\/author\\\/hernan\\\/\"}]}<\/script>\n<!-- \/ Yoast SEO plugin. -->","yoast_head_json":{"title":"Inauguraron el Paseo Gastron\u00f3mico del Polo Design - Principios","robots":{"index":"index","follow":"follow","max-snippet":"max-snippet:-1","max-image-preview":"max-image-preview:large","max-video-preview":"max-video-preview:-1"},"canonical":"https:\/\/diarioprincipios.com\/index.php\/2025\/08\/20\/inauguraron-el-paseo-gastronomico-del-polo-design\/","og_locale":"es_ES","og_type":"article","og_title":"Inauguraron el Paseo Gastron\u00f3mico del Polo Design - Principios","og_description":"Abri\u00f3 sus puertas el Paseo Gastron\u00f3mico del Polo Desing, que se encuentra dentro de las instalaciones del Polo Hudson, en el kil\u00f3metro 30,5 de la Autopista Buenos Aires &#8211; La Plata. Del acto inaugural particip\u00f3 el intendente de Berazategui, Juan Jos\u00e9 Mussi, quien felicit\u00f3 a los inversores por el flamante proyecto.Al respecto, el presidente del...","og_url":"https:\/\/diarioprincipios.com\/index.php\/2025\/08\/20\/inauguraron-el-paseo-gastronomico-del-polo-design\/","og_site_name":"Principios","article_published_time":"2025-08-20T14:18:44+00:00","article_modified_time":"2025-08-20T14:18:45+00:00","og_image":[{"width":1920,"height":1280,"url":"https:\/\/diarioprincipios.com\/wp-content\/uploads\/2025\/08\/Inauguraron-el-Paseo-gastronomico-del-Polo-Design-2.jpg","type":"image\/jpeg"}],"author":"Hern\u00e1n L\u00f3pez","twitter_card":"summary_large_image","twitter_misc":{"Escrito por":"Hern\u00e1n L\u00f3pez","Tiempo de lectura":"2 minutos"},"schema":{"@context":"https:\/\/schema.org","@graph":[{"@type":"Article","@id":"https:\/\/diarioprincipios.com\/index.php\/2025\/08\/20\/inauguraron-el-paseo-gastronomico-del-polo-design\/#article","isPartOf":{"@id":"https:\/\/diarioprincipios.com\/index.php\/2025\/08\/20\/inauguraron-el-paseo-gastronomico-del-polo-design\/"},"author":{"name":"Hern\u00e1n L\u00f3pez","@id":"https:\/\/diarioprincipios.com\/#\/schema\/person\/436d5a1fd41a5e250e23ff5a6a7cb080"},"headline":"Inauguraron el Paseo Gastron\u00f3mico del Polo Design","datePublished":"2025-08-20T14:18:44+00:00","dateModified":"2025-08-20T14:18:45+00:00","mainEntityOfPage":{"@id":"https:\/\/diarioprincipios.com\/index.php\/2025\/08\/20\/inauguraron-el-paseo-gastronomico-del-polo-design\/"},"wordCount":224,"commentCount":0,"publisher":{"@id":"https:\/\/diarioprincipios.com\/#organization"},"image":{"@id":"https:\/\/diarioprincipios.com\/index.php\/2025\/08\/20\/inauguraron-el-paseo-gastronomico-del-polo-design\/#primaryimage"},"thumbnailUrl":"https:\/\/diarioprincipios.com\/wp-content\/uploads\/2025\/08\/Inauguraron-el-Paseo-gastronomico-del-Polo-Design-2.jpg","articleSection":["Berazategui","Comercio e Industria"],"inLanguage":"es","potentialAction":[{"@type":"CommentAction","name":"Comment","target":["https:\/\/diarioprincipios.com\/index.php\/2025\/08\/20\/inauguraron-el-paseo-gastronomico-del-polo-design\/#respond"]}]},{"@type":"WebPage","@id":"https:\/\/diarioprincipios.com\/index.php\/2025\/08\/20\/inauguraron-el-paseo-gastronomico-del-polo-design\/","url":"https:\/\/diarioprincipios.com\/index.php\/2025\/08\/20\/inauguraron-el-paseo-gastronomico-del-polo-design\/","name":"Inauguraron el Paseo Gastron\u00f3mico del Polo Design - Principios","isPartOf":{"@id":"https:\/\/diarioprincipios.com\/#website"},"primaryImageOfPage":{"@id":"https:\/\/diarioprincipios.com\/index.php\/2025\/08\/20\/inauguraron-el-paseo-gastronomico-del-polo-design\/#primaryimage"},"image":{"@id":"https:\/\/diarioprincipios.com\/index.php\/2025\/08\/20\/inauguraron-el-paseo-gastronomico-del-polo-design\/#primaryimage"},"thumbnailUrl":"https:\/\/diarioprincipios.com\/wp-content\/uploads\/2025\/08\/Inauguraron-el-Paseo-gastronomico-del-Polo-Design-2.jpg","datePublished":"2025-08-20T14:18:44+00:00","dateModified":"2025-08-20T14:18:45+00:00","breadcrumb":{"@id":"https:\/\/diarioprincipios.com\/index.php\/2025\/08\/20\/inauguraron-el-paseo-gastronomico-del-polo-design\/#breadcrumb"},"inLanguage":"es","potentialAction":[{"@type":"ReadAction","target":["https:\/\/diarioprincipios.com\/index.php\/2025\/08\/20\/inauguraron-el-paseo-gastronomico-del-polo-design\/"]}]},{"@type":"ImageObject","inLanguage":"es","@id":"https:\/\/diarioprincipios.com\/index.php\/2025\/08\/20\/inauguraron-el-paseo-gastronomico-del-polo-design\/#primaryimage","url":"https:\/\/diarioprincipios.com\/wp-content\/uploads\/2025\/08\/Inauguraron-el-Paseo-gastronomico-del-Polo-Design-2.jpg","contentUrl":"https:\/\/diarioprincipios.com\/wp-content\/uploads\/2025\/08\/Inauguraron-el-Paseo-gastronomico-del-Polo-Design-2.jpg","width":1920,"height":1280},{"@type":"BreadcrumbList","@id":"https:\/\/diarioprincipios.com\/index.php\/2025\/08\/20\/inauguraron-el-paseo-gastronomico-del-polo-design\/#breadcrumb","itemListElement":[{"@type":"ListItem","position":1,"name":"Portada","item":"https:\/\/diarioprincipios.com\/"},{"@type":"ListItem","position":2,"name":"Inauguraron el Paseo Gastron\u00f3mico del Polo Design"}]},{"@type":"WebSite","@id":"https:\/\/diarioprincipios.com\/#website","url":"https:\/\/diarioprincipios.com\/","name":"Principios","description":"Principios Diario","publisher":{"@id":"https:\/\/diarioprincipios.com\/#organization"},"potentialAction":[{"@type":"SearchAction","target":{"@type":"EntryPoint","urlTemplate":"https:\/\/diarioprincipios.com\/?s={search_term_string}"},"query-input":{"@type":"PropertyValueSpecification","valueRequired":true,"valueName":"search_term_string"}}],"inLanguage":"es"},{"@type":"Organization","@id":"https:\/\/diarioprincipios.com\/#organization","name":"Principios","url":"https:\/\/diarioprincipios.com\/","logo":{"@type":"ImageObject","inLanguage":"es","@id":"https:\/\/diarioprincipios.com\/#\/schema\/logo\/image\/","url":"https:\/\/diarioprincipios.com\/wp-content\/uploads\/2024\/04\/cropped-www.diarioprincipios.com_-1.png","contentUrl":"https:\/\/diarioprincipios.com\/wp-content\/uploads\/2024\/04\/cropped-www.diarioprincipios.com_-1.png","width":5325,"height":1454,"caption":"Principios"},"image":{"@id":"https:\/\/diarioprincipios.com\/#\/schema\/logo\/image\/"}},{"@type":"Person","@id":"https:\/\/diarioprincipios.com\/#\/schema\/person\/436d5a1fd41a5e250e23ff5a6a7cb080","name":"Hern\u00e1n L\u00f3pez","image":{"@type":"ImageObject","inLanguage":"es","@id":"https:\/\/diarioprincipios.com\/wp-content\/litespeed\/avatar\/11ddfe5610ff3bd100522525b2571f48.jpg?ver=1777653193","url":"https:\/\/diarioprincipios.com\/wp-content\/litespeed\/avatar\/11ddfe5610ff3bd100522525b2571f48.jpg?ver=1777653193","contentUrl":"https:\/\/diarioprincipios.com\/wp-content\/litespeed\/avatar\/11ddfe5610ff3bd100522525b2571f48.jpg?ver=1777653193","caption":"Hern\u00e1n L\u00f3pez"},"url":"https:\/\/diarioprincipios.com\/index.php\/author\/hernan\/"}]}},"jetpack_featured_media_url":"https:\/\/diarioprincipios.com\/wp-content\/uploads\/2025\/08\/Inauguraron-el-Paseo-gastronomico-del-Polo-Design-2.jpg","_links":{"self":[{"href":"https:\/\/diarioprincipios.com\/index.php\/wp-json\/wp\/v2\/posts\/25262","targetHints":{"allow":["GET"]}}],"collection":[{"href":"https:\/\/diarioprincipios.com\/index.php\/wp-json\/wp\/v2\/posts"}],"about":[{"href":"https:\/\/diarioprincipios.com\/index.php\/wp-json\/wp\/v2\/types\/post"}],"author":[{"embeddable":true,"href":"https:\/\/diarioprincipios.com\/index.php\/wp-json\/wp\/v2\/users\/2"}],"replies":[{"embeddable":true,"href":"https:\/\/diarioprincipios.com\/index.php\/wp-json\/wp\/v2\/comments?post=25262"}],"version-history":[{"count":1,"href":"https:\/\/diarioprincipios.com\/index.php\/wp-json\/wp\/v2\/posts\/25262\/revisions"}],"predecessor-version":[{"id":25265,"href":"https:\/\/diarioprincipios.com\/index.php\/wp-json\/wp\/v2\/posts\/25262\/revisions\/25265"}],"wp:featuredmedia":[{"embeddable":true,"href":"https:\/\/diarioprincipios.com\/index.php\/wp-json\/wp\/v2\/media\/25264"}],"wp:attachment":[{"href":"https:\/\/diarioprincipios.com\/index.php\/wp-json\/wp\/v2\/media?parent=25262"}],"wp:term":[{"taxonomy":"category","embeddable":true,"href":"https:\/\/diarioprincipios.com\/index.php\/wp-json\/wp\/v2\/categories?post=25262"},{"taxonomy":"post_tag","embeddable":true,"href":"https:\/\/diarioprincipios.com\/index.php\/wp-json\/wp\/v2\/tags?post=25262"}],"curies":[{"name":"wp","href":"https:\/\/api.w.org\/{rel}","templated":true}]}}