{"id":25236,"date":"2025-08-19T12:23:10","date_gmt":"2025-08-19T15:23:10","guid":{"rendered":"https:\/\/diarioprincipios.com\/?p=25236"},"modified":"2025-08-19T12:23:10","modified_gmt":"2025-08-19T15:23:10","slug":"gran-ceremonia-de-premiacion-del-torneo-apertura-de-la-asociacion-de-voley-2","status":"publish","type":"post","link":"https:\/\/diarioprincipios.com\/index.php\/2025\/08\/19\/gran-ceremonia-de-premiacion-del-torneo-apertura-de-la-asociacion-de-voley-2\/","title":{"rendered":"Gran Ceremonia de Premiaci\u00f3n del Torneo Apertura de la Asociaci\u00f3n de V\u00f3ley"},"content":{"rendered":"\n<p>El pasado domingo 10 de agosto desde las 15 horas, se realiz\u00f3 en las instalaciones del Instituto Belgrano, calle 151 entre 10 y 11, la Ceremonia de Premiaci\u00f3n del Torneo Apertura de la Asociaci\u00f3n de V\u00f3ley Capital Nacional del Vidrio.<br>Decenas de equipos de Berazategui y toda la regi\u00f3n participaron de este tradicional evento donde la Asociaci\u00f3n de V\u00f3ley premia y reconoce a los equipos que se destacaron durante el primer semestre en todas las categor\u00edas desde inferiores hasta mayores, tanto en Damas como Caballeros.<\/p>\n\n\n\n<figure class=\"wp-block-image size-large\"><img loading=\"lazy\" decoding=\"async\" width=\"623\" height=\"1024\" src=\"https:\/\/diarioprincipios.com\/wp-content\/uploads\/2025\/08\/Screenshot_20250819_120220_Instagram-623x1024.jpg\" alt=\"\" class=\"wp-image-25237\" srcset=\"https:\/\/diarioprincipios.com\/wp-content\/uploads\/2025\/08\/Screenshot_20250819_120220_Instagram-623x1024.jpg 623w, https:\/\/diarioprincipios.com\/wp-content\/uploads\/2025\/08\/Screenshot_20250819_120220_Instagram-183x300.jpg 183w, https:\/\/diarioprincipios.com\/wp-content\/uploads\/2025\/08\/Screenshot_20250819_120220_Instagram-768x1262.jpg 768w, https:\/\/diarioprincipios.com\/wp-content\/uploads\/2025\/08\/Screenshot_20250819_120220_Instagram-935x1536.jpg 935w, https:\/\/diarioprincipios.com\/wp-content\/uploads\/2025\/08\/Screenshot_20250819_120220_Instagram.jpg 1080w\" sizes=\"auto, (max-width: 623px) 100vw, 623px\" \/><\/figure>\n\n\n\n<p><br>Los galardonados en esta ocasi\u00f3n fueron:<\/p>\n\n\n\n<p>Inferiores damas<br>categor\u00eda sub14<br>Primer puesto :<br>Am\u00e9rica del Norte (Dominico ) copa , medallas y voucher de 100000 pesos<br>Segundo puesto :<br>Sokol (Dominico ) copa<br>Tercer Puesto :<br>MYG (Quilmes ) copa<br>Cuarto puesto :<br>Cortazar (Varela)copa<\/p>\n\n\n\n<p>Categor\u00eda Sub 16<br>Primer puesto :<br>San Pedro Berazategui ) copa , medallas voucher 100000<br>Segundo puesto<br>Pueblo Nuevo (Berazategui) copa<br>Tercer puesto<br>Esperanza (Dominico) copa<br>Cuarto puesto<br>Cuarto puesto<br>Solano Voley (Solano )copa<\/p>\n\n\n\n<p>Categor\u00eda Sub 18<br>Primer puesto<br>San Pedro A (Berazategui ) copa , medallas voucher 100000<br>Segundo puesto<br>Cortazar (Varela ) copa<br>Tercer puesto<br>Pueblo Nuevo (Berazategui ) copa<br>Cuarto puesto<br>Sokol(Diminico ) copa<\/p>\n\n\n\n<figure class=\"wp-block-image size-large\"><img loading=\"lazy\" decoding=\"async\" width=\"830\" height=\"1024\" src=\"https:\/\/diarioprincipios.com\/wp-content\/uploads\/2025\/08\/Screenshot_20250819_114648_Instagram-830x1024.jpg\" alt=\"\" class=\"wp-image-25238\" srcset=\"https:\/\/diarioprincipios.com\/wp-content\/uploads\/2025\/08\/Screenshot_20250819_114648_Instagram-830x1024.jpg 830w, https:\/\/diarioprincipios.com\/wp-content\/uploads\/2025\/08\/Screenshot_20250819_114648_Instagram-243x300.jpg 243w, https:\/\/diarioprincipios.com\/wp-content\/uploads\/2025\/08\/Screenshot_20250819_114648_Instagram-768x948.jpg 768w, https:\/\/diarioprincipios.com\/wp-content\/uploads\/2025\/08\/Screenshot_20250819_114648_Instagram.jpg 1080w\" sizes=\"auto, (max-width: 830px) 100vw, 830px\" \/><\/figure>\n\n\n\n<p>Categor\u00eda Sub 21<br>Primer puesto<br>Planeta Voley (Berazategui ) copa , medallas y voucher de 100000<br>Segundo puesto<br>Cortazar(Varela) copa<br>Tercer puesto<br>Pueblo Nuevo (Berazategui ) copa<br>Cuarto puesto<br>KQP (Berazategui ) copa<\/p>\n\n\n\n<p>Inferiores caballeros<\/p>\n\n\n\n<p>Categor\u00eda Sub 18<br>Primer puesto<br>Rigolleau (Berazategui ) copa , medallas y Baucher 100000<br>Segundo puesto<br>M\u00e1s Dom (Dock Sud ) copa<br>Tercer puesto<br>M y G A (Quilmes) copa<br>Cuarto puesto<br>M y G B (Quilmes ) copa<\/p>\n\n\n\n<p>Categor\u00eda mayores caballeros<br>Primera<br>Copa oro<br>Primer puesto<br>Los Morgan (Berazategui ) copa , medallas y voucher 380000<br>Segundo puesto<br>LMA (Berazategui ) copa<br>Tercer puesto<br>Las \u00e1guilas (Berazategui ) copa<br>Cuarto puesto<br>San Pedro DLM (Berazategui ) copa<br>Copa Plata<br>Primer puesto<br>MYG (Quilmes) copa , medallas y caucheros 200000<\/p>\n\n\n\n<figure class=\"wp-block-image size-large\"><img loading=\"lazy\" decoding=\"async\" width=\"818\" height=\"1024\" src=\"https:\/\/diarioprincipios.com\/wp-content\/uploads\/2025\/08\/Screenshot_20250819_120025_Instagram-818x1024.jpg\" alt=\"\" class=\"wp-image-25239\" srcset=\"https:\/\/diarioprincipios.com\/wp-content\/uploads\/2025\/08\/Screenshot_20250819_120025_Instagram-818x1024.jpg 818w, https:\/\/diarioprincipios.com\/wp-content\/uploads\/2025\/08\/Screenshot_20250819_120025_Instagram-240x300.jpg 240w, https:\/\/diarioprincipios.com\/wp-content\/uploads\/2025\/08\/Screenshot_20250819_120025_Instagram-768x961.jpg 768w, https:\/\/diarioprincipios.com\/wp-content\/uploads\/2025\/08\/Screenshot_20250819_120025_Instagram.jpg 1079w\" sizes=\"auto, (max-width: 818px) 100vw, 818px\" \/><\/figure>\n\n\n\n<p>Categor\u00eda Damas Mayores segunda<br>Copa de oro<br>Primer puesto<br>Santa Ana (Berazategui ) copa , medallas y voucher 250000<br>Segundo puesto<br>Los Quilmes (Berazategui ) copa<br>Tercer puesto<br>Nos Dan ( Dock Sud ) copa<br>Cuarto puesto<br>Esperanza ( Dominico ) copa<br>Copa Plata<br>Sindicato de trabajadores municipales de Berazategui (Berazategui ) copa , medallas y voucher 150000<br>Categor\u00eda primera damas<br>Copa oro<br>Primer puesto<br>Planeta Voley (Berazategui ) copa medallas y voucher 380000<br>Segundo puesto<br>Gladiadoras ( Quilmes) copa tercer puesto<br>Las chudas ( Berazategui ) copa<br>Cuarto puesto<br>Estrella el Dorado (Quilmes ) copa<\/p>\n\n\n\n<p>Copa Plata<br>Primer puesto<br>San Pedro ( Berazategui ) copa , medallas y voucher 200000<\/p>\n\n\n\n<figure class=\"wp-block-image size-large\"><img loading=\"lazy\" decoding=\"async\" width=\"838\" height=\"1024\" src=\"https:\/\/diarioprincipios.com\/wp-content\/uploads\/2025\/08\/Screenshot_20250819_114520_Instagram-838x1024.jpg\" alt=\"\" class=\"wp-image-25240\" srcset=\"https:\/\/diarioprincipios.com\/wp-content\/uploads\/2025\/08\/Screenshot_20250819_114520_Instagram-838x1024.jpg 838w, https:\/\/diarioprincipios.com\/wp-content\/uploads\/2025\/08\/Screenshot_20250819_114520_Instagram-246x300.jpg 246w, https:\/\/diarioprincipios.com\/wp-content\/uploads\/2025\/08\/Screenshot_20250819_114520_Instagram-768x938.jpg 768w, https:\/\/diarioprincipios.com\/wp-content\/uploads\/2025\/08\/Screenshot_20250819_114520_Instagram.jpg 1080w\" sizes=\"auto, (max-width: 838px) 100vw, 838px\" \/><\/figure>\n\n\n\n<p>Celia Cabrera, presidenta de la Asociaci\u00f3n destac\u00f3 que \u00abviv\u00edmos cada Ceremonia de una manera especial y con mucha emoci\u00f3n, es un momento \u00fanico para esta hermosa familia del V\u00f3ley Amateurs de toda la Zona Sur\u00bb.<br>Sostuvo que \u00abpara todos los que integramos la gran familia de la Asociaci\u00f3n de V\u00f3ley Capital Nacional del Vidrio fue un domingo de fiesta, disfrutamos mucho mientras nos preparamos para un segundo semestre con nuevos desaf\u00edos por alcanzar, los equipos que integran nuestra Asociaci\u00f3n son m\u00e1s competitivos cada d\u00eda y eso nos llena de orgullo y eleva nuestras metas\u00bb.<\/p>\n\n\n\n<figure class=\"wp-block-image size-large\"><img loading=\"lazy\" decoding=\"async\" width=\"837\" height=\"1024\" src=\"https:\/\/diarioprincipios.com\/wp-content\/uploads\/2025\/08\/Screenshot_20250819_114710_Instagram-837x1024.jpg\" alt=\"\" class=\"wp-image-25241\" srcset=\"https:\/\/diarioprincipios.com\/wp-content\/uploads\/2025\/08\/Screenshot_20250819_114710_Instagram-837x1024.jpg 837w, https:\/\/diarioprincipios.com\/wp-content\/uploads\/2025\/08\/Screenshot_20250819_114710_Instagram-245x300.jpg 245w, https:\/\/diarioprincipios.com\/wp-content\/uploads\/2025\/08\/Screenshot_20250819_114710_Instagram-768x939.jpg 768w, https:\/\/diarioprincipios.com\/wp-content\/uploads\/2025\/08\/Screenshot_20250819_114710_Instagram.jpg 1080w\" sizes=\"auto, (max-width: 837px) 100vw, 837px\" \/><\/figure>\n\n\n\n<p><br>Finalmente, se\u00f1al\u00f3 que \u00abcomo siempre nuestro agradecimiento a todos, jugadores y jugadores, entrenadores, \u00e1rbitros, planilleros, dirigentes, familias y nuestra gratitud especial para dos hombres que desde su lugar de relevancia siempre nos han ayudado y nos ayudan priorizando el deporte y la juventud, hablo de Horacio Valdez, Secretario General de los trabajadores vidrieros a nivel local y nacional y del Intendente Dr Juan Jos\u00e9 Mussi\u00bb.<\/p>\n","protected":false},"excerpt":{"rendered":"<p>El pasado domingo 10 de agosto desde las 15 horas, se realiz\u00f3 en las instalaciones del Instituto Belgrano, calle 151 entre 10 y 11, la Ceremonia de Premiaci\u00f3n del Torneo Apertura de la Asociaci\u00f3n de V\u00f3ley Capital Nacional del Vidrio.Decenas de equipos de Berazategui y toda la regi\u00f3n participaron de este tradicional evento donde la&#8230;<\/p>\n","protected":false},"author":2,"featured_media":25242,"comment_status":"open","ping_status":"open","sticky":false,"template":"","format":"standard","meta":{"footnotes":""},"categories":[6],"tags":[],"class_list":["post-25236","post","type-post","status-publish","format-standard","has-post-thumbnail","hentry","category-deportes"],"featured_image_src":"https:\/\/diarioprincipios.com\/wp-content\/uploads\/2025\/08\/Screenshot_20250819_114430_Instagram-853x1024.jpg","blog_images":{"medium":"https:\/\/diarioprincipios.com\/wp-content\/uploads\/2025\/08\/Screenshot_20250819_114430_Instagram-250x300.jpg","large":"https:\/\/diarioprincipios.com\/wp-content\/uploads\/2025\/08\/Screenshot_20250819_114430_Instagram-853x1024.jpg"},"ams_acf":[],"yoast_head":"<!-- This site is optimized with the Yoast SEO plugin v27.3 - https:\/\/yoast.com\/product\/yoast-seo-wordpress\/ -->\n<title>Gran Ceremonia de Premiaci\u00f3n del Torneo Apertura de la Asociaci\u00f3n de V\u00f3ley - Principios<\/title>\n<meta name=\"robots\" content=\"index, follow, max-snippet:-1, max-image-preview:large, max-video-preview:-1\" \/>\n<link rel=\"canonical\" href=\"https:\/\/diarioprincipios.com\/index.php\/2025\/08\/19\/gran-ceremonia-de-premiacion-del-torneo-apertura-de-la-asociacion-de-voley-2\/\" \/>\n<meta property=\"og:locale\" content=\"es_ES\" \/>\n<meta property=\"og:type\" content=\"article\" \/>\n<meta property=\"og:title\" content=\"Gran Ceremonia de Premiaci\u00f3n del Torneo Apertura de la Asociaci\u00f3n de V\u00f3ley - Principios\" \/>\n<meta property=\"og:description\" content=\"El pasado domingo 10 de agosto desde las 15 horas, se realiz\u00f3 en las instalaciones del Instituto Belgrano, calle 151 entre 10 y 11, la Ceremonia de Premiaci\u00f3n del Torneo Apertura de la Asociaci\u00f3n de V\u00f3ley Capital Nacional del Vidrio.Decenas de equipos de Berazategui y toda la regi\u00f3n participaron de este tradicional evento donde la...\" \/>\n<meta property=\"og:url\" content=\"https:\/\/diarioprincipios.com\/index.php\/2025\/08\/19\/gran-ceremonia-de-premiacion-del-torneo-apertura-de-la-asociacion-de-voley-2\/\" \/>\n<meta property=\"og:site_name\" content=\"Principios\" \/>\n<meta property=\"article:published_time\" content=\"2025-08-19T15:23:10+00:00\" \/>\n<meta property=\"og:image\" content=\"https:\/\/diarioprincipios.com\/wp-content\/uploads\/2025\/08\/Screenshot_20250819_114430_Instagram.jpg\" \/>\n\t<meta property=\"og:image:width\" content=\"1080\" \/>\n\t<meta property=\"og:image:height\" content=\"1296\" \/>\n\t<meta property=\"og:image:type\" content=\"image\/jpeg\" \/>\n<meta name=\"author\" content=\"Hern\u00e1n L\u00f3pez\" \/>\n<meta name=\"twitter:card\" content=\"summary_large_image\" \/>\n<meta name=\"twitter:label1\" content=\"Escrito por\" \/>\n\t<meta name=\"twitter:data1\" content=\"Hern\u00e1n L\u00f3pez\" \/>\n\t<meta name=\"twitter:label2\" content=\"Tiempo de lectura\" \/>\n\t<meta name=\"twitter:data2\" content=\"4 minutos\" \/>\n<script type=\"application\/ld+json\" class=\"yoast-schema-graph\">{\"@context\":\"https:\\\/\\\/schema.org\",\"@graph\":[{\"@type\":\"Article\",\"@id\":\"https:\\\/\\\/diarioprincipios.com\\\/index.php\\\/2025\\\/08\\\/19\\\/gran-ceremonia-de-premiacion-del-torneo-apertura-de-la-asociacion-de-voley-2\\\/#article\",\"isPartOf\":{\"@id\":\"https:\\\/\\\/diarioprincipios.com\\\/index.php\\\/2025\\\/08\\\/19\\\/gran-ceremonia-de-premiacion-del-torneo-apertura-de-la-asociacion-de-voley-2\\\/\"},\"author\":{\"name\":\"Hern\u00e1n L\u00f3pez\",\"@id\":\"https:\\\/\\\/diarioprincipios.com\\\/#\\\/schema\\\/person\\\/436d5a1fd41a5e250e23ff5a6a7cb080\"},\"headline\":\"Gran Ceremonia de Premiaci\u00f3n del Torneo Apertura de la Asociaci\u00f3n de V\u00f3ley\",\"datePublished\":\"2025-08-19T15:23:10+00:00\",\"mainEntityOfPage\":{\"@id\":\"https:\\\/\\\/diarioprincipios.com\\\/index.php\\\/2025\\\/08\\\/19\\\/gran-ceremonia-de-premiacion-del-torneo-apertura-de-la-asociacion-de-voley-2\\\/\"},\"wordCount\":513,\"commentCount\":0,\"publisher\":{\"@id\":\"https:\\\/\\\/diarioprincipios.com\\\/#organization\"},\"image\":{\"@id\":\"https:\\\/\\\/diarioprincipios.com\\\/index.php\\\/2025\\\/08\\\/19\\\/gran-ceremonia-de-premiacion-del-torneo-apertura-de-la-asociacion-de-voley-2\\\/#primaryimage\"},\"thumbnailUrl\":\"https:\\\/\\\/diarioprincipios.com\\\/wp-content\\\/uploads\\\/2025\\\/08\\\/Screenshot_20250819_114430_Instagram.jpg\",\"articleSection\":[\"Deportes\"],\"inLanguage\":\"es\",\"potentialAction\":[{\"@type\":\"CommentAction\",\"name\":\"Comment\",\"target\":[\"https:\\\/\\\/diarioprincipios.com\\\/index.php\\\/2025\\\/08\\\/19\\\/gran-ceremonia-de-premiacion-del-torneo-apertura-de-la-asociacion-de-voley-2\\\/#respond\"]}]},{\"@type\":\"WebPage\",\"@id\":\"https:\\\/\\\/diarioprincipios.com\\\/index.php\\\/2025\\\/08\\\/19\\\/gran-ceremonia-de-premiacion-del-torneo-apertura-de-la-asociacion-de-voley-2\\\/\",\"url\":\"https:\\\/\\\/diarioprincipios.com\\\/index.php\\\/2025\\\/08\\\/19\\\/gran-ceremonia-de-premiacion-del-torneo-apertura-de-la-asociacion-de-voley-2\\\/\",\"name\":\"Gran Ceremonia de Premiaci\u00f3n del Torneo Apertura de la Asociaci\u00f3n de V\u00f3ley - Principios\",\"isPartOf\":{\"@id\":\"https:\\\/\\\/diarioprincipios.com\\\/#website\"},\"primaryImageOfPage\":{\"@id\":\"https:\\\/\\\/diarioprincipios.com\\\/index.php\\\/2025\\\/08\\\/19\\\/gran-ceremonia-de-premiacion-del-torneo-apertura-de-la-asociacion-de-voley-2\\\/#primaryimage\"},\"image\":{\"@id\":\"https:\\\/\\\/diarioprincipios.com\\\/index.php\\\/2025\\\/08\\\/19\\\/gran-ceremonia-de-premiacion-del-torneo-apertura-de-la-asociacion-de-voley-2\\\/#primaryimage\"},\"thumbnailUrl\":\"https:\\\/\\\/diarioprincipios.com\\\/wp-content\\\/uploads\\\/2025\\\/08\\\/Screenshot_20250819_114430_Instagram.jpg\",\"datePublished\":\"2025-08-19T15:23:10+00:00\",\"breadcrumb\":{\"@id\":\"https:\\\/\\\/diarioprincipios.com\\\/index.php\\\/2025\\\/08\\\/19\\\/gran-ceremonia-de-premiacion-del-torneo-apertura-de-la-asociacion-de-voley-2\\\/#breadcrumb\"},\"inLanguage\":\"es\",\"potentialAction\":[{\"@type\":\"ReadAction\",\"target\":[\"https:\\\/\\\/diarioprincipios.com\\\/index.php\\\/2025\\\/08\\\/19\\\/gran-ceremonia-de-premiacion-del-torneo-apertura-de-la-asociacion-de-voley-2\\\/\"]}]},{\"@type\":\"ImageObject\",\"inLanguage\":\"es\",\"@id\":\"https:\\\/\\\/diarioprincipios.com\\\/index.php\\\/2025\\\/08\\\/19\\\/gran-ceremonia-de-premiacion-del-torneo-apertura-de-la-asociacion-de-voley-2\\\/#primaryimage\",\"url\":\"https:\\\/\\\/diarioprincipios.com\\\/wp-content\\\/uploads\\\/2025\\\/08\\\/Screenshot_20250819_114430_Instagram.jpg\",\"contentUrl\":\"https:\\\/\\\/diarioprincipios.com\\\/wp-content\\\/uploads\\\/2025\\\/08\\\/Screenshot_20250819_114430_Instagram.jpg\",\"width\":1080,\"height\":1296},{\"@type\":\"BreadcrumbList\",\"@id\":\"https:\\\/\\\/diarioprincipios.com\\\/index.php\\\/2025\\\/08\\\/19\\\/gran-ceremonia-de-premiacion-del-torneo-apertura-de-la-asociacion-de-voley-2\\\/#breadcrumb\",\"itemListElement\":[{\"@type\":\"ListItem\",\"position\":1,\"name\":\"Portada\",\"item\":\"https:\\\/\\\/diarioprincipios.com\\\/\"},{\"@type\":\"ListItem\",\"position\":2,\"name\":\"Gran Ceremonia de Premiaci\u00f3n del Torneo Apertura de la Asociaci\u00f3n de V\u00f3ley\"}]},{\"@type\":\"WebSite\",\"@id\":\"https:\\\/\\\/diarioprincipios.com\\\/#website\",\"url\":\"https:\\\/\\\/diarioprincipios.com\\\/\",\"name\":\"Principios\",\"description\":\"Principios Diario\",\"publisher\":{\"@id\":\"https:\\\/\\\/diarioprincipios.com\\\/#organization\"},\"potentialAction\":[{\"@type\":\"SearchAction\",\"target\":{\"@type\":\"EntryPoint\",\"urlTemplate\":\"https:\\\/\\\/diarioprincipios.com\\\/?s={search_term_string}\"},\"query-input\":{\"@type\":\"PropertyValueSpecification\",\"valueRequired\":true,\"valueName\":\"search_term_string\"}}],\"inLanguage\":\"es\"},{\"@type\":\"Organization\",\"@id\":\"https:\\\/\\\/diarioprincipios.com\\\/#organization\",\"name\":\"Principios\",\"url\":\"https:\\\/\\\/diarioprincipios.com\\\/\",\"logo\":{\"@type\":\"ImageObject\",\"inLanguage\":\"es\",\"@id\":\"https:\\\/\\\/diarioprincipios.com\\\/#\\\/schema\\\/logo\\\/image\\\/\",\"url\":\"https:\\\/\\\/diarioprincipios.com\\\/wp-content\\\/uploads\\\/2024\\\/04\\\/cropped-www.diarioprincipios.com_-1.png\",\"contentUrl\":\"https:\\\/\\\/diarioprincipios.com\\\/wp-content\\\/uploads\\\/2024\\\/04\\\/cropped-www.diarioprincipios.com_-1.png\",\"width\":5325,\"height\":1454,\"caption\":\"Principios\"},\"image\":{\"@id\":\"https:\\\/\\\/diarioprincipios.com\\\/#\\\/schema\\\/logo\\\/image\\\/\"}},{\"@type\":\"Person\",\"@id\":\"https:\\\/\\\/diarioprincipios.com\\\/#\\\/schema\\\/person\\\/436d5a1fd41a5e250e23ff5a6a7cb080\",\"name\":\"Hern\u00e1n L\u00f3pez\",\"image\":{\"@type\":\"ImageObject\",\"inLanguage\":\"es\",\"@id\":\"https:\\\/\\\/diarioprincipios.com\\\/wp-content\\\/litespeed\\\/avatar\\\/11ddfe5610ff3bd100522525b2571f48.jpg?ver=1777653193\",\"url\":\"https:\\\/\\\/diarioprincipios.com\\\/wp-content\\\/litespeed\\\/avatar\\\/11ddfe5610ff3bd100522525b2571f48.jpg?ver=1777653193\",\"contentUrl\":\"https:\\\/\\\/diarioprincipios.com\\\/wp-content\\\/litespeed\\\/avatar\\\/11ddfe5610ff3bd100522525b2571f48.jpg?ver=1777653193\",\"caption\":\"Hern\u00e1n L\u00f3pez\"},\"url\":\"https:\\\/\\\/diarioprincipios.com\\\/index.php\\\/author\\\/hernan\\\/\"}]}<\/script>\n<!-- \/ Yoast SEO plugin. -->","yoast_head_json":{"title":"Gran Ceremonia de Premiaci\u00f3n del Torneo Apertura de la Asociaci\u00f3n de V\u00f3ley - Principios","robots":{"index":"index","follow":"follow","max-snippet":"max-snippet:-1","max-image-preview":"max-image-preview:large","max-video-preview":"max-video-preview:-1"},"canonical":"https:\/\/diarioprincipios.com\/index.php\/2025\/08\/19\/gran-ceremonia-de-premiacion-del-torneo-apertura-de-la-asociacion-de-voley-2\/","og_locale":"es_ES","og_type":"article","og_title":"Gran Ceremonia de Premiaci\u00f3n del Torneo Apertura de la Asociaci\u00f3n de V\u00f3ley - Principios","og_description":"El pasado domingo 10 de agosto desde las 15 horas, se realiz\u00f3 en las instalaciones del Instituto Belgrano, calle 151 entre 10 y 11, la Ceremonia de Premiaci\u00f3n del Torneo Apertura de la Asociaci\u00f3n de V\u00f3ley Capital Nacional del Vidrio.Decenas de equipos de Berazategui y toda la regi\u00f3n participaron de este tradicional evento donde la...","og_url":"https:\/\/diarioprincipios.com\/index.php\/2025\/08\/19\/gran-ceremonia-de-premiacion-del-torneo-apertura-de-la-asociacion-de-voley-2\/","og_site_name":"Principios","article_published_time":"2025-08-19T15:23:10+00:00","og_image":[{"width":1080,"height":1296,"url":"https:\/\/diarioprincipios.com\/wp-content\/uploads\/2025\/08\/Screenshot_20250819_114430_Instagram.jpg","type":"image\/jpeg"}],"author":"Hern\u00e1n L\u00f3pez","twitter_card":"summary_large_image","twitter_misc":{"Escrito por":"Hern\u00e1n L\u00f3pez","Tiempo de lectura":"4 minutos"},"schema":{"@context":"https:\/\/schema.org","@graph":[{"@type":"Article","@id":"https:\/\/diarioprincipios.com\/index.php\/2025\/08\/19\/gran-ceremonia-de-premiacion-del-torneo-apertura-de-la-asociacion-de-voley-2\/#article","isPartOf":{"@id":"https:\/\/diarioprincipios.com\/index.php\/2025\/08\/19\/gran-ceremonia-de-premiacion-del-torneo-apertura-de-la-asociacion-de-voley-2\/"},"author":{"name":"Hern\u00e1n L\u00f3pez","@id":"https:\/\/diarioprincipios.com\/#\/schema\/person\/436d5a1fd41a5e250e23ff5a6a7cb080"},"headline":"Gran Ceremonia de Premiaci\u00f3n del Torneo Apertura de la Asociaci\u00f3n de V\u00f3ley","datePublished":"2025-08-19T15:23:10+00:00","mainEntityOfPage":{"@id":"https:\/\/diarioprincipios.com\/index.php\/2025\/08\/19\/gran-ceremonia-de-premiacion-del-torneo-apertura-de-la-asociacion-de-voley-2\/"},"wordCount":513,"commentCount":0,"publisher":{"@id":"https:\/\/diarioprincipios.com\/#organization"},"image":{"@id":"https:\/\/diarioprincipios.com\/index.php\/2025\/08\/19\/gran-ceremonia-de-premiacion-del-torneo-apertura-de-la-asociacion-de-voley-2\/#primaryimage"},"thumbnailUrl":"https:\/\/diarioprincipios.com\/wp-content\/uploads\/2025\/08\/Screenshot_20250819_114430_Instagram.jpg","articleSection":["Deportes"],"inLanguage":"es","potentialAction":[{"@type":"CommentAction","name":"Comment","target":["https:\/\/diarioprincipios.com\/index.php\/2025\/08\/19\/gran-ceremonia-de-premiacion-del-torneo-apertura-de-la-asociacion-de-voley-2\/#respond"]}]},{"@type":"WebPage","@id":"https:\/\/diarioprincipios.com\/index.php\/2025\/08\/19\/gran-ceremonia-de-premiacion-del-torneo-apertura-de-la-asociacion-de-voley-2\/","url":"https:\/\/diarioprincipios.com\/index.php\/2025\/08\/19\/gran-ceremonia-de-premiacion-del-torneo-apertura-de-la-asociacion-de-voley-2\/","name":"Gran Ceremonia de Premiaci\u00f3n del Torneo Apertura de la Asociaci\u00f3n de V\u00f3ley - Principios","isPartOf":{"@id":"https:\/\/diarioprincipios.com\/#website"},"primaryImageOfPage":{"@id":"https:\/\/diarioprincipios.com\/index.php\/2025\/08\/19\/gran-ceremonia-de-premiacion-del-torneo-apertura-de-la-asociacion-de-voley-2\/#primaryimage"},"image":{"@id":"https:\/\/diarioprincipios.com\/index.php\/2025\/08\/19\/gran-ceremonia-de-premiacion-del-torneo-apertura-de-la-asociacion-de-voley-2\/#primaryimage"},"thumbnailUrl":"https:\/\/diarioprincipios.com\/wp-content\/uploads\/2025\/08\/Screenshot_20250819_114430_Instagram.jpg","datePublished":"2025-08-19T15:23:10+00:00","breadcrumb":{"@id":"https:\/\/diarioprincipios.com\/index.php\/2025\/08\/19\/gran-ceremonia-de-premiacion-del-torneo-apertura-de-la-asociacion-de-voley-2\/#breadcrumb"},"inLanguage":"es","potentialAction":[{"@type":"ReadAction","target":["https:\/\/diarioprincipios.com\/index.php\/2025\/08\/19\/gran-ceremonia-de-premiacion-del-torneo-apertura-de-la-asociacion-de-voley-2\/"]}]},{"@type":"ImageObject","inLanguage":"es","@id":"https:\/\/diarioprincipios.com\/index.php\/2025\/08\/19\/gran-ceremonia-de-premiacion-del-torneo-apertura-de-la-asociacion-de-voley-2\/#primaryimage","url":"https:\/\/diarioprincipios.com\/wp-content\/uploads\/2025\/08\/Screenshot_20250819_114430_Instagram.jpg","contentUrl":"https:\/\/diarioprincipios.com\/wp-content\/uploads\/2025\/08\/Screenshot_20250819_114430_Instagram.jpg","width":1080,"height":1296},{"@type":"BreadcrumbList","@id":"https:\/\/diarioprincipios.com\/index.php\/2025\/08\/19\/gran-ceremonia-de-premiacion-del-torneo-apertura-de-la-asociacion-de-voley-2\/#breadcrumb","itemListElement":[{"@type":"ListItem","position":1,"name":"Portada","item":"https:\/\/diarioprincipios.com\/"},{"@type":"ListItem","position":2,"name":"Gran Ceremonia de Premiaci\u00f3n del Torneo Apertura de la Asociaci\u00f3n de V\u00f3ley"}]},{"@type":"WebSite","@id":"https:\/\/diarioprincipios.com\/#website","url":"https:\/\/diarioprincipios.com\/","name":"Principios","description":"Principios Diario","publisher":{"@id":"https:\/\/diarioprincipios.com\/#organization"},"potentialAction":[{"@type":"SearchAction","target":{"@type":"EntryPoint","urlTemplate":"https:\/\/diarioprincipios.com\/?s={search_term_string}"},"query-input":{"@type":"PropertyValueSpecification","valueRequired":true,"valueName":"search_term_string"}}],"inLanguage":"es"},{"@type":"Organization","@id":"https:\/\/diarioprincipios.com\/#organization","name":"Principios","url":"https:\/\/diarioprincipios.com\/","logo":{"@type":"ImageObject","inLanguage":"es","@id":"https:\/\/diarioprincipios.com\/#\/schema\/logo\/image\/","url":"https:\/\/diarioprincipios.com\/wp-content\/uploads\/2024\/04\/cropped-www.diarioprincipios.com_-1.png","contentUrl":"https:\/\/diarioprincipios.com\/wp-content\/uploads\/2024\/04\/cropped-www.diarioprincipios.com_-1.png","width":5325,"height":1454,"caption":"Principios"},"image":{"@id":"https:\/\/diarioprincipios.com\/#\/schema\/logo\/image\/"}},{"@type":"Person","@id":"https:\/\/diarioprincipios.com\/#\/schema\/person\/436d5a1fd41a5e250e23ff5a6a7cb080","name":"Hern\u00e1n L\u00f3pez","image":{"@type":"ImageObject","inLanguage":"es","@id":"https:\/\/diarioprincipios.com\/wp-content\/litespeed\/avatar\/11ddfe5610ff3bd100522525b2571f48.jpg?ver=1777653193","url":"https:\/\/diarioprincipios.com\/wp-content\/litespeed\/avatar\/11ddfe5610ff3bd100522525b2571f48.jpg?ver=1777653193","contentUrl":"https:\/\/diarioprincipios.com\/wp-content\/litespeed\/avatar\/11ddfe5610ff3bd100522525b2571f48.jpg?ver=1777653193","caption":"Hern\u00e1n L\u00f3pez"},"url":"https:\/\/diarioprincipios.com\/index.php\/author\/hernan\/"}]}},"jetpack_featured_media_url":"https:\/\/diarioprincipios.com\/wp-content\/uploads\/2025\/08\/Screenshot_20250819_114430_Instagram.jpg","_links":{"self":[{"href":"https:\/\/diarioprincipios.com\/index.php\/wp-json\/wp\/v2\/posts\/25236","targetHints":{"allow":["GET"]}}],"collection":[{"href":"https:\/\/diarioprincipios.com\/index.php\/wp-json\/wp\/v2\/posts"}],"about":[{"href":"https:\/\/diarioprincipios.com\/index.php\/wp-json\/wp\/v2\/types\/post"}],"author":[{"embeddable":true,"href":"https:\/\/diarioprincipios.com\/index.php\/wp-json\/wp\/v2\/users\/2"}],"replies":[{"embeddable":true,"href":"https:\/\/diarioprincipios.com\/index.php\/wp-json\/wp\/v2\/comments?post=25236"}],"version-history":[{"count":1,"href":"https:\/\/diarioprincipios.com\/index.php\/wp-json\/wp\/v2\/posts\/25236\/revisions"}],"predecessor-version":[{"id":25243,"href":"https:\/\/diarioprincipios.com\/index.php\/wp-json\/wp\/v2\/posts\/25236\/revisions\/25243"}],"wp:featuredmedia":[{"embeddable":true,"href":"https:\/\/diarioprincipios.com\/index.php\/wp-json\/wp\/v2\/media\/25242"}],"wp:attachment":[{"href":"https:\/\/diarioprincipios.com\/index.php\/wp-json\/wp\/v2\/media?parent=25236"}],"wp:term":[{"taxonomy":"category","embeddable":true,"href":"https:\/\/diarioprincipios.com\/index.php\/wp-json\/wp\/v2\/categories?post=25236"},{"taxonomy":"post_tag","embeddable":true,"href":"https:\/\/diarioprincipios.com\/index.php\/wp-json\/wp\/v2\/tags?post=25236"}],"curies":[{"name":"wp","href":"https:\/\/api.w.org\/{rel}","templated":true}]}}