{"id":25216,"date":"2025-08-14T19:34:16","date_gmt":"2025-08-14T22:34:16","guid":{"rendered":"https:\/\/diarioprincipios.com\/?p=25216"},"modified":"2025-08-14T19:34:17","modified_gmt":"2025-08-14T22:34:17","slug":"gran-actuacion-de-matias-bogado-en-mundial-de-taekwondo-adaptado","status":"publish","type":"post","link":"https:\/\/diarioprincipios.com\/index.php\/2025\/08\/14\/gran-actuacion-de-matias-bogado-en-mundial-de-taekwondo-adaptado\/","title":{"rendered":"Gran actuaci\u00f3n de Matias Bogado en Mundial de Taekwondo Adaptado"},"content":{"rendered":"\n<p>El deportista berazateguense Matias Bogado, regres\u00f3 con tres medallas de Barcelona tras participar del 24 al 27 de Julio del Cuarto Campeonato Mundial de Taekwondo adaptado.<br>Cabe destacar que el primer Campeonato Mundial de la categor\u00eda se desarroll\u00f3 en 2016 en Londres, el segundo fue en Argentina en 2018 y el tercero en Amsterdan, Holanda.<br>Perteneciente a una familia apasionada por el Taekwondo, ya que su mam\u00e1 y hermanos practican tambi\u00e9n este deporte desde principios del a\u00f1o 2000, Matias regres\u00f3 de Barcelona con 1 medalla de oro y dos de plata, donde entre otros compiti\u00f3 con deportistas de Estados Unidos y Espa\u00f1a en un gran nivel.<\/p>\n\n\n\n<figure class=\"wp-block-image size-large\"><img loading=\"lazy\" decoding=\"async\" width=\"690\" height=\"1024\" src=\"https:\/\/diarioprincipios.com\/wp-content\/uploads\/2025\/08\/IMG-20250812-WA0045-690x1024.jpg\" alt=\"\" class=\"wp-image-25217\" srcset=\"https:\/\/diarioprincipios.com\/wp-content\/uploads\/2025\/08\/IMG-20250812-WA0045-690x1024.jpg 690w, https:\/\/diarioprincipios.com\/wp-content\/uploads\/2025\/08\/IMG-20250812-WA0045-202x300.jpg 202w, https:\/\/diarioprincipios.com\/wp-content\/uploads\/2025\/08\/IMG-20250812-WA0045.jpg 720w\" sizes=\"auto, (max-width: 690px) 100vw, 690px\" \/><\/figure>\n\n\n\n<p><br>La familia de Matias, que recibi\u00f3 a Principios en su casa de Berazategui, destac\u00f3 que \u00abel Taekwondo adaptado no hace lucha, por eso \u00e9l compiti\u00f3 en formas individual, donde sali\u00f3 subcampe\u00f3n y gan\u00f3 la medalla de plata, habilidades mixtas, donde los competidores demuestran en 40 segundos como se defender\u00edan de un ataque, obetiniendo alli tambi\u00e9n la medalla de plata y luego junto a otros dos competidores argentinos participaron en equipo haciendo formas y obtuvieron la medalla dorada\u00bb.<br>Matias, hoy de 39 a\u00f1os, comenz\u00f3 a practicar Taekwondo en el 2002, siguiendo el ejemplo de su mam\u00e1 y hermanos que empezaron poco antes, y desde entonces gan\u00f3 una importante cantidad de trofeos y medallas a nivel provincial, nacional e internacional.<\/p>\n\n\n\n<figure class=\"wp-block-image size-large\"><img loading=\"lazy\" decoding=\"async\" width=\"631\" height=\"1024\" src=\"https:\/\/diarioprincipios.com\/wp-content\/uploads\/2025\/08\/IMG-20250812-WA0044-631x1024.jpg\" alt=\"\" class=\"wp-image-25218\" srcset=\"https:\/\/diarioprincipios.com\/wp-content\/uploads\/2025\/08\/IMG-20250812-WA0044-631x1024.jpg 631w, https:\/\/diarioprincipios.com\/wp-content\/uploads\/2025\/08\/IMG-20250812-WA0044-185x300.jpg 185w, https:\/\/diarioprincipios.com\/wp-content\/uploads\/2025\/08\/IMG-20250812-WA0044.jpg 720w\" sizes=\"auto, (max-width: 631px) 100vw, 631px\" \/><\/figure>\n\n\n\n<p>Sus conquistas anteriores m\u00e1s relevantes fueron en el Mundial de Argentina del 2018 donde obtuvo una medalla dorada y otra de bronce. Tambi\u00e9n obtuvo medallas en el Mundial de Amsterdam y a lo largo de los \u00faltimos 20 a\u00f1os fue Campe\u00f3n Sudamericano, Campe\u00f3n Nacional y Campe\u00f3n en varios Torneos Provinciales.<\/p>\n\n\n\n<p>Cabe destacar que Argentina es uno de los pa\u00edses donde el Taekwondo Adaptado se encuentra m\u00e1s y mejor desarrollado, incluso que en pa\u00edses como Estados Unidos o Espa\u00f1a.<\/p>\n\n\n\n<p>Finalmente, desde la familia agradecieron \u00abel enorme apoyo de la comunidad, que siempre ha dicho presente para ayudarnos cada vez que Matias tuvo que viajar, costear su traslado y alojamiento, m\u00e1s el de su mam\u00e1 que lo acompa\u00f1a, sin dudas estar en cada competencia es una inversi\u00f3n importante y sin la gente hubiera sido imposible, por eso queremos agradecer epecialmente al Club Social Berazategui que colabor\u00f3 econ\u00f3micamente y adem\u00e1s cediendo sus instalaciones para eventos con fines recaudatorios, como asi tambi\u00e9n lo hizo el Sindicato del Vidrio que nos prest\u00f3 sus instalaciones para poder hacer eventos donde pudimos recaudar fondos para estar presentes en Barcelona\u00bb.<\/p>\n\n\n\n<figure class=\"wp-block-image size-large\"><img loading=\"lazy\" decoding=\"async\" width=\"524\" height=\"1024\" src=\"https:\/\/diarioprincipios.com\/wp-content\/uploads\/2025\/08\/IMG-20250812-WA0043-524x1024.jpg\" alt=\"\" class=\"wp-image-25219\" srcset=\"https:\/\/diarioprincipios.com\/wp-content\/uploads\/2025\/08\/IMG-20250812-WA0043-524x1024.jpg 524w, https:\/\/diarioprincipios.com\/wp-content\/uploads\/2025\/08\/IMG-20250812-WA0043-154x300.jpg 154w, https:\/\/diarioprincipios.com\/wp-content\/uploads\/2025\/08\/IMG-20250812-WA0043.jpg 720w\" sizes=\"auto, (max-width: 524px) 100vw, 524px\" \/><\/figure>\n\n\n\n<p>Matias practica dos veces por semana junto a sus hermanos, Diego, que es profesor de la especialidad en el Club Social, y en Provincias Unidas con su hermano Julian.<br>Quienes deseen sumarse o apoyar a este gran deportista pueden comunicarse con Diego al 115-469-5429.<\/p>\n","protected":false},"excerpt":{"rendered":"<p>El deportista berazateguense Matias Bogado, regres\u00f3 con tres medallas de Barcelona tras participar del 24 al 27 de Julio del Cuarto Campeonato Mundial de Taekwondo adaptado.Cabe destacar que el primer Campeonato Mundial de la categor\u00eda se desarroll\u00f3 en 2016 en Londres, el segundo fue en Argentina en 2018 y el tercero en Amsterdan, Holanda.Perteneciente a&#8230;<\/p>\n","protected":false},"author":2,"featured_media":25220,"comment_status":"open","ping_status":"open","sticky":false,"template":"","format":"standard","meta":{"footnotes":""},"categories":[6],"tags":[],"class_list":["post-25216","post","type-post","status-publish","format-standard","has-post-thumbnail","hentry","category-deportes"],"featured_image_src":"https:\/\/diarioprincipios.com\/wp-content\/uploads\/2025\/08\/IMG-20250812-WA0047-1024x1024.jpg","blog_images":{"medium":"https:\/\/diarioprincipios.com\/wp-content\/uploads\/2025\/08\/IMG-20250812-WA0047-300x300.jpg","large":"https:\/\/diarioprincipios.com\/wp-content\/uploads\/2025\/08\/IMG-20250812-WA0047-1024x1024.jpg"},"ams_acf":[],"yoast_head":"<!-- This site is optimized with the Yoast SEO plugin v27.3 - https:\/\/yoast.com\/product\/yoast-seo-wordpress\/ -->\n<title>Gran actuaci\u00f3n de Matias Bogado en Mundial de Taekwondo Adaptado - Principios<\/title>\n<meta name=\"robots\" content=\"index, follow, max-snippet:-1, max-image-preview:large, max-video-preview:-1\" \/>\n<link rel=\"canonical\" href=\"https:\/\/diarioprincipios.com\/index.php\/2025\/08\/14\/gran-actuacion-de-matias-bogado-en-mundial-de-taekwondo-adaptado\/\" \/>\n<meta property=\"og:locale\" content=\"es_ES\" \/>\n<meta property=\"og:type\" content=\"article\" \/>\n<meta property=\"og:title\" content=\"Gran actuaci\u00f3n de Matias Bogado en Mundial de Taekwondo Adaptado - Principios\" \/>\n<meta property=\"og:description\" content=\"El deportista berazateguense Matias Bogado, regres\u00f3 con tres medallas de Barcelona tras participar del 24 al 27 de Julio del Cuarto Campeonato Mundial de Taekwondo adaptado.Cabe destacar que el primer Campeonato Mundial de la categor\u00eda se desarroll\u00f3 en 2016 en Londres, el segundo fue en Argentina en 2018 y el tercero en Amsterdan, Holanda.Perteneciente a...\" \/>\n<meta property=\"og:url\" content=\"https:\/\/diarioprincipios.com\/index.php\/2025\/08\/14\/gran-actuacion-de-matias-bogado-en-mundial-de-taekwondo-adaptado\/\" \/>\n<meta property=\"og:site_name\" content=\"Principios\" \/>\n<meta property=\"article:published_time\" content=\"2025-08-14T22:34:16+00:00\" \/>\n<meta property=\"article:modified_time\" content=\"2025-08-14T22:34:17+00:00\" \/>\n<meta property=\"og:image\" content=\"https:\/\/diarioprincipios.com\/wp-content\/uploads\/2025\/08\/IMG-20250812-WA0047.jpg\" \/>\n\t<meta property=\"og:image:width\" content=\"1200\" \/>\n\t<meta property=\"og:image:height\" content=\"1200\" \/>\n\t<meta property=\"og:image:type\" content=\"image\/jpeg\" \/>\n<meta name=\"author\" content=\"Hern\u00e1n L\u00f3pez\" \/>\n<meta name=\"twitter:card\" content=\"summary_large_image\" \/>\n<meta name=\"twitter:label1\" content=\"Escrito por\" \/>\n\t<meta name=\"twitter:data1\" content=\"Hern\u00e1n L\u00f3pez\" \/>\n\t<meta name=\"twitter:label2\" content=\"Tiempo de lectura\" \/>\n\t<meta name=\"twitter:data2\" content=\"3 minutos\" \/>\n<script type=\"application\/ld+json\" class=\"yoast-schema-graph\">{\"@context\":\"https:\\\/\\\/schema.org\",\"@graph\":[{\"@type\":\"Article\",\"@id\":\"https:\\\/\\\/diarioprincipios.com\\\/index.php\\\/2025\\\/08\\\/14\\\/gran-actuacion-de-matias-bogado-en-mundial-de-taekwondo-adaptado\\\/#article\",\"isPartOf\":{\"@id\":\"https:\\\/\\\/diarioprincipios.com\\\/index.php\\\/2025\\\/08\\\/14\\\/gran-actuacion-de-matias-bogado-en-mundial-de-taekwondo-adaptado\\\/\"},\"author\":{\"name\":\"Hern\u00e1n L\u00f3pez\",\"@id\":\"https:\\\/\\\/diarioprincipios.com\\\/#\\\/schema\\\/person\\\/436d5a1fd41a5e250e23ff5a6a7cb080\"},\"headline\":\"Gran actuaci\u00f3n de Matias Bogado en Mundial de Taekwondo Adaptado\",\"datePublished\":\"2025-08-14T22:34:16+00:00\",\"dateModified\":\"2025-08-14T22:34:17+00:00\",\"mainEntityOfPage\":{\"@id\":\"https:\\\/\\\/diarioprincipios.com\\\/index.php\\\/2025\\\/08\\\/14\\\/gran-actuacion-de-matias-bogado-en-mundial-de-taekwondo-adaptado\\\/\"},\"wordCount\":475,\"commentCount\":0,\"publisher\":{\"@id\":\"https:\\\/\\\/diarioprincipios.com\\\/#organization\"},\"image\":{\"@id\":\"https:\\\/\\\/diarioprincipios.com\\\/index.php\\\/2025\\\/08\\\/14\\\/gran-actuacion-de-matias-bogado-en-mundial-de-taekwondo-adaptado\\\/#primaryimage\"},\"thumbnailUrl\":\"https:\\\/\\\/diarioprincipios.com\\\/wp-content\\\/uploads\\\/2025\\\/08\\\/IMG-20250812-WA0047.jpg\",\"articleSection\":[\"Deportes\"],\"inLanguage\":\"es\",\"potentialAction\":[{\"@type\":\"CommentAction\",\"name\":\"Comment\",\"target\":[\"https:\\\/\\\/diarioprincipios.com\\\/index.php\\\/2025\\\/08\\\/14\\\/gran-actuacion-de-matias-bogado-en-mundial-de-taekwondo-adaptado\\\/#respond\"]}]},{\"@type\":\"WebPage\",\"@id\":\"https:\\\/\\\/diarioprincipios.com\\\/index.php\\\/2025\\\/08\\\/14\\\/gran-actuacion-de-matias-bogado-en-mundial-de-taekwondo-adaptado\\\/\",\"url\":\"https:\\\/\\\/diarioprincipios.com\\\/index.php\\\/2025\\\/08\\\/14\\\/gran-actuacion-de-matias-bogado-en-mundial-de-taekwondo-adaptado\\\/\",\"name\":\"Gran actuaci\u00f3n de Matias Bogado en Mundial de Taekwondo Adaptado - Principios\",\"isPartOf\":{\"@id\":\"https:\\\/\\\/diarioprincipios.com\\\/#website\"},\"primaryImageOfPage\":{\"@id\":\"https:\\\/\\\/diarioprincipios.com\\\/index.php\\\/2025\\\/08\\\/14\\\/gran-actuacion-de-matias-bogado-en-mundial-de-taekwondo-adaptado\\\/#primaryimage\"},\"image\":{\"@id\":\"https:\\\/\\\/diarioprincipios.com\\\/index.php\\\/2025\\\/08\\\/14\\\/gran-actuacion-de-matias-bogado-en-mundial-de-taekwondo-adaptado\\\/#primaryimage\"},\"thumbnailUrl\":\"https:\\\/\\\/diarioprincipios.com\\\/wp-content\\\/uploads\\\/2025\\\/08\\\/IMG-20250812-WA0047.jpg\",\"datePublished\":\"2025-08-14T22:34:16+00:00\",\"dateModified\":\"2025-08-14T22:34:17+00:00\",\"breadcrumb\":{\"@id\":\"https:\\\/\\\/diarioprincipios.com\\\/index.php\\\/2025\\\/08\\\/14\\\/gran-actuacion-de-matias-bogado-en-mundial-de-taekwondo-adaptado\\\/#breadcrumb\"},\"inLanguage\":\"es\",\"potentialAction\":[{\"@type\":\"ReadAction\",\"target\":[\"https:\\\/\\\/diarioprincipios.com\\\/index.php\\\/2025\\\/08\\\/14\\\/gran-actuacion-de-matias-bogado-en-mundial-de-taekwondo-adaptado\\\/\"]}]},{\"@type\":\"ImageObject\",\"inLanguage\":\"es\",\"@id\":\"https:\\\/\\\/diarioprincipios.com\\\/index.php\\\/2025\\\/08\\\/14\\\/gran-actuacion-de-matias-bogado-en-mundial-de-taekwondo-adaptado\\\/#primaryimage\",\"url\":\"https:\\\/\\\/diarioprincipios.com\\\/wp-content\\\/uploads\\\/2025\\\/08\\\/IMG-20250812-WA0047.jpg\",\"contentUrl\":\"https:\\\/\\\/diarioprincipios.com\\\/wp-content\\\/uploads\\\/2025\\\/08\\\/IMG-20250812-WA0047.jpg\",\"width\":1200,\"height\":1200},{\"@type\":\"BreadcrumbList\",\"@id\":\"https:\\\/\\\/diarioprincipios.com\\\/index.php\\\/2025\\\/08\\\/14\\\/gran-actuacion-de-matias-bogado-en-mundial-de-taekwondo-adaptado\\\/#breadcrumb\",\"itemListElement\":[{\"@type\":\"ListItem\",\"position\":1,\"name\":\"Portada\",\"item\":\"https:\\\/\\\/diarioprincipios.com\\\/\"},{\"@type\":\"ListItem\",\"position\":2,\"name\":\"Gran actuaci\u00f3n de Matias Bogado en Mundial de Taekwondo Adaptado\"}]},{\"@type\":\"WebSite\",\"@id\":\"https:\\\/\\\/diarioprincipios.com\\\/#website\",\"url\":\"https:\\\/\\\/diarioprincipios.com\\\/\",\"name\":\"Principios\",\"description\":\"Principios Diario\",\"publisher\":{\"@id\":\"https:\\\/\\\/diarioprincipios.com\\\/#organization\"},\"potentialAction\":[{\"@type\":\"SearchAction\",\"target\":{\"@type\":\"EntryPoint\",\"urlTemplate\":\"https:\\\/\\\/diarioprincipios.com\\\/?s={search_term_string}\"},\"query-input\":{\"@type\":\"PropertyValueSpecification\",\"valueRequired\":true,\"valueName\":\"search_term_string\"}}],\"inLanguage\":\"es\"},{\"@type\":\"Organization\",\"@id\":\"https:\\\/\\\/diarioprincipios.com\\\/#organization\",\"name\":\"Principios\",\"url\":\"https:\\\/\\\/diarioprincipios.com\\\/\",\"logo\":{\"@type\":\"ImageObject\",\"inLanguage\":\"es\",\"@id\":\"https:\\\/\\\/diarioprincipios.com\\\/#\\\/schema\\\/logo\\\/image\\\/\",\"url\":\"https:\\\/\\\/diarioprincipios.com\\\/wp-content\\\/uploads\\\/2024\\\/04\\\/cropped-www.diarioprincipios.com_-1.png\",\"contentUrl\":\"https:\\\/\\\/diarioprincipios.com\\\/wp-content\\\/uploads\\\/2024\\\/04\\\/cropped-www.diarioprincipios.com_-1.png\",\"width\":5325,\"height\":1454,\"caption\":\"Principios\"},\"image\":{\"@id\":\"https:\\\/\\\/diarioprincipios.com\\\/#\\\/schema\\\/logo\\\/image\\\/\"}},{\"@type\":\"Person\",\"@id\":\"https:\\\/\\\/diarioprincipios.com\\\/#\\\/schema\\\/person\\\/436d5a1fd41a5e250e23ff5a6a7cb080\",\"name\":\"Hern\u00e1n L\u00f3pez\",\"image\":{\"@type\":\"ImageObject\",\"inLanguage\":\"es\",\"@id\":\"https:\\\/\\\/diarioprincipios.com\\\/wp-content\\\/litespeed\\\/avatar\\\/11ddfe5610ff3bd100522525b2571f48.jpg?ver=1777653193\",\"url\":\"https:\\\/\\\/diarioprincipios.com\\\/wp-content\\\/litespeed\\\/avatar\\\/11ddfe5610ff3bd100522525b2571f48.jpg?ver=1777653193\",\"contentUrl\":\"https:\\\/\\\/diarioprincipios.com\\\/wp-content\\\/litespeed\\\/avatar\\\/11ddfe5610ff3bd100522525b2571f48.jpg?ver=1777653193\",\"caption\":\"Hern\u00e1n L\u00f3pez\"},\"url\":\"https:\\\/\\\/diarioprincipios.com\\\/index.php\\\/author\\\/hernan\\\/\"}]}<\/script>\n<!-- \/ Yoast SEO plugin. -->","yoast_head_json":{"title":"Gran actuaci\u00f3n de Matias Bogado en Mundial de Taekwondo Adaptado - Principios","robots":{"index":"index","follow":"follow","max-snippet":"max-snippet:-1","max-image-preview":"max-image-preview:large","max-video-preview":"max-video-preview:-1"},"canonical":"https:\/\/diarioprincipios.com\/index.php\/2025\/08\/14\/gran-actuacion-de-matias-bogado-en-mundial-de-taekwondo-adaptado\/","og_locale":"es_ES","og_type":"article","og_title":"Gran actuaci\u00f3n de Matias Bogado en Mundial de Taekwondo Adaptado - Principios","og_description":"El deportista berazateguense Matias Bogado, regres\u00f3 con tres medallas de Barcelona tras participar del 24 al 27 de Julio del Cuarto Campeonato Mundial de Taekwondo adaptado.Cabe destacar que el primer Campeonato Mundial de la categor\u00eda se desarroll\u00f3 en 2016 en Londres, el segundo fue en Argentina en 2018 y el tercero en Amsterdan, Holanda.Perteneciente a...","og_url":"https:\/\/diarioprincipios.com\/index.php\/2025\/08\/14\/gran-actuacion-de-matias-bogado-en-mundial-de-taekwondo-adaptado\/","og_site_name":"Principios","article_published_time":"2025-08-14T22:34:16+00:00","article_modified_time":"2025-08-14T22:34:17+00:00","og_image":[{"width":1200,"height":1200,"url":"https:\/\/diarioprincipios.com\/wp-content\/uploads\/2025\/08\/IMG-20250812-WA0047.jpg","type":"image\/jpeg"}],"author":"Hern\u00e1n L\u00f3pez","twitter_card":"summary_large_image","twitter_misc":{"Escrito por":"Hern\u00e1n L\u00f3pez","Tiempo de lectura":"3 minutos"},"schema":{"@context":"https:\/\/schema.org","@graph":[{"@type":"Article","@id":"https:\/\/diarioprincipios.com\/index.php\/2025\/08\/14\/gran-actuacion-de-matias-bogado-en-mundial-de-taekwondo-adaptado\/#article","isPartOf":{"@id":"https:\/\/diarioprincipios.com\/index.php\/2025\/08\/14\/gran-actuacion-de-matias-bogado-en-mundial-de-taekwondo-adaptado\/"},"author":{"name":"Hern\u00e1n L\u00f3pez","@id":"https:\/\/diarioprincipios.com\/#\/schema\/person\/436d5a1fd41a5e250e23ff5a6a7cb080"},"headline":"Gran actuaci\u00f3n de Matias Bogado en Mundial de Taekwondo Adaptado","datePublished":"2025-08-14T22:34:16+00:00","dateModified":"2025-08-14T22:34:17+00:00","mainEntityOfPage":{"@id":"https:\/\/diarioprincipios.com\/index.php\/2025\/08\/14\/gran-actuacion-de-matias-bogado-en-mundial-de-taekwondo-adaptado\/"},"wordCount":475,"commentCount":0,"publisher":{"@id":"https:\/\/diarioprincipios.com\/#organization"},"image":{"@id":"https:\/\/diarioprincipios.com\/index.php\/2025\/08\/14\/gran-actuacion-de-matias-bogado-en-mundial-de-taekwondo-adaptado\/#primaryimage"},"thumbnailUrl":"https:\/\/diarioprincipios.com\/wp-content\/uploads\/2025\/08\/IMG-20250812-WA0047.jpg","articleSection":["Deportes"],"inLanguage":"es","potentialAction":[{"@type":"CommentAction","name":"Comment","target":["https:\/\/diarioprincipios.com\/index.php\/2025\/08\/14\/gran-actuacion-de-matias-bogado-en-mundial-de-taekwondo-adaptado\/#respond"]}]},{"@type":"WebPage","@id":"https:\/\/diarioprincipios.com\/index.php\/2025\/08\/14\/gran-actuacion-de-matias-bogado-en-mundial-de-taekwondo-adaptado\/","url":"https:\/\/diarioprincipios.com\/index.php\/2025\/08\/14\/gran-actuacion-de-matias-bogado-en-mundial-de-taekwondo-adaptado\/","name":"Gran actuaci\u00f3n de Matias Bogado en Mundial de Taekwondo Adaptado - Principios","isPartOf":{"@id":"https:\/\/diarioprincipios.com\/#website"},"primaryImageOfPage":{"@id":"https:\/\/diarioprincipios.com\/index.php\/2025\/08\/14\/gran-actuacion-de-matias-bogado-en-mundial-de-taekwondo-adaptado\/#primaryimage"},"image":{"@id":"https:\/\/diarioprincipios.com\/index.php\/2025\/08\/14\/gran-actuacion-de-matias-bogado-en-mundial-de-taekwondo-adaptado\/#primaryimage"},"thumbnailUrl":"https:\/\/diarioprincipios.com\/wp-content\/uploads\/2025\/08\/IMG-20250812-WA0047.jpg","datePublished":"2025-08-14T22:34:16+00:00","dateModified":"2025-08-14T22:34:17+00:00","breadcrumb":{"@id":"https:\/\/diarioprincipios.com\/index.php\/2025\/08\/14\/gran-actuacion-de-matias-bogado-en-mundial-de-taekwondo-adaptado\/#breadcrumb"},"inLanguage":"es","potentialAction":[{"@type":"ReadAction","target":["https:\/\/diarioprincipios.com\/index.php\/2025\/08\/14\/gran-actuacion-de-matias-bogado-en-mundial-de-taekwondo-adaptado\/"]}]},{"@type":"ImageObject","inLanguage":"es","@id":"https:\/\/diarioprincipios.com\/index.php\/2025\/08\/14\/gran-actuacion-de-matias-bogado-en-mundial-de-taekwondo-adaptado\/#primaryimage","url":"https:\/\/diarioprincipios.com\/wp-content\/uploads\/2025\/08\/IMG-20250812-WA0047.jpg","contentUrl":"https:\/\/diarioprincipios.com\/wp-content\/uploads\/2025\/08\/IMG-20250812-WA0047.jpg","width":1200,"height":1200},{"@type":"BreadcrumbList","@id":"https:\/\/diarioprincipios.com\/index.php\/2025\/08\/14\/gran-actuacion-de-matias-bogado-en-mundial-de-taekwondo-adaptado\/#breadcrumb","itemListElement":[{"@type":"ListItem","position":1,"name":"Portada","item":"https:\/\/diarioprincipios.com\/"},{"@type":"ListItem","position":2,"name":"Gran actuaci\u00f3n de Matias Bogado en Mundial de Taekwondo Adaptado"}]},{"@type":"WebSite","@id":"https:\/\/diarioprincipios.com\/#website","url":"https:\/\/diarioprincipios.com\/","name":"Principios","description":"Principios Diario","publisher":{"@id":"https:\/\/diarioprincipios.com\/#organization"},"potentialAction":[{"@type":"SearchAction","target":{"@type":"EntryPoint","urlTemplate":"https:\/\/diarioprincipios.com\/?s={search_term_string}"},"query-input":{"@type":"PropertyValueSpecification","valueRequired":true,"valueName":"search_term_string"}}],"inLanguage":"es"},{"@type":"Organization","@id":"https:\/\/diarioprincipios.com\/#organization","name":"Principios","url":"https:\/\/diarioprincipios.com\/","logo":{"@type":"ImageObject","inLanguage":"es","@id":"https:\/\/diarioprincipios.com\/#\/schema\/logo\/image\/","url":"https:\/\/diarioprincipios.com\/wp-content\/uploads\/2024\/04\/cropped-www.diarioprincipios.com_-1.png","contentUrl":"https:\/\/diarioprincipios.com\/wp-content\/uploads\/2024\/04\/cropped-www.diarioprincipios.com_-1.png","width":5325,"height":1454,"caption":"Principios"},"image":{"@id":"https:\/\/diarioprincipios.com\/#\/schema\/logo\/image\/"}},{"@type":"Person","@id":"https:\/\/diarioprincipios.com\/#\/schema\/person\/436d5a1fd41a5e250e23ff5a6a7cb080","name":"Hern\u00e1n L\u00f3pez","image":{"@type":"ImageObject","inLanguage":"es","@id":"https:\/\/diarioprincipios.com\/wp-content\/litespeed\/avatar\/11ddfe5610ff3bd100522525b2571f48.jpg?ver=1777653193","url":"https:\/\/diarioprincipios.com\/wp-content\/litespeed\/avatar\/11ddfe5610ff3bd100522525b2571f48.jpg?ver=1777653193","contentUrl":"https:\/\/diarioprincipios.com\/wp-content\/litespeed\/avatar\/11ddfe5610ff3bd100522525b2571f48.jpg?ver=1777653193","caption":"Hern\u00e1n L\u00f3pez"},"url":"https:\/\/diarioprincipios.com\/index.php\/author\/hernan\/"}]}},"jetpack_featured_media_url":"https:\/\/diarioprincipios.com\/wp-content\/uploads\/2025\/08\/IMG-20250812-WA0047.jpg","_links":{"self":[{"href":"https:\/\/diarioprincipios.com\/index.php\/wp-json\/wp\/v2\/posts\/25216","targetHints":{"allow":["GET"]}}],"collection":[{"href":"https:\/\/diarioprincipios.com\/index.php\/wp-json\/wp\/v2\/posts"}],"about":[{"href":"https:\/\/diarioprincipios.com\/index.php\/wp-json\/wp\/v2\/types\/post"}],"author":[{"embeddable":true,"href":"https:\/\/diarioprincipios.com\/index.php\/wp-json\/wp\/v2\/users\/2"}],"replies":[{"embeddable":true,"href":"https:\/\/diarioprincipios.com\/index.php\/wp-json\/wp\/v2\/comments?post=25216"}],"version-history":[{"count":1,"href":"https:\/\/diarioprincipios.com\/index.php\/wp-json\/wp\/v2\/posts\/25216\/revisions"}],"predecessor-version":[{"id":25221,"href":"https:\/\/diarioprincipios.com\/index.php\/wp-json\/wp\/v2\/posts\/25216\/revisions\/25221"}],"wp:featuredmedia":[{"embeddable":true,"href":"https:\/\/diarioprincipios.com\/index.php\/wp-json\/wp\/v2\/media\/25220"}],"wp:attachment":[{"href":"https:\/\/diarioprincipios.com\/index.php\/wp-json\/wp\/v2\/media?parent=25216"}],"wp:term":[{"taxonomy":"category","embeddable":true,"href":"https:\/\/diarioprincipios.com\/index.php\/wp-json\/wp\/v2\/categories?post=25216"},{"taxonomy":"post_tag","embeddable":true,"href":"https:\/\/diarioprincipios.com\/index.php\/wp-json\/wp\/v2\/tags?post=25216"}],"curies":[{"name":"wp","href":"https:\/\/api.w.org\/{rel}","templated":true}]}}