{"id":25208,"date":"2025-08-13T16:51:44","date_gmt":"2025-08-13T19:51:44","guid":{"rendered":"https:\/\/diarioprincipios.com\/?p=25208"},"modified":"2025-08-13T16:51:44","modified_gmt":"2025-08-13T19:51:44","slug":"mussi-cuidamos-el-comercio-local-para-que-la-plata-de-los-berazateguenses-se-quede-en-berazategui","status":"publish","type":"post","link":"https:\/\/diarioprincipios.com\/index.php\/2025\/08\/13\/mussi-cuidamos-el-comercio-local-para-que-la-plata-de-los-berazateguenses-se-quede-en-berazategui\/","title":{"rendered":"Mussi: \u201cCuidamos el comercio local para que la plata de los berazateguenses se quede en Berazategui\u201d"},"content":{"rendered":"\n<p>El Candidato de Berazategui fue nuevamente entrevistado por vecinos en su canal de YouTube<\/p>\n\n\n\n<p>El martes 12 de agosto se estren\u00f3 el segundo cap\u00edtulo de \u201cEntre Vecinos\u201d, un ciclo de entrevistas donde un grupo de berazateguenses dialogan e interpelan, sobre temas de inter\u00e9s, a Juan Jos\u00e9 Mussi, intendente y candidato testimonial a primer concejal por Fuerza Patria en las Elecciones de septiembre pr\u00f3ximo. En este caso, la tem\u00e1tica gir\u00f3 en torno a las pol\u00edticas p\u00fablicas que favorecieron la creaci\u00f3n de 13 parques industriales en la ciudad, a los emprendedores y al comercio local.<\/p>\n\n\n\n<p>\u201cA mis 12 a\u00f1os pudimos salir de vacaciones con mi familia por primera vez; mi viejo zaf\u00f3 trabajando. Entonces cuando asum\u00ed la Intendencia empezamos a ver c\u00f3mo generar empleo y nos encontramos con la ex f\u00e1brica Sniafa, donde trabaj\u00e9 siendo joven para poder estudiar\u201d, detall\u00f3 Mussi. \u201cAll\u00ed, un grupo de industriales de Berazategui y de otros lados quer\u00eda venir y conformar un Parque Industrial. Yo cre\u00eda que estaban locos porque los galpones se ca\u00edan a pedazos. Sin embargo, con sus sue\u00f1os, utop\u00edas y proponi\u00e9ndoselo, transformaron eso en el Parque Industrial Pl\u00e1tanos. Despu\u00e9s se sumaron 11 parques m\u00e1s y ahora se est\u00e1 haciendo el n\u00famero 13 (el Tecnol\u00f3gico)\u201d, explic\u00f3.<\/p>\n\n\n\n<figure class=\"wp-block-image size-large\"><img loading=\"lazy\" decoding=\"async\" width=\"1024\" height=\"768\" src=\"https:\/\/diarioprincipios.com\/wp-content\/uploads\/2025\/08\/IMG-20250813-WA0071-1024x768.jpg\" alt=\"\" class=\"wp-image-25209\" srcset=\"https:\/\/diarioprincipios.com\/wp-content\/uploads\/2025\/08\/IMG-20250813-WA0071-1024x768.jpg 1024w, https:\/\/diarioprincipios.com\/wp-content\/uploads\/2025\/08\/IMG-20250813-WA0071-300x225.jpg 300w, https:\/\/diarioprincipios.com\/wp-content\/uploads\/2025\/08\/IMG-20250813-WA0071-768x576.jpg 768w, https:\/\/diarioprincipios.com\/wp-content\/uploads\/2025\/08\/IMG-20250813-WA0071-1536x1152.jpg 1536w, https:\/\/diarioprincipios.com\/wp-content\/uploads\/2025\/08\/IMG-20250813-WA0071.jpg 1600w\" sizes=\"auto, (max-width: 1024px) 100vw, 1024px\" \/><\/figure>\n\n\n\n<p>Respecto a esa gran cantidad de empresas y parques radicados en Berazategui hoy, el Candidato afirm\u00f3: \u201cPara nosotros es un orgullo ser la Ciudad de los Parques Industriales porque entre eso y los 26 barrios cerrados que tenemos, le dimos trabajo a la gente\u201d. Y exclam\u00f3: \u201cHasta un hotel Sheraton tenemos\u201d.<\/p>\n\n\n\n<p>En cuanto a las pol\u00edticas que apuntan a cuidar el trabajo y el desarrollo productivo fronteras adentro, indic\u00f3: \u201cYo les pido a los inversionistas que nos den trabajo para los vecinos. En el Municipio tenemos una Bolsa de trabajo y, para m\u00ed, conseguirle trabajo a una familia es muy importante. A los industriales les buscamos soluciones, tratamos de que todos se queden en Berazategui, les damos beneficios. A los supermercados les exigimos que exhiban los productos que se elaboran en este distrito, para cerrar el c\u00edrculo: que la plata de los de Berazategui se quede en Berazategui, as\u00ed entre todos andamos mejor\u201d.<\/p>\n\n\n\n<p>Cuando fue consultado sobre las posibilidades para emprendedores, el Intendente cont\u00f3 que \u201ctenemos el Programa Emprender y tambi\u00e9n cursos de oficios y de cultura para ellos. Aceptamos los emprendimientos y les buscamos espacios para vender\u201d. Adem\u00e1s, aprovech\u00f3 para recordar que \u201cen Berazategui no tenemos hipermercados porque, hace casi 40 a\u00f1os, hicimos un estudio con la Facultad de Ciencias Exactas. Nos daban 400 puestos de trabajo y nos hac\u00edan cerrar comercios que nos significaban 1.100 puestos. Adem\u00e1s, cuando eliminaban la competencia, los precios que eran buenos dejaban de ser buenos y la calidad que era buena dejaba de ser buena. Y lo m\u00e1s importante de todo es que el comercio local deja su plata ac\u00e1; en cambio ellos se la llevan afuera porque son multinacionales. Entonces lo hicimos para cuidar el comercio local\u201d, finaliz\u00f3 orgulloso.<\/p>\n\n\n\n<p>El programa de entrevistas, donde participan una docente, un empresario industrial, un estudiante, un chofer, un comerciante y una jubilada, se puede ver por el canal oficial de YouTube del Intendente (@jjosemussi)<\/p>\n","protected":false},"excerpt":{"rendered":"<p>El Candidato de Berazategui fue nuevamente entrevistado por vecinos en su canal de YouTube El martes 12 de agosto se estren\u00f3 el segundo cap\u00edtulo de \u201cEntre Vecinos\u201d, un ciclo de entrevistas donde un grupo de berazateguenses dialogan e interpelan, sobre temas de inter\u00e9s, a Juan Jos\u00e9 Mussi, intendente y candidato testimonial a primer concejal por&#8230;<\/p>\n","protected":false},"author":2,"featured_media":25210,"comment_status":"open","ping_status":"open","sticky":false,"template":"","format":"standard","meta":{"footnotes":""},"categories":[3],"tags":[],"class_list":["post-25208","post","type-post","status-publish","format-standard","has-post-thumbnail","hentry","category-berazategui"],"featured_image_src":"https:\/\/diarioprincipios.com\/wp-content\/uploads\/2025\/08\/IMG-20250813-WA0072-1024x768.jpg","blog_images":{"medium":"https:\/\/diarioprincipios.com\/wp-content\/uploads\/2025\/08\/IMG-20250813-WA0072-300x225.jpg","large":"https:\/\/diarioprincipios.com\/wp-content\/uploads\/2025\/08\/IMG-20250813-WA0072-1024x768.jpg"},"ams_acf":[],"yoast_head":"<!-- This site is optimized with the Yoast SEO plugin v27.3 - https:\/\/yoast.com\/product\/yoast-seo-wordpress\/ -->\n<title>Mussi: \u201cCuidamos el comercio local para que la plata de los berazateguenses se quede en Berazategui\u201d - Principios<\/title>\n<meta name=\"robots\" content=\"index, follow, max-snippet:-1, max-image-preview:large, max-video-preview:-1\" \/>\n<link rel=\"canonical\" href=\"https:\/\/diarioprincipios.com\/index.php\/2025\/08\/13\/mussi-cuidamos-el-comercio-local-para-que-la-plata-de-los-berazateguenses-se-quede-en-berazategui\/\" \/>\n<meta property=\"og:locale\" content=\"es_ES\" \/>\n<meta property=\"og:type\" content=\"article\" \/>\n<meta property=\"og:title\" content=\"Mussi: \u201cCuidamos el comercio local para que la plata de los berazateguenses se quede en Berazategui\u201d - Principios\" \/>\n<meta property=\"og:description\" content=\"El Candidato de Berazategui fue nuevamente entrevistado por vecinos en su canal de YouTube El martes 12 de agosto se estren\u00f3 el segundo cap\u00edtulo de \u201cEntre Vecinos\u201d, un ciclo de entrevistas donde un grupo de berazateguenses dialogan e interpelan, sobre temas de inter\u00e9s, a Juan Jos\u00e9 Mussi, intendente y candidato testimonial a primer concejal por...\" \/>\n<meta property=\"og:url\" content=\"https:\/\/diarioprincipios.com\/index.php\/2025\/08\/13\/mussi-cuidamos-el-comercio-local-para-que-la-plata-de-los-berazateguenses-se-quede-en-berazategui\/\" \/>\n<meta property=\"og:site_name\" content=\"Principios\" \/>\n<meta property=\"article:published_time\" content=\"2025-08-13T19:51:44+00:00\" \/>\n<meta property=\"og:image\" content=\"https:\/\/diarioprincipios.com\/wp-content\/uploads\/2025\/08\/IMG-20250813-WA0072.jpg\" \/>\n\t<meta property=\"og:image:width\" content=\"1600\" \/>\n\t<meta property=\"og:image:height\" content=\"1200\" \/>\n\t<meta property=\"og:image:type\" content=\"image\/jpeg\" \/>\n<meta name=\"author\" content=\"Hern\u00e1n L\u00f3pez\" \/>\n<meta name=\"twitter:card\" content=\"summary_large_image\" \/>\n<meta name=\"twitter:label1\" content=\"Escrito por\" \/>\n\t<meta name=\"twitter:data1\" content=\"Hern\u00e1n L\u00f3pez\" \/>\n\t<meta name=\"twitter:label2\" content=\"Tiempo de lectura\" \/>\n\t<meta name=\"twitter:data2\" content=\"3 minutos\" \/>\n<script type=\"application\/ld+json\" class=\"yoast-schema-graph\">{\"@context\":\"https:\\\/\\\/schema.org\",\"@graph\":[{\"@type\":\"Article\",\"@id\":\"https:\\\/\\\/diarioprincipios.com\\\/index.php\\\/2025\\\/08\\\/13\\\/mussi-cuidamos-el-comercio-local-para-que-la-plata-de-los-berazateguenses-se-quede-en-berazategui\\\/#article\",\"isPartOf\":{\"@id\":\"https:\\\/\\\/diarioprincipios.com\\\/index.php\\\/2025\\\/08\\\/13\\\/mussi-cuidamos-el-comercio-local-para-que-la-plata-de-los-berazateguenses-se-quede-en-berazategui\\\/\"},\"author\":{\"name\":\"Hern\u00e1n L\u00f3pez\",\"@id\":\"https:\\\/\\\/diarioprincipios.com\\\/#\\\/schema\\\/person\\\/436d5a1fd41a5e250e23ff5a6a7cb080\"},\"headline\":\"Mussi: \u201cCuidamos el comercio local para que la plata de los berazateguenses se quede en Berazategui\u201d\",\"datePublished\":\"2025-08-13T19:51:44+00:00\",\"mainEntityOfPage\":{\"@id\":\"https:\\\/\\\/diarioprincipios.com\\\/index.php\\\/2025\\\/08\\\/13\\\/mussi-cuidamos-el-comercio-local-para-que-la-plata-de-los-berazateguenses-se-quede-en-berazategui\\\/\"},\"wordCount\":556,\"commentCount\":0,\"publisher\":{\"@id\":\"https:\\\/\\\/diarioprincipios.com\\\/#organization\"},\"image\":{\"@id\":\"https:\\\/\\\/diarioprincipios.com\\\/index.php\\\/2025\\\/08\\\/13\\\/mussi-cuidamos-el-comercio-local-para-que-la-plata-de-los-berazateguenses-se-quede-en-berazategui\\\/#primaryimage\"},\"thumbnailUrl\":\"https:\\\/\\\/diarioprincipios.com\\\/wp-content\\\/uploads\\\/2025\\\/08\\\/IMG-20250813-WA0072.jpg\",\"articleSection\":[\"Berazategui\"],\"inLanguage\":\"es\",\"potentialAction\":[{\"@type\":\"CommentAction\",\"name\":\"Comment\",\"target\":[\"https:\\\/\\\/diarioprincipios.com\\\/index.php\\\/2025\\\/08\\\/13\\\/mussi-cuidamos-el-comercio-local-para-que-la-plata-de-los-berazateguenses-se-quede-en-berazategui\\\/#respond\"]}]},{\"@type\":\"WebPage\",\"@id\":\"https:\\\/\\\/diarioprincipios.com\\\/index.php\\\/2025\\\/08\\\/13\\\/mussi-cuidamos-el-comercio-local-para-que-la-plata-de-los-berazateguenses-se-quede-en-berazategui\\\/\",\"url\":\"https:\\\/\\\/diarioprincipios.com\\\/index.php\\\/2025\\\/08\\\/13\\\/mussi-cuidamos-el-comercio-local-para-que-la-plata-de-los-berazateguenses-se-quede-en-berazategui\\\/\",\"name\":\"Mussi: \u201cCuidamos el comercio local para que la plata de los berazateguenses se quede en Berazategui\u201d - Principios\",\"isPartOf\":{\"@id\":\"https:\\\/\\\/diarioprincipios.com\\\/#website\"},\"primaryImageOfPage\":{\"@id\":\"https:\\\/\\\/diarioprincipios.com\\\/index.php\\\/2025\\\/08\\\/13\\\/mussi-cuidamos-el-comercio-local-para-que-la-plata-de-los-berazateguenses-se-quede-en-berazategui\\\/#primaryimage\"},\"image\":{\"@id\":\"https:\\\/\\\/diarioprincipios.com\\\/index.php\\\/2025\\\/08\\\/13\\\/mussi-cuidamos-el-comercio-local-para-que-la-plata-de-los-berazateguenses-se-quede-en-berazategui\\\/#primaryimage\"},\"thumbnailUrl\":\"https:\\\/\\\/diarioprincipios.com\\\/wp-content\\\/uploads\\\/2025\\\/08\\\/IMG-20250813-WA0072.jpg\",\"datePublished\":\"2025-08-13T19:51:44+00:00\",\"breadcrumb\":{\"@id\":\"https:\\\/\\\/diarioprincipios.com\\\/index.php\\\/2025\\\/08\\\/13\\\/mussi-cuidamos-el-comercio-local-para-que-la-plata-de-los-berazateguenses-se-quede-en-berazategui\\\/#breadcrumb\"},\"inLanguage\":\"es\",\"potentialAction\":[{\"@type\":\"ReadAction\",\"target\":[\"https:\\\/\\\/diarioprincipios.com\\\/index.php\\\/2025\\\/08\\\/13\\\/mussi-cuidamos-el-comercio-local-para-que-la-plata-de-los-berazateguenses-se-quede-en-berazategui\\\/\"]}]},{\"@type\":\"ImageObject\",\"inLanguage\":\"es\",\"@id\":\"https:\\\/\\\/diarioprincipios.com\\\/index.php\\\/2025\\\/08\\\/13\\\/mussi-cuidamos-el-comercio-local-para-que-la-plata-de-los-berazateguenses-se-quede-en-berazategui\\\/#primaryimage\",\"url\":\"https:\\\/\\\/diarioprincipios.com\\\/wp-content\\\/uploads\\\/2025\\\/08\\\/IMG-20250813-WA0072.jpg\",\"contentUrl\":\"https:\\\/\\\/diarioprincipios.com\\\/wp-content\\\/uploads\\\/2025\\\/08\\\/IMG-20250813-WA0072.jpg\",\"width\":1600,\"height\":1200},{\"@type\":\"BreadcrumbList\",\"@id\":\"https:\\\/\\\/diarioprincipios.com\\\/index.php\\\/2025\\\/08\\\/13\\\/mussi-cuidamos-el-comercio-local-para-que-la-plata-de-los-berazateguenses-se-quede-en-berazategui\\\/#breadcrumb\",\"itemListElement\":[{\"@type\":\"ListItem\",\"position\":1,\"name\":\"Portada\",\"item\":\"https:\\\/\\\/diarioprincipios.com\\\/\"},{\"@type\":\"ListItem\",\"position\":2,\"name\":\"Mussi: \u201cCuidamos el comercio local para que la plata de los berazateguenses se quede en Berazategui\u201d\"}]},{\"@type\":\"WebSite\",\"@id\":\"https:\\\/\\\/diarioprincipios.com\\\/#website\",\"url\":\"https:\\\/\\\/diarioprincipios.com\\\/\",\"name\":\"Principios\",\"description\":\"Principios Diario\",\"publisher\":{\"@id\":\"https:\\\/\\\/diarioprincipios.com\\\/#organization\"},\"potentialAction\":[{\"@type\":\"SearchAction\",\"target\":{\"@type\":\"EntryPoint\",\"urlTemplate\":\"https:\\\/\\\/diarioprincipios.com\\\/?s={search_term_string}\"},\"query-input\":{\"@type\":\"PropertyValueSpecification\",\"valueRequired\":true,\"valueName\":\"search_term_string\"}}],\"inLanguage\":\"es\"},{\"@type\":\"Organization\",\"@id\":\"https:\\\/\\\/diarioprincipios.com\\\/#organization\",\"name\":\"Principios\",\"url\":\"https:\\\/\\\/diarioprincipios.com\\\/\",\"logo\":{\"@type\":\"ImageObject\",\"inLanguage\":\"es\",\"@id\":\"https:\\\/\\\/diarioprincipios.com\\\/#\\\/schema\\\/logo\\\/image\\\/\",\"url\":\"https:\\\/\\\/diarioprincipios.com\\\/wp-content\\\/uploads\\\/2024\\\/04\\\/cropped-www.diarioprincipios.com_-1.png\",\"contentUrl\":\"https:\\\/\\\/diarioprincipios.com\\\/wp-content\\\/uploads\\\/2024\\\/04\\\/cropped-www.diarioprincipios.com_-1.png\",\"width\":5325,\"height\":1454,\"caption\":\"Principios\"},\"image\":{\"@id\":\"https:\\\/\\\/diarioprincipios.com\\\/#\\\/schema\\\/logo\\\/image\\\/\"}},{\"@type\":\"Person\",\"@id\":\"https:\\\/\\\/diarioprincipios.com\\\/#\\\/schema\\\/person\\\/436d5a1fd41a5e250e23ff5a6a7cb080\",\"name\":\"Hern\u00e1n L\u00f3pez\",\"image\":{\"@type\":\"ImageObject\",\"inLanguage\":\"es\",\"@id\":\"https:\\\/\\\/diarioprincipios.com\\\/wp-content\\\/litespeed\\\/avatar\\\/11ddfe5610ff3bd100522525b2571f48.jpg?ver=1777653193\",\"url\":\"https:\\\/\\\/diarioprincipios.com\\\/wp-content\\\/litespeed\\\/avatar\\\/11ddfe5610ff3bd100522525b2571f48.jpg?ver=1777653193\",\"contentUrl\":\"https:\\\/\\\/diarioprincipios.com\\\/wp-content\\\/litespeed\\\/avatar\\\/11ddfe5610ff3bd100522525b2571f48.jpg?ver=1777653193\",\"caption\":\"Hern\u00e1n L\u00f3pez\"},\"url\":\"https:\\\/\\\/diarioprincipios.com\\\/index.php\\\/author\\\/hernan\\\/\"}]}<\/script>\n<!-- \/ Yoast SEO plugin. -->","yoast_head_json":{"title":"Mussi: \u201cCuidamos el comercio local para que la plata de los berazateguenses se quede en Berazategui\u201d - Principios","robots":{"index":"index","follow":"follow","max-snippet":"max-snippet:-1","max-image-preview":"max-image-preview:large","max-video-preview":"max-video-preview:-1"},"canonical":"https:\/\/diarioprincipios.com\/index.php\/2025\/08\/13\/mussi-cuidamos-el-comercio-local-para-que-la-plata-de-los-berazateguenses-se-quede-en-berazategui\/","og_locale":"es_ES","og_type":"article","og_title":"Mussi: \u201cCuidamos el comercio local para que la plata de los berazateguenses se quede en Berazategui\u201d - Principios","og_description":"El Candidato de Berazategui fue nuevamente entrevistado por vecinos en su canal de YouTube El martes 12 de agosto se estren\u00f3 el segundo cap\u00edtulo de \u201cEntre Vecinos\u201d, un ciclo de entrevistas donde un grupo de berazateguenses dialogan e interpelan, sobre temas de inter\u00e9s, a Juan Jos\u00e9 Mussi, intendente y candidato testimonial a primer concejal por...","og_url":"https:\/\/diarioprincipios.com\/index.php\/2025\/08\/13\/mussi-cuidamos-el-comercio-local-para-que-la-plata-de-los-berazateguenses-se-quede-en-berazategui\/","og_site_name":"Principios","article_published_time":"2025-08-13T19:51:44+00:00","og_image":[{"width":1600,"height":1200,"url":"https:\/\/diarioprincipios.com\/wp-content\/uploads\/2025\/08\/IMG-20250813-WA0072.jpg","type":"image\/jpeg"}],"author":"Hern\u00e1n L\u00f3pez","twitter_card":"summary_large_image","twitter_misc":{"Escrito por":"Hern\u00e1n L\u00f3pez","Tiempo de lectura":"3 minutos"},"schema":{"@context":"https:\/\/schema.org","@graph":[{"@type":"Article","@id":"https:\/\/diarioprincipios.com\/index.php\/2025\/08\/13\/mussi-cuidamos-el-comercio-local-para-que-la-plata-de-los-berazateguenses-se-quede-en-berazategui\/#article","isPartOf":{"@id":"https:\/\/diarioprincipios.com\/index.php\/2025\/08\/13\/mussi-cuidamos-el-comercio-local-para-que-la-plata-de-los-berazateguenses-se-quede-en-berazategui\/"},"author":{"name":"Hern\u00e1n L\u00f3pez","@id":"https:\/\/diarioprincipios.com\/#\/schema\/person\/436d5a1fd41a5e250e23ff5a6a7cb080"},"headline":"Mussi: \u201cCuidamos el comercio local para que la plata de los berazateguenses se quede en Berazategui\u201d","datePublished":"2025-08-13T19:51:44+00:00","mainEntityOfPage":{"@id":"https:\/\/diarioprincipios.com\/index.php\/2025\/08\/13\/mussi-cuidamos-el-comercio-local-para-que-la-plata-de-los-berazateguenses-se-quede-en-berazategui\/"},"wordCount":556,"commentCount":0,"publisher":{"@id":"https:\/\/diarioprincipios.com\/#organization"},"image":{"@id":"https:\/\/diarioprincipios.com\/index.php\/2025\/08\/13\/mussi-cuidamos-el-comercio-local-para-que-la-plata-de-los-berazateguenses-se-quede-en-berazategui\/#primaryimage"},"thumbnailUrl":"https:\/\/diarioprincipios.com\/wp-content\/uploads\/2025\/08\/IMG-20250813-WA0072.jpg","articleSection":["Berazategui"],"inLanguage":"es","potentialAction":[{"@type":"CommentAction","name":"Comment","target":["https:\/\/diarioprincipios.com\/index.php\/2025\/08\/13\/mussi-cuidamos-el-comercio-local-para-que-la-plata-de-los-berazateguenses-se-quede-en-berazategui\/#respond"]}]},{"@type":"WebPage","@id":"https:\/\/diarioprincipios.com\/index.php\/2025\/08\/13\/mussi-cuidamos-el-comercio-local-para-que-la-plata-de-los-berazateguenses-se-quede-en-berazategui\/","url":"https:\/\/diarioprincipios.com\/index.php\/2025\/08\/13\/mussi-cuidamos-el-comercio-local-para-que-la-plata-de-los-berazateguenses-se-quede-en-berazategui\/","name":"Mussi: \u201cCuidamos el comercio local para que la plata de los berazateguenses se quede en Berazategui\u201d - Principios","isPartOf":{"@id":"https:\/\/diarioprincipios.com\/#website"},"primaryImageOfPage":{"@id":"https:\/\/diarioprincipios.com\/index.php\/2025\/08\/13\/mussi-cuidamos-el-comercio-local-para-que-la-plata-de-los-berazateguenses-se-quede-en-berazategui\/#primaryimage"},"image":{"@id":"https:\/\/diarioprincipios.com\/index.php\/2025\/08\/13\/mussi-cuidamos-el-comercio-local-para-que-la-plata-de-los-berazateguenses-se-quede-en-berazategui\/#primaryimage"},"thumbnailUrl":"https:\/\/diarioprincipios.com\/wp-content\/uploads\/2025\/08\/IMG-20250813-WA0072.jpg","datePublished":"2025-08-13T19:51:44+00:00","breadcrumb":{"@id":"https:\/\/diarioprincipios.com\/index.php\/2025\/08\/13\/mussi-cuidamos-el-comercio-local-para-que-la-plata-de-los-berazateguenses-se-quede-en-berazategui\/#breadcrumb"},"inLanguage":"es","potentialAction":[{"@type":"ReadAction","target":["https:\/\/diarioprincipios.com\/index.php\/2025\/08\/13\/mussi-cuidamos-el-comercio-local-para-que-la-plata-de-los-berazateguenses-se-quede-en-berazategui\/"]}]},{"@type":"ImageObject","inLanguage":"es","@id":"https:\/\/diarioprincipios.com\/index.php\/2025\/08\/13\/mussi-cuidamos-el-comercio-local-para-que-la-plata-de-los-berazateguenses-se-quede-en-berazategui\/#primaryimage","url":"https:\/\/diarioprincipios.com\/wp-content\/uploads\/2025\/08\/IMG-20250813-WA0072.jpg","contentUrl":"https:\/\/diarioprincipios.com\/wp-content\/uploads\/2025\/08\/IMG-20250813-WA0072.jpg","width":1600,"height":1200},{"@type":"BreadcrumbList","@id":"https:\/\/diarioprincipios.com\/index.php\/2025\/08\/13\/mussi-cuidamos-el-comercio-local-para-que-la-plata-de-los-berazateguenses-se-quede-en-berazategui\/#breadcrumb","itemListElement":[{"@type":"ListItem","position":1,"name":"Portada","item":"https:\/\/diarioprincipios.com\/"},{"@type":"ListItem","position":2,"name":"Mussi: \u201cCuidamos el comercio local para que la plata de los berazateguenses se quede en Berazategui\u201d"}]},{"@type":"WebSite","@id":"https:\/\/diarioprincipios.com\/#website","url":"https:\/\/diarioprincipios.com\/","name":"Principios","description":"Principios Diario","publisher":{"@id":"https:\/\/diarioprincipios.com\/#organization"},"potentialAction":[{"@type":"SearchAction","target":{"@type":"EntryPoint","urlTemplate":"https:\/\/diarioprincipios.com\/?s={search_term_string}"},"query-input":{"@type":"PropertyValueSpecification","valueRequired":true,"valueName":"search_term_string"}}],"inLanguage":"es"},{"@type":"Organization","@id":"https:\/\/diarioprincipios.com\/#organization","name":"Principios","url":"https:\/\/diarioprincipios.com\/","logo":{"@type":"ImageObject","inLanguage":"es","@id":"https:\/\/diarioprincipios.com\/#\/schema\/logo\/image\/","url":"https:\/\/diarioprincipios.com\/wp-content\/uploads\/2024\/04\/cropped-www.diarioprincipios.com_-1.png","contentUrl":"https:\/\/diarioprincipios.com\/wp-content\/uploads\/2024\/04\/cropped-www.diarioprincipios.com_-1.png","width":5325,"height":1454,"caption":"Principios"},"image":{"@id":"https:\/\/diarioprincipios.com\/#\/schema\/logo\/image\/"}},{"@type":"Person","@id":"https:\/\/diarioprincipios.com\/#\/schema\/person\/436d5a1fd41a5e250e23ff5a6a7cb080","name":"Hern\u00e1n L\u00f3pez","image":{"@type":"ImageObject","inLanguage":"es","@id":"https:\/\/diarioprincipios.com\/wp-content\/litespeed\/avatar\/11ddfe5610ff3bd100522525b2571f48.jpg?ver=1777653193","url":"https:\/\/diarioprincipios.com\/wp-content\/litespeed\/avatar\/11ddfe5610ff3bd100522525b2571f48.jpg?ver=1777653193","contentUrl":"https:\/\/diarioprincipios.com\/wp-content\/litespeed\/avatar\/11ddfe5610ff3bd100522525b2571f48.jpg?ver=1777653193","caption":"Hern\u00e1n L\u00f3pez"},"url":"https:\/\/diarioprincipios.com\/index.php\/author\/hernan\/"}]}},"jetpack_featured_media_url":"https:\/\/diarioprincipios.com\/wp-content\/uploads\/2025\/08\/IMG-20250813-WA0072.jpg","_links":{"self":[{"href":"https:\/\/diarioprincipios.com\/index.php\/wp-json\/wp\/v2\/posts\/25208","targetHints":{"allow":["GET"]}}],"collection":[{"href":"https:\/\/diarioprincipios.com\/index.php\/wp-json\/wp\/v2\/posts"}],"about":[{"href":"https:\/\/diarioprincipios.com\/index.php\/wp-json\/wp\/v2\/types\/post"}],"author":[{"embeddable":true,"href":"https:\/\/diarioprincipios.com\/index.php\/wp-json\/wp\/v2\/users\/2"}],"replies":[{"embeddable":true,"href":"https:\/\/diarioprincipios.com\/index.php\/wp-json\/wp\/v2\/comments?post=25208"}],"version-history":[{"count":1,"href":"https:\/\/diarioprincipios.com\/index.php\/wp-json\/wp\/v2\/posts\/25208\/revisions"}],"predecessor-version":[{"id":25211,"href":"https:\/\/diarioprincipios.com\/index.php\/wp-json\/wp\/v2\/posts\/25208\/revisions\/25211"}],"wp:featuredmedia":[{"embeddable":true,"href":"https:\/\/diarioprincipios.com\/index.php\/wp-json\/wp\/v2\/media\/25210"}],"wp:attachment":[{"href":"https:\/\/diarioprincipios.com\/index.php\/wp-json\/wp\/v2\/media?parent=25208"}],"wp:term":[{"taxonomy":"category","embeddable":true,"href":"https:\/\/diarioprincipios.com\/index.php\/wp-json\/wp\/v2\/categories?post=25208"},{"taxonomy":"post_tag","embeddable":true,"href":"https:\/\/diarioprincipios.com\/index.php\/wp-json\/wp\/v2\/tags?post=25208"}],"curies":[{"name":"wp","href":"https:\/\/api.w.org\/{rel}","templated":true}]}}