{"id":25204,"date":"2025-08-13T15:31:34","date_gmt":"2025-08-13T18:31:34","guid":{"rendered":"https:\/\/diarioprincipios.com\/?p=25204"},"modified":"2025-08-13T15:31:35","modified_gmt":"2025-08-13T18:31:35","slug":"nuevo-portal-de-empleo-de-la-municipalidad-de-berazategui","status":"publish","type":"post","link":"https:\/\/diarioprincipios.com\/index.php\/2025\/08\/13\/nuevo-portal-de-empleo-de-la-municipalidad-de-berazategui\/","title":{"rendered":"Nuevo Portal de Empleo de la Municipalidad de Berazategui"},"content":{"rendered":"\n<p>Para agilizar las respuestas a las necesidades del sector productivo local y potenciar las posibilidades de inserci\u00f3n laboral de la comunidad, en Berazategui se present\u00f3 un nuevo Portal Municipal de Empleo. Se trata de un sistema gratuito de b\u00fasqueda, pre-selecci\u00f3n y derivaci\u00f3n de postulantes para empresas, que fue generado con financiamiento del Consejo Federal de Inversiones. La presentaci\u00f3n estuvo encabezada por el intendente Juan Jos\u00e9 Mussi y cont\u00f3 con la participaci\u00f3n de la subsecretaria de Priorizaci\u00f3n y Seguimiento Econ\u00f3mico y Productivo del Gobierno bonaerense, Ayel\u00e9n Borda.<\/p>\n\n\n\n<p>Tras la exposici\u00f3n a cargo de la Secretar\u00eda de Trabajo municipal, Mussi indic\u00f3: \u201cCuando alguien busca trabajo siempre es urgente, al igual que cuando una industria requiere de un trabajador. Y este Portal que lanzamos hoy, con unos 14.000 curr\u00edculums de base, viene a resolver esa necesidad y en forma totalmente gratuita, tanto para los postulantes como para los empresarios. Porque para nosotros es trascendental que todos puedan conseguir empleo, algo fundamental y necesario para el desarrollo de cualquier pa\u00eds\u201d.<\/p>\n\n\n\n<figure class=\"wp-block-image size-large\"><img loading=\"lazy\" decoding=\"async\" width=\"1024\" height=\"683\" src=\"https:\/\/diarioprincipios.com\/wp-content\/uploads\/2025\/08\/Nuevo-Portal-de-Empleo-de-la-Municipalidad-de-Berazategui-1-1024x683.jpg\" alt=\"\" class=\"wp-image-25205\" srcset=\"https:\/\/diarioprincipios.com\/wp-content\/uploads\/2025\/08\/Nuevo-Portal-de-Empleo-de-la-Municipalidad-de-Berazategui-1-1024x683.jpg 1024w, https:\/\/diarioprincipios.com\/wp-content\/uploads\/2025\/08\/Nuevo-Portal-de-Empleo-de-la-Municipalidad-de-Berazategui-1-300x200.jpg 300w, https:\/\/diarioprincipios.com\/wp-content\/uploads\/2025\/08\/Nuevo-Portal-de-Empleo-de-la-Municipalidad-de-Berazategui-1-768x512.jpg 768w, https:\/\/diarioprincipios.com\/wp-content\/uploads\/2025\/08\/Nuevo-Portal-de-Empleo-de-la-Municipalidad-de-Berazategui-1-1536x1025.jpg 1536w, https:\/\/diarioprincipios.com\/wp-content\/uploads\/2025\/08\/Nuevo-Portal-de-Empleo-de-la-Municipalidad-de-Berazategui-1-600x400.jpg 600w, https:\/\/diarioprincipios.com\/wp-content\/uploads\/2025\/08\/Nuevo-Portal-de-Empleo-de-la-Municipalidad-de-Berazategui-1.jpg 1920w\" sizes=\"auto, (max-width: 1024px) 100vw, 1024px\" \/><\/figure>\n\n\n\n<p>En ese marco, el Intendente berazateguense agradeci\u00f3 \u00abal gobernador Axel Kicillof, con quien sabemos que siempre podemos contar. En esta oportunidad, por ejemplo, al brindarnos la posibilidad de disponer de esta formidable plataforma digital, que nos permitir\u00e1 ofrecer m\u00e1s y mejor empleo para todos\u201d, destac\u00f3 Mussi.<\/p>\n\n\n\n<p>Por su parte, Borda expres\u00f3: \u201cEste es el resultado de un trabajo conjunto entre el Municipio de Berazategui y el Gobierno provincial, pero tambi\u00e9n de la retroalimentaci\u00f3n que existe con las empresas. Porque, como siempre dice nuestro Gobernador: a este pa\u00eds lo vamos a sacar adelante trabajando todos juntos, tanto desde el sector p\u00fablico como del privado. Y este portal es una herramienta m\u00e1s, que se suma a otras que hemos impulsado en Berazategui y en el resto de los municipios, mediante diferentes l\u00edneas de financiamiento\u201d.<\/p>\n\n\n\n<p>El acto tambi\u00e9n cont\u00f3 con la presencia del secretario de Trabajo de la Municipalidad, Juan Manuel Parra, adem\u00e1s de otros integrantes del Gabinete municipal; el presidente de la Uni\u00f3n Industrial de Berazategui (UIB), Alejandro Bartalini; el presidente de Industriales Pymes Argentinos (IPA) y del Parque Industrial Pl\u00e1tanos (PIP), Daniel Rosato; industriales y representantes de las C\u00e1maras de Comercio local.<\/p>\n","protected":false},"excerpt":{"rendered":"<p>Para agilizar las respuestas a las necesidades del sector productivo local y potenciar las posibilidades de inserci\u00f3n laboral de la comunidad, en Berazategui se present\u00f3 un nuevo Portal Municipal de Empleo. Se trata de un sistema gratuito de b\u00fasqueda, pre-selecci\u00f3n y derivaci\u00f3n de postulantes para empresas, que fue generado con financiamiento del Consejo Federal de&#8230;<\/p>\n","protected":false},"author":2,"featured_media":25206,"comment_status":"open","ping_status":"open","sticky":false,"template":"","format":"standard","meta":{"footnotes":""},"categories":[3,18],"tags":[],"class_list":["post-25204","post","type-post","status-publish","format-standard","has-post-thumbnail","hentry","category-berazategui","category-comercio-industria"],"featured_image_src":"https:\/\/diarioprincipios.com\/wp-content\/uploads\/2025\/08\/Nuevo-Portal-de-Empleo-de-la-Municipalidad-de-Berazategui-3-1024x768.jpg","blog_images":{"medium":"https:\/\/diarioprincipios.com\/wp-content\/uploads\/2025\/08\/Nuevo-Portal-de-Empleo-de-la-Municipalidad-de-Berazategui-3-300x225.jpg","large":"https:\/\/diarioprincipios.com\/wp-content\/uploads\/2025\/08\/Nuevo-Portal-de-Empleo-de-la-Municipalidad-de-Berazategui-3-1024x768.jpg"},"ams_acf":[],"yoast_head":"<!-- This site is optimized with the Yoast SEO plugin v27.3 - https:\/\/yoast.com\/product\/yoast-seo-wordpress\/ -->\n<title>Nuevo Portal de Empleo de la Municipalidad de Berazategui - Principios<\/title>\n<meta name=\"robots\" content=\"index, follow, max-snippet:-1, max-image-preview:large, max-video-preview:-1\" \/>\n<link rel=\"canonical\" href=\"https:\/\/diarioprincipios.com\/index.php\/2025\/08\/13\/nuevo-portal-de-empleo-de-la-municipalidad-de-berazategui\/\" \/>\n<meta property=\"og:locale\" content=\"es_ES\" \/>\n<meta property=\"og:type\" content=\"article\" \/>\n<meta property=\"og:title\" content=\"Nuevo Portal de Empleo de la Municipalidad de Berazategui - Principios\" \/>\n<meta property=\"og:description\" content=\"Para agilizar las respuestas a las necesidades del sector productivo local y potenciar las posibilidades de inserci\u00f3n laboral de la comunidad, en Berazategui se present\u00f3 un nuevo Portal Municipal de Empleo. Se trata de un sistema gratuito de b\u00fasqueda, pre-selecci\u00f3n y derivaci\u00f3n de postulantes para empresas, que fue generado con financiamiento del Consejo Federal de...\" \/>\n<meta property=\"og:url\" content=\"https:\/\/diarioprincipios.com\/index.php\/2025\/08\/13\/nuevo-portal-de-empleo-de-la-municipalidad-de-berazategui\/\" \/>\n<meta property=\"og:site_name\" content=\"Principios\" \/>\n<meta property=\"article:published_time\" content=\"2025-08-13T18:31:34+00:00\" \/>\n<meta property=\"article:modified_time\" content=\"2025-08-13T18:31:35+00:00\" \/>\n<meta property=\"og:image\" content=\"https:\/\/diarioprincipios.com\/wp-content\/uploads\/2025\/08\/Nuevo-Portal-de-Empleo-de-la-Municipalidad-de-Berazategui-3-scaled.jpg\" \/>\n\t<meta property=\"og:image:width\" content=\"2560\" \/>\n\t<meta property=\"og:image:height\" content=\"1920\" \/>\n\t<meta property=\"og:image:type\" content=\"image\/jpeg\" \/>\n<meta name=\"author\" content=\"Hern\u00e1n L\u00f3pez\" \/>\n<meta name=\"twitter:card\" content=\"summary_large_image\" \/>\n<meta name=\"twitter:label1\" content=\"Escrito por\" \/>\n\t<meta name=\"twitter:data1\" content=\"Hern\u00e1n L\u00f3pez\" \/>\n\t<meta name=\"twitter:label2\" content=\"Tiempo de lectura\" \/>\n\t<meta name=\"twitter:data2\" content=\"3 minutos\" \/>\n<script type=\"application\/ld+json\" class=\"yoast-schema-graph\">{\"@context\":\"https:\\\/\\\/schema.org\",\"@graph\":[{\"@type\":\"Article\",\"@id\":\"https:\\\/\\\/diarioprincipios.com\\\/index.php\\\/2025\\\/08\\\/13\\\/nuevo-portal-de-empleo-de-la-municipalidad-de-berazategui\\\/#article\",\"isPartOf\":{\"@id\":\"https:\\\/\\\/diarioprincipios.com\\\/index.php\\\/2025\\\/08\\\/13\\\/nuevo-portal-de-empleo-de-la-municipalidad-de-berazategui\\\/\"},\"author\":{\"name\":\"Hern\u00e1n L\u00f3pez\",\"@id\":\"https:\\\/\\\/diarioprincipios.com\\\/#\\\/schema\\\/person\\\/436d5a1fd41a5e250e23ff5a6a7cb080\"},\"headline\":\"Nuevo Portal de Empleo de la Municipalidad de Berazategui\",\"datePublished\":\"2025-08-13T18:31:34+00:00\",\"dateModified\":\"2025-08-13T18:31:35+00:00\",\"mainEntityOfPage\":{\"@id\":\"https:\\\/\\\/diarioprincipios.com\\\/index.php\\\/2025\\\/08\\\/13\\\/nuevo-portal-de-empleo-de-la-municipalidad-de-berazategui\\\/\"},\"wordCount\":390,\"commentCount\":0,\"publisher\":{\"@id\":\"https:\\\/\\\/diarioprincipios.com\\\/#organization\"},\"image\":{\"@id\":\"https:\\\/\\\/diarioprincipios.com\\\/index.php\\\/2025\\\/08\\\/13\\\/nuevo-portal-de-empleo-de-la-municipalidad-de-berazategui\\\/#primaryimage\"},\"thumbnailUrl\":\"https:\\\/\\\/diarioprincipios.com\\\/wp-content\\\/uploads\\\/2025\\\/08\\\/Nuevo-Portal-de-Empleo-de-la-Municipalidad-de-Berazategui-3-scaled.jpg\",\"articleSection\":[\"Berazategui\",\"Comercio e Industria\"],\"inLanguage\":\"es\",\"potentialAction\":[{\"@type\":\"CommentAction\",\"name\":\"Comment\",\"target\":[\"https:\\\/\\\/diarioprincipios.com\\\/index.php\\\/2025\\\/08\\\/13\\\/nuevo-portal-de-empleo-de-la-municipalidad-de-berazategui\\\/#respond\"]}]},{\"@type\":\"WebPage\",\"@id\":\"https:\\\/\\\/diarioprincipios.com\\\/index.php\\\/2025\\\/08\\\/13\\\/nuevo-portal-de-empleo-de-la-municipalidad-de-berazategui\\\/\",\"url\":\"https:\\\/\\\/diarioprincipios.com\\\/index.php\\\/2025\\\/08\\\/13\\\/nuevo-portal-de-empleo-de-la-municipalidad-de-berazategui\\\/\",\"name\":\"Nuevo Portal de Empleo de la Municipalidad de Berazategui - Principios\",\"isPartOf\":{\"@id\":\"https:\\\/\\\/diarioprincipios.com\\\/#website\"},\"primaryImageOfPage\":{\"@id\":\"https:\\\/\\\/diarioprincipios.com\\\/index.php\\\/2025\\\/08\\\/13\\\/nuevo-portal-de-empleo-de-la-municipalidad-de-berazategui\\\/#primaryimage\"},\"image\":{\"@id\":\"https:\\\/\\\/diarioprincipios.com\\\/index.php\\\/2025\\\/08\\\/13\\\/nuevo-portal-de-empleo-de-la-municipalidad-de-berazategui\\\/#primaryimage\"},\"thumbnailUrl\":\"https:\\\/\\\/diarioprincipios.com\\\/wp-content\\\/uploads\\\/2025\\\/08\\\/Nuevo-Portal-de-Empleo-de-la-Municipalidad-de-Berazategui-3-scaled.jpg\",\"datePublished\":\"2025-08-13T18:31:34+00:00\",\"dateModified\":\"2025-08-13T18:31:35+00:00\",\"breadcrumb\":{\"@id\":\"https:\\\/\\\/diarioprincipios.com\\\/index.php\\\/2025\\\/08\\\/13\\\/nuevo-portal-de-empleo-de-la-municipalidad-de-berazategui\\\/#breadcrumb\"},\"inLanguage\":\"es\",\"potentialAction\":[{\"@type\":\"ReadAction\",\"target\":[\"https:\\\/\\\/diarioprincipios.com\\\/index.php\\\/2025\\\/08\\\/13\\\/nuevo-portal-de-empleo-de-la-municipalidad-de-berazategui\\\/\"]}]},{\"@type\":\"ImageObject\",\"inLanguage\":\"es\",\"@id\":\"https:\\\/\\\/diarioprincipios.com\\\/index.php\\\/2025\\\/08\\\/13\\\/nuevo-portal-de-empleo-de-la-municipalidad-de-berazategui\\\/#primaryimage\",\"url\":\"https:\\\/\\\/diarioprincipios.com\\\/wp-content\\\/uploads\\\/2025\\\/08\\\/Nuevo-Portal-de-Empleo-de-la-Municipalidad-de-Berazategui-3-scaled.jpg\",\"contentUrl\":\"https:\\\/\\\/diarioprincipios.com\\\/wp-content\\\/uploads\\\/2025\\\/08\\\/Nuevo-Portal-de-Empleo-de-la-Municipalidad-de-Berazategui-3-scaled.jpg\",\"width\":2560,\"height\":1920},{\"@type\":\"BreadcrumbList\",\"@id\":\"https:\\\/\\\/diarioprincipios.com\\\/index.php\\\/2025\\\/08\\\/13\\\/nuevo-portal-de-empleo-de-la-municipalidad-de-berazategui\\\/#breadcrumb\",\"itemListElement\":[{\"@type\":\"ListItem\",\"position\":1,\"name\":\"Portada\",\"item\":\"https:\\\/\\\/diarioprincipios.com\\\/\"},{\"@type\":\"ListItem\",\"position\":2,\"name\":\"Nuevo Portal de Empleo de la Municipalidad de Berazategui\"}]},{\"@type\":\"WebSite\",\"@id\":\"https:\\\/\\\/diarioprincipios.com\\\/#website\",\"url\":\"https:\\\/\\\/diarioprincipios.com\\\/\",\"name\":\"Principios\",\"description\":\"Principios Diario\",\"publisher\":{\"@id\":\"https:\\\/\\\/diarioprincipios.com\\\/#organization\"},\"potentialAction\":[{\"@type\":\"SearchAction\",\"target\":{\"@type\":\"EntryPoint\",\"urlTemplate\":\"https:\\\/\\\/diarioprincipios.com\\\/?s={search_term_string}\"},\"query-input\":{\"@type\":\"PropertyValueSpecification\",\"valueRequired\":true,\"valueName\":\"search_term_string\"}}],\"inLanguage\":\"es\"},{\"@type\":\"Organization\",\"@id\":\"https:\\\/\\\/diarioprincipios.com\\\/#organization\",\"name\":\"Principios\",\"url\":\"https:\\\/\\\/diarioprincipios.com\\\/\",\"logo\":{\"@type\":\"ImageObject\",\"inLanguage\":\"es\",\"@id\":\"https:\\\/\\\/diarioprincipios.com\\\/#\\\/schema\\\/logo\\\/image\\\/\",\"url\":\"https:\\\/\\\/diarioprincipios.com\\\/wp-content\\\/uploads\\\/2024\\\/04\\\/cropped-www.diarioprincipios.com_-1.png\",\"contentUrl\":\"https:\\\/\\\/diarioprincipios.com\\\/wp-content\\\/uploads\\\/2024\\\/04\\\/cropped-www.diarioprincipios.com_-1.png\",\"width\":5325,\"height\":1454,\"caption\":\"Principios\"},\"image\":{\"@id\":\"https:\\\/\\\/diarioprincipios.com\\\/#\\\/schema\\\/logo\\\/image\\\/\"}},{\"@type\":\"Person\",\"@id\":\"https:\\\/\\\/diarioprincipios.com\\\/#\\\/schema\\\/person\\\/436d5a1fd41a5e250e23ff5a6a7cb080\",\"name\":\"Hern\u00e1n L\u00f3pez\",\"image\":{\"@type\":\"ImageObject\",\"inLanguage\":\"es\",\"@id\":\"https:\\\/\\\/diarioprincipios.com\\\/wp-content\\\/litespeed\\\/avatar\\\/11ddfe5610ff3bd100522525b2571f48.jpg?ver=1777653193\",\"url\":\"https:\\\/\\\/diarioprincipios.com\\\/wp-content\\\/litespeed\\\/avatar\\\/11ddfe5610ff3bd100522525b2571f48.jpg?ver=1777653193\",\"contentUrl\":\"https:\\\/\\\/diarioprincipios.com\\\/wp-content\\\/litespeed\\\/avatar\\\/11ddfe5610ff3bd100522525b2571f48.jpg?ver=1777653193\",\"caption\":\"Hern\u00e1n L\u00f3pez\"},\"url\":\"https:\\\/\\\/diarioprincipios.com\\\/index.php\\\/author\\\/hernan\\\/\"}]}<\/script>\n<!-- \/ Yoast SEO plugin. -->","yoast_head_json":{"title":"Nuevo Portal de Empleo de la Municipalidad de Berazategui - Principios","robots":{"index":"index","follow":"follow","max-snippet":"max-snippet:-1","max-image-preview":"max-image-preview:large","max-video-preview":"max-video-preview:-1"},"canonical":"https:\/\/diarioprincipios.com\/index.php\/2025\/08\/13\/nuevo-portal-de-empleo-de-la-municipalidad-de-berazategui\/","og_locale":"es_ES","og_type":"article","og_title":"Nuevo Portal de Empleo de la Municipalidad de Berazategui - Principios","og_description":"Para agilizar las respuestas a las necesidades del sector productivo local y potenciar las posibilidades de inserci\u00f3n laboral de la comunidad, en Berazategui se present\u00f3 un nuevo Portal Municipal de Empleo. Se trata de un sistema gratuito de b\u00fasqueda, pre-selecci\u00f3n y derivaci\u00f3n de postulantes para empresas, que fue generado con financiamiento del Consejo Federal de...","og_url":"https:\/\/diarioprincipios.com\/index.php\/2025\/08\/13\/nuevo-portal-de-empleo-de-la-municipalidad-de-berazategui\/","og_site_name":"Principios","article_published_time":"2025-08-13T18:31:34+00:00","article_modified_time":"2025-08-13T18:31:35+00:00","og_image":[{"width":2560,"height":1920,"url":"https:\/\/diarioprincipios.com\/wp-content\/uploads\/2025\/08\/Nuevo-Portal-de-Empleo-de-la-Municipalidad-de-Berazategui-3-scaled.jpg","type":"image\/jpeg"}],"author":"Hern\u00e1n L\u00f3pez","twitter_card":"summary_large_image","twitter_misc":{"Escrito por":"Hern\u00e1n L\u00f3pez","Tiempo de lectura":"3 minutos"},"schema":{"@context":"https:\/\/schema.org","@graph":[{"@type":"Article","@id":"https:\/\/diarioprincipios.com\/index.php\/2025\/08\/13\/nuevo-portal-de-empleo-de-la-municipalidad-de-berazategui\/#article","isPartOf":{"@id":"https:\/\/diarioprincipios.com\/index.php\/2025\/08\/13\/nuevo-portal-de-empleo-de-la-municipalidad-de-berazategui\/"},"author":{"name":"Hern\u00e1n L\u00f3pez","@id":"https:\/\/diarioprincipios.com\/#\/schema\/person\/436d5a1fd41a5e250e23ff5a6a7cb080"},"headline":"Nuevo Portal de Empleo de la Municipalidad de Berazategui","datePublished":"2025-08-13T18:31:34+00:00","dateModified":"2025-08-13T18:31:35+00:00","mainEntityOfPage":{"@id":"https:\/\/diarioprincipios.com\/index.php\/2025\/08\/13\/nuevo-portal-de-empleo-de-la-municipalidad-de-berazategui\/"},"wordCount":390,"commentCount":0,"publisher":{"@id":"https:\/\/diarioprincipios.com\/#organization"},"image":{"@id":"https:\/\/diarioprincipios.com\/index.php\/2025\/08\/13\/nuevo-portal-de-empleo-de-la-municipalidad-de-berazategui\/#primaryimage"},"thumbnailUrl":"https:\/\/diarioprincipios.com\/wp-content\/uploads\/2025\/08\/Nuevo-Portal-de-Empleo-de-la-Municipalidad-de-Berazategui-3-scaled.jpg","articleSection":["Berazategui","Comercio e Industria"],"inLanguage":"es","potentialAction":[{"@type":"CommentAction","name":"Comment","target":["https:\/\/diarioprincipios.com\/index.php\/2025\/08\/13\/nuevo-portal-de-empleo-de-la-municipalidad-de-berazategui\/#respond"]}]},{"@type":"WebPage","@id":"https:\/\/diarioprincipios.com\/index.php\/2025\/08\/13\/nuevo-portal-de-empleo-de-la-municipalidad-de-berazategui\/","url":"https:\/\/diarioprincipios.com\/index.php\/2025\/08\/13\/nuevo-portal-de-empleo-de-la-municipalidad-de-berazategui\/","name":"Nuevo Portal de Empleo de la Municipalidad de Berazategui - Principios","isPartOf":{"@id":"https:\/\/diarioprincipios.com\/#website"},"primaryImageOfPage":{"@id":"https:\/\/diarioprincipios.com\/index.php\/2025\/08\/13\/nuevo-portal-de-empleo-de-la-municipalidad-de-berazategui\/#primaryimage"},"image":{"@id":"https:\/\/diarioprincipios.com\/index.php\/2025\/08\/13\/nuevo-portal-de-empleo-de-la-municipalidad-de-berazategui\/#primaryimage"},"thumbnailUrl":"https:\/\/diarioprincipios.com\/wp-content\/uploads\/2025\/08\/Nuevo-Portal-de-Empleo-de-la-Municipalidad-de-Berazategui-3-scaled.jpg","datePublished":"2025-08-13T18:31:34+00:00","dateModified":"2025-08-13T18:31:35+00:00","breadcrumb":{"@id":"https:\/\/diarioprincipios.com\/index.php\/2025\/08\/13\/nuevo-portal-de-empleo-de-la-municipalidad-de-berazategui\/#breadcrumb"},"inLanguage":"es","potentialAction":[{"@type":"ReadAction","target":["https:\/\/diarioprincipios.com\/index.php\/2025\/08\/13\/nuevo-portal-de-empleo-de-la-municipalidad-de-berazategui\/"]}]},{"@type":"ImageObject","inLanguage":"es","@id":"https:\/\/diarioprincipios.com\/index.php\/2025\/08\/13\/nuevo-portal-de-empleo-de-la-municipalidad-de-berazategui\/#primaryimage","url":"https:\/\/diarioprincipios.com\/wp-content\/uploads\/2025\/08\/Nuevo-Portal-de-Empleo-de-la-Municipalidad-de-Berazategui-3-scaled.jpg","contentUrl":"https:\/\/diarioprincipios.com\/wp-content\/uploads\/2025\/08\/Nuevo-Portal-de-Empleo-de-la-Municipalidad-de-Berazategui-3-scaled.jpg","width":2560,"height":1920},{"@type":"BreadcrumbList","@id":"https:\/\/diarioprincipios.com\/index.php\/2025\/08\/13\/nuevo-portal-de-empleo-de-la-municipalidad-de-berazategui\/#breadcrumb","itemListElement":[{"@type":"ListItem","position":1,"name":"Portada","item":"https:\/\/diarioprincipios.com\/"},{"@type":"ListItem","position":2,"name":"Nuevo Portal de Empleo de la Municipalidad de Berazategui"}]},{"@type":"WebSite","@id":"https:\/\/diarioprincipios.com\/#website","url":"https:\/\/diarioprincipios.com\/","name":"Principios","description":"Principios Diario","publisher":{"@id":"https:\/\/diarioprincipios.com\/#organization"},"potentialAction":[{"@type":"SearchAction","target":{"@type":"EntryPoint","urlTemplate":"https:\/\/diarioprincipios.com\/?s={search_term_string}"},"query-input":{"@type":"PropertyValueSpecification","valueRequired":true,"valueName":"search_term_string"}}],"inLanguage":"es"},{"@type":"Organization","@id":"https:\/\/diarioprincipios.com\/#organization","name":"Principios","url":"https:\/\/diarioprincipios.com\/","logo":{"@type":"ImageObject","inLanguage":"es","@id":"https:\/\/diarioprincipios.com\/#\/schema\/logo\/image\/","url":"https:\/\/diarioprincipios.com\/wp-content\/uploads\/2024\/04\/cropped-www.diarioprincipios.com_-1.png","contentUrl":"https:\/\/diarioprincipios.com\/wp-content\/uploads\/2024\/04\/cropped-www.diarioprincipios.com_-1.png","width":5325,"height":1454,"caption":"Principios"},"image":{"@id":"https:\/\/diarioprincipios.com\/#\/schema\/logo\/image\/"}},{"@type":"Person","@id":"https:\/\/diarioprincipios.com\/#\/schema\/person\/436d5a1fd41a5e250e23ff5a6a7cb080","name":"Hern\u00e1n L\u00f3pez","image":{"@type":"ImageObject","inLanguage":"es","@id":"https:\/\/diarioprincipios.com\/wp-content\/litespeed\/avatar\/11ddfe5610ff3bd100522525b2571f48.jpg?ver=1777653193","url":"https:\/\/diarioprincipios.com\/wp-content\/litespeed\/avatar\/11ddfe5610ff3bd100522525b2571f48.jpg?ver=1777653193","contentUrl":"https:\/\/diarioprincipios.com\/wp-content\/litespeed\/avatar\/11ddfe5610ff3bd100522525b2571f48.jpg?ver=1777653193","caption":"Hern\u00e1n L\u00f3pez"},"url":"https:\/\/diarioprincipios.com\/index.php\/author\/hernan\/"}]}},"jetpack_featured_media_url":"https:\/\/diarioprincipios.com\/wp-content\/uploads\/2025\/08\/Nuevo-Portal-de-Empleo-de-la-Municipalidad-de-Berazategui-3-scaled.jpg","_links":{"self":[{"href":"https:\/\/diarioprincipios.com\/index.php\/wp-json\/wp\/v2\/posts\/25204","targetHints":{"allow":["GET"]}}],"collection":[{"href":"https:\/\/diarioprincipios.com\/index.php\/wp-json\/wp\/v2\/posts"}],"about":[{"href":"https:\/\/diarioprincipios.com\/index.php\/wp-json\/wp\/v2\/types\/post"}],"author":[{"embeddable":true,"href":"https:\/\/diarioprincipios.com\/index.php\/wp-json\/wp\/v2\/users\/2"}],"replies":[{"embeddable":true,"href":"https:\/\/diarioprincipios.com\/index.php\/wp-json\/wp\/v2\/comments?post=25204"}],"version-history":[{"count":1,"href":"https:\/\/diarioprincipios.com\/index.php\/wp-json\/wp\/v2\/posts\/25204\/revisions"}],"predecessor-version":[{"id":25207,"href":"https:\/\/diarioprincipios.com\/index.php\/wp-json\/wp\/v2\/posts\/25204\/revisions\/25207"}],"wp:featuredmedia":[{"embeddable":true,"href":"https:\/\/diarioprincipios.com\/index.php\/wp-json\/wp\/v2\/media\/25206"}],"wp:attachment":[{"href":"https:\/\/diarioprincipios.com\/index.php\/wp-json\/wp\/v2\/media?parent=25204"}],"wp:term":[{"taxonomy":"category","embeddable":true,"href":"https:\/\/diarioprincipios.com\/index.php\/wp-json\/wp\/v2\/categories?post=25204"},{"taxonomy":"post_tag","embeddable":true,"href":"https:\/\/diarioprincipios.com\/index.php\/wp-json\/wp\/v2\/tags?post=25204"}],"curies":[{"name":"wp","href":"https:\/\/api.w.org\/{rel}","templated":true}]}}