{"id":25197,"date":"2025-08-13T12:11:15","date_gmt":"2025-08-13T15:11:15","guid":{"rendered":"https:\/\/diarioprincipios.com\/?p=25197"},"modified":"2025-08-13T12:11:15","modified_gmt":"2025-08-13T15:11:15","slug":"unaj-se-cumple-la-3ra-jornada-de-reclamo-por-financiamiento-y-salarios-dignos","status":"publish","type":"post","link":"https:\/\/diarioprincipios.com\/index.php\/2025\/08\/13\/unaj-se-cumple-la-3ra-jornada-de-reclamo-por-financiamiento-y-salarios-dignos\/","title":{"rendered":"UNAJ: Se cumple la 3ra jornada de reclamo por financiamiento y salarios dignos"},"content":{"rendered":"\n<p>La Universidad Nacional Arturo Jauretche (UNAJ) no inici\u00f3 el segundo cuatrimestre y lleva adelante una semana completa de paro en el marco del plan de lucha articulado con universidades nacionales de todo el pa\u00eds.<br>Con un fuerte respaldo a la medida la universidad se mantuvo vac\u00eda, la docencia universitaria de la UNAJ expresa con contundencia que la situaci\u00f3n salarial y presupuestaria es insostenible. El paro fue decidido por mayor\u00eda en asamblea de trabajadores, que vienen sosteniendo su labor a pesar de registrar el peor salario de los \u00faltimos 40 a\u00f1os.<br>En la actualidad, los sueldos docentes han perdido hasta un 40% de su poder adquisitivo, lo que en muchos casos deriva en renuncias, y en otros, en una sobrecarga laboral para poder alcanzar un ingreso que cubra necesidades b\u00e1sicas. La crisis no solo golpea a las y los trabajadores, sino que pone en riesgo el funcionamiento mismo de las instituciones universitarias, ya que la falta de financiamiento afecta el dictado de clases, la investigaci\u00f3n, la reposici\u00f3n de materiales y el mantenimiento edilicio.<\/p>\n\n\n\n<figure class=\"wp-block-image size-large\"><img loading=\"lazy\" decoding=\"async\" width=\"1024\" height=\"768\" src=\"https:\/\/diarioprincipios.com\/wp-content\/uploads\/2025\/08\/IMG-20250813-WA0017-1024x768.jpg\" alt=\"\" class=\"wp-image-25198\" srcset=\"https:\/\/diarioprincipios.com\/wp-content\/uploads\/2025\/08\/IMG-20250813-WA0017-1024x768.jpg 1024w, https:\/\/diarioprincipios.com\/wp-content\/uploads\/2025\/08\/IMG-20250813-WA0017-300x225.jpg 300w, https:\/\/diarioprincipios.com\/wp-content\/uploads\/2025\/08\/IMG-20250813-WA0017-768x576.jpg 768w, https:\/\/diarioprincipios.com\/wp-content\/uploads\/2025\/08\/IMG-20250813-WA0017-1536x1152.jpg 1536w, https:\/\/diarioprincipios.com\/wp-content\/uploads\/2025\/08\/IMG-20250813-WA0017.jpg 1600w\" sizes=\"auto, (max-width: 1024px) 100vw, 1024px\" \/><\/figure>\n\n\n\n<p><br>El conflicto universitario es parte de un reclamo nacional que exige una recomposici\u00f3n salarial urgente y un presupuesto que permita sostener la educaci\u00f3n p\u00fablica, gratuita y de calidad. Las acciones continuar\u00e1n durante todo el mes, mientras distintas agrupaciones sindicales de todo el pa\u00eds avanzan en la organizaci\u00f3n de una Marcha Federal Universitaria, prevista para septiembre. Esta movilizaci\u00f3n tendr\u00e1 como objetivo exigir la recomposici\u00f3n salarial de la docencia y soluciones urgentes para garantizar la continuidad de las universidades p\u00fablicas nacionales.<\/p>\n","protected":false},"excerpt":{"rendered":"<p>La Universidad Nacional Arturo Jauretche (UNAJ) no inici\u00f3 el segundo cuatrimestre y lleva adelante una semana completa de paro en el marco del plan de lucha articulado con universidades nacionales de todo el pa\u00eds.Con un fuerte respaldo a la medida la universidad se mantuvo vac\u00eda, la docencia universitaria de la UNAJ expresa con contundencia que&#8230;<\/p>\n","protected":false},"author":2,"featured_media":25199,"comment_status":"open","ping_status":"open","sticky":false,"template":"","format":"standard","meta":{"footnotes":""},"categories":[19,21],"tags":[],"class_list":["post-25197","post","type-post","status-publish","format-standard","has-post-thumbnail","hentry","category-cultura-educacion","category-gremiales"],"featured_image_src":"https:\/\/diarioprincipios.com\/wp-content\/uploads\/2025\/08\/IMG-20250813-WA0021-1024x619.jpg","blog_images":{"medium":"https:\/\/diarioprincipios.com\/wp-content\/uploads\/2025\/08\/IMG-20250813-WA0021-300x181.jpg","large":"https:\/\/diarioprincipios.com\/wp-content\/uploads\/2025\/08\/IMG-20250813-WA0021-1024x619.jpg"},"ams_acf":[],"yoast_head":"<!-- This site is optimized with the Yoast SEO plugin v27.3 - https:\/\/yoast.com\/product\/yoast-seo-wordpress\/ -->\n<title>UNAJ: Se cumple la 3ra jornada de reclamo por financiamiento y salarios dignos - Principios<\/title>\n<meta name=\"robots\" content=\"index, follow, max-snippet:-1, max-image-preview:large, max-video-preview:-1\" \/>\n<link rel=\"canonical\" href=\"https:\/\/diarioprincipios.com\/index.php\/2025\/08\/13\/unaj-se-cumple-la-3ra-jornada-de-reclamo-por-financiamiento-y-salarios-dignos\/\" \/>\n<meta property=\"og:locale\" content=\"es_ES\" \/>\n<meta property=\"og:type\" content=\"article\" \/>\n<meta property=\"og:title\" content=\"UNAJ: Se cumple la 3ra jornada de reclamo por financiamiento y salarios dignos - Principios\" \/>\n<meta property=\"og:description\" content=\"La Universidad Nacional Arturo Jauretche (UNAJ) no inici\u00f3 el segundo cuatrimestre y lleva adelante una semana completa de paro en el marco del plan de lucha articulado con universidades nacionales de todo el pa\u00eds.Con un fuerte respaldo a la medida la universidad se mantuvo vac\u00eda, la docencia universitaria de la UNAJ expresa con contundencia que...\" \/>\n<meta property=\"og:url\" content=\"https:\/\/diarioprincipios.com\/index.php\/2025\/08\/13\/unaj-se-cumple-la-3ra-jornada-de-reclamo-por-financiamiento-y-salarios-dignos\/\" \/>\n<meta property=\"og:site_name\" content=\"Principios\" \/>\n<meta property=\"article:published_time\" content=\"2025-08-13T15:11:15+00:00\" \/>\n<meta property=\"og:image\" content=\"https:\/\/diarioprincipios.com\/wp-content\/uploads\/2025\/08\/IMG-20250813-WA0021.jpg\" \/>\n\t<meta property=\"og:image:width\" content=\"1573\" \/>\n\t<meta property=\"og:image:height\" content=\"951\" \/>\n\t<meta property=\"og:image:type\" content=\"image\/jpeg\" \/>\n<meta name=\"author\" content=\"Hern\u00e1n L\u00f3pez\" \/>\n<meta name=\"twitter:card\" content=\"summary_large_image\" \/>\n<meta name=\"twitter:label1\" content=\"Escrito por\" \/>\n\t<meta name=\"twitter:data1\" content=\"Hern\u00e1n L\u00f3pez\" \/>\n\t<meta name=\"twitter:label2\" content=\"Tiempo de lectura\" \/>\n\t<meta name=\"twitter:data2\" content=\"2 minutos\" \/>\n<script type=\"application\/ld+json\" class=\"yoast-schema-graph\">{\"@context\":\"https:\\\/\\\/schema.org\",\"@graph\":[{\"@type\":\"Article\",\"@id\":\"https:\\\/\\\/diarioprincipios.com\\\/index.php\\\/2025\\\/08\\\/13\\\/unaj-se-cumple-la-3ra-jornada-de-reclamo-por-financiamiento-y-salarios-dignos\\\/#article\",\"isPartOf\":{\"@id\":\"https:\\\/\\\/diarioprincipios.com\\\/index.php\\\/2025\\\/08\\\/13\\\/unaj-se-cumple-la-3ra-jornada-de-reclamo-por-financiamiento-y-salarios-dignos\\\/\"},\"author\":{\"name\":\"Hern\u00e1n L\u00f3pez\",\"@id\":\"https:\\\/\\\/diarioprincipios.com\\\/#\\\/schema\\\/person\\\/436d5a1fd41a5e250e23ff5a6a7cb080\"},\"headline\":\"UNAJ: Se cumple la 3ra jornada de reclamo por financiamiento y salarios dignos\",\"datePublished\":\"2025-08-13T15:11:15+00:00\",\"mainEntityOfPage\":{\"@id\":\"https:\\\/\\\/diarioprincipios.com\\\/index.php\\\/2025\\\/08\\\/13\\\/unaj-se-cumple-la-3ra-jornada-de-reclamo-por-financiamiento-y-salarios-dignos\\\/\"},\"wordCount\":279,\"commentCount\":0,\"publisher\":{\"@id\":\"https:\\\/\\\/diarioprincipios.com\\\/#organization\"},\"image\":{\"@id\":\"https:\\\/\\\/diarioprincipios.com\\\/index.php\\\/2025\\\/08\\\/13\\\/unaj-se-cumple-la-3ra-jornada-de-reclamo-por-financiamiento-y-salarios-dignos\\\/#primaryimage\"},\"thumbnailUrl\":\"https:\\\/\\\/diarioprincipios.com\\\/wp-content\\\/uploads\\\/2025\\\/08\\\/IMG-20250813-WA0021.jpg\",\"articleSection\":[\"Cultura y Educaci\u00f3n\",\"Gremiales\"],\"inLanguage\":\"es\",\"potentialAction\":[{\"@type\":\"CommentAction\",\"name\":\"Comment\",\"target\":[\"https:\\\/\\\/diarioprincipios.com\\\/index.php\\\/2025\\\/08\\\/13\\\/unaj-se-cumple-la-3ra-jornada-de-reclamo-por-financiamiento-y-salarios-dignos\\\/#respond\"]}]},{\"@type\":\"WebPage\",\"@id\":\"https:\\\/\\\/diarioprincipios.com\\\/index.php\\\/2025\\\/08\\\/13\\\/unaj-se-cumple-la-3ra-jornada-de-reclamo-por-financiamiento-y-salarios-dignos\\\/\",\"url\":\"https:\\\/\\\/diarioprincipios.com\\\/index.php\\\/2025\\\/08\\\/13\\\/unaj-se-cumple-la-3ra-jornada-de-reclamo-por-financiamiento-y-salarios-dignos\\\/\",\"name\":\"UNAJ: Se cumple la 3ra jornada de reclamo por financiamiento y salarios dignos - Principios\",\"isPartOf\":{\"@id\":\"https:\\\/\\\/diarioprincipios.com\\\/#website\"},\"primaryImageOfPage\":{\"@id\":\"https:\\\/\\\/diarioprincipios.com\\\/index.php\\\/2025\\\/08\\\/13\\\/unaj-se-cumple-la-3ra-jornada-de-reclamo-por-financiamiento-y-salarios-dignos\\\/#primaryimage\"},\"image\":{\"@id\":\"https:\\\/\\\/diarioprincipios.com\\\/index.php\\\/2025\\\/08\\\/13\\\/unaj-se-cumple-la-3ra-jornada-de-reclamo-por-financiamiento-y-salarios-dignos\\\/#primaryimage\"},\"thumbnailUrl\":\"https:\\\/\\\/diarioprincipios.com\\\/wp-content\\\/uploads\\\/2025\\\/08\\\/IMG-20250813-WA0021.jpg\",\"datePublished\":\"2025-08-13T15:11:15+00:00\",\"breadcrumb\":{\"@id\":\"https:\\\/\\\/diarioprincipios.com\\\/index.php\\\/2025\\\/08\\\/13\\\/unaj-se-cumple-la-3ra-jornada-de-reclamo-por-financiamiento-y-salarios-dignos\\\/#breadcrumb\"},\"inLanguage\":\"es\",\"potentialAction\":[{\"@type\":\"ReadAction\",\"target\":[\"https:\\\/\\\/diarioprincipios.com\\\/index.php\\\/2025\\\/08\\\/13\\\/unaj-se-cumple-la-3ra-jornada-de-reclamo-por-financiamiento-y-salarios-dignos\\\/\"]}]},{\"@type\":\"ImageObject\",\"inLanguage\":\"es\",\"@id\":\"https:\\\/\\\/diarioprincipios.com\\\/index.php\\\/2025\\\/08\\\/13\\\/unaj-se-cumple-la-3ra-jornada-de-reclamo-por-financiamiento-y-salarios-dignos\\\/#primaryimage\",\"url\":\"https:\\\/\\\/diarioprincipios.com\\\/wp-content\\\/uploads\\\/2025\\\/08\\\/IMG-20250813-WA0021.jpg\",\"contentUrl\":\"https:\\\/\\\/diarioprincipios.com\\\/wp-content\\\/uploads\\\/2025\\\/08\\\/IMG-20250813-WA0021.jpg\",\"width\":1573,\"height\":951},{\"@type\":\"BreadcrumbList\",\"@id\":\"https:\\\/\\\/diarioprincipios.com\\\/index.php\\\/2025\\\/08\\\/13\\\/unaj-se-cumple-la-3ra-jornada-de-reclamo-por-financiamiento-y-salarios-dignos\\\/#breadcrumb\",\"itemListElement\":[{\"@type\":\"ListItem\",\"position\":1,\"name\":\"Portada\",\"item\":\"https:\\\/\\\/diarioprincipios.com\\\/\"},{\"@type\":\"ListItem\",\"position\":2,\"name\":\"UNAJ: Se cumple la 3ra jornada de reclamo por financiamiento y salarios dignos\"}]},{\"@type\":\"WebSite\",\"@id\":\"https:\\\/\\\/diarioprincipios.com\\\/#website\",\"url\":\"https:\\\/\\\/diarioprincipios.com\\\/\",\"name\":\"Principios\",\"description\":\"Principios Diario\",\"publisher\":{\"@id\":\"https:\\\/\\\/diarioprincipios.com\\\/#organization\"},\"potentialAction\":[{\"@type\":\"SearchAction\",\"target\":{\"@type\":\"EntryPoint\",\"urlTemplate\":\"https:\\\/\\\/diarioprincipios.com\\\/?s={search_term_string}\"},\"query-input\":{\"@type\":\"PropertyValueSpecification\",\"valueRequired\":true,\"valueName\":\"search_term_string\"}}],\"inLanguage\":\"es\"},{\"@type\":\"Organization\",\"@id\":\"https:\\\/\\\/diarioprincipios.com\\\/#organization\",\"name\":\"Principios\",\"url\":\"https:\\\/\\\/diarioprincipios.com\\\/\",\"logo\":{\"@type\":\"ImageObject\",\"inLanguage\":\"es\",\"@id\":\"https:\\\/\\\/diarioprincipios.com\\\/#\\\/schema\\\/logo\\\/image\\\/\",\"url\":\"https:\\\/\\\/diarioprincipios.com\\\/wp-content\\\/uploads\\\/2024\\\/04\\\/cropped-www.diarioprincipios.com_-1.png\",\"contentUrl\":\"https:\\\/\\\/diarioprincipios.com\\\/wp-content\\\/uploads\\\/2024\\\/04\\\/cropped-www.diarioprincipios.com_-1.png\",\"width\":5325,\"height\":1454,\"caption\":\"Principios\"},\"image\":{\"@id\":\"https:\\\/\\\/diarioprincipios.com\\\/#\\\/schema\\\/logo\\\/image\\\/\"}},{\"@type\":\"Person\",\"@id\":\"https:\\\/\\\/diarioprincipios.com\\\/#\\\/schema\\\/person\\\/436d5a1fd41a5e250e23ff5a6a7cb080\",\"name\":\"Hern\u00e1n L\u00f3pez\",\"image\":{\"@type\":\"ImageObject\",\"inLanguage\":\"es\",\"@id\":\"https:\\\/\\\/diarioprincipios.com\\\/wp-content\\\/litespeed\\\/avatar\\\/11ddfe5610ff3bd100522525b2571f48.jpg?ver=1777653193\",\"url\":\"https:\\\/\\\/diarioprincipios.com\\\/wp-content\\\/litespeed\\\/avatar\\\/11ddfe5610ff3bd100522525b2571f48.jpg?ver=1777653193\",\"contentUrl\":\"https:\\\/\\\/diarioprincipios.com\\\/wp-content\\\/litespeed\\\/avatar\\\/11ddfe5610ff3bd100522525b2571f48.jpg?ver=1777653193\",\"caption\":\"Hern\u00e1n L\u00f3pez\"},\"url\":\"https:\\\/\\\/diarioprincipios.com\\\/index.php\\\/author\\\/hernan\\\/\"}]}<\/script>\n<!-- \/ Yoast SEO plugin. -->","yoast_head_json":{"title":"UNAJ: Se cumple la 3ra jornada de reclamo por financiamiento y salarios dignos - Principios","robots":{"index":"index","follow":"follow","max-snippet":"max-snippet:-1","max-image-preview":"max-image-preview:large","max-video-preview":"max-video-preview:-1"},"canonical":"https:\/\/diarioprincipios.com\/index.php\/2025\/08\/13\/unaj-se-cumple-la-3ra-jornada-de-reclamo-por-financiamiento-y-salarios-dignos\/","og_locale":"es_ES","og_type":"article","og_title":"UNAJ: Se cumple la 3ra jornada de reclamo por financiamiento y salarios dignos - Principios","og_description":"La Universidad Nacional Arturo Jauretche (UNAJ) no inici\u00f3 el segundo cuatrimestre y lleva adelante una semana completa de paro en el marco del plan de lucha articulado con universidades nacionales de todo el pa\u00eds.Con un fuerte respaldo a la medida la universidad se mantuvo vac\u00eda, la docencia universitaria de la UNAJ expresa con contundencia que...","og_url":"https:\/\/diarioprincipios.com\/index.php\/2025\/08\/13\/unaj-se-cumple-la-3ra-jornada-de-reclamo-por-financiamiento-y-salarios-dignos\/","og_site_name":"Principios","article_published_time":"2025-08-13T15:11:15+00:00","og_image":[{"width":1573,"height":951,"url":"https:\/\/diarioprincipios.com\/wp-content\/uploads\/2025\/08\/IMG-20250813-WA0021.jpg","type":"image\/jpeg"}],"author":"Hern\u00e1n L\u00f3pez","twitter_card":"summary_large_image","twitter_misc":{"Escrito por":"Hern\u00e1n L\u00f3pez","Tiempo de lectura":"2 minutos"},"schema":{"@context":"https:\/\/schema.org","@graph":[{"@type":"Article","@id":"https:\/\/diarioprincipios.com\/index.php\/2025\/08\/13\/unaj-se-cumple-la-3ra-jornada-de-reclamo-por-financiamiento-y-salarios-dignos\/#article","isPartOf":{"@id":"https:\/\/diarioprincipios.com\/index.php\/2025\/08\/13\/unaj-se-cumple-la-3ra-jornada-de-reclamo-por-financiamiento-y-salarios-dignos\/"},"author":{"name":"Hern\u00e1n L\u00f3pez","@id":"https:\/\/diarioprincipios.com\/#\/schema\/person\/436d5a1fd41a5e250e23ff5a6a7cb080"},"headline":"UNAJ: Se cumple la 3ra jornada de reclamo por financiamiento y salarios dignos","datePublished":"2025-08-13T15:11:15+00:00","mainEntityOfPage":{"@id":"https:\/\/diarioprincipios.com\/index.php\/2025\/08\/13\/unaj-se-cumple-la-3ra-jornada-de-reclamo-por-financiamiento-y-salarios-dignos\/"},"wordCount":279,"commentCount":0,"publisher":{"@id":"https:\/\/diarioprincipios.com\/#organization"},"image":{"@id":"https:\/\/diarioprincipios.com\/index.php\/2025\/08\/13\/unaj-se-cumple-la-3ra-jornada-de-reclamo-por-financiamiento-y-salarios-dignos\/#primaryimage"},"thumbnailUrl":"https:\/\/diarioprincipios.com\/wp-content\/uploads\/2025\/08\/IMG-20250813-WA0021.jpg","articleSection":["Cultura y Educaci\u00f3n","Gremiales"],"inLanguage":"es","potentialAction":[{"@type":"CommentAction","name":"Comment","target":["https:\/\/diarioprincipios.com\/index.php\/2025\/08\/13\/unaj-se-cumple-la-3ra-jornada-de-reclamo-por-financiamiento-y-salarios-dignos\/#respond"]}]},{"@type":"WebPage","@id":"https:\/\/diarioprincipios.com\/index.php\/2025\/08\/13\/unaj-se-cumple-la-3ra-jornada-de-reclamo-por-financiamiento-y-salarios-dignos\/","url":"https:\/\/diarioprincipios.com\/index.php\/2025\/08\/13\/unaj-se-cumple-la-3ra-jornada-de-reclamo-por-financiamiento-y-salarios-dignos\/","name":"UNAJ: Se cumple la 3ra jornada de reclamo por financiamiento y salarios dignos - Principios","isPartOf":{"@id":"https:\/\/diarioprincipios.com\/#website"},"primaryImageOfPage":{"@id":"https:\/\/diarioprincipios.com\/index.php\/2025\/08\/13\/unaj-se-cumple-la-3ra-jornada-de-reclamo-por-financiamiento-y-salarios-dignos\/#primaryimage"},"image":{"@id":"https:\/\/diarioprincipios.com\/index.php\/2025\/08\/13\/unaj-se-cumple-la-3ra-jornada-de-reclamo-por-financiamiento-y-salarios-dignos\/#primaryimage"},"thumbnailUrl":"https:\/\/diarioprincipios.com\/wp-content\/uploads\/2025\/08\/IMG-20250813-WA0021.jpg","datePublished":"2025-08-13T15:11:15+00:00","breadcrumb":{"@id":"https:\/\/diarioprincipios.com\/index.php\/2025\/08\/13\/unaj-se-cumple-la-3ra-jornada-de-reclamo-por-financiamiento-y-salarios-dignos\/#breadcrumb"},"inLanguage":"es","potentialAction":[{"@type":"ReadAction","target":["https:\/\/diarioprincipios.com\/index.php\/2025\/08\/13\/unaj-se-cumple-la-3ra-jornada-de-reclamo-por-financiamiento-y-salarios-dignos\/"]}]},{"@type":"ImageObject","inLanguage":"es","@id":"https:\/\/diarioprincipios.com\/index.php\/2025\/08\/13\/unaj-se-cumple-la-3ra-jornada-de-reclamo-por-financiamiento-y-salarios-dignos\/#primaryimage","url":"https:\/\/diarioprincipios.com\/wp-content\/uploads\/2025\/08\/IMG-20250813-WA0021.jpg","contentUrl":"https:\/\/diarioprincipios.com\/wp-content\/uploads\/2025\/08\/IMG-20250813-WA0021.jpg","width":1573,"height":951},{"@type":"BreadcrumbList","@id":"https:\/\/diarioprincipios.com\/index.php\/2025\/08\/13\/unaj-se-cumple-la-3ra-jornada-de-reclamo-por-financiamiento-y-salarios-dignos\/#breadcrumb","itemListElement":[{"@type":"ListItem","position":1,"name":"Portada","item":"https:\/\/diarioprincipios.com\/"},{"@type":"ListItem","position":2,"name":"UNAJ: Se cumple la 3ra jornada de reclamo por financiamiento y salarios dignos"}]},{"@type":"WebSite","@id":"https:\/\/diarioprincipios.com\/#website","url":"https:\/\/diarioprincipios.com\/","name":"Principios","description":"Principios Diario","publisher":{"@id":"https:\/\/diarioprincipios.com\/#organization"},"potentialAction":[{"@type":"SearchAction","target":{"@type":"EntryPoint","urlTemplate":"https:\/\/diarioprincipios.com\/?s={search_term_string}"},"query-input":{"@type":"PropertyValueSpecification","valueRequired":true,"valueName":"search_term_string"}}],"inLanguage":"es"},{"@type":"Organization","@id":"https:\/\/diarioprincipios.com\/#organization","name":"Principios","url":"https:\/\/diarioprincipios.com\/","logo":{"@type":"ImageObject","inLanguage":"es","@id":"https:\/\/diarioprincipios.com\/#\/schema\/logo\/image\/","url":"https:\/\/diarioprincipios.com\/wp-content\/uploads\/2024\/04\/cropped-www.diarioprincipios.com_-1.png","contentUrl":"https:\/\/diarioprincipios.com\/wp-content\/uploads\/2024\/04\/cropped-www.diarioprincipios.com_-1.png","width":5325,"height":1454,"caption":"Principios"},"image":{"@id":"https:\/\/diarioprincipios.com\/#\/schema\/logo\/image\/"}},{"@type":"Person","@id":"https:\/\/diarioprincipios.com\/#\/schema\/person\/436d5a1fd41a5e250e23ff5a6a7cb080","name":"Hern\u00e1n L\u00f3pez","image":{"@type":"ImageObject","inLanguage":"es","@id":"https:\/\/diarioprincipios.com\/wp-content\/litespeed\/avatar\/11ddfe5610ff3bd100522525b2571f48.jpg?ver=1777653193","url":"https:\/\/diarioprincipios.com\/wp-content\/litespeed\/avatar\/11ddfe5610ff3bd100522525b2571f48.jpg?ver=1777653193","contentUrl":"https:\/\/diarioprincipios.com\/wp-content\/litespeed\/avatar\/11ddfe5610ff3bd100522525b2571f48.jpg?ver=1777653193","caption":"Hern\u00e1n L\u00f3pez"},"url":"https:\/\/diarioprincipios.com\/index.php\/author\/hernan\/"}]}},"jetpack_featured_media_url":"https:\/\/diarioprincipios.com\/wp-content\/uploads\/2025\/08\/IMG-20250813-WA0021.jpg","_links":{"self":[{"href":"https:\/\/diarioprincipios.com\/index.php\/wp-json\/wp\/v2\/posts\/25197","targetHints":{"allow":["GET"]}}],"collection":[{"href":"https:\/\/diarioprincipios.com\/index.php\/wp-json\/wp\/v2\/posts"}],"about":[{"href":"https:\/\/diarioprincipios.com\/index.php\/wp-json\/wp\/v2\/types\/post"}],"author":[{"embeddable":true,"href":"https:\/\/diarioprincipios.com\/index.php\/wp-json\/wp\/v2\/users\/2"}],"replies":[{"embeddable":true,"href":"https:\/\/diarioprincipios.com\/index.php\/wp-json\/wp\/v2\/comments?post=25197"}],"version-history":[{"count":1,"href":"https:\/\/diarioprincipios.com\/index.php\/wp-json\/wp\/v2\/posts\/25197\/revisions"}],"predecessor-version":[{"id":25200,"href":"https:\/\/diarioprincipios.com\/index.php\/wp-json\/wp\/v2\/posts\/25197\/revisions\/25200"}],"wp:featuredmedia":[{"embeddable":true,"href":"https:\/\/diarioprincipios.com\/index.php\/wp-json\/wp\/v2\/media\/25199"}],"wp:attachment":[{"href":"https:\/\/diarioprincipios.com\/index.php\/wp-json\/wp\/v2\/media?parent=25197"}],"wp:term":[{"taxonomy":"category","embeddable":true,"href":"https:\/\/diarioprincipios.com\/index.php\/wp-json\/wp\/v2\/categories?post=25197"},{"taxonomy":"post_tag","embeddable":true,"href":"https:\/\/diarioprincipios.com\/index.php\/wp-json\/wp\/v2\/tags?post=25197"}],"curies":[{"name":"wp","href":"https:\/\/api.w.org\/{rel}","templated":true}]}}